{"id":7171,"date":"2017-05-12T17:32:17","date_gmt":"2017-05-12T15:32:17","guid":{"rendered":"https:\/\/www.lactissima.com\/a-tire-d-ailes\/?p=7171"},"modified":"2017-05-12T17:32:17","modified_gmt":"2017-05-12T15:32:17","slug":"allaiter-travailler-temoignage-de-natalia","status":"publish","type":"post","link":"https:\/\/www.lactissima.com\/a-tire-d-ailes\/allaiter-travailler-temoignage-de-natalia\/","title":{"rendered":"Allaiter et travailler : le t\u00e9moignage de Natalia"},"content":{"rendered":"<p style=\"text-align: justify;\"><img loading=\"lazy\" decoding=\"async\" class=\"alignright size-full wp-image-7172\" src=\"https:\/\/www.lactissima.com\/a-tire-d-ailes\/wp-content\/uploads\/2017\/05\/natalia.jpeg\" alt=\"allaiter et travailler\" width=\"296\" height=\"394\" srcset=\"https:\/\/www.lactissima.com\/a-tire-d-ailes\/wp-content\/uploads\/2017\/05\/natalia.jpeg 296w, https:\/\/www.lactissima.com\/a-tire-d-ailes\/wp-content\/uploads\/2017\/05\/natalia-225x300.jpeg 225w\" sizes=\"(max-width: 296px) 100vw, 296px\" \/>Je suis Natalia, j\u2019ai 30 ans. J\u2019ai accouch\u00e9 de Valentina le lundi 9 Mai 2016 \u00e0 1h26 \u00e0 la maternit\u00e9 de Longjumeau (91 \u2013 Essonne). Je n\u2019ai pas su mettre ma fille au sein correctement, elle ne prenait pas bien vu mes mamelons tr\u00e8s plats et je suis donc sortie de la salle d\u2019accouchement avec un bout de silicone pr\u00eat\u00e9 par l\u2019assistante de pu\u00e9riculture. Vu que Valentina prenait bien ainsi, j\u2019ai demand\u00e9 \u00e0 mon mari d\u2019en acheter afin de rendre celui que j\u2019utilisais.<\/p>\n<p style=\"text-align: justify;\">A cause d\u2019une trop grande \u00e9pisiotomie, je ne pouvais pas allaiter Valentina assise. L\u2019allaitement se passait allong\u00e9, et il n\u2019y avait pas de probl\u00e8me pour que Valentina se nourrisse. J\u2019ai eu ma mont\u00e9 de lait le jeudi 12 mai. Valentina prenait bien le sein, mais toujours avec l\u2019aide du bout de silicone.<\/p>\n<p style=\"text-align: justify;\">Valentina \u00e9t\u00e9 mise au sein \u00e0 la demande, c&rsquo;est-\u00e0-dire +\/- toutes les 3 ou 4 heures. Cependant la sage-femme qui me suivait \u00e0 la maison, a commenc\u00e9 \u00e0 dire que Valentina ne prenait pas assez de poids, (+\/- 15gr par jour), et nous a conseill\u00e9 de donner un compl\u00e9ment de lait artificiel. Mon mari et moi n\u2019aillant aucune id\u00e9e du poids qui doit \u00eatre pris, avions d\u00e9cid\u00e9 de le faire.<\/p>\n<p style=\"text-align: justify;\">Je ne voulais pas du tout le lui donner, car je sentais que cela n\u2019allait pas aider ma production. J\u2019ai commenc\u00e9 \u00e0 demander de l\u2019aide autour de moi.<\/p>\n<p style=\"text-align: justify;\">Bref, ce fut compliqu\u00e9 d\u00e8s le d\u00e9part.<\/p>\n<p style=\"text-align: justify;\">J\u2019ai r\u00e9ussi \u00e0 me d\u00e9barrasser des bouts de silicone vers les 2 mois de Valentina. J\u2019avais achet\u00e9 des plus petits et avec beaucoup de pers\u00e9v\u00e9rance, je m\u2019en suis d\u00e9barrass\u00e9 !!!<\/p>\n<p style=\"text-align: justify;\">J\u2019ai repris le travail le lundi 29 ao\u00fbt, ma fille avait 3 mois et 3 semaines. La mise au sein continuait \u00e0 la demande, mais presque toutes les 4 heures.<\/p>\n<ul style=\"text-align: justify;\">\n<li><strong>Quel choix avez-vous fait au moment de la reprise du travail : sevrage ou poursuite de l\u2019allaitement ? Pourquoi ?<\/strong><\/li>\n<\/ul>\n<p style=\"text-align: justify;\">Bien entendu je voulais continuer \u00e0 allaiter.<\/p>\n<p style=\"text-align: justify;\">Mes horaires sont 7h \u2013 15h. Je me l\u00e8ve tous les matins \u00e0 5h pour partir de chez mois vers 6h.<\/p>\n<ul style=\"text-align: justify;\">\n<li><strong>Comment vous \u00eates-vous organis\u00e9e ?<\/strong><\/li>\n<\/ul>\n<p style=\"text-align: justify;\">J\u2019ai demand\u00e9 mon heure d\u2019allaitement journali\u00e8re, et j\u2019essayais du mieux que je pouvais de tirer mon lait. Au d\u00e9but aucun local n\u2019a \u00e9t\u00e9 mis \u00e0 ma disposition, j\u2019\u00e9tais oblig\u00e9 de tirer mon lait dans les wc. Apr\u00e8s j\u2019ai demand\u00e9 la clef de la salle de r\u00e9union, mais comme elle est constamment occup\u00e9e, je ne pouvais pas tirer \u00e0 l\u2019heure que je \u00ab devais \u00bb.<\/p>\n<p style=\"text-align: justify;\">Je donnais le sein vers 4h30, puis je tirais vers 8h. Je donnais \u00e0 nouveau le sein \u00e0 12h et vu que je termine \u00e0 15h, je pouvais d\u00e9j\u00e0 mettre ma fille \u00e0 nouveau au sein pour la t\u00e9t\u00e9e de 16h.<\/p>\n<ul style=\"text-align: justify;\">\n<li><strong>Quelles ont \u00e9t\u00e9 vos principales difficult\u00e9s ?<\/strong><\/li>\n<\/ul>\n<p style=\"text-align: justify;\">Tout \u00e9t\u00e9 assez bien calcul\u00e9 pour continuer \u00e0 allaiter sans probl\u00e8me. Je buvais beaucoup d\u2019eau, je m\u2019alimentais bien et sainement, et je prenais m\u00eame des tisanes d\u2019allaitement pour m\u2019aider \u00e0 la mont\u00e9 de lait. Mais la production a commenc\u00e9 \u00e0 diminuer. Au d\u00e9but je tirais +\/- 170ml , mais tr\u00e8s vite je tirais de moins en moins. De 170ml je passe \u00e0 10ml en 4 semaines\u2026 \u2026 j\u2019\u00e9tais terrifi\u00e9e et terriblement triste. Je ne satisfaisais plus ma fille. A chaque fois que je la mettais au sein, elle t\u00e9tait 2 minutes et apr\u00e8s elle hurlait. Je changeais de sein. Elle t\u00e9tait 2 minutes, puis hurlait. Je changeais \u00e0 nouveau, et \u00e0 nouveau, et \u00e0 nouveau. Je ne sentais plus les mont\u00e9es de lait\u2026 \u2026 Je donnais donc un biberon de LA\u2026<\/p>\n<p style=\"text-align: justify;\">Je pleurais tous les jours, jour et nuit. Je prenais des vitamines vendues en pharmacie, je buvais plus de 3 litres d\u2019eau par jour\u2026 \u2026 mais plus de lait !!!<\/p>\n<p style=\"text-align: justify;\">D\u00e9but octobre, ma fille ne t\u00e8te plus du tout, rien qu\u2019\u00e0 l\u2019approche du sein elle pleure. Ce fut une d\u00e9chirure beaucoup trop violante pour moi !!!<\/p>\n<ul style=\"text-align: justify;\">\n<li><strong>Qu\u2019est-ce que vous souhaiteriez dire aux mamans qui doivent faire un choix dans les semaines \u00e0 venir ?<\/strong><\/li>\n<\/ul>\n<p style=\"text-align: justify;\">Mon seul conseil : entourez vous des personnes les plus qualifi\u00e9es, et faites vous confiance !!!<\/p>\n<p style=\"text-align: justify;\">Je vous ai d\u00e9couverte, gr\u00e2ce \u00e0 ma kin\u00e9, mais il \u00e9t\u00e9 d\u00e9j\u00e0 beaucoup trop tard.<\/p>\n<p style=\"text-align: justify;\">Une chose est s\u00fbre, la prochaine fois, je n\u2019\u00e9couterais que mon c\u0153ur, et je prendrai contact avec vous d\u00e8s que la moindre difficult\u00e9 se pr\u00e9sente \u00e0 moi.<\/p>\n<p style=\"text-align: justify;\">Malgr\u00e9 tout, mes meilleurs moments sont sans doute lors que ma fille s&rsquo;endormait paisiblement encore au sein.<\/p>\n<p style=\"text-align: justify;\">\n<p><strong>Articles en rapport :<\/strong><\/p>\n<ul>\n<li>Voir l\u2019onglet <a href=\"https:\/\/www.lactissima.com\/a-tire-d-ailes\/temoignages-travail-et-allaitement\/\" target=\"_blank\" rel=\"noopener noreferrer\">t\u00e9moignages<\/a><\/li>\n<\/ul>\n<p>&nbsp;<\/p>\n<div class='et-box et-shadow'>\n\t\t\t\t\t<div class='et-box-content'>Lire des articles ou poser des questions en commentaire ne suffit pas \u00e0 r\u00e9soudre votre probl\u00e8me ?\nSavez-vous que vous pouvez prendre RDV pour une consultation avec moi ?\nN&rsquo;h\u00e9sitez pas \u00e0 me contacter !<\/div><\/div>\n","protected":false},"excerpt":{"rendered":"<p>Je suis Natalia, j\u2019ai 30 ans. J\u2019ai accouch\u00e9 de Valentina le lundi 9 Mai 2016 \u00e0 1h26 \u00e0 la maternit\u00e9 de Longjumeau (91 \u2013 Essonne). Je n\u2019ai pas su mettre ma fille au sein correctement, elle ne prenait pas bien vu mes mamelons tr\u00e8s plats et je suis donc sortie de la salle d\u2019accouchement avec [&hellip;]<\/p>\n","protected":false},"author":170,"featured_media":7172,"comment_status":"open","ping_status":"open","sticky":false,"template":"","format":"standard","meta":{"_et_pb_use_builder":"","_et_pb_old_content":"","_et_gb_content_width":"","footnotes":""},"categories":[150],"tags":[],"class_list":["post-7171","post","type-post","status-publish","format-standard","has-post-thumbnail","hentry","category-temoignages"],"yoast_head":"<!-- This site is optimized with the Yoast SEO plugin v27.4 - https:\/\/yoast.com\/product\/yoast-seo-wordpress\/ -->\n<title>Allaiter et travailler : le t\u00e9moignage de Natalia<\/title>\n<meta name=\"description\" content=\"La lactation de Natalia s&#039;est effondr\u00e9e \u00e0 la reprise du travail et le sevrage a \u00e9t\u00e9 tr\u00e8s douloureux !\" \/>\n<meta name=\"robots\" content=\"index, follow, max-snippet:-1, max-image-preview:large, max-video-preview:-1\" \/>\n<link rel=\"canonical\" href=\"https:\/\/www.lactissima.com\/a-tire-d-ailes\/allaiter-travailler-temoignage-de-natalia\/\" \/>\n<meta property=\"og:locale\" content=\"fr_FR\" \/>\n<meta property=\"og:type\" content=\"article\" \/>\n<meta property=\"og:title\" content=\"Allaiter et travailler : le t\u00e9moignage de Natalia\" \/>\n<meta property=\"og:description\" content=\"La lactation de Natalia s&#039;est effondr\u00e9e \u00e0 la reprise du travail et le sevrage a \u00e9t\u00e9 tr\u00e8s douloureux !\" \/>\n<meta property=\"og:url\" content=\"https:\/\/www.lactissima.com\/a-tire-d-ailes\/allaiter-travailler-temoignage-de-natalia\/\" \/>\n<meta property=\"og:site_name\" content=\"A tire d&#039;Ailes\" \/>\n<meta property=\"article:publisher\" content=\"https:\/\/www.facebook.com\/consultante.en.lactation\" \/>\n<meta property=\"article:author\" content=\"www.facebook.com\/consultante.en.lactation\" \/>\n<meta property=\"article:published_time\" content=\"2017-05-12T15:32:17+00:00\" \/>\n<meta property=\"og:image\" content=\"https:\/\/www.lactissima.com\/a-tire-d-ailes\/wp-content\/uploads\/2017\/05\/natalia.jpeg\" \/>\n\t<meta property=\"og:image:width\" content=\"296\" \/>\n\t<meta property=\"og:image:height\" content=\"394\" \/>\n\t<meta property=\"og:image:type\" content=\"image\/jpeg\" \/>\n<meta name=\"author\" content=\"V\u00e9ronique Darmangeat\" \/>\n<meta name=\"twitter:card\" content=\"summary_large_image\" \/>\n<meta name=\"twitter:creator\" content=\"@VeroniqueIBCLC\" \/>\n<meta name=\"twitter:site\" content=\"@VeroniqueIBCLC\" \/>\n<meta name=\"twitter:label1\" content=\"\u00c9crit par\" \/>\n\t<meta name=\"twitter:data1\" content=\"V\u00e9ronique Darmangeat\" \/>\n\t<meta name=\"twitter:label2\" content=\"Dur\u00e9e de lecture estim\u00e9e\" \/>\n\t<meta name=\"twitter:data2\" content=\"4 minutes\" \/>\n<script type=\"application\/ld+json\" class=\"yoast-schema-graph\">{\"@context\":\"https:\\\/\\\/schema.org\",\"@graph\":[{\"@type\":\"Article\",\"@id\":\"https:\\\/\\\/www.lactissima.com\\\/a-tire-d-ailes\\\/allaiter-travailler-temoignage-de-natalia\\\/#article\",\"isPartOf\":{\"@id\":\"https:\\\/\\\/www.lactissima.com\\\/a-tire-d-ailes\\\/allaiter-travailler-temoignage-de-natalia\\\/\"},\"author\":{\"name\":\"V\u00e9ronique Darmangeat\",\"@id\":\"https:\\\/\\\/www.lactissima.com\\\/a-tire-d-ailes\\\/#\\\/schema\\\/person\\\/8f98d3a89530861bc1240e6d53d44eed\"},\"headline\":\"Allaiter et travailler : le t\u00e9moignage de Natalia\",\"datePublished\":\"2017-05-12T15:32:17+00:00\",\"mainEntityOfPage\":{\"@id\":\"https:\\\/\\\/www.lactissima.com\\\/a-tire-d-ailes\\\/allaiter-travailler-temoignage-de-natalia\\\/\"},\"wordCount\":823,\"commentCount\":5,\"image\":{\"@id\":\"https:\\\/\\\/www.lactissima.com\\\/a-tire-d-ailes\\\/allaiter-travailler-temoignage-de-natalia\\\/#primaryimage\"},\"thumbnailUrl\":\"https:\\\/\\\/www.lactissima.com\\\/a-tire-d-ailes\\\/wp-content\\\/uploads\\\/2017\\\/05\\\/natalia.jpeg\",\"articleSection\":[\"t\u00e9moignages\"],\"inLanguage\":\"fr-FR\",\"potentialAction\":[{\"@type\":\"CommentAction\",\"name\":\"Comment\",\"target\":[\"https:\\\/\\\/www.lactissima.com\\\/a-tire-d-ailes\\\/allaiter-travailler-temoignage-de-natalia\\\/#respond\"]}]},{\"@type\":\"WebPage\",\"@id\":\"https:\\\/\\\/www.lactissima.com\\\/a-tire-d-ailes\\\/allaiter-travailler-temoignage-de-natalia\\\/\",\"url\":\"https:\\\/\\\/www.lactissima.com\\\/a-tire-d-ailes\\\/allaiter-travailler-temoignage-de-natalia\\\/\",\"name\":\"Allaiter et travailler : le t\u00e9moignage de Natalia\",\"isPartOf\":{\"@id\":\"https:\\\/\\\/www.lactissima.com\\\/a-tire-d-ailes\\\/#website\"},\"primaryImageOfPage\":{\"@id\":\"https:\\\/\\\/www.lactissima.com\\\/a-tire-d-ailes\\\/allaiter-travailler-temoignage-de-natalia\\\/#primaryimage\"},\"image\":{\"@id\":\"https:\\\/\\\/www.lactissima.com\\\/a-tire-d-ailes\\\/allaiter-travailler-temoignage-de-natalia\\\/#primaryimage\"},\"thumbnailUrl\":\"https:\\\/\\\/www.lactissima.com\\\/a-tire-d-ailes\\\/wp-content\\\/uploads\\\/2017\\\/05\\\/natalia.jpeg\",\"datePublished\":\"2017-05-12T15:32:17+00:00\",\"author\":{\"@id\":\"https:\\\/\\\/www.lactissima.com\\\/a-tire-d-ailes\\\/#\\\/schema\\\/person\\\/8f98d3a89530861bc1240e6d53d44eed\"},\"description\":\"La lactation de Natalia s'est effondr\u00e9e \u00e0 la reprise du travail et le sevrage a \u00e9t\u00e9 tr\u00e8s douloureux !\",\"breadcrumb\":{\"@id\":\"https:\\\/\\\/www.lactissima.com\\\/a-tire-d-ailes\\\/allaiter-travailler-temoignage-de-natalia\\\/#breadcrumb\"},\"inLanguage\":\"fr-FR\",\"potentialAction\":[{\"@type\":\"ReadAction\",\"target\":[\"https:\\\/\\\/www.lactissima.com\\\/a-tire-d-ailes\\\/allaiter-travailler-temoignage-de-natalia\\\/\"]}]},{\"@type\":\"ImageObject\",\"inLanguage\":\"fr-FR\",\"@id\":\"https:\\\/\\\/www.lactissima.com\\\/a-tire-d-ailes\\\/allaiter-travailler-temoignage-de-natalia\\\/#primaryimage\",\"url\":\"https:\\\/\\\/www.lactissima.com\\\/a-tire-d-ailes\\\/wp-content\\\/uploads\\\/2017\\\/05\\\/natalia.jpeg\",\"contentUrl\":\"https:\\\/\\\/www.lactissima.com\\\/a-tire-d-ailes\\\/wp-content\\\/uploads\\\/2017\\\/05\\\/natalia.jpeg\",\"width\":296,\"height\":394,\"caption\":\"allaiter et travailler\"},{\"@type\":\"BreadcrumbList\",\"@id\":\"https:\\\/\\\/www.lactissima.com\\\/a-tire-d-ailes\\\/allaiter-travailler-temoignage-de-natalia\\\/#breadcrumb\",\"itemListElement\":[{\"@type\":\"ListItem\",\"position\":1,\"name\":\"Accueil\",\"item\":\"https:\\\/\\\/www.lactissima.com\\\/a-tire-d-ailes\\\/\"},{\"@type\":\"ListItem\",\"position\":2,\"name\":\"Allaiter et travailler : le t\u00e9moignage de Natalia\"}]},{\"@type\":\"WebSite\",\"@id\":\"https:\\\/\\\/www.lactissima.com\\\/a-tire-d-ailes\\\/#website\",\"url\":\"https:\\\/\\\/www.lactissima.com\\\/a-tire-d-ailes\\\/\",\"name\":\"A tire d&#039;Ailes\",\"description\":\"Le blog des femmes qui allaitent et travaillent.\",\"potentialAction\":[{\"@type\":\"SearchAction\",\"target\":{\"@type\":\"EntryPoint\",\"urlTemplate\":\"https:\\\/\\\/www.lactissima.com\\\/a-tire-d-ailes\\\/?s={search_term_string}\"},\"query-input\":{\"@type\":\"PropertyValueSpecification\",\"valueRequired\":true,\"valueName\":\"search_term_string\"}}],\"inLanguage\":\"fr-FR\"},{\"@type\":\"Person\",\"@id\":\"https:\\\/\\\/www.lactissima.com\\\/a-tire-d-ailes\\\/#\\\/schema\\\/person\\\/8f98d3a89530861bc1240e6d53d44eed\",\"name\":\"V\u00e9ronique Darmangeat\",\"image\":{\"@type\":\"ImageObject\",\"inLanguage\":\"fr-FR\",\"@id\":\"https:\\\/\\\/secure.gravatar.com\\\/avatar\\\/268c99344c89cebfe4f5df5fa8be43068a18884fc76a29f3206fae98465b9cab?s=96&d=identicon&r=g\",\"url\":\"https:\\\/\\\/secure.gravatar.com\\\/avatar\\\/268c99344c89cebfe4f5df5fa8be43068a18884fc76a29f3206fae98465b9cab?s=96&d=identicon&r=g\",\"contentUrl\":\"https:\\\/\\\/secure.gravatar.com\\\/avatar\\\/268c99344c89cebfe4f5df5fa8be43068a18884fc76a29f3206fae98465b9cab?s=96&d=identicon&r=g\",\"caption\":\"V\u00e9ronique Darmangeat\"},\"sameAs\":[\"https:\\\/\\\/www.lactissima.com\\\/a-tire-d-ailes\",\"www.facebook.com\\\/consultante.en.lactation\"]}]}<\/script>\n<!-- \/ Yoast SEO plugin. -->","yoast_head_json":{"title":"Allaiter et travailler : le t\u00e9moignage de Natalia","description":"La lactation de Natalia s'est effondr\u00e9e \u00e0 la reprise du travail et le sevrage a \u00e9t\u00e9 tr\u00e8s douloureux !","robots":{"index":"index","follow":"follow","max-snippet":"max-snippet:-1","max-image-preview":"max-image-preview:large","max-video-preview":"max-video-preview:-1"},"canonical":"https:\/\/www.lactissima.com\/a-tire-d-ailes\/allaiter-travailler-temoignage-de-natalia\/","og_locale":"fr_FR","og_type":"article","og_title":"Allaiter et travailler : le t\u00e9moignage de Natalia","og_description":"La lactation de Natalia s'est effondr\u00e9e \u00e0 la reprise du travail et le sevrage a \u00e9t\u00e9 tr\u00e8s douloureux !","og_url":"https:\/\/www.lactissima.com\/a-tire-d-ailes\/allaiter-travailler-temoignage-de-natalia\/","og_site_name":"A tire d&#039;Ailes","article_publisher":"https:\/\/www.facebook.com\/consultante.en.lactation","article_author":"www.facebook.com\/consultante.en.lactation","article_published_time":"2017-05-12T15:32:17+00:00","og_image":[{"width":296,"height":394,"url":"https:\/\/www.lactissima.com\/a-tire-d-ailes\/wp-content\/uploads\/2017\/05\/natalia.jpeg","type":"image\/jpeg"}],"author":"V\u00e9ronique Darmangeat","twitter_card":"summary_large_image","twitter_creator":"@VeroniqueIBCLC","twitter_site":"@VeroniqueIBCLC","twitter_misc":{"\u00c9crit par":"V\u00e9ronique Darmangeat","Dur\u00e9e de lecture estim\u00e9e":"4 minutes"},"schema":{"@context":"https:\/\/schema.org","@graph":[{"@type":"Article","@id":"https:\/\/www.lactissima.com\/a-tire-d-ailes\/allaiter-travailler-temoignage-de-natalia\/#article","isPartOf":{"@id":"https:\/\/www.lactissima.com\/a-tire-d-ailes\/allaiter-travailler-temoignage-de-natalia\/"},"author":{"name":"V\u00e9ronique Darmangeat","@id":"https:\/\/www.lactissima.com\/a-tire-d-ailes\/#\/schema\/person\/8f98d3a89530861bc1240e6d53d44eed"},"headline":"Allaiter et travailler : le t\u00e9moignage de Natalia","datePublished":"2017-05-12T15:32:17+00:00","mainEntityOfPage":{"@id":"https:\/\/www.lactissima.com\/a-tire-d-ailes\/allaiter-travailler-temoignage-de-natalia\/"},"wordCount":823,"commentCount":5,"image":{"@id":"https:\/\/www.lactissima.com\/a-tire-d-ailes\/allaiter-travailler-temoignage-de-natalia\/#primaryimage"},"thumbnailUrl":"https:\/\/www.lactissima.com\/a-tire-d-ailes\/wp-content\/uploads\/2017\/05\/natalia.jpeg","articleSection":["t\u00e9moignages"],"inLanguage":"fr-FR","potentialAction":[{"@type":"CommentAction","name":"Comment","target":["https:\/\/www.lactissima.com\/a-tire-d-ailes\/allaiter-travailler-temoignage-de-natalia\/#respond"]}]},{"@type":"WebPage","@id":"https:\/\/www.lactissima.com\/a-tire-d-ailes\/allaiter-travailler-temoignage-de-natalia\/","url":"https:\/\/www.lactissima.com\/a-tire-d-ailes\/allaiter-travailler-temoignage-de-natalia\/","name":"Allaiter et travailler : le t\u00e9moignage de Natalia","isPartOf":{"@id":"https:\/\/www.lactissima.com\/a-tire-d-ailes\/#website"},"primaryImageOfPage":{"@id":"https:\/\/www.lactissima.com\/a-tire-d-ailes\/allaiter-travailler-temoignage-de-natalia\/#primaryimage"},"image":{"@id":"https:\/\/www.lactissima.com\/a-tire-d-ailes\/allaiter-travailler-temoignage-de-natalia\/#primaryimage"},"thumbnailUrl":"https:\/\/www.lactissima.com\/a-tire-d-ailes\/wp-content\/uploads\/2017\/05\/natalia.jpeg","datePublished":"2017-05-12T15:32:17+00:00","author":{"@id":"https:\/\/www.lactissima.com\/a-tire-d-ailes\/#\/schema\/person\/8f98d3a89530861bc1240e6d53d44eed"},"description":"La lactation de Natalia s'est effondr\u00e9e \u00e0 la reprise du travail et le sevrage a \u00e9t\u00e9 tr\u00e8s douloureux !","breadcrumb":{"@id":"https:\/\/www.lactissima.com\/a-tire-d-ailes\/allaiter-travailler-temoignage-de-natalia\/#breadcrumb"},"inLanguage":"fr-FR","potentialAction":[{"@type":"ReadAction","target":["https:\/\/www.lactissima.com\/a-tire-d-ailes\/allaiter-travailler-temoignage-de-natalia\/"]}]},{"@type":"ImageObject","inLanguage":"fr-FR","@id":"https:\/\/www.lactissima.com\/a-tire-d-ailes\/allaiter-travailler-temoignage-de-natalia\/#primaryimage","url":"https:\/\/www.lactissima.com\/a-tire-d-ailes\/wp-content\/uploads\/2017\/05\/natalia.jpeg","contentUrl":"https:\/\/www.lactissima.com\/a-tire-d-ailes\/wp-content\/uploads\/2017\/05\/natalia.jpeg","width":296,"height":394,"caption":"allaiter et travailler"},{"@type":"BreadcrumbList","@id":"https:\/\/www.lactissima.com\/a-tire-d-ailes\/allaiter-travailler-temoignage-de-natalia\/#breadcrumb","itemListElement":[{"@type":"ListItem","position":1,"name":"Accueil","item":"https:\/\/www.lactissima.com\/a-tire-d-ailes\/"},{"@type":"ListItem","position":2,"name":"Allaiter et travailler : le t\u00e9moignage de Natalia"}]},{"@type":"WebSite","@id":"https:\/\/www.lactissima.com\/a-tire-d-ailes\/#website","url":"https:\/\/www.lactissima.com\/a-tire-d-ailes\/","name":"A tire d&#039;Ailes","description":"Le blog des femmes qui allaitent et travaillent.","potentialAction":[{"@type":"SearchAction","target":{"@type":"EntryPoint","urlTemplate":"https:\/\/www.lactissima.com\/a-tire-d-ailes\/?s={search_term_string}"},"query-input":{"@type":"PropertyValueSpecification","valueRequired":true,"valueName":"search_term_string"}}],"inLanguage":"fr-FR"},{"@type":"Person","@id":"https:\/\/www.lactissima.com\/a-tire-d-ailes\/#\/schema\/person\/8f98d3a89530861bc1240e6d53d44eed","name":"V\u00e9ronique Darmangeat","image":{"@type":"ImageObject","inLanguage":"fr-FR","@id":"https:\/\/secure.gravatar.com\/avatar\/268c99344c89cebfe4f5df5fa8be43068a18884fc76a29f3206fae98465b9cab?s=96&d=identicon&r=g","url":"https:\/\/secure.gravatar.com\/avatar\/268c99344c89cebfe4f5df5fa8be43068a18884fc76a29f3206fae98465b9cab?s=96&d=identicon&r=g","contentUrl":"https:\/\/secure.gravatar.com\/avatar\/268c99344c89cebfe4f5df5fa8be43068a18884fc76a29f3206fae98465b9cab?s=96&d=identicon&r=g","caption":"V\u00e9ronique Darmangeat"},"sameAs":["https:\/\/www.lactissima.com\/a-tire-d-ailes","www.facebook.com\/consultante.en.lactation"]}]}},"_links":{"self":[{"href":"https:\/\/www.lactissima.com\/a-tire-d-ailes\/wp-json\/wp\/v2\/posts\/7171","targetHints":{"allow":["GET"]}}],"collection":[{"href":"https:\/\/www.lactissima.com\/a-tire-d-ailes\/wp-json\/wp\/v2\/posts"}],"about":[{"href":"https:\/\/www.lactissima.com\/a-tire-d-ailes\/wp-json\/wp\/v2\/types\/post"}],"author":[{"embeddable":true,"href":"https:\/\/www.lactissima.com\/a-tire-d-ailes\/wp-json\/wp\/v2\/users\/170"}],"replies":[{"embeddable":true,"href":"https:\/\/www.lactissima.com\/a-tire-d-ailes\/wp-json\/wp\/v2\/comments?post=7171"}],"version-history":[{"count":2,"href":"https:\/\/www.lactissima.com\/a-tire-d-ailes\/wp-json\/wp\/v2\/posts\/7171\/revisions"}],"predecessor-version":[{"id":7174,"href":"https:\/\/www.lactissima.com\/a-tire-d-ailes\/wp-json\/wp\/v2\/posts\/7171\/revisions\/7174"}],"wp:featuredmedia":[{"embeddable":true,"href":"https:\/\/www.lactissima.com\/a-tire-d-ailes\/wp-json\/wp\/v2\/media\/7172"}],"wp:attachment":[{"href":"https:\/\/www.lactissima.com\/a-tire-d-ailes\/wp-json\/wp\/v2\/media?parent=7171"}],"wp:term":[{"taxonomy":"category","embeddable":true,"href":"https:\/\/www.lactissima.com\/a-tire-d-ailes\/wp-json\/wp\/v2\/categories?post=7171"},{"taxonomy":"post_tag","embeddable":true,"href":"https:\/\/www.lactissima.com\/a-tire-d-ailes\/wp-json\/wp\/v2\/tags?post=7171"}],"curies":[{"name":"wp","href":"https:\/\/api.w.org\/{rel}","templated":true}]}}