{"id":715,"date":"2009-10-10T10:12:01","date_gmt":"2009-10-10T08:12:01","guid":{"rendered":"https:\/\/www.lactissima.com\/a-tire-d-ailes\/?p=715"},"modified":"2018-01-05T09:50:11","modified_gmt":"2018-01-05T08:50:11","slug":"allaiter-et-travailler-le-temoignage-de-clara","status":"publish","type":"post","link":"https:\/\/www.lactissima.com\/a-tire-d-ailes\/allaiter-et-travailler-le-temoignage-de-clara\/","title":{"rendered":"Allaiter et travailler : le t\u00e9moignage de Clara"},"content":{"rendered":"<p><img loading=\"lazy\" decoding=\"async\" class=\"alignleft size-full wp-image-720\" title=\"Allaiter et travailler\" alt=\"clara\" src=\"https:\/\/www.lactissima.com\/a-tire-d-ailes\/wp-content\/uploads\/clara1.JPG\" width=\"190\" height=\"293\" srcset=\"https:\/\/www.lactissima.com\/a-tire-d-ailes\/wp-content\/uploads\/clara1.JPG 291w, https:\/\/www.lactissima.com\/a-tire-d-ailes\/wp-content\/uploads\/clara1-194x300.jpg 194w\" sizes=\"(max-width: 190px) 100vw, 190px\" \/><\/p>\n<ul>\n<li style=\"text-align: justify;\"><strong>Quel choix avez-vous fait au moment de la reprise du travail : sevrage ou poursuite de l&rsquo;allaitement ? Pourquoi ?<\/strong><\/li>\n<\/ul>\n<p style=\"text-align: justify;\"><!-- .hmmessage P { margin:0px; padding:0px } body.hmmessage { font-size: 10pt; font-family:Verdana } -->J&rsquo;ai choisi de continuer \u00e0 allaiter parce que je sais que le lait maternel n&rsquo;a rien \u00e0 voir avec les laits industriels pour b\u00e9b\u00e9, et aussi parce qu&rsquo;on m&rsquo;a conseill\u00e9 de le faire le plus longtemps possible \u00e0 cause de graves probl\u00e8mes de sant\u00e9 survenus il y a 2 ans (h\u00e9morragie interne tr\u00e8s importante, d\u00e9couverte d&rsquo;une endom\u00e9triose importante),on m&rsquo;a dit que ce serait b\u00e9n\u00e9fique pour moi sur le plan hormonal.<\/p>\n<div style=\"text-align: justify;\">Je suis tr\u00e8s motiv\u00e9e depuis toujours par l&rsquo;allaitement, je me suis toujours dit que \u00e7a devait \u00eatre merveilleux de pouvoir le faire, et que si j&rsquo;avais des enfants un jour, je ferais tout mon possible pour les allaiter !<\/div>\n<div style=\"text-align: justify;\">Donc, en reprenant le travail, j&rsquo;ai mis tout en oeuvre pour continuer, en esp\u00e9rant que \u00e7a marcherait.<\/div>\n<div style=\"text-align: justify;\">J&rsquo;avais tr\u00e8s peur que \u00e7a ne fonctionne pas, d&rsquo;une part parce que je travaille loin de chez moi (\u00e0 80 km), d&rsquo;autre part parce que j&rsquo;avais entendu dire que si je tirais mon lait, il allait se tarir, etc&#8230;<\/div>\n<div style=\"text-align: justify;\">\n<ul>\n<li><strong>Comment vous \u00eates-vous organis\u00e9e ?<\/strong><\/li>\n<\/ul>\n<\/div>\n<div style=\"text-align: justify;\">Les conditions ne sont pas id\u00e9ales (il y a un soir de la semaine o\u00f9 je rentre trop tard pour l&rsquo;allaiter),et je suis tr\u00e8s fatigu\u00e9e par les trajets et mes horaires, mais \u00e7a fonctionne bien finalement.<\/div>\n<div style=\"text-align: justify;\">Pour l&rsquo;organisation, j&rsquo;ai achet\u00e9 avant la reprise (et apr\u00e8s l&rsquo;avoir bien test\u00e9 chez moi) le tire-lait Medela \u00ab\u00a0pump&rsquo; in style\u00a0\u00bb, \u00e9lectrique et double-pompage, que je laisse dans une armoire sur mon lieu de travail.<\/div>\n<div style=\"text-align: justify;\">J&rsquo;ai eu diff\u00e9rentes m\u00e9saventures avec des t\u00e9terelles, qui n&rsquo;\u00e9taient pas \u00e0 la bonne taille,ou qui s&rsquo;ab\u00eemaient, mais ils ont \u00e9t\u00e9 supers chez M\u00e9dela et tout a fini par s&rsquo;arranger.<\/div>\n<div style=\"text-align: justify;\">Pour tirer chez moi, je loue via la s\u00e9cu le Medela Lactina.<\/div>\n<div style=\"text-align: justify;\">Je pr\u00e9pare les biberons la veille au soir pour la nounou (\u00e9tiquettes avec la date, et l&rsquo;ordre dans lequel elle doit les donner).<\/div>\n<div style=\"text-align: justify;\">J&rsquo;ai not\u00e9 sur une feuille TOUT ce que je dois faire heure par heure pour l&rsquo;allaitement, chaque jour de la semaine : l&rsquo;heure \u00e0 laquelle je l&rsquo;allaite le matin  (diff\u00e9rente suivant les jours), l&rsquo;heure \u00e0 laquelle je pars au boulot, les horaires bien pr\u00e9cis o\u00f9 je peux tirer mon lait au boulot discr\u00e8tement et sans trop stresser, etc&#8230;<\/div>\n<div style=\"text-align: justify;\">C&rsquo;est rassurant d&rsquo; \u00ab\u00a0ob\u00e9ir\u00a0\u00bb \u00e0 la feuille sans se poser de question les jours o\u00f9 on n&rsquo;a pas le temps de r\u00e9fl\u00e9chir pour que tout se passe au mieux, surtout si on est press\u00e9e sans arr\u00eat.<\/div>\n<div style=\"text-align: justify;\">Au d\u00e9but, je lavais sur mon lieu de travail le mat\u00e9riel (j&rsquo;avais pr\u00e9vu du liquide vaisselle, des torchons, des rouleaux d&rsquo;essuie-tout etc&#8230;), mais finalement,<\/div>\n<div style=\"text-align: justify;\">j&rsquo;ai 2 paires de t\u00e9terelles, et lorsque je tire 2 fois au boulot dans la journ\u00e9e, je n&rsquo;ai pas le temps de laver tout entre chaque tirage.Vous verriez en plus les lavabos des toilettes !! Bien douteux au niveau de l&rsquo;hygi\u00e8ne.<\/div>\n<div style=\"text-align: justify;\">Donc, je fourre tout dans des sacs plastiques bien herm\u00e9tiques, et je les lave le soir tard en rentrant (ou c&rsquo;est mon mari qui le fait, et l\u00e0 je dois dire qu&rsquo;un mari motiv\u00e9 est bien pr\u00e9cieux).<\/div>\n<div style=\"text-align: justify;\">J&rsquo;ai des sacs (toujours de chez Medela) r\u00e9frig\u00e9rants pour le transport, et j&rsquo;ai la chance de disposer d&rsquo;un petit frigo sur mon lieu de travail.<\/div>\n<div style=\"text-align: justify;\">Quelques semaines avant de reprendre le travail, j&rsquo;ai eu la chance de pouvoir contacter la cousine d&rsquo;une grande amie, qui allaitait encore son petit gar\u00e7on \u00e2g\u00e9 de plus d&rsquo;un an, et \u00e0 qui j&rsquo;ai pu demander tout ce qui me passait par la t\u00eate au sujet de l&rsquo;organisation pr\u00e9cis\u00e9ment.Sa g\u00e9n\u00e9rosit\u00e9 et sa disponibilit\u00e9, sa motivation communicative m&rsquo;ont beaucoup aid\u00e9e. Merci Mathilde !<\/div>\n<div style=\"text-align: justify;\">\n<ul>\n<li><strong>Quelles ont \u00e9t\u00e9 vos principales difficult\u00e9s ?<\/strong><\/li>\n<\/ul>\n<\/div>\n<div style=\"text-align: justify;\">Mes principales difficult\u00e9s ont \u00e9t\u00e9 d&rsquo;ordre psychologique.<\/div>\n<div style=\"text-align: justify;\">La reprise du travail a \u00e9t\u00e9 violente (on m&rsquo;a bien fait sentir que j&rsquo;avais \u00e9t\u00e9 en cong\u00e9 de maternit\u00e9&#8230;).<\/div>\n<div style=\"text-align: justify;\">Des r\u00e9flexions d\u00e9sagr\u00e9ables, m\u00eame de la part de coll\u00e8gues m\u00e8res de famille de plusieurs enfants : \u00ab\u00a0pendant que toi tu \u00e9tais en cong\u00e9, y en a d&rsquo;autres qui ont v\u00e9cu !!\u00a0\u00bb (v\u00e9ridique, et dans le service public.)<\/div>\n<div style=\"text-align: justify;\">Alors que j&rsquo;avais \u00e9t\u00e9 sous morphine une partie de ma grossesse tant je souffrais, et que j&rsquo;avais \u00e9t\u00e9 arr\u00eat\u00e9e 6 mois sur 9.<\/div>\n<div style=\"text-align: justify;\">Je suis revenue chez moi en pleurant les 1ers jours , en plus mon chaton faisait son adaptation chez la nounou, et franchement c&rsquo;\u00e9tait dur.<\/div>\n<div style=\"text-align: justify;\">Je me sentais particuli\u00e8rement vuln\u00e9rable, ce qui finissait par m&#8217;emp\u00eacher de dormir le soir, m\u00eame en \u00e9tant crev\u00e9e, et je me suis dit plusieurs fois que c&rsquo;\u00e9tait foutu,et que dans l&rsquo;\u00e9tat o\u00f9 j&rsquo;\u00e9tais au bout de 3 jours, l&rsquo;allaitement allait s&rsquo;arr\u00eater de lui-m\u00eame.<\/div>\n<div style=\"text-align: justify;\">Lorsqu&rsquo;on allaite pendant le cong\u00e9 de maternit\u00e9, on est dans un cocon de douceur, et la reprise du travail fait prendre conscience d&rsquo;un coup de toute la violence ext\u00e9rieure.<\/div>\n<div style=\"text-align: justify;\">Il faut bien s&rsquo;entourer, et avoir des amis \u00e0 qui parler pendant cette transition difficile.<\/div>\n<div style=\"text-align: justify;\">Finalement malgr\u00e9 quelques moments de d\u00e9sespoir, et de stress terrible, tout s&rsquo;est mis en place petit \u00e0 petit, et chaque jour pass\u00e9 me rendait plus confiante dans l&rsquo;id\u00e9e que \u00e7a fonctionnerait.<\/div>\n<div style=\"text-align: justify;\">Merci V\u00e9ronique! Merci au blog de Lactissima! Quel r\u00e9confort d&rsquo;avoir enfin des conseils avis\u00e9s !<\/div>\n<div style=\"text-align: justify;\">\n<ul>\n<li><strong>Quels ont \u00e9t\u00e9 vos meilleurs moments ?<\/strong><\/li>\n<\/ul>\n<\/div>\n<div style=\"text-align: justify;\">Lorsque je retrouve Gaspard et qu&rsquo;il comprend qu&rsquo;on va faire une bonne t\u00e9t\u00e9e, et que je vois son sourire radieux, ses yeux brillants, quel bonheur !! <\/div>\n<div style=\"text-align: justify;\">C&rsquo;est dans ces moments-l\u00e0 que tous les efforts entrepris pour que \u00e7a dure prennent leur sens.<\/div>\n<div style=\"text-align: justify;\">OUI \u00e7a vaut le coup !<\/div>\n<div style=\"text-align: justify;\">La communication avec son b\u00e9b\u00e9 dans ces moments-l\u00e0 est indescriptible.<\/div>\n<div style=\"text-align: justify;\">\n<ul>\n<li><strong>Qu&rsquo;est-ce que vous souhaiteriez dire aux mamans qui doivent faire un choix dans les semaines \u00e0 venir ?<\/strong><\/li>\n<\/ul>\n<\/div>\n<div style=\"text-align: justify;\">Chaque maman doit se demander profond\u00e9ment ce qu&rsquo;elle souhaite, ind\u00e9pendamment de tout ce qu&rsquo;elle entend autour d&rsquo;elle.<\/div>\n<div style=\"text-align: justify;\">N&rsquo;\u00e9coutez plus personne !!! A part les amis \u00e0 qui vous pouvez vraiment en parler. Les r\u00e9actions ne sont pas toujours sympathiques.<\/div>\n<div style=\"text-align: justify;\">Il y a beaucoup d&rsquo;incompr\u00e9hension, de rejet, de jalousie m\u00eame, lorsqu&rsquo;on dit qu&rsquo;on allaite encore son b\u00e9b\u00e9&#8230;<\/div>\n<div style=\"text-align: justify;\">Sans compter les personnes pour qui \u00e7a ne s&rsquo;est pas bien pass\u00e9, qui ont \u00e9t\u00e9 mal conseill\u00e9es, etc&#8230;<\/div>\n<div style=\"text-align: justify;\">Dans les familles aussi, beaucoup de barri\u00e8res (\u00e7a n&rsquo;est pas un sujet anodin l&rsquo;allaitement, \u00e7a rappelle des choses&#8230;).<\/div>\n<div style=\"text-align: justify;\">Avant de prendre une d\u00e9cision, il faut se demander aussi si on sera soutenue par l&rsquo;entourage proche (les p\u00e8res ont un r\u00f4le important \u00e0 mon avis), mais aussi par une nounou d&rsquo;accord ,etc&#8230;<\/div>\n<div style=\"text-align: justify;\">Le soutien est un facteur important dans la r\u00e9ussite de ce projet.Si on se sent comprise et soutenue, c&rsquo;est 80% de la r\u00e9ussite \u00e0 mon avis.<\/div>\n<div style=\"text-align: justify;\">C&rsquo;est pourquoi les p\u00e8res ont un r\u00f4le si d\u00e9terminant : il m&rsquo;est arriv\u00e9 de douter, comme je l&rsquo;explique plus haut.<\/div>\n<div style=\"text-align: justify;\">Mais mon mari m&rsquo;a toujours encourag\u00e9e, en m&rsquo;assurant que \u00e7a marcherait! Sa confiance m&rsquo;a \u00e9tonn\u00e9e, et m&rsquo;a donn\u00e9 confiance \u00e0 mon tour.<\/div>\n<div style=\"text-align: justify;\">\n<ul>\n<li><strong>Ce serait \u00e0 refaire, vous referiez le m\u00eame choix ? Que changeriez-vous ?<\/strong><\/li>\n<\/ul>\n<\/div>\n<div style=\"text-align: justify;\">Si j&rsquo;ai un regret, c&rsquo;est d&rsquo;avoir tellement anticip\u00e9 le retour au travail que j&rsquo;ai stress\u00e9 pour rien des semaines avant.<\/div>\n<div style=\"text-align: justify;\">J&rsquo;ai congel\u00e9 du lait \u00e0 gogo (je ne m&rsquo;en suis toujours pas servi, mais \u00e7a rassure d&rsquo;avoir ses petites r\u00e9serves&#8230;!), j&rsquo;ai mal dormi, je n&rsquo;ai pas v\u00e9cu dans le pr\u00e9sent et profit\u00e9 \u00e0 fond des derniers moments avec mon petit ch\u00e9ri.<\/div>\n<div style=\"text-align: justify;\">Je vivais dans un compte \u00e0 rebours angoissant.<\/div>\n<div style=\"text-align: justify;\">Finalement, m\u00eame si la reprise n&rsquo;est pas facile, \u00e7a fait du bien aussi de faire autre chose !<\/div>\n<div style=\"text-align: justify;\">C&rsquo;est lorsque j&rsquo;ai ACCEPTE que je n&rsquo;y arriverais peut-\u00eatre pas, que tout s&rsquo;est arrang\u00e9, comme par hasard !!<\/div>\n<div style=\"text-align: justify;\">J&rsquo;avais tr\u00e8s peur de ne pas avoir assez de lait, finalement j&rsquo;en ai trop chaque semaine, et j&rsquo;envisage d&rsquo;en donner au lactarium.<\/div>\n<div style=\"text-align: justify;\">Sinon, \u00e0 pr\u00e9sent tout va bien , m\u00eame si parfois l&rsquo;organisation est tr\u00e8s contraignante.<\/div>\n<div style=\"text-align: justify;\">Mais pour ma part, j&rsquo;ai tellement de joie \u00e0 le faire que je souhaite que \u00e7a dure le plus longtemps possible !!<\/div>\n<div style=\"text-align: justify;\">Gaspard a bient\u00f4t 7 mois, et prend d\u00e9sormais des pur\u00e9es de l\u00e9gumes et de fruits aussi, ce qui permet de tirer moins de lait.<\/div>\n<div style=\"text-align: justify;\">Il a commenc\u00e9 la diversification \u00e0 6 mois , et tout s&rsquo;est bien pass\u00e9. Il adore manger \u00e0 la cuiller.A pr\u00e9sent il prend en moyenne 750 ml de lait \/ jour, 140g de pur\u00e9e de l\u00e9gumes \u00e0 midi (pr\u00e9par\u00e9e avec mon lait bien s\u00fbr),<\/div>\n<div style=\"text-align: justify;\">et 120g de compote de fruits \u00e0 16h.<\/div>\n<div style=\"text-align: justify;\">Evidemment, si c&rsquo;\u00e9tait \u00e0 refaire, je referais exactement le m\u00eame choix, mais en me stressant moins si possible !<\/div>\n<div style=\"text-align: justify;\">Et en me laissant influencer uniquement par des personnes comp\u00e9tentes&#8230; Les m\u00e9decins, aussi comp\u00e9tents soient-ils, ne connaissent en g\u00e9n\u00e9ral RIEN \u00e0 l&rsquo;allaitement.<\/div>\n<div style=\"text-align: justify;\">Et les sages-femmes, les pu\u00e9ricultrices, les gyn\u00e9cos, ne sont pas toujours h\u00e9las de bon conseil. On entend souvent des pr\u00e9dictions tr\u00e8s pessimistes auxquelles il ne faut pas faire attention !<\/div>\n<div style=\"text-align: justify;\">Bon courage \u00e0 toutes et \u00e0 tous dans cette belle aventure !<\/div>\n<div style=\"text-align: justify;\"><strong>Articles en rapport :<\/strong><\/div>\n<div>\n<ul>\n<li style=\"text-align: justify;\"><a href=\"https:\/\/www.lactissima.com\/a-tire-d-ailes\/?p=648\">Allaiter et travailler : le t\u00e9moignage de Florence<\/a><\/li>\n<\/ul>\n<\/div>\n<p>&nbsp;<\/p>\n","protected":false},"excerpt":{"rendered":"<p>Evidemment, si c&rsquo;\u00e9tait \u00e0 refaire, je referais exactement le m\u00eame choix, mais en me stressant moins si possible !<\/p>\n","protected":false},"author":170,"featured_media":720,"comment_status":"open","ping_status":"open","sticky":false,"template":"","format":"standard","meta":{"_et_pb_use_builder":"","_et_pb_old_content":"","_et_gb_content_width":"","footnotes":""},"categories":[36,150],"tags":[680,681,148,57],"class_list":["post-715","post","type-post","status-publish","format-standard","has-post-thumbnail","hentry","category-allaitement-et-travail","category-temoignages","tag-allaitement","tag-allaitement-et-travail","tag-temoignage","tag-tire-lait"],"yoast_head":"<!-- This site is optimized with the Yoast SEO plugin v27.4 - https:\/\/yoast.com\/product\/yoast-seo-wordpress\/ -->\n<title>Allaiter et travailler : le t\u00e9moignage de Clara<\/title>\n<meta name=\"description\" content=\"Evidemment, si c&#039;\u00e9tait \u00e0 refaire, je referais exactement le m\u00eame choix, mais en me stressant moins si possible !\" \/>\n<meta name=\"robots\" content=\"index, follow, max-snippet:-1, max-image-preview:large, max-video-preview:-1\" \/>\n<link rel=\"canonical\" href=\"https:\/\/www.lactissima.com\/a-tire-d-ailes\/allaiter-et-travailler-le-temoignage-de-clara\/\" \/>\n<meta property=\"og:locale\" content=\"fr_FR\" \/>\n<meta property=\"og:type\" content=\"article\" \/>\n<meta property=\"og:title\" content=\"Allaiter et travailler : le t\u00e9moignage de Clara\" \/>\n<meta property=\"og:description\" content=\"Evidemment, si c&#039;\u00e9tait \u00e0 refaire, je referais exactement le m\u00eame choix, mais en me stressant moins si possible !\" \/>\n<meta property=\"og:url\" content=\"https:\/\/www.lactissima.com\/a-tire-d-ailes\/allaiter-et-travailler-le-temoignage-de-clara\/\" \/>\n<meta property=\"og:site_name\" content=\"A tire d&#039;Ailes\" \/>\n<meta property=\"article:publisher\" content=\"https:\/\/www.facebook.com\/consultante.en.lactation\" \/>\n<meta property=\"article:author\" content=\"www.facebook.com\/consultante.en.lactation\" \/>\n<meta property=\"article:published_time\" content=\"2009-10-10T08:12:01+00:00\" \/>\n<meta property=\"article:modified_time\" content=\"2018-01-05T08:50:11+00:00\" \/>\n<meta property=\"og:image\" content=\"https:\/\/www.lactissima.com\/a-tire-d-ailes\/wp-content\/uploads\/clara1.JPG\" \/>\n\t<meta property=\"og:image:width\" content=\"291\" \/>\n\t<meta property=\"og:image:height\" content=\"448\" \/>\n\t<meta property=\"og:image:type\" content=\"image\/jpeg\" \/>\n<meta name=\"author\" content=\"V\u00e9ronique Darmangeat\" \/>\n<meta name=\"twitter:card\" content=\"summary_large_image\" \/>\n<meta name=\"twitter:creator\" content=\"@VeroniqueIBCLC\" \/>\n<meta name=\"twitter:site\" content=\"@VeroniqueIBCLC\" \/>\n<meta name=\"twitter:label1\" content=\"\u00c9crit par\" \/>\n\t<meta name=\"twitter:data1\" content=\"V\u00e9ronique Darmangeat\" \/>\n\t<meta name=\"twitter:label2\" content=\"Dur\u00e9e de lecture estim\u00e9e\" \/>\n\t<meta name=\"twitter:data2\" content=\"8 minutes\" \/>\n<script type=\"application\/ld+json\" class=\"yoast-schema-graph\">{\"@context\":\"https:\\\/\\\/schema.org\",\"@graph\":[{\"@type\":\"Article\",\"@id\":\"https:\\\/\\\/www.lactissima.com\\\/a-tire-d-ailes\\\/allaiter-et-travailler-le-temoignage-de-clara\\\/#article\",\"isPartOf\":{\"@id\":\"https:\\\/\\\/www.lactissima.com\\\/a-tire-d-ailes\\\/allaiter-et-travailler-le-temoignage-de-clara\\\/\"},\"author\":{\"name\":\"V\u00e9ronique Darmangeat\",\"@id\":\"https:\\\/\\\/www.lactissima.com\\\/a-tire-d-ailes\\\/#\\\/schema\\\/person\\\/8f98d3a89530861bc1240e6d53d44eed\"},\"headline\":\"Allaiter et travailler : le t\u00e9moignage de Clara\",\"datePublished\":\"2009-10-10T08:12:01+00:00\",\"dateModified\":\"2018-01-05T08:50:11+00:00\",\"mainEntityOfPage\":{\"@id\":\"https:\\\/\\\/www.lactissima.com\\\/a-tire-d-ailes\\\/allaiter-et-travailler-le-temoignage-de-clara\\\/\"},\"wordCount\":1665,\"commentCount\":0,\"image\":{\"@id\":\"https:\\\/\\\/www.lactissima.com\\\/a-tire-d-ailes\\\/allaiter-et-travailler-le-temoignage-de-clara\\\/#primaryimage\"},\"thumbnailUrl\":\"https:\\\/\\\/www.lactissima.com\\\/a-tire-d-ailes\\\/wp-content\\\/uploads\\\/clara1.JPG\",\"keywords\":[\"Allaitement\",\"Allaitement et Travail\",\"t\u00e9moignage\",\"tire-lait\"],\"articleSection\":[\"Allaitement et Travail\",\"t\u00e9moignages\"],\"inLanguage\":\"fr-FR\",\"potentialAction\":[{\"@type\":\"CommentAction\",\"name\":\"Comment\",\"target\":[\"https:\\\/\\\/www.lactissima.com\\\/a-tire-d-ailes\\\/allaiter-et-travailler-le-temoignage-de-clara\\\/#respond\"]}]},{\"@type\":\"WebPage\",\"@id\":\"https:\\\/\\\/www.lactissima.com\\\/a-tire-d-ailes\\\/allaiter-et-travailler-le-temoignage-de-clara\\\/\",\"url\":\"https:\\\/\\\/www.lactissima.com\\\/a-tire-d-ailes\\\/allaiter-et-travailler-le-temoignage-de-clara\\\/\",\"name\":\"Allaiter et travailler : le t\u00e9moignage de Clara\",\"isPartOf\":{\"@id\":\"https:\\\/\\\/www.lactissima.com\\\/a-tire-d-ailes\\\/#website\"},\"primaryImageOfPage\":{\"@id\":\"https:\\\/\\\/www.lactissima.com\\\/a-tire-d-ailes\\\/allaiter-et-travailler-le-temoignage-de-clara\\\/#primaryimage\"},\"image\":{\"@id\":\"https:\\\/\\\/www.lactissima.com\\\/a-tire-d-ailes\\\/allaiter-et-travailler-le-temoignage-de-clara\\\/#primaryimage\"},\"thumbnailUrl\":\"https:\\\/\\\/www.lactissima.com\\\/a-tire-d-ailes\\\/wp-content\\\/uploads\\\/clara1.JPG\",\"datePublished\":\"2009-10-10T08:12:01+00:00\",\"dateModified\":\"2018-01-05T08:50:11+00:00\",\"author\":{\"@id\":\"https:\\\/\\\/www.lactissima.com\\\/a-tire-d-ailes\\\/#\\\/schema\\\/person\\\/8f98d3a89530861bc1240e6d53d44eed\"},\"description\":\"Evidemment, si c'\u00e9tait \u00e0 refaire, je referais exactement le m\u00eame choix, mais en me stressant moins si possible !\",\"breadcrumb\":{\"@id\":\"https:\\\/\\\/www.lactissima.com\\\/a-tire-d-ailes\\\/allaiter-et-travailler-le-temoignage-de-clara\\\/#breadcrumb\"},\"inLanguage\":\"fr-FR\",\"potentialAction\":[{\"@type\":\"ReadAction\",\"target\":[\"https:\\\/\\\/www.lactissima.com\\\/a-tire-d-ailes\\\/allaiter-et-travailler-le-temoignage-de-clara\\\/\"]}]},{\"@type\":\"ImageObject\",\"inLanguage\":\"fr-FR\",\"@id\":\"https:\\\/\\\/www.lactissima.com\\\/a-tire-d-ailes\\\/allaiter-et-travailler-le-temoignage-de-clara\\\/#primaryimage\",\"url\":\"https:\\\/\\\/www.lactissima.com\\\/a-tire-d-ailes\\\/wp-content\\\/uploads\\\/clara1.JPG\",\"contentUrl\":\"https:\\\/\\\/www.lactissima.com\\\/a-tire-d-ailes\\\/wp-content\\\/uploads\\\/clara1.JPG\",\"width\":\"291\",\"height\":\"448\"},{\"@type\":\"BreadcrumbList\",\"@id\":\"https:\\\/\\\/www.lactissima.com\\\/a-tire-d-ailes\\\/allaiter-et-travailler-le-temoignage-de-clara\\\/#breadcrumb\",\"itemListElement\":[{\"@type\":\"ListItem\",\"position\":1,\"name\":\"Accueil\",\"item\":\"https:\\\/\\\/www.lactissima.com\\\/a-tire-d-ailes\\\/\"},{\"@type\":\"ListItem\",\"position\":2,\"name\":\"Allaiter et travailler : le t\u00e9moignage de Clara\"}]},{\"@type\":\"WebSite\",\"@id\":\"https:\\\/\\\/www.lactissima.com\\\/a-tire-d-ailes\\\/#website\",\"url\":\"https:\\\/\\\/www.lactissima.com\\\/a-tire-d-ailes\\\/\",\"name\":\"A tire d&#039;Ailes\",\"description\":\"Le blog des femmes qui allaitent et travaillent.\",\"potentialAction\":[{\"@type\":\"SearchAction\",\"target\":{\"@type\":\"EntryPoint\",\"urlTemplate\":\"https:\\\/\\\/www.lactissima.com\\\/a-tire-d-ailes\\\/?s={search_term_string}\"},\"query-input\":{\"@type\":\"PropertyValueSpecification\",\"valueRequired\":true,\"valueName\":\"search_term_string\"}}],\"inLanguage\":\"fr-FR\"},{\"@type\":\"Person\",\"@id\":\"https:\\\/\\\/www.lactissima.com\\\/a-tire-d-ailes\\\/#\\\/schema\\\/person\\\/8f98d3a89530861bc1240e6d53d44eed\",\"name\":\"V\u00e9ronique Darmangeat\",\"image\":{\"@type\":\"ImageObject\",\"inLanguage\":\"fr-FR\",\"@id\":\"https:\\\/\\\/secure.gravatar.com\\\/avatar\\\/268c99344c89cebfe4f5df5fa8be43068a18884fc76a29f3206fae98465b9cab?s=96&d=identicon&r=g\",\"url\":\"https:\\\/\\\/secure.gravatar.com\\\/avatar\\\/268c99344c89cebfe4f5df5fa8be43068a18884fc76a29f3206fae98465b9cab?s=96&d=identicon&r=g\",\"contentUrl\":\"https:\\\/\\\/secure.gravatar.com\\\/avatar\\\/268c99344c89cebfe4f5df5fa8be43068a18884fc76a29f3206fae98465b9cab?s=96&d=identicon&r=g\",\"caption\":\"V\u00e9ronique Darmangeat\"},\"sameAs\":[\"https:\\\/\\\/www.lactissima.com\\\/a-tire-d-ailes\",\"www.facebook.com\\\/consultante.en.lactation\"]}]}<\/script>\n<!-- \/ Yoast SEO plugin. -->","yoast_head_json":{"title":"Allaiter et travailler : le t\u00e9moignage de Clara","description":"Evidemment, si c'\u00e9tait \u00e0 refaire, je referais exactement le m\u00eame choix, mais en me stressant moins si possible !","robots":{"index":"index","follow":"follow","max-snippet":"max-snippet:-1","max-image-preview":"max-image-preview:large","max-video-preview":"max-video-preview:-1"},"canonical":"https:\/\/www.lactissima.com\/a-tire-d-ailes\/allaiter-et-travailler-le-temoignage-de-clara\/","og_locale":"fr_FR","og_type":"article","og_title":"Allaiter et travailler : le t\u00e9moignage de Clara","og_description":"Evidemment, si c'\u00e9tait \u00e0 refaire, je referais exactement le m\u00eame choix, mais en me stressant moins si possible !","og_url":"https:\/\/www.lactissima.com\/a-tire-d-ailes\/allaiter-et-travailler-le-temoignage-de-clara\/","og_site_name":"A tire d&#039;Ailes","article_publisher":"https:\/\/www.facebook.com\/consultante.en.lactation","article_author":"www.facebook.com\/consultante.en.lactation","article_published_time":"2009-10-10T08:12:01+00:00","article_modified_time":"2018-01-05T08:50:11+00:00","og_image":[{"width":291,"height":448,"url":"https:\/\/www.lactissima.com\/a-tire-d-ailes\/wp-content\/uploads\/clara1.JPG","type":"image\/jpeg"}],"author":"V\u00e9ronique Darmangeat","twitter_card":"summary_large_image","twitter_creator":"@VeroniqueIBCLC","twitter_site":"@VeroniqueIBCLC","twitter_misc":{"\u00c9crit par":"V\u00e9ronique Darmangeat","Dur\u00e9e de lecture estim\u00e9e":"8 minutes"},"schema":{"@context":"https:\/\/schema.org","@graph":[{"@type":"Article","@id":"https:\/\/www.lactissima.com\/a-tire-d-ailes\/allaiter-et-travailler-le-temoignage-de-clara\/#article","isPartOf":{"@id":"https:\/\/www.lactissima.com\/a-tire-d-ailes\/allaiter-et-travailler-le-temoignage-de-clara\/"},"author":{"name":"V\u00e9ronique Darmangeat","@id":"https:\/\/www.lactissima.com\/a-tire-d-ailes\/#\/schema\/person\/8f98d3a89530861bc1240e6d53d44eed"},"headline":"Allaiter et travailler : le t\u00e9moignage de Clara","datePublished":"2009-10-10T08:12:01+00:00","dateModified":"2018-01-05T08:50:11+00:00","mainEntityOfPage":{"@id":"https:\/\/www.lactissima.com\/a-tire-d-ailes\/allaiter-et-travailler-le-temoignage-de-clara\/"},"wordCount":1665,"commentCount":0,"image":{"@id":"https:\/\/www.lactissima.com\/a-tire-d-ailes\/allaiter-et-travailler-le-temoignage-de-clara\/#primaryimage"},"thumbnailUrl":"https:\/\/www.lactissima.com\/a-tire-d-ailes\/wp-content\/uploads\/clara1.JPG","keywords":["Allaitement","Allaitement et Travail","t\u00e9moignage","tire-lait"],"articleSection":["Allaitement et Travail","t\u00e9moignages"],"inLanguage":"fr-FR","potentialAction":[{"@type":"CommentAction","name":"Comment","target":["https:\/\/www.lactissima.com\/a-tire-d-ailes\/allaiter-et-travailler-le-temoignage-de-clara\/#respond"]}]},{"@type":"WebPage","@id":"https:\/\/www.lactissima.com\/a-tire-d-ailes\/allaiter-et-travailler-le-temoignage-de-clara\/","url":"https:\/\/www.lactissima.com\/a-tire-d-ailes\/allaiter-et-travailler-le-temoignage-de-clara\/","name":"Allaiter et travailler : le t\u00e9moignage de Clara","isPartOf":{"@id":"https:\/\/www.lactissima.com\/a-tire-d-ailes\/#website"},"primaryImageOfPage":{"@id":"https:\/\/www.lactissima.com\/a-tire-d-ailes\/allaiter-et-travailler-le-temoignage-de-clara\/#primaryimage"},"image":{"@id":"https:\/\/www.lactissima.com\/a-tire-d-ailes\/allaiter-et-travailler-le-temoignage-de-clara\/#primaryimage"},"thumbnailUrl":"https:\/\/www.lactissima.com\/a-tire-d-ailes\/wp-content\/uploads\/clara1.JPG","datePublished":"2009-10-10T08:12:01+00:00","dateModified":"2018-01-05T08:50:11+00:00","author":{"@id":"https:\/\/www.lactissima.com\/a-tire-d-ailes\/#\/schema\/person\/8f98d3a89530861bc1240e6d53d44eed"},"description":"Evidemment, si c'\u00e9tait \u00e0 refaire, je referais exactement le m\u00eame choix, mais en me stressant moins si possible !","breadcrumb":{"@id":"https:\/\/www.lactissima.com\/a-tire-d-ailes\/allaiter-et-travailler-le-temoignage-de-clara\/#breadcrumb"},"inLanguage":"fr-FR","potentialAction":[{"@type":"ReadAction","target":["https:\/\/www.lactissima.com\/a-tire-d-ailes\/allaiter-et-travailler-le-temoignage-de-clara\/"]}]},{"@type":"ImageObject","inLanguage":"fr-FR","@id":"https:\/\/www.lactissima.com\/a-tire-d-ailes\/allaiter-et-travailler-le-temoignage-de-clara\/#primaryimage","url":"https:\/\/www.lactissima.com\/a-tire-d-ailes\/wp-content\/uploads\/clara1.JPG","contentUrl":"https:\/\/www.lactissima.com\/a-tire-d-ailes\/wp-content\/uploads\/clara1.JPG","width":"291","height":"448"},{"@type":"BreadcrumbList","@id":"https:\/\/www.lactissima.com\/a-tire-d-ailes\/allaiter-et-travailler-le-temoignage-de-clara\/#breadcrumb","itemListElement":[{"@type":"ListItem","position":1,"name":"Accueil","item":"https:\/\/www.lactissima.com\/a-tire-d-ailes\/"},{"@type":"ListItem","position":2,"name":"Allaiter et travailler : le t\u00e9moignage de Clara"}]},{"@type":"WebSite","@id":"https:\/\/www.lactissima.com\/a-tire-d-ailes\/#website","url":"https:\/\/www.lactissima.com\/a-tire-d-ailes\/","name":"A tire d&#039;Ailes","description":"Le blog des femmes qui allaitent et travaillent.","potentialAction":[{"@type":"SearchAction","target":{"@type":"EntryPoint","urlTemplate":"https:\/\/www.lactissima.com\/a-tire-d-ailes\/?s={search_term_string}"},"query-input":{"@type":"PropertyValueSpecification","valueRequired":true,"valueName":"search_term_string"}}],"inLanguage":"fr-FR"},{"@type":"Person","@id":"https:\/\/www.lactissima.com\/a-tire-d-ailes\/#\/schema\/person\/8f98d3a89530861bc1240e6d53d44eed","name":"V\u00e9ronique Darmangeat","image":{"@type":"ImageObject","inLanguage":"fr-FR","@id":"https:\/\/secure.gravatar.com\/avatar\/268c99344c89cebfe4f5df5fa8be43068a18884fc76a29f3206fae98465b9cab?s=96&d=identicon&r=g","url":"https:\/\/secure.gravatar.com\/avatar\/268c99344c89cebfe4f5df5fa8be43068a18884fc76a29f3206fae98465b9cab?s=96&d=identicon&r=g","contentUrl":"https:\/\/secure.gravatar.com\/avatar\/268c99344c89cebfe4f5df5fa8be43068a18884fc76a29f3206fae98465b9cab?s=96&d=identicon&r=g","caption":"V\u00e9ronique Darmangeat"},"sameAs":["https:\/\/www.lactissima.com\/a-tire-d-ailes","www.facebook.com\/consultante.en.lactation"]}]}},"_links":{"self":[{"href":"https:\/\/www.lactissima.com\/a-tire-d-ailes\/wp-json\/wp\/v2\/posts\/715","targetHints":{"allow":["GET"]}}],"collection":[{"href":"https:\/\/www.lactissima.com\/a-tire-d-ailes\/wp-json\/wp\/v2\/posts"}],"about":[{"href":"https:\/\/www.lactissima.com\/a-tire-d-ailes\/wp-json\/wp\/v2\/types\/post"}],"author":[{"embeddable":true,"href":"https:\/\/www.lactissima.com\/a-tire-d-ailes\/wp-json\/wp\/v2\/users\/170"}],"replies":[{"embeddable":true,"href":"https:\/\/www.lactissima.com\/a-tire-d-ailes\/wp-json\/wp\/v2\/comments?post=715"}],"version-history":[{"count":28,"href":"https:\/\/www.lactissima.com\/a-tire-d-ailes\/wp-json\/wp\/v2\/posts\/715\/revisions"}],"predecessor-version":[{"id":7487,"href":"https:\/\/www.lactissima.com\/a-tire-d-ailes\/wp-json\/wp\/v2\/posts\/715\/revisions\/7487"}],"wp:featuredmedia":[{"embeddable":true,"href":"https:\/\/www.lactissima.com\/a-tire-d-ailes\/wp-json\/wp\/v2\/media\/720"}],"wp:attachment":[{"href":"https:\/\/www.lactissima.com\/a-tire-d-ailes\/wp-json\/wp\/v2\/media?parent=715"}],"wp:term":[{"taxonomy":"category","embeddable":true,"href":"https:\/\/www.lactissima.com\/a-tire-d-ailes\/wp-json\/wp\/v2\/categories?post=715"},{"taxonomy":"post_tag","embeddable":true,"href":"https:\/\/www.lactissima.com\/a-tire-d-ailes\/wp-json\/wp\/v2\/tags?post=715"}],"curies":[{"name":"wp","href":"https:\/\/api.w.org\/{rel}","templated":true}]}}