{"id":7138,"date":"2017-04-20T09:40:39","date_gmt":"2017-04-20T07:40:39","guid":{"rendered":"https:\/\/www.lactissima.com\/a-tire-d-ailes\/?p=7138"},"modified":"2017-04-20T09:40:39","modified_gmt":"2017-04-20T07:40:39","slug":"allaiter-et-travailler-le-temoignage-destelle-2","status":"publish","type":"post","link":"https:\/\/www.lactissima.com\/a-tire-d-ailes\/allaiter-et-travailler-le-temoignage-destelle-2\/","title":{"rendered":"Allaiter et travailler : le t\u00e9moignage d&rsquo;Estelle"},"content":{"rendered":"<ul>\n<li>\n<div dir=\"ltr\">\n<div><strong><img loading=\"lazy\" decoding=\"async\" class=\"alignright size-full wp-image-7140\" src=\"https:\/\/www.lactissima.com\/a-tire-d-ailes\/wp-content\/uploads\/2017\/04\/estelle2.png\" alt=\"allaiter et travailler\" width=\"251\" height=\"333\" srcset=\"https:\/\/www.lactissima.com\/a-tire-d-ailes\/wp-content\/uploads\/2017\/04\/estelle2.png 251w, https:\/\/www.lactissima.com\/a-tire-d-ailes\/wp-content\/uploads\/2017\/04\/estelle2-226x300.png 226w\" sizes=\"(max-width: 251px) 100vw, 251px\" \/>Quel choix avez-vous fait au moment de la reprise du travail : sevrage ou poursuite de l&rsquo;allaitement ? Pourquoi ?<\/strong><\/div>\n<\/div>\n<\/li>\n<\/ul>\n<p style=\"text-align: justify;\">Lorsque j&rsquo;\u00e9tais enceinte, allaiter \u00e9tait pour moi \u00e9vident. Ce n&rsquo;est malheureusement pas si \u00e9vident pour notre corps. D\u00e8s le d\u00e9but, de grosses crevasses avec parfois m\u00eame des su\u00e7ons de mon b\u00e9b\u00e9.<br \/>\nJ&rsquo;ai accept\u00e9 de tirer mon lait, d\u00e8s la maternit\u00e9, pour qu&rsquo;il soit donn\u00e9 \u00e0 la pipette puis dans des petits biberons. Je souhaitais qu&rsquo;il ait mon lait, co\u00fbte que co\u00fbte, par rapport aux bienfaits sur la sant\u00e9 (mon mari est asthmatique, allergique et a deux maladies auto-immunes : rectocolite h\u00e9morragique et spondylarthrite ankylosante).<br \/>\nCela a dur\u00e9 presque 3 semaines, pas \u00e9vident mais mon mari avait son cong\u00e9 puis les vacances scolaires.<br \/>\nNous avons vu un p\u00e9diatre qui proposait des consultations lactation, et nous avons r\u00e9ussi \u00e0 remettre Titouan au sein !!! Quel bonheur, et surtout beaucoup moins de contraintes lors des d\u00e9placements. Tout ne fut pas rose bien \u00e9videmment, j&rsquo;ai eu des crevasses d&rsquo;un c\u00f4t\u00e9 pendant plusieurs semaines, une mastite, et je me suis rendue compte que je faisais de l&rsquo;hyperlactation.<\/p>\n<p style=\"text-align: justify;\">Lorsque Titouan a eu 2 mois et demi, il a fait une py\u00e9lon\u00e9phrite et je suis rest\u00e9e avec lui lors de son hospitalisation. Je me souviens que le fauteuil d&rsquo;allaitement me faisait mal sous un sein, et j&rsquo;ai refait une mastite : 40 de fi\u00e8vre sur plusieurs jours, je suis all\u00e9e consulter aux urgences gyn\u00e9cologiques et la jeune interne qui m&rsquo;a re\u00e7ue m&rsquo;a dit de tirer mon lait puis de le jeter !!! Heureusement, j&rsquo;avais lu les livres de V\u00e9ronique, et je savais que je devais mettre mon b\u00e9b\u00e9 au sein le plus souvent possible, prendre de l&rsquo;ibuprof\u00e8ne si besoin. J&rsquo;ai eu une baisse de lactation, certainement \u00e0 mettre en lien avec la py\u00e9lon\u00e9phrite, donc des besoins moins importants. Et de nouveau, une pression : il faut qu&rsquo;il reprenne du poids&#8230; J&rsquo;ai pass\u00e9 du temps avec lui au sein, je tirais aussi un peu. Et je stressais car je savais que je reprenais 1 semaine apr\u00e8s, pour ses 3 mois et qu&rsquo;il fallait que \u00e7a remonte.<\/p>\n<div dir=\"ltr\">\n<div>\n<ul>\n<li><strong>Comment vous \u00eates-vous organis\u00e9e ?<\/strong><\/li>\n<\/ul>\n<\/div>\n<\/div>\n<p style=\"text-align: justify;\">J&rsquo;ai repris, arm\u00e9e de mon tire-lait et de mes biberons.<br \/>\nJe partais \u00e0 8h30 le matin et rentrais vers 19h30 pour les plus grosses journ\u00e9es.<br \/>\nJe tirais 3 fois pour stimuler au maximum. Une fois entre 10h30 et 10h45 (mini pause, tr\u00e8s compliqu\u00e9 ce tirage, mais je le faisais car je voyais bien qu&rsquo;il y avait plus de lait \u00e0 ce moment-l\u00e0 ) puis \u00e0 12h45 et enfin 16h30. J&rsquo;ai m\u00eame fait un calendrier pour noter les quantit\u00e9s, j&rsquo;ai toujours r\u00e9ussi \u00e0 avoir minimum 450ml (il buvait 3 biberons de 150ml en mon absence).<br \/>\nPuis Titouan s&rsquo;est \u00ab\u00a0d\u00e9r\u00e9gl\u00e9\u00a0\u00bb, il ne voulait quasiment plus boire, mais se rattrapait \u00e0 mon retour et la nuit. Je me suis retrouv\u00e9e \u00e0 devoir congeler car il ne buvait pas tout. Finalement, j&rsquo;ai appel\u00e9 le lactarium et j&rsquo;ai donn\u00e9 mon lait (ce que je fais encore actuellement).<\/p>\n<p style=\"text-align: justify;\">Nous sommes pass\u00e9s \u00e0 la diversification en ao\u00fbt, peu apr\u00e8s ses 6 mois, mais je me souviens encore de sa 1\u00e8re cuill\u00e8re, donn\u00e9e par son papa. Il m&rsquo;a lanc\u00e9 un regard, l&rsquo;air de dire \u00ab\u00a0mais, pourquoi je bois pas ?\u00a0\u00bb et finalement, il a vraiment commenc\u00e9 \u00e0 appr\u00e9cier apr\u00e8s ses 7 mois.<\/p>\n<p style=\"text-align: justify;\">Maintenant, j&rsquo;ai chang\u00e9 de cabinet, et je suis \u00e0 5 minutes de chez moi. Je l&rsquo;allaite d\u00e8s qu&rsquo;il demande et je ne tire plus que le mardi et vendredi midi quand il est chez la nounou. J&rsquo;ai am\u00e9nag\u00e9 mon emploi du temps pour \u00eatre avec lui le lundi et mercredi midi, ainsi qu&rsquo;au go\u00fbter. Il ne boit plus de lait chez la nounou, je tire seulement pour entretenir\/soulager car il fait ses nuits depuis la rentr\u00e9e (avec des hauts et des bas quand il est malade\/dents\/&#8230;).<\/p>\n<p style=\"text-align: justify;\">Titouan a eu 1 an, et il y a peu, il a point\u00e9 mon sein et a dit \u00ab\u00a0t\u00e9t\u00e9\u00a0\u00bb. C&rsquo;\u00e9tait magique \ud83d\ude42<\/p>\n<div dir=\"ltr\">\n<div>\n<ul>\n<li><strong>Ce serait \u00e0 refaire, vous referiez le m\u00eame choix ? Que changeriez-vous ?<\/strong><\/li>\n<\/ul>\n<\/div>\n<\/div>\n<p style=\"text-align: justify;\">Si c&rsquo;\u00e9tait \u00e0 refaire, je referais tout, pareil lorsqu&rsquo;il y aura un deuxi\u00e8me (mais ce n&rsquo;est pas encore pour tout de suite) en sachant que je suis beaucoup mieux arm\u00e9e et que j&rsquo;ai de meilleures connaissances sur le rythme des b\u00e9b\u00e9s, l&rsquo;allaitement&#8230; Je ne me sens pas encore pr\u00eate \u00e0 un sevrage, alors nous verrons bien jusqu&rsquo;o\u00f9 nous irons ! Un conseil, \u00ab\u00a0\u00e9coutez-vous\u00a0\u00bb, vous seule savez ce qu&rsquo;il faut pour votre b\u00e9b\u00e9, quoiqu&rsquo;en dise l&rsquo;entourage, certains professionnels obtus ou non form\u00e9s en mati\u00e8re d&rsquo;allaitement.<\/p>\n<p><strong>Articles en rapport :<\/strong><\/p>\n<ul>\n<li>Voir l&rsquo;onglet <a href=\"https:\/\/www.lactissima.com\/a-tire-d-ailes\/temoignages-travail-et-allaitement\/\" target=\"_blank\">t\u00e9moignages<\/a><\/li>\n<\/ul>\n<div class='et-box et-shadow'>\n\t\t\t\t\t<div class='et-box-content'>Lire des articles ou poser des questions en commentaire ne suffit pas \u00e0 r\u00e9soudre votre probl\u00e8me ?\nSavez-vous que vous pouvez prendre RDV pour une consultation avec moi ?\nN&rsquo;h\u00e9sitez pas \u00e0 me contacter !<\/div><\/div>\n","protected":false},"excerpt":{"rendered":"<p>Quel choix avez-vous fait au moment de la reprise du travail : sevrage ou poursuite de l&rsquo;allaitement ? Pourquoi ? Lorsque j&rsquo;\u00e9tais enceinte, allaiter \u00e9tait pour moi \u00e9vident. Ce n&rsquo;est malheureusement pas si \u00e9vident pour notre corps. D\u00e8s le d\u00e9but, de grosses crevasses avec parfois m\u00eame des su\u00e7ons de mon b\u00e9b\u00e9. J&rsquo;ai accept\u00e9 de tirer [&hellip;]<\/p>\n","protected":false},"author":170,"featured_media":7140,"comment_status":"open","ping_status":"open","sticky":false,"template":"","format":"standard","meta":{"_et_pb_use_builder":"","_et_pb_old_content":"","_et_gb_content_width":"","footnotes":""},"categories":[150],"tags":[],"class_list":["post-7138","post","type-post","status-publish","format-standard","has-post-thumbnail","hentry","category-temoignages"],"yoast_head":"<!-- This site is optimized with the Yoast SEO plugin v27.4 - https:\/\/yoast.com\/product\/yoast-seo-wordpress\/ -->\n<title>Allaiter et travailler : le t\u00e9moignage d&#039;Estelle<\/title>\n<meta name=\"description\" content=\"Estelle est orthophoniste et a choisi de poursuivre l&#039;allaitement \u00e0 la reprise du travail malgr\u00e9 un d\u00e9but chaotique. Elle a tir\u00e9 450 ml par jour au travail.\" \/>\n<meta name=\"robots\" content=\"index, follow, max-snippet:-1, max-image-preview:large, max-video-preview:-1\" \/>\n<link rel=\"canonical\" href=\"https:\/\/www.lactissima.com\/a-tire-d-ailes\/allaiter-et-travailler-le-temoignage-destelle-2\/\" \/>\n<meta property=\"og:locale\" content=\"fr_FR\" \/>\n<meta property=\"og:type\" content=\"article\" \/>\n<meta property=\"og:title\" content=\"Allaiter et travailler : le t\u00e9moignage d&#039;Estelle\" \/>\n<meta property=\"og:description\" content=\"Estelle est orthophoniste et a choisi de poursuivre l&#039;allaitement \u00e0 la reprise du travail malgr\u00e9 un d\u00e9but chaotique. Elle a tir\u00e9 450 ml par jour au travail.\" \/>\n<meta property=\"og:url\" content=\"https:\/\/www.lactissima.com\/a-tire-d-ailes\/allaiter-et-travailler-le-temoignage-destelle-2\/\" \/>\n<meta property=\"og:site_name\" content=\"A tire d&#039;Ailes\" \/>\n<meta property=\"article:publisher\" content=\"https:\/\/www.facebook.com\/consultante.en.lactation\" \/>\n<meta property=\"article:author\" content=\"www.facebook.com\/consultante.en.lactation\" \/>\n<meta property=\"article:published_time\" content=\"2017-04-20T07:40:39+00:00\" \/>\n<meta property=\"og:image\" content=\"https:\/\/www.lactissima.com\/a-tire-d-ailes\/wp-content\/uploads\/2017\/04\/estelle2.png\" \/>\n\t<meta property=\"og:image:width\" content=\"251\" \/>\n\t<meta property=\"og:image:height\" content=\"333\" \/>\n\t<meta property=\"og:image:type\" content=\"image\/png\" \/>\n<meta name=\"author\" content=\"V\u00e9ronique Darmangeat\" \/>\n<meta name=\"twitter:card\" content=\"summary_large_image\" \/>\n<meta name=\"twitter:creator\" content=\"@VeroniqueIBCLC\" \/>\n<meta name=\"twitter:site\" content=\"@VeroniqueIBCLC\" \/>\n<meta name=\"twitter:label1\" content=\"\u00c9crit par\" \/>\n\t<meta name=\"twitter:data1\" content=\"V\u00e9ronique Darmangeat\" \/>\n\t<meta name=\"twitter:label2\" content=\"Dur\u00e9e de lecture estim\u00e9e\" \/>\n\t<meta name=\"twitter:data2\" content=\"4 minutes\" \/>\n<script type=\"application\/ld+json\" class=\"yoast-schema-graph\">{\"@context\":\"https:\\\/\\\/schema.org\",\"@graph\":[{\"@type\":\"Article\",\"@id\":\"https:\\\/\\\/www.lactissima.com\\\/a-tire-d-ailes\\\/allaiter-et-travailler-le-temoignage-destelle-2\\\/#article\",\"isPartOf\":{\"@id\":\"https:\\\/\\\/www.lactissima.com\\\/a-tire-d-ailes\\\/allaiter-et-travailler-le-temoignage-destelle-2\\\/\"},\"author\":{\"name\":\"V\u00e9ronique Darmangeat\",\"@id\":\"https:\\\/\\\/www.lactissima.com\\\/a-tire-d-ailes\\\/#\\\/schema\\\/person\\\/8f98d3a89530861bc1240e6d53d44eed\"},\"headline\":\"Allaiter et travailler : le t\u00e9moignage d&rsquo;Estelle\",\"datePublished\":\"2017-04-20T07:40:39+00:00\",\"mainEntityOfPage\":{\"@id\":\"https:\\\/\\\/www.lactissima.com\\\/a-tire-d-ailes\\\/allaiter-et-travailler-le-temoignage-destelle-2\\\/\"},\"wordCount\":867,\"commentCount\":0,\"image\":{\"@id\":\"https:\\\/\\\/www.lactissima.com\\\/a-tire-d-ailes\\\/allaiter-et-travailler-le-temoignage-destelle-2\\\/#primaryimage\"},\"thumbnailUrl\":\"https:\\\/\\\/www.lactissima.com\\\/a-tire-d-ailes\\\/wp-content\\\/uploads\\\/2017\\\/04\\\/estelle2.png\",\"articleSection\":[\"t\u00e9moignages\"],\"inLanguage\":\"fr-FR\",\"potentialAction\":[{\"@type\":\"CommentAction\",\"name\":\"Comment\",\"target\":[\"https:\\\/\\\/www.lactissima.com\\\/a-tire-d-ailes\\\/allaiter-et-travailler-le-temoignage-destelle-2\\\/#respond\"]}]},{\"@type\":\"WebPage\",\"@id\":\"https:\\\/\\\/www.lactissima.com\\\/a-tire-d-ailes\\\/allaiter-et-travailler-le-temoignage-destelle-2\\\/\",\"url\":\"https:\\\/\\\/www.lactissima.com\\\/a-tire-d-ailes\\\/allaiter-et-travailler-le-temoignage-destelle-2\\\/\",\"name\":\"Allaiter et travailler : le t\u00e9moignage d'Estelle\",\"isPartOf\":{\"@id\":\"https:\\\/\\\/www.lactissima.com\\\/a-tire-d-ailes\\\/#website\"},\"primaryImageOfPage\":{\"@id\":\"https:\\\/\\\/www.lactissima.com\\\/a-tire-d-ailes\\\/allaiter-et-travailler-le-temoignage-destelle-2\\\/#primaryimage\"},\"image\":{\"@id\":\"https:\\\/\\\/www.lactissima.com\\\/a-tire-d-ailes\\\/allaiter-et-travailler-le-temoignage-destelle-2\\\/#primaryimage\"},\"thumbnailUrl\":\"https:\\\/\\\/www.lactissima.com\\\/a-tire-d-ailes\\\/wp-content\\\/uploads\\\/2017\\\/04\\\/estelle2.png\",\"datePublished\":\"2017-04-20T07:40:39+00:00\",\"author\":{\"@id\":\"https:\\\/\\\/www.lactissima.com\\\/a-tire-d-ailes\\\/#\\\/schema\\\/person\\\/8f98d3a89530861bc1240e6d53d44eed\"},\"description\":\"Estelle est orthophoniste et a choisi de poursuivre l'allaitement \u00e0 la reprise du travail malgr\u00e9 un d\u00e9but chaotique. Elle a tir\u00e9 450 ml par jour au travail.\",\"breadcrumb\":{\"@id\":\"https:\\\/\\\/www.lactissima.com\\\/a-tire-d-ailes\\\/allaiter-et-travailler-le-temoignage-destelle-2\\\/#breadcrumb\"},\"inLanguage\":\"fr-FR\",\"potentialAction\":[{\"@type\":\"ReadAction\",\"target\":[\"https:\\\/\\\/www.lactissima.com\\\/a-tire-d-ailes\\\/allaiter-et-travailler-le-temoignage-destelle-2\\\/\"]}]},{\"@type\":\"ImageObject\",\"inLanguage\":\"fr-FR\",\"@id\":\"https:\\\/\\\/www.lactissima.com\\\/a-tire-d-ailes\\\/allaiter-et-travailler-le-temoignage-destelle-2\\\/#primaryimage\",\"url\":\"https:\\\/\\\/www.lactissima.com\\\/a-tire-d-ailes\\\/wp-content\\\/uploads\\\/2017\\\/04\\\/estelle2.png\",\"contentUrl\":\"https:\\\/\\\/www.lactissima.com\\\/a-tire-d-ailes\\\/wp-content\\\/uploads\\\/2017\\\/04\\\/estelle2.png\",\"width\":251,\"height\":333,\"caption\":\"allaiter et travailler\"},{\"@type\":\"BreadcrumbList\",\"@id\":\"https:\\\/\\\/www.lactissima.com\\\/a-tire-d-ailes\\\/allaiter-et-travailler-le-temoignage-destelle-2\\\/#breadcrumb\",\"itemListElement\":[{\"@type\":\"ListItem\",\"position\":1,\"name\":\"Accueil\",\"item\":\"https:\\\/\\\/www.lactissima.com\\\/a-tire-d-ailes\\\/\"},{\"@type\":\"ListItem\",\"position\":2,\"name\":\"Allaiter et travailler : le t\u00e9moignage d&rsquo;Estelle\"}]},{\"@type\":\"WebSite\",\"@id\":\"https:\\\/\\\/www.lactissima.com\\\/a-tire-d-ailes\\\/#website\",\"url\":\"https:\\\/\\\/www.lactissima.com\\\/a-tire-d-ailes\\\/\",\"name\":\"A tire d&#039;Ailes\",\"description\":\"Le blog des femmes qui allaitent et travaillent.\",\"potentialAction\":[{\"@type\":\"SearchAction\",\"target\":{\"@type\":\"EntryPoint\",\"urlTemplate\":\"https:\\\/\\\/www.lactissima.com\\\/a-tire-d-ailes\\\/?s={search_term_string}\"},\"query-input\":{\"@type\":\"PropertyValueSpecification\",\"valueRequired\":true,\"valueName\":\"search_term_string\"}}],\"inLanguage\":\"fr-FR\"},{\"@type\":\"Person\",\"@id\":\"https:\\\/\\\/www.lactissima.com\\\/a-tire-d-ailes\\\/#\\\/schema\\\/person\\\/8f98d3a89530861bc1240e6d53d44eed\",\"name\":\"V\u00e9ronique Darmangeat\",\"image\":{\"@type\":\"ImageObject\",\"inLanguage\":\"fr-FR\",\"@id\":\"https:\\\/\\\/secure.gravatar.com\\\/avatar\\\/268c99344c89cebfe4f5df5fa8be43068a18884fc76a29f3206fae98465b9cab?s=96&d=identicon&r=g\",\"url\":\"https:\\\/\\\/secure.gravatar.com\\\/avatar\\\/268c99344c89cebfe4f5df5fa8be43068a18884fc76a29f3206fae98465b9cab?s=96&d=identicon&r=g\",\"contentUrl\":\"https:\\\/\\\/secure.gravatar.com\\\/avatar\\\/268c99344c89cebfe4f5df5fa8be43068a18884fc76a29f3206fae98465b9cab?s=96&d=identicon&r=g\",\"caption\":\"V\u00e9ronique Darmangeat\"},\"sameAs\":[\"https:\\\/\\\/www.lactissima.com\\\/a-tire-d-ailes\",\"www.facebook.com\\\/consultante.en.lactation\"]}]}<\/script>\n<!-- \/ Yoast SEO plugin. -->","yoast_head_json":{"title":"Allaiter et travailler : le t\u00e9moignage d'Estelle","description":"Estelle est orthophoniste et a choisi de poursuivre l'allaitement \u00e0 la reprise du travail malgr\u00e9 un d\u00e9but chaotique. Elle a tir\u00e9 450 ml par jour au travail.","robots":{"index":"index","follow":"follow","max-snippet":"max-snippet:-1","max-image-preview":"max-image-preview:large","max-video-preview":"max-video-preview:-1"},"canonical":"https:\/\/www.lactissima.com\/a-tire-d-ailes\/allaiter-et-travailler-le-temoignage-destelle-2\/","og_locale":"fr_FR","og_type":"article","og_title":"Allaiter et travailler : le t\u00e9moignage d'Estelle","og_description":"Estelle est orthophoniste et a choisi de poursuivre l'allaitement \u00e0 la reprise du travail malgr\u00e9 un d\u00e9but chaotique. Elle a tir\u00e9 450 ml par jour au travail.","og_url":"https:\/\/www.lactissima.com\/a-tire-d-ailes\/allaiter-et-travailler-le-temoignage-destelle-2\/","og_site_name":"A tire d&#039;Ailes","article_publisher":"https:\/\/www.facebook.com\/consultante.en.lactation","article_author":"www.facebook.com\/consultante.en.lactation","article_published_time":"2017-04-20T07:40:39+00:00","og_image":[{"width":251,"height":333,"url":"https:\/\/www.lactissima.com\/a-tire-d-ailes\/wp-content\/uploads\/2017\/04\/estelle2.png","type":"image\/png"}],"author":"V\u00e9ronique Darmangeat","twitter_card":"summary_large_image","twitter_creator":"@VeroniqueIBCLC","twitter_site":"@VeroniqueIBCLC","twitter_misc":{"\u00c9crit par":"V\u00e9ronique Darmangeat","Dur\u00e9e de lecture estim\u00e9e":"4 minutes"},"schema":{"@context":"https:\/\/schema.org","@graph":[{"@type":"Article","@id":"https:\/\/www.lactissima.com\/a-tire-d-ailes\/allaiter-et-travailler-le-temoignage-destelle-2\/#article","isPartOf":{"@id":"https:\/\/www.lactissima.com\/a-tire-d-ailes\/allaiter-et-travailler-le-temoignage-destelle-2\/"},"author":{"name":"V\u00e9ronique Darmangeat","@id":"https:\/\/www.lactissima.com\/a-tire-d-ailes\/#\/schema\/person\/8f98d3a89530861bc1240e6d53d44eed"},"headline":"Allaiter et travailler : le t\u00e9moignage d&rsquo;Estelle","datePublished":"2017-04-20T07:40:39+00:00","mainEntityOfPage":{"@id":"https:\/\/www.lactissima.com\/a-tire-d-ailes\/allaiter-et-travailler-le-temoignage-destelle-2\/"},"wordCount":867,"commentCount":0,"image":{"@id":"https:\/\/www.lactissima.com\/a-tire-d-ailes\/allaiter-et-travailler-le-temoignage-destelle-2\/#primaryimage"},"thumbnailUrl":"https:\/\/www.lactissima.com\/a-tire-d-ailes\/wp-content\/uploads\/2017\/04\/estelle2.png","articleSection":["t\u00e9moignages"],"inLanguage":"fr-FR","potentialAction":[{"@type":"CommentAction","name":"Comment","target":["https:\/\/www.lactissima.com\/a-tire-d-ailes\/allaiter-et-travailler-le-temoignage-destelle-2\/#respond"]}]},{"@type":"WebPage","@id":"https:\/\/www.lactissima.com\/a-tire-d-ailes\/allaiter-et-travailler-le-temoignage-destelle-2\/","url":"https:\/\/www.lactissima.com\/a-tire-d-ailes\/allaiter-et-travailler-le-temoignage-destelle-2\/","name":"Allaiter et travailler : le t\u00e9moignage d'Estelle","isPartOf":{"@id":"https:\/\/www.lactissima.com\/a-tire-d-ailes\/#website"},"primaryImageOfPage":{"@id":"https:\/\/www.lactissima.com\/a-tire-d-ailes\/allaiter-et-travailler-le-temoignage-destelle-2\/#primaryimage"},"image":{"@id":"https:\/\/www.lactissima.com\/a-tire-d-ailes\/allaiter-et-travailler-le-temoignage-destelle-2\/#primaryimage"},"thumbnailUrl":"https:\/\/www.lactissima.com\/a-tire-d-ailes\/wp-content\/uploads\/2017\/04\/estelle2.png","datePublished":"2017-04-20T07:40:39+00:00","author":{"@id":"https:\/\/www.lactissima.com\/a-tire-d-ailes\/#\/schema\/person\/8f98d3a89530861bc1240e6d53d44eed"},"description":"Estelle est orthophoniste et a choisi de poursuivre l'allaitement \u00e0 la reprise du travail malgr\u00e9 un d\u00e9but chaotique. Elle a tir\u00e9 450 ml par jour au travail.","breadcrumb":{"@id":"https:\/\/www.lactissima.com\/a-tire-d-ailes\/allaiter-et-travailler-le-temoignage-destelle-2\/#breadcrumb"},"inLanguage":"fr-FR","potentialAction":[{"@type":"ReadAction","target":["https:\/\/www.lactissima.com\/a-tire-d-ailes\/allaiter-et-travailler-le-temoignage-destelle-2\/"]}]},{"@type":"ImageObject","inLanguage":"fr-FR","@id":"https:\/\/www.lactissima.com\/a-tire-d-ailes\/allaiter-et-travailler-le-temoignage-destelle-2\/#primaryimage","url":"https:\/\/www.lactissima.com\/a-tire-d-ailes\/wp-content\/uploads\/2017\/04\/estelle2.png","contentUrl":"https:\/\/www.lactissima.com\/a-tire-d-ailes\/wp-content\/uploads\/2017\/04\/estelle2.png","width":251,"height":333,"caption":"allaiter et travailler"},{"@type":"BreadcrumbList","@id":"https:\/\/www.lactissima.com\/a-tire-d-ailes\/allaiter-et-travailler-le-temoignage-destelle-2\/#breadcrumb","itemListElement":[{"@type":"ListItem","position":1,"name":"Accueil","item":"https:\/\/www.lactissima.com\/a-tire-d-ailes\/"},{"@type":"ListItem","position":2,"name":"Allaiter et travailler : le t\u00e9moignage d&rsquo;Estelle"}]},{"@type":"WebSite","@id":"https:\/\/www.lactissima.com\/a-tire-d-ailes\/#website","url":"https:\/\/www.lactissima.com\/a-tire-d-ailes\/","name":"A tire d&#039;Ailes","description":"Le blog des femmes qui allaitent et travaillent.","potentialAction":[{"@type":"SearchAction","target":{"@type":"EntryPoint","urlTemplate":"https:\/\/www.lactissima.com\/a-tire-d-ailes\/?s={search_term_string}"},"query-input":{"@type":"PropertyValueSpecification","valueRequired":true,"valueName":"search_term_string"}}],"inLanguage":"fr-FR"},{"@type":"Person","@id":"https:\/\/www.lactissima.com\/a-tire-d-ailes\/#\/schema\/person\/8f98d3a89530861bc1240e6d53d44eed","name":"V\u00e9ronique Darmangeat","image":{"@type":"ImageObject","inLanguage":"fr-FR","@id":"https:\/\/secure.gravatar.com\/avatar\/268c99344c89cebfe4f5df5fa8be43068a18884fc76a29f3206fae98465b9cab?s=96&d=identicon&r=g","url":"https:\/\/secure.gravatar.com\/avatar\/268c99344c89cebfe4f5df5fa8be43068a18884fc76a29f3206fae98465b9cab?s=96&d=identicon&r=g","contentUrl":"https:\/\/secure.gravatar.com\/avatar\/268c99344c89cebfe4f5df5fa8be43068a18884fc76a29f3206fae98465b9cab?s=96&d=identicon&r=g","caption":"V\u00e9ronique Darmangeat"},"sameAs":["https:\/\/www.lactissima.com\/a-tire-d-ailes","www.facebook.com\/consultante.en.lactation"]}]}},"_links":{"self":[{"href":"https:\/\/www.lactissima.com\/a-tire-d-ailes\/wp-json\/wp\/v2\/posts\/7138","targetHints":{"allow":["GET"]}}],"collection":[{"href":"https:\/\/www.lactissima.com\/a-tire-d-ailes\/wp-json\/wp\/v2\/posts"}],"about":[{"href":"https:\/\/www.lactissima.com\/a-tire-d-ailes\/wp-json\/wp\/v2\/types\/post"}],"author":[{"embeddable":true,"href":"https:\/\/www.lactissima.com\/a-tire-d-ailes\/wp-json\/wp\/v2\/users\/170"}],"replies":[{"embeddable":true,"href":"https:\/\/www.lactissima.com\/a-tire-d-ailes\/wp-json\/wp\/v2\/comments?post=7138"}],"version-history":[{"count":3,"href":"https:\/\/www.lactissima.com\/a-tire-d-ailes\/wp-json\/wp\/v2\/posts\/7138\/revisions"}],"predecessor-version":[{"id":7142,"href":"https:\/\/www.lactissima.com\/a-tire-d-ailes\/wp-json\/wp\/v2\/posts\/7138\/revisions\/7142"}],"wp:featuredmedia":[{"embeddable":true,"href":"https:\/\/www.lactissima.com\/a-tire-d-ailes\/wp-json\/wp\/v2\/media\/7140"}],"wp:attachment":[{"href":"https:\/\/www.lactissima.com\/a-tire-d-ailes\/wp-json\/wp\/v2\/media?parent=7138"}],"wp:term":[{"taxonomy":"category","embeddable":true,"href":"https:\/\/www.lactissima.com\/a-tire-d-ailes\/wp-json\/wp\/v2\/categories?post=7138"},{"taxonomy":"post_tag","embeddable":true,"href":"https:\/\/www.lactissima.com\/a-tire-d-ailes\/wp-json\/wp\/v2\/tags?post=7138"}],"curies":[{"name":"wp","href":"https:\/\/api.w.org\/{rel}","templated":true}]}}