{"id":7131,"date":"2017-04-13T17:40:05","date_gmt":"2017-04-13T15:40:05","guid":{"rendered":"https:\/\/www.lactissima.com\/a-tire-d-ailes\/?p=7131"},"modified":"2017-04-13T17:40:05","modified_gmt":"2017-04-13T15:40:05","slug":"allaiter-et-travailler-le-temoignage-de-leslie-2","status":"publish","type":"post","link":"https:\/\/www.lactissima.com\/a-tire-d-ailes\/allaiter-et-travailler-le-temoignage-de-leslie-2\/","title":{"rendered":"Allaiter et travailler : le t\u00e9moignage de Leslie"},"content":{"rendered":"<p style=\"text-align: justify;\"><img loading=\"lazy\" decoding=\"async\" class=\"alignright size-full wp-image-7132\" src=\"https:\/\/www.lactissima.com\/a-tire-d-ailes\/wp-content\/uploads\/2017\/04\/Leslie.jpg\" alt=\"allaiter et travailler\" width=\"369\" height=\"277\" srcset=\"https:\/\/www.lactissima.com\/a-tire-d-ailes\/wp-content\/uploads\/2017\/04\/Leslie.jpg 369w, https:\/\/www.lactissima.com\/a-tire-d-ailes\/wp-content\/uploads\/2017\/04\/Leslie-300x225.jpg 300w\" sizes=\"(max-width: 369px) 100vw, 369px\" \/>Bonjour, je m&rsquo;appelle Leslie et je suis la maman d&rsquo;un petit Owen de presque deux ans.<br \/>\n<span style=\"color: #ffffff;\">..<\/span><\/p>\n<ul>\n<li><strong>Quel choix avez-vous fait au moment de la reprise du travail : sevrage ou poursuite de l&rsquo;allaitement ? Pourquoi ?<\/strong><\/li>\n<\/ul>\n<p style=\"text-align: justify;\">Owen est n\u00e9 en mars et je devais reprendre le travail mi-mai (j&rsquo;\u00e9tais professeur des \u00e9coles \u00e0 40 km de chez moi). Ma gyn\u00e9cologue m&rsquo;a fait un arr\u00eat de travail pour suites de couches difficiles, je n&rsquo;ai donc repris le travail qu&rsquo;en septembre 2015. Owen avait d\u00e9j\u00e0 6 mois, l&rsquo;allaitement \u00e9tait bien install\u00e9, nous avons d\u00e9cid\u00e9 de continuer !<br \/>\n<span style=\"color: #ffffff;\">..<\/span><\/p>\n<ul>\n<li><strong>Comment vous \u00eates-vous organis\u00e9e ?<br \/>\n<\/strong><\/li>\n<\/ul>\n<p style=\"text-align: justify;\">De mon c\u00f4t\u00e9 :<br \/>\nJ&rsquo;ai lou\u00e9 un tire-lait \u00e9lectrique double pompage \u00e0 la pharmacie (avec une ordonnance de la p\u00e9diatre) et j&rsquo;ai commenc\u00e9 \u00e0 faire quelques r\u00e9serves pendant l&rsquo;\u00e9t\u00e9. Je savais que je ne tirerais sans doute pas de grosses quantit\u00e9s au d\u00e9but et mon fils allait \u00eatre chez la nounou 10 heures par jour, quatre jours par semaine donc il allait falloir un certain nombre de biberons (que mon fils a tr\u00e8s bien accept\u00e9s d&rsquo;ailleurs, il n&rsquo;a jamais fait de confusion sein\/t\u00e9tine).<br \/>\nA la rentr\u00e9e, j&rsquo;ai pr\u00e9venu la directrice que j&rsquo;allais tirer mon lait \u00e0 la pause de midi et elle m&rsquo;a indiqu\u00e9 une salle o\u00f9 je pouvais \u00eatre tranquille, avec une cl\u00e9, une prise et un lavabo. Une semaine apr\u00e8s, j&rsquo;ai chang\u00e9 d&rsquo;\u00e9cole et l\u00e0 j&rsquo;ai d\u00e9couvert qu&rsquo;aucune salle ne fermait \u00e0 cl\u00e9, et qu&rsquo;il y avait de grandes fen\u00eatres partout (vive la maternelle&#8230;) Nous avons convenu avec les coll\u00e8gues que je pourrais utiliser la salle de rangement du mat\u00e9riel de motricit\u00e9, la seule sans fen\u00eatre de tout l&rsquo;\u00e9tablissement. J&rsquo;ai donc bricol\u00e9 un petit panneau \u00c2\u00ab Occup\u00e9 ! \u00c2\u00bb avec un signe sens interdit (plastifi\u00e9 et tout \u00e7a, les instits ont un dipl\u00f4me de plastifiage en g\u00e9n\u00e9ral !), et je le fixais \u00e0 la porte, que je bloquais avec des bacs de mat\u00e9riel de sport.<br \/>\nJ&rsquo;ai tir\u00e9 mon lait presque tous les midis, pendant toute l&rsquo;ann\u00e9e scolaire 2015-2016. J&rsquo;avais un petit sac isotherme o\u00f9 je mettait les biberons et les t\u00e9terelles (que je lavais chez moi, pour gagner du temps), et hop dans le frigo. D\u00e9but juillet 2016, j&rsquo;ai rendu mon fid\u00e8le tire-lait apr\u00e8s 14 mois de bons et loyaux services.<\/p>\n<p>Du c\u00f4t\u00e9 de mon fils :<br \/>\nLe matin, mon mari apportait chez la nounou le lait tir\u00e9 la veille (ou le vendredi pour le lundi), avec des fois une poche de lait d\u00e9congel\u00e9e pendant la nuit si je n&rsquo;avais pas tir\u00e9 suffisamment. J&rsquo;avais \u00e9galement mis dans le cahier d&rsquo;Owen certaines fiches pratiques trouv\u00e9es ici. La nounou avait aussi dans son cong\u00e9lateur quelques poches de mon lait au cas o\u00f9. Elle notait les quantit\u00e9s bues et les heures, ce qui a permis d&rsquo;ajuster ce que nous lui donnions.<br \/>\nLe week-end et le mercredi apr\u00e8s midi (et aussi la nuit), c&rsquo;\u00e9tait le sein \u00e0 la demande, pour le plus grand bonheur de tout le monde ! Depuis la rentr\u00e9e de septembre 2016, il ne prend plus de lait chez la nounou, nous avons trois ou quatre t\u00e9t\u00e9es par jour la semaine (il ne t\u00e8te plus la nuit depuis juillet), et toujours \u00e0 la demande le reste du temps.<br \/>\n<span style=\"color: #ffffff;\">..<\/span><\/p>\n<ul>\n<li><strong>Quelles ont \u00e9t\u00e9 vos principales difficult\u00e9s ?<br \/>\n<\/strong><\/li>\n<\/ul>\n<p style=\"text-align: justify;\">Ma seule difficult\u00e9 a \u00e9t\u00e9 le manque de temps. Lorsqu&rsquo;on est enseignante, on ne peut pas s&rsquo;absenter pendant le temps de classe, puisqu&rsquo;on doit \u00eatre avec les \u00e9l\u00e8ves. Je ne pouvais donc tirer que le midi, mais je devais aussi manger, assister aux r\u00e9unions, pr\u00e9parer ma classe, etc. C&rsquo;\u00e9tait tr\u00e8s fatiguant.<br \/>\nJe n&rsquo;ai pas vraiment eu d&rsquo;autres difficult\u00e9s, il y a eu quelques entr\u00e9es impromptues de coll\u00e8gues lorsque je tirais mon lait, mais \u00e7a nous a fait rire apr\u00e8s coup ! Mon retour de couches vers les 10 mois de mon fils a fait baisser ma lactation et je tirais beaucoup moins. Mais avec le stock au cong\u00e9lateur et le fait qu&rsquo;il \u00e9tait tr\u00e8s bien diversifi\u00e9 et tr\u00e8s gourmand d&rsquo;autres choses que mon lait, tout s&rsquo;est bien pass\u00e9.<br \/>\n<span style=\"color: #ffffff;\">..<\/span><\/p>\n<ul>\n<li><strong>Quels ont \u00e9t\u00e9 vos meilleurs moments ?<\/strong><\/li>\n<\/ul>\n<p style=\"text-align: justify;\">Au milieu des journ\u00e9es tr\u00e8s fatigantes, bruyantes et o\u00f9 je courrais partout de 7h \u00e0 17h30, je me suis aper\u00e7ue que le temps incompressible (et non-n\u00e9gociable) de ma s\u00e9ance de tire-lait me permettait d&rsquo;avoir un temps \u00e0 moi pour souffler et \u00eatre au calme. Pas d&rsquo;\u00e9l\u00e8ve \u00e0 habiller, pas de coll\u00e8gue qui rentre pour se plaindre, pas de feuilles \u00e0 plastifier, le r\u00eave !<br \/>\nIl y a un moment dont je me souviendrai longtemps : la directrice (une trentaine d&rsquo;ann\u00e9e, pas encore d&rsquo;enfant) veut en savoir plus sur l&rsquo;allaitement, on en discute joyeusement dans son bureau, elle est tr\u00e8s int\u00e9ress\u00e9e par le m\u00e9canisme de le mont\u00e9e de lait, et l\u00e0 elle me dit : \u00c2\u00ab Leslie, tu fuis ! \u00c2\u00bb Le seul fait d&rsquo;en parler et de penser \u00e0 mon fiston avait illustr\u00e9 mon propos&#8230;<br \/>\n<span style=\"color: #ffffff;\">..<\/span><\/p>\n<ul>\n<li><strong>Qu&rsquo;est-ce que vous souhaiteriez dire aux mamans qui doivent faire un choix dans les semaines \u00e0 venir ?<\/strong><\/li>\n<\/ul>\n<p style=\"text-align: justify;\">Aux mamans qui ont un boulot o\u00f9 elles peuvent prendre le temps de tirage\/allaitement autoris\u00e9 par la loi, faites-le !<br \/>\nAux mamans qui travaillent dans l&rsquo;\u00e9ducation nationale : renseignez vous pour un \u00e9ventuel all\u00e8gement de service. Certaines coll\u00e8gues ont \u00e9t\u00e9 dispens\u00e9es d&rsquo;APC (ce sont des heures o\u00f9 l&rsquo;on prend des petits groupes d&rsquo;\u00e9l\u00e8ves volontaires, pour des activit\u00e9s p\u00e9dagogiques ou de la rem\u00e9diation). Demandez aux syndicats de votre d\u00e9partement (il y a un article sur le site du Snuipp71), ou directement \u00e0 l&rsquo;inspecteur. Personnellement je n&rsquo;ai \u00e9t\u00e9 au courant que vers les 11 mois de mon fils, sinon je l&rsquo;aurais demand\u00e9 d\u00e8s la rentr\u00e9e.<br \/>\nA toutes : lisez les conseils de ce blog, c&rsquo;est une mine d&rsquo;or !<br \/>\n<span style=\"color: #ffffff;\">..<\/span><\/p>\n<ul>\n<li><strong>Ce serait \u00e0 refaire, vous referiez le m\u00eame choix ? Que changeriez-vous ?<\/strong><\/li>\n<\/ul>\n<p style=\"text-align: justify;\">Oui je continuerais l&rsquo;allaitement dans tous les cas. Je pense que je demanderais sans doute un temps partiel pour profiter un peu plus de mon fils, mais comme sa nounou est tr\u00e8s bien et qu&rsquo;il est avec moi pendant toutes les vacances scolaires, nous y trouvons notre compte quand m\u00eame.<\/p>\n<p>Nous pr\u00e9voyons un deuxi\u00e8me b\u00e9b\u00e9 pour l&rsquo;an prochain, et depuis septembre je ne suis plus professeur des \u00e9coles, mais doctorante. Je ne sais pas comment se passera le retour au travail la prochaine fois, je travaille beaucoup chez moi donc ce sera plus facile pour tirer mon lait, mais je risque \u00e9galement de m&rsquo;absenter plusieurs jours d&rsquo;affil\u00e9e pour des colloques&#8230; Ce sera donc l&rsquo;objet d&rsquo;un nouveau t\u00e9moignage, dans quelques ann\u00e9es !<br \/>\n<span style=\"color: #ffffff;\">..<\/span><\/p>\n<p><strong>Articles en rapport :<\/strong><\/p>\n<ul>\n<li>Voir l&rsquo;onglet <a href=\"https:\/\/www.lactissima.com\/a-tire-d-ailes\/temoignages-travail-et-allaitement\/\" target=\"_blank\">t\u00e9moignages<\/a><\/li>\n<\/ul>\n<div class='et-box et-shadow'>\n\t\t\t\t\t<div class='et-box-content'>Lire des articles ou poser des questions en commentaire ne suffit pas \u00e0 r\u00e9soudre votre probl\u00e8me ?\nSavez-vous que vous pouvez prendre RDV pour une consultation avec moi ?\nN&rsquo;h\u00e9sitez pas \u00e0 me contacter !<\/div><\/div>\n","protected":false},"excerpt":{"rendered":"<p>Bonjour, je m&rsquo;appelle Leslie et je suis la maman d&rsquo;un petit Owen de presque deux ans. .. Quel choix avez-vous fait au moment de la reprise du travail : sevrage ou poursuite de l&rsquo;allaitement ? Pourquoi ? Owen est n\u00e9 en mars et je devais reprendre le travail mi-mai (j&rsquo;\u00e9tais professeur des \u00e9coles \u00e0 40 [&hellip;]<\/p>\n","protected":false},"author":170,"featured_media":7132,"comment_status":"open","ping_status":"open","sticky":false,"template":"","format":"standard","meta":{"_et_pb_use_builder":"","_et_pb_old_content":"","_et_gb_content_width":"","footnotes":""},"categories":[150],"tags":[],"class_list":["post-7131","post","type-post","status-publish","format-standard","has-post-thumbnail","hentry","category-temoignages"],"yoast_head":"<!-- This site is optimized with the Yoast SEO plugin v27.4 - https:\/\/yoast.com\/product\/yoast-seo-wordpress\/ -->\n<title>Allaiter et travailler : le t\u00e9moignage de Leslie<\/title>\n<meta name=\"description\" content=\"Leslie est enseignante en maternelle et a r\u00e9ussi \u00e0 tirer son lait au travail pendant plus d&#039;un an. Elle vous explique comment elle a fait.\" \/>\n<meta name=\"robots\" content=\"index, follow, max-snippet:-1, max-image-preview:large, max-video-preview:-1\" \/>\n<link rel=\"canonical\" href=\"https:\/\/www.lactissima.com\/a-tire-d-ailes\/allaiter-et-travailler-le-temoignage-de-leslie-2\/\" \/>\n<meta property=\"og:locale\" content=\"fr_FR\" \/>\n<meta property=\"og:type\" content=\"article\" \/>\n<meta property=\"og:title\" content=\"Allaiter et travailler : le t\u00e9moignage de Leslie\" \/>\n<meta property=\"og:description\" content=\"Leslie est enseignante en maternelle et a r\u00e9ussi \u00e0 tirer son lait au travail pendant plus d&#039;un an. Elle vous explique comment elle a fait.\" \/>\n<meta property=\"og:url\" content=\"https:\/\/www.lactissima.com\/a-tire-d-ailes\/allaiter-et-travailler-le-temoignage-de-leslie-2\/\" \/>\n<meta property=\"og:site_name\" content=\"A tire d&#039;Ailes\" \/>\n<meta property=\"article:publisher\" content=\"https:\/\/www.facebook.com\/consultante.en.lactation\" \/>\n<meta property=\"article:author\" content=\"www.facebook.com\/consultante.en.lactation\" \/>\n<meta property=\"article:published_time\" content=\"2017-04-13T15:40:05+00:00\" \/>\n<meta property=\"og:image\" content=\"https:\/\/www.lactissima.com\/a-tire-d-ailes\/wp-content\/uploads\/2017\/04\/Leslie.jpg\" \/>\n\t<meta property=\"og:image:width\" content=\"369\" \/>\n\t<meta property=\"og:image:height\" content=\"277\" \/>\n\t<meta property=\"og:image:type\" content=\"image\/jpeg\" \/>\n<meta name=\"author\" content=\"V\u00e9ronique Darmangeat\" \/>\n<meta name=\"twitter:card\" content=\"summary_large_image\" \/>\n<meta name=\"twitter:creator\" content=\"@VeroniqueIBCLC\" \/>\n<meta name=\"twitter:site\" content=\"@VeroniqueIBCLC\" \/>\n<meta name=\"twitter:label1\" content=\"\u00c9crit par\" \/>\n\t<meta name=\"twitter:data1\" content=\"V\u00e9ronique Darmangeat\" \/>\n\t<meta name=\"twitter:label2\" content=\"Dur\u00e9e de lecture estim\u00e9e\" \/>\n\t<meta name=\"twitter:data2\" content=\"6 minutes\" \/>\n<script type=\"application\/ld+json\" class=\"yoast-schema-graph\">{\"@context\":\"https:\\\/\\\/schema.org\",\"@graph\":[{\"@type\":\"Article\",\"@id\":\"https:\\\/\\\/www.lactissima.com\\\/a-tire-d-ailes\\\/allaiter-et-travailler-le-temoignage-de-leslie-2\\\/#article\",\"isPartOf\":{\"@id\":\"https:\\\/\\\/www.lactissima.com\\\/a-tire-d-ailes\\\/allaiter-et-travailler-le-temoignage-de-leslie-2\\\/\"},\"author\":{\"name\":\"V\u00e9ronique Darmangeat\",\"@id\":\"https:\\\/\\\/www.lactissima.com\\\/a-tire-d-ailes\\\/#\\\/schema\\\/person\\\/8f98d3a89530861bc1240e6d53d44eed\"},\"headline\":\"Allaiter et travailler : le t\u00e9moignage de Leslie\",\"datePublished\":\"2017-04-13T15:40:05+00:00\",\"mainEntityOfPage\":{\"@id\":\"https:\\\/\\\/www.lactissima.com\\\/a-tire-d-ailes\\\/allaiter-et-travailler-le-temoignage-de-leslie-2\\\/\"},\"wordCount\":1225,\"commentCount\":11,\"image\":{\"@id\":\"https:\\\/\\\/www.lactissima.com\\\/a-tire-d-ailes\\\/allaiter-et-travailler-le-temoignage-de-leslie-2\\\/#primaryimage\"},\"thumbnailUrl\":\"https:\\\/\\\/www.lactissima.com\\\/a-tire-d-ailes\\\/wp-content\\\/uploads\\\/2017\\\/04\\\/Leslie.jpg\",\"articleSection\":[\"t\u00e9moignages\"],\"inLanguage\":\"fr-FR\",\"potentialAction\":[{\"@type\":\"CommentAction\",\"name\":\"Comment\",\"target\":[\"https:\\\/\\\/www.lactissima.com\\\/a-tire-d-ailes\\\/allaiter-et-travailler-le-temoignage-de-leslie-2\\\/#respond\"]}]},{\"@type\":\"WebPage\",\"@id\":\"https:\\\/\\\/www.lactissima.com\\\/a-tire-d-ailes\\\/allaiter-et-travailler-le-temoignage-de-leslie-2\\\/\",\"url\":\"https:\\\/\\\/www.lactissima.com\\\/a-tire-d-ailes\\\/allaiter-et-travailler-le-temoignage-de-leslie-2\\\/\",\"name\":\"Allaiter et travailler : le t\u00e9moignage de Leslie\",\"isPartOf\":{\"@id\":\"https:\\\/\\\/www.lactissima.com\\\/a-tire-d-ailes\\\/#website\"},\"primaryImageOfPage\":{\"@id\":\"https:\\\/\\\/www.lactissima.com\\\/a-tire-d-ailes\\\/allaiter-et-travailler-le-temoignage-de-leslie-2\\\/#primaryimage\"},\"image\":{\"@id\":\"https:\\\/\\\/www.lactissima.com\\\/a-tire-d-ailes\\\/allaiter-et-travailler-le-temoignage-de-leslie-2\\\/#primaryimage\"},\"thumbnailUrl\":\"https:\\\/\\\/www.lactissima.com\\\/a-tire-d-ailes\\\/wp-content\\\/uploads\\\/2017\\\/04\\\/Leslie.jpg\",\"datePublished\":\"2017-04-13T15:40:05+00:00\",\"author\":{\"@id\":\"https:\\\/\\\/www.lactissima.com\\\/a-tire-d-ailes\\\/#\\\/schema\\\/person\\\/8f98d3a89530861bc1240e6d53d44eed\"},\"description\":\"Leslie est enseignante en maternelle et a r\u00e9ussi \u00e0 tirer son lait au travail pendant plus d'un an. Elle vous explique comment elle a fait.\",\"breadcrumb\":{\"@id\":\"https:\\\/\\\/www.lactissima.com\\\/a-tire-d-ailes\\\/allaiter-et-travailler-le-temoignage-de-leslie-2\\\/#breadcrumb\"},\"inLanguage\":\"fr-FR\",\"potentialAction\":[{\"@type\":\"ReadAction\",\"target\":[\"https:\\\/\\\/www.lactissima.com\\\/a-tire-d-ailes\\\/allaiter-et-travailler-le-temoignage-de-leslie-2\\\/\"]}]},{\"@type\":\"ImageObject\",\"inLanguage\":\"fr-FR\",\"@id\":\"https:\\\/\\\/www.lactissima.com\\\/a-tire-d-ailes\\\/allaiter-et-travailler-le-temoignage-de-leslie-2\\\/#primaryimage\",\"url\":\"https:\\\/\\\/www.lactissima.com\\\/a-tire-d-ailes\\\/wp-content\\\/uploads\\\/2017\\\/04\\\/Leslie.jpg\",\"contentUrl\":\"https:\\\/\\\/www.lactissima.com\\\/a-tire-d-ailes\\\/wp-content\\\/uploads\\\/2017\\\/04\\\/Leslie.jpg\",\"width\":369,\"height\":277,\"caption\":\"allaiter et travailler\"},{\"@type\":\"BreadcrumbList\",\"@id\":\"https:\\\/\\\/www.lactissima.com\\\/a-tire-d-ailes\\\/allaiter-et-travailler-le-temoignage-de-leslie-2\\\/#breadcrumb\",\"itemListElement\":[{\"@type\":\"ListItem\",\"position\":1,\"name\":\"Accueil\",\"item\":\"https:\\\/\\\/www.lactissima.com\\\/a-tire-d-ailes\\\/\"},{\"@type\":\"ListItem\",\"position\":2,\"name\":\"Allaiter et travailler : le t\u00e9moignage de Leslie\"}]},{\"@type\":\"WebSite\",\"@id\":\"https:\\\/\\\/www.lactissima.com\\\/a-tire-d-ailes\\\/#website\",\"url\":\"https:\\\/\\\/www.lactissima.com\\\/a-tire-d-ailes\\\/\",\"name\":\"A tire d&#039;Ailes\",\"description\":\"Le blog des femmes qui allaitent et travaillent.\",\"potentialAction\":[{\"@type\":\"SearchAction\",\"target\":{\"@type\":\"EntryPoint\",\"urlTemplate\":\"https:\\\/\\\/www.lactissima.com\\\/a-tire-d-ailes\\\/?s={search_term_string}\"},\"query-input\":{\"@type\":\"PropertyValueSpecification\",\"valueRequired\":true,\"valueName\":\"search_term_string\"}}],\"inLanguage\":\"fr-FR\"},{\"@type\":\"Person\",\"@id\":\"https:\\\/\\\/www.lactissima.com\\\/a-tire-d-ailes\\\/#\\\/schema\\\/person\\\/8f98d3a89530861bc1240e6d53d44eed\",\"name\":\"V\u00e9ronique Darmangeat\",\"image\":{\"@type\":\"ImageObject\",\"inLanguage\":\"fr-FR\",\"@id\":\"https:\\\/\\\/secure.gravatar.com\\\/avatar\\\/268c99344c89cebfe4f5df5fa8be43068a18884fc76a29f3206fae98465b9cab?s=96&d=identicon&r=g\",\"url\":\"https:\\\/\\\/secure.gravatar.com\\\/avatar\\\/268c99344c89cebfe4f5df5fa8be43068a18884fc76a29f3206fae98465b9cab?s=96&d=identicon&r=g\",\"contentUrl\":\"https:\\\/\\\/secure.gravatar.com\\\/avatar\\\/268c99344c89cebfe4f5df5fa8be43068a18884fc76a29f3206fae98465b9cab?s=96&d=identicon&r=g\",\"caption\":\"V\u00e9ronique Darmangeat\"},\"sameAs\":[\"https:\\\/\\\/www.lactissima.com\\\/a-tire-d-ailes\",\"www.facebook.com\\\/consultante.en.lactation\"]}]}<\/script>\n<!-- \/ Yoast SEO plugin. -->","yoast_head_json":{"title":"Allaiter et travailler : le t\u00e9moignage de Leslie","description":"Leslie est enseignante en maternelle et a r\u00e9ussi \u00e0 tirer son lait au travail pendant plus d'un an. Elle vous explique comment elle a fait.","robots":{"index":"index","follow":"follow","max-snippet":"max-snippet:-1","max-image-preview":"max-image-preview:large","max-video-preview":"max-video-preview:-1"},"canonical":"https:\/\/www.lactissima.com\/a-tire-d-ailes\/allaiter-et-travailler-le-temoignage-de-leslie-2\/","og_locale":"fr_FR","og_type":"article","og_title":"Allaiter et travailler : le t\u00e9moignage de Leslie","og_description":"Leslie est enseignante en maternelle et a r\u00e9ussi \u00e0 tirer son lait au travail pendant plus d'un an. Elle vous explique comment elle a fait.","og_url":"https:\/\/www.lactissima.com\/a-tire-d-ailes\/allaiter-et-travailler-le-temoignage-de-leslie-2\/","og_site_name":"A tire d&#039;Ailes","article_publisher":"https:\/\/www.facebook.com\/consultante.en.lactation","article_author":"www.facebook.com\/consultante.en.lactation","article_published_time":"2017-04-13T15:40:05+00:00","og_image":[{"width":369,"height":277,"url":"https:\/\/www.lactissima.com\/a-tire-d-ailes\/wp-content\/uploads\/2017\/04\/Leslie.jpg","type":"image\/jpeg"}],"author":"V\u00e9ronique Darmangeat","twitter_card":"summary_large_image","twitter_creator":"@VeroniqueIBCLC","twitter_site":"@VeroniqueIBCLC","twitter_misc":{"\u00c9crit par":"V\u00e9ronique Darmangeat","Dur\u00e9e de lecture estim\u00e9e":"6 minutes"},"schema":{"@context":"https:\/\/schema.org","@graph":[{"@type":"Article","@id":"https:\/\/www.lactissima.com\/a-tire-d-ailes\/allaiter-et-travailler-le-temoignage-de-leslie-2\/#article","isPartOf":{"@id":"https:\/\/www.lactissima.com\/a-tire-d-ailes\/allaiter-et-travailler-le-temoignage-de-leslie-2\/"},"author":{"name":"V\u00e9ronique Darmangeat","@id":"https:\/\/www.lactissima.com\/a-tire-d-ailes\/#\/schema\/person\/8f98d3a89530861bc1240e6d53d44eed"},"headline":"Allaiter et travailler : le t\u00e9moignage de Leslie","datePublished":"2017-04-13T15:40:05+00:00","mainEntityOfPage":{"@id":"https:\/\/www.lactissima.com\/a-tire-d-ailes\/allaiter-et-travailler-le-temoignage-de-leslie-2\/"},"wordCount":1225,"commentCount":11,"image":{"@id":"https:\/\/www.lactissima.com\/a-tire-d-ailes\/allaiter-et-travailler-le-temoignage-de-leslie-2\/#primaryimage"},"thumbnailUrl":"https:\/\/www.lactissima.com\/a-tire-d-ailes\/wp-content\/uploads\/2017\/04\/Leslie.jpg","articleSection":["t\u00e9moignages"],"inLanguage":"fr-FR","potentialAction":[{"@type":"CommentAction","name":"Comment","target":["https:\/\/www.lactissima.com\/a-tire-d-ailes\/allaiter-et-travailler-le-temoignage-de-leslie-2\/#respond"]}]},{"@type":"WebPage","@id":"https:\/\/www.lactissima.com\/a-tire-d-ailes\/allaiter-et-travailler-le-temoignage-de-leslie-2\/","url":"https:\/\/www.lactissima.com\/a-tire-d-ailes\/allaiter-et-travailler-le-temoignage-de-leslie-2\/","name":"Allaiter et travailler : le t\u00e9moignage de Leslie","isPartOf":{"@id":"https:\/\/www.lactissima.com\/a-tire-d-ailes\/#website"},"primaryImageOfPage":{"@id":"https:\/\/www.lactissima.com\/a-tire-d-ailes\/allaiter-et-travailler-le-temoignage-de-leslie-2\/#primaryimage"},"image":{"@id":"https:\/\/www.lactissima.com\/a-tire-d-ailes\/allaiter-et-travailler-le-temoignage-de-leslie-2\/#primaryimage"},"thumbnailUrl":"https:\/\/www.lactissima.com\/a-tire-d-ailes\/wp-content\/uploads\/2017\/04\/Leslie.jpg","datePublished":"2017-04-13T15:40:05+00:00","author":{"@id":"https:\/\/www.lactissima.com\/a-tire-d-ailes\/#\/schema\/person\/8f98d3a89530861bc1240e6d53d44eed"},"description":"Leslie est enseignante en maternelle et a r\u00e9ussi \u00e0 tirer son lait au travail pendant plus d'un an. Elle vous explique comment elle a fait.","breadcrumb":{"@id":"https:\/\/www.lactissima.com\/a-tire-d-ailes\/allaiter-et-travailler-le-temoignage-de-leslie-2\/#breadcrumb"},"inLanguage":"fr-FR","potentialAction":[{"@type":"ReadAction","target":["https:\/\/www.lactissima.com\/a-tire-d-ailes\/allaiter-et-travailler-le-temoignage-de-leslie-2\/"]}]},{"@type":"ImageObject","inLanguage":"fr-FR","@id":"https:\/\/www.lactissima.com\/a-tire-d-ailes\/allaiter-et-travailler-le-temoignage-de-leslie-2\/#primaryimage","url":"https:\/\/www.lactissima.com\/a-tire-d-ailes\/wp-content\/uploads\/2017\/04\/Leslie.jpg","contentUrl":"https:\/\/www.lactissima.com\/a-tire-d-ailes\/wp-content\/uploads\/2017\/04\/Leslie.jpg","width":369,"height":277,"caption":"allaiter et travailler"},{"@type":"BreadcrumbList","@id":"https:\/\/www.lactissima.com\/a-tire-d-ailes\/allaiter-et-travailler-le-temoignage-de-leslie-2\/#breadcrumb","itemListElement":[{"@type":"ListItem","position":1,"name":"Accueil","item":"https:\/\/www.lactissima.com\/a-tire-d-ailes\/"},{"@type":"ListItem","position":2,"name":"Allaiter et travailler : le t\u00e9moignage de Leslie"}]},{"@type":"WebSite","@id":"https:\/\/www.lactissima.com\/a-tire-d-ailes\/#website","url":"https:\/\/www.lactissima.com\/a-tire-d-ailes\/","name":"A tire d&#039;Ailes","description":"Le blog des femmes qui allaitent et travaillent.","potentialAction":[{"@type":"SearchAction","target":{"@type":"EntryPoint","urlTemplate":"https:\/\/www.lactissima.com\/a-tire-d-ailes\/?s={search_term_string}"},"query-input":{"@type":"PropertyValueSpecification","valueRequired":true,"valueName":"search_term_string"}}],"inLanguage":"fr-FR"},{"@type":"Person","@id":"https:\/\/www.lactissima.com\/a-tire-d-ailes\/#\/schema\/person\/8f98d3a89530861bc1240e6d53d44eed","name":"V\u00e9ronique Darmangeat","image":{"@type":"ImageObject","inLanguage":"fr-FR","@id":"https:\/\/secure.gravatar.com\/avatar\/268c99344c89cebfe4f5df5fa8be43068a18884fc76a29f3206fae98465b9cab?s=96&d=identicon&r=g","url":"https:\/\/secure.gravatar.com\/avatar\/268c99344c89cebfe4f5df5fa8be43068a18884fc76a29f3206fae98465b9cab?s=96&d=identicon&r=g","contentUrl":"https:\/\/secure.gravatar.com\/avatar\/268c99344c89cebfe4f5df5fa8be43068a18884fc76a29f3206fae98465b9cab?s=96&d=identicon&r=g","caption":"V\u00e9ronique Darmangeat"},"sameAs":["https:\/\/www.lactissima.com\/a-tire-d-ailes","www.facebook.com\/consultante.en.lactation"]}]}},"_links":{"self":[{"href":"https:\/\/www.lactissima.com\/a-tire-d-ailes\/wp-json\/wp\/v2\/posts\/7131","targetHints":{"allow":["GET"]}}],"collection":[{"href":"https:\/\/www.lactissima.com\/a-tire-d-ailes\/wp-json\/wp\/v2\/posts"}],"about":[{"href":"https:\/\/www.lactissima.com\/a-tire-d-ailes\/wp-json\/wp\/v2\/types\/post"}],"author":[{"embeddable":true,"href":"https:\/\/www.lactissima.com\/a-tire-d-ailes\/wp-json\/wp\/v2\/users\/170"}],"replies":[{"embeddable":true,"href":"https:\/\/www.lactissima.com\/a-tire-d-ailes\/wp-json\/wp\/v2\/comments?post=7131"}],"version-history":[{"count":2,"href":"https:\/\/www.lactissima.com\/a-tire-d-ailes\/wp-json\/wp\/v2\/posts\/7131\/revisions"}],"predecessor-version":[{"id":7134,"href":"https:\/\/www.lactissima.com\/a-tire-d-ailes\/wp-json\/wp\/v2\/posts\/7131\/revisions\/7134"}],"wp:featuredmedia":[{"embeddable":true,"href":"https:\/\/www.lactissima.com\/a-tire-d-ailes\/wp-json\/wp\/v2\/media\/7132"}],"wp:attachment":[{"href":"https:\/\/www.lactissima.com\/a-tire-d-ailes\/wp-json\/wp\/v2\/media?parent=7131"}],"wp:term":[{"taxonomy":"category","embeddable":true,"href":"https:\/\/www.lactissima.com\/a-tire-d-ailes\/wp-json\/wp\/v2\/categories?post=7131"},{"taxonomy":"post_tag","embeddable":true,"href":"https:\/\/www.lactissima.com\/a-tire-d-ailes\/wp-json\/wp\/v2\/tags?post=7131"}],"curies":[{"name":"wp","href":"https:\/\/api.w.org\/{rel}","templated":true}]}}