{"id":7116,"date":"2017-03-30T18:18:59","date_gmt":"2017-03-30T16:18:59","guid":{"rendered":"https:\/\/www.lactissima.com\/a-tire-d-ailes\/?p=7116"},"modified":"2017-03-30T18:18:59","modified_gmt":"2017-03-30T16:18:59","slug":"quelles-sont-vos-priorites","status":"publish","type":"post","link":"https:\/\/www.lactissima.com\/a-tire-d-ailes\/quelles-sont-vos-priorites\/","title":{"rendered":"Quelles sont vos priorit\u00e9s ?"},"content":{"rendered":"<div id=\"attachment_7119\" style=\"width: 274px\" class=\"wp-caption alignright\"><img loading=\"lazy\" decoding=\"async\" aria-describedby=\"caption-attachment-7119\" class=\"size-full wp-image-7119\" src=\"https:\/\/www.lactissima.com\/a-tire-d-ailes\/wp-content\/uploads\/2017\/03\/priorit\u00e9s.jpg\" alt=\"\" width=\"264\" height=\"260\" srcset=\"https:\/\/www.lactissima.com\/a-tire-d-ailes\/wp-content\/uploads\/2017\/03\/priorit\u00e9s.jpg 264w, https:\/\/www.lactissima.com\/a-tire-d-ailes\/wp-content\/uploads\/2017\/03\/priorit\u00e9s-83x83.jpg 83w\" sizes=\"(max-width: 264px) 100vw, 264px\" \/><p id=\"caption-attachment-7119\" class=\"wp-caption-text\">Nguyen Thanh Binh<\/p><\/div>\n<p style=\"text-align: justify;\">Pour toutes les m\u00e8res, la question de la <strong>reprise du travail<\/strong> apr\u00e8s le cong\u00e9 maternit\u00e9 est une question difficile. C&rsquo;est en effet une question de choix. On prend conscience \u00e0 ce moment l\u00e0 que l&rsquo;on ne peut pas tout faire \u00e0 la fois, reprendre le travail et avoir son b\u00e9b\u00e9 avec soi par exemple.<\/p>\n<p style=\"text-align: justify;\">Toute une s\u00e9rie de <strong>choix<\/strong> se pose alors :<\/p>\n<ul style=\"text-align: justify;\">\n<li>Reprendre le travail&#8230;ou pas<\/li>\n<li>Tirer son lait sur la pause du midi&#8230;ou profiter de cette pause pour discuter avec ses coll\u00e8gues<\/li>\n<li>S&rsquo;occuper de sa maison en rentrant du travail&#8230;ou garder son b\u00e9b\u00e9 au sein<\/li>\n<li>Garder sa r\u00e9mun\u00e9ration compl\u00e8te&#8230;ou prendre un temps partiel<\/li>\n<li>Allaiter&#8230;ou retrouver son corps juste pour soi<\/li>\n<li>Accepter un d\u00e9placement professionnel&#8230;ou risquer la perte de son poste pour ne pas partir sans son b\u00e9b\u00e9<\/li>\n<li>et tant d&rsquo;autres choix pas toujours faciles&#8230;<\/li>\n<\/ul>\n<p style=\"text-align: justify;\">Au lieu de vivre cela comme un <strong>d\u00e9chirement<\/strong>, il est plus important de le voir comme un choix. Cela permet d&rsquo;assumer son choix car on l&rsquo;a r\u00e9fl\u00e9chi comme \u00e9tant la <strong>meilleure solution<\/strong> pour sa famille \u00e0 ce moment l\u00e0 . Ce qui ne veut pas dire que l&rsquo;on refera le m\u00eame choix pour un autre enfant. Cela signifie seulement qu&rsquo;\u00e0 ce moment l\u00e0 , c&rsquo;est la meilleure solution.<\/p>\n<p style=\"text-align: justify;\">Faire un choix n&rsquo;est pas toujours facile et c&rsquo;est important de r\u00e9fl\u00e9chir \u00e0 la question suivante :<br \/>\n<strong>Quelles sont vos priorit\u00e9s ?<\/strong><\/p>\n<p style=\"text-align: justify;\">On peut ensuite se donner les moyens de vivre ses priorit\u00e9s.<br \/>\nPour certaines familles, cela peut \u00eatre une diminution du train de vie pour prendre un cong\u00e9.<br \/>\nPour d&rsquo;autres familles, choisir la meilleure nounou pour reprendre le travail l&rsquo;esprit tranquille.<\/p>\n<p style=\"text-align: justify;\">On peut aussi garder en t\u00eate que l&rsquo;on peut diff\u00e9rer certains besoins mais que l&rsquo;on ne peut pas diff\u00e9rer ceux d&rsquo;un b\u00e9b\u00e9 ou la croissance de son enfant.<\/p>\n<p style=\"text-align: justify;\">Peu importe vos choix, s&rsquo;ils <strong>vous correspondent<\/strong> et que vous vous donnez les moyens de les vivre au mieux.<\/p>\n<p style=\"text-align: justify;\">Prendre conscience qu&rsquo;on a le choix permet de vivre pleinement son choix. Et renoncer \u00e0 certaines choses laisse la place \u00e0 de nouvelles opportunit\u00e9s. Donnez une chance \u00e0 votre avenir !<\/p>\n<p style=\"text-align: justify;\">Et <strong>vous<\/strong>, quels choix avez-vous d\u00fb faire ?<\/p>\n<div class='et-box et-shadow'>\n\t\t\t\t\t<div class='et-box-content'>Lire des articles ou poser des questions en commentaire ne suffit pas \u00e0 r\u00e9soudre votre probl\u00e8me ?\nSavez-vous que vous pouvez prendre RDV pour une consultation avec moi ?\nN&rsquo;h\u00e9sitez pas \u00e0 me contacter !<\/div><\/div>\n","protected":false},"excerpt":{"rendered":"<p>Pour toutes les m\u00e8res, la question de la reprise du travail apr\u00e8s le cong\u00e9 maternit\u00e9 est une question difficile. C&rsquo;est en effet une question de choix. On prend conscience \u00e0 ce moment l\u00e0 que l&rsquo;on ne peut pas tout faire \u00e0 la fois, reprendre le travail et avoir son b\u00e9b\u00e9 avec soi par exemple. Toute [&hellip;]<\/p>\n","protected":false},"author":170,"featured_media":7119,"comment_status":"open","ping_status":"open","sticky":false,"template":"","format":"standard","meta":{"_et_pb_use_builder":"","_et_pb_old_content":"","_et_gb_content_width":"","footnotes":""},"categories":[36,46],"tags":[],"class_list":["post-7116","post","type-post","status-publish","format-standard","has-post-thumbnail","hentry","category-allaitement-et-travail","category-vie-de-famille"],"yoast_head":"<!-- This site is optimized with the Yoast SEO plugin v27.4 - https:\/\/yoast.com\/product\/yoast-seo-wordpress\/ -->\n<title>Quelles sont vos priorit\u00e9s ?<\/title>\n<meta name=\"description\" content=\"A la reprise du travail, de nombreux choix sont difficiles. La question essentielle est celle de vos priorit\u00e9s pour pouvoir faire les choix de votre famille\" \/>\n<meta name=\"robots\" content=\"index, follow, max-snippet:-1, max-image-preview:large, max-video-preview:-1\" \/>\n<link rel=\"canonical\" href=\"https:\/\/www.lactissima.com\/a-tire-d-ailes\/quelles-sont-vos-priorites\/\" \/>\n<meta property=\"og:locale\" content=\"fr_FR\" \/>\n<meta property=\"og:type\" content=\"article\" \/>\n<meta property=\"og:title\" content=\"Quelles sont vos priorit\u00e9s ?\" \/>\n<meta property=\"og:description\" content=\"A la reprise du travail, de nombreux choix sont difficiles. La question essentielle est celle de vos priorit\u00e9s pour pouvoir faire les choix de votre famille\" \/>\n<meta property=\"og:url\" content=\"https:\/\/www.lactissima.com\/a-tire-d-ailes\/quelles-sont-vos-priorites\/\" \/>\n<meta property=\"og:site_name\" content=\"A tire d&#039;Ailes\" \/>\n<meta property=\"article:publisher\" content=\"https:\/\/www.facebook.com\/consultante.en.lactation\" \/>\n<meta property=\"article:author\" content=\"www.facebook.com\/consultante.en.lactation\" \/>\n<meta property=\"article:published_time\" content=\"2017-03-30T16:18:59+00:00\" \/>\n<meta property=\"og:image\" content=\"https:\/\/www.lactissima.com\/a-tire-d-ailes\/wp-content\/uploads\/2017\/03\/priorit\u00e9s.jpg\" \/>\n\t<meta property=\"og:image:width\" content=\"264\" \/>\n\t<meta property=\"og:image:height\" content=\"260\" \/>\n\t<meta property=\"og:image:type\" content=\"image\/jpeg\" \/>\n<meta name=\"author\" content=\"V\u00e9ronique Darmangeat\" \/>\n<meta name=\"twitter:card\" content=\"summary_large_image\" \/>\n<meta name=\"twitter:creator\" content=\"@VeroniqueIBCLC\" \/>\n<meta name=\"twitter:site\" content=\"@VeroniqueIBCLC\" \/>\n<meta name=\"twitter:label1\" content=\"\u00c9crit par\" \/>\n\t<meta name=\"twitter:data1\" content=\"V\u00e9ronique Darmangeat\" \/>\n\t<meta name=\"twitter:label2\" content=\"Dur\u00e9e de lecture estim\u00e9e\" \/>\n\t<meta name=\"twitter:data2\" content=\"2 minutes\" \/>\n<script type=\"application\/ld+json\" class=\"yoast-schema-graph\">{\"@context\":\"https:\\\/\\\/schema.org\",\"@graph\":[{\"@type\":\"Article\",\"@id\":\"https:\\\/\\\/www.lactissima.com\\\/a-tire-d-ailes\\\/quelles-sont-vos-priorites\\\/#article\",\"isPartOf\":{\"@id\":\"https:\\\/\\\/www.lactissima.com\\\/a-tire-d-ailes\\\/quelles-sont-vos-priorites\\\/\"},\"author\":{\"name\":\"V\u00e9ronique Darmangeat\",\"@id\":\"https:\\\/\\\/www.lactissima.com\\\/a-tire-d-ailes\\\/#\\\/schema\\\/person\\\/8f98d3a89530861bc1240e6d53d44eed\"},\"headline\":\"Quelles sont vos priorit\u00e9s ?\",\"datePublished\":\"2017-03-30T16:18:59+00:00\",\"mainEntityOfPage\":{\"@id\":\"https:\\\/\\\/www.lactissima.com\\\/a-tire-d-ailes\\\/quelles-sont-vos-priorites\\\/\"},\"wordCount\":436,\"commentCount\":0,\"image\":{\"@id\":\"https:\\\/\\\/www.lactissima.com\\\/a-tire-d-ailes\\\/quelles-sont-vos-priorites\\\/#primaryimage\"},\"thumbnailUrl\":\"https:\\\/\\\/www.lactissima.com\\\/a-tire-d-ailes\\\/wp-content\\\/uploads\\\/2017\\\/03\\\/priorit\u00e9s.jpg\",\"articleSection\":[\"Allaitement et Travail\",\"Vie de famille\"],\"inLanguage\":\"fr-FR\",\"potentialAction\":[{\"@type\":\"CommentAction\",\"name\":\"Comment\",\"target\":[\"https:\\\/\\\/www.lactissima.com\\\/a-tire-d-ailes\\\/quelles-sont-vos-priorites\\\/#respond\"]}]},{\"@type\":\"WebPage\",\"@id\":\"https:\\\/\\\/www.lactissima.com\\\/a-tire-d-ailes\\\/quelles-sont-vos-priorites\\\/\",\"url\":\"https:\\\/\\\/www.lactissima.com\\\/a-tire-d-ailes\\\/quelles-sont-vos-priorites\\\/\",\"name\":\"Quelles sont vos priorit\u00e9s ?\",\"isPartOf\":{\"@id\":\"https:\\\/\\\/www.lactissima.com\\\/a-tire-d-ailes\\\/#website\"},\"primaryImageOfPage\":{\"@id\":\"https:\\\/\\\/www.lactissima.com\\\/a-tire-d-ailes\\\/quelles-sont-vos-priorites\\\/#primaryimage\"},\"image\":{\"@id\":\"https:\\\/\\\/www.lactissima.com\\\/a-tire-d-ailes\\\/quelles-sont-vos-priorites\\\/#primaryimage\"},\"thumbnailUrl\":\"https:\\\/\\\/www.lactissima.com\\\/a-tire-d-ailes\\\/wp-content\\\/uploads\\\/2017\\\/03\\\/priorit\u00e9s.jpg\",\"datePublished\":\"2017-03-30T16:18:59+00:00\",\"author\":{\"@id\":\"https:\\\/\\\/www.lactissima.com\\\/a-tire-d-ailes\\\/#\\\/schema\\\/person\\\/8f98d3a89530861bc1240e6d53d44eed\"},\"description\":\"A la reprise du travail, de nombreux choix sont difficiles. La question essentielle est celle de vos priorit\u00e9s pour pouvoir faire les choix de votre famille\",\"breadcrumb\":{\"@id\":\"https:\\\/\\\/www.lactissima.com\\\/a-tire-d-ailes\\\/quelles-sont-vos-priorites\\\/#breadcrumb\"},\"inLanguage\":\"fr-FR\",\"potentialAction\":[{\"@type\":\"ReadAction\",\"target\":[\"https:\\\/\\\/www.lactissima.com\\\/a-tire-d-ailes\\\/quelles-sont-vos-priorites\\\/\"]}]},{\"@type\":\"ImageObject\",\"inLanguage\":\"fr-FR\",\"@id\":\"https:\\\/\\\/www.lactissima.com\\\/a-tire-d-ailes\\\/quelles-sont-vos-priorites\\\/#primaryimage\",\"url\":\"https:\\\/\\\/www.lactissima.com\\\/a-tire-d-ailes\\\/wp-content\\\/uploads\\\/2017\\\/03\\\/priorit\u00e9s.jpg\",\"contentUrl\":\"https:\\\/\\\/www.lactissima.com\\\/a-tire-d-ailes\\\/wp-content\\\/uploads\\\/2017\\\/03\\\/priorit\u00e9s.jpg\",\"width\":264,\"height\":260,\"caption\":\"Nguyen Thanh Binh\"},{\"@type\":\"BreadcrumbList\",\"@id\":\"https:\\\/\\\/www.lactissima.com\\\/a-tire-d-ailes\\\/quelles-sont-vos-priorites\\\/#breadcrumb\",\"itemListElement\":[{\"@type\":\"ListItem\",\"position\":1,\"name\":\"Accueil\",\"item\":\"https:\\\/\\\/www.lactissima.com\\\/a-tire-d-ailes\\\/\"},{\"@type\":\"ListItem\",\"position\":2,\"name\":\"Quelles sont vos priorit\u00e9s ?\"}]},{\"@type\":\"WebSite\",\"@id\":\"https:\\\/\\\/www.lactissima.com\\\/a-tire-d-ailes\\\/#website\",\"url\":\"https:\\\/\\\/www.lactissima.com\\\/a-tire-d-ailes\\\/\",\"name\":\"A tire d&#039;Ailes\",\"description\":\"Le blog des femmes qui allaitent et travaillent.\",\"potentialAction\":[{\"@type\":\"SearchAction\",\"target\":{\"@type\":\"EntryPoint\",\"urlTemplate\":\"https:\\\/\\\/www.lactissima.com\\\/a-tire-d-ailes\\\/?s={search_term_string}\"},\"query-input\":{\"@type\":\"PropertyValueSpecification\",\"valueRequired\":true,\"valueName\":\"search_term_string\"}}],\"inLanguage\":\"fr-FR\"},{\"@type\":\"Person\",\"@id\":\"https:\\\/\\\/www.lactissima.com\\\/a-tire-d-ailes\\\/#\\\/schema\\\/person\\\/8f98d3a89530861bc1240e6d53d44eed\",\"name\":\"V\u00e9ronique Darmangeat\",\"image\":{\"@type\":\"ImageObject\",\"inLanguage\":\"fr-FR\",\"@id\":\"https:\\\/\\\/secure.gravatar.com\\\/avatar\\\/268c99344c89cebfe4f5df5fa8be43068a18884fc76a29f3206fae98465b9cab?s=96&d=identicon&r=g\",\"url\":\"https:\\\/\\\/secure.gravatar.com\\\/avatar\\\/268c99344c89cebfe4f5df5fa8be43068a18884fc76a29f3206fae98465b9cab?s=96&d=identicon&r=g\",\"contentUrl\":\"https:\\\/\\\/secure.gravatar.com\\\/avatar\\\/268c99344c89cebfe4f5df5fa8be43068a18884fc76a29f3206fae98465b9cab?s=96&d=identicon&r=g\",\"caption\":\"V\u00e9ronique Darmangeat\"},\"sameAs\":[\"https:\\\/\\\/www.lactissima.com\\\/a-tire-d-ailes\",\"www.facebook.com\\\/consultante.en.lactation\"]}]}<\/script>\n<!-- \/ Yoast SEO plugin. -->","yoast_head_json":{"title":"Quelles sont vos priorit\u00e9s ?","description":"A la reprise du travail, de nombreux choix sont difficiles. La question essentielle est celle de vos priorit\u00e9s pour pouvoir faire les choix de votre famille","robots":{"index":"index","follow":"follow","max-snippet":"max-snippet:-1","max-image-preview":"max-image-preview:large","max-video-preview":"max-video-preview:-1"},"canonical":"https:\/\/www.lactissima.com\/a-tire-d-ailes\/quelles-sont-vos-priorites\/","og_locale":"fr_FR","og_type":"article","og_title":"Quelles sont vos priorit\u00e9s ?","og_description":"A la reprise du travail, de nombreux choix sont difficiles. La question essentielle est celle de vos priorit\u00e9s pour pouvoir faire les choix de votre famille","og_url":"https:\/\/www.lactissima.com\/a-tire-d-ailes\/quelles-sont-vos-priorites\/","og_site_name":"A tire d&#039;Ailes","article_publisher":"https:\/\/www.facebook.com\/consultante.en.lactation","article_author":"www.facebook.com\/consultante.en.lactation","article_published_time":"2017-03-30T16:18:59+00:00","og_image":[{"width":264,"height":260,"url":"https:\/\/www.lactissima.com\/a-tire-d-ailes\/wp-content\/uploads\/2017\/03\/priorit\u00e9s.jpg","type":"image\/jpeg"}],"author":"V\u00e9ronique Darmangeat","twitter_card":"summary_large_image","twitter_creator":"@VeroniqueIBCLC","twitter_site":"@VeroniqueIBCLC","twitter_misc":{"\u00c9crit par":"V\u00e9ronique Darmangeat","Dur\u00e9e de lecture estim\u00e9e":"2 minutes"},"schema":{"@context":"https:\/\/schema.org","@graph":[{"@type":"Article","@id":"https:\/\/www.lactissima.com\/a-tire-d-ailes\/quelles-sont-vos-priorites\/#article","isPartOf":{"@id":"https:\/\/www.lactissima.com\/a-tire-d-ailes\/quelles-sont-vos-priorites\/"},"author":{"name":"V\u00e9ronique Darmangeat","@id":"https:\/\/www.lactissima.com\/a-tire-d-ailes\/#\/schema\/person\/8f98d3a89530861bc1240e6d53d44eed"},"headline":"Quelles sont vos priorit\u00e9s ?","datePublished":"2017-03-30T16:18:59+00:00","mainEntityOfPage":{"@id":"https:\/\/www.lactissima.com\/a-tire-d-ailes\/quelles-sont-vos-priorites\/"},"wordCount":436,"commentCount":0,"image":{"@id":"https:\/\/www.lactissima.com\/a-tire-d-ailes\/quelles-sont-vos-priorites\/#primaryimage"},"thumbnailUrl":"https:\/\/www.lactissima.com\/a-tire-d-ailes\/wp-content\/uploads\/2017\/03\/priorit\u00e9s.jpg","articleSection":["Allaitement et Travail","Vie de famille"],"inLanguage":"fr-FR","potentialAction":[{"@type":"CommentAction","name":"Comment","target":["https:\/\/www.lactissima.com\/a-tire-d-ailes\/quelles-sont-vos-priorites\/#respond"]}]},{"@type":"WebPage","@id":"https:\/\/www.lactissima.com\/a-tire-d-ailes\/quelles-sont-vos-priorites\/","url":"https:\/\/www.lactissima.com\/a-tire-d-ailes\/quelles-sont-vos-priorites\/","name":"Quelles sont vos priorit\u00e9s ?","isPartOf":{"@id":"https:\/\/www.lactissima.com\/a-tire-d-ailes\/#website"},"primaryImageOfPage":{"@id":"https:\/\/www.lactissima.com\/a-tire-d-ailes\/quelles-sont-vos-priorites\/#primaryimage"},"image":{"@id":"https:\/\/www.lactissima.com\/a-tire-d-ailes\/quelles-sont-vos-priorites\/#primaryimage"},"thumbnailUrl":"https:\/\/www.lactissima.com\/a-tire-d-ailes\/wp-content\/uploads\/2017\/03\/priorit\u00e9s.jpg","datePublished":"2017-03-30T16:18:59+00:00","author":{"@id":"https:\/\/www.lactissima.com\/a-tire-d-ailes\/#\/schema\/person\/8f98d3a89530861bc1240e6d53d44eed"},"description":"A la reprise du travail, de nombreux choix sont difficiles. La question essentielle est celle de vos priorit\u00e9s pour pouvoir faire les choix de votre famille","breadcrumb":{"@id":"https:\/\/www.lactissima.com\/a-tire-d-ailes\/quelles-sont-vos-priorites\/#breadcrumb"},"inLanguage":"fr-FR","potentialAction":[{"@type":"ReadAction","target":["https:\/\/www.lactissima.com\/a-tire-d-ailes\/quelles-sont-vos-priorites\/"]}]},{"@type":"ImageObject","inLanguage":"fr-FR","@id":"https:\/\/www.lactissima.com\/a-tire-d-ailes\/quelles-sont-vos-priorites\/#primaryimage","url":"https:\/\/www.lactissima.com\/a-tire-d-ailes\/wp-content\/uploads\/2017\/03\/priorit\u00e9s.jpg","contentUrl":"https:\/\/www.lactissima.com\/a-tire-d-ailes\/wp-content\/uploads\/2017\/03\/priorit\u00e9s.jpg","width":264,"height":260,"caption":"Nguyen Thanh Binh"},{"@type":"BreadcrumbList","@id":"https:\/\/www.lactissima.com\/a-tire-d-ailes\/quelles-sont-vos-priorites\/#breadcrumb","itemListElement":[{"@type":"ListItem","position":1,"name":"Accueil","item":"https:\/\/www.lactissima.com\/a-tire-d-ailes\/"},{"@type":"ListItem","position":2,"name":"Quelles sont vos priorit\u00e9s ?"}]},{"@type":"WebSite","@id":"https:\/\/www.lactissima.com\/a-tire-d-ailes\/#website","url":"https:\/\/www.lactissima.com\/a-tire-d-ailes\/","name":"A tire d&#039;Ailes","description":"Le blog des femmes qui allaitent et travaillent.","potentialAction":[{"@type":"SearchAction","target":{"@type":"EntryPoint","urlTemplate":"https:\/\/www.lactissima.com\/a-tire-d-ailes\/?s={search_term_string}"},"query-input":{"@type":"PropertyValueSpecification","valueRequired":true,"valueName":"search_term_string"}}],"inLanguage":"fr-FR"},{"@type":"Person","@id":"https:\/\/www.lactissima.com\/a-tire-d-ailes\/#\/schema\/person\/8f98d3a89530861bc1240e6d53d44eed","name":"V\u00e9ronique Darmangeat","image":{"@type":"ImageObject","inLanguage":"fr-FR","@id":"https:\/\/secure.gravatar.com\/avatar\/268c99344c89cebfe4f5df5fa8be43068a18884fc76a29f3206fae98465b9cab?s=96&d=identicon&r=g","url":"https:\/\/secure.gravatar.com\/avatar\/268c99344c89cebfe4f5df5fa8be43068a18884fc76a29f3206fae98465b9cab?s=96&d=identicon&r=g","contentUrl":"https:\/\/secure.gravatar.com\/avatar\/268c99344c89cebfe4f5df5fa8be43068a18884fc76a29f3206fae98465b9cab?s=96&d=identicon&r=g","caption":"V\u00e9ronique Darmangeat"},"sameAs":["https:\/\/www.lactissima.com\/a-tire-d-ailes","www.facebook.com\/consultante.en.lactation"]}]}},"_links":{"self":[{"href":"https:\/\/www.lactissima.com\/a-tire-d-ailes\/wp-json\/wp\/v2\/posts\/7116","targetHints":{"allow":["GET"]}}],"collection":[{"href":"https:\/\/www.lactissima.com\/a-tire-d-ailes\/wp-json\/wp\/v2\/posts"}],"about":[{"href":"https:\/\/www.lactissima.com\/a-tire-d-ailes\/wp-json\/wp\/v2\/types\/post"}],"author":[{"embeddable":true,"href":"https:\/\/www.lactissima.com\/a-tire-d-ailes\/wp-json\/wp\/v2\/users\/170"}],"replies":[{"embeddable":true,"href":"https:\/\/www.lactissima.com\/a-tire-d-ailes\/wp-json\/wp\/v2\/comments?post=7116"}],"version-history":[{"count":4,"href":"https:\/\/www.lactissima.com\/a-tire-d-ailes\/wp-json\/wp\/v2\/posts\/7116\/revisions"}],"predecessor-version":[{"id":7122,"href":"https:\/\/www.lactissima.com\/a-tire-d-ailes\/wp-json\/wp\/v2\/posts\/7116\/revisions\/7122"}],"wp:featuredmedia":[{"embeddable":true,"href":"https:\/\/www.lactissima.com\/a-tire-d-ailes\/wp-json\/wp\/v2\/media\/7119"}],"wp:attachment":[{"href":"https:\/\/www.lactissima.com\/a-tire-d-ailes\/wp-json\/wp\/v2\/media?parent=7116"}],"wp:term":[{"taxonomy":"category","embeddable":true,"href":"https:\/\/www.lactissima.com\/a-tire-d-ailes\/wp-json\/wp\/v2\/categories?post=7116"},{"taxonomy":"post_tag","embeddable":true,"href":"https:\/\/www.lactissima.com\/a-tire-d-ailes\/wp-json\/wp\/v2\/tags?post=7116"}],"curies":[{"name":"wp","href":"https:\/\/api.w.org\/{rel}","templated":true}]}}