{"id":7106,"date":"2017-03-24T08:27:40","date_gmt":"2017-03-24T07:27:40","guid":{"rendered":"https:\/\/www.lactissima.com\/a-tire-d-ailes\/?p=7106"},"modified":"2017-03-24T19:05:33","modified_gmt":"2017-03-24T18:05:33","slug":"allaiter-et-travailler-le-temoignage-de-carole","status":"publish","type":"post","link":"https:\/\/www.lactissima.com\/a-tire-d-ailes\/allaiter-et-travailler-le-temoignage-de-carole\/","title":{"rendered":"Allaiter et travailler : le t\u00e9moignage de Carole"},"content":{"rendered":"<p style=\"text-align: justify;\"><img loading=\"lazy\" decoding=\"async\" class=\"alignright size-full wp-image-7107\" src=\"https:\/\/www.lactissima.com\/a-tire-d-ailes\/wp-content\/uploads\/2017\/03\/Carole.jpg\" alt=\"\" width=\"410\" height=\"307\" srcset=\"https:\/\/www.lactissima.com\/a-tire-d-ailes\/wp-content\/uploads\/2017\/03\/Carole.jpg 410w, https:\/\/www.lactissima.com\/a-tire-d-ailes\/wp-content\/uploads\/2017\/03\/Carole-300x225.jpg 300w\" sizes=\"(max-width: 410px) 100vw, 410px\" \/>Je m&rsquo;appelle Carole, j&rsquo;ai 28 ans et je suis la maman de Eve, 10 mois et toujours <strong>allait\u00e9e<\/strong>.<br \/>\nDans la vie, en plus d&rsquo;\u00eatre maman, je suis organisatrice de mariages\/chef d&rsquo;entreprise. Comme beaucoup de mes cons\u00c5\u201curs, je travaille <strong>depuis chez moi<\/strong>.<br \/>\nJe suis fille unique, allait\u00e9e par une maman au foyer ; mon conjoint fait parti d&rsquo;une fratrie de 5 enfants, presque tous allait\u00e9s par une maman au foyer. Il a aussi 4 neveux, tous allait\u00e9s au long court.<\/p>\n<p style=\"text-align: justify;\">Voil\u00e0 le d\u00e9cor.<\/p>\n<p style=\"text-align: justify;\">Enceinte de Eve, la question de l&rsquo;allaitement ne s&rsquo;est pas pos\u00e9e (ni impos\u00e9e) ; c&rsquo;\u00e9tait une \u00e9vidence. Nous allions allaiter notre fille.<br \/>\nPr\u00e9parer et lui donner un biberon est un geste que je ne pouvais pas me repr\u00e9senter.<\/p>\n<p style=\"text-align: justify;\">Quand nous avons annonc\u00e9 la grossesse autour de nous, la plan\u00e8te enti\u00e8re \u00e0 cherch\u00e9 \u00e0 savoir comment nous allions faire garder notre fille. La cr\u00e8che ou la nounou, aucune autre solution ne semblait possible.<br \/>\nEt pourtant.<br \/>\nDans ma t\u00eate, il n&rsquo;y avait qu&rsquo;un seul sc\u00e9nario envisageable : j&rsquo;allais <strong>garder notre fille \u00e0 la maison<\/strong> avec moi. Au moins un an et nous ferions le bilan.<br \/>\nOn dit bonjour au scepticisme et aux mots d\u00e9courageants.<br \/>\n\u00c0 bien y r\u00e9fl\u00e9chir, on se disait que quand m\u00eame, un peu d&rsquo;aide ce serait pas mal.<br \/>\nAlors ma maman, qui habitait \u00e0 400 km de l\u00e0 , a d\u00e9m\u00e9nag\u00e9 pr\u00e8s de chez nous.<\/p>\n<p style=\"text-align: justify;\">J&rsquo;avais \u00e9chang\u00e9 avec une autre organisatrice de mariage qui l&rsquo;avait fait. Elle avait eu cette phrase qui r\u00e9sonne encore dans ma t\u00eate : \u00ab\u00a0Puise dans ton entourage proche. Ce n&rsquo;est pas facile, mais c&rsquo;est possible. Et trouve toi un bon <strong>tire-lait<\/strong>, double pompage, sur batterie\u00a0\u00bb<\/p>\n<p style=\"text-align: justify;\">Voil\u00e0 comment nous nous sommes lanc\u00e9s ; quand on est <strong>chef d&rsquo;entreprise<\/strong>, le cong\u00e9 maternit\u00e9 est un concept tout \u00e0 fait vague. J&rsquo;ai envoy\u00e9 mes derniers mails sur mon smartphone depuis la maternit\u00e9 et j&rsquo;ai repris (progressivement) au bout de 2 semaines et compl\u00e8tement \u00e0 un mois.<\/p>\n<p style=\"text-align: justify;\">Pas le choix : le premier mariage de la saison avait lieu \u00e0 ce moment l\u00e0 .<\/p>\n<p style=\"text-align: justify;\">Au quotidien, je suivais le rythme de Eve. Je travaillais au rythme de nos t\u00e9t\u00e9es et de ses siestes.<br \/>\nMa <strong>maman<\/strong> s&rsquo;en occupait le reste du temps.<br \/>\nLe soir, c&rsquo;est son <strong>papa<\/strong> qui prenait le relais pour le repas, les t\u00e2ches m\u00e9nag\u00e8res,&#8230; pour que je puisse maximiser mon temps de travail sans trop empi\u00e9ter sur mes nuits (coup de bol pour nous, elle a fait ses nuits d\u00e8s la naissance).<br \/>\nJe me mettais en service minimum les jours de pic de croissance, passant de longues heures avec elle sur le canap\u00e9 pour la nourrir.<\/p>\n<p style=\"text-align: justify;\">Seul imp\u00e9ratif : un t\u00eate \u00e0 t\u00eate avec mon tire-lait tous les matins apr\u00e8s la premi\u00e8re t\u00e9t\u00e9e. Il fallait constituer des stocks pour les moments o\u00f9 je partais en rendez-vous \u00e0 l&rsquo;ext\u00e9rieur et que je ne pouvais pas l&#8217;emmener (entre 2 et 6h de temps), et les jours de mariage (o\u00f9 l\u00e0 je partais vers 7h et ne revenais que dans la nuit). L\u00e0 aussi, j&rsquo;ai eu de la chance : j&rsquo;ai toujours produit beaucoup de lait. Les <strong>stocks<\/strong> n&rsquo;\u00e9taient pas difficiles \u00e0 maintenir.<\/p>\n<p style=\"text-align: justify;\">Oui, <strong>j&#8217;emmenais ma fille et ma m\u00e8re en rendez-vous<\/strong>.<br \/>\nLa visite d&rsquo;un lieu de r\u00e9ception ou une installation ? Il y a toujours un parc pour se promener.<br \/>\nUne visite chez un client ou un fournisseur ? Une promenade dans la ville ou le village.<br \/>\nD\u00e8s que les horaires et la m\u00e9t\u00e9o le permettaient, nous partions en exp\u00e9dition toutes les trois.<br \/>\nUn seul crit\u00e8re r\u00e9gissait mes choix (et encore aujourd&rsquo;hui) : le bien \u00eatre de notre fille.<\/p>\n<p style=\"text-align: justify;\">Quand je partais pour la journ\u00e9e, j&#8217;emmenais mon tire-lait pour soulager mes seins.<\/p>\n<p style=\"text-align: justify;\">Au d\u00e9but, \u00e7a a \u00e9t\u00e9 dur de trouver le tempo.<br \/>\nNous \u00e9tions sur deux rythmes tr\u00e8s al\u00e9atoires : celui de mon travail qui fluctue \u00e9norm\u00e9ment, et celui de Eve, petit b\u00e9b\u00e9 donc impr\u00e9visible.<br \/>\nIl y a eu des jours o\u00f9 je me suis dit que je n&rsquo;y arriverais pas. Trop compliqu\u00e9, trop de contraintes.<br \/>\nJe n&rsquo;ai pas envisag\u00e9 de faire garder ma fille, non. J&rsquo;ai envisag\u00e9 d&rsquo;arr\u00eater de travailler.<br \/>\nParce que nous sommes persuad\u00e9s que ce qui compte le plus pour un enfant dans ses premi\u00e8res ann\u00e9es de vie, c&rsquo;est la pr\u00e9sence de ses parents. Qu&rsquo;il aura tout le temps de d\u00e9couvrir la vie en collectivit\u00e9.<\/p>\n<p style=\"text-align: justify;\">Et puis je me suis raccroch\u00e9e \u00e0 cette pens\u00e9e : \u00ab\u00a0Demain elle aura un jour de plus. Demain ce ne sera plus pareil. Ce moment difficile \u00e0 passer ne se reproduira plus jamais\u00a0\u00bb.<br \/>\nJe r\u00e9alisais que ce n&rsquo;\u00e9tait qu&rsquo;une ann\u00e9e, une ann\u00e9e exceptionnelle \u00e0 vivre \u00e0 fond.<br \/>\nA 3 ans, elle ira \u00e0 l&rsquo;\u00e9cole et tout \u00e7a sera derni\u00e8re nous sans qu&rsquo;on ne le r\u00e9alise vraiment.<\/p>\n<p style=\"text-align: justify;\">Alors j&rsquo;ai fr\u00e9quent\u00e9 les r\u00e9unions Leche League pour trouver du soutien. Dans mon entourage proche aussi (ma maman et mon conjoint, et une amie sage-femme, toujours pleine d&rsquo;encouragements !)<\/p>\n<p style=\"text-align: justify;\">Puis la <strong>diversification<\/strong> est arriv\u00e9e. Un vrai miracle !<br \/>\n\u00c0 5 mois et demi, elle attrapait les aliments dans nos assiettes pour les mettre \u00e0 sa bouche. Elle tenait assise. On a commenc\u00e9 la DME. Elle a ador\u00e9 manger.<br \/>\nEt l\u00e0 , tout est devenu encore plus simple.<br \/>\nJ&rsquo;avais 30 minutes de retard sur un rendez-vous ? On la faisait patienter avec une banane.<br \/>\nLes semaines passaient et la quantit\u00e9 de solides qu&rsquo;elle mangeait augmentait. J&rsquo;ai ralenti avec le tire-lait.<br \/>\nUn soir, je suis rentr\u00e9e tard d&rsquo;un rendez-vous client, un peu inqui\u00e8te. Elle s&rsquo;\u00e9tait endormie paisiblement dans les bras de son papa.<\/p>\n<p style=\"text-align: justify;\">Aujourd&rsquo;hui, elle mange 3 \u00e0 5 repas par jour et elle t\u00e8te 3 \u00e0 5 fois par jour.<br \/>\n\u00c3\u2021a d\u00e9pend des jours, de ses dents, de son humeur, de ma pr\u00e9sence.<br \/>\nJe continue \u00e0 tirer mon lait uniquement pour les jours o\u00f9 je sais que je ne serai pas l\u00e0 pour la coucher (que ce soit un rendez-vous ou un cin\u00e9 avec son papa !).<br \/>\nEncore aujourd&rsquo;hui, quand on a un coup dur, qu&rsquo;elle est malade et qu&rsquo;elle me r\u00e9clame (moi et mes seins !), que ma maman est malade et ne peut pas la garder, je repense toujours \u00e0 la m\u00eame chose ; ce n&rsquo;est que pour quelques mois\/ann\u00e9es. Que c&rsquo;est Eve le plus important !<\/p>\n<p style=\"text-align: justify;\">Et vous savez quoi ? On s&rsquo;en sort comme des chefs.<br \/>\nJamais je n&rsquo;ai eu de probl\u00e8me avec un client. Nous avons toujours trouv\u00e9 une solution.<br \/>\nJ&rsquo;ai pu r\u00e2ler, douter&#8230;mais maintenant je ne regrette pas une seule seconde le choix que nous avons fait.<br \/>\nJe sais que nous ferons pareil pour nos futurs enfants. Parce que la voir grandir sous mes yeux, participer \u00e0 chacune de ses progressions, \u00eatre l\u00e0 pour presque chaque t\u00e9t\u00e9e et se dire qu&rsquo;elle a exactement ce dont elle a besoin, \u00e7a n&rsquo;a pas de prix.<br \/>\nIl ne faut pas h\u00e9siter \u00e0 <strong>penser hors du cadre<\/strong>, pour trouver la solution qui vous convient le mieux !<\/p>\n<div style=\"text-align: justify;\">\n<p style=\"text-align: justify;\"><strong>Articles en rapport :<\/strong><\/p>\n<ul>\n<li style=\"text-align: justify;\">Voir l&rsquo;onglet <a href=\"https:\/\/www.lactissima.com\/a-tire-d-ailes\/temoignages-travail-et-allaitement\/\" target=\"_blank\">t\u00e9moignages<\/a><\/li>\n<\/ul>\n<\/div>\n<div class='et-box et-shadow'>\n\t\t\t\t\t<div class='et-box-content'>Lire des articles ou poser des questions en commentaire ne suffit pas \u00e0 r\u00e9soudre votre probl\u00e8me ?\nSavez-vous que vous pouvez prendre RDV pour une consultation avec moi ?\nN&rsquo;h\u00e9sitez pas \u00e0 me contacter !<\/div><\/div>\n","protected":false},"excerpt":{"rendered":"<p>Je m&rsquo;appelle Carole, j&rsquo;ai 28 ans et je suis la maman de Eve, 10 mois et toujours allait\u00e9e. Dans la vie, en plus d&rsquo;\u00eatre maman, je suis organisatrice de mariages\/chef d&rsquo;entreprise. Comme beaucoup de mes cons\u00c5\u201curs, je travaille depuis chez moi. Je suis fille unique, allait\u00e9e par une maman au foyer ; mon conjoint fait [&hellip;]<\/p>\n","protected":false},"author":170,"featured_media":7107,"comment_status":"open","ping_status":"open","sticky":false,"template":"","format":"standard","meta":{"_et_pb_use_builder":"","_et_pb_old_content":"","_et_gb_content_width":"","footnotes":""},"categories":[150],"tags":[],"class_list":["post-7106","post","type-post","status-publish","format-standard","has-post-thumbnail","hentry","category-temoignages"],"yoast_head":"<!-- This site is optimized with the Yoast SEO plugin v27.4 - https:\/\/yoast.com\/product\/yoast-seo-wordpress\/ -->\n<title>Allaiter et travailler : le t\u00e9moignage de Carole<\/title>\n<meta name=\"description\" content=\"Carole travaille de chez elle. Elle a fait le choix de garder son enfant \u00e0 la maison tout en tirant son lait quand elle avait des rdv \u00e0 l&#039;ext\u00e9rieur.\" \/>\n<meta name=\"robots\" content=\"index, follow, max-snippet:-1, max-image-preview:large, max-video-preview:-1\" \/>\n<link rel=\"canonical\" href=\"https:\/\/www.lactissima.com\/a-tire-d-ailes\/allaiter-et-travailler-le-temoignage-de-carole\/\" \/>\n<meta property=\"og:locale\" content=\"fr_FR\" \/>\n<meta property=\"og:type\" content=\"article\" \/>\n<meta property=\"og:title\" content=\"Allaiter et travailler : le t\u00e9moignage de Carole\" \/>\n<meta property=\"og:description\" content=\"Carole travaille de chez elle. Elle a fait le choix de garder son enfant \u00e0 la maison tout en tirant son lait quand elle avait des rdv \u00e0 l&#039;ext\u00e9rieur.\" \/>\n<meta property=\"og:url\" content=\"https:\/\/www.lactissima.com\/a-tire-d-ailes\/allaiter-et-travailler-le-temoignage-de-carole\/\" \/>\n<meta property=\"og:site_name\" content=\"A tire d&#039;Ailes\" \/>\n<meta property=\"article:publisher\" content=\"https:\/\/www.facebook.com\/consultante.en.lactation\" \/>\n<meta property=\"article:author\" content=\"www.facebook.com\/consultante.en.lactation\" \/>\n<meta property=\"article:published_time\" content=\"2017-03-24T07:27:40+00:00\" \/>\n<meta property=\"article:modified_time\" content=\"2017-03-24T18:05:33+00:00\" \/>\n<meta property=\"og:image\" content=\"https:\/\/www.lactissima.com\/a-tire-d-ailes\/wp-content\/uploads\/2017\/03\/Carole.jpg\" \/>\n\t<meta property=\"og:image:width\" content=\"410\" \/>\n\t<meta property=\"og:image:height\" content=\"307\" \/>\n\t<meta property=\"og:image:type\" content=\"image\/jpeg\" \/>\n<meta name=\"author\" content=\"V\u00e9ronique Darmangeat\" \/>\n<meta name=\"twitter:card\" content=\"summary_large_image\" \/>\n<meta name=\"twitter:creator\" content=\"@VeroniqueIBCLC\" \/>\n<meta name=\"twitter:site\" content=\"@VeroniqueIBCLC\" \/>\n<meta name=\"twitter:label1\" content=\"\u00c9crit par\" \/>\n\t<meta name=\"twitter:data1\" content=\"V\u00e9ronique Darmangeat\" \/>\n\t<meta name=\"twitter:label2\" content=\"Dur\u00e9e de lecture estim\u00e9e\" \/>\n\t<meta name=\"twitter:data2\" content=\"6 minutes\" \/>\n<script type=\"application\/ld+json\" class=\"yoast-schema-graph\">{\"@context\":\"https:\\\/\\\/schema.org\",\"@graph\":[{\"@type\":\"Article\",\"@id\":\"https:\\\/\\\/www.lactissima.com\\\/a-tire-d-ailes\\\/allaiter-et-travailler-le-temoignage-de-carole\\\/#article\",\"isPartOf\":{\"@id\":\"https:\\\/\\\/www.lactissima.com\\\/a-tire-d-ailes\\\/allaiter-et-travailler-le-temoignage-de-carole\\\/\"},\"author\":{\"name\":\"V\u00e9ronique Darmangeat\",\"@id\":\"https:\\\/\\\/www.lactissima.com\\\/a-tire-d-ailes\\\/#\\\/schema\\\/person\\\/8f98d3a89530861bc1240e6d53d44eed\"},\"headline\":\"Allaiter et travailler : le t\u00e9moignage de Carole\",\"datePublished\":\"2017-03-24T07:27:40+00:00\",\"dateModified\":\"2017-03-24T18:05:33+00:00\",\"mainEntityOfPage\":{\"@id\":\"https:\\\/\\\/www.lactissima.com\\\/a-tire-d-ailes\\\/allaiter-et-travailler-le-temoignage-de-carole\\\/\"},\"wordCount\":1270,\"commentCount\":6,\"image\":{\"@id\":\"https:\\\/\\\/www.lactissima.com\\\/a-tire-d-ailes\\\/allaiter-et-travailler-le-temoignage-de-carole\\\/#primaryimage\"},\"thumbnailUrl\":\"https:\\\/\\\/www.lactissima.com\\\/a-tire-d-ailes\\\/wp-content\\\/uploads\\\/2017\\\/03\\\/Carole.jpg\",\"articleSection\":[\"t\u00e9moignages\"],\"inLanguage\":\"fr-FR\",\"potentialAction\":[{\"@type\":\"CommentAction\",\"name\":\"Comment\",\"target\":[\"https:\\\/\\\/www.lactissima.com\\\/a-tire-d-ailes\\\/allaiter-et-travailler-le-temoignage-de-carole\\\/#respond\"]}]},{\"@type\":\"WebPage\",\"@id\":\"https:\\\/\\\/www.lactissima.com\\\/a-tire-d-ailes\\\/allaiter-et-travailler-le-temoignage-de-carole\\\/\",\"url\":\"https:\\\/\\\/www.lactissima.com\\\/a-tire-d-ailes\\\/allaiter-et-travailler-le-temoignage-de-carole\\\/\",\"name\":\"Allaiter et travailler : le t\u00e9moignage de Carole\",\"isPartOf\":{\"@id\":\"https:\\\/\\\/www.lactissima.com\\\/a-tire-d-ailes\\\/#website\"},\"primaryImageOfPage\":{\"@id\":\"https:\\\/\\\/www.lactissima.com\\\/a-tire-d-ailes\\\/allaiter-et-travailler-le-temoignage-de-carole\\\/#primaryimage\"},\"image\":{\"@id\":\"https:\\\/\\\/www.lactissima.com\\\/a-tire-d-ailes\\\/allaiter-et-travailler-le-temoignage-de-carole\\\/#primaryimage\"},\"thumbnailUrl\":\"https:\\\/\\\/www.lactissima.com\\\/a-tire-d-ailes\\\/wp-content\\\/uploads\\\/2017\\\/03\\\/Carole.jpg\",\"datePublished\":\"2017-03-24T07:27:40+00:00\",\"dateModified\":\"2017-03-24T18:05:33+00:00\",\"author\":{\"@id\":\"https:\\\/\\\/www.lactissima.com\\\/a-tire-d-ailes\\\/#\\\/schema\\\/person\\\/8f98d3a89530861bc1240e6d53d44eed\"},\"description\":\"Carole travaille de chez elle. Elle a fait le choix de garder son enfant \u00e0 la maison tout en tirant son lait quand elle avait des rdv \u00e0 l'ext\u00e9rieur.\",\"breadcrumb\":{\"@id\":\"https:\\\/\\\/www.lactissima.com\\\/a-tire-d-ailes\\\/allaiter-et-travailler-le-temoignage-de-carole\\\/#breadcrumb\"},\"inLanguage\":\"fr-FR\",\"potentialAction\":[{\"@type\":\"ReadAction\",\"target\":[\"https:\\\/\\\/www.lactissima.com\\\/a-tire-d-ailes\\\/allaiter-et-travailler-le-temoignage-de-carole\\\/\"]}]},{\"@type\":\"ImageObject\",\"inLanguage\":\"fr-FR\",\"@id\":\"https:\\\/\\\/www.lactissima.com\\\/a-tire-d-ailes\\\/allaiter-et-travailler-le-temoignage-de-carole\\\/#primaryimage\",\"url\":\"https:\\\/\\\/www.lactissima.com\\\/a-tire-d-ailes\\\/wp-content\\\/uploads\\\/2017\\\/03\\\/Carole.jpg\",\"contentUrl\":\"https:\\\/\\\/www.lactissima.com\\\/a-tire-d-ailes\\\/wp-content\\\/uploads\\\/2017\\\/03\\\/Carole.jpg\",\"width\":410,\"height\":307},{\"@type\":\"BreadcrumbList\",\"@id\":\"https:\\\/\\\/www.lactissima.com\\\/a-tire-d-ailes\\\/allaiter-et-travailler-le-temoignage-de-carole\\\/#breadcrumb\",\"itemListElement\":[{\"@type\":\"ListItem\",\"position\":1,\"name\":\"Accueil\",\"item\":\"https:\\\/\\\/www.lactissima.com\\\/a-tire-d-ailes\\\/\"},{\"@type\":\"ListItem\",\"position\":2,\"name\":\"Allaiter et travailler : le t\u00e9moignage de Carole\"}]},{\"@type\":\"WebSite\",\"@id\":\"https:\\\/\\\/www.lactissima.com\\\/a-tire-d-ailes\\\/#website\",\"url\":\"https:\\\/\\\/www.lactissima.com\\\/a-tire-d-ailes\\\/\",\"name\":\"A tire d&#039;Ailes\",\"description\":\"Le blog des femmes qui allaitent et travaillent.\",\"potentialAction\":[{\"@type\":\"SearchAction\",\"target\":{\"@type\":\"EntryPoint\",\"urlTemplate\":\"https:\\\/\\\/www.lactissima.com\\\/a-tire-d-ailes\\\/?s={search_term_string}\"},\"query-input\":{\"@type\":\"PropertyValueSpecification\",\"valueRequired\":true,\"valueName\":\"search_term_string\"}}],\"inLanguage\":\"fr-FR\"},{\"@type\":\"Person\",\"@id\":\"https:\\\/\\\/www.lactissima.com\\\/a-tire-d-ailes\\\/#\\\/schema\\\/person\\\/8f98d3a89530861bc1240e6d53d44eed\",\"name\":\"V\u00e9ronique Darmangeat\",\"image\":{\"@type\":\"ImageObject\",\"inLanguage\":\"fr-FR\",\"@id\":\"https:\\\/\\\/secure.gravatar.com\\\/avatar\\\/268c99344c89cebfe4f5df5fa8be43068a18884fc76a29f3206fae98465b9cab?s=96&d=identicon&r=g\",\"url\":\"https:\\\/\\\/secure.gravatar.com\\\/avatar\\\/268c99344c89cebfe4f5df5fa8be43068a18884fc76a29f3206fae98465b9cab?s=96&d=identicon&r=g\",\"contentUrl\":\"https:\\\/\\\/secure.gravatar.com\\\/avatar\\\/268c99344c89cebfe4f5df5fa8be43068a18884fc76a29f3206fae98465b9cab?s=96&d=identicon&r=g\",\"caption\":\"V\u00e9ronique Darmangeat\"},\"sameAs\":[\"https:\\\/\\\/www.lactissima.com\\\/a-tire-d-ailes\",\"www.facebook.com\\\/consultante.en.lactation\"]}]}<\/script>\n<!-- \/ Yoast SEO plugin. -->","yoast_head_json":{"title":"Allaiter et travailler : le t\u00e9moignage de Carole","description":"Carole travaille de chez elle. Elle a fait le choix de garder son enfant \u00e0 la maison tout en tirant son lait quand elle avait des rdv \u00e0 l'ext\u00e9rieur.","robots":{"index":"index","follow":"follow","max-snippet":"max-snippet:-1","max-image-preview":"max-image-preview:large","max-video-preview":"max-video-preview:-1"},"canonical":"https:\/\/www.lactissima.com\/a-tire-d-ailes\/allaiter-et-travailler-le-temoignage-de-carole\/","og_locale":"fr_FR","og_type":"article","og_title":"Allaiter et travailler : le t\u00e9moignage de Carole","og_description":"Carole travaille de chez elle. Elle a fait le choix de garder son enfant \u00e0 la maison tout en tirant son lait quand elle avait des rdv \u00e0 l'ext\u00e9rieur.","og_url":"https:\/\/www.lactissima.com\/a-tire-d-ailes\/allaiter-et-travailler-le-temoignage-de-carole\/","og_site_name":"A tire d&#039;Ailes","article_publisher":"https:\/\/www.facebook.com\/consultante.en.lactation","article_author":"www.facebook.com\/consultante.en.lactation","article_published_time":"2017-03-24T07:27:40+00:00","article_modified_time":"2017-03-24T18:05:33+00:00","og_image":[{"width":410,"height":307,"url":"https:\/\/www.lactissima.com\/a-tire-d-ailes\/wp-content\/uploads\/2017\/03\/Carole.jpg","type":"image\/jpeg"}],"author":"V\u00e9ronique Darmangeat","twitter_card":"summary_large_image","twitter_creator":"@VeroniqueIBCLC","twitter_site":"@VeroniqueIBCLC","twitter_misc":{"\u00c9crit par":"V\u00e9ronique Darmangeat","Dur\u00e9e de lecture estim\u00e9e":"6 minutes"},"schema":{"@context":"https:\/\/schema.org","@graph":[{"@type":"Article","@id":"https:\/\/www.lactissima.com\/a-tire-d-ailes\/allaiter-et-travailler-le-temoignage-de-carole\/#article","isPartOf":{"@id":"https:\/\/www.lactissima.com\/a-tire-d-ailes\/allaiter-et-travailler-le-temoignage-de-carole\/"},"author":{"name":"V\u00e9ronique Darmangeat","@id":"https:\/\/www.lactissima.com\/a-tire-d-ailes\/#\/schema\/person\/8f98d3a89530861bc1240e6d53d44eed"},"headline":"Allaiter et travailler : le t\u00e9moignage de Carole","datePublished":"2017-03-24T07:27:40+00:00","dateModified":"2017-03-24T18:05:33+00:00","mainEntityOfPage":{"@id":"https:\/\/www.lactissima.com\/a-tire-d-ailes\/allaiter-et-travailler-le-temoignage-de-carole\/"},"wordCount":1270,"commentCount":6,"image":{"@id":"https:\/\/www.lactissima.com\/a-tire-d-ailes\/allaiter-et-travailler-le-temoignage-de-carole\/#primaryimage"},"thumbnailUrl":"https:\/\/www.lactissima.com\/a-tire-d-ailes\/wp-content\/uploads\/2017\/03\/Carole.jpg","articleSection":["t\u00e9moignages"],"inLanguage":"fr-FR","potentialAction":[{"@type":"CommentAction","name":"Comment","target":["https:\/\/www.lactissima.com\/a-tire-d-ailes\/allaiter-et-travailler-le-temoignage-de-carole\/#respond"]}]},{"@type":"WebPage","@id":"https:\/\/www.lactissima.com\/a-tire-d-ailes\/allaiter-et-travailler-le-temoignage-de-carole\/","url":"https:\/\/www.lactissima.com\/a-tire-d-ailes\/allaiter-et-travailler-le-temoignage-de-carole\/","name":"Allaiter et travailler : le t\u00e9moignage de Carole","isPartOf":{"@id":"https:\/\/www.lactissima.com\/a-tire-d-ailes\/#website"},"primaryImageOfPage":{"@id":"https:\/\/www.lactissima.com\/a-tire-d-ailes\/allaiter-et-travailler-le-temoignage-de-carole\/#primaryimage"},"image":{"@id":"https:\/\/www.lactissima.com\/a-tire-d-ailes\/allaiter-et-travailler-le-temoignage-de-carole\/#primaryimage"},"thumbnailUrl":"https:\/\/www.lactissima.com\/a-tire-d-ailes\/wp-content\/uploads\/2017\/03\/Carole.jpg","datePublished":"2017-03-24T07:27:40+00:00","dateModified":"2017-03-24T18:05:33+00:00","author":{"@id":"https:\/\/www.lactissima.com\/a-tire-d-ailes\/#\/schema\/person\/8f98d3a89530861bc1240e6d53d44eed"},"description":"Carole travaille de chez elle. Elle a fait le choix de garder son enfant \u00e0 la maison tout en tirant son lait quand elle avait des rdv \u00e0 l'ext\u00e9rieur.","breadcrumb":{"@id":"https:\/\/www.lactissima.com\/a-tire-d-ailes\/allaiter-et-travailler-le-temoignage-de-carole\/#breadcrumb"},"inLanguage":"fr-FR","potentialAction":[{"@type":"ReadAction","target":["https:\/\/www.lactissima.com\/a-tire-d-ailes\/allaiter-et-travailler-le-temoignage-de-carole\/"]}]},{"@type":"ImageObject","inLanguage":"fr-FR","@id":"https:\/\/www.lactissima.com\/a-tire-d-ailes\/allaiter-et-travailler-le-temoignage-de-carole\/#primaryimage","url":"https:\/\/www.lactissima.com\/a-tire-d-ailes\/wp-content\/uploads\/2017\/03\/Carole.jpg","contentUrl":"https:\/\/www.lactissima.com\/a-tire-d-ailes\/wp-content\/uploads\/2017\/03\/Carole.jpg","width":410,"height":307},{"@type":"BreadcrumbList","@id":"https:\/\/www.lactissima.com\/a-tire-d-ailes\/allaiter-et-travailler-le-temoignage-de-carole\/#breadcrumb","itemListElement":[{"@type":"ListItem","position":1,"name":"Accueil","item":"https:\/\/www.lactissima.com\/a-tire-d-ailes\/"},{"@type":"ListItem","position":2,"name":"Allaiter et travailler : le t\u00e9moignage de Carole"}]},{"@type":"WebSite","@id":"https:\/\/www.lactissima.com\/a-tire-d-ailes\/#website","url":"https:\/\/www.lactissima.com\/a-tire-d-ailes\/","name":"A tire d&#039;Ailes","description":"Le blog des femmes qui allaitent et travaillent.","potentialAction":[{"@type":"SearchAction","target":{"@type":"EntryPoint","urlTemplate":"https:\/\/www.lactissima.com\/a-tire-d-ailes\/?s={search_term_string}"},"query-input":{"@type":"PropertyValueSpecification","valueRequired":true,"valueName":"search_term_string"}}],"inLanguage":"fr-FR"},{"@type":"Person","@id":"https:\/\/www.lactissima.com\/a-tire-d-ailes\/#\/schema\/person\/8f98d3a89530861bc1240e6d53d44eed","name":"V\u00e9ronique Darmangeat","image":{"@type":"ImageObject","inLanguage":"fr-FR","@id":"https:\/\/secure.gravatar.com\/avatar\/268c99344c89cebfe4f5df5fa8be43068a18884fc76a29f3206fae98465b9cab?s=96&d=identicon&r=g","url":"https:\/\/secure.gravatar.com\/avatar\/268c99344c89cebfe4f5df5fa8be43068a18884fc76a29f3206fae98465b9cab?s=96&d=identicon&r=g","contentUrl":"https:\/\/secure.gravatar.com\/avatar\/268c99344c89cebfe4f5df5fa8be43068a18884fc76a29f3206fae98465b9cab?s=96&d=identicon&r=g","caption":"V\u00e9ronique Darmangeat"},"sameAs":["https:\/\/www.lactissima.com\/a-tire-d-ailes","www.facebook.com\/consultante.en.lactation"]}]}},"_links":{"self":[{"href":"https:\/\/www.lactissima.com\/a-tire-d-ailes\/wp-json\/wp\/v2\/posts\/7106","targetHints":{"allow":["GET"]}}],"collection":[{"href":"https:\/\/www.lactissima.com\/a-tire-d-ailes\/wp-json\/wp\/v2\/posts"}],"about":[{"href":"https:\/\/www.lactissima.com\/a-tire-d-ailes\/wp-json\/wp\/v2\/types\/post"}],"author":[{"embeddable":true,"href":"https:\/\/www.lactissima.com\/a-tire-d-ailes\/wp-json\/wp\/v2\/users\/170"}],"replies":[{"embeddable":true,"href":"https:\/\/www.lactissima.com\/a-tire-d-ailes\/wp-json\/wp\/v2\/comments?post=7106"}],"version-history":[{"count":5,"href":"https:\/\/www.lactissima.com\/a-tire-d-ailes\/wp-json\/wp\/v2\/posts\/7106\/revisions"}],"predecessor-version":[{"id":7112,"href":"https:\/\/www.lactissima.com\/a-tire-d-ailes\/wp-json\/wp\/v2\/posts\/7106\/revisions\/7112"}],"wp:featuredmedia":[{"embeddable":true,"href":"https:\/\/www.lactissima.com\/a-tire-d-ailes\/wp-json\/wp\/v2\/media\/7107"}],"wp:attachment":[{"href":"https:\/\/www.lactissima.com\/a-tire-d-ailes\/wp-json\/wp\/v2\/media?parent=7106"}],"wp:term":[{"taxonomy":"category","embeddable":true,"href":"https:\/\/www.lactissima.com\/a-tire-d-ailes\/wp-json\/wp\/v2\/categories?post=7106"},{"taxonomy":"post_tag","embeddable":true,"href":"https:\/\/www.lactissima.com\/a-tire-d-ailes\/wp-json\/wp\/v2\/tags?post=7106"}],"curies":[{"name":"wp","href":"https:\/\/api.w.org\/{rel}","templated":true}]}}