{"id":7097,"date":"2017-03-17T12:57:55","date_gmt":"2017-03-17T11:57:55","guid":{"rendered":"https:\/\/www.lactissima.com\/a-tire-d-ailes\/?p=7097"},"modified":"2017-03-17T12:57:55","modified_gmt":"2017-03-17T11:57:55","slug":"allaiter-et-travailler-le-temoignage-de-fanny-2","status":"publish","type":"post","link":"https:\/\/www.lactissima.com\/a-tire-d-ailes\/allaiter-et-travailler-le-temoignage-de-fanny-2\/","title":{"rendered":"Allaiter et travailler : le t\u00e9moignage de Fanny"},"content":{"rendered":"<p style=\"text-align: justify;\"><img loading=\"lazy\" decoding=\"async\" class=\"alignright size-full wp-image-7098\" src=\"https:\/\/www.lactissima.com\/a-tire-d-ailes\/wp-content\/uploads\/2017\/03\/fanny2.jpg\" alt=\"allaitement et travail\" width=\"230\" height=\"307\" srcset=\"https:\/\/www.lactissima.com\/a-tire-d-ailes\/wp-content\/uploads\/2017\/03\/fanny2.jpg 230w, https:\/\/www.lactissima.com\/a-tire-d-ailes\/wp-content\/uploads\/2017\/03\/fanny2-225x300.jpg 225w\" sizes=\"(max-width: 230px) 100vw, 230px\" \/>Je suis Conseill\u00e8re d&rsquo;orientation psychologue, j&rsquo;ai eu la chance de reprendre le travail quand notre fille avait 6 mois. Avant sa naissance, je n&rsquo;avais pas d&rsquo;id\u00e9e pr\u00e9con\u00e7ue sur l&rsquo;allaitement, je voulais essayer, si cela fonctionnait c&rsquo;\u00e9tait bien sinon ce n&rsquo;\u00e9tait pas grave&#8230;mais avec sa naissance, je n&rsquo;ai jamais pu imaginer lui donner autre chose que mon lait. Les d\u00e9buts \u00e0 la maternit\u00e9 ont \u00e9t\u00e9 un peu difficile et une auxiliaire de pu\u00e9riculture m&rsquo;a orient\u00e9e vers une consultante en lactation certifi\u00e9e IBCLC qui travaillait au sein de la maternit\u00e9. Cette rencontre et son soutien a fait, selon moi, que j&rsquo;ai pris confiance en moi, en ma capacit\u00e9 \u00e0 allaiter ma fille et ce quelles que soient les difficult\u00e9s rencontr\u00e9es et notamment la reprise du travail.<\/p>\n<ul style=\"text-align: justify;\">\n<li><strong>Quel choix avez-vous fait \u00e0 la reprise du travail ?<\/strong><\/li>\n<\/ul>\n<p style=\"text-align: justify;\">Aux six mois de notre fille, j&rsquo;ai donc repris le travail \u00e0 temps plein. J&rsquo;ai donc fait le choix de travailler trois jours pleins et deux demi-journ\u00e9es pour pouvoir l&rsquo;allaiter davantage. J&rsquo;ai donc commenc\u00e9 \u00e0 tirer mon lait trois mois avant la reprise, une fois par jour, pour constituer un stock de lait congel\u00e9. Comme je ne tirais pas en grande quantit\u00e9, je n&rsquo;aurais jamais pu fournir assez de lait \u00e0 la cr\u00e8che en donnant seulement mon lait de la veille.<\/p>\n<ul style=\"text-align: justify;\">\n<li><strong>Comment vous \u00eates-vous organis\u00e9e ?<\/strong><\/li>\n<\/ul>\n<p style=\"text-align: justify;\">Lors de l&rsquo;adaptation \u00e0 la cr\u00e8che j&rsquo;ai expliqu\u00e9 mon projet d&rsquo;allaitement, et ai demand\u00e9 si je pouvais venir allaiter sur l&rsquo;heure du midi, ce qui a \u00e9t\u00e9 accept\u00e9. Nous \u00e9tions plusieurs mamans a donn\u00e9 notre lait, mais j&rsquo;ai \u00e9t\u00e9 la seule \u00e0 venir sur l&rsquo;heure du midi pour compl\u00e9ter le biberon et de la pur\u00e9e du midi.<br \/>\nJ&rsquo;ai donc pris le parti de tirer mon lait trois fois par jour, une fois \u00e0 la pause de 10h sur le temps de la r\u00e9cr\u00e9ation quand je travaillais en \u00e9tablissement. Une fois vers 16h sur la pause \u00e9galement. La r\u00e9cr\u00e9ation durant 15 min c&rsquo;\u00e9tait juste ce qui me fallait pour tirer entre 60 et 90ml. Et une derni\u00e8re fois le soir vers 22h30. \u00c3\u2030tonnamment c&rsquo;est ce tirage l\u00e0 qui me paraissait le plus contraignant car j&rsquo;\u00e9tais \u00e9puis\u00e9e et par cons\u00e9quent c&rsquo;est \u00e9galement celui-ci qui rendait le moins.<br \/>\nPour tirer mon lait j&rsquo;avais \u00e9chang\u00e9 mon gros tire-lait pour un mod\u00e8le plus petit qui s&rsquo;est r\u00e9v\u00e9l\u00e9 compl\u00e8tement inefficace, je suis donc retourn\u00e9e au premier mod\u00e8le deux fois plus encombrant. Je le transportais dans un sac glaci\u00e8re avec deux blocs de glace. Ce qui me permettait de garder au frais mon lait. Quand j&rsquo;\u00e9tais au bureau hors \u00e9tablissement, je stockais mon lait au frigo. En \u00e9tablissement, je tirais mon lait dans mon bureau. Quand je travaillais en CIO, je prenais une petite pi\u00e8ce que je pouvais fermer \u00e0 clef avec un point d&rsquo;eau.<br \/>\nJ&rsquo;ai tir\u00e9 mon lait jusqu&rsquo;aux 11 mois de ma fille. J&rsquo;ai arr\u00eat\u00e9 de tirer mon lait car ma fille a progressivement refus\u00e9 de boire mon lait (au biberon, au verre, \u00e0 la cuill\u00e8re ) et pr\u00e9f\u00e9rait les yaourts.<\/p>\n<ul style=\"text-align: justify;\">\n<li><strong>Quelles ont-\u00e9t\u00e9 vos principales difficult\u00e9s ?<\/strong><\/li>\n<\/ul>\n<p style=\"text-align: justify;\">Deux choses m&rsquo;ont paru difficiles. La premi\u00e8re ce sont les allers-retours cr\u00e8che-travail qui r\u00e9duisaient consid\u00e9rablement ma pause de midi, et de consacrer toutes mes pauses \u00e0 l&rsquo;allaitement qui ne m&rsquo;ont pas rendu visible aupr\u00e8s de l&rsquo;\u00e9quipe p\u00e9dagogique. C&rsquo;est quand j&rsquo;ai arr\u00eat\u00e9 de tirer mon lait et ai donc particip\u00e9 aux pauses entre coll\u00e8gues que je m&rsquo;en suis rendue compte, cela a grandement facilit\u00e9 mon travail et ma place dans l&rsquo;\u00e9quipe. Les pauses du midi \u00e9taient aussi plus reposantes pour moi. La deuxi\u00e8me chose a \u00e9t\u00e9 la politique de la cr\u00e8che en ce qui concerne la diversification, le m\u00e9decin de cr\u00e8che avait \u00e9tabli un protocole qui ne permettait plus de donner mon lait ou de venir allaiter quand l&rsquo;enfant avait introduit la viande dans son alimentation&#8230;trop de prot\u00e9ine selon lui&#8230;\u00e7a a \u00e9t\u00e9 la douche froide car notre fille a commenc\u00e9 la viande vers 7-8mois, et c&rsquo;\u00e9tait impensable pour moi qu&rsquo;elle se passe de mon lait durant 10 h. Ils m&rsquo;ont dit que pour pouvoir continuer d&rsquo;allaiter il me fallait une ordonnance d&rsquo;un m\u00e9decin qui pr\u00e9cisait la non contre-indication lait maternel-viande. Le souci \u00e9tait que le p\u00e9diatre de la cr\u00e8che \u00e9tait \u00e9galement le p\u00e9diatre de notre fille. Les deux consultantes en lactation de la maternit\u00e9 n&rsquo;\u00e9tant pas m\u00e9decin elles m&rsquo;ont orient\u00e9e vers une m\u00e9decin g\u00e9n\u00e9raliste certifi\u00e9e IBCLC qui travaillait dans un autre h\u00f4pital, ce que j&rsquo;ai donc fait et j&rsquo;ai donc apport\u00e9 cette lettre \u00e0 la cr\u00e8che qui ne m&rsquo;a pas caus\u00e9 de soucis apr\u00e8s&#8230;je trouve cela difficile m\u00eame dans un lieu bienveillant de devoir toujours justifier notre fa\u00e7on de faire et de devoir passer par l&rsquo;autorisation d&rsquo;un m\u00e9decin, comme si en tant que m\u00e8re nous ne pouvions pas \u00eatre pleinement responsable de nos actes.<\/p>\n<ul style=\"text-align: justify;\">\n<li><strong>Quels ont-\u00e9t\u00e9 vos meilleurs moments ?<\/strong><\/li>\n<\/ul>\n<p style=\"text-align: justify;\">Mes meilleurs moments furent nos retrouvailles, et avec le recul d&rsquo;avoir pu fournir \u00e0 ma fille mon lait sans qu&rsquo;elle n&rsquo;ai jamais pris \u00e0 aucun moment du lait artificiel.<\/p>\n<ul style=\"text-align: justify;\">\n<li><strong>Ce serait \u00e0 refaire vous referiez le m\u00eame choix ?<\/strong><\/li>\n<\/ul>\n<p style=\"text-align: justify;\">Malgr\u00e9 la fatigue, je pense que je referais exactement la m\u00eame chose, car je pense que cela m&rsquo;a permis de ne pas culpabiliser de devoir laisser notre fille pendant 10h par jour si petite. Et puis cela lui a permis, aussi, d&rsquo;\u00eatre allait\u00e9e jusqu&rsquo;au sevrage naturel d\u00e9cid\u00e9 par elle il y a maintenant 3 semaines \u00e0 22 mois pass\u00e9s. Peut-\u00eatre que si j&rsquo;avais une situation financi\u00e8re plus satisfaisante, et s\u00e9cure, j&rsquo;aurais pris un temps partiel pour me d\u00e9gager un peu de temps pour moi.<\/p>\n<ul style=\"text-align: justify;\">\n<li><strong>Qu&rsquo;est-ce que vous souhaiteriez dire aux autres mamans ?<\/strong><\/li>\n<\/ul>\n<p style=\"text-align: justify;\">De bien s&rsquo;entourer par des professionnels form\u00e9s et aussi et surtout de se faire confiance et de ne pas l\u00e2cher face aux diff\u00e9rentes pressions ou difficult\u00e9s rencontr\u00e9es car c&rsquo;est une telle fiert\u00e9 Et de commencer un stock de lait, d&rsquo;une part pour tester le tire-lait et proc\u00e9der \u00e0 un changement si inefficace. Et de devancer les baisses de lactation, qui peuvent se produire avec la fatigue, ou les r\u00e8gles. C&rsquo;est moins stressant de savoir que m\u00eame si on ne tire que 30ml un soir, notre b\u00e9b\u00e9 aura tout de m\u00eame de quoi boire le lendemain.<\/p>\n<p style=\"text-align: justify;\">\n<div style=\"text-align: justify;\">\n<p><strong>Articles en rapport :<\/strong><\/p>\n<ul>\n<li>Voir l&rsquo;onglet <a href=\"https:\/\/www.lactissima.com\/a-tire-d-ailes\/temoignages-travail-et-allaitement\/\" target=\"_blank\">t\u00e9moignages<\/a><\/li>\n<\/ul>\n<\/div>\n<div class='et-box et-shadow'>\n\t\t\t\t\t<div class='et-box-content'>Lire des articles ou poser des questions en commentaire ne suffit pas \u00e0 r\u00e9soudre votre probl\u00e8me ?\nSavez-vous que vous pouvez prendre RDV pour une consultation avec moi ?\nN&rsquo;h\u00e9sitez pas \u00e0 me contacter !<\/div><\/div>\n","protected":false},"excerpt":{"rendered":"<p>Je suis Conseill\u00e8re d&rsquo;orientation psychologue, j&rsquo;ai eu la chance de reprendre le travail quand notre fille avait 6 mois. Avant sa naissance, je n&rsquo;avais pas d&rsquo;id\u00e9e pr\u00e9con\u00e7ue sur l&rsquo;allaitement, je voulais essayer, si cela fonctionnait c&rsquo;\u00e9tait bien sinon ce n&rsquo;\u00e9tait pas grave&#8230;mais avec sa naissance, je n&rsquo;ai jamais pu imaginer lui donner autre chose que [&hellip;]<\/p>\n","protected":false},"author":170,"featured_media":7098,"comment_status":"open","ping_status":"open","sticky":false,"template":"","format":"standard","meta":{"_et_pb_use_builder":"","_et_pb_old_content":"","_et_gb_content_width":"","footnotes":""},"categories":[150],"tags":[],"class_list":["post-7097","post","type-post","status-publish","format-standard","has-post-thumbnail","hentry","category-temoignages"],"yoast_head":"<!-- This site is optimized with the Yoast SEO plugin v27.4 - https:\/\/yoast.com\/product\/yoast-seo-wordpress\/ -->\n<title>Allaiter et travailler : le t\u00e9moignage de Fanny<\/title>\n<meta name=\"description\" content=\"Fanny a choisi de tirer son lait au travail mais cela n&#039;a pas toujours \u00e9t\u00e9 facile, que ce soit au travail ou avec la cr\u00e8che.\" \/>\n<meta name=\"robots\" content=\"index, follow, max-snippet:-1, max-image-preview:large, max-video-preview:-1\" \/>\n<link rel=\"canonical\" href=\"https:\/\/www.lactissima.com\/a-tire-d-ailes\/allaiter-et-travailler-le-temoignage-de-fanny-2\/\" \/>\n<meta property=\"og:locale\" content=\"fr_FR\" \/>\n<meta property=\"og:type\" content=\"article\" \/>\n<meta property=\"og:title\" content=\"Allaiter et travailler : le t\u00e9moignage de Fanny\" \/>\n<meta property=\"og:description\" content=\"Fanny a choisi de tirer son lait au travail mais cela n&#039;a pas toujours \u00e9t\u00e9 facile, que ce soit au travail ou avec la cr\u00e8che.\" \/>\n<meta property=\"og:url\" content=\"https:\/\/www.lactissima.com\/a-tire-d-ailes\/allaiter-et-travailler-le-temoignage-de-fanny-2\/\" \/>\n<meta property=\"og:site_name\" content=\"A tire d&#039;Ailes\" \/>\n<meta property=\"article:publisher\" content=\"https:\/\/www.facebook.com\/consultante.en.lactation\" \/>\n<meta property=\"article:author\" content=\"www.facebook.com\/consultante.en.lactation\" \/>\n<meta property=\"article:published_time\" content=\"2017-03-17T11:57:55+00:00\" \/>\n<meta property=\"og:image\" content=\"https:\/\/www.lactissima.com\/a-tire-d-ailes\/wp-content\/uploads\/2017\/03\/fanny2.jpg\" \/>\n\t<meta property=\"og:image:width\" content=\"230\" \/>\n\t<meta property=\"og:image:height\" content=\"307\" \/>\n\t<meta property=\"og:image:type\" content=\"image\/jpeg\" \/>\n<meta name=\"author\" content=\"V\u00e9ronique Darmangeat\" \/>\n<meta name=\"twitter:card\" content=\"summary_large_image\" \/>\n<meta name=\"twitter:creator\" content=\"@VeroniqueIBCLC\" \/>\n<meta name=\"twitter:site\" content=\"@VeroniqueIBCLC\" \/>\n<meta name=\"twitter:label1\" content=\"\u00c9crit par\" \/>\n\t<meta name=\"twitter:data1\" content=\"V\u00e9ronique Darmangeat\" \/>\n\t<meta name=\"twitter:label2\" content=\"Dur\u00e9e de lecture estim\u00e9e\" \/>\n\t<meta name=\"twitter:data2\" content=\"6 minutes\" \/>\n<script type=\"application\/ld+json\" class=\"yoast-schema-graph\">{\"@context\":\"https:\\\/\\\/schema.org\",\"@graph\":[{\"@type\":\"Article\",\"@id\":\"https:\\\/\\\/www.lactissima.com\\\/a-tire-d-ailes\\\/allaiter-et-travailler-le-temoignage-de-fanny-2\\\/#article\",\"isPartOf\":{\"@id\":\"https:\\\/\\\/www.lactissima.com\\\/a-tire-d-ailes\\\/allaiter-et-travailler-le-temoignage-de-fanny-2\\\/\"},\"author\":{\"name\":\"V\u00e9ronique Darmangeat\",\"@id\":\"https:\\\/\\\/www.lactissima.com\\\/a-tire-d-ailes\\\/#\\\/schema\\\/person\\\/8f98d3a89530861bc1240e6d53d44eed\"},\"headline\":\"Allaiter et travailler : le t\u00e9moignage de Fanny\",\"datePublished\":\"2017-03-17T11:57:55+00:00\",\"mainEntityOfPage\":{\"@id\":\"https:\\\/\\\/www.lactissima.com\\\/a-tire-d-ailes\\\/allaiter-et-travailler-le-temoignage-de-fanny-2\\\/\"},\"wordCount\":1198,\"commentCount\":1,\"image\":{\"@id\":\"https:\\\/\\\/www.lactissima.com\\\/a-tire-d-ailes\\\/allaiter-et-travailler-le-temoignage-de-fanny-2\\\/#primaryimage\"},\"thumbnailUrl\":\"https:\\\/\\\/www.lactissima.com\\\/a-tire-d-ailes\\\/wp-content\\\/uploads\\\/2017\\\/03\\\/fanny2.jpg\",\"articleSection\":[\"t\u00e9moignages\"],\"inLanguage\":\"fr-FR\",\"potentialAction\":[{\"@type\":\"CommentAction\",\"name\":\"Comment\",\"target\":[\"https:\\\/\\\/www.lactissima.com\\\/a-tire-d-ailes\\\/allaiter-et-travailler-le-temoignage-de-fanny-2\\\/#respond\"]}]},{\"@type\":\"WebPage\",\"@id\":\"https:\\\/\\\/www.lactissima.com\\\/a-tire-d-ailes\\\/allaiter-et-travailler-le-temoignage-de-fanny-2\\\/\",\"url\":\"https:\\\/\\\/www.lactissima.com\\\/a-tire-d-ailes\\\/allaiter-et-travailler-le-temoignage-de-fanny-2\\\/\",\"name\":\"Allaiter et travailler : le t\u00e9moignage de Fanny\",\"isPartOf\":{\"@id\":\"https:\\\/\\\/www.lactissima.com\\\/a-tire-d-ailes\\\/#website\"},\"primaryImageOfPage\":{\"@id\":\"https:\\\/\\\/www.lactissima.com\\\/a-tire-d-ailes\\\/allaiter-et-travailler-le-temoignage-de-fanny-2\\\/#primaryimage\"},\"image\":{\"@id\":\"https:\\\/\\\/www.lactissima.com\\\/a-tire-d-ailes\\\/allaiter-et-travailler-le-temoignage-de-fanny-2\\\/#primaryimage\"},\"thumbnailUrl\":\"https:\\\/\\\/www.lactissima.com\\\/a-tire-d-ailes\\\/wp-content\\\/uploads\\\/2017\\\/03\\\/fanny2.jpg\",\"datePublished\":\"2017-03-17T11:57:55+00:00\",\"author\":{\"@id\":\"https:\\\/\\\/www.lactissima.com\\\/a-tire-d-ailes\\\/#\\\/schema\\\/person\\\/8f98d3a89530861bc1240e6d53d44eed\"},\"description\":\"Fanny a choisi de tirer son lait au travail mais cela n'a pas toujours \u00e9t\u00e9 facile, que ce soit au travail ou avec la cr\u00e8che.\",\"breadcrumb\":{\"@id\":\"https:\\\/\\\/www.lactissima.com\\\/a-tire-d-ailes\\\/allaiter-et-travailler-le-temoignage-de-fanny-2\\\/#breadcrumb\"},\"inLanguage\":\"fr-FR\",\"potentialAction\":[{\"@type\":\"ReadAction\",\"target\":[\"https:\\\/\\\/www.lactissima.com\\\/a-tire-d-ailes\\\/allaiter-et-travailler-le-temoignage-de-fanny-2\\\/\"]}]},{\"@type\":\"ImageObject\",\"inLanguage\":\"fr-FR\",\"@id\":\"https:\\\/\\\/www.lactissima.com\\\/a-tire-d-ailes\\\/allaiter-et-travailler-le-temoignage-de-fanny-2\\\/#primaryimage\",\"url\":\"https:\\\/\\\/www.lactissima.com\\\/a-tire-d-ailes\\\/wp-content\\\/uploads\\\/2017\\\/03\\\/fanny2.jpg\",\"contentUrl\":\"https:\\\/\\\/www.lactissima.com\\\/a-tire-d-ailes\\\/wp-content\\\/uploads\\\/2017\\\/03\\\/fanny2.jpg\",\"width\":230,\"height\":307,\"caption\":\"allaitement et travail\"},{\"@type\":\"BreadcrumbList\",\"@id\":\"https:\\\/\\\/www.lactissima.com\\\/a-tire-d-ailes\\\/allaiter-et-travailler-le-temoignage-de-fanny-2\\\/#breadcrumb\",\"itemListElement\":[{\"@type\":\"ListItem\",\"position\":1,\"name\":\"Accueil\",\"item\":\"https:\\\/\\\/www.lactissima.com\\\/a-tire-d-ailes\\\/\"},{\"@type\":\"ListItem\",\"position\":2,\"name\":\"Allaiter et travailler : le t\u00e9moignage de Fanny\"}]},{\"@type\":\"WebSite\",\"@id\":\"https:\\\/\\\/www.lactissima.com\\\/a-tire-d-ailes\\\/#website\",\"url\":\"https:\\\/\\\/www.lactissima.com\\\/a-tire-d-ailes\\\/\",\"name\":\"A tire d&#039;Ailes\",\"description\":\"Le blog des femmes qui allaitent et travaillent.\",\"potentialAction\":[{\"@type\":\"SearchAction\",\"target\":{\"@type\":\"EntryPoint\",\"urlTemplate\":\"https:\\\/\\\/www.lactissima.com\\\/a-tire-d-ailes\\\/?s={search_term_string}\"},\"query-input\":{\"@type\":\"PropertyValueSpecification\",\"valueRequired\":true,\"valueName\":\"search_term_string\"}}],\"inLanguage\":\"fr-FR\"},{\"@type\":\"Person\",\"@id\":\"https:\\\/\\\/www.lactissima.com\\\/a-tire-d-ailes\\\/#\\\/schema\\\/person\\\/8f98d3a89530861bc1240e6d53d44eed\",\"name\":\"V\u00e9ronique Darmangeat\",\"image\":{\"@type\":\"ImageObject\",\"inLanguage\":\"fr-FR\",\"@id\":\"https:\\\/\\\/secure.gravatar.com\\\/avatar\\\/268c99344c89cebfe4f5df5fa8be43068a18884fc76a29f3206fae98465b9cab?s=96&d=identicon&r=g\",\"url\":\"https:\\\/\\\/secure.gravatar.com\\\/avatar\\\/268c99344c89cebfe4f5df5fa8be43068a18884fc76a29f3206fae98465b9cab?s=96&d=identicon&r=g\",\"contentUrl\":\"https:\\\/\\\/secure.gravatar.com\\\/avatar\\\/268c99344c89cebfe4f5df5fa8be43068a18884fc76a29f3206fae98465b9cab?s=96&d=identicon&r=g\",\"caption\":\"V\u00e9ronique Darmangeat\"},\"sameAs\":[\"https:\\\/\\\/www.lactissima.com\\\/a-tire-d-ailes\",\"www.facebook.com\\\/consultante.en.lactation\"]}]}<\/script>\n<!-- \/ Yoast SEO plugin. -->","yoast_head_json":{"title":"Allaiter et travailler : le t\u00e9moignage de Fanny","description":"Fanny a choisi de tirer son lait au travail mais cela n'a pas toujours \u00e9t\u00e9 facile, que ce soit au travail ou avec la cr\u00e8che.","robots":{"index":"index","follow":"follow","max-snippet":"max-snippet:-1","max-image-preview":"max-image-preview:large","max-video-preview":"max-video-preview:-1"},"canonical":"https:\/\/www.lactissima.com\/a-tire-d-ailes\/allaiter-et-travailler-le-temoignage-de-fanny-2\/","og_locale":"fr_FR","og_type":"article","og_title":"Allaiter et travailler : le t\u00e9moignage de Fanny","og_description":"Fanny a choisi de tirer son lait au travail mais cela n'a pas toujours \u00e9t\u00e9 facile, que ce soit au travail ou avec la cr\u00e8che.","og_url":"https:\/\/www.lactissima.com\/a-tire-d-ailes\/allaiter-et-travailler-le-temoignage-de-fanny-2\/","og_site_name":"A tire d&#039;Ailes","article_publisher":"https:\/\/www.facebook.com\/consultante.en.lactation","article_author":"www.facebook.com\/consultante.en.lactation","article_published_time":"2017-03-17T11:57:55+00:00","og_image":[{"width":230,"height":307,"url":"https:\/\/www.lactissima.com\/a-tire-d-ailes\/wp-content\/uploads\/2017\/03\/fanny2.jpg","type":"image\/jpeg"}],"author":"V\u00e9ronique Darmangeat","twitter_card":"summary_large_image","twitter_creator":"@VeroniqueIBCLC","twitter_site":"@VeroniqueIBCLC","twitter_misc":{"\u00c9crit par":"V\u00e9ronique Darmangeat","Dur\u00e9e de lecture estim\u00e9e":"6 minutes"},"schema":{"@context":"https:\/\/schema.org","@graph":[{"@type":"Article","@id":"https:\/\/www.lactissima.com\/a-tire-d-ailes\/allaiter-et-travailler-le-temoignage-de-fanny-2\/#article","isPartOf":{"@id":"https:\/\/www.lactissima.com\/a-tire-d-ailes\/allaiter-et-travailler-le-temoignage-de-fanny-2\/"},"author":{"name":"V\u00e9ronique Darmangeat","@id":"https:\/\/www.lactissima.com\/a-tire-d-ailes\/#\/schema\/person\/8f98d3a89530861bc1240e6d53d44eed"},"headline":"Allaiter et travailler : le t\u00e9moignage de Fanny","datePublished":"2017-03-17T11:57:55+00:00","mainEntityOfPage":{"@id":"https:\/\/www.lactissima.com\/a-tire-d-ailes\/allaiter-et-travailler-le-temoignage-de-fanny-2\/"},"wordCount":1198,"commentCount":1,"image":{"@id":"https:\/\/www.lactissima.com\/a-tire-d-ailes\/allaiter-et-travailler-le-temoignage-de-fanny-2\/#primaryimage"},"thumbnailUrl":"https:\/\/www.lactissima.com\/a-tire-d-ailes\/wp-content\/uploads\/2017\/03\/fanny2.jpg","articleSection":["t\u00e9moignages"],"inLanguage":"fr-FR","potentialAction":[{"@type":"CommentAction","name":"Comment","target":["https:\/\/www.lactissima.com\/a-tire-d-ailes\/allaiter-et-travailler-le-temoignage-de-fanny-2\/#respond"]}]},{"@type":"WebPage","@id":"https:\/\/www.lactissima.com\/a-tire-d-ailes\/allaiter-et-travailler-le-temoignage-de-fanny-2\/","url":"https:\/\/www.lactissima.com\/a-tire-d-ailes\/allaiter-et-travailler-le-temoignage-de-fanny-2\/","name":"Allaiter et travailler : le t\u00e9moignage de Fanny","isPartOf":{"@id":"https:\/\/www.lactissima.com\/a-tire-d-ailes\/#website"},"primaryImageOfPage":{"@id":"https:\/\/www.lactissima.com\/a-tire-d-ailes\/allaiter-et-travailler-le-temoignage-de-fanny-2\/#primaryimage"},"image":{"@id":"https:\/\/www.lactissima.com\/a-tire-d-ailes\/allaiter-et-travailler-le-temoignage-de-fanny-2\/#primaryimage"},"thumbnailUrl":"https:\/\/www.lactissima.com\/a-tire-d-ailes\/wp-content\/uploads\/2017\/03\/fanny2.jpg","datePublished":"2017-03-17T11:57:55+00:00","author":{"@id":"https:\/\/www.lactissima.com\/a-tire-d-ailes\/#\/schema\/person\/8f98d3a89530861bc1240e6d53d44eed"},"description":"Fanny a choisi de tirer son lait au travail mais cela n'a pas toujours \u00e9t\u00e9 facile, que ce soit au travail ou avec la cr\u00e8che.","breadcrumb":{"@id":"https:\/\/www.lactissima.com\/a-tire-d-ailes\/allaiter-et-travailler-le-temoignage-de-fanny-2\/#breadcrumb"},"inLanguage":"fr-FR","potentialAction":[{"@type":"ReadAction","target":["https:\/\/www.lactissima.com\/a-tire-d-ailes\/allaiter-et-travailler-le-temoignage-de-fanny-2\/"]}]},{"@type":"ImageObject","inLanguage":"fr-FR","@id":"https:\/\/www.lactissima.com\/a-tire-d-ailes\/allaiter-et-travailler-le-temoignage-de-fanny-2\/#primaryimage","url":"https:\/\/www.lactissima.com\/a-tire-d-ailes\/wp-content\/uploads\/2017\/03\/fanny2.jpg","contentUrl":"https:\/\/www.lactissima.com\/a-tire-d-ailes\/wp-content\/uploads\/2017\/03\/fanny2.jpg","width":230,"height":307,"caption":"allaitement et travail"},{"@type":"BreadcrumbList","@id":"https:\/\/www.lactissima.com\/a-tire-d-ailes\/allaiter-et-travailler-le-temoignage-de-fanny-2\/#breadcrumb","itemListElement":[{"@type":"ListItem","position":1,"name":"Accueil","item":"https:\/\/www.lactissima.com\/a-tire-d-ailes\/"},{"@type":"ListItem","position":2,"name":"Allaiter et travailler : le t\u00e9moignage de Fanny"}]},{"@type":"WebSite","@id":"https:\/\/www.lactissima.com\/a-tire-d-ailes\/#website","url":"https:\/\/www.lactissima.com\/a-tire-d-ailes\/","name":"A tire d&#039;Ailes","description":"Le blog des femmes qui allaitent et travaillent.","potentialAction":[{"@type":"SearchAction","target":{"@type":"EntryPoint","urlTemplate":"https:\/\/www.lactissima.com\/a-tire-d-ailes\/?s={search_term_string}"},"query-input":{"@type":"PropertyValueSpecification","valueRequired":true,"valueName":"search_term_string"}}],"inLanguage":"fr-FR"},{"@type":"Person","@id":"https:\/\/www.lactissima.com\/a-tire-d-ailes\/#\/schema\/person\/8f98d3a89530861bc1240e6d53d44eed","name":"V\u00e9ronique Darmangeat","image":{"@type":"ImageObject","inLanguage":"fr-FR","@id":"https:\/\/secure.gravatar.com\/avatar\/268c99344c89cebfe4f5df5fa8be43068a18884fc76a29f3206fae98465b9cab?s=96&d=identicon&r=g","url":"https:\/\/secure.gravatar.com\/avatar\/268c99344c89cebfe4f5df5fa8be43068a18884fc76a29f3206fae98465b9cab?s=96&d=identicon&r=g","contentUrl":"https:\/\/secure.gravatar.com\/avatar\/268c99344c89cebfe4f5df5fa8be43068a18884fc76a29f3206fae98465b9cab?s=96&d=identicon&r=g","caption":"V\u00e9ronique Darmangeat"},"sameAs":["https:\/\/www.lactissima.com\/a-tire-d-ailes","www.facebook.com\/consultante.en.lactation"]}]}},"_links":{"self":[{"href":"https:\/\/www.lactissima.com\/a-tire-d-ailes\/wp-json\/wp\/v2\/posts\/7097","targetHints":{"allow":["GET"]}}],"collection":[{"href":"https:\/\/www.lactissima.com\/a-tire-d-ailes\/wp-json\/wp\/v2\/posts"}],"about":[{"href":"https:\/\/www.lactissima.com\/a-tire-d-ailes\/wp-json\/wp\/v2\/types\/post"}],"author":[{"embeddable":true,"href":"https:\/\/www.lactissima.com\/a-tire-d-ailes\/wp-json\/wp\/v2\/users\/170"}],"replies":[{"embeddable":true,"href":"https:\/\/www.lactissima.com\/a-tire-d-ailes\/wp-json\/wp\/v2\/comments?post=7097"}],"version-history":[{"count":4,"href":"https:\/\/www.lactissima.com\/a-tire-d-ailes\/wp-json\/wp\/v2\/posts\/7097\/revisions"}],"predecessor-version":[{"id":7102,"href":"https:\/\/www.lactissima.com\/a-tire-d-ailes\/wp-json\/wp\/v2\/posts\/7097\/revisions\/7102"}],"wp:featuredmedia":[{"embeddable":true,"href":"https:\/\/www.lactissima.com\/a-tire-d-ailes\/wp-json\/wp\/v2\/media\/7098"}],"wp:attachment":[{"href":"https:\/\/www.lactissima.com\/a-tire-d-ailes\/wp-json\/wp\/v2\/media?parent=7097"}],"wp:term":[{"taxonomy":"category","embeddable":true,"href":"https:\/\/www.lactissima.com\/a-tire-d-ailes\/wp-json\/wp\/v2\/categories?post=7097"},{"taxonomy":"post_tag","embeddable":true,"href":"https:\/\/www.lactissima.com\/a-tire-d-ailes\/wp-json\/wp\/v2\/tags?post=7097"}],"curies":[{"name":"wp","href":"https:\/\/api.w.org\/{rel}","templated":true}]}}