{"id":7046,"date":"2017-02-03T15:23:26","date_gmt":"2017-02-03T14:23:26","guid":{"rendered":"https:\/\/www.lactissima.com\/a-tire-d-ailes\/?p=7046"},"modified":"2017-02-03T21:19:27","modified_gmt":"2017-02-03T20:19:27","slug":"allaiter-travailler-temoignage-de","status":"publish","type":"post","link":"https:\/\/www.lactissima.com\/a-tire-d-ailes\/allaiter-travailler-temoignage-de\/","title":{"rendered":"Allaiter et travailler : le t\u00e9moignage de Sophie"},"content":{"rendered":"<p>&nbsp;<\/p>\n<ul>\n<li style=\"text-align: justify;\"><strong><img loading=\"lazy\" decoding=\"async\" class=\"alignright size-full wp-image-7050\" src=\"https:\/\/www.lactissima.com\/a-tire-d-ailes\/wp-content\/uploads\/2017\/02\/sophie4.jpg\" alt=\"\" width=\"363\" height=\"242\" srcset=\"https:\/\/www.lactissima.com\/a-tire-d-ailes\/wp-content\/uploads\/2017\/02\/sophie4.jpg 363w, https:\/\/www.lactissima.com\/a-tire-d-ailes\/wp-content\/uploads\/2017\/02\/sophie4-300x200.jpg 300w, https:\/\/www.lactissima.com\/a-tire-d-ailes\/wp-content\/uploads\/2017\/02\/sophie4-140x94.jpg 140w\" sizes=\"(max-width: 363px) 100vw, 363px\" \/>Quel choix avez-vous fait au moment de la reprise du travail : sevrage ou poursuite de l&rsquo;allaitement ? Pourquoi ?<\/strong><\/li>\n<\/ul>\n<p style=\"text-align: justify;\">Mon b\u00e9b\u00e9, Auguste \u00e0 bient\u00f4t 8 mois. Je suis infirmi\u00e8re pu\u00e9ricultrice, j&rsquo;ai travaill\u00e9 en maternit\u00e9 pendant 5 ans, et pour moi allaiter \u00e9tait une \u00e9vidence.<\/p>\n<p style=\"text-align: justify;\">Je n&rsquo;ai jamais pens\u00e9 arr\u00eater \u00e0 la reprise du travail, mon b\u00e9b\u00e9 est all\u00e9 chez une nounou, et j&rsquo;ai continuer \u00e0 l&rsquo;allaiter matin, soir, nuit et pendant mes jours de repos. La journ\u00e9e, au travail, je tirais mon lait. J&rsquo;ai la chance de travailler dans la fonction publique, et surtout d&rsquo;avoir un bureau pour moi seule, donc l&rsquo;isolement \u00e9tait facile. De plus, ma sup\u00e9rieure est elle m\u00eame enceinte, alors tr\u00e8s compr\u00e9hensive !<\/p>\n<ul style=\"text-align: justify;\">\n<li><strong>Comment vous \u00eates-vous organis\u00e9e ?<\/strong><\/li>\n<\/ul>\n<p style=\"text-align: justify;\">Au d\u00e9part, je tirais de fa\u00e7on \u00e0 nourrir mon b\u00e9b\u00e9 le lendemain uniquement avec mon lait, puis \u00e0 6 mois j&rsquo;ai commenc\u00e9 \u00e0 introduire les l\u00e9gumes\/fruits\/viandes\/, et surtout, trop fatigu\u00e9e, j&rsquo;ai commenc\u00e9 le lait infantile. De toutes fa\u00e7ons, je n&rsquo;arrivais plus a avoir assez de lait pour le lendemain. J&rsquo;ai \u00e9t\u00e9 d\u00e9\u00e7ue, apeur\u00e9e d&rsquo;\u00eatre oblig\u00e9e d&rsquo;arr\u00eater, mais je continue toujours ! Surtout, je ne cherche plus \u00e0 tirer absolument, j&rsquo;allaite le soir en rentrant, la nuit, et mes jours de repos, m\u00eame si l\u00e0 encore je donne aussi des biberons de lait infantile.<\/p>\n<ul style=\"text-align: justify;\">\n<li><strong>Quels ont \u00e9t\u00e9 vos meilleurs moments ?<\/strong><\/li>\n<\/ul>\n<p style=\"text-align: justify;\">J&rsquo;adore allaiter, j&rsquo;adore quand il se jette sur le sein, il tourne la t\u00eate et ouvre la bouche, lorsqu&rsquo;il s&rsquo;endort sur le sein&#8230; M\u00eame quand il le tient avec ses deux petites mains. J&rsquo;ai m\u00eame l&rsquo;impression qu&rsquo;il commence \u00e0 tirer mes v\u00eatements lorsqu&rsquo;il veut le sein! C&rsquo;est notre moment \u00e0 nous deux&#8230;<\/p>\n<ul style=\"text-align: justify;\">\n<li><strong>Quelles ont \u00e9t\u00e9 vos principales difficult\u00e9s ?<\/strong><\/li>\n<\/ul>\n<p style=\"text-align: justify;\">Mes difficult\u00e9s sont les nuits, car il t\u00e8te toujours, et me r\u00e9veille encore parfois 2 \u00e0 3 fois la nuit&#8230; Je l&rsquo;\u00e9l\u00e8ve seule donc je suis fatigu\u00e9e. Et puis, il pr\u00e9f\u00e8re largement un sein, et t\u00e8te tr\u00e8s peu le deuxi\u00e8me, du coup il y a moins de production.<\/p>\n<p style=\"text-align: justify;\">Mais pour rien au monde je n&rsquo;aurais arr\u00eat\u00e9 ! Allaiter est g\u00e9nial, du pur plaisir ! Cela soigne tout et de tout ! Le repas est toujours pr\u00eat. Et m\u00eame si la t\u00e9t\u00e9 n&rsquo;est pas nutritive, c&rsquo;est un moment partag\u00e9 exceptionnel.<\/p>\n<p style=\"text-align: justify;\">Je suis regard\u00e9e et critiqu\u00e9e, surtout que je l&rsquo;ai beaucoup port\u00e9 les premiers mois, mais je persiste !!<\/p>\n<p style=\"text-align: justify;\">J&rsquo;appr\u00e9hende la fin de ce bonheur&#8230; de cette communion&#8230;<\/p>\n<p><strong>Articles en rapport :<\/strong><\/p>\n<ul>\n<li>Voir l&rsquo;onglet <a href=\"https:\/\/www.lactissima.com\/a-tire-d-ailes\/temoignages-travail-et-allaitement\/\" target=\"_blank\">t\u00e9moignages<\/a><\/li>\n<\/ul>\n<p>&nbsp;<\/p>\n<div class='et-box et-shadow'>\n\t\t\t\t\t<div class='et-box-content'>Lire des articles ou poser des questions en commentaire ne suffit pas \u00e0 r\u00e9soudre votre probl\u00e8me ?\nSavez-vous que vous pouvez prendre RDV pour une consultation avec moi ?\nN&rsquo;h\u00e9sitez pas \u00e0 me contacter !<\/div><\/div>\n<p>&nbsp;<\/p>\n","protected":false},"excerpt":{"rendered":"<p>&nbsp; Quel choix avez-vous fait au moment de la reprise du travail : sevrage ou poursuite de l&rsquo;allaitement ? Pourquoi ? Mon b\u00e9b\u00e9, Auguste \u00e0 bient\u00f4t 8 mois. Je suis infirmi\u00e8re pu\u00e9ricultrice, j&rsquo;ai travaill\u00e9 en maternit\u00e9 pendant 5 ans, et pour moi allaiter \u00e9tait une \u00e9vidence. Je n&rsquo;ai jamais pens\u00e9 arr\u00eater \u00e0 la reprise du [&hellip;]<\/p>\n","protected":false},"author":170,"featured_media":7050,"comment_status":"open","ping_status":"open","sticky":false,"template":"","format":"standard","meta":{"_et_pb_use_builder":"","_et_pb_old_content":"","_et_gb_content_width":"","footnotes":""},"categories":[150],"tags":[],"class_list":["post-7046","post","type-post","status-publish","format-standard","has-post-thumbnail","hentry","category-temoignages"],"yoast_head":"<!-- This site is optimized with the Yoast SEO plugin v27.4 - https:\/\/yoast.com\/product\/yoast-seo-wordpress\/ -->\n<title>Allaiter et travailler : le t\u00e9moignage de Sophie<\/title>\n<meta name=\"description\" content=\"Sophie est infirmi\u00e8re pu\u00e9ricultrice et \u00e9l\u00e8ve seule son fils. L&#039;allaitement est un bon moyen de s&#039;occuper au mieux de son enfant. Elle l&#039;a donc poursuivi.\" \/>\n<meta name=\"robots\" content=\"index, follow, max-snippet:-1, max-image-preview:large, max-video-preview:-1\" \/>\n<link rel=\"canonical\" href=\"https:\/\/www.lactissima.com\/a-tire-d-ailes\/allaiter-travailler-temoignage-de\/\" \/>\n<meta property=\"og:locale\" content=\"fr_FR\" \/>\n<meta property=\"og:type\" content=\"article\" \/>\n<meta property=\"og:title\" content=\"Allaiter et travailler : le t\u00e9moignage de Sophie\" \/>\n<meta property=\"og:description\" content=\"Sophie est infirmi\u00e8re pu\u00e9ricultrice et \u00e9l\u00e8ve seule son fils. L&#039;allaitement est un bon moyen de s&#039;occuper au mieux de son enfant. Elle l&#039;a donc poursuivi.\" \/>\n<meta property=\"og:url\" content=\"https:\/\/www.lactissima.com\/a-tire-d-ailes\/allaiter-travailler-temoignage-de\/\" \/>\n<meta property=\"og:site_name\" content=\"A tire d&#039;Ailes\" \/>\n<meta property=\"article:publisher\" content=\"https:\/\/www.facebook.com\/consultante.en.lactation\" \/>\n<meta property=\"article:author\" content=\"www.facebook.com\/consultante.en.lactation\" \/>\n<meta property=\"article:published_time\" content=\"2017-02-03T14:23:26+00:00\" \/>\n<meta property=\"article:modified_time\" content=\"2017-02-03T20:19:27+00:00\" \/>\n<meta property=\"og:image\" content=\"https:\/\/www.lactissima.com\/a-tire-d-ailes\/wp-content\/uploads\/2017\/02\/sophie4.jpg\" \/>\n\t<meta property=\"og:image:width\" content=\"363\" \/>\n\t<meta property=\"og:image:height\" content=\"242\" \/>\n\t<meta property=\"og:image:type\" content=\"image\/jpeg\" \/>\n<meta name=\"author\" content=\"V\u00e9ronique Darmangeat\" \/>\n<meta name=\"twitter:card\" content=\"summary_large_image\" \/>\n<meta name=\"twitter:creator\" content=\"@VeroniqueIBCLC\" \/>\n<meta name=\"twitter:site\" content=\"@VeroniqueIBCLC\" \/>\n<meta name=\"twitter:label1\" content=\"\u00c9crit par\" \/>\n\t<meta name=\"twitter:data1\" content=\"V\u00e9ronique Darmangeat\" \/>\n\t<meta name=\"twitter:label2\" content=\"Dur\u00e9e de lecture estim\u00e9e\" \/>\n\t<meta name=\"twitter:data2\" content=\"2 minutes\" \/>\n<script type=\"application\/ld+json\" class=\"yoast-schema-graph\">{\"@context\":\"https:\\\/\\\/schema.org\",\"@graph\":[{\"@type\":\"Article\",\"@id\":\"https:\\\/\\\/www.lactissima.com\\\/a-tire-d-ailes\\\/allaiter-travailler-temoignage-de\\\/#article\",\"isPartOf\":{\"@id\":\"https:\\\/\\\/www.lactissima.com\\\/a-tire-d-ailes\\\/allaiter-travailler-temoignage-de\\\/\"},\"author\":{\"name\":\"V\u00e9ronique Darmangeat\",\"@id\":\"https:\\\/\\\/www.lactissima.com\\\/a-tire-d-ailes\\\/#\\\/schema\\\/person\\\/8f98d3a89530861bc1240e6d53d44eed\"},\"headline\":\"Allaiter et travailler : le t\u00e9moignage de Sophie\",\"datePublished\":\"2017-02-03T14:23:26+00:00\",\"dateModified\":\"2017-02-03T20:19:27+00:00\",\"mainEntityOfPage\":{\"@id\":\"https:\\\/\\\/www.lactissima.com\\\/a-tire-d-ailes\\\/allaiter-travailler-temoignage-de\\\/\"},\"wordCount\":503,\"commentCount\":0,\"image\":{\"@id\":\"https:\\\/\\\/www.lactissima.com\\\/a-tire-d-ailes\\\/allaiter-travailler-temoignage-de\\\/#primaryimage\"},\"thumbnailUrl\":\"https:\\\/\\\/www.lactissima.com\\\/a-tire-d-ailes\\\/wp-content\\\/uploads\\\/2017\\\/02\\\/sophie4.jpg\",\"articleSection\":[\"t\u00e9moignages\"],\"inLanguage\":\"fr-FR\",\"potentialAction\":[{\"@type\":\"CommentAction\",\"name\":\"Comment\",\"target\":[\"https:\\\/\\\/www.lactissima.com\\\/a-tire-d-ailes\\\/allaiter-travailler-temoignage-de\\\/#respond\"]}]},{\"@type\":\"WebPage\",\"@id\":\"https:\\\/\\\/www.lactissima.com\\\/a-tire-d-ailes\\\/allaiter-travailler-temoignage-de\\\/\",\"url\":\"https:\\\/\\\/www.lactissima.com\\\/a-tire-d-ailes\\\/allaiter-travailler-temoignage-de\\\/\",\"name\":\"Allaiter et travailler : le t\u00e9moignage de Sophie\",\"isPartOf\":{\"@id\":\"https:\\\/\\\/www.lactissima.com\\\/a-tire-d-ailes\\\/#website\"},\"primaryImageOfPage\":{\"@id\":\"https:\\\/\\\/www.lactissima.com\\\/a-tire-d-ailes\\\/allaiter-travailler-temoignage-de\\\/#primaryimage\"},\"image\":{\"@id\":\"https:\\\/\\\/www.lactissima.com\\\/a-tire-d-ailes\\\/allaiter-travailler-temoignage-de\\\/#primaryimage\"},\"thumbnailUrl\":\"https:\\\/\\\/www.lactissima.com\\\/a-tire-d-ailes\\\/wp-content\\\/uploads\\\/2017\\\/02\\\/sophie4.jpg\",\"datePublished\":\"2017-02-03T14:23:26+00:00\",\"dateModified\":\"2017-02-03T20:19:27+00:00\",\"author\":{\"@id\":\"https:\\\/\\\/www.lactissima.com\\\/a-tire-d-ailes\\\/#\\\/schema\\\/person\\\/8f98d3a89530861bc1240e6d53d44eed\"},\"description\":\"Sophie est infirmi\u00e8re pu\u00e9ricultrice et \u00e9l\u00e8ve seule son fils. L'allaitement est un bon moyen de s'occuper au mieux de son enfant. Elle l'a donc poursuivi.\",\"breadcrumb\":{\"@id\":\"https:\\\/\\\/www.lactissima.com\\\/a-tire-d-ailes\\\/allaiter-travailler-temoignage-de\\\/#breadcrumb\"},\"inLanguage\":\"fr-FR\",\"potentialAction\":[{\"@type\":\"ReadAction\",\"target\":[\"https:\\\/\\\/www.lactissima.com\\\/a-tire-d-ailes\\\/allaiter-travailler-temoignage-de\\\/\"]}]},{\"@type\":\"ImageObject\",\"inLanguage\":\"fr-FR\",\"@id\":\"https:\\\/\\\/www.lactissima.com\\\/a-tire-d-ailes\\\/allaiter-travailler-temoignage-de\\\/#primaryimage\",\"url\":\"https:\\\/\\\/www.lactissima.com\\\/a-tire-d-ailes\\\/wp-content\\\/uploads\\\/2017\\\/02\\\/sophie4.jpg\",\"contentUrl\":\"https:\\\/\\\/www.lactissima.com\\\/a-tire-d-ailes\\\/wp-content\\\/uploads\\\/2017\\\/02\\\/sophie4.jpg\",\"width\":363,\"height\":242},{\"@type\":\"BreadcrumbList\",\"@id\":\"https:\\\/\\\/www.lactissima.com\\\/a-tire-d-ailes\\\/allaiter-travailler-temoignage-de\\\/#breadcrumb\",\"itemListElement\":[{\"@type\":\"ListItem\",\"position\":1,\"name\":\"Accueil\",\"item\":\"https:\\\/\\\/www.lactissima.com\\\/a-tire-d-ailes\\\/\"},{\"@type\":\"ListItem\",\"position\":2,\"name\":\"Allaiter et travailler : le t\u00e9moignage de Sophie\"}]},{\"@type\":\"WebSite\",\"@id\":\"https:\\\/\\\/www.lactissima.com\\\/a-tire-d-ailes\\\/#website\",\"url\":\"https:\\\/\\\/www.lactissima.com\\\/a-tire-d-ailes\\\/\",\"name\":\"A tire d&#039;Ailes\",\"description\":\"Le blog des femmes qui allaitent et travaillent.\",\"potentialAction\":[{\"@type\":\"SearchAction\",\"target\":{\"@type\":\"EntryPoint\",\"urlTemplate\":\"https:\\\/\\\/www.lactissima.com\\\/a-tire-d-ailes\\\/?s={search_term_string}\"},\"query-input\":{\"@type\":\"PropertyValueSpecification\",\"valueRequired\":true,\"valueName\":\"search_term_string\"}}],\"inLanguage\":\"fr-FR\"},{\"@type\":\"Person\",\"@id\":\"https:\\\/\\\/www.lactissima.com\\\/a-tire-d-ailes\\\/#\\\/schema\\\/person\\\/8f98d3a89530861bc1240e6d53d44eed\",\"name\":\"V\u00e9ronique Darmangeat\",\"image\":{\"@type\":\"ImageObject\",\"inLanguage\":\"fr-FR\",\"@id\":\"https:\\\/\\\/secure.gravatar.com\\\/avatar\\\/268c99344c89cebfe4f5df5fa8be43068a18884fc76a29f3206fae98465b9cab?s=96&d=identicon&r=g\",\"url\":\"https:\\\/\\\/secure.gravatar.com\\\/avatar\\\/268c99344c89cebfe4f5df5fa8be43068a18884fc76a29f3206fae98465b9cab?s=96&d=identicon&r=g\",\"contentUrl\":\"https:\\\/\\\/secure.gravatar.com\\\/avatar\\\/268c99344c89cebfe4f5df5fa8be43068a18884fc76a29f3206fae98465b9cab?s=96&d=identicon&r=g\",\"caption\":\"V\u00e9ronique Darmangeat\"},\"sameAs\":[\"https:\\\/\\\/www.lactissima.com\\\/a-tire-d-ailes\",\"www.facebook.com\\\/consultante.en.lactation\"]}]}<\/script>\n<!-- \/ Yoast SEO plugin. -->","yoast_head_json":{"title":"Allaiter et travailler : le t\u00e9moignage de Sophie","description":"Sophie est infirmi\u00e8re pu\u00e9ricultrice et \u00e9l\u00e8ve seule son fils. L'allaitement est un bon moyen de s'occuper au mieux de son enfant. Elle l'a donc poursuivi.","robots":{"index":"index","follow":"follow","max-snippet":"max-snippet:-1","max-image-preview":"max-image-preview:large","max-video-preview":"max-video-preview:-1"},"canonical":"https:\/\/www.lactissima.com\/a-tire-d-ailes\/allaiter-travailler-temoignage-de\/","og_locale":"fr_FR","og_type":"article","og_title":"Allaiter et travailler : le t\u00e9moignage de Sophie","og_description":"Sophie est infirmi\u00e8re pu\u00e9ricultrice et \u00e9l\u00e8ve seule son fils. L'allaitement est un bon moyen de s'occuper au mieux de son enfant. Elle l'a donc poursuivi.","og_url":"https:\/\/www.lactissima.com\/a-tire-d-ailes\/allaiter-travailler-temoignage-de\/","og_site_name":"A tire d&#039;Ailes","article_publisher":"https:\/\/www.facebook.com\/consultante.en.lactation","article_author":"www.facebook.com\/consultante.en.lactation","article_published_time":"2017-02-03T14:23:26+00:00","article_modified_time":"2017-02-03T20:19:27+00:00","og_image":[{"width":363,"height":242,"url":"https:\/\/www.lactissima.com\/a-tire-d-ailes\/wp-content\/uploads\/2017\/02\/sophie4.jpg","type":"image\/jpeg"}],"author":"V\u00e9ronique Darmangeat","twitter_card":"summary_large_image","twitter_creator":"@VeroniqueIBCLC","twitter_site":"@VeroniqueIBCLC","twitter_misc":{"\u00c9crit par":"V\u00e9ronique Darmangeat","Dur\u00e9e de lecture estim\u00e9e":"2 minutes"},"schema":{"@context":"https:\/\/schema.org","@graph":[{"@type":"Article","@id":"https:\/\/www.lactissima.com\/a-tire-d-ailes\/allaiter-travailler-temoignage-de\/#article","isPartOf":{"@id":"https:\/\/www.lactissima.com\/a-tire-d-ailes\/allaiter-travailler-temoignage-de\/"},"author":{"name":"V\u00e9ronique Darmangeat","@id":"https:\/\/www.lactissima.com\/a-tire-d-ailes\/#\/schema\/person\/8f98d3a89530861bc1240e6d53d44eed"},"headline":"Allaiter et travailler : le t\u00e9moignage de Sophie","datePublished":"2017-02-03T14:23:26+00:00","dateModified":"2017-02-03T20:19:27+00:00","mainEntityOfPage":{"@id":"https:\/\/www.lactissima.com\/a-tire-d-ailes\/allaiter-travailler-temoignage-de\/"},"wordCount":503,"commentCount":0,"image":{"@id":"https:\/\/www.lactissima.com\/a-tire-d-ailes\/allaiter-travailler-temoignage-de\/#primaryimage"},"thumbnailUrl":"https:\/\/www.lactissima.com\/a-tire-d-ailes\/wp-content\/uploads\/2017\/02\/sophie4.jpg","articleSection":["t\u00e9moignages"],"inLanguage":"fr-FR","potentialAction":[{"@type":"CommentAction","name":"Comment","target":["https:\/\/www.lactissima.com\/a-tire-d-ailes\/allaiter-travailler-temoignage-de\/#respond"]}]},{"@type":"WebPage","@id":"https:\/\/www.lactissima.com\/a-tire-d-ailes\/allaiter-travailler-temoignage-de\/","url":"https:\/\/www.lactissima.com\/a-tire-d-ailes\/allaiter-travailler-temoignage-de\/","name":"Allaiter et travailler : le t\u00e9moignage de Sophie","isPartOf":{"@id":"https:\/\/www.lactissima.com\/a-tire-d-ailes\/#website"},"primaryImageOfPage":{"@id":"https:\/\/www.lactissima.com\/a-tire-d-ailes\/allaiter-travailler-temoignage-de\/#primaryimage"},"image":{"@id":"https:\/\/www.lactissima.com\/a-tire-d-ailes\/allaiter-travailler-temoignage-de\/#primaryimage"},"thumbnailUrl":"https:\/\/www.lactissima.com\/a-tire-d-ailes\/wp-content\/uploads\/2017\/02\/sophie4.jpg","datePublished":"2017-02-03T14:23:26+00:00","dateModified":"2017-02-03T20:19:27+00:00","author":{"@id":"https:\/\/www.lactissima.com\/a-tire-d-ailes\/#\/schema\/person\/8f98d3a89530861bc1240e6d53d44eed"},"description":"Sophie est infirmi\u00e8re pu\u00e9ricultrice et \u00e9l\u00e8ve seule son fils. L'allaitement est un bon moyen de s'occuper au mieux de son enfant. Elle l'a donc poursuivi.","breadcrumb":{"@id":"https:\/\/www.lactissima.com\/a-tire-d-ailes\/allaiter-travailler-temoignage-de\/#breadcrumb"},"inLanguage":"fr-FR","potentialAction":[{"@type":"ReadAction","target":["https:\/\/www.lactissima.com\/a-tire-d-ailes\/allaiter-travailler-temoignage-de\/"]}]},{"@type":"ImageObject","inLanguage":"fr-FR","@id":"https:\/\/www.lactissima.com\/a-tire-d-ailes\/allaiter-travailler-temoignage-de\/#primaryimage","url":"https:\/\/www.lactissima.com\/a-tire-d-ailes\/wp-content\/uploads\/2017\/02\/sophie4.jpg","contentUrl":"https:\/\/www.lactissima.com\/a-tire-d-ailes\/wp-content\/uploads\/2017\/02\/sophie4.jpg","width":363,"height":242},{"@type":"BreadcrumbList","@id":"https:\/\/www.lactissima.com\/a-tire-d-ailes\/allaiter-travailler-temoignage-de\/#breadcrumb","itemListElement":[{"@type":"ListItem","position":1,"name":"Accueil","item":"https:\/\/www.lactissima.com\/a-tire-d-ailes\/"},{"@type":"ListItem","position":2,"name":"Allaiter et travailler : le t\u00e9moignage de Sophie"}]},{"@type":"WebSite","@id":"https:\/\/www.lactissima.com\/a-tire-d-ailes\/#website","url":"https:\/\/www.lactissima.com\/a-tire-d-ailes\/","name":"A tire d&#039;Ailes","description":"Le blog des femmes qui allaitent et travaillent.","potentialAction":[{"@type":"SearchAction","target":{"@type":"EntryPoint","urlTemplate":"https:\/\/www.lactissima.com\/a-tire-d-ailes\/?s={search_term_string}"},"query-input":{"@type":"PropertyValueSpecification","valueRequired":true,"valueName":"search_term_string"}}],"inLanguage":"fr-FR"},{"@type":"Person","@id":"https:\/\/www.lactissima.com\/a-tire-d-ailes\/#\/schema\/person\/8f98d3a89530861bc1240e6d53d44eed","name":"V\u00e9ronique Darmangeat","image":{"@type":"ImageObject","inLanguage":"fr-FR","@id":"https:\/\/secure.gravatar.com\/avatar\/268c99344c89cebfe4f5df5fa8be43068a18884fc76a29f3206fae98465b9cab?s=96&d=identicon&r=g","url":"https:\/\/secure.gravatar.com\/avatar\/268c99344c89cebfe4f5df5fa8be43068a18884fc76a29f3206fae98465b9cab?s=96&d=identicon&r=g","contentUrl":"https:\/\/secure.gravatar.com\/avatar\/268c99344c89cebfe4f5df5fa8be43068a18884fc76a29f3206fae98465b9cab?s=96&d=identicon&r=g","caption":"V\u00e9ronique Darmangeat"},"sameAs":["https:\/\/www.lactissima.com\/a-tire-d-ailes","www.facebook.com\/consultante.en.lactation"]}]}},"_links":{"self":[{"href":"https:\/\/www.lactissima.com\/a-tire-d-ailes\/wp-json\/wp\/v2\/posts\/7046","targetHints":{"allow":["GET"]}}],"collection":[{"href":"https:\/\/www.lactissima.com\/a-tire-d-ailes\/wp-json\/wp\/v2\/posts"}],"about":[{"href":"https:\/\/www.lactissima.com\/a-tire-d-ailes\/wp-json\/wp\/v2\/types\/post"}],"author":[{"embeddable":true,"href":"https:\/\/www.lactissima.com\/a-tire-d-ailes\/wp-json\/wp\/v2\/users\/170"}],"replies":[{"embeddable":true,"href":"https:\/\/www.lactissima.com\/a-tire-d-ailes\/wp-json\/wp\/v2\/comments?post=7046"}],"version-history":[{"count":2,"href":"https:\/\/www.lactissima.com\/a-tire-d-ailes\/wp-json\/wp\/v2\/posts\/7046\/revisions"}],"predecessor-version":[{"id":7051,"href":"https:\/\/www.lactissima.com\/a-tire-d-ailes\/wp-json\/wp\/v2\/posts\/7046\/revisions\/7051"}],"wp:featuredmedia":[{"embeddable":true,"href":"https:\/\/www.lactissima.com\/a-tire-d-ailes\/wp-json\/wp\/v2\/media\/7050"}],"wp:attachment":[{"href":"https:\/\/www.lactissima.com\/a-tire-d-ailes\/wp-json\/wp\/v2\/media?parent=7046"}],"wp:term":[{"taxonomy":"category","embeddable":true,"href":"https:\/\/www.lactissima.com\/a-tire-d-ailes\/wp-json\/wp\/v2\/categories?post=7046"},{"taxonomy":"post_tag","embeddable":true,"href":"https:\/\/www.lactissima.com\/a-tire-d-ailes\/wp-json\/wp\/v2\/tags?post=7046"}],"curies":[{"name":"wp","href":"https:\/\/api.w.org\/{rel}","templated":true}]}}