{"id":6986,"date":"2016-12-15T09:41:28","date_gmt":"2016-12-15T08:41:28","guid":{"rendered":"https:\/\/www.lactissima.com\/a-tire-d-ailes\/?p=6986"},"modified":"2016-12-15T19:07:37","modified_gmt":"2016-12-15T18:07:37","slug":"allaiter-et-travailler-le-temoignage-dorianne","status":"publish","type":"post","link":"https:\/\/www.lactissima.com\/a-tire-d-ailes\/allaiter-et-travailler-le-temoignage-dorianne\/","title":{"rendered":"Allaiter et travailler : le t\u00e9moignage d&rsquo;Orianne"},"content":{"rendered":"<p dir=\"ltr\" style=\"text-align: justify;\"><strong><img loading=\"lazy\" decoding=\"async\" class=\"alignright size-full wp-image-6990\" src=\"https:\/\/www.lactissima.com\/a-tire-d-ailes\/wp-content\/uploads\/2016\/12\/orianne.jpg\" alt=\"\" width=\"410\" height=\"230\" srcset=\"https:\/\/www.lactissima.com\/a-tire-d-ailes\/wp-content\/uploads\/2016\/12\/orianne.jpg 410w, https:\/\/www.lactissima.com\/a-tire-d-ailes\/wp-content\/uploads\/2016\/12\/orianne-300x168.jpg 300w\" sizes=\"(max-width: 410px) 100vw, 410px\" \/>Le 4 septembre 2016 :<\/strong><\/p>\n<p dir=\"ltr\" style=\"text-align: justify;\">Je suis sage femme de profession et jeune maman d&rsquo;un petit bout de 2 mois et demi que j&rsquo;allaite. Je souhaite continuer l&rsquo;aventure jusqu&rsquo;\u00e0 ses 6 mois mais bien entendu, je reprends le travail avant, d&rsquo;ici 1 mois, j&rsquo;ai donc pr\u00e9vu de tirer mon lait malgr\u00e9 les gardes de 12h, de jour, de nuit, les accouchements inopin\u00e9s et toutes les autres contraintes que toutes les femmes rencontrent (le premier challenge \u00e9tant de trouver une nounou qui accepte, la plupart ayant peur de ne pas avoir assez de lait ou que le b\u00e9b\u00e9 refuse le biberon).<br \/>\nCar m\u00eame si je suis du milieu et qu&rsquo;on pourrait croire que j&rsquo;aurai le soutien de mes coll\u00e8gues, je ne suis pas s\u00fbre que ce soit le cas. D&rsquo;autant plus que je travaille dans une petite maternit\u00e9 et que je suis seule en suite de couche ou salle de naissance, donc en cas d&rsquo;urgence impossible de se faire remplacer. Pour mettre toutes les chances de mon c\u00f4t\u00e9, j&rsquo;ai pris 3 semaines de cong\u00e9 suppl\u00e9mentaires (c&rsquo;est peu mais je sais que \u00e7a peut faire toute la diff\u00e9rence) et ai modifi\u00e9 mon planning avec l&rsquo;accord de ma cadre pour ne faire que des jours (et au maximum en suite de couches car moins d&rsquo;urgences donc plus simple de s&rsquo;organiser) pendant au moins le premier mois qui suit ma reprise.<\/p>\n<p dir=\"ltr\" style=\"text-align: justify;\">Et j&rsquo;ai commenc\u00e9 \u00e0 faire des <a href=\"https:\/\/www.lactissima.com\/a-tire-d-ailes\/faire-du-stock-de-lait\/\" target=\"_blank\">r\u00e9serves <\/a>:<br \/>\nJ&rsquo;ai de la chance car Milo a commenc\u00e9 tr\u00e8s t\u00f4t \u00e0 faire ses nuits, 5 \u00e0 6h d\u00e8s la fin du premier mois, 7 \u00e0 8h avant la fin du deuxi\u00e8me, entre 8h30 et 9h30 maintenant. Tr\u00e8s vite je me suis retrouv\u00e9e avec les seins pleins au r\u00e9veil et Milo qui refusait cat\u00e9goriquement de t\u00e9ter sur le deuxi\u00e8me.<br \/>\nD&rsquo;autant plus que mon petit p\u00e8re a eu beaucoup de coliques, je m&rsquo;arrangeais donc pour qu&rsquo;il t\u00e8te sur un sein au maximum pour avoir le gras du lait et pas trop le lactose de d\u00e9but de t\u00e9t\u00e9e. J&rsquo;ai tir\u00e9 quelques fois d\u00e8s la fin du premier mois mais plus pour soulager le deuxi\u00e8me sein quand celui ci \u00e9tait trop plein (bien entendu je ne jetais rien et congelais tout !). Depuis ses deux mois (1 mois et demi avant ma reprise), je tire syst\u00e9matiquement sur le deuxi\u00e8me sein apr\u00e8s la t\u00e9t\u00e9e du matin et je cong\u00e8le le lait ainsi tir\u00e9 (60 \u00e0 90 ml \u00e0 gauche, jusqu&rsquo;\u00e0 140 ml \u00e0 droite ! Et pourtant, quand c&rsquo;est Milo qui t\u00e8te, je suis quasi s\u00fbre qu&rsquo;il prend autant d&rsquo;un c\u00f4t\u00e9 que de l&rsquo;autre^^).<\/p>\n<p dir=\"ltr\" style=\"text-align: justify;\">Je n&rsquo;ai plus cette impression de seins tr\u00e8s pleins au r\u00e9veil car mon corps a du s&rsquo;habituer aux longues nuits sans t\u00e9t\u00e9es mais je constitue ainsi j&rsquo;esp\u00e8re de bonnes r\u00e9serves pour allaiter Milo jusqu&rsquo;\u00e0 no\u00c3\u00abl (ses 6 mois)! Aujourd&rsquo;hui, Milo fait 4 t\u00e9t\u00e9es par 24h. A la reprise du travail, je me dis qu&rsquo;entre les 100 ml que je tire le matin, si je tire 100 \u00e0 150 ml de plus 2 fois par jour, on devrait y arriver en gardant t\u00e9t\u00e9e du matin et du soir.<br \/>\nEt puis il observe d\u00e9j\u00e0 l&rsquo;air tr\u00e8s int\u00e9ress\u00e9 tout ce que nous mettons \u00e0 la bouche, j&rsquo;ai donc bon espoir qu&rsquo;il d\u00e9marre la diversification alimentaire peu de temps apr\u00e8s ma reprise, ce qui permettra de palier \u00e0 une \u00e9ventuelle baisse de lactation.<\/p>\n<p dir=\"ltr\" style=\"text-align: justify;\">J&rsquo;ai achet\u00e9 un <a href=\"https:\/\/www.lactissima.com\/a-tire-d-ailes\/le-point-sur-les-tire-lait\/\" target=\"_blank\">tire-lait<\/a> Medela Swing simple pompage que je dois recevoir en d\u00e9but de semaine prochaine, je vais pouvoir rendre le tire lait en location que j&rsquo;avais pris pour tester mais que je trouve peu pratique (alors qu&rsquo;il est sens\u00e9 \u00eatre portatif. Il s&rsquo;agit du mod\u00e8le Calypso de la marque Ardo).<\/p>\n<p dir=\"ltr\" style=\"text-align: justify;\"><strong>Le 11 novembre 2016 :<\/strong><\/p>\n<p dir=\"ltr\" style=\"text-align: justify;\">J&rsquo;ai repris le travail le 5 octobre, d&rsquo;abord seulement mon activit\u00e9 lib\u00e9rale, puis les gardes \u00e0 partir du 18 octobre (j&rsquo;ai une double activit\u00e9 : temps plein en garde de 12h et 1 jour et demi de lib\u00e9ral par semaine en plus). Beaucoup d&rsquo;inqui\u00e9tude au d\u00e9but : \u00e0 celle de laisser mon cheridou pour la premi\u00e8re fois, s&rsquo;ajoutait celle de ne pas trouver le temps de tirer ou de ne pas tirer assez&#8230; Et \u00e7a a \u00e9t\u00e9 le cas les premiers jours.<\/p>\n<p dir=\"ltr\" style=\"text-align: justify;\">Alors que pour tester le biberon, j&rsquo;arrivais \u00e0 tirer 120 ml sur 1 seul sein en pleine journ\u00e9e, je n&rsquo;arrivais \u00e0 tirer que 80-90 ml sur les deux seins au travail, 2 fois dans la journ\u00e9e, parfois 3 fois&#8230;Heureusement, j&rsquo;avais des r\u00e9serves et je tirais toujours 140-150 ml le matin. Ce qui au final \u00e9tait suffisant pour mini shrek, mon petit glouton (surnom qu&rsquo;il a gagn\u00e9 au moment de sa pouss\u00e9e de croissance des 3 mois&#8230; Il n&rsquo;avait jamais r\u00e9clam\u00e9 autant, pas m\u00eame \u00e0 la naissance ou les premi\u00e8res semaines&#8230;) !<br \/>\nMais rapidement, d\u00e8s la fin de la premi\u00e8re semaine de reprise des gardes, j&rsquo;ai eu cette impression d&rsquo;avoir moins de lait et que cela ne suffisait plus \u00e0 Milo (d&rsquo;autant plus que lui grandit..) : il prenait de nouveau les 2 seins, s&rsquo;\u00e9nervait au sein le soir parce qu&rsquo;il \u00e9tait fatigu\u00e9 (ce qui au final rendait les t\u00e9t\u00e9es stressantes pour tous les 2 alors que cela devait rester un plaisir) et dormait moins longtemps la nuit se r\u00e9veillant de plus en plus t\u00f4t.<\/p>\n<p dir=\"ltr\" style=\"text-align: justify;\">Au d\u00e9but de la reprise, Milo buvait un seul sein le matin, les deux le soir, et il buvait 120 \u00e0 130 ml 2 fois par jour. Au bout de 15 jours, il prenait les deux seins matin et soir (donc impossible de tirer), et prenait 130 \u00e0 140 ml parfois 3 fois dans la journ\u00e9e, avec des r\u00e9veils \u00e0 4h du matin&#8230; J&rsquo;avoue que j&rsquo;ai failli baisser les bras m\u00eame si cela me rendait tr\u00e8s triste d&rsquo;arr\u00eater.<br \/>\nMais une super coll\u00e8gue m&rsquo;a remotiv\u00e9e (apr\u00e8s tout, j&rsquo;ai plein de r\u00e9serve si jamais je ne tire pas assez, et puis il vaut toujours mieux donner un peu de lait maternel quitte \u00e0 compl\u00e9ter avec du lait artificiel par la suite), une autre surveillait l&rsquo;heure pour me \u00ab\u00a0brancher\u00a0\u00bb en double pompage avec le tire-lait Medela du service (ce qui m&rsquo;a permis de tirer plus rapidement et plus en quantit\u00e9), et malgr\u00e9 un d\u00e9but de mastite (heureusement endigu\u00e9 \u00e0 temps) le moral est reparti. Entre tisane d&rsquo;allaitement et hom\u00e9opathie, je me suis remise \u00e0 tirer jusqu&rsquo;\u00e0 140 ml sur les 2 seins la journ\u00e9e et en parall\u00e8le nous avons diversifi\u00e9 Milo \u00e0 4 mois et demi (il y a une semaine) qui a ador\u00e9 les pur\u00e9es cuisin\u00e9es par papa et maman.<\/p>\n<p dir=\"ltr\" style=\"text-align: justify;\">Aujourd&rsquo;hui Milo prend les 2 seins le matin, pur\u00e9e maison \u00e0 midi + 120 ml de lait maternel, 150 ml de lait maternel \u00e0 17h et de nouveaux les 2 seins apr\u00e8s son bain le soir pour s&rsquo;endormir. Et il dort jusqu&rsquo;\u00e0 6h-6h30 le lendemain matin ! Je tire 2 fois par jour, parfois 140 ml parfois seulement 60 ml, c&rsquo;est tr\u00e8s al\u00e9atoire. Quand il n&rsquo;y a pas assez au frigo on d\u00e9cong\u00e8le ce qu&rsquo;il faut en compl\u00e9ment (pour le moment ce n&rsquo;est pas arriv\u00e9 souvent). Quand je ne suis pas l\u00e0 , c&rsquo;est ou papa ou la nounou qui donne le biberon, et pour le moment cela c&rsquo;est toujours bien pass\u00e9 avec les deux.<br \/>\nD&rsquo;ici 3 semaines on pense commencer les fruits \u00e0 17h et avant introduire peut-\u00eatre un peu de pur\u00e9e de l\u00e9gumes le soir, mais cela semble plus compliqu\u00e9 parce qu&rsquo;il est souvent fatigu\u00e9.<\/p>\n<p dir=\"ltr\" style=\"text-align: justify;\">Pour le moment \u00e7a roule comme \u00e7a et c&rsquo;est tr\u00e8s bien. Je ne sais en revanche pas combien de temps cela va durer car on m&rsquo;a diagnostiqu\u00e9 une thyro\u00c3\u00afdite cette semaine. \u00c3\u2030tant en hyperthyro\u00c3\u00afdie, j&rsquo;ai perdu 6kg en un mois depuis la reprise, alors que j&rsquo;avais d\u00e9j\u00e0 perdu tous mes kilos de grossesse (et que je ne suis pas bien grosse \u00e0 la base, avec mes 56kg pour 1m60&#8230; 50kg maintenant). C&rsquo;est surtout mon conjoint qui est inquiet car il me voit maigrir \u00e0 vu d&rsquo;\u00c5\u201cil et trouve que l&rsquo;allaitement me fatigue m\u00eame s&rsquo;il me soutient \u00e0 100% dans mes choix, que je poursuive ou que j&rsquo;arr\u00eate. Et heureusement d&rsquo;ailleurs parce qu&rsquo;il est essentiel pour moi de pouvoir me reposer sur lui en ce moment. J&rsquo;aimerais continuer de fa\u00e7on exclusive encore jusqu&rsquo;au 24 novembre (les 5 mois de mon cheridou) puis diminuer progressivement jusqu&rsquo;\u00e0 No\u00c3\u00abl, de fa\u00e7on \u00e0 ce que la transition se fasse en douceur. Je pourrais je pense garder les t\u00e9t\u00e9es matin et soir en arr\u00eatant de tirer la journ\u00e9e. La difficult\u00e9 sera de lui donner moi m\u00eame le biberon quand je suis avec lui, alors que c&rsquo;est tellement plus simple et plus pratique de donner le sein ! Mais malheureusement toute bonne chose a une fin !<\/p>\n<p dir=\"ltr\" style=\"text-align: justify;\">En tout cas si c&rsquo;\u00e9tait refaire je recommencerais sans h\u00e9siter. C&rsquo;est vraiment un plaisirs de mettre son enfant au sein, de faire ce don de soi et d&rsquo;avoir cette relation extraordinaire et inexplicable avec son b\u00e9b\u00e9. Malgr\u00e9 les difficult\u00e9s et les doutes, je ne regrette absolument pas mon choix !<\/p>\n<p dir=\"ltr\" style=\"text-align: justify;\"><strong>Le 15 d\u00e9cembre 2016 :<\/strong><\/p>\n<p dir=\"ltr\" style=\"text-align: justify;\">Peu de temps apr\u00e8s vous avoir \u00e9crit, Milo a commenc\u00e9 une gr\u00e8ve du sein le soir, pendant quelques temps, il a donc pris le biberon et moi je tirais \u00e0 la place.<br \/>\nLe 17\/11 on a introduit le premier bib de lait artificiel en compl\u00e9ment du sein et on a diversifi\u00e9 pur\u00e9e le soir et fruits \u00e0 17h cette m\u00eame semaine. Puis, alors que je devais reprendre les nuits et donc arr\u00eater de tirer la journ\u00e9e, j&rsquo;ai \u00e9t\u00e9 arr\u00eat\u00e9 1 semaine par rapport \u00e0 ma thyro\u00c3\u00afde et j&rsquo;ai pu de nouveau le mettre au sein \u00e0 chaque t\u00e9t\u00e9e ce qui m&rsquo;a permis de tenir de fa\u00e7on quasi exclusive jusqu&rsquo;au 30\/11 !<\/p>\n<p dir=\"ltr\" style=\"text-align: justify;\">Depuis aujourd&rsquo;hui je ne donne le sein que le matin, et je sens bien que \u00e7a ne va pas durer mais \u00e7a ne me rend pas triste car c&rsquo;est Milo qui a choisi. C&rsquo;est lui qui a r\u00e9clam\u00e9 \u00e0 \u00eatre diversifi\u00e9 parce qu&rsquo;il avait faim et se r\u00e9veillait \u00e0 4h le matin, lui qui a d\u00e9cid\u00e9 que le sein le soir c&rsquo;\u00e9tait trop difficile, encore lui qui maintenant nous fait comprendre qu&rsquo;il est trop grand pour le biberon et qu&rsquo;il veut boire comme un grand \u00e0 la tasse !<br \/>\nEn tant que professionnel, cela va \u00e0 l&rsquo;encontre de ce qu&rsquo;on nous apprend mais j&rsquo;ai compris qu&rsquo;il fallait savoir faire confiance \u00e0 nos enfants et les \u00e9couter, parce qu&rsquo;au final il savent souvent mieux que nous ce dont ils ont besoin !<\/p>\n<p><strong>Articles en rapport :<\/strong><\/p>\n<ul>\n<li>Voir l&rsquo;onglet <a href=\"https:\/\/www.lactissima.com\/a-tire-d-ailes\/temoignages-travail-et-allaitement\/\" target=\"_blank\">t\u00e9moignages<\/a><\/li>\n<\/ul>\n<p>&nbsp;<\/p>\n<div class='et-box et-shadow'>\n\t\t\t\t\t<div class='et-box-content'>Lire des articles ou poser des questions en commentaire ne suffit pas \u00e0 r\u00e9soudre votre probl\u00e8me ?\nSavez-vous que vous pouvez prendre RDV pour une consultation avec moi ?\nN&rsquo;h\u00e9sitez pas \u00e0 me contacter !<\/div><\/div>\n","protected":false},"excerpt":{"rendered":"<p>Le 4 septembre 2016 : Je suis sage femme de profession et jeune maman d&rsquo;un petit bout de 2 mois et demi que j&rsquo;allaite. Je souhaite continuer l&rsquo;aventure jusqu&rsquo;\u00e0 ses 6 mois mais bien entendu, je reprends le travail avant, d&rsquo;ici 1 mois, j&rsquo;ai donc pr\u00e9vu de tirer mon lait malgr\u00e9 les gardes de 12h, [&hellip;]<\/p>\n","protected":false},"author":170,"featured_media":6990,"comment_status":"open","ping_status":"open","sticky":false,"template":"","format":"standard","meta":{"_et_pb_use_builder":"","_et_pb_old_content":"","_et_gb_content_width":"","footnotes":""},"categories":[150],"tags":[],"class_list":["post-6986","post","type-post","status-publish","format-standard","has-post-thumbnail","hentry","category-temoignages"],"yoast_head":"<!-- This site is optimized with the Yoast SEO plugin v27.4 - https:\/\/yoast.com\/product\/yoast-seo-wordpress\/ -->\n<title>Allaiter et travailler : le t\u00e9moignage d&#039;Orianne<\/title>\n<meta name=\"description\" content=\"Orianne est sage-femme et s&#039;est pr\u00e9par\u00e9 avant la reprise du travail en faisant des stocks de lait. Elle nous livre son t\u00e9moignage en deux partie : avant et apr\u00e8s la reprise du travail.\" \/>\n<meta name=\"robots\" content=\"index, follow, max-snippet:-1, max-image-preview:large, max-video-preview:-1\" \/>\n<link rel=\"canonical\" href=\"https:\/\/www.lactissima.com\/a-tire-d-ailes\/allaiter-et-travailler-le-temoignage-dorianne\/\" \/>\n<meta property=\"og:locale\" content=\"fr_FR\" \/>\n<meta property=\"og:type\" content=\"article\" \/>\n<meta property=\"og:title\" content=\"Allaiter et travailler : le t\u00e9moignage d&#039;Orianne\" \/>\n<meta property=\"og:description\" content=\"Orianne est sage-femme et s&#039;est pr\u00e9par\u00e9 avant la reprise du travail en faisant des stocks de lait. Elle nous livre son t\u00e9moignage en deux partie : avant et apr\u00e8s la reprise du travail.\" \/>\n<meta property=\"og:url\" content=\"https:\/\/www.lactissima.com\/a-tire-d-ailes\/allaiter-et-travailler-le-temoignage-dorianne\/\" \/>\n<meta property=\"og:site_name\" content=\"A tire d&#039;Ailes\" \/>\n<meta property=\"article:publisher\" content=\"https:\/\/www.facebook.com\/consultante.en.lactation\" \/>\n<meta property=\"article:author\" content=\"www.facebook.com\/consultante.en.lactation\" \/>\n<meta property=\"article:published_time\" content=\"2016-12-15T08:41:28+00:00\" \/>\n<meta property=\"article:modified_time\" content=\"2016-12-15T18:07:37+00:00\" \/>\n<meta property=\"og:image\" content=\"https:\/\/www.lactissima.com\/a-tire-d-ailes\/wp-content\/uploads\/2016\/12\/orianne.jpg\" \/>\n\t<meta property=\"og:image:width\" content=\"410\" \/>\n\t<meta property=\"og:image:height\" content=\"230\" \/>\n\t<meta property=\"og:image:type\" content=\"image\/jpeg\" \/>\n<meta name=\"author\" content=\"V\u00e9ronique Darmangeat\" \/>\n<meta name=\"twitter:card\" content=\"summary_large_image\" \/>\n<meta name=\"twitter:creator\" content=\"@VeroniqueIBCLC\" \/>\n<meta name=\"twitter:site\" content=\"@VeroniqueIBCLC\" \/>\n<meta name=\"twitter:label1\" content=\"\u00c9crit par\" \/>\n\t<meta name=\"twitter:data1\" content=\"V\u00e9ronique Darmangeat\" \/>\n\t<meta name=\"twitter:label2\" content=\"Dur\u00e9e de lecture estim\u00e9e\" \/>\n\t<meta name=\"twitter:data2\" content=\"9 minutes\" \/>\n<script type=\"application\/ld+json\" class=\"yoast-schema-graph\">{\"@context\":\"https:\\\/\\\/schema.org\",\"@graph\":[{\"@type\":\"Article\",\"@id\":\"https:\\\/\\\/www.lactissima.com\\\/a-tire-d-ailes\\\/allaiter-et-travailler-le-temoignage-dorianne\\\/#article\",\"isPartOf\":{\"@id\":\"https:\\\/\\\/www.lactissima.com\\\/a-tire-d-ailes\\\/allaiter-et-travailler-le-temoignage-dorianne\\\/\"},\"author\":{\"name\":\"V\u00e9ronique Darmangeat\",\"@id\":\"https:\\\/\\\/www.lactissima.com\\\/a-tire-d-ailes\\\/#\\\/schema\\\/person\\\/8f98d3a89530861bc1240e6d53d44eed\"},\"headline\":\"Allaiter et travailler : le t\u00e9moignage d&rsquo;Orianne\",\"datePublished\":\"2016-12-15T08:41:28+00:00\",\"dateModified\":\"2016-12-15T18:07:37+00:00\",\"mainEntityOfPage\":{\"@id\":\"https:\\\/\\\/www.lactissima.com\\\/a-tire-d-ailes\\\/allaiter-et-travailler-le-temoignage-dorianne\\\/\"},\"wordCount\":1903,\"commentCount\":3,\"image\":{\"@id\":\"https:\\\/\\\/www.lactissima.com\\\/a-tire-d-ailes\\\/allaiter-et-travailler-le-temoignage-dorianne\\\/#primaryimage\"},\"thumbnailUrl\":\"https:\\\/\\\/www.lactissima.com\\\/a-tire-d-ailes\\\/wp-content\\\/uploads\\\/2016\\\/12\\\/orianne.jpg\",\"articleSection\":[\"t\u00e9moignages\"],\"inLanguage\":\"fr-FR\",\"potentialAction\":[{\"@type\":\"CommentAction\",\"name\":\"Comment\",\"target\":[\"https:\\\/\\\/www.lactissima.com\\\/a-tire-d-ailes\\\/allaiter-et-travailler-le-temoignage-dorianne\\\/#respond\"]}]},{\"@type\":\"WebPage\",\"@id\":\"https:\\\/\\\/www.lactissima.com\\\/a-tire-d-ailes\\\/allaiter-et-travailler-le-temoignage-dorianne\\\/\",\"url\":\"https:\\\/\\\/www.lactissima.com\\\/a-tire-d-ailes\\\/allaiter-et-travailler-le-temoignage-dorianne\\\/\",\"name\":\"Allaiter et travailler : le t\u00e9moignage d'Orianne\",\"isPartOf\":{\"@id\":\"https:\\\/\\\/www.lactissima.com\\\/a-tire-d-ailes\\\/#website\"},\"primaryImageOfPage\":{\"@id\":\"https:\\\/\\\/www.lactissima.com\\\/a-tire-d-ailes\\\/allaiter-et-travailler-le-temoignage-dorianne\\\/#primaryimage\"},\"image\":{\"@id\":\"https:\\\/\\\/www.lactissima.com\\\/a-tire-d-ailes\\\/allaiter-et-travailler-le-temoignage-dorianne\\\/#primaryimage\"},\"thumbnailUrl\":\"https:\\\/\\\/www.lactissima.com\\\/a-tire-d-ailes\\\/wp-content\\\/uploads\\\/2016\\\/12\\\/orianne.jpg\",\"datePublished\":\"2016-12-15T08:41:28+00:00\",\"dateModified\":\"2016-12-15T18:07:37+00:00\",\"author\":{\"@id\":\"https:\\\/\\\/www.lactissima.com\\\/a-tire-d-ailes\\\/#\\\/schema\\\/person\\\/8f98d3a89530861bc1240e6d53d44eed\"},\"description\":\"Orianne est sage-femme et s'est pr\u00e9par\u00e9 avant la reprise du travail en faisant des stocks de lait. Elle nous livre son t\u00e9moignage en deux partie : avant et apr\u00e8s la reprise du travail.\",\"breadcrumb\":{\"@id\":\"https:\\\/\\\/www.lactissima.com\\\/a-tire-d-ailes\\\/allaiter-et-travailler-le-temoignage-dorianne\\\/#breadcrumb\"},\"inLanguage\":\"fr-FR\",\"potentialAction\":[{\"@type\":\"ReadAction\",\"target\":[\"https:\\\/\\\/www.lactissima.com\\\/a-tire-d-ailes\\\/allaiter-et-travailler-le-temoignage-dorianne\\\/\"]}]},{\"@type\":\"ImageObject\",\"inLanguage\":\"fr-FR\",\"@id\":\"https:\\\/\\\/www.lactissima.com\\\/a-tire-d-ailes\\\/allaiter-et-travailler-le-temoignage-dorianne\\\/#primaryimage\",\"url\":\"https:\\\/\\\/www.lactissima.com\\\/a-tire-d-ailes\\\/wp-content\\\/uploads\\\/2016\\\/12\\\/orianne.jpg\",\"contentUrl\":\"https:\\\/\\\/www.lactissima.com\\\/a-tire-d-ailes\\\/wp-content\\\/uploads\\\/2016\\\/12\\\/orianne.jpg\",\"width\":410,\"height\":230},{\"@type\":\"BreadcrumbList\",\"@id\":\"https:\\\/\\\/www.lactissima.com\\\/a-tire-d-ailes\\\/allaiter-et-travailler-le-temoignage-dorianne\\\/#breadcrumb\",\"itemListElement\":[{\"@type\":\"ListItem\",\"position\":1,\"name\":\"Accueil\",\"item\":\"https:\\\/\\\/www.lactissima.com\\\/a-tire-d-ailes\\\/\"},{\"@type\":\"ListItem\",\"position\":2,\"name\":\"Allaiter et travailler : le t\u00e9moignage d&rsquo;Orianne\"}]},{\"@type\":\"WebSite\",\"@id\":\"https:\\\/\\\/www.lactissima.com\\\/a-tire-d-ailes\\\/#website\",\"url\":\"https:\\\/\\\/www.lactissima.com\\\/a-tire-d-ailes\\\/\",\"name\":\"A tire d&#039;Ailes\",\"description\":\"Le blog des femmes qui allaitent et travaillent.\",\"potentialAction\":[{\"@type\":\"SearchAction\",\"target\":{\"@type\":\"EntryPoint\",\"urlTemplate\":\"https:\\\/\\\/www.lactissima.com\\\/a-tire-d-ailes\\\/?s={search_term_string}\"},\"query-input\":{\"@type\":\"PropertyValueSpecification\",\"valueRequired\":true,\"valueName\":\"search_term_string\"}}],\"inLanguage\":\"fr-FR\"},{\"@type\":\"Person\",\"@id\":\"https:\\\/\\\/www.lactissima.com\\\/a-tire-d-ailes\\\/#\\\/schema\\\/person\\\/8f98d3a89530861bc1240e6d53d44eed\",\"name\":\"V\u00e9ronique Darmangeat\",\"image\":{\"@type\":\"ImageObject\",\"inLanguage\":\"fr-FR\",\"@id\":\"https:\\\/\\\/secure.gravatar.com\\\/avatar\\\/268c99344c89cebfe4f5df5fa8be43068a18884fc76a29f3206fae98465b9cab?s=96&d=identicon&r=g\",\"url\":\"https:\\\/\\\/secure.gravatar.com\\\/avatar\\\/268c99344c89cebfe4f5df5fa8be43068a18884fc76a29f3206fae98465b9cab?s=96&d=identicon&r=g\",\"contentUrl\":\"https:\\\/\\\/secure.gravatar.com\\\/avatar\\\/268c99344c89cebfe4f5df5fa8be43068a18884fc76a29f3206fae98465b9cab?s=96&d=identicon&r=g\",\"caption\":\"V\u00e9ronique Darmangeat\"},\"sameAs\":[\"https:\\\/\\\/www.lactissima.com\\\/a-tire-d-ailes\",\"www.facebook.com\\\/consultante.en.lactation\"]}]}<\/script>\n<!-- \/ Yoast SEO plugin. -->","yoast_head_json":{"title":"Allaiter et travailler : le t\u00e9moignage d'Orianne","description":"Orianne est sage-femme et s'est pr\u00e9par\u00e9 avant la reprise du travail en faisant des stocks de lait. Elle nous livre son t\u00e9moignage en deux partie : avant et apr\u00e8s la reprise du travail.","robots":{"index":"index","follow":"follow","max-snippet":"max-snippet:-1","max-image-preview":"max-image-preview:large","max-video-preview":"max-video-preview:-1"},"canonical":"https:\/\/www.lactissima.com\/a-tire-d-ailes\/allaiter-et-travailler-le-temoignage-dorianne\/","og_locale":"fr_FR","og_type":"article","og_title":"Allaiter et travailler : le t\u00e9moignage d'Orianne","og_description":"Orianne est sage-femme et s'est pr\u00e9par\u00e9 avant la reprise du travail en faisant des stocks de lait. Elle nous livre son t\u00e9moignage en deux partie : avant et apr\u00e8s la reprise du travail.","og_url":"https:\/\/www.lactissima.com\/a-tire-d-ailes\/allaiter-et-travailler-le-temoignage-dorianne\/","og_site_name":"A tire d&#039;Ailes","article_publisher":"https:\/\/www.facebook.com\/consultante.en.lactation","article_author":"www.facebook.com\/consultante.en.lactation","article_published_time":"2016-12-15T08:41:28+00:00","article_modified_time":"2016-12-15T18:07:37+00:00","og_image":[{"width":410,"height":230,"url":"https:\/\/www.lactissima.com\/a-tire-d-ailes\/wp-content\/uploads\/2016\/12\/orianne.jpg","type":"image\/jpeg"}],"author":"V\u00e9ronique Darmangeat","twitter_card":"summary_large_image","twitter_creator":"@VeroniqueIBCLC","twitter_site":"@VeroniqueIBCLC","twitter_misc":{"\u00c9crit par":"V\u00e9ronique Darmangeat","Dur\u00e9e de lecture estim\u00e9e":"9 minutes"},"schema":{"@context":"https:\/\/schema.org","@graph":[{"@type":"Article","@id":"https:\/\/www.lactissima.com\/a-tire-d-ailes\/allaiter-et-travailler-le-temoignage-dorianne\/#article","isPartOf":{"@id":"https:\/\/www.lactissima.com\/a-tire-d-ailes\/allaiter-et-travailler-le-temoignage-dorianne\/"},"author":{"name":"V\u00e9ronique Darmangeat","@id":"https:\/\/www.lactissima.com\/a-tire-d-ailes\/#\/schema\/person\/8f98d3a89530861bc1240e6d53d44eed"},"headline":"Allaiter et travailler : le t\u00e9moignage d&rsquo;Orianne","datePublished":"2016-12-15T08:41:28+00:00","dateModified":"2016-12-15T18:07:37+00:00","mainEntityOfPage":{"@id":"https:\/\/www.lactissima.com\/a-tire-d-ailes\/allaiter-et-travailler-le-temoignage-dorianne\/"},"wordCount":1903,"commentCount":3,"image":{"@id":"https:\/\/www.lactissima.com\/a-tire-d-ailes\/allaiter-et-travailler-le-temoignage-dorianne\/#primaryimage"},"thumbnailUrl":"https:\/\/www.lactissima.com\/a-tire-d-ailes\/wp-content\/uploads\/2016\/12\/orianne.jpg","articleSection":["t\u00e9moignages"],"inLanguage":"fr-FR","potentialAction":[{"@type":"CommentAction","name":"Comment","target":["https:\/\/www.lactissima.com\/a-tire-d-ailes\/allaiter-et-travailler-le-temoignage-dorianne\/#respond"]}]},{"@type":"WebPage","@id":"https:\/\/www.lactissima.com\/a-tire-d-ailes\/allaiter-et-travailler-le-temoignage-dorianne\/","url":"https:\/\/www.lactissima.com\/a-tire-d-ailes\/allaiter-et-travailler-le-temoignage-dorianne\/","name":"Allaiter et travailler : le t\u00e9moignage d'Orianne","isPartOf":{"@id":"https:\/\/www.lactissima.com\/a-tire-d-ailes\/#website"},"primaryImageOfPage":{"@id":"https:\/\/www.lactissima.com\/a-tire-d-ailes\/allaiter-et-travailler-le-temoignage-dorianne\/#primaryimage"},"image":{"@id":"https:\/\/www.lactissima.com\/a-tire-d-ailes\/allaiter-et-travailler-le-temoignage-dorianne\/#primaryimage"},"thumbnailUrl":"https:\/\/www.lactissima.com\/a-tire-d-ailes\/wp-content\/uploads\/2016\/12\/orianne.jpg","datePublished":"2016-12-15T08:41:28+00:00","dateModified":"2016-12-15T18:07:37+00:00","author":{"@id":"https:\/\/www.lactissima.com\/a-tire-d-ailes\/#\/schema\/person\/8f98d3a89530861bc1240e6d53d44eed"},"description":"Orianne est sage-femme et s'est pr\u00e9par\u00e9 avant la reprise du travail en faisant des stocks de lait. Elle nous livre son t\u00e9moignage en deux partie : avant et apr\u00e8s la reprise du travail.","breadcrumb":{"@id":"https:\/\/www.lactissima.com\/a-tire-d-ailes\/allaiter-et-travailler-le-temoignage-dorianne\/#breadcrumb"},"inLanguage":"fr-FR","potentialAction":[{"@type":"ReadAction","target":["https:\/\/www.lactissima.com\/a-tire-d-ailes\/allaiter-et-travailler-le-temoignage-dorianne\/"]}]},{"@type":"ImageObject","inLanguage":"fr-FR","@id":"https:\/\/www.lactissima.com\/a-tire-d-ailes\/allaiter-et-travailler-le-temoignage-dorianne\/#primaryimage","url":"https:\/\/www.lactissima.com\/a-tire-d-ailes\/wp-content\/uploads\/2016\/12\/orianne.jpg","contentUrl":"https:\/\/www.lactissima.com\/a-tire-d-ailes\/wp-content\/uploads\/2016\/12\/orianne.jpg","width":410,"height":230},{"@type":"BreadcrumbList","@id":"https:\/\/www.lactissima.com\/a-tire-d-ailes\/allaiter-et-travailler-le-temoignage-dorianne\/#breadcrumb","itemListElement":[{"@type":"ListItem","position":1,"name":"Accueil","item":"https:\/\/www.lactissima.com\/a-tire-d-ailes\/"},{"@type":"ListItem","position":2,"name":"Allaiter et travailler : le t\u00e9moignage d&rsquo;Orianne"}]},{"@type":"WebSite","@id":"https:\/\/www.lactissima.com\/a-tire-d-ailes\/#website","url":"https:\/\/www.lactissima.com\/a-tire-d-ailes\/","name":"A tire d&#039;Ailes","description":"Le blog des femmes qui allaitent et travaillent.","potentialAction":[{"@type":"SearchAction","target":{"@type":"EntryPoint","urlTemplate":"https:\/\/www.lactissima.com\/a-tire-d-ailes\/?s={search_term_string}"},"query-input":{"@type":"PropertyValueSpecification","valueRequired":true,"valueName":"search_term_string"}}],"inLanguage":"fr-FR"},{"@type":"Person","@id":"https:\/\/www.lactissima.com\/a-tire-d-ailes\/#\/schema\/person\/8f98d3a89530861bc1240e6d53d44eed","name":"V\u00e9ronique Darmangeat","image":{"@type":"ImageObject","inLanguage":"fr-FR","@id":"https:\/\/secure.gravatar.com\/avatar\/268c99344c89cebfe4f5df5fa8be43068a18884fc76a29f3206fae98465b9cab?s=96&d=identicon&r=g","url":"https:\/\/secure.gravatar.com\/avatar\/268c99344c89cebfe4f5df5fa8be43068a18884fc76a29f3206fae98465b9cab?s=96&d=identicon&r=g","contentUrl":"https:\/\/secure.gravatar.com\/avatar\/268c99344c89cebfe4f5df5fa8be43068a18884fc76a29f3206fae98465b9cab?s=96&d=identicon&r=g","caption":"V\u00e9ronique Darmangeat"},"sameAs":["https:\/\/www.lactissima.com\/a-tire-d-ailes","www.facebook.com\/consultante.en.lactation"]}]}},"_links":{"self":[{"href":"https:\/\/www.lactissima.com\/a-tire-d-ailes\/wp-json\/wp\/v2\/posts\/6986","targetHints":{"allow":["GET"]}}],"collection":[{"href":"https:\/\/www.lactissima.com\/a-tire-d-ailes\/wp-json\/wp\/v2\/posts"}],"about":[{"href":"https:\/\/www.lactissima.com\/a-tire-d-ailes\/wp-json\/wp\/v2\/types\/post"}],"author":[{"embeddable":true,"href":"https:\/\/www.lactissima.com\/a-tire-d-ailes\/wp-json\/wp\/v2\/users\/170"}],"replies":[{"embeddable":true,"href":"https:\/\/www.lactissima.com\/a-tire-d-ailes\/wp-json\/wp\/v2\/comments?post=6986"}],"version-history":[{"count":3,"href":"https:\/\/www.lactissima.com\/a-tire-d-ailes\/wp-json\/wp\/v2\/posts\/6986\/revisions"}],"predecessor-version":[{"id":6992,"href":"https:\/\/www.lactissima.com\/a-tire-d-ailes\/wp-json\/wp\/v2\/posts\/6986\/revisions\/6992"}],"wp:featuredmedia":[{"embeddable":true,"href":"https:\/\/www.lactissima.com\/a-tire-d-ailes\/wp-json\/wp\/v2\/media\/6990"}],"wp:attachment":[{"href":"https:\/\/www.lactissima.com\/a-tire-d-ailes\/wp-json\/wp\/v2\/media?parent=6986"}],"wp:term":[{"taxonomy":"category","embeddable":true,"href":"https:\/\/www.lactissima.com\/a-tire-d-ailes\/wp-json\/wp\/v2\/categories?post=6986"},{"taxonomy":"post_tag","embeddable":true,"href":"https:\/\/www.lactissima.com\/a-tire-d-ailes\/wp-json\/wp\/v2\/tags?post=6986"}],"curies":[{"name":"wp","href":"https:\/\/api.w.org\/{rel}","templated":true}]}}