{"id":6978,"date":"2016-12-08T11:27:36","date_gmt":"2016-12-08T10:27:36","guid":{"rendered":"https:\/\/www.lactissima.com\/a-tire-d-ailes\/?p=6978"},"modified":"2023-01-10T11:33:32","modified_gmt":"2023-01-10T10:33:32","slug":"et-vous-comment-preparez-vous-votre-retour-au-travail","status":"publish","type":"post","link":"https:\/\/www.lactissima.com\/a-tire-d-ailes\/et-vous-comment-preparez-vous-votre-retour-au-travail\/","title":{"rendered":"Et vous, comment pr\u00e9parez-vous votre retour au travail ?"},"content":{"rendered":"<p style=\"text-align: justify;\"><img loading=\"lazy\" decoding=\"async\" class=\"alignright wp-image-6979 size-full\" src=\"https:\/\/www.lactissima.com\/a-tire-d-ailes\/wp-content\/uploads\/2016\/12\/clemence.png\" alt=\"retour au travail\" width=\"244\" height=\"236\" \/>Aujourd&rsquo;hui, je re\u00e7ois Cl\u00e9mence, du cabinet Become.<br \/>\n<span style=\"color: #ffffff;\">..<\/span><\/p>\n<ul>\n<li style=\"text-align: justify;\"><strong>Bonjour Cl\u00e9mence, tu es coach et tu accompagnes les personnes qui veulent changer d&rsquo;orientation professionnelle mais aussi les femmes qui reprennent un travail \u00e0 l&rsquo;issue de leur cong\u00e9 maternit\u00e9. Que proposes-tu \u00e0 ces femmes ?<\/strong><\/li>\n<\/ul>\n<p style=\"text-align: justify;\">Je propose des ateliers en ligne en petits groupes.<br \/>\nC&rsquo;est un format type Google Hangout, tr\u00e8s convivial qui permet \u00e0 la fois de visualiser un support de cours et de se voir toutes. Comme c&rsquo;est en ligne, aucun d\u00e9placement \u00e0 pr\u00e9voir. L&rsquo;id\u00e9e \u00e9tait de ne pas ajouter de contrainte aux mamans d\u00e9j\u00e0 bien occup\u00e9es tout en gardant les \u00e9changes directs !<br \/>\nC&rsquo;est un cycle de formation en 3 \u00e9tapes sur 3 moments sp\u00e9cifiques : Grossesse, Cong\u00e9 maternit\u00e9 et Retour de cong\u00e9 maternit\u00e9.<br \/>\nPar exemple au cours de l&rsquo;atelier sur le retour de cong\u00e9 maternit\u00e9 vous apprenez \u00e0 mieux communiquer vos choix, \u00e0 am\u00e9liorer votre organisation et \u00e0 trouver les leviers de d\u00e9veloppement de votre carri\u00e8re.<br \/>\n<span style=\"color: #ffffff;\">..<\/span><\/p>\n<ul style=\"text-align: justify;\">\n<li><strong>Beaucoup de femmes changent d&rsquo;orientation professionnelle \u00e0 l&rsquo;arriv\u00e9e d&rsquo;un enfant, que peux-tu leur conseiller ?<\/strong><\/li>\n<\/ul>\n<p style=\"text-align: justify;\">De prendre le temps et de se faire accompagner.<br \/>\nJe l&rsquo;ai v\u00e9cu moi-m\u00eame car j&rsquo;ai cr\u00e9\u00e9 mon cabinet de coaching et de formation \u00e0 la naissance de mon premier enfant.<br \/>\nApr\u00e8s dix ann\u00e9es en tant que Responsable RH en entreprise en tant que salari\u00e9e, cr\u00e9er sa soci\u00e9t\u00e9 n&rsquo;\u00e9tait pas \u00e9vident.<br \/>\nSans accompagnement je ne me serais peut \u00eatre pas lanc\u00e9e, j&rsquo;aurais peut \u00eatre baiss\u00e9 les bras rapidement ou perdu du temps sur certaines d\u00e9marches.<\/p>\n<p style=\"text-align: justify;\">Ma recommandation est de pouvoir b\u00e9n\u00e9ficier d&rsquo;un regard ext\u00e9rieur bienveillant et\/ou susceptible de vous donner des conseils avis\u00e9s tout en vous encourageant dans votre d\u00e9marche : cela peut-\u00eatre un coach bien s\u00fbr mais aussi, tout simplement une amie, son conjoint, un mentor, un.e ancien.ne coll\u00e8gue.<br \/>\nQu&rsquo;il s&rsquo;agisse de vous mettre \u00e0 votre compte, de changer de secteur ou de type de m\u00e9tier, il me semble crucial de prendre le temps de bien formaliser votre projet , de comprendre vos forces et d&rsquo;appr\u00e9hender les codes de l&rsquo;univers que vous souhaitez rejoindre.<br \/>\nC&rsquo;est tout \u00e0 fait compatible avec l&rsquo;arriv\u00e9e d&rsquo;un enfant, tant que nous sommes bien pr\u00e9par\u00e9es !<br \/>\n<span style=\"color: #ffffff;\">..<\/span><\/p>\n<ul style=\"text-align: justify;\">\n<li><strong>Ce n&rsquo;est pas toujours facile de retrouver sa place au travail apr\u00e8s un cong\u00e9 maternit\u00e9, que conseilles-tu aux femmes pour qu&rsquo;elles ne soient pas mises \u00e0 l&rsquo;\u00e9cart ?<\/strong><\/li>\n<\/ul>\n<p style=\"text-align: justify;\">C&rsquo;est effectivement un moment dans sa carri\u00e8re tr\u00e8s d\u00e9stabilisant car beaucoup ont le sentiment de devoir refaire leur preuve, d&rsquo;avoir tout oubli\u00e9 et parfois d&rsquo;avoir \u00e9t\u00e9 compl\u00e8tement oubli\u00e9e !<br \/>\nDu c\u00f4t\u00e9 de l&rsquo;entreprise, pour pallier votre absence, les personnes ont d\u00fb faire sans vous ou vous ont remplac\u00e9e. Les managers, pris eux-m\u00eames dans les urgences du quotidien, n&rsquo;ont pas toujours la visibilit\u00e9 sur votre date exacte de retour et l&rsquo;anticipent donc rarement.<br \/>\nMa recommandation est donc de garder un minimum de contact pendant votre cong\u00e9 maternit\u00e9. L&rsquo;id\u00e9e est de trouver le bon dosage pour soi pour donner des nouvelles et en prendre tout en respectant ce temps de pause si particulier qu&rsquo;est le cong\u00e9 maternit\u00e9.<br \/>\nRappeler votre motivation avant votre d\u00e9part et quelques semaines avant de rentrer, faire un point t\u00e9l\u00e9phonique avec votre hi\u00e9rarchie et ou votre RH, trouver une relation de confiance pour suivre les \u00e9volutions de l&rsquo;organisation sont des \u00e9l\u00e9ments qui permettent de ne pas vous sentir totalement perdue en arrivant le premier jour.<br \/>\n<span style=\"color: #ffffff;\">..<\/span><\/p>\n<ul style=\"text-align: justify;\">\n<li><strong>Penses-tu que l&rsquo;allaitement soit une probl\u00e9matique particuli\u00e8re pour le retour au travail ?<\/strong><\/li>\n<\/ul>\n<p style=\"text-align: justify;\">Je viens d&rsquo;animer des ateliers sp\u00e9cifiques lors d&rsquo;une journ\u00e9e organis\u00e9e pour les 6 ans de Mum-to-be party et le sujet de l&rsquo;allaitement est tr\u00e8s souvent revenu.<br \/>\nLes femmes ne savaient pas si elles allaient pouvoir continuer sereinement et craignaient de devoir faire un choix !<br \/>\nDe mon point de vue, la femme est prise entre diff\u00e9rentes injonctions soci\u00e9tales : un allaitement exclusif jusqu&rsquo;aux 6 mois de l&rsquo;enfant et la reprise du travail 10 semaines apr\u00e8s l&rsquo;accouchement.<br \/>\nDes lois existent qui prot\u00e8gent et favorisent l&rsquo;allaitement maternel apr\u00e8s le retour en entreprise mais dans la r\u00e9alit\u00e9 toutes les entreprises concern\u00e9es n&rsquo;ont pas fait les d\u00e9marches n\u00e9cessaires surtout si la question ne s&rsquo;est jamais pos\u00e9e avant.<br \/>\nLe sujet de l&rsquo;allaitement vient s&rsquo;ajouter \u00e0 la liste d&rsquo;interrogations qui assaillent la femme avant son retour au travail et cela peut para\u00eetre compliqu\u00e9 d&rsquo;en parler.<br \/>\nIl me semble cependant que plus vous r\u00e9ussirez \u00e0 en discuter avec votre employeur pour conna\u00eetre comment cela se passe si vous devez tirer votre lait, comment s&rsquo;organiser au mieux pour que tout le monde y trouve son compte, plus vous serez en mesure de vous y pr\u00e9parer.<br \/>\nJe ne peux que recommander ton blog est particuli\u00e8rement riche sur tous les bons conseils pour continuer \u00e0 allaiter tout en retravaillant !<br \/>\n<span style=\"color: #ffffff;\">..<\/span><\/p>\n<ul style=\"text-align: justify;\">\n<li><strong>Qu&rsquo;as-tu envie de dire \u00e0 toutes ces femmes qui reprennent le travail ?<\/strong><\/li>\n<\/ul>\n<p style=\"text-align: justify;\">De faire preuve de compassion envers elle-m\u00eames, elles ont v\u00e9cu un bouleversement physique, hormonal, psychique et se sentent encore parfois dans l&rsquo;\u00c5\u201cil du cyclone .<br \/>\nQue cela prenne un peu de temps pour retrouver ses marques est tout \u00e0 fait normal .<br \/>\nEn revanche si apr\u00e8s plusieurs semaines, vous avez un sentiment de n&rsquo;y arriver nul part, de solitude, d&rsquo;\u00e9puisement, n&rsquo;h\u00e9sitez pas \u00e0 en parler autour de vous, \u00e0 vous faire aider au maximum.<br \/>\nCela ne fera pas de vous une moins bonne maman ni une moins bonne professionnelle, bien au contraire !<br \/>\nChouchoutez-vous et faites-vous chouchouter ! \ud83d\ude09<br \/>\nEt faites vous confiance, cette pause vous a aussi permis de d\u00e9velopper d&rsquo;autres comp\u00e9tences, de prendre du recul et vous allez tr\u00e8s vite reprendre vos marques ou parfois, avoir envie d&rsquo;en cr\u00e9er de nouvelles !<\/p>\n<p style=\"text-align: justify;\"><strong>Merci Cl\u00e9mence !<\/strong><\/p>\n<p style=\"text-align: justify;\"><strong>Articles en rapport :<\/strong><\/p>\n<ul>\n<li style=\"text-align: justify;\"><a href=\"https:\/\/www.lactissima.com\/a-tire-d-ailes\/creche-et-allaitement\/\" target=\"_blank\" rel=\"noopener\">Interview d&rsquo;une directrice de cr\u00e8che<\/a><\/li>\n<li style=\"text-align: justify;\"><a href=\"https:\/\/www.lactissima.com\/a-tire-d-ailes\/interview-de-sandrine-scher-du-blog-job-et-maman\/\" target=\"_blank\" rel=\"noopener\">Interview de Sandrine Scher, du blog Job et maman<\/a><\/li>\n<li style=\"text-align: justify;\"><a href=\"https:\/\/www.lactissima.com\/a-tire-d-ailes\/interview-de-gaelle-picut-du-blog-en-aparte-2\/\" target=\"_blank\" rel=\"noopener\">Interview de Ga\u00c3\u00ablle Picut du blog En Apart\u00e9<\/a><\/li>\n<\/ul>\n<p>&nbsp;<\/p>\n<div class='et-box et-shadow'>\n\t\t\t\t\t<div class='et-box-content'>Lire des articles ou poser des questions en commentaire ne suffit pas \u00e0 r\u00e9soudre votre probl\u00e8me ?\nSavez-vous que vous pouvez prendre RDV pour une consultation avec moi ?\nN&rsquo;h\u00e9sitez pas \u00e0 me contacter !<\/div><\/div>\n","protected":false},"excerpt":{"rendered":"<p>Aujourd&rsquo;hui, je re\u00e7ois Cl\u00e9mence, du cabinet Become. .. Bonjour Cl\u00e9mence, tu es coach et tu accompagnes les personnes qui veulent changer d&rsquo;orientation professionnelle mais aussi les femmes qui reprennent un travail \u00e0 l&rsquo;issue de leur cong\u00e9 maternit\u00e9. Que proposes-tu \u00e0 ces femmes ? Je propose des ateliers en ligne en petits groupes. C&rsquo;est un format [&hellip;]<\/p>\n","protected":false},"author":170,"featured_media":6979,"comment_status":"open","ping_status":"open","sticky":false,"template":"","format":"standard","meta":{"_et_pb_use_builder":"","_et_pb_old_content":"","_et_gb_content_width":"","footnotes":""},"categories":[37],"tags":[],"class_list":["post-6978","post","type-post","status-publish","format-standard","has-post-thumbnail","hentry","category-articulation-vie-professionnelle-vie-famille"],"yoast_head":"<!-- This site is optimized with the Yoast SEO plugin v27.4 - https:\/\/yoast.com\/product\/yoast-seo-wordpress\/ -->\n<title>retour-au-travail<\/title>\n<meta name=\"description\" content=\"Cl\u00e9mence d\u00e9livre de bons conseils pour pr\u00e9parer au mieux son retour au travail.\" \/>\n<meta name=\"robots\" content=\"index, follow, max-snippet:-1, max-image-preview:large, max-video-preview:-1\" \/>\n<link rel=\"canonical\" href=\"https:\/\/www.lactissima.com\/a-tire-d-ailes\/et-vous-comment-preparez-vous-votre-retour-au-travail\/\" \/>\n<meta property=\"og:locale\" content=\"fr_FR\" \/>\n<meta property=\"og:type\" content=\"article\" \/>\n<meta property=\"og:title\" content=\"retour-au-travail\" \/>\n<meta property=\"og:description\" content=\"Cl\u00e9mence d\u00e9livre de bons conseils pour pr\u00e9parer au mieux son retour au travail.\" \/>\n<meta property=\"og:url\" content=\"https:\/\/www.lactissima.com\/a-tire-d-ailes\/et-vous-comment-preparez-vous-votre-retour-au-travail\/\" \/>\n<meta property=\"og:site_name\" content=\"A tire d&#039;Ailes\" \/>\n<meta property=\"article:publisher\" content=\"https:\/\/www.facebook.com\/consultante.en.lactation\" \/>\n<meta property=\"article:author\" content=\"www.facebook.com\/consultante.en.lactation\" \/>\n<meta property=\"article:published_time\" content=\"2016-12-08T10:27:36+00:00\" \/>\n<meta property=\"article:modified_time\" content=\"2023-01-10T10:33:32+00:00\" \/>\n<meta property=\"og:image\" content=\"https:\/\/www.lactissima.com\/a-tire-d-ailes\/wp-content\/uploads\/2016\/12\/clemence.png\" \/>\n\t<meta property=\"og:image:width\" content=\"244\" \/>\n\t<meta property=\"og:image:height\" content=\"236\" \/>\n\t<meta property=\"og:image:type\" content=\"image\/png\" \/>\n<meta name=\"author\" content=\"V\u00e9ronique Darmangeat\" \/>\n<meta name=\"twitter:card\" content=\"summary_large_image\" \/>\n<meta name=\"twitter:creator\" content=\"@VeroniqueIBCLC\" \/>\n<meta name=\"twitter:site\" content=\"@VeroniqueIBCLC\" \/>\n<meta name=\"twitter:label1\" content=\"\u00c9crit par\" \/>\n\t<meta name=\"twitter:data1\" content=\"V\u00e9ronique Darmangeat\" \/>\n\t<meta name=\"twitter:label2\" content=\"Dur\u00e9e de lecture estim\u00e9e\" \/>\n\t<meta name=\"twitter:data2\" content=\"5 minutes\" \/>\n<script type=\"application\/ld+json\" class=\"yoast-schema-graph\">{\"@context\":\"https:\\\/\\\/schema.org\",\"@graph\":[{\"@type\":\"Article\",\"@id\":\"https:\\\/\\\/www.lactissima.com\\\/a-tire-d-ailes\\\/et-vous-comment-preparez-vous-votre-retour-au-travail\\\/#article\",\"isPartOf\":{\"@id\":\"https:\\\/\\\/www.lactissima.com\\\/a-tire-d-ailes\\\/et-vous-comment-preparez-vous-votre-retour-au-travail\\\/\"},\"author\":{\"name\":\"V\u00e9ronique Darmangeat\",\"@id\":\"https:\\\/\\\/www.lactissima.com\\\/a-tire-d-ailes\\\/#\\\/schema\\\/person\\\/8f98d3a89530861bc1240e6d53d44eed\"},\"headline\":\"Et vous, comment pr\u00e9parez-vous votre retour au travail ?\",\"datePublished\":\"2016-12-08T10:27:36+00:00\",\"dateModified\":\"2023-01-10T10:33:32+00:00\",\"mainEntityOfPage\":{\"@id\":\"https:\\\/\\\/www.lactissima.com\\\/a-tire-d-ailes\\\/et-vous-comment-preparez-vous-votre-retour-au-travail\\\/\"},\"wordCount\":1089,\"commentCount\":2,\"image\":{\"@id\":\"https:\\\/\\\/www.lactissima.com\\\/a-tire-d-ailes\\\/et-vous-comment-preparez-vous-votre-retour-au-travail\\\/#primaryimage\"},\"thumbnailUrl\":\"https:\\\/\\\/www.lactissima.com\\\/a-tire-d-ailes\\\/wp-content\\\/uploads\\\/2016\\\/12\\\/clemence.png\",\"articleSection\":[\"Articulation Vie Professionnelle Vie Famille\"],\"inLanguage\":\"fr-FR\",\"potentialAction\":[{\"@type\":\"CommentAction\",\"name\":\"Comment\",\"target\":[\"https:\\\/\\\/www.lactissima.com\\\/a-tire-d-ailes\\\/et-vous-comment-preparez-vous-votre-retour-au-travail\\\/#respond\"]}]},{\"@type\":\"WebPage\",\"@id\":\"https:\\\/\\\/www.lactissima.com\\\/a-tire-d-ailes\\\/et-vous-comment-preparez-vous-votre-retour-au-travail\\\/\",\"url\":\"https:\\\/\\\/www.lactissima.com\\\/a-tire-d-ailes\\\/et-vous-comment-preparez-vous-votre-retour-au-travail\\\/\",\"name\":\"retour-au-travail\",\"isPartOf\":{\"@id\":\"https:\\\/\\\/www.lactissima.com\\\/a-tire-d-ailes\\\/#website\"},\"primaryImageOfPage\":{\"@id\":\"https:\\\/\\\/www.lactissima.com\\\/a-tire-d-ailes\\\/et-vous-comment-preparez-vous-votre-retour-au-travail\\\/#primaryimage\"},\"image\":{\"@id\":\"https:\\\/\\\/www.lactissima.com\\\/a-tire-d-ailes\\\/et-vous-comment-preparez-vous-votre-retour-au-travail\\\/#primaryimage\"},\"thumbnailUrl\":\"https:\\\/\\\/www.lactissima.com\\\/a-tire-d-ailes\\\/wp-content\\\/uploads\\\/2016\\\/12\\\/clemence.png\",\"datePublished\":\"2016-12-08T10:27:36+00:00\",\"dateModified\":\"2023-01-10T10:33:32+00:00\",\"author\":{\"@id\":\"https:\\\/\\\/www.lactissima.com\\\/a-tire-d-ailes\\\/#\\\/schema\\\/person\\\/8f98d3a89530861bc1240e6d53d44eed\"},\"description\":\"Cl\u00e9mence d\u00e9livre de bons conseils pour pr\u00e9parer au mieux son retour au travail.\",\"breadcrumb\":{\"@id\":\"https:\\\/\\\/www.lactissima.com\\\/a-tire-d-ailes\\\/et-vous-comment-preparez-vous-votre-retour-au-travail\\\/#breadcrumb\"},\"inLanguage\":\"fr-FR\",\"potentialAction\":[{\"@type\":\"ReadAction\",\"target\":[\"https:\\\/\\\/www.lactissima.com\\\/a-tire-d-ailes\\\/et-vous-comment-preparez-vous-votre-retour-au-travail\\\/\"]}]},{\"@type\":\"ImageObject\",\"inLanguage\":\"fr-FR\",\"@id\":\"https:\\\/\\\/www.lactissima.com\\\/a-tire-d-ailes\\\/et-vous-comment-preparez-vous-votre-retour-au-travail\\\/#primaryimage\",\"url\":\"https:\\\/\\\/www.lactissima.com\\\/a-tire-d-ailes\\\/wp-content\\\/uploads\\\/2016\\\/12\\\/clemence.png\",\"contentUrl\":\"https:\\\/\\\/www.lactissima.com\\\/a-tire-d-ailes\\\/wp-content\\\/uploads\\\/2016\\\/12\\\/clemence.png\",\"width\":244,\"height\":236,\"caption\":\"retour au travail\"},{\"@type\":\"BreadcrumbList\",\"@id\":\"https:\\\/\\\/www.lactissima.com\\\/a-tire-d-ailes\\\/et-vous-comment-preparez-vous-votre-retour-au-travail\\\/#breadcrumb\",\"itemListElement\":[{\"@type\":\"ListItem\",\"position\":1,\"name\":\"Accueil\",\"item\":\"https:\\\/\\\/www.lactissima.com\\\/a-tire-d-ailes\\\/\"},{\"@type\":\"ListItem\",\"position\":2,\"name\":\"Et vous, comment pr\u00e9parez-vous votre retour au travail ?\"}]},{\"@type\":\"WebSite\",\"@id\":\"https:\\\/\\\/www.lactissima.com\\\/a-tire-d-ailes\\\/#website\",\"url\":\"https:\\\/\\\/www.lactissima.com\\\/a-tire-d-ailes\\\/\",\"name\":\"A tire d&#039;Ailes\",\"description\":\"Le blog des femmes qui allaitent et travaillent.\",\"potentialAction\":[{\"@type\":\"SearchAction\",\"target\":{\"@type\":\"EntryPoint\",\"urlTemplate\":\"https:\\\/\\\/www.lactissima.com\\\/a-tire-d-ailes\\\/?s={search_term_string}\"},\"query-input\":{\"@type\":\"PropertyValueSpecification\",\"valueRequired\":true,\"valueName\":\"search_term_string\"}}],\"inLanguage\":\"fr-FR\"},{\"@type\":\"Person\",\"@id\":\"https:\\\/\\\/www.lactissima.com\\\/a-tire-d-ailes\\\/#\\\/schema\\\/person\\\/8f98d3a89530861bc1240e6d53d44eed\",\"name\":\"V\u00e9ronique Darmangeat\",\"image\":{\"@type\":\"ImageObject\",\"inLanguage\":\"fr-FR\",\"@id\":\"https:\\\/\\\/secure.gravatar.com\\\/avatar\\\/268c99344c89cebfe4f5df5fa8be43068a18884fc76a29f3206fae98465b9cab?s=96&d=identicon&r=g\",\"url\":\"https:\\\/\\\/secure.gravatar.com\\\/avatar\\\/268c99344c89cebfe4f5df5fa8be43068a18884fc76a29f3206fae98465b9cab?s=96&d=identicon&r=g\",\"contentUrl\":\"https:\\\/\\\/secure.gravatar.com\\\/avatar\\\/268c99344c89cebfe4f5df5fa8be43068a18884fc76a29f3206fae98465b9cab?s=96&d=identicon&r=g\",\"caption\":\"V\u00e9ronique Darmangeat\"},\"sameAs\":[\"https:\\\/\\\/www.lactissima.com\\\/a-tire-d-ailes\",\"www.facebook.com\\\/consultante.en.lactation\"]}]}<\/script>\n<!-- \/ Yoast SEO plugin. -->","yoast_head_json":{"title":"retour-au-travail","description":"Cl\u00e9mence d\u00e9livre de bons conseils pour pr\u00e9parer au mieux son retour au travail.","robots":{"index":"index","follow":"follow","max-snippet":"max-snippet:-1","max-image-preview":"max-image-preview:large","max-video-preview":"max-video-preview:-1"},"canonical":"https:\/\/www.lactissima.com\/a-tire-d-ailes\/et-vous-comment-preparez-vous-votre-retour-au-travail\/","og_locale":"fr_FR","og_type":"article","og_title":"retour-au-travail","og_description":"Cl\u00e9mence d\u00e9livre de bons conseils pour pr\u00e9parer au mieux son retour au travail.","og_url":"https:\/\/www.lactissima.com\/a-tire-d-ailes\/et-vous-comment-preparez-vous-votre-retour-au-travail\/","og_site_name":"A tire d&#039;Ailes","article_publisher":"https:\/\/www.facebook.com\/consultante.en.lactation","article_author":"www.facebook.com\/consultante.en.lactation","article_published_time":"2016-12-08T10:27:36+00:00","article_modified_time":"2023-01-10T10:33:32+00:00","og_image":[{"width":244,"height":236,"url":"https:\/\/www.lactissima.com\/a-tire-d-ailes\/wp-content\/uploads\/2016\/12\/clemence.png","type":"image\/png"}],"author":"V\u00e9ronique Darmangeat","twitter_card":"summary_large_image","twitter_creator":"@VeroniqueIBCLC","twitter_site":"@VeroniqueIBCLC","twitter_misc":{"\u00c9crit par":"V\u00e9ronique Darmangeat","Dur\u00e9e de lecture estim\u00e9e":"5 minutes"},"schema":{"@context":"https:\/\/schema.org","@graph":[{"@type":"Article","@id":"https:\/\/www.lactissima.com\/a-tire-d-ailes\/et-vous-comment-preparez-vous-votre-retour-au-travail\/#article","isPartOf":{"@id":"https:\/\/www.lactissima.com\/a-tire-d-ailes\/et-vous-comment-preparez-vous-votre-retour-au-travail\/"},"author":{"name":"V\u00e9ronique Darmangeat","@id":"https:\/\/www.lactissima.com\/a-tire-d-ailes\/#\/schema\/person\/8f98d3a89530861bc1240e6d53d44eed"},"headline":"Et vous, comment pr\u00e9parez-vous votre retour au travail ?","datePublished":"2016-12-08T10:27:36+00:00","dateModified":"2023-01-10T10:33:32+00:00","mainEntityOfPage":{"@id":"https:\/\/www.lactissima.com\/a-tire-d-ailes\/et-vous-comment-preparez-vous-votre-retour-au-travail\/"},"wordCount":1089,"commentCount":2,"image":{"@id":"https:\/\/www.lactissima.com\/a-tire-d-ailes\/et-vous-comment-preparez-vous-votre-retour-au-travail\/#primaryimage"},"thumbnailUrl":"https:\/\/www.lactissima.com\/a-tire-d-ailes\/wp-content\/uploads\/2016\/12\/clemence.png","articleSection":["Articulation Vie Professionnelle Vie Famille"],"inLanguage":"fr-FR","potentialAction":[{"@type":"CommentAction","name":"Comment","target":["https:\/\/www.lactissima.com\/a-tire-d-ailes\/et-vous-comment-preparez-vous-votre-retour-au-travail\/#respond"]}]},{"@type":"WebPage","@id":"https:\/\/www.lactissima.com\/a-tire-d-ailes\/et-vous-comment-preparez-vous-votre-retour-au-travail\/","url":"https:\/\/www.lactissima.com\/a-tire-d-ailes\/et-vous-comment-preparez-vous-votre-retour-au-travail\/","name":"retour-au-travail","isPartOf":{"@id":"https:\/\/www.lactissima.com\/a-tire-d-ailes\/#website"},"primaryImageOfPage":{"@id":"https:\/\/www.lactissima.com\/a-tire-d-ailes\/et-vous-comment-preparez-vous-votre-retour-au-travail\/#primaryimage"},"image":{"@id":"https:\/\/www.lactissima.com\/a-tire-d-ailes\/et-vous-comment-preparez-vous-votre-retour-au-travail\/#primaryimage"},"thumbnailUrl":"https:\/\/www.lactissima.com\/a-tire-d-ailes\/wp-content\/uploads\/2016\/12\/clemence.png","datePublished":"2016-12-08T10:27:36+00:00","dateModified":"2023-01-10T10:33:32+00:00","author":{"@id":"https:\/\/www.lactissima.com\/a-tire-d-ailes\/#\/schema\/person\/8f98d3a89530861bc1240e6d53d44eed"},"description":"Cl\u00e9mence d\u00e9livre de bons conseils pour pr\u00e9parer au mieux son retour au travail.","breadcrumb":{"@id":"https:\/\/www.lactissima.com\/a-tire-d-ailes\/et-vous-comment-preparez-vous-votre-retour-au-travail\/#breadcrumb"},"inLanguage":"fr-FR","potentialAction":[{"@type":"ReadAction","target":["https:\/\/www.lactissima.com\/a-tire-d-ailes\/et-vous-comment-preparez-vous-votre-retour-au-travail\/"]}]},{"@type":"ImageObject","inLanguage":"fr-FR","@id":"https:\/\/www.lactissima.com\/a-tire-d-ailes\/et-vous-comment-preparez-vous-votre-retour-au-travail\/#primaryimage","url":"https:\/\/www.lactissima.com\/a-tire-d-ailes\/wp-content\/uploads\/2016\/12\/clemence.png","contentUrl":"https:\/\/www.lactissima.com\/a-tire-d-ailes\/wp-content\/uploads\/2016\/12\/clemence.png","width":244,"height":236,"caption":"retour au travail"},{"@type":"BreadcrumbList","@id":"https:\/\/www.lactissima.com\/a-tire-d-ailes\/et-vous-comment-preparez-vous-votre-retour-au-travail\/#breadcrumb","itemListElement":[{"@type":"ListItem","position":1,"name":"Accueil","item":"https:\/\/www.lactissima.com\/a-tire-d-ailes\/"},{"@type":"ListItem","position":2,"name":"Et vous, comment pr\u00e9parez-vous votre retour au travail ?"}]},{"@type":"WebSite","@id":"https:\/\/www.lactissima.com\/a-tire-d-ailes\/#website","url":"https:\/\/www.lactissima.com\/a-tire-d-ailes\/","name":"A tire d&#039;Ailes","description":"Le blog des femmes qui allaitent et travaillent.","potentialAction":[{"@type":"SearchAction","target":{"@type":"EntryPoint","urlTemplate":"https:\/\/www.lactissima.com\/a-tire-d-ailes\/?s={search_term_string}"},"query-input":{"@type":"PropertyValueSpecification","valueRequired":true,"valueName":"search_term_string"}}],"inLanguage":"fr-FR"},{"@type":"Person","@id":"https:\/\/www.lactissima.com\/a-tire-d-ailes\/#\/schema\/person\/8f98d3a89530861bc1240e6d53d44eed","name":"V\u00e9ronique Darmangeat","image":{"@type":"ImageObject","inLanguage":"fr-FR","@id":"https:\/\/secure.gravatar.com\/avatar\/268c99344c89cebfe4f5df5fa8be43068a18884fc76a29f3206fae98465b9cab?s=96&d=identicon&r=g","url":"https:\/\/secure.gravatar.com\/avatar\/268c99344c89cebfe4f5df5fa8be43068a18884fc76a29f3206fae98465b9cab?s=96&d=identicon&r=g","contentUrl":"https:\/\/secure.gravatar.com\/avatar\/268c99344c89cebfe4f5df5fa8be43068a18884fc76a29f3206fae98465b9cab?s=96&d=identicon&r=g","caption":"V\u00e9ronique Darmangeat"},"sameAs":["https:\/\/www.lactissima.com\/a-tire-d-ailes","www.facebook.com\/consultante.en.lactation"]}]}},"_links":{"self":[{"href":"https:\/\/www.lactissima.com\/a-tire-d-ailes\/wp-json\/wp\/v2\/posts\/6978","targetHints":{"allow":["GET"]}}],"collection":[{"href":"https:\/\/www.lactissima.com\/a-tire-d-ailes\/wp-json\/wp\/v2\/posts"}],"about":[{"href":"https:\/\/www.lactissima.com\/a-tire-d-ailes\/wp-json\/wp\/v2\/types\/post"}],"author":[{"embeddable":true,"href":"https:\/\/www.lactissima.com\/a-tire-d-ailes\/wp-json\/wp\/v2\/users\/170"}],"replies":[{"embeddable":true,"href":"https:\/\/www.lactissima.com\/a-tire-d-ailes\/wp-json\/wp\/v2\/comments?post=6978"}],"version-history":[{"count":5,"href":"https:\/\/www.lactissima.com\/a-tire-d-ailes\/wp-json\/wp\/v2\/posts\/6978\/revisions"}],"predecessor-version":[{"id":8758,"href":"https:\/\/www.lactissima.com\/a-tire-d-ailes\/wp-json\/wp\/v2\/posts\/6978\/revisions\/8758"}],"wp:featuredmedia":[{"embeddable":true,"href":"https:\/\/www.lactissima.com\/a-tire-d-ailes\/wp-json\/wp\/v2\/media\/6979"}],"wp:attachment":[{"href":"https:\/\/www.lactissima.com\/a-tire-d-ailes\/wp-json\/wp\/v2\/media?parent=6978"}],"wp:term":[{"taxonomy":"category","embeddable":true,"href":"https:\/\/www.lactissima.com\/a-tire-d-ailes\/wp-json\/wp\/v2\/categories?post=6978"},{"taxonomy":"post_tag","embeddable":true,"href":"https:\/\/www.lactissima.com\/a-tire-d-ailes\/wp-json\/wp\/v2\/tags?post=6978"}],"curies":[{"name":"wp","href":"https:\/\/api.w.org\/{rel}","templated":true}]}}