{"id":6938,"date":"2016-11-18T09:11:27","date_gmt":"2016-11-18T08:11:27","guid":{"rendered":"https:\/\/www.lactissima.com\/a-tire-d-ailes\/?p=6938"},"modified":"2016-11-18T09:11:27","modified_gmt":"2016-11-18T08:11:27","slug":"centre-allaitement-veronique-darmangeat","status":"publish","type":"post","link":"https:\/\/www.lactissima.com\/a-tire-d-ailes\/centre-allaitement-veronique-darmangeat\/","title":{"rendered":"Centre allaitement V\u00e9ronique Darmangeat"},"content":{"rendered":"<p style=\"text-align: justify;\">Une fois n&rsquo;est pas coutume, je partage ici le d\u00e9veloppement du <a href=\"http:\/\/www.allaiteraparis.fr\/centre-allaitement\/\" target=\"_blank\">Centre allaitement V\u00e9ronique Darmangeat.<\/a><br \/>\nJe souhaite que ce centre devienne un endroit de r\u00e9f\u00e9rence, libre d&rsquo;acc\u00e8s pour toutes les personnes qui ont besoin d&rsquo;aide pour l&rsquo;allaitement et pour tous les professionnels qui souhaitent travailler autour de l&rsquo;allaitement.<\/p>\n<p style=\"text-align: justify;\">Nos nouveaux locaux ont ouvert le 31 octobre dernier. Nous avons d\u00e9sormais \u00e0 disposition une <strong>salle de formation<\/strong> et 2 salles de <strong>consultations<\/strong> pour, \u00e0 terme, permettre de regrouper tous les professionnels dont on peut avoir besoin en cas de souci d&rsquo;allaitement : consultantes en lactation, ost\u00e9opathe, psychologue et bient\u00f4t je l&rsquo;esp\u00e8re, un sp\u00e9cialiste des freins de langue et un p\u00e9diatre.<\/p>\n<p style=\"text-align: justify;\">Nous souhaitons \u00e9galement permettre un acc\u00e8s \u00e0 des consultations <strong>sans rendez-vous<\/strong>. Pour le moment, nous commen\u00e7ons avec le jeudi apr\u00e8s-midi et nous \u00e9tendrons les plages horaires au fur et \u00e0 mesure.<\/p>\n<p><img loading=\"lazy\" decoding=\"async\" class=\"alignleft size-full wp-image-6942\" src=\"https:\/\/www.lactissima.com\/a-tire-d-ailes\/wp-content\/uploads\/2016\/11\/salle-de-consultation.jpg\" alt=\"salle-de-consultation\" width=\"245\" height=\"326\" srcset=\"https:\/\/www.lactissima.com\/a-tire-d-ailes\/wp-content\/uploads\/2016\/11\/salle-de-consultation.jpg 245w, https:\/\/www.lactissima.com\/a-tire-d-ailes\/wp-content\/uploads\/2016\/11\/salle-de-consultation-225x300.jpg 225w\" sizes=\"(max-width: 245px) 100vw, 245px\" \/><img loading=\"lazy\" decoding=\"async\" class=\"aligncenter size-full wp-image-6941\" src=\"https:\/\/www.lactissima.com\/a-tire-d-ailes\/wp-content\/uploads\/2016\/11\/Centre-allaitement.png\" alt=\"centre-allaitement\" width=\"246\" height=\"326\" srcset=\"https:\/\/www.lactissima.com\/a-tire-d-ailes\/wp-content\/uploads\/2016\/11\/Centre-allaitement.png 246w, https:\/\/www.lactissima.com\/a-tire-d-ailes\/wp-content\/uploads\/2016\/11\/Centre-allaitement-226x300.png 226w\" sizes=\"(max-width: 246px) 100vw, 246px\" \/><img loading=\"lazy\" decoding=\"async\" class=\"alignright size-full wp-image-6940\" src=\"https:\/\/www.lactissima.com\/a-tire-d-ailes\/wp-content\/uploads\/2016\/11\/centre-allaitement.png\" alt=\"centre-allaitement\" width=\"227\" height=\"301\" srcset=\"https:\/\/www.lactissima.com\/a-tire-d-ailes\/wp-content\/uploads\/2016\/11\/centre-allaitement.png 227w, https:\/\/www.lactissima.com\/a-tire-d-ailes\/wp-content\/uploads\/2016\/11\/centre-allaitement-226x300.png 226w\" sizes=\"(max-width: 227px) 100vw, 227px\" \/><img loading=\"lazy\" decoding=\"async\" class=\"alignleft wp-image-6943 size-full\" src=\"https:\/\/www.lactissima.com\/a-tire-d-ailes\/wp-content\/uploads\/2016\/11\/salle-de-formation.jpg\" alt=\"salle-de-formation\" width=\"265\" height=\"353\" srcset=\"https:\/\/www.lactissima.com\/a-tire-d-ailes\/wp-content\/uploads\/2016\/11\/salle-de-formation.jpg 265w, https:\/\/www.lactissima.com\/a-tire-d-ailes\/wp-content\/uploads\/2016\/11\/salle-de-formation-225x300.jpg 225w\" sizes=\"(max-width: 265px) 100vw, 265px\" \/><\/p>\n<p>&nbsp;<\/p>\n<p>&nbsp;<\/p>\n<p>&nbsp;<\/p>\n<p>&nbsp;<\/p>\n<p>&nbsp;<\/p>\n<p>&nbsp;<\/p>\n<p>&nbsp;<\/p>\n<p>&nbsp;<\/p>\n<p>&nbsp;<\/p>\n<p>&nbsp;<\/p>\n<p>&nbsp;<\/p>\n<p>Je serai tr\u00e8s heureuse de vous accueillir !<\/p>\n<p>&nbsp;<\/p>\n<div class='et-box et-shadow'>\n\t\t\t\t\t<div class='et-box-content'>Lire des articles ou poser des questions en commentaire ne suffit pas \u00e0 r\u00e9soudre votre probl\u00e8me ?\nSavez-vous que vous pouvez prendre RDV pour une consultation avec moi ?\nN&rsquo;h\u00e9sitez pas \u00e0 me contacter !<\/div><\/div>\n","protected":false},"excerpt":{"rendered":"<p>Une fois n&rsquo;est pas coutume, je partage ici le d\u00e9veloppement du Centre allaitement V\u00e9ronique Darmangeat. Je souhaite que ce centre devienne un endroit de r\u00e9f\u00e9rence, libre d&rsquo;acc\u00e8s pour toutes les personnes qui ont besoin d&rsquo;aide pour l&rsquo;allaitement et pour tous les professionnels qui souhaitent travailler autour de l&rsquo;allaitement. Nos nouveaux locaux ont ouvert le 31 [&hellip;]<\/p>\n","protected":false},"author":170,"featured_media":6942,"comment_status":"open","ping_status":"open","sticky":false,"template":"","format":"standard","meta":{"_et_pb_use_builder":"","_et_pb_old_content":"","_et_gb_content_width":"","footnotes":""},"categories":[34],"tags":[714],"class_list":["post-6938","post","type-post","status-publish","format-standard","has-post-thumbnail","hentry","category-actualites","tag-centre-allaitement"],"yoast_head":"<!-- This site is optimized with the Yoast SEO plugin v27.4 - https:\/\/yoast.com\/product\/yoast-seo-wordpress\/ -->\n<title>Centre allaitement V\u00e9ronique Darmangeat<\/title>\n<meta name=\"description\" content=\"Le Centre allaitement V\u00e9ronique Darmangeat a ouvert, pr\u00eat \u00e0 vous accueillir et \u00e0 d\u00e9velopper ses activit\u00e9s.\" \/>\n<meta name=\"robots\" content=\"index, follow, max-snippet:-1, max-image-preview:large, max-video-preview:-1\" \/>\n<link rel=\"canonical\" href=\"https:\/\/www.lactissima.com\/a-tire-d-ailes\/centre-allaitement-veronique-darmangeat\/\" \/>\n<meta property=\"og:locale\" content=\"fr_FR\" \/>\n<meta property=\"og:type\" content=\"article\" \/>\n<meta property=\"og:title\" content=\"Centre allaitement V\u00e9ronique Darmangeat\" \/>\n<meta property=\"og:description\" content=\"Le Centre allaitement V\u00e9ronique Darmangeat a ouvert, pr\u00eat \u00e0 vous accueillir et \u00e0 d\u00e9velopper ses activit\u00e9s.\" \/>\n<meta property=\"og:url\" content=\"https:\/\/www.lactissima.com\/a-tire-d-ailes\/centre-allaitement-veronique-darmangeat\/\" \/>\n<meta property=\"og:site_name\" content=\"A tire d&#039;Ailes\" \/>\n<meta property=\"article:publisher\" content=\"https:\/\/www.facebook.com\/consultante.en.lactation\" \/>\n<meta property=\"article:author\" content=\"www.facebook.com\/consultante.en.lactation\" \/>\n<meta property=\"article:published_time\" content=\"2016-11-18T08:11:27+00:00\" \/>\n<meta property=\"og:image\" content=\"https:\/\/www.lactissima.com\/a-tire-d-ailes\/wp-content\/uploads\/2016\/11\/salle-de-consultation.jpg\" \/>\n\t<meta property=\"og:image:width\" content=\"245\" \/>\n\t<meta property=\"og:image:height\" content=\"326\" \/>\n\t<meta property=\"og:image:type\" content=\"image\/jpeg\" \/>\n<meta name=\"author\" content=\"V\u00e9ronique Darmangeat\" \/>\n<meta name=\"twitter:card\" content=\"summary_large_image\" \/>\n<meta name=\"twitter:creator\" content=\"@VeroniqueIBCLC\" \/>\n<meta name=\"twitter:site\" content=\"@VeroniqueIBCLC\" \/>\n<meta name=\"twitter:label1\" content=\"\u00c9crit par\" \/>\n\t<meta name=\"twitter:data1\" content=\"V\u00e9ronique Darmangeat\" \/>\n\t<meta name=\"twitter:label2\" content=\"Dur\u00e9e de lecture estim\u00e9e\" \/>\n\t<meta name=\"twitter:data2\" content=\"1 minute\" \/>\n<script type=\"application\/ld+json\" class=\"yoast-schema-graph\">{\"@context\":\"https:\\\/\\\/schema.org\",\"@graph\":[{\"@type\":\"Article\",\"@id\":\"https:\\\/\\\/www.lactissima.com\\\/a-tire-d-ailes\\\/centre-allaitement-veronique-darmangeat\\\/#article\",\"isPartOf\":{\"@id\":\"https:\\\/\\\/www.lactissima.com\\\/a-tire-d-ailes\\\/centre-allaitement-veronique-darmangeat\\\/\"},\"author\":{\"name\":\"V\u00e9ronique Darmangeat\",\"@id\":\"https:\\\/\\\/www.lactissima.com\\\/a-tire-d-ailes\\\/#\\\/schema\\\/person\\\/8f98d3a89530861bc1240e6d53d44eed\"},\"headline\":\"Centre allaitement V\u00e9ronique Darmangeat\",\"datePublished\":\"2016-11-18T08:11:27+00:00\",\"mainEntityOfPage\":{\"@id\":\"https:\\\/\\\/www.lactissima.com\\\/a-tire-d-ailes\\\/centre-allaitement-veronique-darmangeat\\\/\"},\"wordCount\":215,\"commentCount\":7,\"image\":{\"@id\":\"https:\\\/\\\/www.lactissima.com\\\/a-tire-d-ailes\\\/centre-allaitement-veronique-darmangeat\\\/#primaryimage\"},\"thumbnailUrl\":\"https:\\\/\\\/www.lactissima.com\\\/a-tire-d-ailes\\\/wp-content\\\/uploads\\\/2016\\\/11\\\/salle-de-consultation.jpg\",\"keywords\":[\"Centre allaitement\"],\"articleSection\":[\"Actualit\u00e9s\"],\"inLanguage\":\"fr-FR\",\"potentialAction\":[{\"@type\":\"CommentAction\",\"name\":\"Comment\",\"target\":[\"https:\\\/\\\/www.lactissima.com\\\/a-tire-d-ailes\\\/centre-allaitement-veronique-darmangeat\\\/#respond\"]}]},{\"@type\":\"WebPage\",\"@id\":\"https:\\\/\\\/www.lactissima.com\\\/a-tire-d-ailes\\\/centre-allaitement-veronique-darmangeat\\\/\",\"url\":\"https:\\\/\\\/www.lactissima.com\\\/a-tire-d-ailes\\\/centre-allaitement-veronique-darmangeat\\\/\",\"name\":\"Centre allaitement V\u00e9ronique Darmangeat\",\"isPartOf\":{\"@id\":\"https:\\\/\\\/www.lactissima.com\\\/a-tire-d-ailes\\\/#website\"},\"primaryImageOfPage\":{\"@id\":\"https:\\\/\\\/www.lactissima.com\\\/a-tire-d-ailes\\\/centre-allaitement-veronique-darmangeat\\\/#primaryimage\"},\"image\":{\"@id\":\"https:\\\/\\\/www.lactissima.com\\\/a-tire-d-ailes\\\/centre-allaitement-veronique-darmangeat\\\/#primaryimage\"},\"thumbnailUrl\":\"https:\\\/\\\/www.lactissima.com\\\/a-tire-d-ailes\\\/wp-content\\\/uploads\\\/2016\\\/11\\\/salle-de-consultation.jpg\",\"datePublished\":\"2016-11-18T08:11:27+00:00\",\"author\":{\"@id\":\"https:\\\/\\\/www.lactissima.com\\\/a-tire-d-ailes\\\/#\\\/schema\\\/person\\\/8f98d3a89530861bc1240e6d53d44eed\"},\"description\":\"Le Centre allaitement V\u00e9ronique Darmangeat a ouvert, pr\u00eat \u00e0 vous accueillir et \u00e0 d\u00e9velopper ses activit\u00e9s.\",\"breadcrumb\":{\"@id\":\"https:\\\/\\\/www.lactissima.com\\\/a-tire-d-ailes\\\/centre-allaitement-veronique-darmangeat\\\/#breadcrumb\"},\"inLanguage\":\"fr-FR\",\"potentialAction\":[{\"@type\":\"ReadAction\",\"target\":[\"https:\\\/\\\/www.lactissima.com\\\/a-tire-d-ailes\\\/centre-allaitement-veronique-darmangeat\\\/\"]}]},{\"@type\":\"ImageObject\",\"inLanguage\":\"fr-FR\",\"@id\":\"https:\\\/\\\/www.lactissima.com\\\/a-tire-d-ailes\\\/centre-allaitement-veronique-darmangeat\\\/#primaryimage\",\"url\":\"https:\\\/\\\/www.lactissima.com\\\/a-tire-d-ailes\\\/wp-content\\\/uploads\\\/2016\\\/11\\\/salle-de-consultation.jpg\",\"contentUrl\":\"https:\\\/\\\/www.lactissima.com\\\/a-tire-d-ailes\\\/wp-content\\\/uploads\\\/2016\\\/11\\\/salle-de-consultation.jpg\",\"width\":245,\"height\":326},{\"@type\":\"BreadcrumbList\",\"@id\":\"https:\\\/\\\/www.lactissima.com\\\/a-tire-d-ailes\\\/centre-allaitement-veronique-darmangeat\\\/#breadcrumb\",\"itemListElement\":[{\"@type\":\"ListItem\",\"position\":1,\"name\":\"Accueil\",\"item\":\"https:\\\/\\\/www.lactissima.com\\\/a-tire-d-ailes\\\/\"},{\"@type\":\"ListItem\",\"position\":2,\"name\":\"Centre allaitement V\u00e9ronique Darmangeat\"}]},{\"@type\":\"WebSite\",\"@id\":\"https:\\\/\\\/www.lactissima.com\\\/a-tire-d-ailes\\\/#website\",\"url\":\"https:\\\/\\\/www.lactissima.com\\\/a-tire-d-ailes\\\/\",\"name\":\"A tire d&#039;Ailes\",\"description\":\"Le blog des femmes qui allaitent et travaillent.\",\"potentialAction\":[{\"@type\":\"SearchAction\",\"target\":{\"@type\":\"EntryPoint\",\"urlTemplate\":\"https:\\\/\\\/www.lactissima.com\\\/a-tire-d-ailes\\\/?s={search_term_string}\"},\"query-input\":{\"@type\":\"PropertyValueSpecification\",\"valueRequired\":true,\"valueName\":\"search_term_string\"}}],\"inLanguage\":\"fr-FR\"},{\"@type\":\"Person\",\"@id\":\"https:\\\/\\\/www.lactissima.com\\\/a-tire-d-ailes\\\/#\\\/schema\\\/person\\\/8f98d3a89530861bc1240e6d53d44eed\",\"name\":\"V\u00e9ronique Darmangeat\",\"image\":{\"@type\":\"ImageObject\",\"inLanguage\":\"fr-FR\",\"@id\":\"https:\\\/\\\/secure.gravatar.com\\\/avatar\\\/268c99344c89cebfe4f5df5fa8be43068a18884fc76a29f3206fae98465b9cab?s=96&d=identicon&r=g\",\"url\":\"https:\\\/\\\/secure.gravatar.com\\\/avatar\\\/268c99344c89cebfe4f5df5fa8be43068a18884fc76a29f3206fae98465b9cab?s=96&d=identicon&r=g\",\"contentUrl\":\"https:\\\/\\\/secure.gravatar.com\\\/avatar\\\/268c99344c89cebfe4f5df5fa8be43068a18884fc76a29f3206fae98465b9cab?s=96&d=identicon&r=g\",\"caption\":\"V\u00e9ronique Darmangeat\"},\"sameAs\":[\"https:\\\/\\\/www.lactissima.com\\\/a-tire-d-ailes\",\"www.facebook.com\\\/consultante.en.lactation\"]}]}<\/script>\n<!-- \/ Yoast SEO plugin. -->","yoast_head_json":{"title":"Centre allaitement V\u00e9ronique Darmangeat","description":"Le Centre allaitement V\u00e9ronique Darmangeat a ouvert, pr\u00eat \u00e0 vous accueillir et \u00e0 d\u00e9velopper ses activit\u00e9s.","robots":{"index":"index","follow":"follow","max-snippet":"max-snippet:-1","max-image-preview":"max-image-preview:large","max-video-preview":"max-video-preview:-1"},"canonical":"https:\/\/www.lactissima.com\/a-tire-d-ailes\/centre-allaitement-veronique-darmangeat\/","og_locale":"fr_FR","og_type":"article","og_title":"Centre allaitement V\u00e9ronique Darmangeat","og_description":"Le Centre allaitement V\u00e9ronique Darmangeat a ouvert, pr\u00eat \u00e0 vous accueillir et \u00e0 d\u00e9velopper ses activit\u00e9s.","og_url":"https:\/\/www.lactissima.com\/a-tire-d-ailes\/centre-allaitement-veronique-darmangeat\/","og_site_name":"A tire d&#039;Ailes","article_publisher":"https:\/\/www.facebook.com\/consultante.en.lactation","article_author":"www.facebook.com\/consultante.en.lactation","article_published_time":"2016-11-18T08:11:27+00:00","og_image":[{"width":245,"height":326,"url":"https:\/\/www.lactissima.com\/a-tire-d-ailes\/wp-content\/uploads\/2016\/11\/salle-de-consultation.jpg","type":"image\/jpeg"}],"author":"V\u00e9ronique Darmangeat","twitter_card":"summary_large_image","twitter_creator":"@VeroniqueIBCLC","twitter_site":"@VeroniqueIBCLC","twitter_misc":{"\u00c9crit par":"V\u00e9ronique Darmangeat","Dur\u00e9e de lecture estim\u00e9e":"1 minute"},"schema":{"@context":"https:\/\/schema.org","@graph":[{"@type":"Article","@id":"https:\/\/www.lactissima.com\/a-tire-d-ailes\/centre-allaitement-veronique-darmangeat\/#article","isPartOf":{"@id":"https:\/\/www.lactissima.com\/a-tire-d-ailes\/centre-allaitement-veronique-darmangeat\/"},"author":{"name":"V\u00e9ronique Darmangeat","@id":"https:\/\/www.lactissima.com\/a-tire-d-ailes\/#\/schema\/person\/8f98d3a89530861bc1240e6d53d44eed"},"headline":"Centre allaitement V\u00e9ronique Darmangeat","datePublished":"2016-11-18T08:11:27+00:00","mainEntityOfPage":{"@id":"https:\/\/www.lactissima.com\/a-tire-d-ailes\/centre-allaitement-veronique-darmangeat\/"},"wordCount":215,"commentCount":7,"image":{"@id":"https:\/\/www.lactissima.com\/a-tire-d-ailes\/centre-allaitement-veronique-darmangeat\/#primaryimage"},"thumbnailUrl":"https:\/\/www.lactissima.com\/a-tire-d-ailes\/wp-content\/uploads\/2016\/11\/salle-de-consultation.jpg","keywords":["Centre allaitement"],"articleSection":["Actualit\u00e9s"],"inLanguage":"fr-FR","potentialAction":[{"@type":"CommentAction","name":"Comment","target":["https:\/\/www.lactissima.com\/a-tire-d-ailes\/centre-allaitement-veronique-darmangeat\/#respond"]}]},{"@type":"WebPage","@id":"https:\/\/www.lactissima.com\/a-tire-d-ailes\/centre-allaitement-veronique-darmangeat\/","url":"https:\/\/www.lactissima.com\/a-tire-d-ailes\/centre-allaitement-veronique-darmangeat\/","name":"Centre allaitement V\u00e9ronique Darmangeat","isPartOf":{"@id":"https:\/\/www.lactissima.com\/a-tire-d-ailes\/#website"},"primaryImageOfPage":{"@id":"https:\/\/www.lactissima.com\/a-tire-d-ailes\/centre-allaitement-veronique-darmangeat\/#primaryimage"},"image":{"@id":"https:\/\/www.lactissima.com\/a-tire-d-ailes\/centre-allaitement-veronique-darmangeat\/#primaryimage"},"thumbnailUrl":"https:\/\/www.lactissima.com\/a-tire-d-ailes\/wp-content\/uploads\/2016\/11\/salle-de-consultation.jpg","datePublished":"2016-11-18T08:11:27+00:00","author":{"@id":"https:\/\/www.lactissima.com\/a-tire-d-ailes\/#\/schema\/person\/8f98d3a89530861bc1240e6d53d44eed"},"description":"Le Centre allaitement V\u00e9ronique Darmangeat a ouvert, pr\u00eat \u00e0 vous accueillir et \u00e0 d\u00e9velopper ses activit\u00e9s.","breadcrumb":{"@id":"https:\/\/www.lactissima.com\/a-tire-d-ailes\/centre-allaitement-veronique-darmangeat\/#breadcrumb"},"inLanguage":"fr-FR","potentialAction":[{"@type":"ReadAction","target":["https:\/\/www.lactissima.com\/a-tire-d-ailes\/centre-allaitement-veronique-darmangeat\/"]}]},{"@type":"ImageObject","inLanguage":"fr-FR","@id":"https:\/\/www.lactissima.com\/a-tire-d-ailes\/centre-allaitement-veronique-darmangeat\/#primaryimage","url":"https:\/\/www.lactissima.com\/a-tire-d-ailes\/wp-content\/uploads\/2016\/11\/salle-de-consultation.jpg","contentUrl":"https:\/\/www.lactissima.com\/a-tire-d-ailes\/wp-content\/uploads\/2016\/11\/salle-de-consultation.jpg","width":245,"height":326},{"@type":"BreadcrumbList","@id":"https:\/\/www.lactissima.com\/a-tire-d-ailes\/centre-allaitement-veronique-darmangeat\/#breadcrumb","itemListElement":[{"@type":"ListItem","position":1,"name":"Accueil","item":"https:\/\/www.lactissima.com\/a-tire-d-ailes\/"},{"@type":"ListItem","position":2,"name":"Centre allaitement V\u00e9ronique Darmangeat"}]},{"@type":"WebSite","@id":"https:\/\/www.lactissima.com\/a-tire-d-ailes\/#website","url":"https:\/\/www.lactissima.com\/a-tire-d-ailes\/","name":"A tire d&#039;Ailes","description":"Le blog des femmes qui allaitent et travaillent.","potentialAction":[{"@type":"SearchAction","target":{"@type":"EntryPoint","urlTemplate":"https:\/\/www.lactissima.com\/a-tire-d-ailes\/?s={search_term_string}"},"query-input":{"@type":"PropertyValueSpecification","valueRequired":true,"valueName":"search_term_string"}}],"inLanguage":"fr-FR"},{"@type":"Person","@id":"https:\/\/www.lactissima.com\/a-tire-d-ailes\/#\/schema\/person\/8f98d3a89530861bc1240e6d53d44eed","name":"V\u00e9ronique Darmangeat","image":{"@type":"ImageObject","inLanguage":"fr-FR","@id":"https:\/\/secure.gravatar.com\/avatar\/268c99344c89cebfe4f5df5fa8be43068a18884fc76a29f3206fae98465b9cab?s=96&d=identicon&r=g","url":"https:\/\/secure.gravatar.com\/avatar\/268c99344c89cebfe4f5df5fa8be43068a18884fc76a29f3206fae98465b9cab?s=96&d=identicon&r=g","contentUrl":"https:\/\/secure.gravatar.com\/avatar\/268c99344c89cebfe4f5df5fa8be43068a18884fc76a29f3206fae98465b9cab?s=96&d=identicon&r=g","caption":"V\u00e9ronique Darmangeat"},"sameAs":["https:\/\/www.lactissima.com\/a-tire-d-ailes","www.facebook.com\/consultante.en.lactation"]}]}},"_links":{"self":[{"href":"https:\/\/www.lactissima.com\/a-tire-d-ailes\/wp-json\/wp\/v2\/posts\/6938","targetHints":{"allow":["GET"]}}],"collection":[{"href":"https:\/\/www.lactissima.com\/a-tire-d-ailes\/wp-json\/wp\/v2\/posts"}],"about":[{"href":"https:\/\/www.lactissima.com\/a-tire-d-ailes\/wp-json\/wp\/v2\/types\/post"}],"author":[{"embeddable":true,"href":"https:\/\/www.lactissima.com\/a-tire-d-ailes\/wp-json\/wp\/v2\/users\/170"}],"replies":[{"embeddable":true,"href":"https:\/\/www.lactissima.com\/a-tire-d-ailes\/wp-json\/wp\/v2\/comments?post=6938"}],"version-history":[{"count":7,"href":"https:\/\/www.lactissima.com\/a-tire-d-ailes\/wp-json\/wp\/v2\/posts\/6938\/revisions"}],"predecessor-version":[{"id":6950,"href":"https:\/\/www.lactissima.com\/a-tire-d-ailes\/wp-json\/wp\/v2\/posts\/6938\/revisions\/6950"}],"wp:featuredmedia":[{"embeddable":true,"href":"https:\/\/www.lactissima.com\/a-tire-d-ailes\/wp-json\/wp\/v2\/media\/6942"}],"wp:attachment":[{"href":"https:\/\/www.lactissima.com\/a-tire-d-ailes\/wp-json\/wp\/v2\/media?parent=6938"}],"wp:term":[{"taxonomy":"category","embeddable":true,"href":"https:\/\/www.lactissima.com\/a-tire-d-ailes\/wp-json\/wp\/v2\/categories?post=6938"},{"taxonomy":"post_tag","embeddable":true,"href":"https:\/\/www.lactissima.com\/a-tire-d-ailes\/wp-json\/wp\/v2\/tags?post=6938"}],"curies":[{"name":"wp","href":"https:\/\/api.w.org\/{rel}","templated":true}]}}