{"id":6932,"date":"2016-11-10T09:31:16","date_gmt":"2016-11-10T08:31:16","guid":{"rendered":"https:\/\/www.lactissima.com\/a-tire-d-ailes\/?p=6932"},"modified":"2016-11-10T09:31:16","modified_gmt":"2016-11-10T08:31:16","slug":"allaiter-travailler-temoignage-delodie","status":"publish","type":"post","link":"https:\/\/www.lactissima.com\/a-tire-d-ailes\/allaiter-travailler-temoignage-delodie\/","title":{"rendered":"Allaiter et travailler : le t\u00e9moignage d&rsquo;Elodie"},"content":{"rendered":"<p style=\"text-align: justify;\"><img loading=\"lazy\" decoding=\"async\" class=\"alignright size-full wp-image-6933\" src=\"https:\/\/www.lactissima.com\/a-tire-d-ailes\/wp-content\/uploads\/2016\/11\/\u00e9lodie.jpg\" alt=\"elodie\" width=\"364\" height=\"274\" srcset=\"https:\/\/www.lactissima.com\/a-tire-d-ailes\/wp-content\/uploads\/2016\/11\/\u00e9lodie.jpg 364w, https:\/\/www.lactissima.com\/a-tire-d-ailes\/wp-content\/uploads\/2016\/11\/\u00e9lodie-300x226.jpg 300w\" sizes=\"(max-width: 364px) 100vw, 364px\" \/>Je n&rsquo;ai <strong>pas encore repris le travail<\/strong> mais on a commenc\u00e9 l&rsquo;adaptation chez nounou.<\/p>\n<p style=\"text-align: justify;\">Pendant ma grossesse je voulais juste <strong>tenter<\/strong> l&rsquo;allaitement en me disant si \u00e7a se passe bien j&rsquo;irai jusqu&rsquo;\u00e0 6 mois mais le tire-lait \u00e7a me faisait un peu peur&#8230; Finalement b\u00e9b\u00e9 est n\u00e9 pr\u00e9matur\u00e9 le 2 septembre, l&rsquo;allaitement est alors devenu un besoin, une n\u00e9cessit\u00e9. On a l&rsquo;impression que si on ne peut pas faire \u00e7a pour son b\u00e9b\u00e9 on ne sert \u00e0 rien&#8230; Du coup tous les a priori sur le tire-lait ont disparu, j&rsquo;ai tir\u00e9 mon lait 6 a 7 fois par jour pendant 15 jours et ensuite b\u00e9b\u00e9 a pris le sein sans probl\u00e8me (malgr\u00e9 les d\u00e9couragements d&rsquo;une sage femme de l&rsquo;UGR mais merci aux encouragement du service de neonat).<\/p>\n<p style=\"text-align: justify;\">Je reprends le 2 janvier, b\u00e9b\u00e9 aura 4 mois et tirer mon lait 2 ou 3 fois par jour ne me fait plus peur (juste peur de ne pas suivre niveau quantit\u00e9). J&rsquo;ai trouv\u00e9 une <strong>super nounou<\/strong> qui n&rsquo;a jamais eu de b\u00e9b\u00e9 allait\u00e9 mais est super ouverte et pose beaucoup de questions. Aujourd&rsquo;hui, 3eme jour d&rsquo;adaptation il a eu son 1er biberon, il l&rsquo;a un peu refus\u00e9 au d\u00e9but mais a finalement bu 100ml en 20 minutes. Tout s&rsquo;est bien pass\u00e9 et je suis rassur\u00e9e pour la reprise.<\/p>\n<p style=\"text-align: justify;\">Voici le d\u00e9but de mon exp\u00e9rience. J&rsquo;utilise le tire lait Medela Symphony, c&rsquo;est celui que j&rsquo;avais \u00e0 l&rsquo;h\u00f4pital donc j&rsquo;ai demand\u00e9 le m\u00eame \u00e0 ma pharmacie, j&rsquo;ai juste command\u00e9 le kit double pompage pour la reprise car j&rsquo;aurais moins de temps.<\/p>\n<p style=\"text-align: justify;\">Et merci pour vos <a href=\"https:\/\/www.lactissima.com\/a-tire-d-ailes\/nouveaute-fiches-pratiques\/\" target=\"_blank\">fiches pratiques<\/a>, notre nounou a \u00e9t\u00e9 super contente quand je lui ai apport\u00e9 car elle se demandait justement comment \u00e7a se passait et en avait m\u00eame discut\u00e9 avec des coll\u00e8gues qui n&rsquo;avaient elles non plus jamais eu de b\u00e9b\u00e9 allait\u00e9.<\/p>\n<p><strong>Articles en rapport :<\/strong><\/p>\n<ul>\n<li>Voir l&rsquo;onglet <a href=\"https:\/\/www.lactissima.com\/a-tire-d-ailes\/temoignages-travail-et-allaitement\/\" target=\"_blank\">t\u00e9moignages<\/a><\/li>\n<\/ul>\n<p style=\"text-align: justify;\"><div class='et-box et-shadow'>\n\t\t\t\t\t<div class='et-box-content'>Lire des articles ou poser des questions en commentaire ne suffit pas \u00e0 r\u00e9soudre votre probl\u00e8me ?\nSavez-vous que vous pouvez prendre RDV pour une consultation avec moi ?\nN&rsquo;h\u00e9sitez pas \u00e0 me contacter !<\/div><\/div><\/p>\n","protected":false},"excerpt":{"rendered":"<p>Je n&rsquo;ai pas encore repris le travail mais on a commenc\u00e9 l&rsquo;adaptation chez nounou. Pendant ma grossesse je voulais juste tenter l&rsquo;allaitement en me disant si \u00e7a se passe bien j&rsquo;irai jusqu&rsquo;\u00e0 6 mois mais le tire-lait \u00e7a me faisait un peu peur&#8230; Finalement b\u00e9b\u00e9 est n\u00e9 pr\u00e9matur\u00e9 le 2 septembre, l&rsquo;allaitement est alors devenu [&hellip;]<\/p>\n","protected":false},"author":170,"featured_media":6933,"comment_status":"open","ping_status":"open","sticky":false,"template":"","format":"standard","meta":{"_et_pb_use_builder":"","_et_pb_old_content":"","_et_gb_content_width":"","footnotes":""},"categories":[150],"tags":[],"class_list":["post-6932","post","type-post","status-publish","format-standard","has-post-thumbnail","hentry","category-temoignages"],"yoast_head":"<!-- This site is optimized with the Yoast SEO plugin v27.4 - https:\/\/yoast.com\/product\/yoast-seo-wordpress\/ -->\n<title>Allaiter et travailler : le t\u00e9moignage d&#039;Elodie<\/title>\n<meta name=\"description\" content=\"Elodie avait peur du tire-lait mais la naissance pr\u00e9matur\u00e9e de son fils l&#039;a familiaris\u00e9e avec et elle a d\u00e9cid\u00e9 de s&#039;en resservir \u00e0 la reprise du travail.\" \/>\n<meta name=\"robots\" content=\"index, follow, max-snippet:-1, max-image-preview:large, max-video-preview:-1\" \/>\n<link rel=\"canonical\" href=\"https:\/\/www.lactissima.com\/a-tire-d-ailes\/allaiter-travailler-temoignage-delodie\/\" \/>\n<meta property=\"og:locale\" content=\"fr_FR\" \/>\n<meta property=\"og:type\" content=\"article\" \/>\n<meta property=\"og:title\" content=\"Allaiter et travailler : le t\u00e9moignage d&#039;Elodie\" \/>\n<meta property=\"og:description\" content=\"Elodie avait peur du tire-lait mais la naissance pr\u00e9matur\u00e9e de son fils l&#039;a familiaris\u00e9e avec et elle a d\u00e9cid\u00e9 de s&#039;en resservir \u00e0 la reprise du travail.\" \/>\n<meta property=\"og:url\" content=\"https:\/\/www.lactissima.com\/a-tire-d-ailes\/allaiter-travailler-temoignage-delodie\/\" \/>\n<meta property=\"og:site_name\" content=\"A tire d&#039;Ailes\" \/>\n<meta property=\"article:publisher\" content=\"https:\/\/www.facebook.com\/consultante.en.lactation\" \/>\n<meta property=\"article:author\" content=\"www.facebook.com\/consultante.en.lactation\" \/>\n<meta property=\"article:published_time\" content=\"2016-11-10T08:31:16+00:00\" \/>\n<meta property=\"og:image\" content=\"https:\/\/www.lactissima.com\/a-tire-d-ailes\/wp-content\/uploads\/2016\/11\/\u00e9lodie.jpg\" \/>\n\t<meta property=\"og:image:width\" content=\"364\" \/>\n\t<meta property=\"og:image:height\" content=\"274\" \/>\n\t<meta property=\"og:image:type\" content=\"image\/jpeg\" \/>\n<meta name=\"author\" content=\"V\u00e9ronique Darmangeat\" \/>\n<meta name=\"twitter:card\" content=\"summary_large_image\" \/>\n<meta name=\"twitter:creator\" content=\"@VeroniqueIBCLC\" \/>\n<meta name=\"twitter:site\" content=\"@VeroniqueIBCLC\" \/>\n<meta name=\"twitter:label1\" content=\"\u00c9crit par\" \/>\n\t<meta name=\"twitter:data1\" content=\"V\u00e9ronique Darmangeat\" \/>\n\t<meta name=\"twitter:label2\" content=\"Dur\u00e9e de lecture estim\u00e9e\" \/>\n\t<meta name=\"twitter:data2\" content=\"2 minutes\" \/>\n<script type=\"application\/ld+json\" class=\"yoast-schema-graph\">{\"@context\":\"https:\\\/\\\/schema.org\",\"@graph\":[{\"@type\":\"Article\",\"@id\":\"https:\\\/\\\/www.lactissima.com\\\/a-tire-d-ailes\\\/allaiter-travailler-temoignage-delodie\\\/#article\",\"isPartOf\":{\"@id\":\"https:\\\/\\\/www.lactissima.com\\\/a-tire-d-ailes\\\/allaiter-travailler-temoignage-delodie\\\/\"},\"author\":{\"name\":\"V\u00e9ronique Darmangeat\",\"@id\":\"https:\\\/\\\/www.lactissima.com\\\/a-tire-d-ailes\\\/#\\\/schema\\\/person\\\/8f98d3a89530861bc1240e6d53d44eed\"},\"headline\":\"Allaiter et travailler : le t\u00e9moignage d&rsquo;Elodie\",\"datePublished\":\"2016-11-10T08:31:16+00:00\",\"mainEntityOfPage\":{\"@id\":\"https:\\\/\\\/www.lactissima.com\\\/a-tire-d-ailes\\\/allaiter-travailler-temoignage-delodie\\\/\"},\"wordCount\":381,\"commentCount\":1,\"image\":{\"@id\":\"https:\\\/\\\/www.lactissima.com\\\/a-tire-d-ailes\\\/allaiter-travailler-temoignage-delodie\\\/#primaryimage\"},\"thumbnailUrl\":\"https:\\\/\\\/www.lactissima.com\\\/a-tire-d-ailes\\\/wp-content\\\/uploads\\\/2016\\\/11\\\/\u00e9lodie.jpg\",\"articleSection\":[\"t\u00e9moignages\"],\"inLanguage\":\"fr-FR\",\"potentialAction\":[{\"@type\":\"CommentAction\",\"name\":\"Comment\",\"target\":[\"https:\\\/\\\/www.lactissima.com\\\/a-tire-d-ailes\\\/allaiter-travailler-temoignage-delodie\\\/#respond\"]}]},{\"@type\":\"WebPage\",\"@id\":\"https:\\\/\\\/www.lactissima.com\\\/a-tire-d-ailes\\\/allaiter-travailler-temoignage-delodie\\\/\",\"url\":\"https:\\\/\\\/www.lactissima.com\\\/a-tire-d-ailes\\\/allaiter-travailler-temoignage-delodie\\\/\",\"name\":\"Allaiter et travailler : le t\u00e9moignage d'Elodie\",\"isPartOf\":{\"@id\":\"https:\\\/\\\/www.lactissima.com\\\/a-tire-d-ailes\\\/#website\"},\"primaryImageOfPage\":{\"@id\":\"https:\\\/\\\/www.lactissima.com\\\/a-tire-d-ailes\\\/allaiter-travailler-temoignage-delodie\\\/#primaryimage\"},\"image\":{\"@id\":\"https:\\\/\\\/www.lactissima.com\\\/a-tire-d-ailes\\\/allaiter-travailler-temoignage-delodie\\\/#primaryimage\"},\"thumbnailUrl\":\"https:\\\/\\\/www.lactissima.com\\\/a-tire-d-ailes\\\/wp-content\\\/uploads\\\/2016\\\/11\\\/\u00e9lodie.jpg\",\"datePublished\":\"2016-11-10T08:31:16+00:00\",\"author\":{\"@id\":\"https:\\\/\\\/www.lactissima.com\\\/a-tire-d-ailes\\\/#\\\/schema\\\/person\\\/8f98d3a89530861bc1240e6d53d44eed\"},\"description\":\"Elodie avait peur du tire-lait mais la naissance pr\u00e9matur\u00e9e de son fils l'a familiaris\u00e9e avec et elle a d\u00e9cid\u00e9 de s'en resservir \u00e0 la reprise du travail.\",\"breadcrumb\":{\"@id\":\"https:\\\/\\\/www.lactissima.com\\\/a-tire-d-ailes\\\/allaiter-travailler-temoignage-delodie\\\/#breadcrumb\"},\"inLanguage\":\"fr-FR\",\"potentialAction\":[{\"@type\":\"ReadAction\",\"target\":[\"https:\\\/\\\/www.lactissima.com\\\/a-tire-d-ailes\\\/allaiter-travailler-temoignage-delodie\\\/\"]}]},{\"@type\":\"ImageObject\",\"inLanguage\":\"fr-FR\",\"@id\":\"https:\\\/\\\/www.lactissima.com\\\/a-tire-d-ailes\\\/allaiter-travailler-temoignage-delodie\\\/#primaryimage\",\"url\":\"https:\\\/\\\/www.lactissima.com\\\/a-tire-d-ailes\\\/wp-content\\\/uploads\\\/2016\\\/11\\\/\u00e9lodie.jpg\",\"contentUrl\":\"https:\\\/\\\/www.lactissima.com\\\/a-tire-d-ailes\\\/wp-content\\\/uploads\\\/2016\\\/11\\\/\u00e9lodie.jpg\",\"width\":364,\"height\":274},{\"@type\":\"BreadcrumbList\",\"@id\":\"https:\\\/\\\/www.lactissima.com\\\/a-tire-d-ailes\\\/allaiter-travailler-temoignage-delodie\\\/#breadcrumb\",\"itemListElement\":[{\"@type\":\"ListItem\",\"position\":1,\"name\":\"Accueil\",\"item\":\"https:\\\/\\\/www.lactissima.com\\\/a-tire-d-ailes\\\/\"},{\"@type\":\"ListItem\",\"position\":2,\"name\":\"Allaiter et travailler : le t\u00e9moignage d&rsquo;Elodie\"}]},{\"@type\":\"WebSite\",\"@id\":\"https:\\\/\\\/www.lactissima.com\\\/a-tire-d-ailes\\\/#website\",\"url\":\"https:\\\/\\\/www.lactissima.com\\\/a-tire-d-ailes\\\/\",\"name\":\"A tire d&#039;Ailes\",\"description\":\"Le blog des femmes qui allaitent et travaillent.\",\"potentialAction\":[{\"@type\":\"SearchAction\",\"target\":{\"@type\":\"EntryPoint\",\"urlTemplate\":\"https:\\\/\\\/www.lactissima.com\\\/a-tire-d-ailes\\\/?s={search_term_string}\"},\"query-input\":{\"@type\":\"PropertyValueSpecification\",\"valueRequired\":true,\"valueName\":\"search_term_string\"}}],\"inLanguage\":\"fr-FR\"},{\"@type\":\"Person\",\"@id\":\"https:\\\/\\\/www.lactissima.com\\\/a-tire-d-ailes\\\/#\\\/schema\\\/person\\\/8f98d3a89530861bc1240e6d53d44eed\",\"name\":\"V\u00e9ronique Darmangeat\",\"image\":{\"@type\":\"ImageObject\",\"inLanguage\":\"fr-FR\",\"@id\":\"https:\\\/\\\/secure.gravatar.com\\\/avatar\\\/268c99344c89cebfe4f5df5fa8be43068a18884fc76a29f3206fae98465b9cab?s=96&d=identicon&r=g\",\"url\":\"https:\\\/\\\/secure.gravatar.com\\\/avatar\\\/268c99344c89cebfe4f5df5fa8be43068a18884fc76a29f3206fae98465b9cab?s=96&d=identicon&r=g\",\"contentUrl\":\"https:\\\/\\\/secure.gravatar.com\\\/avatar\\\/268c99344c89cebfe4f5df5fa8be43068a18884fc76a29f3206fae98465b9cab?s=96&d=identicon&r=g\",\"caption\":\"V\u00e9ronique Darmangeat\"},\"sameAs\":[\"https:\\\/\\\/www.lactissima.com\\\/a-tire-d-ailes\",\"www.facebook.com\\\/consultante.en.lactation\"]}]}<\/script>\n<!-- \/ Yoast SEO plugin. -->","yoast_head_json":{"title":"Allaiter et travailler : le t\u00e9moignage d'Elodie","description":"Elodie avait peur du tire-lait mais la naissance pr\u00e9matur\u00e9e de son fils l'a familiaris\u00e9e avec et elle a d\u00e9cid\u00e9 de s'en resservir \u00e0 la reprise du travail.","robots":{"index":"index","follow":"follow","max-snippet":"max-snippet:-1","max-image-preview":"max-image-preview:large","max-video-preview":"max-video-preview:-1"},"canonical":"https:\/\/www.lactissima.com\/a-tire-d-ailes\/allaiter-travailler-temoignage-delodie\/","og_locale":"fr_FR","og_type":"article","og_title":"Allaiter et travailler : le t\u00e9moignage d'Elodie","og_description":"Elodie avait peur du tire-lait mais la naissance pr\u00e9matur\u00e9e de son fils l'a familiaris\u00e9e avec et elle a d\u00e9cid\u00e9 de s'en resservir \u00e0 la reprise du travail.","og_url":"https:\/\/www.lactissima.com\/a-tire-d-ailes\/allaiter-travailler-temoignage-delodie\/","og_site_name":"A tire d&#039;Ailes","article_publisher":"https:\/\/www.facebook.com\/consultante.en.lactation","article_author":"www.facebook.com\/consultante.en.lactation","article_published_time":"2016-11-10T08:31:16+00:00","og_image":[{"width":364,"height":274,"url":"https:\/\/www.lactissima.com\/a-tire-d-ailes\/wp-content\/uploads\/2016\/11\/\u00e9lodie.jpg","type":"image\/jpeg"}],"author":"V\u00e9ronique Darmangeat","twitter_card":"summary_large_image","twitter_creator":"@VeroniqueIBCLC","twitter_site":"@VeroniqueIBCLC","twitter_misc":{"\u00c9crit par":"V\u00e9ronique Darmangeat","Dur\u00e9e de lecture estim\u00e9e":"2 minutes"},"schema":{"@context":"https:\/\/schema.org","@graph":[{"@type":"Article","@id":"https:\/\/www.lactissima.com\/a-tire-d-ailes\/allaiter-travailler-temoignage-delodie\/#article","isPartOf":{"@id":"https:\/\/www.lactissima.com\/a-tire-d-ailes\/allaiter-travailler-temoignage-delodie\/"},"author":{"name":"V\u00e9ronique Darmangeat","@id":"https:\/\/www.lactissima.com\/a-tire-d-ailes\/#\/schema\/person\/8f98d3a89530861bc1240e6d53d44eed"},"headline":"Allaiter et travailler : le t\u00e9moignage d&rsquo;Elodie","datePublished":"2016-11-10T08:31:16+00:00","mainEntityOfPage":{"@id":"https:\/\/www.lactissima.com\/a-tire-d-ailes\/allaiter-travailler-temoignage-delodie\/"},"wordCount":381,"commentCount":1,"image":{"@id":"https:\/\/www.lactissima.com\/a-tire-d-ailes\/allaiter-travailler-temoignage-delodie\/#primaryimage"},"thumbnailUrl":"https:\/\/www.lactissima.com\/a-tire-d-ailes\/wp-content\/uploads\/2016\/11\/\u00e9lodie.jpg","articleSection":["t\u00e9moignages"],"inLanguage":"fr-FR","potentialAction":[{"@type":"CommentAction","name":"Comment","target":["https:\/\/www.lactissima.com\/a-tire-d-ailes\/allaiter-travailler-temoignage-delodie\/#respond"]}]},{"@type":"WebPage","@id":"https:\/\/www.lactissima.com\/a-tire-d-ailes\/allaiter-travailler-temoignage-delodie\/","url":"https:\/\/www.lactissima.com\/a-tire-d-ailes\/allaiter-travailler-temoignage-delodie\/","name":"Allaiter et travailler : le t\u00e9moignage d'Elodie","isPartOf":{"@id":"https:\/\/www.lactissima.com\/a-tire-d-ailes\/#website"},"primaryImageOfPage":{"@id":"https:\/\/www.lactissima.com\/a-tire-d-ailes\/allaiter-travailler-temoignage-delodie\/#primaryimage"},"image":{"@id":"https:\/\/www.lactissima.com\/a-tire-d-ailes\/allaiter-travailler-temoignage-delodie\/#primaryimage"},"thumbnailUrl":"https:\/\/www.lactissima.com\/a-tire-d-ailes\/wp-content\/uploads\/2016\/11\/\u00e9lodie.jpg","datePublished":"2016-11-10T08:31:16+00:00","author":{"@id":"https:\/\/www.lactissima.com\/a-tire-d-ailes\/#\/schema\/person\/8f98d3a89530861bc1240e6d53d44eed"},"description":"Elodie avait peur du tire-lait mais la naissance pr\u00e9matur\u00e9e de son fils l'a familiaris\u00e9e avec et elle a d\u00e9cid\u00e9 de s'en resservir \u00e0 la reprise du travail.","breadcrumb":{"@id":"https:\/\/www.lactissima.com\/a-tire-d-ailes\/allaiter-travailler-temoignage-delodie\/#breadcrumb"},"inLanguage":"fr-FR","potentialAction":[{"@type":"ReadAction","target":["https:\/\/www.lactissima.com\/a-tire-d-ailes\/allaiter-travailler-temoignage-delodie\/"]}]},{"@type":"ImageObject","inLanguage":"fr-FR","@id":"https:\/\/www.lactissima.com\/a-tire-d-ailes\/allaiter-travailler-temoignage-delodie\/#primaryimage","url":"https:\/\/www.lactissima.com\/a-tire-d-ailes\/wp-content\/uploads\/2016\/11\/\u00e9lodie.jpg","contentUrl":"https:\/\/www.lactissima.com\/a-tire-d-ailes\/wp-content\/uploads\/2016\/11\/\u00e9lodie.jpg","width":364,"height":274},{"@type":"BreadcrumbList","@id":"https:\/\/www.lactissima.com\/a-tire-d-ailes\/allaiter-travailler-temoignage-delodie\/#breadcrumb","itemListElement":[{"@type":"ListItem","position":1,"name":"Accueil","item":"https:\/\/www.lactissima.com\/a-tire-d-ailes\/"},{"@type":"ListItem","position":2,"name":"Allaiter et travailler : le t\u00e9moignage d&rsquo;Elodie"}]},{"@type":"WebSite","@id":"https:\/\/www.lactissima.com\/a-tire-d-ailes\/#website","url":"https:\/\/www.lactissima.com\/a-tire-d-ailes\/","name":"A tire d&#039;Ailes","description":"Le blog des femmes qui allaitent et travaillent.","potentialAction":[{"@type":"SearchAction","target":{"@type":"EntryPoint","urlTemplate":"https:\/\/www.lactissima.com\/a-tire-d-ailes\/?s={search_term_string}"},"query-input":{"@type":"PropertyValueSpecification","valueRequired":true,"valueName":"search_term_string"}}],"inLanguage":"fr-FR"},{"@type":"Person","@id":"https:\/\/www.lactissima.com\/a-tire-d-ailes\/#\/schema\/person\/8f98d3a89530861bc1240e6d53d44eed","name":"V\u00e9ronique Darmangeat","image":{"@type":"ImageObject","inLanguage":"fr-FR","@id":"https:\/\/secure.gravatar.com\/avatar\/268c99344c89cebfe4f5df5fa8be43068a18884fc76a29f3206fae98465b9cab?s=96&d=identicon&r=g","url":"https:\/\/secure.gravatar.com\/avatar\/268c99344c89cebfe4f5df5fa8be43068a18884fc76a29f3206fae98465b9cab?s=96&d=identicon&r=g","contentUrl":"https:\/\/secure.gravatar.com\/avatar\/268c99344c89cebfe4f5df5fa8be43068a18884fc76a29f3206fae98465b9cab?s=96&d=identicon&r=g","caption":"V\u00e9ronique Darmangeat"},"sameAs":["https:\/\/www.lactissima.com\/a-tire-d-ailes","www.facebook.com\/consultante.en.lactation"]}]}},"_links":{"self":[{"href":"https:\/\/www.lactissima.com\/a-tire-d-ailes\/wp-json\/wp\/v2\/posts\/6932","targetHints":{"allow":["GET"]}}],"collection":[{"href":"https:\/\/www.lactissima.com\/a-tire-d-ailes\/wp-json\/wp\/v2\/posts"}],"about":[{"href":"https:\/\/www.lactissima.com\/a-tire-d-ailes\/wp-json\/wp\/v2\/types\/post"}],"author":[{"embeddable":true,"href":"https:\/\/www.lactissima.com\/a-tire-d-ailes\/wp-json\/wp\/v2\/users\/170"}],"replies":[{"embeddable":true,"href":"https:\/\/www.lactissima.com\/a-tire-d-ailes\/wp-json\/wp\/v2\/comments?post=6932"}],"version-history":[{"count":1,"href":"https:\/\/www.lactissima.com\/a-tire-d-ailes\/wp-json\/wp\/v2\/posts\/6932\/revisions"}],"predecessor-version":[{"id":6934,"href":"https:\/\/www.lactissima.com\/a-tire-d-ailes\/wp-json\/wp\/v2\/posts\/6932\/revisions\/6934"}],"wp:featuredmedia":[{"embeddable":true,"href":"https:\/\/www.lactissima.com\/a-tire-d-ailes\/wp-json\/wp\/v2\/media\/6933"}],"wp:attachment":[{"href":"https:\/\/www.lactissima.com\/a-tire-d-ailes\/wp-json\/wp\/v2\/media?parent=6932"}],"wp:term":[{"taxonomy":"category","embeddable":true,"href":"https:\/\/www.lactissima.com\/a-tire-d-ailes\/wp-json\/wp\/v2\/categories?post=6932"},{"taxonomy":"post_tag","embeddable":true,"href":"https:\/\/www.lactissima.com\/a-tire-d-ailes\/wp-json\/wp\/v2\/tags?post=6932"}],"curies":[{"name":"wp","href":"https:\/\/api.w.org\/{rel}","templated":true}]}}