{"id":6925,"date":"2016-11-03T08:17:00","date_gmt":"2016-11-03T07:17:00","guid":{"rendered":"https:\/\/www.lactissima.com\/a-tire-d-ailes\/?p=6925"},"modified":"2016-11-03T08:17:00","modified_gmt":"2016-11-03T07:17:00","slug":"suisse-temoignage-de-petronille","status":"publish","type":"post","link":"https:\/\/www.lactissima.com\/a-tire-d-ailes\/suisse-temoignage-de-petronille\/","title":{"rendered":"Suisse : le t\u00e9moignage de P\u00e9tronille"},"content":{"rendered":"<ul>\n<li dir=\"ltr\" style=\"text-align: justify;\"><strong><img loading=\"lazy\" decoding=\"async\" class=\"alignright size-full wp-image-6926\" src=\"https:\/\/www.lactissima.com\/a-tire-d-ailes\/wp-content\/uploads\/2016\/11\/p\u00e9tronille.jpg\" alt=\"allaitement et travail\" width=\"270\" height=\"404\" srcset=\"https:\/\/www.lactissima.com\/a-tire-d-ailes\/wp-content\/uploads\/2016\/11\/p\u00e9tronille.jpg 270w, https:\/\/www.lactissima.com\/a-tire-d-ailes\/wp-content\/uploads\/2016\/11\/p\u00e9tronille-200x300.jpg 200w\" sizes=\"(max-width: 270px) 100vw, 270px\" \/>Dans quel pays travaillez vous ? Connaissez vous la l\u00e9gislation locale en mati\u00e8re de cong\u00e9s maternit\u00e9, cong\u00e9s allaitement, pauses d&rsquo;allaitement ?<\/strong><\/li>\n<\/ul>\n<p dir=\"ltr\" style=\"text-align: justify;\">Je vis en Suisse. Le cong\u00e9 maternit\u00e9 est de 14 semaines minimum, (sauf erreur) et 2 semaines qui peuvent \u00eatre prise avant, soit 16 semaines en tout. Mon entreprise donnait 16 semaines apr\u00e8s l&rsquo;accouchement, et encore 1 mois avec un certificat d&rsquo;allaitement (depuis peu c&rsquo;est 5 mois d&rsquo;office sans avoir besoin de fournir un certificat d allaitement !). De plus il est ais\u00e9 de prendre des semaines de vacances \u00e0 la suite, voir un cong\u00e9 non pay\u00e9. Je suis infirmi\u00e8re.<\/p>\n<p dir=\"ltr\" style=\"text-align: justify;\">\n<ul style=\"text-align: justify;\">\n<li><strong>Quel choix avez-vous fait au moment de la reprise du travail : sevrage ou poursuite de l&rsquo;allaitement ? Pourquoi ?<\/strong><\/li>\n<\/ul>\n<p dir=\"ltr\" style=\"text-align: justify;\">Pour mon 1er enfant, n\u00e9 en 2008, j&rsquo;ai pu prendre 6 mois. J&rsquo;ai tir\u00e9 mon lait jusque vers ses 13 mois sauf erreur, et l&rsquo;ai diversifi\u00e9 juste avant de reprendre le travail.<br \/>\nMon job est en 12 h, nuit, jour, week-end&#8230; Sauf que pour les femmes enceintes et allaitantes ce n&rsquo;est pas l\u00e9gal, et du coup d\u00e8s qu&rsquo;on est enceinte ou qu&rsquo;on allaite (et qu&rsquo;on l&rsquo;a d\u00e9clar\u00e9 \u00e0 notre sup\u00e9rieur), nous sommes astreint \u00e0 des journ\u00e9es de 8h30, et nos chefs doivent trouver quelqu&rsquo;un qui veut bien faire les 4 h manquantes&#8230; Comme je ne voulais pas faire de nuits au d\u00e9but (mon fils se r\u00e9veillant toutes les 2h), j ai d\u00e9clar\u00e9 mon allaitement&#8230; Ce qui me faisait plus de jour \u00e0 travailler, donc moins de jours avec mon fils&#8230; De plus c&rsquo;est mal per\u00e7u de certains coll\u00e8gues de ne pas travailler en 12 h. Je me rappelle que certains ne comprenaient pas que je n&rsquo;aie pas tout fini !  A contrario, j&rsquo;avais une coll\u00e8gue qui me rappelait d&rsquo;aller tirer ! (\u00c3\u2021a reste mon meilleurs souvenir !)<br \/>\nMais dans l&rsquo;ensemble \u00e7a se passait pas trop mal, et j&rsquo;ai b\u00e9n\u00e9fici\u00e9 du local de pause pour pouvoir tirer mon lait. Au bout de 7 mois, j ai d\u00e9clar\u00e9 mon fils \u00ab\u00a0en cours de sevrage\u00a0\u00bb (en r\u00e9alit\u00e9 il a t\u00e9t\u00e9 plus de 2ans !), et j&rsquo;ai pu reprendre les 12 h, et j&rsquo;ai progressivement arr\u00eat\u00e9 de tirer mon lait ne le faisant que pour mon propre confort, de toute fa\u00e7on mon fils \u00e9tait un tr\u00e8s mauvais buveur au biberon, (d&rsquo;autres technique pour le lui donner n&rsquo;\u00e9taient pas envisageable pour la maman de jour puis la garderie).<br \/>\nJe travaillais \u00e0 90%, puis quand j&rsquo;ai repris les 12 h je suis aussi pass\u00e9e \u00e0 70%.<\/p>\n<p dir=\"ltr\" style=\"text-align: justify;\">Pour mon 2\u00e8me n\u00e9 en 2010, j ai pris 11 mois de cong\u00e9, et je n&rsquo;ai pas d\u00e9clar\u00e9 mon allaitement, et allait tirer discr\u00e8tement, mais je ne l&rsquo;ai pas fait tr\u00e8s longtemps, car il ne prenait presque rien au biberon \ud83d\ude09 je travaillais \u00e0 60%.<\/p>\n<p dir=\"ltr\" style=\"text-align: justify;\">Pour ma 3\u00e8me, n\u00e9e en 2013, je n&rsquo;ai repris que des remplacements, max un jour par semaine, du coup je tirais discr\u00e8tement, mais comme ses fr\u00e8res, le biberon n&rsquo;\u00e9tait pas son ami \ud83d\ude09<\/p>\n<p dir=\"ltr\" style=\"text-align: justify;\">Pour ma 4\u00e8me je n ai pas encore repris le travail, et je ferai comme pour ma 3\u00e8me.<\/p>\n<p dir=\"ltr\" style=\"text-align: justify;\">\n<ul style=\"text-align: justify;\">\n<li><strong>Ce serait \u00e0 refaire, vous referiez le m\u00eame choix ? Que changeriez-vous ?<\/strong><\/li>\n<\/ul>\n<p dir=\"ltr\" style=\"text-align: justify;\">Si c&rsquo;\u00e9tait \u00e0 refaire, je ne changerais rien, ou presque, c&rsquo;\u00e9tait \u00e0 chaque fois la moins mauvaise solution ! Peut-\u00eatre que j&rsquo;aurais demand\u00e9 plus vite ma diminution de pourcentage pour mon 1er, m\u00eame si financi\u00e8rement c&rsquo;\u00e9tait gal\u00e8re&#8230;<\/p>\n<p dir=\"ltr\">\n<p><strong>Articles en rapport :<\/strong><\/p>\n<ul>\n<li>Voir l&rsquo;onglet <a href=\"https:\/\/www.lactissima.com\/a-tire-d-ailes\/temoignages-travail-et-allaitement\/\" target=\"_blank\">t\u00e9moignages<\/a><\/li>\n<\/ul>\n<div class='et-box et-shadow'>\n\t\t\t\t\t<div class='et-box-content'>Lire des articles ou poser des questions en commentaire ne suffit pas \u00e0 r\u00e9soudre votre probl\u00e8me ?\nSavez-vous que vous pouvez prendre RDV pour une consultation avec moi ?\nN&rsquo;h\u00e9sitez pas \u00e0 me contacter !<\/div><\/div>\n<p>&nbsp;<\/p>\n","protected":false},"excerpt":{"rendered":"<p>Dans quel pays travaillez vous ? Connaissez vous la l\u00e9gislation locale en mati\u00e8re de cong\u00e9s maternit\u00e9, cong\u00e9s allaitement, pauses d&rsquo;allaitement ? Je vis en Suisse. Le cong\u00e9 maternit\u00e9 est de 14 semaines minimum, (sauf erreur) et 2 semaines qui peuvent \u00eatre prise avant, soit 16 semaines en tout. Mon entreprise donnait 16 semaines apr\u00e8s l&rsquo;accouchement, [&hellip;]<\/p>\n","protected":false},"author":170,"featured_media":6926,"comment_status":"open","ping_status":"open","sticky":false,"template":"","format":"standard","meta":{"_et_pb_use_builder":"","_et_pb_old_content":"","_et_gb_content_width":"","footnotes":""},"categories":[150],"tags":[],"class_list":["post-6925","post","type-post","status-publish","format-standard","has-post-thumbnail","hentry","category-temoignages"],"yoast_head":"<!-- This site is optimized with the Yoast SEO plugin v27.4 - https:\/\/yoast.com\/product\/yoast-seo-wordpress\/ -->\n<title>Suisse : le t\u00e9moignage de P\u00e9tronille<\/title>\n<meta name=\"description\" content=\"P\u00e9tronille a 4 enfants et a repris le travail en allaitant dans des conditions diff\u00e9rentes pour chaque enfant.\" \/>\n<meta name=\"robots\" content=\"index, follow, max-snippet:-1, max-image-preview:large, max-video-preview:-1\" \/>\n<link rel=\"canonical\" href=\"https:\/\/www.lactissima.com\/a-tire-d-ailes\/suisse-temoignage-de-petronille\/\" \/>\n<meta property=\"og:locale\" content=\"fr_FR\" \/>\n<meta property=\"og:type\" content=\"article\" \/>\n<meta property=\"og:title\" content=\"Suisse : le t\u00e9moignage de P\u00e9tronille\" \/>\n<meta property=\"og:description\" content=\"P\u00e9tronille a 4 enfants et a repris le travail en allaitant dans des conditions diff\u00e9rentes pour chaque enfant.\" \/>\n<meta property=\"og:url\" content=\"https:\/\/www.lactissima.com\/a-tire-d-ailes\/suisse-temoignage-de-petronille\/\" \/>\n<meta property=\"og:site_name\" content=\"A tire d&#039;Ailes\" \/>\n<meta property=\"article:publisher\" content=\"https:\/\/www.facebook.com\/consultante.en.lactation\" \/>\n<meta property=\"article:author\" content=\"www.facebook.com\/consultante.en.lactation\" \/>\n<meta property=\"article:published_time\" content=\"2016-11-03T07:17:00+00:00\" \/>\n<meta property=\"og:image\" content=\"https:\/\/www.lactissima.com\/a-tire-d-ailes\/wp-content\/uploads\/2016\/11\/p\u00e9tronille.jpg\" \/>\n\t<meta property=\"og:image:width\" content=\"270\" \/>\n\t<meta property=\"og:image:height\" content=\"404\" \/>\n\t<meta property=\"og:image:type\" content=\"image\/jpeg\" \/>\n<meta name=\"author\" content=\"V\u00e9ronique Darmangeat\" \/>\n<meta name=\"twitter:card\" content=\"summary_large_image\" \/>\n<meta name=\"twitter:creator\" content=\"@VeroniqueIBCLC\" \/>\n<meta name=\"twitter:site\" content=\"@VeroniqueIBCLC\" \/>\n<meta name=\"twitter:label1\" content=\"\u00c9crit par\" \/>\n\t<meta name=\"twitter:data1\" content=\"V\u00e9ronique Darmangeat\" \/>\n\t<meta name=\"twitter:label2\" content=\"Dur\u00e9e de lecture estim\u00e9e\" \/>\n\t<meta name=\"twitter:data2\" content=\"3 minutes\" \/>\n<script type=\"application\/ld+json\" class=\"yoast-schema-graph\">{\"@context\":\"https:\\\/\\\/schema.org\",\"@graph\":[{\"@type\":\"Article\",\"@id\":\"https:\\\/\\\/www.lactissima.com\\\/a-tire-d-ailes\\\/suisse-temoignage-de-petronille\\\/#article\",\"isPartOf\":{\"@id\":\"https:\\\/\\\/www.lactissima.com\\\/a-tire-d-ailes\\\/suisse-temoignage-de-petronille\\\/\"},\"author\":{\"name\":\"V\u00e9ronique Darmangeat\",\"@id\":\"https:\\\/\\\/www.lactissima.com\\\/a-tire-d-ailes\\\/#\\\/schema\\\/person\\\/8f98d3a89530861bc1240e6d53d44eed\"},\"headline\":\"Suisse : le t\u00e9moignage de P\u00e9tronille\",\"datePublished\":\"2016-11-03T07:17:00+00:00\",\"mainEntityOfPage\":{\"@id\":\"https:\\\/\\\/www.lactissima.com\\\/a-tire-d-ailes\\\/suisse-temoignage-de-petronille\\\/\"},\"wordCount\":636,\"commentCount\":0,\"image\":{\"@id\":\"https:\\\/\\\/www.lactissima.com\\\/a-tire-d-ailes\\\/suisse-temoignage-de-petronille\\\/#primaryimage\"},\"thumbnailUrl\":\"https:\\\/\\\/www.lactissima.com\\\/a-tire-d-ailes\\\/wp-content\\\/uploads\\\/2016\\\/11\\\/p\u00e9tronille.jpg\",\"articleSection\":[\"t\u00e9moignages\"],\"inLanguage\":\"fr-FR\",\"potentialAction\":[{\"@type\":\"CommentAction\",\"name\":\"Comment\",\"target\":[\"https:\\\/\\\/www.lactissima.com\\\/a-tire-d-ailes\\\/suisse-temoignage-de-petronille\\\/#respond\"]}]},{\"@type\":\"WebPage\",\"@id\":\"https:\\\/\\\/www.lactissima.com\\\/a-tire-d-ailes\\\/suisse-temoignage-de-petronille\\\/\",\"url\":\"https:\\\/\\\/www.lactissima.com\\\/a-tire-d-ailes\\\/suisse-temoignage-de-petronille\\\/\",\"name\":\"Suisse : le t\u00e9moignage de P\u00e9tronille\",\"isPartOf\":{\"@id\":\"https:\\\/\\\/www.lactissima.com\\\/a-tire-d-ailes\\\/#website\"},\"primaryImageOfPage\":{\"@id\":\"https:\\\/\\\/www.lactissima.com\\\/a-tire-d-ailes\\\/suisse-temoignage-de-petronille\\\/#primaryimage\"},\"image\":{\"@id\":\"https:\\\/\\\/www.lactissima.com\\\/a-tire-d-ailes\\\/suisse-temoignage-de-petronille\\\/#primaryimage\"},\"thumbnailUrl\":\"https:\\\/\\\/www.lactissima.com\\\/a-tire-d-ailes\\\/wp-content\\\/uploads\\\/2016\\\/11\\\/p\u00e9tronille.jpg\",\"datePublished\":\"2016-11-03T07:17:00+00:00\",\"author\":{\"@id\":\"https:\\\/\\\/www.lactissima.com\\\/a-tire-d-ailes\\\/#\\\/schema\\\/person\\\/8f98d3a89530861bc1240e6d53d44eed\"},\"description\":\"P\u00e9tronille a 4 enfants et a repris le travail en allaitant dans des conditions diff\u00e9rentes pour chaque enfant.\",\"breadcrumb\":{\"@id\":\"https:\\\/\\\/www.lactissima.com\\\/a-tire-d-ailes\\\/suisse-temoignage-de-petronille\\\/#breadcrumb\"},\"inLanguage\":\"fr-FR\",\"potentialAction\":[{\"@type\":\"ReadAction\",\"target\":[\"https:\\\/\\\/www.lactissima.com\\\/a-tire-d-ailes\\\/suisse-temoignage-de-petronille\\\/\"]}]},{\"@type\":\"ImageObject\",\"inLanguage\":\"fr-FR\",\"@id\":\"https:\\\/\\\/www.lactissima.com\\\/a-tire-d-ailes\\\/suisse-temoignage-de-petronille\\\/#primaryimage\",\"url\":\"https:\\\/\\\/www.lactissima.com\\\/a-tire-d-ailes\\\/wp-content\\\/uploads\\\/2016\\\/11\\\/p\u00e9tronille.jpg\",\"contentUrl\":\"https:\\\/\\\/www.lactissima.com\\\/a-tire-d-ailes\\\/wp-content\\\/uploads\\\/2016\\\/11\\\/p\u00e9tronille.jpg\",\"width\":270,\"height\":404,\"caption\":\"allaitement et travail\"},{\"@type\":\"BreadcrumbList\",\"@id\":\"https:\\\/\\\/www.lactissima.com\\\/a-tire-d-ailes\\\/suisse-temoignage-de-petronille\\\/#breadcrumb\",\"itemListElement\":[{\"@type\":\"ListItem\",\"position\":1,\"name\":\"Accueil\",\"item\":\"https:\\\/\\\/www.lactissima.com\\\/a-tire-d-ailes\\\/\"},{\"@type\":\"ListItem\",\"position\":2,\"name\":\"Suisse : le t\u00e9moignage de P\u00e9tronille\"}]},{\"@type\":\"WebSite\",\"@id\":\"https:\\\/\\\/www.lactissima.com\\\/a-tire-d-ailes\\\/#website\",\"url\":\"https:\\\/\\\/www.lactissima.com\\\/a-tire-d-ailes\\\/\",\"name\":\"A tire d&#039;Ailes\",\"description\":\"Le blog des femmes qui allaitent et travaillent.\",\"potentialAction\":[{\"@type\":\"SearchAction\",\"target\":{\"@type\":\"EntryPoint\",\"urlTemplate\":\"https:\\\/\\\/www.lactissima.com\\\/a-tire-d-ailes\\\/?s={search_term_string}\"},\"query-input\":{\"@type\":\"PropertyValueSpecification\",\"valueRequired\":true,\"valueName\":\"search_term_string\"}}],\"inLanguage\":\"fr-FR\"},{\"@type\":\"Person\",\"@id\":\"https:\\\/\\\/www.lactissima.com\\\/a-tire-d-ailes\\\/#\\\/schema\\\/person\\\/8f98d3a89530861bc1240e6d53d44eed\",\"name\":\"V\u00e9ronique Darmangeat\",\"image\":{\"@type\":\"ImageObject\",\"inLanguage\":\"fr-FR\",\"@id\":\"https:\\\/\\\/secure.gravatar.com\\\/avatar\\\/268c99344c89cebfe4f5df5fa8be43068a18884fc76a29f3206fae98465b9cab?s=96&d=identicon&r=g\",\"url\":\"https:\\\/\\\/secure.gravatar.com\\\/avatar\\\/268c99344c89cebfe4f5df5fa8be43068a18884fc76a29f3206fae98465b9cab?s=96&d=identicon&r=g\",\"contentUrl\":\"https:\\\/\\\/secure.gravatar.com\\\/avatar\\\/268c99344c89cebfe4f5df5fa8be43068a18884fc76a29f3206fae98465b9cab?s=96&d=identicon&r=g\",\"caption\":\"V\u00e9ronique Darmangeat\"},\"sameAs\":[\"https:\\\/\\\/www.lactissima.com\\\/a-tire-d-ailes\",\"www.facebook.com\\\/consultante.en.lactation\"]}]}<\/script>\n<!-- \/ Yoast SEO plugin. -->","yoast_head_json":{"title":"Suisse : le t\u00e9moignage de P\u00e9tronille","description":"P\u00e9tronille a 4 enfants et a repris le travail en allaitant dans des conditions diff\u00e9rentes pour chaque enfant.","robots":{"index":"index","follow":"follow","max-snippet":"max-snippet:-1","max-image-preview":"max-image-preview:large","max-video-preview":"max-video-preview:-1"},"canonical":"https:\/\/www.lactissima.com\/a-tire-d-ailes\/suisse-temoignage-de-petronille\/","og_locale":"fr_FR","og_type":"article","og_title":"Suisse : le t\u00e9moignage de P\u00e9tronille","og_description":"P\u00e9tronille a 4 enfants et a repris le travail en allaitant dans des conditions diff\u00e9rentes pour chaque enfant.","og_url":"https:\/\/www.lactissima.com\/a-tire-d-ailes\/suisse-temoignage-de-petronille\/","og_site_name":"A tire d&#039;Ailes","article_publisher":"https:\/\/www.facebook.com\/consultante.en.lactation","article_author":"www.facebook.com\/consultante.en.lactation","article_published_time":"2016-11-03T07:17:00+00:00","og_image":[{"width":270,"height":404,"url":"https:\/\/www.lactissima.com\/a-tire-d-ailes\/wp-content\/uploads\/2016\/11\/p\u00e9tronille.jpg","type":"image\/jpeg"}],"author":"V\u00e9ronique Darmangeat","twitter_card":"summary_large_image","twitter_creator":"@VeroniqueIBCLC","twitter_site":"@VeroniqueIBCLC","twitter_misc":{"\u00c9crit par":"V\u00e9ronique Darmangeat","Dur\u00e9e de lecture estim\u00e9e":"3 minutes"},"schema":{"@context":"https:\/\/schema.org","@graph":[{"@type":"Article","@id":"https:\/\/www.lactissima.com\/a-tire-d-ailes\/suisse-temoignage-de-petronille\/#article","isPartOf":{"@id":"https:\/\/www.lactissima.com\/a-tire-d-ailes\/suisse-temoignage-de-petronille\/"},"author":{"name":"V\u00e9ronique Darmangeat","@id":"https:\/\/www.lactissima.com\/a-tire-d-ailes\/#\/schema\/person\/8f98d3a89530861bc1240e6d53d44eed"},"headline":"Suisse : le t\u00e9moignage de P\u00e9tronille","datePublished":"2016-11-03T07:17:00+00:00","mainEntityOfPage":{"@id":"https:\/\/www.lactissima.com\/a-tire-d-ailes\/suisse-temoignage-de-petronille\/"},"wordCount":636,"commentCount":0,"image":{"@id":"https:\/\/www.lactissima.com\/a-tire-d-ailes\/suisse-temoignage-de-petronille\/#primaryimage"},"thumbnailUrl":"https:\/\/www.lactissima.com\/a-tire-d-ailes\/wp-content\/uploads\/2016\/11\/p\u00e9tronille.jpg","articleSection":["t\u00e9moignages"],"inLanguage":"fr-FR","potentialAction":[{"@type":"CommentAction","name":"Comment","target":["https:\/\/www.lactissima.com\/a-tire-d-ailes\/suisse-temoignage-de-petronille\/#respond"]}]},{"@type":"WebPage","@id":"https:\/\/www.lactissima.com\/a-tire-d-ailes\/suisse-temoignage-de-petronille\/","url":"https:\/\/www.lactissima.com\/a-tire-d-ailes\/suisse-temoignage-de-petronille\/","name":"Suisse : le t\u00e9moignage de P\u00e9tronille","isPartOf":{"@id":"https:\/\/www.lactissima.com\/a-tire-d-ailes\/#website"},"primaryImageOfPage":{"@id":"https:\/\/www.lactissima.com\/a-tire-d-ailes\/suisse-temoignage-de-petronille\/#primaryimage"},"image":{"@id":"https:\/\/www.lactissima.com\/a-tire-d-ailes\/suisse-temoignage-de-petronille\/#primaryimage"},"thumbnailUrl":"https:\/\/www.lactissima.com\/a-tire-d-ailes\/wp-content\/uploads\/2016\/11\/p\u00e9tronille.jpg","datePublished":"2016-11-03T07:17:00+00:00","author":{"@id":"https:\/\/www.lactissima.com\/a-tire-d-ailes\/#\/schema\/person\/8f98d3a89530861bc1240e6d53d44eed"},"description":"P\u00e9tronille a 4 enfants et a repris le travail en allaitant dans des conditions diff\u00e9rentes pour chaque enfant.","breadcrumb":{"@id":"https:\/\/www.lactissima.com\/a-tire-d-ailes\/suisse-temoignage-de-petronille\/#breadcrumb"},"inLanguage":"fr-FR","potentialAction":[{"@type":"ReadAction","target":["https:\/\/www.lactissima.com\/a-tire-d-ailes\/suisse-temoignage-de-petronille\/"]}]},{"@type":"ImageObject","inLanguage":"fr-FR","@id":"https:\/\/www.lactissima.com\/a-tire-d-ailes\/suisse-temoignage-de-petronille\/#primaryimage","url":"https:\/\/www.lactissima.com\/a-tire-d-ailes\/wp-content\/uploads\/2016\/11\/p\u00e9tronille.jpg","contentUrl":"https:\/\/www.lactissima.com\/a-tire-d-ailes\/wp-content\/uploads\/2016\/11\/p\u00e9tronille.jpg","width":270,"height":404,"caption":"allaitement et travail"},{"@type":"BreadcrumbList","@id":"https:\/\/www.lactissima.com\/a-tire-d-ailes\/suisse-temoignage-de-petronille\/#breadcrumb","itemListElement":[{"@type":"ListItem","position":1,"name":"Accueil","item":"https:\/\/www.lactissima.com\/a-tire-d-ailes\/"},{"@type":"ListItem","position":2,"name":"Suisse : le t\u00e9moignage de P\u00e9tronille"}]},{"@type":"WebSite","@id":"https:\/\/www.lactissima.com\/a-tire-d-ailes\/#website","url":"https:\/\/www.lactissima.com\/a-tire-d-ailes\/","name":"A tire d&#039;Ailes","description":"Le blog des femmes qui allaitent et travaillent.","potentialAction":[{"@type":"SearchAction","target":{"@type":"EntryPoint","urlTemplate":"https:\/\/www.lactissima.com\/a-tire-d-ailes\/?s={search_term_string}"},"query-input":{"@type":"PropertyValueSpecification","valueRequired":true,"valueName":"search_term_string"}}],"inLanguage":"fr-FR"},{"@type":"Person","@id":"https:\/\/www.lactissima.com\/a-tire-d-ailes\/#\/schema\/person\/8f98d3a89530861bc1240e6d53d44eed","name":"V\u00e9ronique Darmangeat","image":{"@type":"ImageObject","inLanguage":"fr-FR","@id":"https:\/\/secure.gravatar.com\/avatar\/268c99344c89cebfe4f5df5fa8be43068a18884fc76a29f3206fae98465b9cab?s=96&d=identicon&r=g","url":"https:\/\/secure.gravatar.com\/avatar\/268c99344c89cebfe4f5df5fa8be43068a18884fc76a29f3206fae98465b9cab?s=96&d=identicon&r=g","contentUrl":"https:\/\/secure.gravatar.com\/avatar\/268c99344c89cebfe4f5df5fa8be43068a18884fc76a29f3206fae98465b9cab?s=96&d=identicon&r=g","caption":"V\u00e9ronique Darmangeat"},"sameAs":["https:\/\/www.lactissima.com\/a-tire-d-ailes","www.facebook.com\/consultante.en.lactation"]}]}},"_links":{"self":[{"href":"https:\/\/www.lactissima.com\/a-tire-d-ailes\/wp-json\/wp\/v2\/posts\/6925","targetHints":{"allow":["GET"]}}],"collection":[{"href":"https:\/\/www.lactissima.com\/a-tire-d-ailes\/wp-json\/wp\/v2\/posts"}],"about":[{"href":"https:\/\/www.lactissima.com\/a-tire-d-ailes\/wp-json\/wp\/v2\/types\/post"}],"author":[{"embeddable":true,"href":"https:\/\/www.lactissima.com\/a-tire-d-ailes\/wp-json\/wp\/v2\/users\/170"}],"replies":[{"embeddable":true,"href":"https:\/\/www.lactissima.com\/a-tire-d-ailes\/wp-json\/wp\/v2\/comments?post=6925"}],"version-history":[{"count":2,"href":"https:\/\/www.lactissima.com\/a-tire-d-ailes\/wp-json\/wp\/v2\/posts\/6925\/revisions"}],"predecessor-version":[{"id":6928,"href":"https:\/\/www.lactissima.com\/a-tire-d-ailes\/wp-json\/wp\/v2\/posts\/6925\/revisions\/6928"}],"wp:featuredmedia":[{"embeddable":true,"href":"https:\/\/www.lactissima.com\/a-tire-d-ailes\/wp-json\/wp\/v2\/media\/6926"}],"wp:attachment":[{"href":"https:\/\/www.lactissima.com\/a-tire-d-ailes\/wp-json\/wp\/v2\/media?parent=6925"}],"wp:term":[{"taxonomy":"category","embeddable":true,"href":"https:\/\/www.lactissima.com\/a-tire-d-ailes\/wp-json\/wp\/v2\/categories?post=6925"},{"taxonomy":"post_tag","embeddable":true,"href":"https:\/\/www.lactissima.com\/a-tire-d-ailes\/wp-json\/wp\/v2\/tags?post=6925"}],"curies":[{"name":"wp","href":"https:\/\/api.w.org\/{rel}","templated":true}]}}