{"id":6910,"date":"2016-10-13T09:13:27","date_gmt":"2016-10-13T07:13:27","guid":{"rendered":"https:\/\/www.lactissima.com\/a-tire-d-ailes\/?p=6910"},"modified":"2016-10-13T09:13:27","modified_gmt":"2016-10-13T07:13:27","slug":"mon-bebe-refuse-le-biberon","status":"publish","type":"post","link":"https:\/\/www.lactissima.com\/a-tire-d-ailes\/mon-bebe-refuse-le-biberon\/","title":{"rendered":"Mon b\u00e9b\u00e9 prenait le biberon et maintenant il le refuse !"},"content":{"rendered":"<p style=\"text-align: justify;\"><img loading=\"lazy\" decoding=\"async\" class=\"alignright wp-image-6912 size-medium\" src=\"https:\/\/www.lactissima.com\/a-tire-d-ailes\/wp-content\/uploads\/2016\/10\/b\u00e9b\u00e9-refuse-200x300.jpg\" alt=\"refuse le biberon\" width=\"200\" height=\"300\" srcset=\"https:\/\/www.lactissima.com\/a-tire-d-ailes\/wp-content\/uploads\/2016\/10\/b\u00e9b\u00e9-refuse-200x300.jpg 200w, https:\/\/www.lactissima.com\/a-tire-d-ailes\/wp-content\/uploads\/2016\/10\/b\u00e9b\u00e9-refuse.jpg 426w\" sizes=\"(max-width: 200px) 100vw, 200px\" \/>Vous avez souhait\u00e9 introduire le biberon <strong>tr\u00e8s t\u00f4t<\/strong> pour \u00eatre s\u00fbre que votre b\u00e9b\u00e9 le prendrait. Il l&rsquo;a pris sans probl\u00e8me et du jour au lendemain, il le <strong>refuse<\/strong> sans que rien n&rsquo;ai chang\u00e9 dans la situation.<br \/>\nOu bien il prenait le biberon \u00e0 la cr\u00e8che ou chez l&rsquo;assistante maternelle et au retour des vacances il n&rsquo;en veut plus.<\/p>\n<p style=\"text-align: justify;\">Ce genre de situation <strong>n&rsquo;est pas rare du tout<\/strong> et c&rsquo;est bien pour cette raison que je ne conseille jamais d&rsquo;introduire le biberon t\u00f4t pour \u00eatre s\u00fbre que le b\u00e9b\u00e9 le prenne car ce n&rsquo;est en rien une garantie pour le futur.<\/p>\n<p style=\"text-align: justify;\">Si vous gardez en t\u00eate que <strong>c&rsquo;est votre enfant qui d\u00e9cide<\/strong> s&rsquo;il accepte ou non le biberon, la situation sera beaucoup plus simple. Souvenez-vous que votre b\u00e9b\u00e9 ne se laissera pas mourir de faim : soit il vous attendra et compensera en votre pr\u00e9sence, soit il pr\u00e9f\u00e9rera manger d&rsquo;une autre fa\u00e7on qu&rsquo;au biberon.<\/p>\n<p style=\"text-align: justify;\">La r\u00e8gle d&rsquo;or, c&rsquo;est de rester <strong>d\u00e9tendu<\/strong> et de faire confiance \u00e0 son b\u00e9b\u00e9. C&rsquo;est vrai pour vous, ses parents, mais \u00e9galement pour la personne qui s&rsquo;occupe de votre b\u00e9b\u00e9 durant votre absence. Plus les adultes sont d\u00e9tendus, mieux cela permet au b\u00e9b\u00e9 de trouver la solution qui lui convient.<\/p>\n<p style=\"text-align: justify;\">Et <strong>vous<\/strong>, avez-vous \u00e9t\u00e9 dans cette situation ?<\/p>\n<p style=\"text-align: justify;\"><strong>Articles en rapport :<\/strong><\/p>\n<ul>\n<li style=\"text-align: justify;\"><a href=\"https:\/\/www.lactissima.com\/a-tire-d-ailes\/bebe-refuse-le-biberon\/\" target=\"_blank\">Quand mon b\u00e9b\u00e9 refuse le biberon<\/a><\/li>\n<li style=\"text-align: justify;\"><a href=\"https:\/\/www.lactissima.com\/a-tire-d-ailes\/refus-du-biberon\/\" target=\"_blank\">8 trucs pour faire face au refus du biberon<\/a><\/li>\n<li style=\"text-align: justify;\"><a href=\"https:\/\/www.lactissima.com\/a-tire-d-ailes\/une-solution-meconnue-au-refus-du-biberon\/\" target=\"_blank\">Une solution m\u00e9connue au refus du biberon<\/a><\/li>\n<li style=\"text-align: justify;\"><a href=\"https:\/\/www.lactissima.com\/a-tire-d-ailes\/flan-de-lait-maternel-a-l-agar-agar\/\" target=\"_blank\">Faire un flan de lait maternel pour le b\u00e9b\u00e9 qui refuse le biberon<\/a><\/li>\n<\/ul>\n<div class='et-box et-shadow'>\n\t\t\t\t\t<div class='et-box-content'>Lire des articles ou poser des questions en commentaire ne suffit pas \u00e0 r\u00e9soudre votre probl\u00e8me ?\nSavez-vous que vous pouvez prendre RDV pour une consultation avec moi ?\nN&rsquo;h\u00e9sitez pas \u00e0 me contacter !<\/div><\/div>\n","protected":false},"excerpt":{"rendered":"<p>Vous avez souhait\u00e9 introduire le biberon tr\u00e8s t\u00f4t pour \u00eatre s\u00fbre que votre b\u00e9b\u00e9 le prendrait. Il l&rsquo;a pris sans probl\u00e8me et du jour au lendemain, il le refuse sans que rien n&rsquo;ai chang\u00e9 dans la situation. Ou bien il prenait le biberon \u00e0 la cr\u00e8che ou chez l&rsquo;assistante maternelle et au retour des vacances [&hellip;]<\/p>\n","protected":false},"author":170,"featured_media":6912,"comment_status":"open","ping_status":"open","sticky":false,"template":"","format":"standard","meta":{"_et_pb_use_builder":"","_et_pb_old_content":"","_et_gb_content_width":"","footnotes":""},"categories":[711],"tags":[451],"class_list":["post-6910","post","type-post","status-publish","format-standard","has-post-thumbnail","hentry","category-passage-au-biberon","tag-refuse-le-biberon"],"yoast_head":"<!-- This site is optimized with the Yoast SEO plugin v27.4 - https:\/\/yoast.com\/product\/yoast-seo-wordpress\/ -->\n<title>Mon b\u00e9b\u00e9 prenait le biberon et maintenant il le refuse !<\/title>\n<meta name=\"description\" content=\"Un b\u00e9b\u00e9 refuse le biberon du jour au lendemain alors qu&#039;il le prenait tr\u00e8s bien auparavant. Ce n&#039;est pas rare !\" \/>\n<meta name=\"robots\" content=\"index, follow, max-snippet:-1, max-image-preview:large, max-video-preview:-1\" \/>\n<link rel=\"canonical\" href=\"https:\/\/www.lactissima.com\/a-tire-d-ailes\/mon-bebe-refuse-le-biberon\/\" \/>\n<meta property=\"og:locale\" content=\"fr_FR\" \/>\n<meta property=\"og:type\" content=\"article\" \/>\n<meta property=\"og:title\" content=\"Mon b\u00e9b\u00e9 prenait le biberon et maintenant il le refuse !\" \/>\n<meta property=\"og:description\" content=\"Un b\u00e9b\u00e9 refuse le biberon du jour au lendemain alors qu&#039;il le prenait tr\u00e8s bien auparavant. Ce n&#039;est pas rare !\" \/>\n<meta property=\"og:url\" content=\"https:\/\/www.lactissima.com\/a-tire-d-ailes\/mon-bebe-refuse-le-biberon\/\" \/>\n<meta property=\"og:site_name\" content=\"A tire d&#039;Ailes\" \/>\n<meta property=\"article:publisher\" content=\"https:\/\/www.facebook.com\/consultante.en.lactation\" \/>\n<meta property=\"article:author\" content=\"www.facebook.com\/consultante.en.lactation\" \/>\n<meta property=\"article:published_time\" content=\"2016-10-13T07:13:27+00:00\" \/>\n<meta property=\"og:image\" content=\"https:\/\/www.lactissima.com\/a-tire-d-ailes\/wp-content\/uploads\/2016\/10\/b\u00e9b\u00e9-refuse.jpg\" \/>\n\t<meta property=\"og:image:width\" content=\"426\" \/>\n\t<meta property=\"og:image:height\" content=\"640\" \/>\n\t<meta property=\"og:image:type\" content=\"image\/jpeg\" \/>\n<meta name=\"author\" content=\"V\u00e9ronique Darmangeat\" \/>\n<meta name=\"twitter:card\" content=\"summary_large_image\" \/>\n<meta name=\"twitter:creator\" content=\"@VeroniqueIBCLC\" \/>\n<meta name=\"twitter:site\" content=\"@VeroniqueIBCLC\" \/>\n<meta name=\"twitter:label1\" content=\"\u00c9crit par\" \/>\n\t<meta name=\"twitter:data1\" content=\"V\u00e9ronique Darmangeat\" \/>\n\t<meta name=\"twitter:label2\" content=\"Dur\u00e9e de lecture estim\u00e9e\" \/>\n\t<meta name=\"twitter:data2\" content=\"2 minutes\" \/>\n<script type=\"application\/ld+json\" class=\"yoast-schema-graph\">{\"@context\":\"https:\\\/\\\/schema.org\",\"@graph\":[{\"@type\":\"Article\",\"@id\":\"https:\\\/\\\/www.lactissima.com\\\/a-tire-d-ailes\\\/mon-bebe-refuse-le-biberon\\\/#article\",\"isPartOf\":{\"@id\":\"https:\\\/\\\/www.lactissima.com\\\/a-tire-d-ailes\\\/mon-bebe-refuse-le-biberon\\\/\"},\"author\":{\"name\":\"V\u00e9ronique Darmangeat\",\"@id\":\"https:\\\/\\\/www.lactissima.com\\\/a-tire-d-ailes\\\/#\\\/schema\\\/person\\\/8f98d3a89530861bc1240e6d53d44eed\"},\"headline\":\"Mon b\u00e9b\u00e9 prenait le biberon et maintenant il le refuse !\",\"datePublished\":\"2016-10-13T07:13:27+00:00\",\"mainEntityOfPage\":{\"@id\":\"https:\\\/\\\/www.lactissima.com\\\/a-tire-d-ailes\\\/mon-bebe-refuse-le-biberon\\\/\"},\"wordCount\":333,\"commentCount\":60,\"image\":{\"@id\":\"https:\\\/\\\/www.lactissima.com\\\/a-tire-d-ailes\\\/mon-bebe-refuse-le-biberon\\\/#primaryimage\"},\"thumbnailUrl\":\"https:\\\/\\\/www.lactissima.com\\\/a-tire-d-ailes\\\/wp-content\\\/uploads\\\/2016\\\/10\\\/b\u00e9b\u00e9-refuse.jpg\",\"keywords\":[\"refuse le biberon\"],\"articleSection\":[\"Passage au biberon\"],\"inLanguage\":\"fr-FR\",\"potentialAction\":[{\"@type\":\"CommentAction\",\"name\":\"Comment\",\"target\":[\"https:\\\/\\\/www.lactissima.com\\\/a-tire-d-ailes\\\/mon-bebe-refuse-le-biberon\\\/#respond\"]}]},{\"@type\":\"WebPage\",\"@id\":\"https:\\\/\\\/www.lactissima.com\\\/a-tire-d-ailes\\\/mon-bebe-refuse-le-biberon\\\/\",\"url\":\"https:\\\/\\\/www.lactissima.com\\\/a-tire-d-ailes\\\/mon-bebe-refuse-le-biberon\\\/\",\"name\":\"Mon b\u00e9b\u00e9 prenait le biberon et maintenant il le refuse !\",\"isPartOf\":{\"@id\":\"https:\\\/\\\/www.lactissima.com\\\/a-tire-d-ailes\\\/#website\"},\"primaryImageOfPage\":{\"@id\":\"https:\\\/\\\/www.lactissima.com\\\/a-tire-d-ailes\\\/mon-bebe-refuse-le-biberon\\\/#primaryimage\"},\"image\":{\"@id\":\"https:\\\/\\\/www.lactissima.com\\\/a-tire-d-ailes\\\/mon-bebe-refuse-le-biberon\\\/#primaryimage\"},\"thumbnailUrl\":\"https:\\\/\\\/www.lactissima.com\\\/a-tire-d-ailes\\\/wp-content\\\/uploads\\\/2016\\\/10\\\/b\u00e9b\u00e9-refuse.jpg\",\"datePublished\":\"2016-10-13T07:13:27+00:00\",\"author\":{\"@id\":\"https:\\\/\\\/www.lactissima.com\\\/a-tire-d-ailes\\\/#\\\/schema\\\/person\\\/8f98d3a89530861bc1240e6d53d44eed\"},\"description\":\"Un b\u00e9b\u00e9 refuse le biberon du jour au lendemain alors qu'il le prenait tr\u00e8s bien auparavant. Ce n'est pas rare !\",\"breadcrumb\":{\"@id\":\"https:\\\/\\\/www.lactissima.com\\\/a-tire-d-ailes\\\/mon-bebe-refuse-le-biberon\\\/#breadcrumb\"},\"inLanguage\":\"fr-FR\",\"potentialAction\":[{\"@type\":\"ReadAction\",\"target\":[\"https:\\\/\\\/www.lactissima.com\\\/a-tire-d-ailes\\\/mon-bebe-refuse-le-biberon\\\/\"]}]},{\"@type\":\"ImageObject\",\"inLanguage\":\"fr-FR\",\"@id\":\"https:\\\/\\\/www.lactissima.com\\\/a-tire-d-ailes\\\/mon-bebe-refuse-le-biberon\\\/#primaryimage\",\"url\":\"https:\\\/\\\/www.lactissima.com\\\/a-tire-d-ailes\\\/wp-content\\\/uploads\\\/2016\\\/10\\\/b\u00e9b\u00e9-refuse.jpg\",\"contentUrl\":\"https:\\\/\\\/www.lactissima.com\\\/a-tire-d-ailes\\\/wp-content\\\/uploads\\\/2016\\\/10\\\/b\u00e9b\u00e9-refuse.jpg\",\"width\":426,\"height\":640},{\"@type\":\"BreadcrumbList\",\"@id\":\"https:\\\/\\\/www.lactissima.com\\\/a-tire-d-ailes\\\/mon-bebe-refuse-le-biberon\\\/#breadcrumb\",\"itemListElement\":[{\"@type\":\"ListItem\",\"position\":1,\"name\":\"Accueil\",\"item\":\"https:\\\/\\\/www.lactissima.com\\\/a-tire-d-ailes\\\/\"},{\"@type\":\"ListItem\",\"position\":2,\"name\":\"Mon b\u00e9b\u00e9 prenait le biberon et maintenant il le refuse !\"}]},{\"@type\":\"WebSite\",\"@id\":\"https:\\\/\\\/www.lactissima.com\\\/a-tire-d-ailes\\\/#website\",\"url\":\"https:\\\/\\\/www.lactissima.com\\\/a-tire-d-ailes\\\/\",\"name\":\"A tire d&#039;Ailes\",\"description\":\"Le blog des femmes qui allaitent et travaillent.\",\"potentialAction\":[{\"@type\":\"SearchAction\",\"target\":{\"@type\":\"EntryPoint\",\"urlTemplate\":\"https:\\\/\\\/www.lactissima.com\\\/a-tire-d-ailes\\\/?s={search_term_string}\"},\"query-input\":{\"@type\":\"PropertyValueSpecification\",\"valueRequired\":true,\"valueName\":\"search_term_string\"}}],\"inLanguage\":\"fr-FR\"},{\"@type\":\"Person\",\"@id\":\"https:\\\/\\\/www.lactissima.com\\\/a-tire-d-ailes\\\/#\\\/schema\\\/person\\\/8f98d3a89530861bc1240e6d53d44eed\",\"name\":\"V\u00e9ronique Darmangeat\",\"image\":{\"@type\":\"ImageObject\",\"inLanguage\":\"fr-FR\",\"@id\":\"https:\\\/\\\/secure.gravatar.com\\\/avatar\\\/268c99344c89cebfe4f5df5fa8be43068a18884fc76a29f3206fae98465b9cab?s=96&d=identicon&r=g\",\"url\":\"https:\\\/\\\/secure.gravatar.com\\\/avatar\\\/268c99344c89cebfe4f5df5fa8be43068a18884fc76a29f3206fae98465b9cab?s=96&d=identicon&r=g\",\"contentUrl\":\"https:\\\/\\\/secure.gravatar.com\\\/avatar\\\/268c99344c89cebfe4f5df5fa8be43068a18884fc76a29f3206fae98465b9cab?s=96&d=identicon&r=g\",\"caption\":\"V\u00e9ronique Darmangeat\"},\"sameAs\":[\"https:\\\/\\\/www.lactissima.com\\\/a-tire-d-ailes\",\"www.facebook.com\\\/consultante.en.lactation\"]}]}<\/script>\n<!-- \/ Yoast SEO plugin. -->","yoast_head_json":{"title":"Mon b\u00e9b\u00e9 prenait le biberon et maintenant il le refuse !","description":"Un b\u00e9b\u00e9 refuse le biberon du jour au lendemain alors qu'il le prenait tr\u00e8s bien auparavant. Ce n'est pas rare !","robots":{"index":"index","follow":"follow","max-snippet":"max-snippet:-1","max-image-preview":"max-image-preview:large","max-video-preview":"max-video-preview:-1"},"canonical":"https:\/\/www.lactissima.com\/a-tire-d-ailes\/mon-bebe-refuse-le-biberon\/","og_locale":"fr_FR","og_type":"article","og_title":"Mon b\u00e9b\u00e9 prenait le biberon et maintenant il le refuse !","og_description":"Un b\u00e9b\u00e9 refuse le biberon du jour au lendemain alors qu'il le prenait tr\u00e8s bien auparavant. Ce n'est pas rare !","og_url":"https:\/\/www.lactissima.com\/a-tire-d-ailes\/mon-bebe-refuse-le-biberon\/","og_site_name":"A tire d&#039;Ailes","article_publisher":"https:\/\/www.facebook.com\/consultante.en.lactation","article_author":"www.facebook.com\/consultante.en.lactation","article_published_time":"2016-10-13T07:13:27+00:00","og_image":[{"width":426,"height":640,"url":"https:\/\/www.lactissima.com\/a-tire-d-ailes\/wp-content\/uploads\/2016\/10\/b\u00e9b\u00e9-refuse.jpg","type":"image\/jpeg"}],"author":"V\u00e9ronique Darmangeat","twitter_card":"summary_large_image","twitter_creator":"@VeroniqueIBCLC","twitter_site":"@VeroniqueIBCLC","twitter_misc":{"\u00c9crit par":"V\u00e9ronique Darmangeat","Dur\u00e9e de lecture estim\u00e9e":"2 minutes"},"schema":{"@context":"https:\/\/schema.org","@graph":[{"@type":"Article","@id":"https:\/\/www.lactissima.com\/a-tire-d-ailes\/mon-bebe-refuse-le-biberon\/#article","isPartOf":{"@id":"https:\/\/www.lactissima.com\/a-tire-d-ailes\/mon-bebe-refuse-le-biberon\/"},"author":{"name":"V\u00e9ronique Darmangeat","@id":"https:\/\/www.lactissima.com\/a-tire-d-ailes\/#\/schema\/person\/8f98d3a89530861bc1240e6d53d44eed"},"headline":"Mon b\u00e9b\u00e9 prenait le biberon et maintenant il le refuse !","datePublished":"2016-10-13T07:13:27+00:00","mainEntityOfPage":{"@id":"https:\/\/www.lactissima.com\/a-tire-d-ailes\/mon-bebe-refuse-le-biberon\/"},"wordCount":333,"commentCount":60,"image":{"@id":"https:\/\/www.lactissima.com\/a-tire-d-ailes\/mon-bebe-refuse-le-biberon\/#primaryimage"},"thumbnailUrl":"https:\/\/www.lactissima.com\/a-tire-d-ailes\/wp-content\/uploads\/2016\/10\/b\u00e9b\u00e9-refuse.jpg","keywords":["refuse le biberon"],"articleSection":["Passage au biberon"],"inLanguage":"fr-FR","potentialAction":[{"@type":"CommentAction","name":"Comment","target":["https:\/\/www.lactissima.com\/a-tire-d-ailes\/mon-bebe-refuse-le-biberon\/#respond"]}]},{"@type":"WebPage","@id":"https:\/\/www.lactissima.com\/a-tire-d-ailes\/mon-bebe-refuse-le-biberon\/","url":"https:\/\/www.lactissima.com\/a-tire-d-ailes\/mon-bebe-refuse-le-biberon\/","name":"Mon b\u00e9b\u00e9 prenait le biberon et maintenant il le refuse !","isPartOf":{"@id":"https:\/\/www.lactissima.com\/a-tire-d-ailes\/#website"},"primaryImageOfPage":{"@id":"https:\/\/www.lactissima.com\/a-tire-d-ailes\/mon-bebe-refuse-le-biberon\/#primaryimage"},"image":{"@id":"https:\/\/www.lactissima.com\/a-tire-d-ailes\/mon-bebe-refuse-le-biberon\/#primaryimage"},"thumbnailUrl":"https:\/\/www.lactissima.com\/a-tire-d-ailes\/wp-content\/uploads\/2016\/10\/b\u00e9b\u00e9-refuse.jpg","datePublished":"2016-10-13T07:13:27+00:00","author":{"@id":"https:\/\/www.lactissima.com\/a-tire-d-ailes\/#\/schema\/person\/8f98d3a89530861bc1240e6d53d44eed"},"description":"Un b\u00e9b\u00e9 refuse le biberon du jour au lendemain alors qu'il le prenait tr\u00e8s bien auparavant. Ce n'est pas rare !","breadcrumb":{"@id":"https:\/\/www.lactissima.com\/a-tire-d-ailes\/mon-bebe-refuse-le-biberon\/#breadcrumb"},"inLanguage":"fr-FR","potentialAction":[{"@type":"ReadAction","target":["https:\/\/www.lactissima.com\/a-tire-d-ailes\/mon-bebe-refuse-le-biberon\/"]}]},{"@type":"ImageObject","inLanguage":"fr-FR","@id":"https:\/\/www.lactissima.com\/a-tire-d-ailes\/mon-bebe-refuse-le-biberon\/#primaryimage","url":"https:\/\/www.lactissima.com\/a-tire-d-ailes\/wp-content\/uploads\/2016\/10\/b\u00e9b\u00e9-refuse.jpg","contentUrl":"https:\/\/www.lactissima.com\/a-tire-d-ailes\/wp-content\/uploads\/2016\/10\/b\u00e9b\u00e9-refuse.jpg","width":426,"height":640},{"@type":"BreadcrumbList","@id":"https:\/\/www.lactissima.com\/a-tire-d-ailes\/mon-bebe-refuse-le-biberon\/#breadcrumb","itemListElement":[{"@type":"ListItem","position":1,"name":"Accueil","item":"https:\/\/www.lactissima.com\/a-tire-d-ailes\/"},{"@type":"ListItem","position":2,"name":"Mon b\u00e9b\u00e9 prenait le biberon et maintenant il le refuse !"}]},{"@type":"WebSite","@id":"https:\/\/www.lactissima.com\/a-tire-d-ailes\/#website","url":"https:\/\/www.lactissima.com\/a-tire-d-ailes\/","name":"A tire d&#039;Ailes","description":"Le blog des femmes qui allaitent et travaillent.","potentialAction":[{"@type":"SearchAction","target":{"@type":"EntryPoint","urlTemplate":"https:\/\/www.lactissima.com\/a-tire-d-ailes\/?s={search_term_string}"},"query-input":{"@type":"PropertyValueSpecification","valueRequired":true,"valueName":"search_term_string"}}],"inLanguage":"fr-FR"},{"@type":"Person","@id":"https:\/\/www.lactissima.com\/a-tire-d-ailes\/#\/schema\/person\/8f98d3a89530861bc1240e6d53d44eed","name":"V\u00e9ronique Darmangeat","image":{"@type":"ImageObject","inLanguage":"fr-FR","@id":"https:\/\/secure.gravatar.com\/avatar\/268c99344c89cebfe4f5df5fa8be43068a18884fc76a29f3206fae98465b9cab?s=96&d=identicon&r=g","url":"https:\/\/secure.gravatar.com\/avatar\/268c99344c89cebfe4f5df5fa8be43068a18884fc76a29f3206fae98465b9cab?s=96&d=identicon&r=g","contentUrl":"https:\/\/secure.gravatar.com\/avatar\/268c99344c89cebfe4f5df5fa8be43068a18884fc76a29f3206fae98465b9cab?s=96&d=identicon&r=g","caption":"V\u00e9ronique Darmangeat"},"sameAs":["https:\/\/www.lactissima.com\/a-tire-d-ailes","www.facebook.com\/consultante.en.lactation"]}]}},"_links":{"self":[{"href":"https:\/\/www.lactissima.com\/a-tire-d-ailes\/wp-json\/wp\/v2\/posts\/6910","targetHints":{"allow":["GET"]}}],"collection":[{"href":"https:\/\/www.lactissima.com\/a-tire-d-ailes\/wp-json\/wp\/v2\/posts"}],"about":[{"href":"https:\/\/www.lactissima.com\/a-tire-d-ailes\/wp-json\/wp\/v2\/types\/post"}],"author":[{"embeddable":true,"href":"https:\/\/www.lactissima.com\/a-tire-d-ailes\/wp-json\/wp\/v2\/users\/170"}],"replies":[{"embeddable":true,"href":"https:\/\/www.lactissima.com\/a-tire-d-ailes\/wp-json\/wp\/v2\/comments?post=6910"}],"version-history":[{"count":4,"href":"https:\/\/www.lactissima.com\/a-tire-d-ailes\/wp-json\/wp\/v2\/posts\/6910\/revisions"}],"predecessor-version":[{"id":6915,"href":"https:\/\/www.lactissima.com\/a-tire-d-ailes\/wp-json\/wp\/v2\/posts\/6910\/revisions\/6915"}],"wp:featuredmedia":[{"embeddable":true,"href":"https:\/\/www.lactissima.com\/a-tire-d-ailes\/wp-json\/wp\/v2\/media\/6912"}],"wp:attachment":[{"href":"https:\/\/www.lactissima.com\/a-tire-d-ailes\/wp-json\/wp\/v2\/media?parent=6910"}],"wp:term":[{"taxonomy":"category","embeddable":true,"href":"https:\/\/www.lactissima.com\/a-tire-d-ailes\/wp-json\/wp\/v2\/categories?post=6910"},{"taxonomy":"post_tag","embeddable":true,"href":"https:\/\/www.lactissima.com\/a-tire-d-ailes\/wp-json\/wp\/v2\/tags?post=6910"}],"curies":[{"name":"wp","href":"https:\/\/api.w.org\/{rel}","templated":true}]}}