{"id":6902,"date":"2016-10-06T08:53:42","date_gmt":"2016-10-06T06:53:42","guid":{"rendered":"https:\/\/www.lactissima.com\/a-tire-d-ailes\/?p=6902"},"modified":"2016-10-06T08:53:42","modified_gmt":"2016-10-06T06:53:42","slug":"allaiter-travailler-temoignage-de-sarah","status":"publish","type":"post","link":"https:\/\/www.lactissima.com\/a-tire-d-ailes\/allaiter-travailler-temoignage-de-sarah\/","title":{"rendered":"Allaiter et travailler : le t\u00e9moignage de Sarah"},"content":{"rendered":"<p><img loading=\"lazy\" decoding=\"async\" class=\"alignright size-full wp-image-6903\" src=\"https:\/\/www.lactissima.com\/a-tire-d-ailes\/wp-content\/uploads\/2016\/10\/sarah3.jpg\" alt=\"allaitement et travail\" width=\"238\" height=\"266\" \/><\/p>\n<ul>\n<li style=\"text-align: justify;\"><strong>Quel choix avez-vous fait au moment de la reprise du travail : sevrage ou poursuite de l&rsquo;allaitement ? Pourquoi ?<\/strong><\/li>\n<\/ul>\n<p style=\"text-align: justify;\">Pendant la grossesse, il \u00e9tait \u00e9vident pour moi que je voulais essayer l&rsquo;allaitement. Je voulais vivre tous les aspects de la maternit\u00e9, ne rien louper (m\u00eame si je suis convaincue qu&rsquo;il vaut mieux un biberon qui se passe bien qu&rsquo;un allaitement conflictuel).<\/p>\n<p style=\"text-align: justify;\">Je n&rsquo;avais pas mesur\u00e9 l&rsquo;importance que cela prendrait pour moi, ni la port\u00e9e affective que cela aurait dans la relation \u00e0 mon fils. Cela fut une d\u00e9couverte  incroyable.<\/p>\n<p style=\"text-align: justify;\">Pendant la grossesse, j&rsquo;avais particip\u00e9 \u00e0 une r\u00e9union d&rsquo;information \u00e0 la maternit\u00e9 organis\u00e9e par l&rsquo;association solidarilait. Le discours \u00e9tait positif et serein et cela m&rsquo;a vraiment renforc\u00e9 dans mon choix. Alors j&rsquo;ai commenc\u00e9 \u00e0 me documenter sur le net, notamment avec le blog de V\u00e9ronique. Cependant, comme je n&rsquo;ai pas d&rsquo;autre exemple autour de moi que l&rsquo;arr\u00eat rapide de l&rsquo;allaitement pour des raisons diverses, je m&rsquo;\u00e9tais donn\u00e9e une date en me disant : \u00c2\u00ab Ce sera d\u00e9j\u00e0 bien \u00c2\u00bb. Mon fils est n\u00e9 fin ao\u00fbt, je savais que je devais reprendre le travail en novembre, alors j&rsquo;avais fix\u00e9 la date de no\u00c3\u00abl. La reprise du travail me semblait un obstacle \u00e0 l&rsquo;allaitement alors je voulais \u00eatre raisonnable.<\/p>\n<p style=\"text-align: justify;\">La naissance de mon fils s&rsquo;est tr\u00e8s bien d\u00e9roul\u00e9e, j&rsquo;ai donc pu le mettre au sein d\u00e8s les premiers instants dans la salle d&rsquo;accouchement et c&rsquo;\u00e9tait merveilleux.<\/p>\n<p style=\"text-align: justify;\">L&rsquo;allaitement se passait tellement bien (malgr\u00e9 mes doutes), je trouvais \u00e7a tellement fort dans la relation avec mon fils que mon choix de poursuivre \u00e0 la reprise du travail s&rsquo;en est trouv\u00e9 renforc\u00e9. C&rsquo;\u00e9tait d\u00e9j\u00e0 difficile de le laisser pour la journ\u00e9e, alors me priver de ce moment privil\u00e9gi\u00e9, c&rsquo;\u00e9tait trop me demander.<\/p>\n<ul style=\"text-align: justify;\">\n<li><strong>Comment vous \u00eates-vous organis\u00e9e ?<\/strong><\/li>\n<\/ul>\n<p style=\"text-align: justify;\">En premier lieu, je me suis INFORMEE. J&rsquo;ai scrut\u00e9 le net et \u00e9tudi\u00e9 quasiment toutes les pages du blog de V\u00e9ronique. J&rsquo;ai m\u00eame achet\u00e9 son livre.<\/p>\n<p style=\"text-align: justify;\">J&rsquo;ai commenc\u00e9 \u00e0 faire du stock d\u00e8s le premier mois d&rsquo;Eliott avec un tire-lait doddie que j&rsquo;avais achet\u00e9 (pas trop cher). Mais cela me prenait trop de temps alors j&rsquo;ai lou\u00e9 un tire-lait Calypso de chez Ardo chez Grandir Nature. Avant de reprendre le travail, j&rsquo;avais deux tiroirs de notre cong\u00e9lateur rempli \u00e0 ras-bord de pochettes.<\/p>\n<p style=\"text-align: justify;\">J&rsquo;exerce une profession lib\u00e9rale, donc l&rsquo;organisation a \u00e9t\u00e9 facile. Deux tirages par jour \u00e0 12 et 16h jusqu&rsquo;au 7 mois de mon fils, puis une fois \u00e0 13h jusqu&rsquo;\u00e0 ses 11 mois. Il a suffit que je bloque le cr\u00e9neau sur mon agenda. Un manque \u00e0 gagner, certes, mais nous ne sommes pas riches que d&rsquo;argent.<\/p>\n<p style=\"text-align: justify;\">J&rsquo;avais fait l&rsquo;acquisition d&rsquo;un petit frigo pour pouvoir conserver ma production correctement.<\/p>\n<p style=\"text-align: justify;\">Apr\u00e8s m&rsquo;\u00eatre bloqu\u00e9e les cervicales en tenant les t\u00e9terelles sans bouger pendant 20 min, je me suis d\u00e9cid\u00e9e \u00e0 sacrifier un soutien-gorge d&rsquo;allaitement qui ne m&rsquo;allait pas pour en faire une brassi\u00e8re. Une petite entaille au niveau du mamelon, on glisse la t\u00e9terelle et le tour est jou\u00e9. \u00c3\u2021a m&rsquo;a vraiment soulag\u00e9e. J&rsquo;ai aussi fait le stock de s\u00e9ries \u00e0 regarder sur l&rsquo;ordi pour passer le temps en attendant que les pots se remplissent.<\/p>\n<p style=\"text-align: justify;\">Je n&rsquo;ai que 20 min de trajet pour rentrer chez moi donc le transport se faisait dans un petit sac isotherme avec les pains de glace.<\/p>\n<p style=\"text-align: justify;\">Je travaille trois jours par semaine alors, quand mon fils est gard\u00e9, je donnais du lait congel\u00e9 (max 2 mois) et je renouvelais mon stock avec les tirages du jour. Quand je suis avec lui \u00e0 la maison, c&rsquo;est \u00e0 la demande.<\/p>\n<ul style=\"text-align: justify;\">\n<li><strong>Quelles ont \u00e9t\u00e9 vos principales difficult\u00e9s ?<\/strong><\/li>\n<\/ul>\n<p style=\"text-align: justify;\"><strong>Les doutes <\/strong>: pendant 4 mois, j&rsquo;ai v\u00e9cu dans la peur de ne pas avoir assez de lait. Une petite crainte est rest\u00e9e longtemps car j&rsquo;ai continu\u00e9 \u00e0 carburer \u00e0 la tisane d&rsquo;allaitement (beaucoup moins qu&rsquo;avant d\u00e9sormais : je pouvais en boire jusqu&rsquo;\u00e0 5 fois par jour) et aux g\u00e9lules de f\u00e9nugrec (mon mari m&rsquo;appelait \u00c2\u00ab mon petit couscous \u00c2\u00bb tellement je sentais les \u00e9pices) jusqu&rsquo;au sevrage. Les appels aux b\u00e9n\u00e9voles de solidarilait de ma r\u00e9gion et les messages \u00e0 V\u00e9ronique m&rsquo;ont bien aid\u00e9 \u00e0 baisser la pression.<\/p>\n<p style=\"text-align: justify;\"><strong>Les r\u00e9flexions de l&rsquo;entourage <\/strong>: au bout d&rsquo;un mois, on me disait d\u00e9j\u00e0 \u00c2\u00ab bon ben maintenant, tu vas arr\u00eater doucement \u00c2\u00bb   puis c&rsquo;est devenu \u00c2\u00ab bon, tu vas te d\u00e9cider \u00e0 le l\u00e2cher oui ! \u00c2\u00bb  Les sous-entendus des \u00e2mes bien-pensantes qui m&rsquo;ont soutenu mordicus que le refus du biberon de mon fils pendant la semaine d&rsquo;adaptation chez la nourrice \u00e9tait \u00c2\u00ab \u00e0 cause \u00c2\u00bb de l&rsquo;allaitement  Les premiers temps, j&rsquo;ai eu l&rsquo;impression de me battre et que beaucoup de personnes se permettaient de faire intrusion dans mon intimit\u00e9. Puis, j&rsquo;ai fini par comprendre que les personnes qui r\u00e9agissent comme \u00e7a sont syst\u00e9matiquement des femmes (oui, je n&rsquo;ai jamais eu de r\u00e9flexions de la part d&rsquo;hommes) qui n&rsquo;avaient pas pu allaiter comme elles l&rsquo;auraient voulu. En fin de compte, elles me font de la peine car, en r\u00e9alit\u00e9, elles culpabilisent beaucoup et c&rsquo;est dommage.<\/p>\n<p style=\"text-align: justify;\"><strong>Le manque de lait avec le retour de couche <\/strong>: j&rsquo;ai eu mon retour de couche au bout de 8 mois et pendant les r\u00e8gles, les quantit\u00e9s de lait \u00e9taient vraiment moins abondantes. Je me suis dit que peut-\u00eatre il \u00e9tait temps de penser \u00e0 un sevrage progressif, que mon corps voulait reprendre un peu de f\u00e9minit\u00e9. Il m&rsquo;a fallu du temps pour l&rsquo;accepter mais la survenue d&rsquo;une nouvelle grossesse m&rsquo;a amen\u00e9 \u00e0 mettre en action les choses : mon fils s&rsquo;est mis \u00e0 accepter le biberon d&rsquo;un coup d&rsquo;un seul alors j&rsquo;en ai profit\u00e9 et nous nous sommes arr\u00eat\u00e9s \u00e0 12 mois \u00c2\u00bd.<\/p>\n<ul style=\"text-align: justify;\">\n<li><strong>Quels ont \u00e9t\u00e9 vos meilleurs moments ?<\/strong><\/li>\n<\/ul>\n<p style=\"text-align: justify;\">D\u00e9finitivement, les t\u00e9t\u00e9es du matin, pleine de tendresse et de calme.<\/p>\n<p style=\"text-align: justify;\">Quand mon fils s&rsquo;impatiente quand il me voit m&rsquo;installer pour la t\u00e9t\u00e9e.<\/p>\n<p style=\"text-align: justify;\">Les moments de rigolade quand il essaye de nouvelles positions pour manger.<\/p>\n<ul style=\"text-align: justify;\">\n<li><strong>Qu&rsquo;est-ce que vous souhaiteriez dire aux mamans qui doivent faire un choix dans les semaines \u00e0 venir ?<\/strong><\/li>\n<\/ul>\n<p style=\"text-align: justify;\">Faites ce qui est bon pour vous. Informez-vous aupr\u00e8s des personnes qui ont les bonnes informations (en d&rsquo;autres termes, \u00e9vitez les m\u00e9decins et les pu\u00e9ricultrices qui souvent d\u00e9sinforment plus qu&rsquo;autre chose). Faites un vrai choix, c&rsquo;est-\u00e0 -dire un choix \u00e9clair\u00e9, sans se soucier du regard des autres. Alors, ce sera le bon choix, quel qu&rsquo;il soit.<\/p>\n<ul style=\"text-align: justify;\">\n<li><strong>Ce serait \u00e0 refaire, vous referiez le m\u00eame choix ? Que changeriez-vous ?<\/strong><\/li>\n<\/ul>\n<p style=\"text-align: justify;\">Sans aucune h\u00e9sitation, je referai la m\u00eame chose. J&rsquo;ai bien l&rsquo;intention d&rsquo;allaiter aussi longtemps avec le petit bout qui arrivera ce printemps. 12 mois : je n&rsquo;imaginais pas aller aussi loin et j&rsquo;avoue \u00e9prouver un peu de fiert\u00e9.<\/p>\n<p style=\"text-align: justify;\">Si je devais changer quelque chose, je pense que ce serait ma peur de ne pas y arriver  mais \u00e7a, je ne suis pas sure que \u00e7a se contr\u00f4le \ud83d\ude09<\/p>\n<p><strong>Articles en rapport :<\/strong><\/p>\n<ul>\n<li>Voir l&rsquo;onglet <a href=\"https:\/\/www.lactissima.com\/a-tire-d-ailes\/temoignages-travail-et-allaitement\/\" target=\"_blank\">t\u00e9moignages<\/a><\/li>\n<\/ul>\n<div class='et-box et-shadow'>\n\t\t\t\t\t<div class='et-box-content'>Lire des articles ou poser des questions en commentaire ne suffit pas \u00e0 r\u00e9soudre votre probl\u00e8me ?\nSavez-vous que vous pouvez prendre RDV pour une consultation avec moi ?\nN&rsquo;h\u00e9sitez pas \u00e0 me contacter !<\/div><\/div>\n","protected":false},"excerpt":{"rendered":"<p>Quel choix avez-vous fait au moment de la reprise du travail : sevrage ou poursuite de l&rsquo;allaitement ? Pourquoi ? Pendant la grossesse, il \u00e9tait \u00e9vident pour moi que je voulais essayer l&rsquo;allaitement. Je voulais vivre tous les aspects de la maternit\u00e9, ne rien louper (m\u00eame si je suis convaincue qu&rsquo;il vaut mieux un biberon [&hellip;]<\/p>\n","protected":false},"author":170,"featured_media":6903,"comment_status":"open","ping_status":"open","sticky":false,"template":"","format":"standard","meta":{"_et_pb_use_builder":"","_et_pb_old_content":"","_et_gb_content_width":"","footnotes":""},"categories":[150],"tags":[],"class_list":["post-6902","post","type-post","status-publish","format-standard","has-post-thumbnail","hentry","category-temoignages"],"yoast_head":"<!-- This site is optimized with the Yoast SEO plugin v27.4 - https:\/\/yoast.com\/product\/yoast-seo-wordpress\/ -->\n<title>Allaiter et travailler : le t\u00e9moignage de Sarah<\/title>\n<meta name=\"description\" content=\"Sarah a allait\u00e9 bien plus longtemps que pr\u00e9vu car la reprise du travail en lib\u00e9ral s&#039;est tr\u00e8s bien pass\u00e9e.\" \/>\n<meta name=\"robots\" content=\"index, follow, max-snippet:-1, max-image-preview:large, max-video-preview:-1\" \/>\n<link rel=\"canonical\" href=\"https:\/\/www.lactissima.com\/a-tire-d-ailes\/allaiter-travailler-temoignage-de-sarah\/\" \/>\n<meta property=\"og:locale\" content=\"fr_FR\" \/>\n<meta property=\"og:type\" content=\"article\" \/>\n<meta property=\"og:title\" content=\"Allaiter et travailler : le t\u00e9moignage de Sarah\" \/>\n<meta property=\"og:description\" content=\"Sarah a allait\u00e9 bien plus longtemps que pr\u00e9vu car la reprise du travail en lib\u00e9ral s&#039;est tr\u00e8s bien pass\u00e9e.\" \/>\n<meta property=\"og:url\" content=\"https:\/\/www.lactissima.com\/a-tire-d-ailes\/allaiter-travailler-temoignage-de-sarah\/\" \/>\n<meta property=\"og:site_name\" content=\"A tire d&#039;Ailes\" \/>\n<meta property=\"article:publisher\" content=\"https:\/\/www.facebook.com\/consultante.en.lactation\" \/>\n<meta property=\"article:author\" content=\"www.facebook.com\/consultante.en.lactation\" \/>\n<meta property=\"article:published_time\" content=\"2016-10-06T06:53:42+00:00\" \/>\n<meta property=\"og:image\" content=\"https:\/\/www.lactissima.com\/a-tire-d-ailes\/wp-content\/uploads\/2016\/10\/sarah3.jpg\" \/>\n\t<meta property=\"og:image:width\" content=\"238\" \/>\n\t<meta property=\"og:image:height\" content=\"266\" \/>\n\t<meta property=\"og:image:type\" content=\"image\/jpeg\" \/>\n<meta name=\"author\" content=\"V\u00e9ronique Darmangeat\" \/>\n<meta name=\"twitter:card\" content=\"summary_large_image\" \/>\n<meta name=\"twitter:creator\" content=\"@VeroniqueIBCLC\" \/>\n<meta name=\"twitter:site\" content=\"@VeroniqueIBCLC\" \/>\n<meta name=\"twitter:label1\" content=\"\u00c9crit par\" \/>\n\t<meta name=\"twitter:data1\" content=\"V\u00e9ronique Darmangeat\" \/>\n\t<meta name=\"twitter:label2\" content=\"Dur\u00e9e de lecture estim\u00e9e\" \/>\n\t<meta name=\"twitter:data2\" content=\"6 minutes\" \/>\n<script type=\"application\/ld+json\" class=\"yoast-schema-graph\">{\"@context\":\"https:\\\/\\\/schema.org\",\"@graph\":[{\"@type\":\"Article\",\"@id\":\"https:\\\/\\\/www.lactissima.com\\\/a-tire-d-ailes\\\/allaiter-travailler-temoignage-de-sarah\\\/#article\",\"isPartOf\":{\"@id\":\"https:\\\/\\\/www.lactissima.com\\\/a-tire-d-ailes\\\/allaiter-travailler-temoignage-de-sarah\\\/\"},\"author\":{\"name\":\"V\u00e9ronique Darmangeat\",\"@id\":\"https:\\\/\\\/www.lactissima.com\\\/a-tire-d-ailes\\\/#\\\/schema\\\/person\\\/8f98d3a89530861bc1240e6d53d44eed\"},\"headline\":\"Allaiter et travailler : le t\u00e9moignage de Sarah\",\"datePublished\":\"2016-10-06T06:53:42+00:00\",\"mainEntityOfPage\":{\"@id\":\"https:\\\/\\\/www.lactissima.com\\\/a-tire-d-ailes\\\/allaiter-travailler-temoignage-de-sarah\\\/\"},\"wordCount\":1273,\"commentCount\":0,\"image\":{\"@id\":\"https:\\\/\\\/www.lactissima.com\\\/a-tire-d-ailes\\\/allaiter-travailler-temoignage-de-sarah\\\/#primaryimage\"},\"thumbnailUrl\":\"https:\\\/\\\/www.lactissima.com\\\/a-tire-d-ailes\\\/wp-content\\\/uploads\\\/2016\\\/10\\\/sarah3.jpg\",\"articleSection\":[\"t\u00e9moignages\"],\"inLanguage\":\"fr-FR\",\"potentialAction\":[{\"@type\":\"CommentAction\",\"name\":\"Comment\",\"target\":[\"https:\\\/\\\/www.lactissima.com\\\/a-tire-d-ailes\\\/allaiter-travailler-temoignage-de-sarah\\\/#respond\"]}]},{\"@type\":\"WebPage\",\"@id\":\"https:\\\/\\\/www.lactissima.com\\\/a-tire-d-ailes\\\/allaiter-travailler-temoignage-de-sarah\\\/\",\"url\":\"https:\\\/\\\/www.lactissima.com\\\/a-tire-d-ailes\\\/allaiter-travailler-temoignage-de-sarah\\\/\",\"name\":\"Allaiter et travailler : le t\u00e9moignage de Sarah\",\"isPartOf\":{\"@id\":\"https:\\\/\\\/www.lactissima.com\\\/a-tire-d-ailes\\\/#website\"},\"primaryImageOfPage\":{\"@id\":\"https:\\\/\\\/www.lactissima.com\\\/a-tire-d-ailes\\\/allaiter-travailler-temoignage-de-sarah\\\/#primaryimage\"},\"image\":{\"@id\":\"https:\\\/\\\/www.lactissima.com\\\/a-tire-d-ailes\\\/allaiter-travailler-temoignage-de-sarah\\\/#primaryimage\"},\"thumbnailUrl\":\"https:\\\/\\\/www.lactissima.com\\\/a-tire-d-ailes\\\/wp-content\\\/uploads\\\/2016\\\/10\\\/sarah3.jpg\",\"datePublished\":\"2016-10-06T06:53:42+00:00\",\"author\":{\"@id\":\"https:\\\/\\\/www.lactissima.com\\\/a-tire-d-ailes\\\/#\\\/schema\\\/person\\\/8f98d3a89530861bc1240e6d53d44eed\"},\"description\":\"Sarah a allait\u00e9 bien plus longtemps que pr\u00e9vu car la reprise du travail en lib\u00e9ral s'est tr\u00e8s bien pass\u00e9e.\",\"breadcrumb\":{\"@id\":\"https:\\\/\\\/www.lactissima.com\\\/a-tire-d-ailes\\\/allaiter-travailler-temoignage-de-sarah\\\/#breadcrumb\"},\"inLanguage\":\"fr-FR\",\"potentialAction\":[{\"@type\":\"ReadAction\",\"target\":[\"https:\\\/\\\/www.lactissima.com\\\/a-tire-d-ailes\\\/allaiter-travailler-temoignage-de-sarah\\\/\"]}]},{\"@type\":\"ImageObject\",\"inLanguage\":\"fr-FR\",\"@id\":\"https:\\\/\\\/www.lactissima.com\\\/a-tire-d-ailes\\\/allaiter-travailler-temoignage-de-sarah\\\/#primaryimage\",\"url\":\"https:\\\/\\\/www.lactissima.com\\\/a-tire-d-ailes\\\/wp-content\\\/uploads\\\/2016\\\/10\\\/sarah3.jpg\",\"contentUrl\":\"https:\\\/\\\/www.lactissima.com\\\/a-tire-d-ailes\\\/wp-content\\\/uploads\\\/2016\\\/10\\\/sarah3.jpg\",\"width\":238,\"height\":266,\"caption\":\"allaitement et travail\"},{\"@type\":\"BreadcrumbList\",\"@id\":\"https:\\\/\\\/www.lactissima.com\\\/a-tire-d-ailes\\\/allaiter-travailler-temoignage-de-sarah\\\/#breadcrumb\",\"itemListElement\":[{\"@type\":\"ListItem\",\"position\":1,\"name\":\"Accueil\",\"item\":\"https:\\\/\\\/www.lactissima.com\\\/a-tire-d-ailes\\\/\"},{\"@type\":\"ListItem\",\"position\":2,\"name\":\"Allaiter et travailler : le t\u00e9moignage de Sarah\"}]},{\"@type\":\"WebSite\",\"@id\":\"https:\\\/\\\/www.lactissima.com\\\/a-tire-d-ailes\\\/#website\",\"url\":\"https:\\\/\\\/www.lactissima.com\\\/a-tire-d-ailes\\\/\",\"name\":\"A tire d&#039;Ailes\",\"description\":\"Le blog des femmes qui allaitent et travaillent.\",\"potentialAction\":[{\"@type\":\"SearchAction\",\"target\":{\"@type\":\"EntryPoint\",\"urlTemplate\":\"https:\\\/\\\/www.lactissima.com\\\/a-tire-d-ailes\\\/?s={search_term_string}\"},\"query-input\":{\"@type\":\"PropertyValueSpecification\",\"valueRequired\":true,\"valueName\":\"search_term_string\"}}],\"inLanguage\":\"fr-FR\"},{\"@type\":\"Person\",\"@id\":\"https:\\\/\\\/www.lactissima.com\\\/a-tire-d-ailes\\\/#\\\/schema\\\/person\\\/8f98d3a89530861bc1240e6d53d44eed\",\"name\":\"V\u00e9ronique Darmangeat\",\"image\":{\"@type\":\"ImageObject\",\"inLanguage\":\"fr-FR\",\"@id\":\"https:\\\/\\\/secure.gravatar.com\\\/avatar\\\/268c99344c89cebfe4f5df5fa8be43068a18884fc76a29f3206fae98465b9cab?s=96&d=identicon&r=g\",\"url\":\"https:\\\/\\\/secure.gravatar.com\\\/avatar\\\/268c99344c89cebfe4f5df5fa8be43068a18884fc76a29f3206fae98465b9cab?s=96&d=identicon&r=g\",\"contentUrl\":\"https:\\\/\\\/secure.gravatar.com\\\/avatar\\\/268c99344c89cebfe4f5df5fa8be43068a18884fc76a29f3206fae98465b9cab?s=96&d=identicon&r=g\",\"caption\":\"V\u00e9ronique Darmangeat\"},\"sameAs\":[\"https:\\\/\\\/www.lactissima.com\\\/a-tire-d-ailes\",\"www.facebook.com\\\/consultante.en.lactation\"]}]}<\/script>\n<!-- \/ Yoast SEO plugin. -->","yoast_head_json":{"title":"Allaiter et travailler : le t\u00e9moignage de Sarah","description":"Sarah a allait\u00e9 bien plus longtemps que pr\u00e9vu car la reprise du travail en lib\u00e9ral s'est tr\u00e8s bien pass\u00e9e.","robots":{"index":"index","follow":"follow","max-snippet":"max-snippet:-1","max-image-preview":"max-image-preview:large","max-video-preview":"max-video-preview:-1"},"canonical":"https:\/\/www.lactissima.com\/a-tire-d-ailes\/allaiter-travailler-temoignage-de-sarah\/","og_locale":"fr_FR","og_type":"article","og_title":"Allaiter et travailler : le t\u00e9moignage de Sarah","og_description":"Sarah a allait\u00e9 bien plus longtemps que pr\u00e9vu car la reprise du travail en lib\u00e9ral s'est tr\u00e8s bien pass\u00e9e.","og_url":"https:\/\/www.lactissima.com\/a-tire-d-ailes\/allaiter-travailler-temoignage-de-sarah\/","og_site_name":"A tire d&#039;Ailes","article_publisher":"https:\/\/www.facebook.com\/consultante.en.lactation","article_author":"www.facebook.com\/consultante.en.lactation","article_published_time":"2016-10-06T06:53:42+00:00","og_image":[{"width":238,"height":266,"url":"https:\/\/www.lactissima.com\/a-tire-d-ailes\/wp-content\/uploads\/2016\/10\/sarah3.jpg","type":"image\/jpeg"}],"author":"V\u00e9ronique Darmangeat","twitter_card":"summary_large_image","twitter_creator":"@VeroniqueIBCLC","twitter_site":"@VeroniqueIBCLC","twitter_misc":{"\u00c9crit par":"V\u00e9ronique Darmangeat","Dur\u00e9e de lecture estim\u00e9e":"6 minutes"},"schema":{"@context":"https:\/\/schema.org","@graph":[{"@type":"Article","@id":"https:\/\/www.lactissima.com\/a-tire-d-ailes\/allaiter-travailler-temoignage-de-sarah\/#article","isPartOf":{"@id":"https:\/\/www.lactissima.com\/a-tire-d-ailes\/allaiter-travailler-temoignage-de-sarah\/"},"author":{"name":"V\u00e9ronique Darmangeat","@id":"https:\/\/www.lactissima.com\/a-tire-d-ailes\/#\/schema\/person\/8f98d3a89530861bc1240e6d53d44eed"},"headline":"Allaiter et travailler : le t\u00e9moignage de Sarah","datePublished":"2016-10-06T06:53:42+00:00","mainEntityOfPage":{"@id":"https:\/\/www.lactissima.com\/a-tire-d-ailes\/allaiter-travailler-temoignage-de-sarah\/"},"wordCount":1273,"commentCount":0,"image":{"@id":"https:\/\/www.lactissima.com\/a-tire-d-ailes\/allaiter-travailler-temoignage-de-sarah\/#primaryimage"},"thumbnailUrl":"https:\/\/www.lactissima.com\/a-tire-d-ailes\/wp-content\/uploads\/2016\/10\/sarah3.jpg","articleSection":["t\u00e9moignages"],"inLanguage":"fr-FR","potentialAction":[{"@type":"CommentAction","name":"Comment","target":["https:\/\/www.lactissima.com\/a-tire-d-ailes\/allaiter-travailler-temoignage-de-sarah\/#respond"]}]},{"@type":"WebPage","@id":"https:\/\/www.lactissima.com\/a-tire-d-ailes\/allaiter-travailler-temoignage-de-sarah\/","url":"https:\/\/www.lactissima.com\/a-tire-d-ailes\/allaiter-travailler-temoignage-de-sarah\/","name":"Allaiter et travailler : le t\u00e9moignage de Sarah","isPartOf":{"@id":"https:\/\/www.lactissima.com\/a-tire-d-ailes\/#website"},"primaryImageOfPage":{"@id":"https:\/\/www.lactissima.com\/a-tire-d-ailes\/allaiter-travailler-temoignage-de-sarah\/#primaryimage"},"image":{"@id":"https:\/\/www.lactissima.com\/a-tire-d-ailes\/allaiter-travailler-temoignage-de-sarah\/#primaryimage"},"thumbnailUrl":"https:\/\/www.lactissima.com\/a-tire-d-ailes\/wp-content\/uploads\/2016\/10\/sarah3.jpg","datePublished":"2016-10-06T06:53:42+00:00","author":{"@id":"https:\/\/www.lactissima.com\/a-tire-d-ailes\/#\/schema\/person\/8f98d3a89530861bc1240e6d53d44eed"},"description":"Sarah a allait\u00e9 bien plus longtemps que pr\u00e9vu car la reprise du travail en lib\u00e9ral s'est tr\u00e8s bien pass\u00e9e.","breadcrumb":{"@id":"https:\/\/www.lactissima.com\/a-tire-d-ailes\/allaiter-travailler-temoignage-de-sarah\/#breadcrumb"},"inLanguage":"fr-FR","potentialAction":[{"@type":"ReadAction","target":["https:\/\/www.lactissima.com\/a-tire-d-ailes\/allaiter-travailler-temoignage-de-sarah\/"]}]},{"@type":"ImageObject","inLanguage":"fr-FR","@id":"https:\/\/www.lactissima.com\/a-tire-d-ailes\/allaiter-travailler-temoignage-de-sarah\/#primaryimage","url":"https:\/\/www.lactissima.com\/a-tire-d-ailes\/wp-content\/uploads\/2016\/10\/sarah3.jpg","contentUrl":"https:\/\/www.lactissima.com\/a-tire-d-ailes\/wp-content\/uploads\/2016\/10\/sarah3.jpg","width":238,"height":266,"caption":"allaitement et travail"},{"@type":"BreadcrumbList","@id":"https:\/\/www.lactissima.com\/a-tire-d-ailes\/allaiter-travailler-temoignage-de-sarah\/#breadcrumb","itemListElement":[{"@type":"ListItem","position":1,"name":"Accueil","item":"https:\/\/www.lactissima.com\/a-tire-d-ailes\/"},{"@type":"ListItem","position":2,"name":"Allaiter et travailler : le t\u00e9moignage de Sarah"}]},{"@type":"WebSite","@id":"https:\/\/www.lactissima.com\/a-tire-d-ailes\/#website","url":"https:\/\/www.lactissima.com\/a-tire-d-ailes\/","name":"A tire d&#039;Ailes","description":"Le blog des femmes qui allaitent et travaillent.","potentialAction":[{"@type":"SearchAction","target":{"@type":"EntryPoint","urlTemplate":"https:\/\/www.lactissima.com\/a-tire-d-ailes\/?s={search_term_string}"},"query-input":{"@type":"PropertyValueSpecification","valueRequired":true,"valueName":"search_term_string"}}],"inLanguage":"fr-FR"},{"@type":"Person","@id":"https:\/\/www.lactissima.com\/a-tire-d-ailes\/#\/schema\/person\/8f98d3a89530861bc1240e6d53d44eed","name":"V\u00e9ronique Darmangeat","image":{"@type":"ImageObject","inLanguage":"fr-FR","@id":"https:\/\/secure.gravatar.com\/avatar\/268c99344c89cebfe4f5df5fa8be43068a18884fc76a29f3206fae98465b9cab?s=96&d=identicon&r=g","url":"https:\/\/secure.gravatar.com\/avatar\/268c99344c89cebfe4f5df5fa8be43068a18884fc76a29f3206fae98465b9cab?s=96&d=identicon&r=g","contentUrl":"https:\/\/secure.gravatar.com\/avatar\/268c99344c89cebfe4f5df5fa8be43068a18884fc76a29f3206fae98465b9cab?s=96&d=identicon&r=g","caption":"V\u00e9ronique Darmangeat"},"sameAs":["https:\/\/www.lactissima.com\/a-tire-d-ailes","www.facebook.com\/consultante.en.lactation"]}]}},"_links":{"self":[{"href":"https:\/\/www.lactissima.com\/a-tire-d-ailes\/wp-json\/wp\/v2\/posts\/6902","targetHints":{"allow":["GET"]}}],"collection":[{"href":"https:\/\/www.lactissima.com\/a-tire-d-ailes\/wp-json\/wp\/v2\/posts"}],"about":[{"href":"https:\/\/www.lactissima.com\/a-tire-d-ailes\/wp-json\/wp\/v2\/types\/post"}],"author":[{"embeddable":true,"href":"https:\/\/www.lactissima.com\/a-tire-d-ailes\/wp-json\/wp\/v2\/users\/170"}],"replies":[{"embeddable":true,"href":"https:\/\/www.lactissima.com\/a-tire-d-ailes\/wp-json\/wp\/v2\/comments?post=6902"}],"version-history":[{"count":2,"href":"https:\/\/www.lactissima.com\/a-tire-d-ailes\/wp-json\/wp\/v2\/posts\/6902\/revisions"}],"predecessor-version":[{"id":6905,"href":"https:\/\/www.lactissima.com\/a-tire-d-ailes\/wp-json\/wp\/v2\/posts\/6902\/revisions\/6905"}],"wp:featuredmedia":[{"embeddable":true,"href":"https:\/\/www.lactissima.com\/a-tire-d-ailes\/wp-json\/wp\/v2\/media\/6903"}],"wp:attachment":[{"href":"https:\/\/www.lactissima.com\/a-tire-d-ailes\/wp-json\/wp\/v2\/media?parent=6902"}],"wp:term":[{"taxonomy":"category","embeddable":true,"href":"https:\/\/www.lactissima.com\/a-tire-d-ailes\/wp-json\/wp\/v2\/categories?post=6902"},{"taxonomy":"post_tag","embeddable":true,"href":"https:\/\/www.lactissima.com\/a-tire-d-ailes\/wp-json\/wp\/v2\/tags?post=6902"}],"curies":[{"name":"wp","href":"https:\/\/api.w.org\/{rel}","templated":true}]}}