{"id":6885,"date":"2016-09-22T10:12:56","date_gmt":"2016-09-22T08:12:56","guid":{"rendered":"https:\/\/www.lactissima.com\/a-tire-d-ailes\/?p=6885"},"modified":"2025-01-20T10:30:52","modified_gmt":"2025-01-20T09:30:52","slug":"revue-de-presse-da-tire-dailes-65","status":"publish","type":"post","link":"https:\/\/www.lactissima.com\/a-tire-d-ailes\/revue-de-presse-da-tire-dailes-65\/","title":{"rendered":"La revue de presse d&rsquo;A tire d&rsquo;Ailes (65)"},"content":{"rendered":"<p style=\"text-align: justify;\"><img loading=\"lazy\" decoding=\"async\" class=\"alignright size-full wp-image-3483\" src=\"https:\/\/www.lactissima.com\/a-tire-d-ailes\/wp-content\/uploads\/journal.jpg\" alt=\"revue de presse\" width=\"336\" height=\"436\" srcset=\"https:\/\/www.lactissima.com\/a-tire-d-ailes\/wp-content\/uploads\/journal.jpg 336w, https:\/\/www.lactissima.com\/a-tire-d-ailes\/wp-content\/uploads\/journal-231x300.jpg 231w\" sizes=\"(max-width: 336px) 100vw, 336px\" \/>Voici l&rsquo;<strong>actualit\u00e9<\/strong> que j&rsquo;ai rep\u00e9r\u00e9e pour vous depuis un mois (et oui le mois d&rsquo;ao\u00fbt ne compte pas, j&rsquo;\u00e9tais en vacances \ud83d\ude09 ) :<\/p>\n<p style=\"text-align: justify;\">&#8211; De belles <strong>histoires<\/strong> :<\/p>\n<ul style=\"text-align: justify;\">\n<li>Son b\u00e9b\u00e9 a une <a href=\"http:\/\/www.neufmois.fr\/au-fil-de-lactu\/mere-courage-publie-photo-dallaitement-facebook-emeut-internautes\" target=\"_blank\" rel=\"noopener noreferrer\">leuc\u00e9mie<\/a> et elle souhaite poursuivre l&rsquo;allaitement.<\/li>\n<li>Un magnifique t\u00e9moignage !<\/li>\n<li>Celle qui tirait son lait pendant son semi-marathon.<\/li>\n<\/ul>\n<p style=\"text-align: justify;\">&#8211; Des <strong>articles<\/strong> :<\/p>\n<ul style=\"text-align: justify;\">\n<li>Retarder le d\u00e9but de l&rsquo;allaitement augmente s\u00e9rieusement le risque de d\u00e9c\u00e8s des nourrissons. Or, selon l&rsquo;Unicef, dans le monde, 77 millions de nouveau-n\u00e9s -soit un sur deux- ne sont pas allait\u00e9s au cours de leur premi\u00e8re heure de vie.<\/li>\n<li>La culpabilit\u00e9 autour de l&rsquo;allaitement.<\/li>\n<li><a href=\"http:\/\/cervenad.blogspot.fr\/2016\/08\/allaitement-et-developpement-cerebral.html\" target=\"_blank\" rel=\"noopener noreferrer\">Allaitement<\/a> et D\u00e9veloppement C\u00e9r\u00e9bral.<\/li>\n<li>\u00c2\u00abCouvrez ce <a href=\"https:\/\/etsionparlaitallaitement.com\/2016\/09\/06\/couvrez-ce-sein-que-je-ne-saurais-voir\/\" target=\"_blank\" rel=\"noopener noreferrer\">sein<\/a> que je ne saurais voir !\u00c2\u00bb<\/li>\n<li>Croatie : un banc d\u00e9di\u00e9 \u00e0 l&rsquo;allaitement.<\/li>\n<li><a href=\"https:\/\/allaiterbonheuretraison.wordpress.com\/2016\/09\/08\/leucemies-chez-lenfant-et-allaitement-le-point\/\" target=\"_blank\" rel=\"noopener noreferrer\">Leuc\u00e9mies<\/a> chez l&rsquo;enfant et allaitement : le point.<\/li>\n<\/ul>\n<p style=\"text-align: justify;\">&#8211; <strong>Travail<\/strong> et allaitement :<\/p>\n<ul style=\"text-align: justify;\">\n<li>Un tr\u00e8s bon article juridique sur l&rsquo;allaitement \u00e0 la reprise du travail.<\/li>\n<li>Des retours d&rsquo;exp\u00e9rience.<\/li>\n<\/ul>\n<p style=\"text-align: justify;\">&#8211; Un peu d&rsquo;<strong>histoire<\/strong> :<\/p>\n<ul style=\"text-align: justify;\">\n<li>Un article sur la premi\u00e8re cr\u00e8che en France. On y traite des soci\u00e9t\u00e9s de protection de l&rsquo;enfance. On y apprend que la soci\u00e9t\u00e9 d&rsquo;allaitement maternel, et celle de la protection de l&rsquo;enfance ont \u00e0 peu pr\u00e8s le m\u00eame but. \u00c2\u00ab les m\u00e8res qui nourrissent elles-m\u00eames leurs enfants sont soutenues, prot\u00e9g\u00e9es, aid\u00e9es par le c\u00c5\u201cur et les ressources de toutes les femmes int\u00e9ress\u00e9es \u00e0 la sant\u00e9 et au bien-\u00eatre des pauvres petits \u00eatres que menace la mis\u00e8re d\u00e8s leur entr\u00e9e de vie. C&rsquo;est dans le but de faciliter ce devoir au m\u00e8res indigentes retenues par un travail indispensable qu&rsquo;ont \u00e9t\u00e9 fond\u00e9es les cr\u00e8ches \u00c2\u00bb.<\/li>\n<li>Histoire de l&rsquo;allaitement au 20e si\u00e8cle.<\/li>\n<li>200 ans de tire-lait en 18 images.<\/li>\n<li>Un <a href=\"http:\/\/www.neufmois.fr\/au-fil-de-lactu\/dessin-anime-enfants-annees-90-parle-librement-de-lallaitement-decouvrez-lequel\" target=\"_blank\" rel=\"noopener noreferrer\">dessin anim\u00e9<\/a> pour enfants des ann\u00e9es 90 parle librement de l&rsquo;allaitement.<\/li>\n<\/ul>\n<p style=\"text-align: justify;\">&#8211; Des <strong>\u00e9tudes<\/strong> :<\/p>\n<ul style=\"text-align: justify;\">\n<li><a href=\"http:\/\/www.ncbi.nlm.nih.gov\/pubmed\/27441334\" target=\"_blank\" rel=\"noopener noreferrer\">Zika<\/a> ne contre-indique pas l&rsquo;allaitement.<\/li>\n<li>Le r\u00f4le des oligosaccharides du lait humain dans la lutte contre la colonisation par le  streptocoque B.<\/li>\n<li>Asthme : Son risque g\u00e9n\u00e9tique r\u00e9duit de 27% par l&rsquo;allaitement maternel.<\/li>\n<li>L&rsquo;allaitement permet de pr\u00e9venir le <a href=\"http:\/\/www.romandie.com\/news\/735493.rom\" target=\"_blank\" rel=\"noopener noreferrer\">diab\u00e8te<\/a>.<\/li>\n<\/ul>\n<p style=\"text-align: justify;\">&#8211; Mon <strong>coup de gueule<\/strong> (profitez-en, c&rsquo;est rare \ud83d\ude00 ) :<\/p>\n<p style=\"text-align: justify;\">Les courbes de croissance de l&rsquo;OMS ont \u00e9t\u00e9 faites uniquement avec des b\u00e9b\u00e9s allait\u00e9s et bien allait\u00e9s. Comme la norme alimentaire des b\u00e9b\u00e9s humains est d&rsquo;\u00eatre allait\u00e9s, la norme de croissance doit \u00eatre celle des b\u00e9b\u00e9s allait\u00e9s.<br \/>\nAinsi, pour s&rsquo;occuper au mieux des b\u00e9b\u00e9s qui ne sont pas allait\u00e9s, nous devrions tout mettre en oeuvre pour qu&rsquo;ils puissent suivre ces courbes qui correspondent \u00e0 des b\u00e9b\u00e9s humains ayant un d\u00e9veloppement harmonieux.<br \/>\nOn contribue ainsi \u00e0 diminuer les ri<span class=\"text_exposed_show\">sques d&rsquo;ob\u00e9sit\u00e9 par exemple.<br \/>\n<\/span>Les auteurs de cet <a href=\"http:\/\/sante.lefigaro.fr\/actualite\/2016\/07\/27\/25243-population-courbes-croissance-revoir#xtor=AL-10\" target=\"_blank\" rel=\"noopener noreferrer\">article<\/a> et les personnes interrog\u00e9es n&rsquo;ont absolument rien compris \u00e0 tout cela et voudraient des courbes fran\u00e7aises car les courbes de l&rsquo;OMS sont faites avec des b\u00e9b\u00e9s allait\u00e9s !!! Mais ils ne se rendent pas compte qu&rsquo;avec une telle fa\u00e7on de penser, ils contribuent \u00e0 d\u00e9t\u00e9riorer la prise en charge et la sant\u00e9 des b\u00e9b\u00e9s qui ne sont pas allait\u00e9s, en plus de ceux qui sont allait\u00e9s !<\/p>\n<p style=\"text-align: justify;\">&#8211; Des <strong>photos<\/strong> :<\/p>\n<ul style=\"text-align: justify;\">\n<li>De jolies <a href=\"https:\/\/mamanpouleetsabassecour.wordpress.com\/2016\/08\/29\/photos-allaitement\/\" target=\"_blank\" rel=\"noopener noreferrer\">photos<\/a> d&rsquo;allaitement !<\/li>\n<li>27 photos de deux seins pour <a href=\"http:\/\/quebec.huffingtonpost.ca\/2016\/09\/07\/27-photos-allaitement-seins-deux-bebes_n_11898856.html\" target=\"_blank\" rel=\"noopener noreferrer\">deux b\u00e9b\u00e9s<\/a>.<\/li>\n<li>Faire du Yoga et allaiter ? Mais pas de souci !<\/li>\n<\/ul>\n<p style=\"text-align: justify;\">&#8211; Des <strong>vid\u00e9os<\/strong> :<\/p>\n<ul>\n<li style=\"text-align: justify;\"><a href=\"https:\/\/www.youtube.com\/watch?v=B0haCWl9FEI&amp;app=desktop\" target=\"_blank\" rel=\"noopener noreferrer\">L&rsquo;allaitement<\/a> au Canada mais valable aussi en France.<\/li>\n<li style=\"text-align: justify;\">T\u00e9t\u00e9e de 3 <a href=\"https:\/\/www.facebook.com\/knightinlet\/?fref=nf\" target=\"_blank\" rel=\"noopener noreferrer\">oursons<\/a> bruns.<\/li>\n<\/ul>\n<p><strong>Rappel<\/strong> : vous pouvez traduire toutes les publications en anglais gr\u00e2ce \u00e0 Google et donc les lire \u00e0 peu pr\u00e8s correctement en fran\u00e7ais !<\/p>\n<p>Bonne <strong>lecture<\/strong> ! Et surtout, n&rsquo;h\u00e9sitez pas \u00e0 nous faire <strong>partager<\/strong> vos d\u00e9couvertes <\/p>\n<p>&nbsp;<\/p>\n<p><strong>Articles en rapport : <\/strong><\/p>\n<p>Voir l&rsquo;onglet <a title=\"Revues de presse\" href=\"https:\/\/www.lactissima.com\/a-tire-d-ailes\/revues-de-presse\/\" target=\"_blank\" rel=\"noopener noreferrer\">Revues de presse<\/a>.<\/p>\n<p>&nbsp;<\/p>\n<div class='et-box et-shadow'>\n\t\t\t\t\t<div class='et-box-content'>Lire des articles ou poser des questions en commentaire ne suffit pas \u00e0 r\u00e9soudre votre probl\u00e8me ?\nSavez-vous que vous pouvez prendre RDV pour une consultation avec moi ?\nN&rsquo;h\u00e9sitez pas \u00e0 me contacter !<\/div><\/div>\n<p>&nbsp;<\/p>\n","protected":false},"excerpt":{"rendered":"<p>Voici l&rsquo;actualit\u00e9 que j&rsquo;ai rep\u00e9r\u00e9e pour vous depuis un mois (et oui le mois d&rsquo;ao\u00fbt ne compte pas, j&rsquo;\u00e9tais en vacances \ud83d\ude09 ) : &#8211; De belles histoires : Son b\u00e9b\u00e9 a une leuc\u00e9mie et elle souhaite poursuivre l&rsquo;allaitement. Un magnifique t\u00e9moignage ! Celle qui tirait son lait pendant son semi-marathon. &#8211; Des articles : [&hellip;]<\/p>\n","protected":false},"author":170,"featured_media":3483,"comment_status":"open","ping_status":"open","sticky":false,"template":"","format":"standard","meta":{"_et_pb_use_builder":"","_et_pb_old_content":"","_et_gb_content_width":"","footnotes":""},"categories":[242],"tags":[],"class_list":["post-6885","post","type-post","status-publish","format-standard","has-post-thumbnail","hentry","category-revue-de-presse"],"yoast_head":"<!-- This site is optimized with the Yoast SEO plugin v27.4 - https:\/\/yoast.com\/product\/yoast-seo-wordpress\/ -->\n<title>La revue de presse d&#039;A tire d&#039;Ailes (65)<\/title>\n<meta name=\"description\" content=\"Une revue de presse qui nous parle d&#039;histoire et d&#039;allaitement.\" \/>\n<meta name=\"robots\" content=\"index, follow, max-snippet:-1, max-image-preview:large, max-video-preview:-1\" \/>\n<link rel=\"canonical\" href=\"https:\/\/www.lactissima.com\/a-tire-d-ailes\/revue-de-presse-da-tire-dailes-65\/\" \/>\n<meta property=\"og:locale\" content=\"fr_FR\" \/>\n<meta property=\"og:type\" content=\"article\" \/>\n<meta property=\"og:title\" content=\"La revue de presse d&#039;A tire d&#039;Ailes (65)\" \/>\n<meta property=\"og:description\" content=\"Une revue de presse qui nous parle d&#039;histoire et d&#039;allaitement.\" \/>\n<meta property=\"og:url\" content=\"https:\/\/www.lactissima.com\/a-tire-d-ailes\/revue-de-presse-da-tire-dailes-65\/\" \/>\n<meta property=\"og:site_name\" content=\"A tire d&#039;Ailes\" \/>\n<meta property=\"article:publisher\" content=\"https:\/\/www.facebook.com\/consultante.en.lactation\" \/>\n<meta property=\"article:author\" content=\"www.facebook.com\/consultante.en.lactation\" \/>\n<meta property=\"article:published_time\" content=\"2016-09-22T08:12:56+00:00\" \/>\n<meta property=\"article:modified_time\" content=\"2025-01-20T09:30:52+00:00\" \/>\n<meta property=\"og:image\" content=\"https:\/\/www.lactissima.com\/a-tire-d-ailes\/wp-content\/uploads\/journal.jpg\" \/>\n\t<meta property=\"og:image:width\" content=\"336\" \/>\n\t<meta property=\"og:image:height\" content=\"436\" \/>\n\t<meta property=\"og:image:type\" content=\"image\/jpeg\" \/>\n<meta name=\"author\" content=\"V\u00e9ronique Darmangeat\" \/>\n<meta name=\"twitter:card\" content=\"summary_large_image\" \/>\n<meta name=\"twitter:creator\" content=\"@VeroniqueIBCLC\" \/>\n<meta name=\"twitter:site\" content=\"@VeroniqueIBCLC\" \/>\n<meta name=\"twitter:label1\" content=\"\u00c9crit par\" \/>\n\t<meta name=\"twitter:data1\" content=\"V\u00e9ronique Darmangeat\" \/>\n\t<meta name=\"twitter:label2\" content=\"Dur\u00e9e de lecture estim\u00e9e\" \/>\n\t<meta name=\"twitter:data2\" content=\"3 minutes\" \/>\n<script type=\"application\/ld+json\" class=\"yoast-schema-graph\">{\"@context\":\"https:\\\/\\\/schema.org\",\"@graph\":[{\"@type\":\"Article\",\"@id\":\"https:\\\/\\\/www.lactissima.com\\\/a-tire-d-ailes\\\/revue-de-presse-da-tire-dailes-65\\\/#article\",\"isPartOf\":{\"@id\":\"https:\\\/\\\/www.lactissima.com\\\/a-tire-d-ailes\\\/revue-de-presse-da-tire-dailes-65\\\/\"},\"author\":{\"name\":\"V\u00e9ronique Darmangeat\",\"@id\":\"https:\\\/\\\/www.lactissima.com\\\/a-tire-d-ailes\\\/#\\\/schema\\\/person\\\/8f98d3a89530861bc1240e6d53d44eed\"},\"headline\":\"La revue de presse d&rsquo;A tire d&rsquo;Ailes (65)\",\"datePublished\":\"2016-09-22T08:12:56+00:00\",\"dateModified\":\"2025-01-20T09:30:52+00:00\",\"mainEntityOfPage\":{\"@id\":\"https:\\\/\\\/www.lactissima.com\\\/a-tire-d-ailes\\\/revue-de-presse-da-tire-dailes-65\\\/\"},\"wordCount\":706,\"commentCount\":12,\"image\":{\"@id\":\"https:\\\/\\\/www.lactissima.com\\\/a-tire-d-ailes\\\/revue-de-presse-da-tire-dailes-65\\\/#primaryimage\"},\"thumbnailUrl\":\"https:\\\/\\\/www.lactissima.com\\\/a-tire-d-ailes\\\/wp-content\\\/uploads\\\/journal.jpg\",\"articleSection\":[\"Revue de presse\"],\"inLanguage\":\"fr-FR\",\"potentialAction\":[{\"@type\":\"CommentAction\",\"name\":\"Comment\",\"target\":[\"https:\\\/\\\/www.lactissima.com\\\/a-tire-d-ailes\\\/revue-de-presse-da-tire-dailes-65\\\/#respond\"]}]},{\"@type\":\"WebPage\",\"@id\":\"https:\\\/\\\/www.lactissima.com\\\/a-tire-d-ailes\\\/revue-de-presse-da-tire-dailes-65\\\/\",\"url\":\"https:\\\/\\\/www.lactissima.com\\\/a-tire-d-ailes\\\/revue-de-presse-da-tire-dailes-65\\\/\",\"name\":\"La revue de presse d'A tire d'Ailes (65)\",\"isPartOf\":{\"@id\":\"https:\\\/\\\/www.lactissima.com\\\/a-tire-d-ailes\\\/#website\"},\"primaryImageOfPage\":{\"@id\":\"https:\\\/\\\/www.lactissima.com\\\/a-tire-d-ailes\\\/revue-de-presse-da-tire-dailes-65\\\/#primaryimage\"},\"image\":{\"@id\":\"https:\\\/\\\/www.lactissima.com\\\/a-tire-d-ailes\\\/revue-de-presse-da-tire-dailes-65\\\/#primaryimage\"},\"thumbnailUrl\":\"https:\\\/\\\/www.lactissima.com\\\/a-tire-d-ailes\\\/wp-content\\\/uploads\\\/journal.jpg\",\"datePublished\":\"2016-09-22T08:12:56+00:00\",\"dateModified\":\"2025-01-20T09:30:52+00:00\",\"author\":{\"@id\":\"https:\\\/\\\/www.lactissima.com\\\/a-tire-d-ailes\\\/#\\\/schema\\\/person\\\/8f98d3a89530861bc1240e6d53d44eed\"},\"description\":\"Une revue de presse qui nous parle d'histoire et d'allaitement.\",\"breadcrumb\":{\"@id\":\"https:\\\/\\\/www.lactissima.com\\\/a-tire-d-ailes\\\/revue-de-presse-da-tire-dailes-65\\\/#breadcrumb\"},\"inLanguage\":\"fr-FR\",\"potentialAction\":[{\"@type\":\"ReadAction\",\"target\":[\"https:\\\/\\\/www.lactissima.com\\\/a-tire-d-ailes\\\/revue-de-presse-da-tire-dailes-65\\\/\"]}]},{\"@type\":\"ImageObject\",\"inLanguage\":\"fr-FR\",\"@id\":\"https:\\\/\\\/www.lactissima.com\\\/a-tire-d-ailes\\\/revue-de-presse-da-tire-dailes-65\\\/#primaryimage\",\"url\":\"https:\\\/\\\/www.lactissima.com\\\/a-tire-d-ailes\\\/wp-content\\\/uploads\\\/journal.jpg\",\"contentUrl\":\"https:\\\/\\\/www.lactissima.com\\\/a-tire-d-ailes\\\/wp-content\\\/uploads\\\/journal.jpg\",\"width\":\"336\",\"height\":\"436\"},{\"@type\":\"BreadcrumbList\",\"@id\":\"https:\\\/\\\/www.lactissima.com\\\/a-tire-d-ailes\\\/revue-de-presse-da-tire-dailes-65\\\/#breadcrumb\",\"itemListElement\":[{\"@type\":\"ListItem\",\"position\":1,\"name\":\"Accueil\",\"item\":\"https:\\\/\\\/www.lactissima.com\\\/a-tire-d-ailes\\\/\"},{\"@type\":\"ListItem\",\"position\":2,\"name\":\"La revue de presse d&rsquo;A tire d&rsquo;Ailes (65)\"}]},{\"@type\":\"WebSite\",\"@id\":\"https:\\\/\\\/www.lactissima.com\\\/a-tire-d-ailes\\\/#website\",\"url\":\"https:\\\/\\\/www.lactissima.com\\\/a-tire-d-ailes\\\/\",\"name\":\"A tire d&#039;Ailes\",\"description\":\"Le blog des femmes qui allaitent et travaillent.\",\"potentialAction\":[{\"@type\":\"SearchAction\",\"target\":{\"@type\":\"EntryPoint\",\"urlTemplate\":\"https:\\\/\\\/www.lactissima.com\\\/a-tire-d-ailes\\\/?s={search_term_string}\"},\"query-input\":{\"@type\":\"PropertyValueSpecification\",\"valueRequired\":true,\"valueName\":\"search_term_string\"}}],\"inLanguage\":\"fr-FR\"},{\"@type\":\"Person\",\"@id\":\"https:\\\/\\\/www.lactissima.com\\\/a-tire-d-ailes\\\/#\\\/schema\\\/person\\\/8f98d3a89530861bc1240e6d53d44eed\",\"name\":\"V\u00e9ronique Darmangeat\",\"image\":{\"@type\":\"ImageObject\",\"inLanguage\":\"fr-FR\",\"@id\":\"https:\\\/\\\/secure.gravatar.com\\\/avatar\\\/268c99344c89cebfe4f5df5fa8be43068a18884fc76a29f3206fae98465b9cab?s=96&d=identicon&r=g\",\"url\":\"https:\\\/\\\/secure.gravatar.com\\\/avatar\\\/268c99344c89cebfe4f5df5fa8be43068a18884fc76a29f3206fae98465b9cab?s=96&d=identicon&r=g\",\"contentUrl\":\"https:\\\/\\\/secure.gravatar.com\\\/avatar\\\/268c99344c89cebfe4f5df5fa8be43068a18884fc76a29f3206fae98465b9cab?s=96&d=identicon&r=g\",\"caption\":\"V\u00e9ronique Darmangeat\"},\"sameAs\":[\"https:\\\/\\\/www.lactissima.com\\\/a-tire-d-ailes\",\"www.facebook.com\\\/consultante.en.lactation\"]}]}<\/script>\n<!-- \/ Yoast SEO plugin. -->","yoast_head_json":{"title":"La revue de presse d'A tire d'Ailes (65)","description":"Une revue de presse qui nous parle d'histoire et d'allaitement.","robots":{"index":"index","follow":"follow","max-snippet":"max-snippet:-1","max-image-preview":"max-image-preview:large","max-video-preview":"max-video-preview:-1"},"canonical":"https:\/\/www.lactissima.com\/a-tire-d-ailes\/revue-de-presse-da-tire-dailes-65\/","og_locale":"fr_FR","og_type":"article","og_title":"La revue de presse d'A tire d'Ailes (65)","og_description":"Une revue de presse qui nous parle d'histoire et d'allaitement.","og_url":"https:\/\/www.lactissima.com\/a-tire-d-ailes\/revue-de-presse-da-tire-dailes-65\/","og_site_name":"A tire d&#039;Ailes","article_publisher":"https:\/\/www.facebook.com\/consultante.en.lactation","article_author":"www.facebook.com\/consultante.en.lactation","article_published_time":"2016-09-22T08:12:56+00:00","article_modified_time":"2025-01-20T09:30:52+00:00","og_image":[{"width":336,"height":436,"url":"https:\/\/www.lactissima.com\/a-tire-d-ailes\/wp-content\/uploads\/journal.jpg","type":"image\/jpeg"}],"author":"V\u00e9ronique Darmangeat","twitter_card":"summary_large_image","twitter_creator":"@VeroniqueIBCLC","twitter_site":"@VeroniqueIBCLC","twitter_misc":{"\u00c9crit par":"V\u00e9ronique Darmangeat","Dur\u00e9e de lecture estim\u00e9e":"3 minutes"},"schema":{"@context":"https:\/\/schema.org","@graph":[{"@type":"Article","@id":"https:\/\/www.lactissima.com\/a-tire-d-ailes\/revue-de-presse-da-tire-dailes-65\/#article","isPartOf":{"@id":"https:\/\/www.lactissima.com\/a-tire-d-ailes\/revue-de-presse-da-tire-dailes-65\/"},"author":{"name":"V\u00e9ronique Darmangeat","@id":"https:\/\/www.lactissima.com\/a-tire-d-ailes\/#\/schema\/person\/8f98d3a89530861bc1240e6d53d44eed"},"headline":"La revue de presse d&rsquo;A tire d&rsquo;Ailes (65)","datePublished":"2016-09-22T08:12:56+00:00","dateModified":"2025-01-20T09:30:52+00:00","mainEntityOfPage":{"@id":"https:\/\/www.lactissima.com\/a-tire-d-ailes\/revue-de-presse-da-tire-dailes-65\/"},"wordCount":706,"commentCount":12,"image":{"@id":"https:\/\/www.lactissima.com\/a-tire-d-ailes\/revue-de-presse-da-tire-dailes-65\/#primaryimage"},"thumbnailUrl":"https:\/\/www.lactissima.com\/a-tire-d-ailes\/wp-content\/uploads\/journal.jpg","articleSection":["Revue de presse"],"inLanguage":"fr-FR","potentialAction":[{"@type":"CommentAction","name":"Comment","target":["https:\/\/www.lactissima.com\/a-tire-d-ailes\/revue-de-presse-da-tire-dailes-65\/#respond"]}]},{"@type":"WebPage","@id":"https:\/\/www.lactissima.com\/a-tire-d-ailes\/revue-de-presse-da-tire-dailes-65\/","url":"https:\/\/www.lactissima.com\/a-tire-d-ailes\/revue-de-presse-da-tire-dailes-65\/","name":"La revue de presse d'A tire d'Ailes (65)","isPartOf":{"@id":"https:\/\/www.lactissima.com\/a-tire-d-ailes\/#website"},"primaryImageOfPage":{"@id":"https:\/\/www.lactissima.com\/a-tire-d-ailes\/revue-de-presse-da-tire-dailes-65\/#primaryimage"},"image":{"@id":"https:\/\/www.lactissima.com\/a-tire-d-ailes\/revue-de-presse-da-tire-dailes-65\/#primaryimage"},"thumbnailUrl":"https:\/\/www.lactissima.com\/a-tire-d-ailes\/wp-content\/uploads\/journal.jpg","datePublished":"2016-09-22T08:12:56+00:00","dateModified":"2025-01-20T09:30:52+00:00","author":{"@id":"https:\/\/www.lactissima.com\/a-tire-d-ailes\/#\/schema\/person\/8f98d3a89530861bc1240e6d53d44eed"},"description":"Une revue de presse qui nous parle d'histoire et d'allaitement.","breadcrumb":{"@id":"https:\/\/www.lactissima.com\/a-tire-d-ailes\/revue-de-presse-da-tire-dailes-65\/#breadcrumb"},"inLanguage":"fr-FR","potentialAction":[{"@type":"ReadAction","target":["https:\/\/www.lactissima.com\/a-tire-d-ailes\/revue-de-presse-da-tire-dailes-65\/"]}]},{"@type":"ImageObject","inLanguage":"fr-FR","@id":"https:\/\/www.lactissima.com\/a-tire-d-ailes\/revue-de-presse-da-tire-dailes-65\/#primaryimage","url":"https:\/\/www.lactissima.com\/a-tire-d-ailes\/wp-content\/uploads\/journal.jpg","contentUrl":"https:\/\/www.lactissima.com\/a-tire-d-ailes\/wp-content\/uploads\/journal.jpg","width":"336","height":"436"},{"@type":"BreadcrumbList","@id":"https:\/\/www.lactissima.com\/a-tire-d-ailes\/revue-de-presse-da-tire-dailes-65\/#breadcrumb","itemListElement":[{"@type":"ListItem","position":1,"name":"Accueil","item":"https:\/\/www.lactissima.com\/a-tire-d-ailes\/"},{"@type":"ListItem","position":2,"name":"La revue de presse d&rsquo;A tire d&rsquo;Ailes (65)"}]},{"@type":"WebSite","@id":"https:\/\/www.lactissima.com\/a-tire-d-ailes\/#website","url":"https:\/\/www.lactissima.com\/a-tire-d-ailes\/","name":"A tire d&#039;Ailes","description":"Le blog des femmes qui allaitent et travaillent.","potentialAction":[{"@type":"SearchAction","target":{"@type":"EntryPoint","urlTemplate":"https:\/\/www.lactissima.com\/a-tire-d-ailes\/?s={search_term_string}"},"query-input":{"@type":"PropertyValueSpecification","valueRequired":true,"valueName":"search_term_string"}}],"inLanguage":"fr-FR"},{"@type":"Person","@id":"https:\/\/www.lactissima.com\/a-tire-d-ailes\/#\/schema\/person\/8f98d3a89530861bc1240e6d53d44eed","name":"V\u00e9ronique Darmangeat","image":{"@type":"ImageObject","inLanguage":"fr-FR","@id":"https:\/\/secure.gravatar.com\/avatar\/268c99344c89cebfe4f5df5fa8be43068a18884fc76a29f3206fae98465b9cab?s=96&d=identicon&r=g","url":"https:\/\/secure.gravatar.com\/avatar\/268c99344c89cebfe4f5df5fa8be43068a18884fc76a29f3206fae98465b9cab?s=96&d=identicon&r=g","contentUrl":"https:\/\/secure.gravatar.com\/avatar\/268c99344c89cebfe4f5df5fa8be43068a18884fc76a29f3206fae98465b9cab?s=96&d=identicon&r=g","caption":"V\u00e9ronique Darmangeat"},"sameAs":["https:\/\/www.lactissima.com\/a-tire-d-ailes","www.facebook.com\/consultante.en.lactation"]}]}},"_links":{"self":[{"href":"https:\/\/www.lactissima.com\/a-tire-d-ailes\/wp-json\/wp\/v2\/posts\/6885","targetHints":{"allow":["GET"]}}],"collection":[{"href":"https:\/\/www.lactissima.com\/a-tire-d-ailes\/wp-json\/wp\/v2\/posts"}],"about":[{"href":"https:\/\/www.lactissima.com\/a-tire-d-ailes\/wp-json\/wp\/v2\/types\/post"}],"author":[{"embeddable":true,"href":"https:\/\/www.lactissima.com\/a-tire-d-ailes\/wp-json\/wp\/v2\/users\/170"}],"replies":[{"embeddable":true,"href":"https:\/\/www.lactissima.com\/a-tire-d-ailes\/wp-json\/wp\/v2\/comments?post=6885"}],"version-history":[{"count":17,"href":"https:\/\/www.lactissima.com\/a-tire-d-ailes\/wp-json\/wp\/v2\/posts\/6885\/revisions"}],"predecessor-version":[{"id":9648,"href":"https:\/\/www.lactissima.com\/a-tire-d-ailes\/wp-json\/wp\/v2\/posts\/6885\/revisions\/9648"}],"wp:featuredmedia":[{"embeddable":true,"href":"https:\/\/www.lactissima.com\/a-tire-d-ailes\/wp-json\/wp\/v2\/media\/3483"}],"wp:attachment":[{"href":"https:\/\/www.lactissima.com\/a-tire-d-ailes\/wp-json\/wp\/v2\/media?parent=6885"}],"wp:term":[{"taxonomy":"category","embeddable":true,"href":"https:\/\/www.lactissima.com\/a-tire-d-ailes\/wp-json\/wp\/v2\/categories?post=6885"},{"taxonomy":"post_tag","embeddable":true,"href":"https:\/\/www.lactissima.com\/a-tire-d-ailes\/wp-json\/wp\/v2\/tags?post=6885"}],"curies":[{"name":"wp","href":"https:\/\/api.w.org\/{rel}","templated":true}]}}