{"id":6878,"date":"2016-09-14T09:25:48","date_gmt":"2016-09-14T07:25:48","guid":{"rendered":"https:\/\/www.lactissima.com\/a-tire-d-ailes\/?p=6878"},"modified":"2016-09-14T09:25:48","modified_gmt":"2016-09-14T07:25:48","slug":"travailler-horaires-irreguliers","status":"publish","type":"post","link":"https:\/\/www.lactissima.com\/a-tire-d-ailes\/travailler-horaires-irreguliers\/","title":{"rendered":"Travailler en horaires irr\u00e9guliers"},"content":{"rendered":"<p style=\"text-align: justify;\"><img loading=\"lazy\" decoding=\"async\" class=\"alignright wp-image-6879 size-full\" src=\"https:\/\/www.lactissima.com\/a-tire-d-ailes\/wp-content\/uploads\/2016\/09\/horaires-d\u00e9cal\u00e9s.jpg\" alt=\"travailler en horaires irr\u00e9guliers\" width=\"207\" height=\"240\" \/>De nombreuses femmes travaillent en <strong>horaires irr\u00e9guliers<\/strong> : professionnelles de sant\u00e9 hospitali\u00e8res, femmes travaillant dans les medias, photographes, musiciennes et toute personne travaillant dans les m\u00e9tiers du spectacle, chauffeurs routiers (oui il y a des femmes aussi dans ce m\u00e9tier), et j&rsquo;en oublie s\u00fbrement&#8230;<\/p>\n<p style=\"text-align: justify;\">Pour toutes ces femmes, l&rsquo;<a href=\"https:\/\/www.lactissima.com\/a-tire-d-ailes\/lorganisation-familiale\/\" target=\"_blank\">organisation<\/a> de la vie personnelle est compliqu\u00e9e car il faut trouver une garde irr\u00e9guli\u00e8re pour les enfants et que l&rsquo;on a souvent du mal \u00e0 planifier.<\/p>\n<p style=\"text-align: justify;\">Pour la <strong>poursuite de l&rsquo;allaitement<\/strong>, est-ce un probl\u00e8me ?<\/p>\n<p style=\"text-align: justify;\">Si vous faites partie des femmes qui souhaitent <a href=\"https:\/\/www.lactissima.com\/a-tire-d-ailes\/comment-tirer-son-lait\/\" target=\"_blank\">tirer leur lait<\/a>, le fait de ne pas avoir d&rsquo;horaires r\u00e9guliers n&rsquo;est pas vraiment un souci : vous tirez votre lait lorsque vous travaillez, quels que soient vos horaires et votre b\u00e9b\u00e9 le prend en votre absence. Normalement, pas de souci d&rsquo;engorgement puisque vous tirez votre lait.<\/p>\n<p style=\"text-align: justify;\">Si vous faites un <a href=\"https:\/\/www.lactissima.com\/a-tire-d-ailes\/allaitement-mixte\/\" target=\"_blank\">allaitement mixte<\/a> avec des biberons de pr\u00e9paration pour nourrisson donn\u00e9s en votre absence et un allaitement \u00e0 la demande quand vous \u00eates avec votre enfant, la situation peut se compliquer un peu.<br \/>\nSoit vous avez la chance d&rsquo;avoir des seins qui s&rsquo;adaptent facilement et vous \u00e9viterez les <a href=\"https:\/\/www.lactissima.com\/a-tire-d-ailes\/engorgement\/\" target=\"_blank\">engorgements<\/a>, soit au contraire vos seins s&rsquo;engorgement au moindre changement de rythme et la reprise du travail risque d&rsquo;\u00eatre compliqu\u00e9e. Dans ce dernier cas, je vous sugg\u00e8re de pr\u00e9voir un petit <a href=\"https:\/\/www.lactissima.com\/a-tire-d-ailes\/le-point-sur-les-tire-lait\/\" target=\"_blank\">tire-lait manuel<\/a> au travail, juste pour soulager les seins si vous les sentez trop tendus, m\u00eame si vous ne gardez pas ce lait.<\/p>\n<p style=\"text-align: justify;\">En g\u00e9n\u00e9ral, lorsque que l&rsquo;on travaille en horaires d\u00e9cal\u00e9s, on a droit \u00e0 des jours de <strong>r\u00e9cup\u00e9ration<\/strong> (sauf si vous travaillez \u00e0 votre compte&#8230;). Ces jours de r\u00e9cup\u00e9ration permettent de reprendre un allaitement complet et de relancer la lactation r\u00e9guli\u00e8rement, ce qui permet \u00e0 l&rsquo;allaitement de se poursuivre sans trop de risques.<\/p>\n<p style=\"text-align: justify;\">Et <strong>vous<\/strong>, travaillez-vous en horaires d\u00e9cal\u00e9s ? Comment l&rsquo;allaitement se passe t-il pour vous ?<\/p>\n<p style=\"text-align: justify;\"><strong>Articles en rapport :<\/strong><\/p>\n<ul>\n<li style=\"text-align: justify;\"><a href=\"https:\/\/www.lactissima.com\/a-tire-d-ailes\/petit-memo-conjuguer-allaitement-travail-nuit\/\" target=\"_blank\">Petit m\u00e9mo pour conjuguer allaitement et travail de nuit<\/a><\/li>\n<li style=\"text-align: justify;\"><a href=\"https:\/\/www.lactissima.com\/a-tire-d-ailes\/allaitement-et-travail-de-nuit\/\" target=\"_blank\">Allaitement et travail de nuit<\/a><\/li>\n<\/ul>\n<div class='et-box et-shadow'>\n\t\t\t\t\t<div class='et-box-content'>Lire des articles ou poser des questions en commentaire ne suffit pas \u00e0 r\u00e9soudre votre probl\u00e8me ?\nSavez-vous que vous pouvez prendre RDV pour une consultation avec moi ?\nN&rsquo;h\u00e9sitez pas \u00e0 me contacter !<\/div><\/div>\n","protected":false},"excerpt":{"rendered":"<p>De nombreuses femmes travaillent en horaires irr\u00e9guliers : professionnelles de sant\u00e9 hospitali\u00e8res, femmes travaillant dans les medias, photographes, musiciennes et toute personne travaillant dans les m\u00e9tiers du spectacle, chauffeurs routiers (oui il y a des femmes aussi dans ce m\u00e9tier), et j&rsquo;en oublie s\u00fbrement&#8230; Pour toutes ces femmes, l&rsquo;organisation de la vie personnelle est compliqu\u00e9e [&hellip;]<\/p>\n","protected":false},"author":170,"featured_media":6879,"comment_status":"open","ping_status":"open","sticky":false,"template":"","format":"standard","meta":{"_et_pb_use_builder":"","_et_pb_old_content":"","_et_gb_content_width":"","footnotes":""},"categories":[36,709,708],"tags":[],"class_list":["post-6878","post","type-post","status-publish","format-standard","has-post-thumbnail","hentry","category-allaitement-et-travail","category-allaitement-mixte","category-tirer-son-lait"],"yoast_head":"<!-- This site is optimized with the Yoast SEO plugin v27.4 - https:\/\/yoast.com\/product\/yoast-seo-wordpress\/ -->\n<title>Travailler en horaires irr\u00e9guliers<\/title>\n<meta name=\"description\" content=\"Comment le fait de travailler en horaires irr\u00e9guliers impacte t-il la poursuite de l&#039;allaitement ? Que l&#039;on tire son lait ou en allaitement mixte.\" \/>\n<meta name=\"robots\" content=\"index, follow, max-snippet:-1, max-image-preview:large, max-video-preview:-1\" \/>\n<link rel=\"canonical\" href=\"https:\/\/www.lactissima.com\/a-tire-d-ailes\/travailler-horaires-irreguliers\/\" \/>\n<meta property=\"og:locale\" content=\"fr_FR\" \/>\n<meta property=\"og:type\" content=\"article\" \/>\n<meta property=\"og:title\" content=\"Travailler en horaires irr\u00e9guliers\" \/>\n<meta property=\"og:description\" content=\"Comment le fait de travailler en horaires irr\u00e9guliers impacte t-il la poursuite de l&#039;allaitement ? Que l&#039;on tire son lait ou en allaitement mixte.\" \/>\n<meta property=\"og:url\" content=\"https:\/\/www.lactissima.com\/a-tire-d-ailes\/travailler-horaires-irreguliers\/\" \/>\n<meta property=\"og:site_name\" content=\"A tire d&#039;Ailes\" \/>\n<meta property=\"article:publisher\" content=\"https:\/\/www.facebook.com\/consultante.en.lactation\" \/>\n<meta property=\"article:author\" content=\"www.facebook.com\/consultante.en.lactation\" \/>\n<meta property=\"article:published_time\" content=\"2016-09-14T07:25:48+00:00\" \/>\n<meta property=\"og:image\" content=\"https:\/\/www.lactissima.com\/a-tire-d-ailes\/wp-content\/uploads\/2016\/09\/horaires-d\u00e9cal\u00e9s.jpg\" \/>\n\t<meta property=\"og:image:width\" content=\"207\" \/>\n\t<meta property=\"og:image:height\" content=\"240\" \/>\n\t<meta property=\"og:image:type\" content=\"image\/jpeg\" \/>\n<meta name=\"author\" content=\"V\u00e9ronique Darmangeat\" \/>\n<meta name=\"twitter:card\" content=\"summary_large_image\" \/>\n<meta name=\"twitter:creator\" content=\"@VeroniqueIBCLC\" \/>\n<meta name=\"twitter:site\" content=\"@VeroniqueIBCLC\" \/>\n<meta name=\"twitter:label1\" content=\"\u00c9crit par\" \/>\n\t<meta name=\"twitter:data1\" content=\"V\u00e9ronique Darmangeat\" \/>\n\t<meta name=\"twitter:label2\" content=\"Dur\u00e9e de lecture estim\u00e9e\" \/>\n\t<meta name=\"twitter:data2\" content=\"2 minutes\" \/>\n<script type=\"application\/ld+json\" class=\"yoast-schema-graph\">{\"@context\":\"https:\\\/\\\/schema.org\",\"@graph\":[{\"@type\":\"Article\",\"@id\":\"https:\\\/\\\/www.lactissima.com\\\/a-tire-d-ailes\\\/travailler-horaires-irreguliers\\\/#article\",\"isPartOf\":{\"@id\":\"https:\\\/\\\/www.lactissima.com\\\/a-tire-d-ailes\\\/travailler-horaires-irreguliers\\\/\"},\"author\":{\"name\":\"V\u00e9ronique Darmangeat\",\"@id\":\"https:\\\/\\\/www.lactissima.com\\\/a-tire-d-ailes\\\/#\\\/schema\\\/person\\\/8f98d3a89530861bc1240e6d53d44eed\"},\"headline\":\"Travailler en horaires irr\u00e9guliers\",\"datePublished\":\"2016-09-14T07:25:48+00:00\",\"mainEntityOfPage\":{\"@id\":\"https:\\\/\\\/www.lactissima.com\\\/a-tire-d-ailes\\\/travailler-horaires-irreguliers\\\/\"},\"wordCount\":402,\"commentCount\":2,\"image\":{\"@id\":\"https:\\\/\\\/www.lactissima.com\\\/a-tire-d-ailes\\\/travailler-horaires-irreguliers\\\/#primaryimage\"},\"thumbnailUrl\":\"https:\\\/\\\/www.lactissima.com\\\/a-tire-d-ailes\\\/wp-content\\\/uploads\\\/2016\\\/09\\\/horaires-d\u00e9cal\u00e9s.jpg\",\"articleSection\":[\"Allaitement et Travail\",\"allaitement mixte\",\"Tirer son lait\"],\"inLanguage\":\"fr-FR\",\"potentialAction\":[{\"@type\":\"CommentAction\",\"name\":\"Comment\",\"target\":[\"https:\\\/\\\/www.lactissima.com\\\/a-tire-d-ailes\\\/travailler-horaires-irreguliers\\\/#respond\"]}]},{\"@type\":\"WebPage\",\"@id\":\"https:\\\/\\\/www.lactissima.com\\\/a-tire-d-ailes\\\/travailler-horaires-irreguliers\\\/\",\"url\":\"https:\\\/\\\/www.lactissima.com\\\/a-tire-d-ailes\\\/travailler-horaires-irreguliers\\\/\",\"name\":\"Travailler en horaires irr\u00e9guliers\",\"isPartOf\":{\"@id\":\"https:\\\/\\\/www.lactissima.com\\\/a-tire-d-ailes\\\/#website\"},\"primaryImageOfPage\":{\"@id\":\"https:\\\/\\\/www.lactissima.com\\\/a-tire-d-ailes\\\/travailler-horaires-irreguliers\\\/#primaryimage\"},\"image\":{\"@id\":\"https:\\\/\\\/www.lactissima.com\\\/a-tire-d-ailes\\\/travailler-horaires-irreguliers\\\/#primaryimage\"},\"thumbnailUrl\":\"https:\\\/\\\/www.lactissima.com\\\/a-tire-d-ailes\\\/wp-content\\\/uploads\\\/2016\\\/09\\\/horaires-d\u00e9cal\u00e9s.jpg\",\"datePublished\":\"2016-09-14T07:25:48+00:00\",\"author\":{\"@id\":\"https:\\\/\\\/www.lactissima.com\\\/a-tire-d-ailes\\\/#\\\/schema\\\/person\\\/8f98d3a89530861bc1240e6d53d44eed\"},\"description\":\"Comment le fait de travailler en horaires irr\u00e9guliers impacte t-il la poursuite de l'allaitement ? Que l'on tire son lait ou en allaitement mixte.\",\"breadcrumb\":{\"@id\":\"https:\\\/\\\/www.lactissima.com\\\/a-tire-d-ailes\\\/travailler-horaires-irreguliers\\\/#breadcrumb\"},\"inLanguage\":\"fr-FR\",\"potentialAction\":[{\"@type\":\"ReadAction\",\"target\":[\"https:\\\/\\\/www.lactissima.com\\\/a-tire-d-ailes\\\/travailler-horaires-irreguliers\\\/\"]}]},{\"@type\":\"ImageObject\",\"inLanguage\":\"fr-FR\",\"@id\":\"https:\\\/\\\/www.lactissima.com\\\/a-tire-d-ailes\\\/travailler-horaires-irreguliers\\\/#primaryimage\",\"url\":\"https:\\\/\\\/www.lactissima.com\\\/a-tire-d-ailes\\\/wp-content\\\/uploads\\\/2016\\\/09\\\/horaires-d\u00e9cal\u00e9s.jpg\",\"contentUrl\":\"https:\\\/\\\/www.lactissima.com\\\/a-tire-d-ailes\\\/wp-content\\\/uploads\\\/2016\\\/09\\\/horaires-d\u00e9cal\u00e9s.jpg\",\"width\":207,\"height\":240},{\"@type\":\"BreadcrumbList\",\"@id\":\"https:\\\/\\\/www.lactissima.com\\\/a-tire-d-ailes\\\/travailler-horaires-irreguliers\\\/#breadcrumb\",\"itemListElement\":[{\"@type\":\"ListItem\",\"position\":1,\"name\":\"Accueil\",\"item\":\"https:\\\/\\\/www.lactissima.com\\\/a-tire-d-ailes\\\/\"},{\"@type\":\"ListItem\",\"position\":2,\"name\":\"Travailler en horaires irr\u00e9guliers\"}]},{\"@type\":\"WebSite\",\"@id\":\"https:\\\/\\\/www.lactissima.com\\\/a-tire-d-ailes\\\/#website\",\"url\":\"https:\\\/\\\/www.lactissima.com\\\/a-tire-d-ailes\\\/\",\"name\":\"A tire d&#039;Ailes\",\"description\":\"Le blog des femmes qui allaitent et travaillent.\",\"potentialAction\":[{\"@type\":\"SearchAction\",\"target\":{\"@type\":\"EntryPoint\",\"urlTemplate\":\"https:\\\/\\\/www.lactissima.com\\\/a-tire-d-ailes\\\/?s={search_term_string}\"},\"query-input\":{\"@type\":\"PropertyValueSpecification\",\"valueRequired\":true,\"valueName\":\"search_term_string\"}}],\"inLanguage\":\"fr-FR\"},{\"@type\":\"Person\",\"@id\":\"https:\\\/\\\/www.lactissima.com\\\/a-tire-d-ailes\\\/#\\\/schema\\\/person\\\/8f98d3a89530861bc1240e6d53d44eed\",\"name\":\"V\u00e9ronique Darmangeat\",\"image\":{\"@type\":\"ImageObject\",\"inLanguage\":\"fr-FR\",\"@id\":\"https:\\\/\\\/secure.gravatar.com\\\/avatar\\\/268c99344c89cebfe4f5df5fa8be43068a18884fc76a29f3206fae98465b9cab?s=96&d=identicon&r=g\",\"url\":\"https:\\\/\\\/secure.gravatar.com\\\/avatar\\\/268c99344c89cebfe4f5df5fa8be43068a18884fc76a29f3206fae98465b9cab?s=96&d=identicon&r=g\",\"contentUrl\":\"https:\\\/\\\/secure.gravatar.com\\\/avatar\\\/268c99344c89cebfe4f5df5fa8be43068a18884fc76a29f3206fae98465b9cab?s=96&d=identicon&r=g\",\"caption\":\"V\u00e9ronique Darmangeat\"},\"sameAs\":[\"https:\\\/\\\/www.lactissima.com\\\/a-tire-d-ailes\",\"www.facebook.com\\\/consultante.en.lactation\"]}]}<\/script>\n<!-- \/ Yoast SEO plugin. -->","yoast_head_json":{"title":"Travailler en horaires irr\u00e9guliers","description":"Comment le fait de travailler en horaires irr\u00e9guliers impacte t-il la poursuite de l'allaitement ? Que l'on tire son lait ou en allaitement mixte.","robots":{"index":"index","follow":"follow","max-snippet":"max-snippet:-1","max-image-preview":"max-image-preview:large","max-video-preview":"max-video-preview:-1"},"canonical":"https:\/\/www.lactissima.com\/a-tire-d-ailes\/travailler-horaires-irreguliers\/","og_locale":"fr_FR","og_type":"article","og_title":"Travailler en horaires irr\u00e9guliers","og_description":"Comment le fait de travailler en horaires irr\u00e9guliers impacte t-il la poursuite de l'allaitement ? Que l'on tire son lait ou en allaitement mixte.","og_url":"https:\/\/www.lactissima.com\/a-tire-d-ailes\/travailler-horaires-irreguliers\/","og_site_name":"A tire d&#039;Ailes","article_publisher":"https:\/\/www.facebook.com\/consultante.en.lactation","article_author":"www.facebook.com\/consultante.en.lactation","article_published_time":"2016-09-14T07:25:48+00:00","og_image":[{"width":207,"height":240,"url":"https:\/\/www.lactissima.com\/a-tire-d-ailes\/wp-content\/uploads\/2016\/09\/horaires-d\u00e9cal\u00e9s.jpg","type":"image\/jpeg"}],"author":"V\u00e9ronique Darmangeat","twitter_card":"summary_large_image","twitter_creator":"@VeroniqueIBCLC","twitter_site":"@VeroniqueIBCLC","twitter_misc":{"\u00c9crit par":"V\u00e9ronique Darmangeat","Dur\u00e9e de lecture estim\u00e9e":"2 minutes"},"schema":{"@context":"https:\/\/schema.org","@graph":[{"@type":"Article","@id":"https:\/\/www.lactissima.com\/a-tire-d-ailes\/travailler-horaires-irreguliers\/#article","isPartOf":{"@id":"https:\/\/www.lactissima.com\/a-tire-d-ailes\/travailler-horaires-irreguliers\/"},"author":{"name":"V\u00e9ronique Darmangeat","@id":"https:\/\/www.lactissima.com\/a-tire-d-ailes\/#\/schema\/person\/8f98d3a89530861bc1240e6d53d44eed"},"headline":"Travailler en horaires irr\u00e9guliers","datePublished":"2016-09-14T07:25:48+00:00","mainEntityOfPage":{"@id":"https:\/\/www.lactissima.com\/a-tire-d-ailes\/travailler-horaires-irreguliers\/"},"wordCount":402,"commentCount":2,"image":{"@id":"https:\/\/www.lactissima.com\/a-tire-d-ailes\/travailler-horaires-irreguliers\/#primaryimage"},"thumbnailUrl":"https:\/\/www.lactissima.com\/a-tire-d-ailes\/wp-content\/uploads\/2016\/09\/horaires-d\u00e9cal\u00e9s.jpg","articleSection":["Allaitement et Travail","allaitement mixte","Tirer son lait"],"inLanguage":"fr-FR","potentialAction":[{"@type":"CommentAction","name":"Comment","target":["https:\/\/www.lactissima.com\/a-tire-d-ailes\/travailler-horaires-irreguliers\/#respond"]}]},{"@type":"WebPage","@id":"https:\/\/www.lactissima.com\/a-tire-d-ailes\/travailler-horaires-irreguliers\/","url":"https:\/\/www.lactissima.com\/a-tire-d-ailes\/travailler-horaires-irreguliers\/","name":"Travailler en horaires irr\u00e9guliers","isPartOf":{"@id":"https:\/\/www.lactissima.com\/a-tire-d-ailes\/#website"},"primaryImageOfPage":{"@id":"https:\/\/www.lactissima.com\/a-tire-d-ailes\/travailler-horaires-irreguliers\/#primaryimage"},"image":{"@id":"https:\/\/www.lactissima.com\/a-tire-d-ailes\/travailler-horaires-irreguliers\/#primaryimage"},"thumbnailUrl":"https:\/\/www.lactissima.com\/a-tire-d-ailes\/wp-content\/uploads\/2016\/09\/horaires-d\u00e9cal\u00e9s.jpg","datePublished":"2016-09-14T07:25:48+00:00","author":{"@id":"https:\/\/www.lactissima.com\/a-tire-d-ailes\/#\/schema\/person\/8f98d3a89530861bc1240e6d53d44eed"},"description":"Comment le fait de travailler en horaires irr\u00e9guliers impacte t-il la poursuite de l'allaitement ? Que l'on tire son lait ou en allaitement mixte.","breadcrumb":{"@id":"https:\/\/www.lactissima.com\/a-tire-d-ailes\/travailler-horaires-irreguliers\/#breadcrumb"},"inLanguage":"fr-FR","potentialAction":[{"@type":"ReadAction","target":["https:\/\/www.lactissima.com\/a-tire-d-ailes\/travailler-horaires-irreguliers\/"]}]},{"@type":"ImageObject","inLanguage":"fr-FR","@id":"https:\/\/www.lactissima.com\/a-tire-d-ailes\/travailler-horaires-irreguliers\/#primaryimage","url":"https:\/\/www.lactissima.com\/a-tire-d-ailes\/wp-content\/uploads\/2016\/09\/horaires-d\u00e9cal\u00e9s.jpg","contentUrl":"https:\/\/www.lactissima.com\/a-tire-d-ailes\/wp-content\/uploads\/2016\/09\/horaires-d\u00e9cal\u00e9s.jpg","width":207,"height":240},{"@type":"BreadcrumbList","@id":"https:\/\/www.lactissima.com\/a-tire-d-ailes\/travailler-horaires-irreguliers\/#breadcrumb","itemListElement":[{"@type":"ListItem","position":1,"name":"Accueil","item":"https:\/\/www.lactissima.com\/a-tire-d-ailes\/"},{"@type":"ListItem","position":2,"name":"Travailler en horaires irr\u00e9guliers"}]},{"@type":"WebSite","@id":"https:\/\/www.lactissima.com\/a-tire-d-ailes\/#website","url":"https:\/\/www.lactissima.com\/a-tire-d-ailes\/","name":"A tire d&#039;Ailes","description":"Le blog des femmes qui allaitent et travaillent.","potentialAction":[{"@type":"SearchAction","target":{"@type":"EntryPoint","urlTemplate":"https:\/\/www.lactissima.com\/a-tire-d-ailes\/?s={search_term_string}"},"query-input":{"@type":"PropertyValueSpecification","valueRequired":true,"valueName":"search_term_string"}}],"inLanguage":"fr-FR"},{"@type":"Person","@id":"https:\/\/www.lactissima.com\/a-tire-d-ailes\/#\/schema\/person\/8f98d3a89530861bc1240e6d53d44eed","name":"V\u00e9ronique Darmangeat","image":{"@type":"ImageObject","inLanguage":"fr-FR","@id":"https:\/\/secure.gravatar.com\/avatar\/268c99344c89cebfe4f5df5fa8be43068a18884fc76a29f3206fae98465b9cab?s=96&d=identicon&r=g","url":"https:\/\/secure.gravatar.com\/avatar\/268c99344c89cebfe4f5df5fa8be43068a18884fc76a29f3206fae98465b9cab?s=96&d=identicon&r=g","contentUrl":"https:\/\/secure.gravatar.com\/avatar\/268c99344c89cebfe4f5df5fa8be43068a18884fc76a29f3206fae98465b9cab?s=96&d=identicon&r=g","caption":"V\u00e9ronique Darmangeat"},"sameAs":["https:\/\/www.lactissima.com\/a-tire-d-ailes","www.facebook.com\/consultante.en.lactation"]}]}},"_links":{"self":[{"href":"https:\/\/www.lactissima.com\/a-tire-d-ailes\/wp-json\/wp\/v2\/posts\/6878","targetHints":{"allow":["GET"]}}],"collection":[{"href":"https:\/\/www.lactissima.com\/a-tire-d-ailes\/wp-json\/wp\/v2\/posts"}],"about":[{"href":"https:\/\/www.lactissima.com\/a-tire-d-ailes\/wp-json\/wp\/v2\/types\/post"}],"author":[{"embeddable":true,"href":"https:\/\/www.lactissima.com\/a-tire-d-ailes\/wp-json\/wp\/v2\/users\/170"}],"replies":[{"embeddable":true,"href":"https:\/\/www.lactissima.com\/a-tire-d-ailes\/wp-json\/wp\/v2\/comments?post=6878"}],"version-history":[{"count":1,"href":"https:\/\/www.lactissima.com\/a-tire-d-ailes\/wp-json\/wp\/v2\/posts\/6878\/revisions"}],"predecessor-version":[{"id":6880,"href":"https:\/\/www.lactissima.com\/a-tire-d-ailes\/wp-json\/wp\/v2\/posts\/6878\/revisions\/6880"}],"wp:featuredmedia":[{"embeddable":true,"href":"https:\/\/www.lactissima.com\/a-tire-d-ailes\/wp-json\/wp\/v2\/media\/6879"}],"wp:attachment":[{"href":"https:\/\/www.lactissima.com\/a-tire-d-ailes\/wp-json\/wp\/v2\/media?parent=6878"}],"wp:term":[{"taxonomy":"category","embeddable":true,"href":"https:\/\/www.lactissima.com\/a-tire-d-ailes\/wp-json\/wp\/v2\/categories?post=6878"},{"taxonomy":"post_tag","embeddable":true,"href":"https:\/\/www.lactissima.com\/a-tire-d-ailes\/wp-json\/wp\/v2\/tags?post=6878"}],"curies":[{"name":"wp","href":"https:\/\/api.w.org\/{rel}","templated":true}]}}