{"id":6871,"date":"2016-09-08T09:24:45","date_gmt":"2016-09-08T07:24:45","guid":{"rendered":"https:\/\/www.lactissima.com\/a-tire-d-ailes\/?p=6871"},"modified":"2016-09-08T09:24:45","modified_gmt":"2016-09-08T07:24:45","slug":"allaiter-travailler-temoignage-de-julie-4","status":"publish","type":"post","link":"https:\/\/www.lactissima.com\/a-tire-d-ailes\/allaiter-travailler-temoignage-de-julie-4\/","title":{"rendered":"Allaiter et travailler : le t\u00e9moignage de Julie"},"content":{"rendered":"<p style=\"text-align: justify;\"><img loading=\"lazy\" decoding=\"async\" class=\"alignright size-full wp-image-6872\" src=\"https:\/\/www.lactissima.com\/a-tire-d-ailes\/wp-content\/uploads\/2016\/09\/l\u00e9o2.jpg\" alt=\"allaitement et travail\" width=\"425\" height=\"239\" srcset=\"https:\/\/www.lactissima.com\/a-tire-d-ailes\/wp-content\/uploads\/2016\/09\/l\u00e9o2.jpg 425w, https:\/\/www.lactissima.com\/a-tire-d-ailes\/wp-content\/uploads\/2016\/09\/l\u00e9o2-300x169.jpg 300w\" sizes=\"(max-width: 425px) 100vw, 425px\" \/>Je suis la maman de 2 enfants, dont L\u00e9o n\u00e9 en mars 2014, dans des conditions tr\u00e8s difficiles, ce qui lui a occasionn\u00e9 un handicap moteur.<\/p>\n<div dir=\"ltr\">\n<div>\n<div dir=\"ltr\">\n<div>\n<div>\n<div dir=\"ltr\">\n<div>\n<div style=\"text-align: justify;\"><\/div>\n<ul style=\"text-align: justify;\">\n<li><strong><span style=\"color: #1c1c1c;\">Quel choix avez-vous fait au moment de la reprise du travail : sevrage ou poursuite de l&rsquo;allaitement ? Pourquoi ?<\/span><\/strong><\/li>\n<\/ul>\n<div style=\"text-align: justify;\"><span style=\"color: #1c1c1c;\">Apr\u00e8s avoir combattu plusieurs mois pour que L\u00e9o apprenne \u00e0 t\u00e9ter, en ayant utilis\u00e9 DAL puis bouts de sein, il \u00e9tait hors de question d&rsquo;arr\u00eater d&rsquo;allaiter, surtout que L\u00e9o refusait toute alimentation autre que le sein. L&rsquo;allaitement est aussi cet outil miraculeux qui nous a aid\u00e9 \u00e0 restaurer le lien malmen\u00e9 par notre s\u00e9paration \u00e0 la naissance. Je suis aussi persuad\u00e9e que le lait maternel avec ses pouvoirs magiques a aid\u00e9 \u00e0 r\u00e9duire l&rsquo;impact de ses l\u00e9sions neurologiques.<\/span><\/div>\n<div style=\"text-align: justify;\"><span style=\"color: #1c1c1c;\"> <\/span><\/div>\n<ul style=\"text-align: justify;\">\n<li><strong><span style=\"color: #1c1c1c;\">Comment vous \u00eates-vous organis\u00e9e ?<\/span><\/strong><\/li>\n<\/ul>\n<div style=\"text-align: justify;\"><span style=\"color: #1c1c1c;\">J&rsquo;avais un tire-lait et la nounou \u00e9tait \u00ab\u00a0form\u00e9e\u00a0\u00bb puisqu&rsquo;elle s&rsquo;est occup\u00e9e de ma grande qui a \u00e9t\u00e9 allait\u00e9e jusqu&rsquo;\u00e0 2 ans et demi. J&rsquo;avais l&rsquo;\u00e9norme chance d&rsquo;avoir un employeur tr\u00e8s coop\u00e9ratif qui m&rsquo;a permis de prendre des pauses r\u00e9mun\u00e9r\u00e9es et de b\u00e9n\u00e9ficier d&rsquo;un coin pour tirer mon lait et d&rsquo;un frigo.<\/span><\/div>\n<div style=\"text-align: justify;\"><\/div>\n<ul style=\"text-align: justify;\">\n<li><strong><span style=\"color: #1c1c1c;\">Quelles ont \u00e9t\u00e9 vos principales difficult\u00e9s ?<\/span><\/strong><\/li>\n<\/ul>\n<div style=\"text-align: justify;\">Si mon premier allaitement a \u00e9t\u00e9 tr\u00e8s simple, celui-ci a \u00e9t\u00e9 compliqu\u00e9 d\u00e8s le d\u00e9but. En plus, L\u00e9o refusait le biberon et \u00e9tait allergique au lait&#8230; Mon stock de lait tir\u00e9 pour stimuler la lactation a fini au lactarium, 10 litres pour les pr\u00e9matur\u00e9s. Ensuite, L\u00e9o a pass\u00e9 un premier hiver tr\u00e8s difficile, et des vomissements quotidiens cumul\u00e9s \u00e0 un accompagnement m\u00e9dical peu efficace ont conduit \u00e0 la mise de L\u00e9o sous nutrition artificielle. Plus que jamais, l&rsquo;allaitement \u00e9tait indispensable afin de permettre \u00e0 L\u00e9o de garder l&rsquo;habitude de manger par la bouche.<\/div>\n<div style=\"text-align: justify;\"><\/div>\n<ul style=\"text-align: justify;\">\n<li><strong><span style=\"color: #1c1c1c;\">Quels ont \u00e9t\u00e9 vos meilleurs moments ?<\/span><\/strong><\/li>\n<\/ul>\n<div style=\"text-align: justify;\"><span style=\"color: #1c1c1c;\">Les t\u00e9t\u00e9es de retrouvaille le soir et surtout l&rsquo;aide \u00e9norme des t\u00e9t\u00e9es pour affronter les s\u00e9jours \u00e0 l&rsquo;h\u00f4pital.<\/span><\/div>\n<div style=\"text-align: justify;\"><span style=\"color: #1c1c1c;\"> <\/span><\/div>\n<ul style=\"text-align: justify;\">\n<li><strong><span style=\"color: #1c1c1c;\">Qu&rsquo;est-ce que vous souhaiteriez dire aux mamans qui doivent faire un choix dans les semaines \u00e0 venir ?<\/span><\/strong><\/li>\n<\/ul>\n<div style=\"text-align: justify;\"><span style=\"color: #1c1c1c;\">Allaiter c&rsquo;est dur mais magique. Quand l&rsquo;enfant est handicap\u00e9, les t\u00e9t\u00e9es sont encore plus essentielles car elles aident l&rsquo;enfant en le stimulant et le faisant progresser.<\/span><\/div>\n<div style=\"text-align: justify;\"><span style=\"color: #1c1c1c;\"> <\/span><\/div>\n<ul style=\"text-align: justify;\">\n<li><strong><span style=\"color: #1c1c1c;\">Ce serait \u00e0 refaire, vous referiez le m\u00eame choix ? Que changeriez-vous ?<\/span><\/strong><\/li>\n<\/ul>\n<div style=\"text-align: justify;\"><span style=\"color: #1c1c1c;\">J&rsquo;ai pas mal de regrets de ne pas avoir insist\u00e9 pour que L\u00e9o re\u00e7oive mon colustrum en r\u00e9animation. Du coup, il n&rsquo;en a pas re\u00e7u mais directement du lait mature. Il n&rsquo;a malheureusement pas b\u00e9n\u00e9fici\u00e9 de ce concentr\u00e9 d&rsquo;anticorps. Je regretterai toute ma vie d&rsquo;avoir accept\u00e9 la sonde naso-gastrique et d&rsquo;avoir accept\u00e9 de gaver de force mon fils. Aujourd&rsquo;hui,  L\u00e9o est incapable de se nourrir et est en sous-poids. Il est toujours sous nutrition artificielle, ce qui implique qu&rsquo;il n&rsquo;a aucun plaisir \u00e0 manger et qu&rsquo;au quotidien nous devons l&rsquo;accrocher \u00e0 une pompe d&rsquo;alimentation. En France, on met les enfant sous nutrition artificielle, mais rien n&rsquo;est pens\u00e9 pour que l&rsquo;enfant r\u00e9apprenne \u00e0 se nourrir. Nous souhaitons plus que jamais que L\u00e9o n&rsquo;ait plus besoin de sa sonde, et nous souhaitons l&#8217;emmener en Autriche suivre la m\u00e9thode NoTube. Ce programme tr\u00e8s efficace n&rsquo;est malheureusement pas financ\u00e9 par la S\u00e9curit\u00e9 Sociale, c&rsquo;est pour \u00e7a que nous avons cr\u00e9\u00e9 une <a href=\"https:\/\/www.lepotcommun.fr\/pot\/1o2juaaw\" target=\"_blank\">cagnotte en ligne<\/a> <\/span> et une page <a href=\"https:\/\/www.facebook.com\/lecombatdeleo\/\" target=\"_blank\">Facebook <\/a>.<\/div>\n<\/div>\n<div style=\"text-align: justify;\">\n<p><strong>Articles en rapport :<\/strong><\/p>\n<ul>\n<li>Voir l&rsquo;onglet <a href=\"https:\/\/www.lactissima.com\/a-tire-d-ailes\/temoignages-travail-et-allaitement\/\" target=\"_blank\">t\u00e9moignages<\/a><\/li>\n<\/ul>\n<div class='et-box et-shadow'>\n\t\t\t\t\t<div class='et-box-content'>Lire des articles ou poser des questions en commentaire ne suffit pas \u00e0 r\u00e9soudre votre probl\u00e8me ?\nSavez-vous que vous pouvez prendre RDV pour une consultation avec moi ?\nN&rsquo;h\u00e9sitez pas \u00e0 me contacter !<\/div><\/div>\n<\/div>\n<\/div>\n<\/div>\n<\/div>\n<div><\/div>\n<\/div>\n<\/div>\n<\/div>\n","protected":false},"excerpt":{"rendered":"<p>Je suis la maman de 2 enfants, dont L\u00e9o n\u00e9 en mars 2014, dans des conditions tr\u00e8s difficiles, ce qui lui a occasionn\u00e9 un handicap moteur. Quel choix avez-vous fait au moment de la reprise du travail : sevrage ou poursuite de l&rsquo;allaitement ? Pourquoi ? Apr\u00e8s avoir combattu plusieurs mois pour que L\u00e9o apprenne [&hellip;]<\/p>\n","protected":false},"author":170,"featured_media":6872,"comment_status":"open","ping_status":"open","sticky":false,"template":"","format":"standard","meta":{"_et_pb_use_builder":"","_et_pb_old_content":"","_et_gb_content_width":"","footnotes":""},"categories":[150],"tags":[],"class_list":["post-6871","post","type-post","status-publish","format-standard","has-post-thumbnail","hentry","category-temoignages"],"yoast_head":"<!-- This site is optimized with the Yoast SEO plugin v27.4 - https:\/\/yoast.com\/product\/yoast-seo-wordpress\/ -->\n<title>Allaiter et travailler : le t\u00e9moignage de Julie<\/title>\n<meta name=\"description\" content=\"Julie a repris le travail en poursuivant l&#039;allaitement car son fils L\u00e9o d\u00e9pend compl\u00e8tement du lait maternel. Elle a besoin de vous !\" \/>\n<meta name=\"robots\" content=\"index, follow, max-snippet:-1, max-image-preview:large, max-video-preview:-1\" \/>\n<link rel=\"canonical\" href=\"https:\/\/www.lactissima.com\/a-tire-d-ailes\/allaiter-travailler-temoignage-de-julie-4\/\" \/>\n<meta property=\"og:locale\" content=\"fr_FR\" \/>\n<meta property=\"og:type\" content=\"article\" \/>\n<meta property=\"og:title\" content=\"Allaiter et travailler : le t\u00e9moignage de Julie\" \/>\n<meta property=\"og:description\" content=\"Julie a repris le travail en poursuivant l&#039;allaitement car son fils L\u00e9o d\u00e9pend compl\u00e8tement du lait maternel. Elle a besoin de vous !\" \/>\n<meta property=\"og:url\" content=\"https:\/\/www.lactissima.com\/a-tire-d-ailes\/allaiter-travailler-temoignage-de-julie-4\/\" \/>\n<meta property=\"og:site_name\" content=\"A tire d&#039;Ailes\" \/>\n<meta property=\"article:publisher\" content=\"https:\/\/www.facebook.com\/consultante.en.lactation\" \/>\n<meta property=\"article:author\" content=\"www.facebook.com\/consultante.en.lactation\" \/>\n<meta property=\"article:published_time\" content=\"2016-09-08T07:24:45+00:00\" \/>\n<meta property=\"og:image\" content=\"https:\/\/www.lactissima.com\/a-tire-d-ailes\/wp-content\/uploads\/2016\/09\/l\u00e9o2.jpg\" \/>\n\t<meta property=\"og:image:width\" content=\"425\" \/>\n\t<meta property=\"og:image:height\" content=\"239\" \/>\n\t<meta property=\"og:image:type\" content=\"image\/jpeg\" \/>\n<meta name=\"author\" content=\"V\u00e9ronique Darmangeat\" \/>\n<meta name=\"twitter:card\" content=\"summary_large_image\" \/>\n<meta name=\"twitter:creator\" content=\"@VeroniqueIBCLC\" \/>\n<meta name=\"twitter:site\" content=\"@VeroniqueIBCLC\" \/>\n<meta name=\"twitter:label1\" content=\"\u00c9crit par\" \/>\n\t<meta name=\"twitter:data1\" content=\"V\u00e9ronique Darmangeat\" \/>\n\t<meta name=\"twitter:label2\" content=\"Dur\u00e9e de lecture estim\u00e9e\" \/>\n\t<meta name=\"twitter:data2\" content=\"3 minutes\" \/>\n<script type=\"application\/ld+json\" class=\"yoast-schema-graph\">{\"@context\":\"https:\\\/\\\/schema.org\",\"@graph\":[{\"@type\":\"Article\",\"@id\":\"https:\\\/\\\/www.lactissima.com\\\/a-tire-d-ailes\\\/allaiter-travailler-temoignage-de-julie-4\\\/#article\",\"isPartOf\":{\"@id\":\"https:\\\/\\\/www.lactissima.com\\\/a-tire-d-ailes\\\/allaiter-travailler-temoignage-de-julie-4\\\/\"},\"author\":{\"name\":\"V\u00e9ronique Darmangeat\",\"@id\":\"https:\\\/\\\/www.lactissima.com\\\/a-tire-d-ailes\\\/#\\\/schema\\\/person\\\/8f98d3a89530861bc1240e6d53d44eed\"},\"headline\":\"Allaiter et travailler : le t\u00e9moignage de Julie\",\"datePublished\":\"2016-09-08T07:24:45+00:00\",\"mainEntityOfPage\":{\"@id\":\"https:\\\/\\\/www.lactissima.com\\\/a-tire-d-ailes\\\/allaiter-travailler-temoignage-de-julie-4\\\/\"},\"wordCount\":648,\"commentCount\":3,\"image\":{\"@id\":\"https:\\\/\\\/www.lactissima.com\\\/a-tire-d-ailes\\\/allaiter-travailler-temoignage-de-julie-4\\\/#primaryimage\"},\"thumbnailUrl\":\"https:\\\/\\\/www.lactissima.com\\\/a-tire-d-ailes\\\/wp-content\\\/uploads\\\/2016\\\/09\\\/l\u00e9o2.jpg\",\"articleSection\":[\"t\u00e9moignages\"],\"inLanguage\":\"fr-FR\",\"potentialAction\":[{\"@type\":\"CommentAction\",\"name\":\"Comment\",\"target\":[\"https:\\\/\\\/www.lactissima.com\\\/a-tire-d-ailes\\\/allaiter-travailler-temoignage-de-julie-4\\\/#respond\"]}]},{\"@type\":\"WebPage\",\"@id\":\"https:\\\/\\\/www.lactissima.com\\\/a-tire-d-ailes\\\/allaiter-travailler-temoignage-de-julie-4\\\/\",\"url\":\"https:\\\/\\\/www.lactissima.com\\\/a-tire-d-ailes\\\/allaiter-travailler-temoignage-de-julie-4\\\/\",\"name\":\"Allaiter et travailler : le t\u00e9moignage de Julie\",\"isPartOf\":{\"@id\":\"https:\\\/\\\/www.lactissima.com\\\/a-tire-d-ailes\\\/#website\"},\"primaryImageOfPage\":{\"@id\":\"https:\\\/\\\/www.lactissima.com\\\/a-tire-d-ailes\\\/allaiter-travailler-temoignage-de-julie-4\\\/#primaryimage\"},\"image\":{\"@id\":\"https:\\\/\\\/www.lactissima.com\\\/a-tire-d-ailes\\\/allaiter-travailler-temoignage-de-julie-4\\\/#primaryimage\"},\"thumbnailUrl\":\"https:\\\/\\\/www.lactissima.com\\\/a-tire-d-ailes\\\/wp-content\\\/uploads\\\/2016\\\/09\\\/l\u00e9o2.jpg\",\"datePublished\":\"2016-09-08T07:24:45+00:00\",\"author\":{\"@id\":\"https:\\\/\\\/www.lactissima.com\\\/a-tire-d-ailes\\\/#\\\/schema\\\/person\\\/8f98d3a89530861bc1240e6d53d44eed\"},\"description\":\"Julie a repris le travail en poursuivant l'allaitement car son fils L\u00e9o d\u00e9pend compl\u00e8tement du lait maternel. Elle a besoin de vous !\",\"breadcrumb\":{\"@id\":\"https:\\\/\\\/www.lactissima.com\\\/a-tire-d-ailes\\\/allaiter-travailler-temoignage-de-julie-4\\\/#breadcrumb\"},\"inLanguage\":\"fr-FR\",\"potentialAction\":[{\"@type\":\"ReadAction\",\"target\":[\"https:\\\/\\\/www.lactissima.com\\\/a-tire-d-ailes\\\/allaiter-travailler-temoignage-de-julie-4\\\/\"]}]},{\"@type\":\"ImageObject\",\"inLanguage\":\"fr-FR\",\"@id\":\"https:\\\/\\\/www.lactissima.com\\\/a-tire-d-ailes\\\/allaiter-travailler-temoignage-de-julie-4\\\/#primaryimage\",\"url\":\"https:\\\/\\\/www.lactissima.com\\\/a-tire-d-ailes\\\/wp-content\\\/uploads\\\/2016\\\/09\\\/l\u00e9o2.jpg\",\"contentUrl\":\"https:\\\/\\\/www.lactissima.com\\\/a-tire-d-ailes\\\/wp-content\\\/uploads\\\/2016\\\/09\\\/l\u00e9o2.jpg\",\"width\":425,\"height\":239,\"caption\":\"allaitement et travail\"},{\"@type\":\"BreadcrumbList\",\"@id\":\"https:\\\/\\\/www.lactissima.com\\\/a-tire-d-ailes\\\/allaiter-travailler-temoignage-de-julie-4\\\/#breadcrumb\",\"itemListElement\":[{\"@type\":\"ListItem\",\"position\":1,\"name\":\"Accueil\",\"item\":\"https:\\\/\\\/www.lactissima.com\\\/a-tire-d-ailes\\\/\"},{\"@type\":\"ListItem\",\"position\":2,\"name\":\"Allaiter et travailler : le t\u00e9moignage de Julie\"}]},{\"@type\":\"WebSite\",\"@id\":\"https:\\\/\\\/www.lactissima.com\\\/a-tire-d-ailes\\\/#website\",\"url\":\"https:\\\/\\\/www.lactissima.com\\\/a-tire-d-ailes\\\/\",\"name\":\"A tire d&#039;Ailes\",\"description\":\"Le blog des femmes qui allaitent et travaillent.\",\"potentialAction\":[{\"@type\":\"SearchAction\",\"target\":{\"@type\":\"EntryPoint\",\"urlTemplate\":\"https:\\\/\\\/www.lactissima.com\\\/a-tire-d-ailes\\\/?s={search_term_string}\"},\"query-input\":{\"@type\":\"PropertyValueSpecification\",\"valueRequired\":true,\"valueName\":\"search_term_string\"}}],\"inLanguage\":\"fr-FR\"},{\"@type\":\"Person\",\"@id\":\"https:\\\/\\\/www.lactissima.com\\\/a-tire-d-ailes\\\/#\\\/schema\\\/person\\\/8f98d3a89530861bc1240e6d53d44eed\",\"name\":\"V\u00e9ronique Darmangeat\",\"image\":{\"@type\":\"ImageObject\",\"inLanguage\":\"fr-FR\",\"@id\":\"https:\\\/\\\/secure.gravatar.com\\\/avatar\\\/268c99344c89cebfe4f5df5fa8be43068a18884fc76a29f3206fae98465b9cab?s=96&d=identicon&r=g\",\"url\":\"https:\\\/\\\/secure.gravatar.com\\\/avatar\\\/268c99344c89cebfe4f5df5fa8be43068a18884fc76a29f3206fae98465b9cab?s=96&d=identicon&r=g\",\"contentUrl\":\"https:\\\/\\\/secure.gravatar.com\\\/avatar\\\/268c99344c89cebfe4f5df5fa8be43068a18884fc76a29f3206fae98465b9cab?s=96&d=identicon&r=g\",\"caption\":\"V\u00e9ronique Darmangeat\"},\"sameAs\":[\"https:\\\/\\\/www.lactissima.com\\\/a-tire-d-ailes\",\"www.facebook.com\\\/consultante.en.lactation\"]}]}<\/script>\n<!-- \/ Yoast SEO plugin. -->","yoast_head_json":{"title":"Allaiter et travailler : le t\u00e9moignage de Julie","description":"Julie a repris le travail en poursuivant l'allaitement car son fils L\u00e9o d\u00e9pend compl\u00e8tement du lait maternel. Elle a besoin de vous !","robots":{"index":"index","follow":"follow","max-snippet":"max-snippet:-1","max-image-preview":"max-image-preview:large","max-video-preview":"max-video-preview:-1"},"canonical":"https:\/\/www.lactissima.com\/a-tire-d-ailes\/allaiter-travailler-temoignage-de-julie-4\/","og_locale":"fr_FR","og_type":"article","og_title":"Allaiter et travailler : le t\u00e9moignage de Julie","og_description":"Julie a repris le travail en poursuivant l'allaitement car son fils L\u00e9o d\u00e9pend compl\u00e8tement du lait maternel. Elle a besoin de vous !","og_url":"https:\/\/www.lactissima.com\/a-tire-d-ailes\/allaiter-travailler-temoignage-de-julie-4\/","og_site_name":"A tire d&#039;Ailes","article_publisher":"https:\/\/www.facebook.com\/consultante.en.lactation","article_author":"www.facebook.com\/consultante.en.lactation","article_published_time":"2016-09-08T07:24:45+00:00","og_image":[{"width":425,"height":239,"url":"https:\/\/www.lactissima.com\/a-tire-d-ailes\/wp-content\/uploads\/2016\/09\/l\u00e9o2.jpg","type":"image\/jpeg"}],"author":"V\u00e9ronique Darmangeat","twitter_card":"summary_large_image","twitter_creator":"@VeroniqueIBCLC","twitter_site":"@VeroniqueIBCLC","twitter_misc":{"\u00c9crit par":"V\u00e9ronique Darmangeat","Dur\u00e9e de lecture estim\u00e9e":"3 minutes"},"schema":{"@context":"https:\/\/schema.org","@graph":[{"@type":"Article","@id":"https:\/\/www.lactissima.com\/a-tire-d-ailes\/allaiter-travailler-temoignage-de-julie-4\/#article","isPartOf":{"@id":"https:\/\/www.lactissima.com\/a-tire-d-ailes\/allaiter-travailler-temoignage-de-julie-4\/"},"author":{"name":"V\u00e9ronique Darmangeat","@id":"https:\/\/www.lactissima.com\/a-tire-d-ailes\/#\/schema\/person\/8f98d3a89530861bc1240e6d53d44eed"},"headline":"Allaiter et travailler : le t\u00e9moignage de Julie","datePublished":"2016-09-08T07:24:45+00:00","mainEntityOfPage":{"@id":"https:\/\/www.lactissima.com\/a-tire-d-ailes\/allaiter-travailler-temoignage-de-julie-4\/"},"wordCount":648,"commentCount":3,"image":{"@id":"https:\/\/www.lactissima.com\/a-tire-d-ailes\/allaiter-travailler-temoignage-de-julie-4\/#primaryimage"},"thumbnailUrl":"https:\/\/www.lactissima.com\/a-tire-d-ailes\/wp-content\/uploads\/2016\/09\/l\u00e9o2.jpg","articleSection":["t\u00e9moignages"],"inLanguage":"fr-FR","potentialAction":[{"@type":"CommentAction","name":"Comment","target":["https:\/\/www.lactissima.com\/a-tire-d-ailes\/allaiter-travailler-temoignage-de-julie-4\/#respond"]}]},{"@type":"WebPage","@id":"https:\/\/www.lactissima.com\/a-tire-d-ailes\/allaiter-travailler-temoignage-de-julie-4\/","url":"https:\/\/www.lactissima.com\/a-tire-d-ailes\/allaiter-travailler-temoignage-de-julie-4\/","name":"Allaiter et travailler : le t\u00e9moignage de Julie","isPartOf":{"@id":"https:\/\/www.lactissima.com\/a-tire-d-ailes\/#website"},"primaryImageOfPage":{"@id":"https:\/\/www.lactissima.com\/a-tire-d-ailes\/allaiter-travailler-temoignage-de-julie-4\/#primaryimage"},"image":{"@id":"https:\/\/www.lactissima.com\/a-tire-d-ailes\/allaiter-travailler-temoignage-de-julie-4\/#primaryimage"},"thumbnailUrl":"https:\/\/www.lactissima.com\/a-tire-d-ailes\/wp-content\/uploads\/2016\/09\/l\u00e9o2.jpg","datePublished":"2016-09-08T07:24:45+00:00","author":{"@id":"https:\/\/www.lactissima.com\/a-tire-d-ailes\/#\/schema\/person\/8f98d3a89530861bc1240e6d53d44eed"},"description":"Julie a repris le travail en poursuivant l'allaitement car son fils L\u00e9o d\u00e9pend compl\u00e8tement du lait maternel. Elle a besoin de vous !","breadcrumb":{"@id":"https:\/\/www.lactissima.com\/a-tire-d-ailes\/allaiter-travailler-temoignage-de-julie-4\/#breadcrumb"},"inLanguage":"fr-FR","potentialAction":[{"@type":"ReadAction","target":["https:\/\/www.lactissima.com\/a-tire-d-ailes\/allaiter-travailler-temoignage-de-julie-4\/"]}]},{"@type":"ImageObject","inLanguage":"fr-FR","@id":"https:\/\/www.lactissima.com\/a-tire-d-ailes\/allaiter-travailler-temoignage-de-julie-4\/#primaryimage","url":"https:\/\/www.lactissima.com\/a-tire-d-ailes\/wp-content\/uploads\/2016\/09\/l\u00e9o2.jpg","contentUrl":"https:\/\/www.lactissima.com\/a-tire-d-ailes\/wp-content\/uploads\/2016\/09\/l\u00e9o2.jpg","width":425,"height":239,"caption":"allaitement et travail"},{"@type":"BreadcrumbList","@id":"https:\/\/www.lactissima.com\/a-tire-d-ailes\/allaiter-travailler-temoignage-de-julie-4\/#breadcrumb","itemListElement":[{"@type":"ListItem","position":1,"name":"Accueil","item":"https:\/\/www.lactissima.com\/a-tire-d-ailes\/"},{"@type":"ListItem","position":2,"name":"Allaiter et travailler : le t\u00e9moignage de Julie"}]},{"@type":"WebSite","@id":"https:\/\/www.lactissima.com\/a-tire-d-ailes\/#website","url":"https:\/\/www.lactissima.com\/a-tire-d-ailes\/","name":"A tire d&#039;Ailes","description":"Le blog des femmes qui allaitent et travaillent.","potentialAction":[{"@type":"SearchAction","target":{"@type":"EntryPoint","urlTemplate":"https:\/\/www.lactissima.com\/a-tire-d-ailes\/?s={search_term_string}"},"query-input":{"@type":"PropertyValueSpecification","valueRequired":true,"valueName":"search_term_string"}}],"inLanguage":"fr-FR"},{"@type":"Person","@id":"https:\/\/www.lactissima.com\/a-tire-d-ailes\/#\/schema\/person\/8f98d3a89530861bc1240e6d53d44eed","name":"V\u00e9ronique Darmangeat","image":{"@type":"ImageObject","inLanguage":"fr-FR","@id":"https:\/\/secure.gravatar.com\/avatar\/268c99344c89cebfe4f5df5fa8be43068a18884fc76a29f3206fae98465b9cab?s=96&d=identicon&r=g","url":"https:\/\/secure.gravatar.com\/avatar\/268c99344c89cebfe4f5df5fa8be43068a18884fc76a29f3206fae98465b9cab?s=96&d=identicon&r=g","contentUrl":"https:\/\/secure.gravatar.com\/avatar\/268c99344c89cebfe4f5df5fa8be43068a18884fc76a29f3206fae98465b9cab?s=96&d=identicon&r=g","caption":"V\u00e9ronique Darmangeat"},"sameAs":["https:\/\/www.lactissima.com\/a-tire-d-ailes","www.facebook.com\/consultante.en.lactation"]}]}},"_links":{"self":[{"href":"https:\/\/www.lactissima.com\/a-tire-d-ailes\/wp-json\/wp\/v2\/posts\/6871","targetHints":{"allow":["GET"]}}],"collection":[{"href":"https:\/\/www.lactissima.com\/a-tire-d-ailes\/wp-json\/wp\/v2\/posts"}],"about":[{"href":"https:\/\/www.lactissima.com\/a-tire-d-ailes\/wp-json\/wp\/v2\/types\/post"}],"author":[{"embeddable":true,"href":"https:\/\/www.lactissima.com\/a-tire-d-ailes\/wp-json\/wp\/v2\/users\/170"}],"replies":[{"embeddable":true,"href":"https:\/\/www.lactissima.com\/a-tire-d-ailes\/wp-json\/wp\/v2\/comments?post=6871"}],"version-history":[{"count":2,"href":"https:\/\/www.lactissima.com\/a-tire-d-ailes\/wp-json\/wp\/v2\/posts\/6871\/revisions"}],"predecessor-version":[{"id":6874,"href":"https:\/\/www.lactissima.com\/a-tire-d-ailes\/wp-json\/wp\/v2\/posts\/6871\/revisions\/6874"}],"wp:featuredmedia":[{"embeddable":true,"href":"https:\/\/www.lactissima.com\/a-tire-d-ailes\/wp-json\/wp\/v2\/media\/6872"}],"wp:attachment":[{"href":"https:\/\/www.lactissima.com\/a-tire-d-ailes\/wp-json\/wp\/v2\/media?parent=6871"}],"wp:term":[{"taxonomy":"category","embeddable":true,"href":"https:\/\/www.lactissima.com\/a-tire-d-ailes\/wp-json\/wp\/v2\/categories?post=6871"},{"taxonomy":"post_tag","embeddable":true,"href":"https:\/\/www.lactissima.com\/a-tire-d-ailes\/wp-json\/wp\/v2\/tags?post=6871"}],"curies":[{"name":"wp","href":"https:\/\/api.w.org\/{rel}","templated":true}]}}