{"id":6857,"date":"2016-09-01T15:39:56","date_gmt":"2016-09-01T13:39:56","guid":{"rendered":"https:\/\/www.lactissima.com\/a-tire-d-ailes\/?p=6857"},"modified":"2016-09-01T15:39:56","modified_gmt":"2016-09-01T13:39:56","slug":"allaiter-travailler-temoignage-de-camille","status":"publish","type":"post","link":"https:\/\/www.lactissima.com\/a-tire-d-ailes\/allaiter-travailler-temoignage-de-camille\/","title":{"rendered":"Allaiter et travailler : le t\u00e9moignage de Camille"},"content":{"rendered":"<p><img loading=\"lazy\" decoding=\"async\" class=\"alignright size-full wp-image-6858\" src=\"https:\/\/www.lactissima.com\/a-tire-d-ailes\/wp-content\/uploads\/2016\/09\/camille.jpg\" alt=\"allaitement et travail\" width=\"231\" height=\"412\" srcset=\"https:\/\/www.lactissima.com\/a-tire-d-ailes\/wp-content\/uploads\/2016\/09\/camille.jpg 231w, https:\/\/www.lactissima.com\/a-tire-d-ailes\/wp-content\/uploads\/2016\/09\/camille-168x300.jpg 168w\" sizes=\"(max-width: 231px) 100vw, 231px\" \/><\/p>\n<ul>\n<li style=\"text-align: justify;\"><strong>Quel choix avez-vous fait au moment de la reprise du travail : sevrage ou poursuite de l&rsquo;allaitement ? Pourquoi ?<\/strong><\/li>\n<\/ul>\n<p style=\"text-align: justify;\">J&rsquo;ai repris mon travail quand mon b\u00e9b\u00e9 avait 3 mois.<\/p>\n<p style=\"text-align: justify;\">Les d\u00e9buts de l&rsquo;allaitement ont \u00e9t\u00e9 difficiles. Pendant 3 jours \u00e0 la maternit\u00e9, mon b\u00e9b\u00e9 n&rsquo;a pas su t\u00e9ter et personne ne m&rsquo;a aid\u00e9e, on m&rsquo;a juste somm\u00e9e de donner des biberons. Depuis, je suis plus motiv\u00e9e et d\u00e9termin\u00e9e que jamais \u00e0 allaiter mon b\u00e9b\u00e9, et \u00e0 l&rsquo;allaiter longtemps.<\/p>\n<p style=\"text-align: justify;\">Je voulais continuer l&rsquo;allaitement exclusif. J&rsquo;avais peur de manquer de lait si je passais \u00e0 l&rsquo;allaitement mixte. J&rsquo;ai vu beaucoup d&rsquo;amies arr\u00eater l&rsquo;allaitement pour cette raison. Je voulais aussi pouvoir allaiter exclusivement pendant les weekends et les vacances, et j&rsquo;avais peur que ma lactation ait du mal \u00e0 s&rsquo;adapter en cas d&rsquo;allaitement mixte en semaine.<\/p>\n<ul style=\"text-align: justify;\">\n<li><strong>Comment vous \u00eates-vous organis\u00e9e ?<\/strong><\/li>\n<\/ul>\n<p style=\"text-align: justify;\">J&rsquo;en ai discut\u00e9 avec V\u00e9ronique Darmangeat et j&rsquo;ai beaucoup lu le site A tire d&rsquo;Ailes. J&rsquo;ai d\u00e9cid\u00e9 de tirer mon lait tous les jours au travail pour le lendemain.<\/p>\n<p style=\"text-align: justify;\">Mon b\u00e9b\u00e9 est gard\u00e9 par une assistante maternelle. Elle a tout de suite \u00e9t\u00e9 d&rsquo;accord pour donner \u00e0 David mon lait tir\u00e9, m\u00eame si elle n&rsquo;avait jamais fait \u00e7a avant. La seule condition \u00e9tait que David accepte le biberon, ce qui \u00e9tait le cas.<\/p>\n<p style=\"text-align: justify;\">J&rsquo;ai lou\u00e9 le tire-lait Am\u00e9da Lactaline. D&rsquo;ailleurs, au bout de 10 mois de location, ils me l&rsquo;ont vendu pour 20 euros. Je le conseille pour son sac \u00e0 main pratique, sa glaci\u00e8re et son double pompage doux et efficace. Les point faibles sont la fragilit\u00e9 des valves (\u00e0 remplacer tous les 3 mois environ) et du transformateur (j&rsquo;en suis au 3e).<\/p>\n<p style=\"text-align: justify;\">J&rsquo;ai pris contact avec l&rsquo;infirmerie de l&rsquo;Universit\u00e9 Paris 6, o\u00f9 je travaille. Ils r\u00e9servent une salle pour que les femmes qui allaitent puissent tirer leur lait tranquillement. Ils laissent aussi le frigo de l&rsquo;infirmerie \u00e0 disposition pour y stocker les biberons de lait. Les infirmi\u00e8res sont adorables.<\/p>\n<p style=\"text-align: justify;\">Concr\u00e8tement, je passe tirer mon lait entre 2 et 3 fois par jour, selon ma lactation. En cas de lactation tr\u00e8s poussive, je tire 4 fois. Chaque tirage prend 25-30 minutes. Le tirage en lui m\u00eame prend 10 minutes, et j&rsquo;ai achet\u00e9 la brassi\u00e8re main libre de Mamanana pour pouvoir travailler en m\u00eame temps. Le reste du temps est d\u00e9di\u00e9 au chauffage du lait pour d\u00e9truire les lipases, \u00e0 la vaisselle, puis au remplissage et \u00e9tiquetage des biberons.<\/p>\n<p style=\"text-align: justify;\">J&rsquo;avais commenc\u00e9 \u00e0 faire des r\u00e9serves de lait congel\u00e9 avant la reprise. \u00c3\u2021a m&rsquo;a permis de reprendre sans stress. Mais au final, non seulement je n&rsquo;ai jamais utilis\u00e9 ces r\u00e9serves, mais en plus j&rsquo;ai tout jet\u00e9 (&gt;3 L !) quand je me suis rendue compte que mon b\u00e9b\u00e9 \u00e9tait allergique aux \u00c5\u201cufs par le biais de mon lait. Maintenant, je garde maximum 500 mL de r\u00e9serve au cong\u00e9lateur.<\/p>\n<ul style=\"text-align: justify;\">\n<li><strong>Quelles ont \u00e9t\u00e9 vos principales difficult\u00e9s ?<\/strong><\/li>\n<\/ul>\n<p style=\"text-align: justify;\">1) L&rsquo;\u00e9puisement \u00e0 cause des reflux<br \/>\nMon b\u00e9b\u00e9, depuis sa naissance, a des gros probl\u00e8mes de reflux internes. C&rsquo;est d&rsquo;ailleurs V\u00e9ronique Darmangeat qui l&rsquo;a diagnostiqu\u00e9 quand il avait 1 mois, alors que je gal\u00e9rais et qu&rsquo;aucun m\u00e9decin ne me prenait au s\u00e9rieux. A chaque t\u00e9t\u00e9e, au bout d&rsquo;1 minute, il se tordait et hurlait de douleur. Et il \u00e9tait impossible de l&rsquo;allonger. Il ne dormait que dans mes bras ou l&rsquo;\u00e9charpe de portage. Et il t\u00e9tait (et t\u00e8te toujours !) toutes les heures, jour et nuit !<br \/>\nPendant 3 mois, j&rsquo;ai essay\u00e9 en vain le faire dormir inclin\u00e9 dans son lit. J&rsquo;ai tout essay\u00e9, m\u00eame un magnifique parachute de proclive. J&rsquo;\u00e9tais \u00e9puis\u00e9e. Alors \u00e0 la reprise du travail, j&rsquo;ai pris une d\u00e9cision radicale : je ne me fatiguerai plus \u00e0 essayer de l&rsquo;allonger, il dormira toute la nuit dans l&rsquo;\u00e9charpe. De 3 mois \u00e0 7 mois, il a ainsi dormi dans l&rsquo;\u00e9charpe, pendant que je dormais assise contre des coussins. Cette position inconfortable, en plus des t\u00e9t\u00e9es toutes les heures et des crises de reflux \u00e0 g\u00e9rer, m&rsquo;a \u00e9puis\u00e9e. Mais c&rsquo;\u00e9tait un moindre mal par rapport \u00e0 l&rsquo;\u00e9puisement d&rsquo;avant cette d\u00e9cision.<br \/>\nA 7 mois, il m&rsquo;a fait comprendre qu&rsquo;il se sentait trop \u00e0 l&rsquo;\u00e9troit pour dormir dans l&rsquo;\u00e9charpe. J&rsquo;ai donc d\u00e9cid\u00e9 de l&rsquo;allonger \u00e0 c\u00f4t\u00e9 de moi, sur un gros oreiller pour lui sur-\u00e9lever le haut du corps. J&rsquo;ai red\u00e9couvert le confort du sommeil allong\u00e9. Mais ce sommeil est devenu plus court, puisqu&rsquo;il faut que j&rsquo;attende au moins 15 minutes pour le reposer apr\u00e8s chaque t\u00e9t\u00e9e. Sinon, il se r\u00e9veille en se tordant au bout de 2 minutes. \u00c3\u2021a ne me laisse que 30 minutes de sommeil chaque heure. Parfois, m\u00eame en attendant la fin de la digestion, je n&rsquo;arrive pas \u00e0 le poser, il dort alors dans mes bras. Quand il va bien, il dort aussi dans mes bras, car je m&rsquo;endors avant de la poser.<br \/>\nIl a maintenant presque 14 mois. \u00c3\u2021a va mieux, il arrive parfois \u00e0 dormir 2 h d&rsquo;affil\u00e9e. Mais les nuits restent encore difficiles, avec au moins 7-8 t\u00e9t\u00e9es et plusieurs crises de reflux \u00e0 g\u00e9rer chaque nuit. Et \u00e7a, c&rsquo;est quand il va bien, je ne parle pas des angines.<\/p>\n<p style=\"text-align: justify;\">2) Les lipases<br \/>\nAvant la reprise, tous les dimanches, j&rsquo;allais \u00e0 la piscine. Mon mari gardait mon b\u00e9b\u00e9 et lui donnait mon lait tir\u00e9 au biberon. Du jour au lendemain, vers 2 mois, il a commenc\u00e9 \u00e0 refuser le biberon, puis \u00e0 hurler quand on lui proposait. Mon mari a essay\u00e9 de lui donner au verre, rien \u00e0 faire. J&rsquo;ai go\u00fbt\u00e9 le lait et il avait mauvais go\u00fbt. Je me suis alors souvenu de l&rsquo;article sur les lipases sur le site A tire d&rsquo;Ailes. J&rsquo;ai go\u00fbt\u00e9 le lait fra\u00eechement tir\u00e9, il \u00e9tait d\u00e9licieux. Au bout de 15 minutes, il \u00e9tait devenu mauvais. J&rsquo;ai appliqu\u00e9 la m\u00e9thode anti-lipase : chauffage quelques minutes \u00e0 60\u00c2\u00b0. Et l\u00e0 , miracle ! Le lait restait bon, et mon b\u00e9b\u00e9 le prenait de nouveau, que ce soit au biberon ou au verre.<br \/>\nDepuis, je chauffe mon lait tout de suite apr\u00e8s le tirage. Je verse le lait tir\u00e9 dans un biberon fin en verre que je plonge au bain-marie dans une bouilloire. Je surveille la temp\u00e9rature avec un thermom\u00e8tre de cuisson. Pendant ce temps de chauffage, je nettoie tout le mat\u00e9riel.<\/p>\n<p style=\"text-align: justify;\">3) Les phases de lactation insuffisante<br \/>\nIl y a des jours o\u00f9 je tire moins, sans que je n&rsquo;ai pu corr\u00e9ler cela \u00e0 la fatigue ou \u00e0 aucun autre facteur. Je compense les jours o\u00f9 je tire plus.<br \/>\nLe gros probl\u00e8me de lactation a eu lieu quand j&rsquo;ai commenc\u00e9 un r\u00e9gime draconien pour \u00e9viter tous les allerg\u00e8nes potentiels pour mon b\u00e9b\u00e9. Apr\u00e8s 2 semaines de r\u00e9gime, il a commenc\u00e9 \u00e0 aller nettement mieux et \u00e0 avoir plus d&rsquo;app\u00e9tit. De 200 mL par jour chez la nounou, il est pass\u00e9 \u00e0 350 mL ! Ma lactation a mis plusieurs semaines \u00e0 s&rsquo;adapter \u00e0 cette nouvelle consommation. Je me suis gav\u00e9e de f\u00e9nugrec pendant cette p\u00e9riode.<\/p>\n<p style=\"text-align: justify;\">4) Les probl\u00e8mes techniques et \u00e9tourderies<br \/>\nValves ab\u00eem\u00e9es, valve perdue, biberons ou bouchons de biberons oubli\u00e9s, pannes de transformateur, piles du thermom\u00e8tre us\u00e9es, lait oubli\u00e9 le soir dans le frigo de l&rsquo;infirmerie  Les probl\u00e8mes techniques et \u00e9tourderies sont rares mais tr\u00e8s g\u00eanants ! A chaque fois, j&rsquo;y perds une demi-journ\u00e9e de travail. Heureusement, mon travail, flexible, me le permet.<\/p>\n<p style=\"text-align: justify;\">5) Les critiques des p\u00e9diatres<br \/>\nMon b\u00e9b\u00e9 a un rythme tr\u00e8s atypique. Ses reflux y sont probablement pour quelque chose. Il t\u00e8te toutes les heures jour et nuit, au sein comme au biberon (chez la nounou). Chez la nounou, il n&rsquo;a jamais pu avaler des biberons de plus de 50 mL. Les p\u00e9diatres trouvent \u00e7a tr\u00e8s bizarre, eux qui ont appris qu&rsquo;il fallait espacer les t\u00e9t\u00e9es d&rsquo;au moins 2-3 h et qu&rsquo;\u00e0 tel \u00e2ge, les biberons doivent faire tant de mL. Au d\u00e9but, c&rsquo;\u00e9tait des recommandations plus ou moins insistantes. Puis vers 2 mois, mon b\u00e9b\u00e9 a cass\u00e9 sa courbe, comme c&rsquo;est souvent le cas des b\u00e9b\u00e9s \u00e0 reflux. Entre 7 mois et 13 mois, il n&rsquo;a pris que 100 g. Les recommandations sont devenues de vrais sermons culpabilisants. C&rsquo;est de ma faute s&rsquo;il ne grossit pas et s&rsquo;il a des reflux, c&rsquo;est parce qu&rsquo;il t\u00e8te trop souvent ! Je suis plusieurs fois rentr\u00e9e d\u00e9prim\u00e9e de la PMI, et heureusement que V\u00e9ronique Darmangeat et des monitrices de La Leche League \u00e9taient l\u00e0 pour me consoler. La fr\u00e9quence des t\u00e9t\u00e9es n&rsquo;est pas la cause des probl\u00e8mes, c&rsquo;est au contraire un moyen pour mon b\u00e9b\u00e9 de moins souffrir&#8230; Puis vers 11 mois, on lui a d\u00e9couvert une grosse an\u00e9mie. L\u00e0 , ce n&rsquo;\u00e9tais plus seulement le rythme, mais l&rsquo;allaitement tout court qui \u00e9tait point\u00e9 du doigt. On m&rsquo;a somm\u00e9e de donner du lait de croissance. Heureusement, depuis, mon b\u00e9b\u00e9 est suppl\u00e9ment\u00e9 en fer et son an\u00e9mie s&rsquo;est r\u00e9sorb\u00e9e sans recours au lait de croissance.<br \/>\nJe pense que je peux \u00e9crire un b\u00eatisier avec tout ce que j&rsquo;ai entendu par les p\u00e9diatres sur l&rsquo;allaitement : \u00c2\u00ab S&rsquo;il se r\u00e9veille en hurlant, c&rsquo;est un probl\u00e8me d&rsquo;\u00e9ducation \u00c2\u00bb (quand mon b\u00e9b\u00e9 avait 7 jours); \u00c2\u00ab L&rsquo;allaitement \u00e0 la demande, c&rsquo;est bien dans les villages en Afrique, mais c&rsquo;est incompatible avec notre mode de vie \u00c2\u00bb ; \u00c2\u00ab Le lait maternel, c&rsquo;est infecte \u00c2\u00bb ; \u00c2\u00ab En t\u00e9tant si souvent, il ne peut pas conna\u00eetre les sensations de faim et de sati\u00e9t\u00e9 \u00c2\u00bb ; \u00c2\u00ab Il fait 5kg, il doit faire ses nuits \u00c2\u00bb ; \u00c2\u00ab Les allergies par le lait maternel, c&rsquo;est un mythe \u00c2\u00bb ; \u00c2\u00ab A force de t\u00e9ter, il va avoir des probl\u00e8mes plus tard avec l&rsquo;oralit\u00e9 \u00c2\u00bb.<\/p>\n<ul style=\"text-align: justify;\">\n<li><strong>Quels ont \u00e9t\u00e9 vos meilleurs moments ?<\/strong><\/li>\n<\/ul>\n<p style=\"text-align: justify;\">Quand mon b\u00e9b\u00e9 est calme et sans reflux, chaque t\u00e9t\u00e9e est un moment de bonheur. C&rsquo;est magique. On se regarde les yeux dans les yeux, on se c\u00e2line, on se caresse, on papote avec des \u00c2\u00ab Hmm hmm hmm \u00c2\u00bb. Parfois, il sourit ou rit avec mon sein dans la bouche, c&rsquo;est trop mignon.<br \/>\nLes nuits sont dures, mais ce sont aussi des moments de tendresse. S&rsquo;il faisait ses nuits, je ne le verrait que 1 h le matin et 2-3 h le soir. Quand je l&rsquo;entends se r\u00e9veiller \u00e0 c\u00f4t\u00e9 de moi, je le prends dans les bras \u00e0 moiti\u00e9 endormie, sans m&rsquo;en rendre compte, instinctivement. Je le serre contre moi, il cherche le sein dans le noir et se met \u00e0 t\u00e9ter, les yeux ferm\u00e9s. \u00c3\u2021a aussi c&rsquo;est magique.<\/p>\n<ul style=\"text-align: justify;\">\n<li><strong>Qu&rsquo;est-ce que vous souhaiteriez dire aux mamans qui doivent faire un choix dans les semaines \u00e0 venir ? <\/strong><\/li>\n<\/ul>\n<p style=\"text-align: justify;\">Continuer l&rsquo;allaitement exclusif en travaillant, c&rsquo;est faisable et \u00e7a vaut la peine d&rsquo;essayer.<\/p>\n<ul style=\"text-align: justify;\">\n<li><strong>Ce serait \u00e0 refaire, vous referiez le m\u00eame choix ? Que changeriez-vous ? <\/strong><\/li>\n<\/ul>\n<p style=\"text-align: justify;\">Je referais exactement le m\u00eame choix. Mais si c&rsquo;\u00e9tait \u00e0 refaire, je me serais mieux renseign\u00e9e sur l&rsquo;allaitement avant l&rsquo;accouchement, \u00e7a m&rsquo;aurait \u00e9pargn\u00e9 bien du stress, des ennuis, des mauvais conseils de m\u00e9decins et des coups de d\u00e9prime. J&rsquo;aurais aussi pratiqu\u00e9 le co-dodo d\u00e8s le d\u00e9part.<br \/>\nAujourd&rsquo;hui, mon b\u00e9b\u00e9 a bient\u00f4t 14 mois, je souhaite continuer \u00e0 l&rsquo;allaiter en travaillant aussi longtemps qu&rsquo;il le d\u00e9sire.<\/p>\n<p><strong>Articles en rapport :<\/strong><\/p>\n<ul>\n<li>Voir l&rsquo;onglet <a href=\"https:\/\/www.lactissima.com\/a-tire-d-ailes\/temoignages-travail-et-allaitement\/\" target=\"_blank\">t\u00e9moignages<\/a><\/li>\n<\/ul>\n<div class='et-box et-shadow'>\n\t\t\t\t\t<div class='et-box-content'>Lire des articles ou poser des questions en commentaire ne suffit pas \u00e0 r\u00e9soudre votre probl\u00e8me ?\nSavez-vous que vous pouvez prendre RDV pour une consultation avec moi ?\nN&rsquo;h\u00e9sitez pas \u00e0 me contacter !<\/div><\/div>\n","protected":false},"excerpt":{"rendered":"<p>Quel choix avez-vous fait au moment de la reprise du travail : sevrage ou poursuite de l&rsquo;allaitement ? Pourquoi ? J&rsquo;ai repris mon travail quand mon b\u00e9b\u00e9 avait 3 mois. Les d\u00e9buts de l&rsquo;allaitement ont \u00e9t\u00e9 difficiles. Pendant 3 jours \u00e0 la maternit\u00e9, mon b\u00e9b\u00e9 n&rsquo;a pas su t\u00e9ter et personne ne m&rsquo;a aid\u00e9e, on [&hellip;]<\/p>\n","protected":false},"author":170,"featured_media":6858,"comment_status":"open","ping_status":"open","sticky":false,"template":"","format":"standard","meta":{"_et_pb_use_builder":"","_et_pb_old_content":"","_et_gb_content_width":"","footnotes":""},"categories":[35],"tags":[],"class_list":["post-6857","post","type-post","status-publish","format-standard","has-post-thumbnail","hentry","category-allaitement"],"yoast_head":"<!-- This site is optimized with the Yoast SEO plugin v27.4 - https:\/\/yoast.com\/product\/yoast-seo-wordpress\/ -->\n<title>Allaiter et travailler : le t\u00e9moignage de Camille<\/title>\n<meta name=\"description\" content=\"Camille a repris le travail en poursuivant l&#039;allaitement avec un b\u00e9b\u00e9 souffrant d&#039;un fort reflux et de diverses allergies.\" \/>\n<meta name=\"robots\" content=\"index, follow, max-snippet:-1, max-image-preview:large, max-video-preview:-1\" \/>\n<link rel=\"canonical\" href=\"https:\/\/www.lactissima.com\/a-tire-d-ailes\/allaiter-travailler-temoignage-de-camille\/\" \/>\n<meta property=\"og:locale\" content=\"fr_FR\" \/>\n<meta property=\"og:type\" content=\"article\" \/>\n<meta property=\"og:title\" content=\"Allaiter et travailler : le t\u00e9moignage de Camille\" \/>\n<meta property=\"og:description\" content=\"Camille a repris le travail en poursuivant l&#039;allaitement avec un b\u00e9b\u00e9 souffrant d&#039;un fort reflux et de diverses allergies.\" \/>\n<meta property=\"og:url\" content=\"https:\/\/www.lactissima.com\/a-tire-d-ailes\/allaiter-travailler-temoignage-de-camille\/\" \/>\n<meta property=\"og:site_name\" content=\"A tire d&#039;Ailes\" \/>\n<meta property=\"article:publisher\" content=\"https:\/\/www.facebook.com\/consultante.en.lactation\" \/>\n<meta property=\"article:author\" content=\"www.facebook.com\/consultante.en.lactation\" \/>\n<meta property=\"article:published_time\" content=\"2016-09-01T13:39:56+00:00\" \/>\n<meta property=\"og:image\" content=\"https:\/\/www.lactissima.com\/a-tire-d-ailes\/wp-content\/uploads\/2016\/09\/camille.jpg\" \/>\n\t<meta property=\"og:image:width\" content=\"231\" \/>\n\t<meta property=\"og:image:height\" content=\"412\" \/>\n\t<meta property=\"og:image:type\" content=\"image\/jpeg\" \/>\n<meta name=\"author\" content=\"V\u00e9ronique Darmangeat\" \/>\n<meta name=\"twitter:card\" content=\"summary_large_image\" \/>\n<meta name=\"twitter:creator\" content=\"@VeroniqueIBCLC\" \/>\n<meta name=\"twitter:site\" content=\"@VeroniqueIBCLC\" \/>\n<meta name=\"twitter:label1\" content=\"\u00c9crit par\" \/>\n\t<meta name=\"twitter:data1\" content=\"V\u00e9ronique Darmangeat\" \/>\n\t<meta name=\"twitter:label2\" content=\"Dur\u00e9e de lecture estim\u00e9e\" \/>\n\t<meta name=\"twitter:data2\" content=\"10 minutes\" \/>\n<script type=\"application\/ld+json\" class=\"yoast-schema-graph\">{\"@context\":\"https:\\\/\\\/schema.org\",\"@graph\":[{\"@type\":\"Article\",\"@id\":\"https:\\\/\\\/www.lactissima.com\\\/a-tire-d-ailes\\\/allaiter-travailler-temoignage-de-camille\\\/#article\",\"isPartOf\":{\"@id\":\"https:\\\/\\\/www.lactissima.com\\\/a-tire-d-ailes\\\/allaiter-travailler-temoignage-de-camille\\\/\"},\"author\":{\"name\":\"V\u00e9ronique Darmangeat\",\"@id\":\"https:\\\/\\\/www.lactissima.com\\\/a-tire-d-ailes\\\/#\\\/schema\\\/person\\\/8f98d3a89530861bc1240e6d53d44eed\"},\"headline\":\"Allaiter et travailler : le t\u00e9moignage de Camille\",\"datePublished\":\"2016-09-01T13:39:56+00:00\",\"mainEntityOfPage\":{\"@id\":\"https:\\\/\\\/www.lactissima.com\\\/a-tire-d-ailes\\\/allaiter-travailler-temoignage-de-camille\\\/\"},\"wordCount\":2027,\"commentCount\":9,\"image\":{\"@id\":\"https:\\\/\\\/www.lactissima.com\\\/a-tire-d-ailes\\\/allaiter-travailler-temoignage-de-camille\\\/#primaryimage\"},\"thumbnailUrl\":\"https:\\\/\\\/www.lactissima.com\\\/a-tire-d-ailes\\\/wp-content\\\/uploads\\\/2016\\\/09\\\/camille.jpg\",\"articleSection\":[\"Allaitement\"],\"inLanguage\":\"fr-FR\",\"potentialAction\":[{\"@type\":\"CommentAction\",\"name\":\"Comment\",\"target\":[\"https:\\\/\\\/www.lactissima.com\\\/a-tire-d-ailes\\\/allaiter-travailler-temoignage-de-camille\\\/#respond\"]}]},{\"@type\":\"WebPage\",\"@id\":\"https:\\\/\\\/www.lactissima.com\\\/a-tire-d-ailes\\\/allaiter-travailler-temoignage-de-camille\\\/\",\"url\":\"https:\\\/\\\/www.lactissima.com\\\/a-tire-d-ailes\\\/allaiter-travailler-temoignage-de-camille\\\/\",\"name\":\"Allaiter et travailler : le t\u00e9moignage de Camille\",\"isPartOf\":{\"@id\":\"https:\\\/\\\/www.lactissima.com\\\/a-tire-d-ailes\\\/#website\"},\"primaryImageOfPage\":{\"@id\":\"https:\\\/\\\/www.lactissima.com\\\/a-tire-d-ailes\\\/allaiter-travailler-temoignage-de-camille\\\/#primaryimage\"},\"image\":{\"@id\":\"https:\\\/\\\/www.lactissima.com\\\/a-tire-d-ailes\\\/allaiter-travailler-temoignage-de-camille\\\/#primaryimage\"},\"thumbnailUrl\":\"https:\\\/\\\/www.lactissima.com\\\/a-tire-d-ailes\\\/wp-content\\\/uploads\\\/2016\\\/09\\\/camille.jpg\",\"datePublished\":\"2016-09-01T13:39:56+00:00\",\"author\":{\"@id\":\"https:\\\/\\\/www.lactissima.com\\\/a-tire-d-ailes\\\/#\\\/schema\\\/person\\\/8f98d3a89530861bc1240e6d53d44eed\"},\"description\":\"Camille a repris le travail en poursuivant l'allaitement avec un b\u00e9b\u00e9 souffrant d'un fort reflux et de diverses allergies.\",\"breadcrumb\":{\"@id\":\"https:\\\/\\\/www.lactissima.com\\\/a-tire-d-ailes\\\/allaiter-travailler-temoignage-de-camille\\\/#breadcrumb\"},\"inLanguage\":\"fr-FR\",\"potentialAction\":[{\"@type\":\"ReadAction\",\"target\":[\"https:\\\/\\\/www.lactissima.com\\\/a-tire-d-ailes\\\/allaiter-travailler-temoignage-de-camille\\\/\"]}]},{\"@type\":\"ImageObject\",\"inLanguage\":\"fr-FR\",\"@id\":\"https:\\\/\\\/www.lactissima.com\\\/a-tire-d-ailes\\\/allaiter-travailler-temoignage-de-camille\\\/#primaryimage\",\"url\":\"https:\\\/\\\/www.lactissima.com\\\/a-tire-d-ailes\\\/wp-content\\\/uploads\\\/2016\\\/09\\\/camille.jpg\",\"contentUrl\":\"https:\\\/\\\/www.lactissima.com\\\/a-tire-d-ailes\\\/wp-content\\\/uploads\\\/2016\\\/09\\\/camille.jpg\",\"width\":231,\"height\":412,\"caption\":\"allaitement et travail\"},{\"@type\":\"BreadcrumbList\",\"@id\":\"https:\\\/\\\/www.lactissima.com\\\/a-tire-d-ailes\\\/allaiter-travailler-temoignage-de-camille\\\/#breadcrumb\",\"itemListElement\":[{\"@type\":\"ListItem\",\"position\":1,\"name\":\"Accueil\",\"item\":\"https:\\\/\\\/www.lactissima.com\\\/a-tire-d-ailes\\\/\"},{\"@type\":\"ListItem\",\"position\":2,\"name\":\"Allaiter et travailler : le t\u00e9moignage de Camille\"}]},{\"@type\":\"WebSite\",\"@id\":\"https:\\\/\\\/www.lactissima.com\\\/a-tire-d-ailes\\\/#website\",\"url\":\"https:\\\/\\\/www.lactissima.com\\\/a-tire-d-ailes\\\/\",\"name\":\"A tire d&#039;Ailes\",\"description\":\"Le blog des femmes qui allaitent et travaillent.\",\"potentialAction\":[{\"@type\":\"SearchAction\",\"target\":{\"@type\":\"EntryPoint\",\"urlTemplate\":\"https:\\\/\\\/www.lactissima.com\\\/a-tire-d-ailes\\\/?s={search_term_string}\"},\"query-input\":{\"@type\":\"PropertyValueSpecification\",\"valueRequired\":true,\"valueName\":\"search_term_string\"}}],\"inLanguage\":\"fr-FR\"},{\"@type\":\"Person\",\"@id\":\"https:\\\/\\\/www.lactissima.com\\\/a-tire-d-ailes\\\/#\\\/schema\\\/person\\\/8f98d3a89530861bc1240e6d53d44eed\",\"name\":\"V\u00e9ronique Darmangeat\",\"image\":{\"@type\":\"ImageObject\",\"inLanguage\":\"fr-FR\",\"@id\":\"https:\\\/\\\/secure.gravatar.com\\\/avatar\\\/268c99344c89cebfe4f5df5fa8be43068a18884fc76a29f3206fae98465b9cab?s=96&d=identicon&r=g\",\"url\":\"https:\\\/\\\/secure.gravatar.com\\\/avatar\\\/268c99344c89cebfe4f5df5fa8be43068a18884fc76a29f3206fae98465b9cab?s=96&d=identicon&r=g\",\"contentUrl\":\"https:\\\/\\\/secure.gravatar.com\\\/avatar\\\/268c99344c89cebfe4f5df5fa8be43068a18884fc76a29f3206fae98465b9cab?s=96&d=identicon&r=g\",\"caption\":\"V\u00e9ronique Darmangeat\"},\"sameAs\":[\"https:\\\/\\\/www.lactissima.com\\\/a-tire-d-ailes\",\"www.facebook.com\\\/consultante.en.lactation\"]}]}<\/script>\n<!-- \/ Yoast SEO plugin. -->","yoast_head_json":{"title":"Allaiter et travailler : le t\u00e9moignage de Camille","description":"Camille a repris le travail en poursuivant l'allaitement avec un b\u00e9b\u00e9 souffrant d'un fort reflux et de diverses allergies.","robots":{"index":"index","follow":"follow","max-snippet":"max-snippet:-1","max-image-preview":"max-image-preview:large","max-video-preview":"max-video-preview:-1"},"canonical":"https:\/\/www.lactissima.com\/a-tire-d-ailes\/allaiter-travailler-temoignage-de-camille\/","og_locale":"fr_FR","og_type":"article","og_title":"Allaiter et travailler : le t\u00e9moignage de Camille","og_description":"Camille a repris le travail en poursuivant l'allaitement avec un b\u00e9b\u00e9 souffrant d'un fort reflux et de diverses allergies.","og_url":"https:\/\/www.lactissima.com\/a-tire-d-ailes\/allaiter-travailler-temoignage-de-camille\/","og_site_name":"A tire d&#039;Ailes","article_publisher":"https:\/\/www.facebook.com\/consultante.en.lactation","article_author":"www.facebook.com\/consultante.en.lactation","article_published_time":"2016-09-01T13:39:56+00:00","og_image":[{"width":231,"height":412,"url":"https:\/\/www.lactissima.com\/a-tire-d-ailes\/wp-content\/uploads\/2016\/09\/camille.jpg","type":"image\/jpeg"}],"author":"V\u00e9ronique Darmangeat","twitter_card":"summary_large_image","twitter_creator":"@VeroniqueIBCLC","twitter_site":"@VeroniqueIBCLC","twitter_misc":{"\u00c9crit par":"V\u00e9ronique Darmangeat","Dur\u00e9e de lecture estim\u00e9e":"10 minutes"},"schema":{"@context":"https:\/\/schema.org","@graph":[{"@type":"Article","@id":"https:\/\/www.lactissima.com\/a-tire-d-ailes\/allaiter-travailler-temoignage-de-camille\/#article","isPartOf":{"@id":"https:\/\/www.lactissima.com\/a-tire-d-ailes\/allaiter-travailler-temoignage-de-camille\/"},"author":{"name":"V\u00e9ronique Darmangeat","@id":"https:\/\/www.lactissima.com\/a-tire-d-ailes\/#\/schema\/person\/8f98d3a89530861bc1240e6d53d44eed"},"headline":"Allaiter et travailler : le t\u00e9moignage de Camille","datePublished":"2016-09-01T13:39:56+00:00","mainEntityOfPage":{"@id":"https:\/\/www.lactissima.com\/a-tire-d-ailes\/allaiter-travailler-temoignage-de-camille\/"},"wordCount":2027,"commentCount":9,"image":{"@id":"https:\/\/www.lactissima.com\/a-tire-d-ailes\/allaiter-travailler-temoignage-de-camille\/#primaryimage"},"thumbnailUrl":"https:\/\/www.lactissima.com\/a-tire-d-ailes\/wp-content\/uploads\/2016\/09\/camille.jpg","articleSection":["Allaitement"],"inLanguage":"fr-FR","potentialAction":[{"@type":"CommentAction","name":"Comment","target":["https:\/\/www.lactissima.com\/a-tire-d-ailes\/allaiter-travailler-temoignage-de-camille\/#respond"]}]},{"@type":"WebPage","@id":"https:\/\/www.lactissima.com\/a-tire-d-ailes\/allaiter-travailler-temoignage-de-camille\/","url":"https:\/\/www.lactissima.com\/a-tire-d-ailes\/allaiter-travailler-temoignage-de-camille\/","name":"Allaiter et travailler : le t\u00e9moignage de Camille","isPartOf":{"@id":"https:\/\/www.lactissima.com\/a-tire-d-ailes\/#website"},"primaryImageOfPage":{"@id":"https:\/\/www.lactissima.com\/a-tire-d-ailes\/allaiter-travailler-temoignage-de-camille\/#primaryimage"},"image":{"@id":"https:\/\/www.lactissima.com\/a-tire-d-ailes\/allaiter-travailler-temoignage-de-camille\/#primaryimage"},"thumbnailUrl":"https:\/\/www.lactissima.com\/a-tire-d-ailes\/wp-content\/uploads\/2016\/09\/camille.jpg","datePublished":"2016-09-01T13:39:56+00:00","author":{"@id":"https:\/\/www.lactissima.com\/a-tire-d-ailes\/#\/schema\/person\/8f98d3a89530861bc1240e6d53d44eed"},"description":"Camille a repris le travail en poursuivant l'allaitement avec un b\u00e9b\u00e9 souffrant d'un fort reflux et de diverses allergies.","breadcrumb":{"@id":"https:\/\/www.lactissima.com\/a-tire-d-ailes\/allaiter-travailler-temoignage-de-camille\/#breadcrumb"},"inLanguage":"fr-FR","potentialAction":[{"@type":"ReadAction","target":["https:\/\/www.lactissima.com\/a-tire-d-ailes\/allaiter-travailler-temoignage-de-camille\/"]}]},{"@type":"ImageObject","inLanguage":"fr-FR","@id":"https:\/\/www.lactissima.com\/a-tire-d-ailes\/allaiter-travailler-temoignage-de-camille\/#primaryimage","url":"https:\/\/www.lactissima.com\/a-tire-d-ailes\/wp-content\/uploads\/2016\/09\/camille.jpg","contentUrl":"https:\/\/www.lactissima.com\/a-tire-d-ailes\/wp-content\/uploads\/2016\/09\/camille.jpg","width":231,"height":412,"caption":"allaitement et travail"},{"@type":"BreadcrumbList","@id":"https:\/\/www.lactissima.com\/a-tire-d-ailes\/allaiter-travailler-temoignage-de-camille\/#breadcrumb","itemListElement":[{"@type":"ListItem","position":1,"name":"Accueil","item":"https:\/\/www.lactissima.com\/a-tire-d-ailes\/"},{"@type":"ListItem","position":2,"name":"Allaiter et travailler : le t\u00e9moignage de Camille"}]},{"@type":"WebSite","@id":"https:\/\/www.lactissima.com\/a-tire-d-ailes\/#website","url":"https:\/\/www.lactissima.com\/a-tire-d-ailes\/","name":"A tire d&#039;Ailes","description":"Le blog des femmes qui allaitent et travaillent.","potentialAction":[{"@type":"SearchAction","target":{"@type":"EntryPoint","urlTemplate":"https:\/\/www.lactissima.com\/a-tire-d-ailes\/?s={search_term_string}"},"query-input":{"@type":"PropertyValueSpecification","valueRequired":true,"valueName":"search_term_string"}}],"inLanguage":"fr-FR"},{"@type":"Person","@id":"https:\/\/www.lactissima.com\/a-tire-d-ailes\/#\/schema\/person\/8f98d3a89530861bc1240e6d53d44eed","name":"V\u00e9ronique Darmangeat","image":{"@type":"ImageObject","inLanguage":"fr-FR","@id":"https:\/\/secure.gravatar.com\/avatar\/268c99344c89cebfe4f5df5fa8be43068a18884fc76a29f3206fae98465b9cab?s=96&d=identicon&r=g","url":"https:\/\/secure.gravatar.com\/avatar\/268c99344c89cebfe4f5df5fa8be43068a18884fc76a29f3206fae98465b9cab?s=96&d=identicon&r=g","contentUrl":"https:\/\/secure.gravatar.com\/avatar\/268c99344c89cebfe4f5df5fa8be43068a18884fc76a29f3206fae98465b9cab?s=96&d=identicon&r=g","caption":"V\u00e9ronique Darmangeat"},"sameAs":["https:\/\/www.lactissima.com\/a-tire-d-ailes","www.facebook.com\/consultante.en.lactation"]}]}},"_links":{"self":[{"href":"https:\/\/www.lactissima.com\/a-tire-d-ailes\/wp-json\/wp\/v2\/posts\/6857","targetHints":{"allow":["GET"]}}],"collection":[{"href":"https:\/\/www.lactissima.com\/a-tire-d-ailes\/wp-json\/wp\/v2\/posts"}],"about":[{"href":"https:\/\/www.lactissima.com\/a-tire-d-ailes\/wp-json\/wp\/v2\/types\/post"}],"author":[{"embeddable":true,"href":"https:\/\/www.lactissima.com\/a-tire-d-ailes\/wp-json\/wp\/v2\/users\/170"}],"replies":[{"embeddable":true,"href":"https:\/\/www.lactissima.com\/a-tire-d-ailes\/wp-json\/wp\/v2\/comments?post=6857"}],"version-history":[{"count":2,"href":"https:\/\/www.lactissima.com\/a-tire-d-ailes\/wp-json\/wp\/v2\/posts\/6857\/revisions"}],"predecessor-version":[{"id":6860,"href":"https:\/\/www.lactissima.com\/a-tire-d-ailes\/wp-json\/wp\/v2\/posts\/6857\/revisions\/6860"}],"wp:featuredmedia":[{"embeddable":true,"href":"https:\/\/www.lactissima.com\/a-tire-d-ailes\/wp-json\/wp\/v2\/media\/6858"}],"wp:attachment":[{"href":"https:\/\/www.lactissima.com\/a-tire-d-ailes\/wp-json\/wp\/v2\/media?parent=6857"}],"wp:term":[{"taxonomy":"category","embeddable":true,"href":"https:\/\/www.lactissima.com\/a-tire-d-ailes\/wp-json\/wp\/v2\/categories?post=6857"},{"taxonomy":"post_tag","embeddable":true,"href":"https:\/\/www.lactissima.com\/a-tire-d-ailes\/wp-json\/wp\/v2\/tags?post=6857"}],"curies":[{"name":"wp","href":"https:\/\/api.w.org\/{rel}","templated":true}]}}