{"id":6794,"date":"2016-08-03T10:55:42","date_gmt":"2016-08-03T08:55:42","guid":{"rendered":"https:\/\/www.lactissima.com\/a-tire-d-ailes\/?p=6794"},"modified":"2016-08-03T10:55:42","modified_gmt":"2016-08-03T08:55:42","slug":"suisse-temoignage-de-sarah","status":"publish","type":"post","link":"https:\/\/www.lactissima.com\/a-tire-d-ailes\/suisse-temoignage-de-sarah\/","title":{"rendered":"Suisse : le t\u00e9moignage de Sarah"},"content":{"rendered":"<p><img loading=\"lazy\" decoding=\"async\" class=\"alignright size-full wp-image-6795\" src=\"https:\/\/www.lactissima.com\/a-tire-d-ailes\/wp-content\/uploads\/2016\/08\/sarah2.jpg\" alt=\"Suisse\" width=\"247\" height=\"439\" srcset=\"https:\/\/www.lactissima.com\/a-tire-d-ailes\/wp-content\/uploads\/2016\/08\/sarah2.jpg 247w, https:\/\/www.lactissima.com\/a-tire-d-ailes\/wp-content\/uploads\/2016\/08\/sarah2-169x300.jpg 169w\" sizes=\"(max-width: 247px) 100vw, 247px\" \/><\/p>\n<ul>\n<li style=\"text-align: justify;\"><strong>Dans quel pays travaillez vous ? Connaissez vous la l\u00e9gislation locale en mati\u00e8re de cong\u00e9s maternit\u00e9, cong\u00e9s allaitement, pauses d&rsquo;allaitement ?<\/strong><\/li>\n<\/ul>\n<p style=\"text-align: justify;\">Je travaille en Suisse, et j&rsquo;ai pu continuer \u00e0 allaiter ma petite fille.<br \/>\nJ&rsquo;ai repris le travail \u00e0 ses 16 semaines, selon le cong\u00e9 maternit\u00e9 suisse.<\/p>\n<ul style=\"text-align: justify;\">\n<li><strong>Quel choix avez-vous fait au moment de la reprise du travail : sevrage ou poursuite de l&rsquo;allaitement ? Pourquoi ?<\/strong><\/li>\n<\/ul>\n<p style=\"text-align: justify;\">Cela me tenait \u00e0 coeur de continuer \u00e0 l&rsquo;allaiter pour 2 raisons : j&rsquo;avais mal v\u00e9cu le sevrage forc\u00e9 de son fr\u00e8re, 3 ans auparavant, et parce que ma puce est allergique aux prot\u00e9ines de lait de vache.<br \/>\nApr\u00e8s avoir inform\u00e9 ma sup\u00e9rieure hi\u00e9rarchique, j&rsquo;ai pu rencontrer, avant ma reprise, ma RH qui m&rsquo;a largement encourag\u00e9e \u00e0 continuer l&rsquo;allaitement.<br \/>\nElle m&rsquo;a expliqu\u00e9 mes droits : pour une journ\u00e9e de plus de 8h travaill\u00e9es, j&rsquo;avais le droit \u00e0 1h30 de pause pour tirer mon lait, pris sur mon temps de travail. Je pouvais avoir la possibilit\u00e9 de rentrer \u00e0 la maison pour allaiter directement ma puce, mais j&rsquo;habite trop loin de mon lieu de travail.<br \/>\nOn a cherch\u00e9 quel endroit serait  id\u00e9al pour que je puisse tirer mon lait sans risquer d&rsquo;\u00eatre d\u00e9rang\u00e9e. Elle m&rsquo;a alors confi\u00e9 qu&rsquo;il y a 4 ans en arri\u00e8re, elle tirait son lait aux toilettes.<br \/>\nElle m&rsquo;a propos\u00e9 plusieurs solutions : l&rsquo;infirmerie de l&rsquo;entreprise&#8230;.mais trop de risques d&rsquo;\u00eatre d\u00e9rang\u00e9e. Une pi\u00e8ce qui puisse \u00eatre ferm\u00e9e \u00e0 clefs&#8230;mais probl\u00e8me : tous les cadres de l&rsquo;entreprise ont le pass des salles, donc si l&rsquo;un d\u00e9cide d&rsquo;entrer dans une salle, il peut le faire. Derni\u00e8re solution, les toilettes. Celles qui sont le moins occup\u00e9es, les plus \u00ab\u00a0accueillantes \u00ab\u00a0, et avec un lavabo pour pouvoir faire ma vaisselle. J&rsquo;ai fini par choisir cette option, m\u00eame si au d\u00e9part je trouvais \u00e7a tr\u00e8s glauque !<\/p>\n<ul style=\"text-align: justify;\">\n<li><strong>Comment vous \u00eates-vous organis\u00e9e ?<\/strong><\/li>\n<\/ul>\n<p style=\"text-align: justify;\">Ensuite, c&rsquo;\u00e9tait \u00e0 moi de m&rsquo;organiser, en fonction de mes horaires de travail et des t\u00e9t\u00e9es de ma puce.<br \/>\nJe n&rsquo;avais finalement besoin que de 2 \u00c3\u201430 minutes pour tirer convenablement mon lait.<\/p>\n<ul style=\"text-align: justify;\">\n<li><strong>Quelles ont \u00e9t\u00e9 vos principales difficult\u00e9s ?<\/strong><\/li>\n<\/ul>\n<p style=\"text-align: justify;\">Parfois, en fonction du stress provoqu\u00e9 par mon travail, je tirais beaucoup moins de lait que les jours ou j&rsquo;\u00e9tais d\u00e9tendue !<br \/>\nAu bout de 3 mois de tirage au travail, j&rsquo;ai fini par me sentir \u00e9puis\u00e9e de devoir organiser les biberons du lendemain, faire la vaisselle de tout le tire-lait. .. cela me prenait plus de temps que je ne l&rsquo;avais imagin\u00e9.<br \/>\nJ&rsquo;ai pris la d\u00e9cision d&rsquo;arr\u00eater de tirer mon lait au travail, alors que ma puce avait 7 mois. On a pr\u00e9serv\u00e9 2 t\u00e9t\u00e9es \u00e0 la maison, puis 1 jusqu&rsquo;\u00e0 ce que je n&rsquo;ai plus de lait.<br \/>\nJ&rsquo;aurai allait\u00e9 ma fille jusqu&rsquo;\u00e0 ses 8 mois, pour mon plus grand bonheur !<br \/>\nParfois cela me manque&#8230;mais je sais que je lui ai donn\u00e9 le meilleur et que \u00e7a lui aura \u00e9t\u00e9 b\u00e9n\u00e9fique : elle est beaucoup moins malade que son grand fr\u00e8re !<\/p>\n<ul style=\"text-align: justify;\">\n<li><strong>Ce serait \u00e0 refaire, vous referiez le m\u00eame choix ? Que changeriez-vous ?<\/strong><\/li>\n<\/ul>\n<p style=\"text-align: justify;\">Si c&rsquo;\u00e9tait \u00e0 refaire, je le referais sans h\u00e9siter ! Je suis plut\u00f4t fi\u00e8re de dire que j&rsquo;ai pu continuer \u00e0 allaiter en reprenant le travail ! \u00c3\u2021a surprend la plupart des personnes !<\/p>\n<p><strong>Articles en rapport :<\/strong><\/p>\n<ul>\n<li>Voir l&rsquo;onglet <a href=\"https:\/\/www.lactissima.com\/a-tire-d-ailes\/temoignages-travail-et-allaitement\/\" target=\"_blank\">t\u00e9moignages<\/a><\/li>\n<\/ul>\n<div class='et-box et-shadow'>\n\t\t\t\t\t<div class='et-box-content'>Lire des articles ou poser des questions en commentaire ne suffit pas \u00e0 r\u00e9soudre votre probl\u00e8me ?\nSavez-vous que vous pouvez prendre RDV pour une consultation avec moi ?\nN&rsquo;h\u00e9sitez pas \u00e0 me contacter !<\/div><\/div>\n","protected":false},"excerpt":{"rendered":"<p>Dans quel pays travaillez vous ? Connaissez vous la l\u00e9gislation locale en mati\u00e8re de cong\u00e9s maternit\u00e9, cong\u00e9s allaitement, pauses d&rsquo;allaitement ? Je travaille en Suisse, et j&rsquo;ai pu continuer \u00e0 allaiter ma petite fille. J&rsquo;ai repris le travail \u00e0 ses 16 semaines, selon le cong\u00e9 maternit\u00e9 suisse. Quel choix avez-vous fait au moment de la [&hellip;]<\/p>\n","protected":false},"author":170,"featured_media":6795,"comment_status":"open","ping_status":"open","sticky":false,"template":"","format":"standard","meta":{"_et_pb_use_builder":"","_et_pb_old_content":"","_et_gb_content_width":"","footnotes":""},"categories":[150],"tags":[],"class_list":["post-6794","post","type-post","status-publish","format-standard","has-post-thumbnail","hentry","category-temoignages"],"yoast_head":"<!-- This site is optimized with the Yoast SEO plugin v27.4 - https:\/\/yoast.com\/product\/yoast-seo-wordpress\/ -->\n<title>Suisse : le t\u00e9moignage de Sarah<\/title>\n<meta name=\"description\" content=\"Sarah a b\u00e9n\u00e9fici\u00e9 de l&#039;aide de sa responsable RH pour tirer son lait sur son lieu de travail, en Suisse.\" \/>\n<meta name=\"robots\" content=\"index, follow, max-snippet:-1, max-image-preview:large, max-video-preview:-1\" \/>\n<link rel=\"canonical\" href=\"https:\/\/www.lactissima.com\/a-tire-d-ailes\/suisse-temoignage-de-sarah\/\" \/>\n<meta property=\"og:locale\" content=\"fr_FR\" \/>\n<meta property=\"og:type\" content=\"article\" \/>\n<meta property=\"og:title\" content=\"Suisse : le t\u00e9moignage de Sarah\" \/>\n<meta property=\"og:description\" content=\"Sarah a b\u00e9n\u00e9fici\u00e9 de l&#039;aide de sa responsable RH pour tirer son lait sur son lieu de travail, en Suisse.\" \/>\n<meta property=\"og:url\" content=\"https:\/\/www.lactissima.com\/a-tire-d-ailes\/suisse-temoignage-de-sarah\/\" \/>\n<meta property=\"og:site_name\" content=\"A tire d&#039;Ailes\" \/>\n<meta property=\"article:publisher\" content=\"https:\/\/www.facebook.com\/consultante.en.lactation\" \/>\n<meta property=\"article:author\" content=\"www.facebook.com\/consultante.en.lactation\" \/>\n<meta property=\"article:published_time\" content=\"2016-08-03T08:55:42+00:00\" \/>\n<meta property=\"og:image\" content=\"https:\/\/www.lactissima.com\/a-tire-d-ailes\/wp-content\/uploads\/2016\/08\/sarah2.jpg\" \/>\n\t<meta property=\"og:image:width\" content=\"247\" \/>\n\t<meta property=\"og:image:height\" content=\"439\" \/>\n\t<meta property=\"og:image:type\" content=\"image\/jpeg\" \/>\n<meta name=\"author\" content=\"V\u00e9ronique Darmangeat\" \/>\n<meta name=\"twitter:card\" content=\"summary_large_image\" \/>\n<meta name=\"twitter:creator\" content=\"@VeroniqueIBCLC\" \/>\n<meta name=\"twitter:site\" content=\"@VeroniqueIBCLC\" \/>\n<meta name=\"twitter:label1\" content=\"\u00c9crit par\" \/>\n\t<meta name=\"twitter:data1\" content=\"V\u00e9ronique Darmangeat\" \/>\n\t<meta name=\"twitter:label2\" content=\"Dur\u00e9e de lecture estim\u00e9e\" \/>\n\t<meta name=\"twitter:data2\" content=\"3 minutes\" \/>\n<script type=\"application\/ld+json\" class=\"yoast-schema-graph\">{\"@context\":\"https:\\\/\\\/schema.org\",\"@graph\":[{\"@type\":\"Article\",\"@id\":\"https:\\\/\\\/www.lactissima.com\\\/a-tire-d-ailes\\\/suisse-temoignage-de-sarah\\\/#article\",\"isPartOf\":{\"@id\":\"https:\\\/\\\/www.lactissima.com\\\/a-tire-d-ailes\\\/suisse-temoignage-de-sarah\\\/\"},\"author\":{\"name\":\"V\u00e9ronique Darmangeat\",\"@id\":\"https:\\\/\\\/www.lactissima.com\\\/a-tire-d-ailes\\\/#\\\/schema\\\/person\\\/8f98d3a89530861bc1240e6d53d44eed\"},\"headline\":\"Suisse : le t\u00e9moignage de Sarah\",\"datePublished\":\"2016-08-03T08:55:42+00:00\",\"mainEntityOfPage\":{\"@id\":\"https:\\\/\\\/www.lactissima.com\\\/a-tire-d-ailes\\\/suisse-temoignage-de-sarah\\\/\"},\"wordCount\":624,\"commentCount\":1,\"image\":{\"@id\":\"https:\\\/\\\/www.lactissima.com\\\/a-tire-d-ailes\\\/suisse-temoignage-de-sarah\\\/#primaryimage\"},\"thumbnailUrl\":\"https:\\\/\\\/www.lactissima.com\\\/a-tire-d-ailes\\\/wp-content\\\/uploads\\\/2016\\\/08\\\/sarah2.jpg\",\"articleSection\":[\"t\u00e9moignages\"],\"inLanguage\":\"fr-FR\",\"potentialAction\":[{\"@type\":\"CommentAction\",\"name\":\"Comment\",\"target\":[\"https:\\\/\\\/www.lactissima.com\\\/a-tire-d-ailes\\\/suisse-temoignage-de-sarah\\\/#respond\"]}]},{\"@type\":\"WebPage\",\"@id\":\"https:\\\/\\\/www.lactissima.com\\\/a-tire-d-ailes\\\/suisse-temoignage-de-sarah\\\/\",\"url\":\"https:\\\/\\\/www.lactissima.com\\\/a-tire-d-ailes\\\/suisse-temoignage-de-sarah\\\/\",\"name\":\"Suisse : le t\u00e9moignage de Sarah\",\"isPartOf\":{\"@id\":\"https:\\\/\\\/www.lactissima.com\\\/a-tire-d-ailes\\\/#website\"},\"primaryImageOfPage\":{\"@id\":\"https:\\\/\\\/www.lactissima.com\\\/a-tire-d-ailes\\\/suisse-temoignage-de-sarah\\\/#primaryimage\"},\"image\":{\"@id\":\"https:\\\/\\\/www.lactissima.com\\\/a-tire-d-ailes\\\/suisse-temoignage-de-sarah\\\/#primaryimage\"},\"thumbnailUrl\":\"https:\\\/\\\/www.lactissima.com\\\/a-tire-d-ailes\\\/wp-content\\\/uploads\\\/2016\\\/08\\\/sarah2.jpg\",\"datePublished\":\"2016-08-03T08:55:42+00:00\",\"author\":{\"@id\":\"https:\\\/\\\/www.lactissima.com\\\/a-tire-d-ailes\\\/#\\\/schema\\\/person\\\/8f98d3a89530861bc1240e6d53d44eed\"},\"description\":\"Sarah a b\u00e9n\u00e9fici\u00e9 de l'aide de sa responsable RH pour tirer son lait sur son lieu de travail, en Suisse.\",\"breadcrumb\":{\"@id\":\"https:\\\/\\\/www.lactissima.com\\\/a-tire-d-ailes\\\/suisse-temoignage-de-sarah\\\/#breadcrumb\"},\"inLanguage\":\"fr-FR\",\"potentialAction\":[{\"@type\":\"ReadAction\",\"target\":[\"https:\\\/\\\/www.lactissima.com\\\/a-tire-d-ailes\\\/suisse-temoignage-de-sarah\\\/\"]}]},{\"@type\":\"ImageObject\",\"inLanguage\":\"fr-FR\",\"@id\":\"https:\\\/\\\/www.lactissima.com\\\/a-tire-d-ailes\\\/suisse-temoignage-de-sarah\\\/#primaryimage\",\"url\":\"https:\\\/\\\/www.lactissima.com\\\/a-tire-d-ailes\\\/wp-content\\\/uploads\\\/2016\\\/08\\\/sarah2.jpg\",\"contentUrl\":\"https:\\\/\\\/www.lactissima.com\\\/a-tire-d-ailes\\\/wp-content\\\/uploads\\\/2016\\\/08\\\/sarah2.jpg\",\"width\":247,\"height\":439,\"caption\":\"Suisse\"},{\"@type\":\"BreadcrumbList\",\"@id\":\"https:\\\/\\\/www.lactissima.com\\\/a-tire-d-ailes\\\/suisse-temoignage-de-sarah\\\/#breadcrumb\",\"itemListElement\":[{\"@type\":\"ListItem\",\"position\":1,\"name\":\"Accueil\",\"item\":\"https:\\\/\\\/www.lactissima.com\\\/a-tire-d-ailes\\\/\"},{\"@type\":\"ListItem\",\"position\":2,\"name\":\"Suisse : le t\u00e9moignage de Sarah\"}]},{\"@type\":\"WebSite\",\"@id\":\"https:\\\/\\\/www.lactissima.com\\\/a-tire-d-ailes\\\/#website\",\"url\":\"https:\\\/\\\/www.lactissima.com\\\/a-tire-d-ailes\\\/\",\"name\":\"A tire d&#039;Ailes\",\"description\":\"Le blog des femmes qui allaitent et travaillent.\",\"potentialAction\":[{\"@type\":\"SearchAction\",\"target\":{\"@type\":\"EntryPoint\",\"urlTemplate\":\"https:\\\/\\\/www.lactissima.com\\\/a-tire-d-ailes\\\/?s={search_term_string}\"},\"query-input\":{\"@type\":\"PropertyValueSpecification\",\"valueRequired\":true,\"valueName\":\"search_term_string\"}}],\"inLanguage\":\"fr-FR\"},{\"@type\":\"Person\",\"@id\":\"https:\\\/\\\/www.lactissima.com\\\/a-tire-d-ailes\\\/#\\\/schema\\\/person\\\/8f98d3a89530861bc1240e6d53d44eed\",\"name\":\"V\u00e9ronique Darmangeat\",\"image\":{\"@type\":\"ImageObject\",\"inLanguage\":\"fr-FR\",\"@id\":\"https:\\\/\\\/secure.gravatar.com\\\/avatar\\\/268c99344c89cebfe4f5df5fa8be43068a18884fc76a29f3206fae98465b9cab?s=96&d=identicon&r=g\",\"url\":\"https:\\\/\\\/secure.gravatar.com\\\/avatar\\\/268c99344c89cebfe4f5df5fa8be43068a18884fc76a29f3206fae98465b9cab?s=96&d=identicon&r=g\",\"contentUrl\":\"https:\\\/\\\/secure.gravatar.com\\\/avatar\\\/268c99344c89cebfe4f5df5fa8be43068a18884fc76a29f3206fae98465b9cab?s=96&d=identicon&r=g\",\"caption\":\"V\u00e9ronique Darmangeat\"},\"sameAs\":[\"https:\\\/\\\/www.lactissima.com\\\/a-tire-d-ailes\",\"www.facebook.com\\\/consultante.en.lactation\"]}]}<\/script>\n<!-- \/ Yoast SEO plugin. -->","yoast_head_json":{"title":"Suisse : le t\u00e9moignage de Sarah","description":"Sarah a b\u00e9n\u00e9fici\u00e9 de l'aide de sa responsable RH pour tirer son lait sur son lieu de travail, en Suisse.","robots":{"index":"index","follow":"follow","max-snippet":"max-snippet:-1","max-image-preview":"max-image-preview:large","max-video-preview":"max-video-preview:-1"},"canonical":"https:\/\/www.lactissima.com\/a-tire-d-ailes\/suisse-temoignage-de-sarah\/","og_locale":"fr_FR","og_type":"article","og_title":"Suisse : le t\u00e9moignage de Sarah","og_description":"Sarah a b\u00e9n\u00e9fici\u00e9 de l'aide de sa responsable RH pour tirer son lait sur son lieu de travail, en Suisse.","og_url":"https:\/\/www.lactissima.com\/a-tire-d-ailes\/suisse-temoignage-de-sarah\/","og_site_name":"A tire d&#039;Ailes","article_publisher":"https:\/\/www.facebook.com\/consultante.en.lactation","article_author":"www.facebook.com\/consultante.en.lactation","article_published_time":"2016-08-03T08:55:42+00:00","og_image":[{"width":247,"height":439,"url":"https:\/\/www.lactissima.com\/a-tire-d-ailes\/wp-content\/uploads\/2016\/08\/sarah2.jpg","type":"image\/jpeg"}],"author":"V\u00e9ronique Darmangeat","twitter_card":"summary_large_image","twitter_creator":"@VeroniqueIBCLC","twitter_site":"@VeroniqueIBCLC","twitter_misc":{"\u00c9crit par":"V\u00e9ronique Darmangeat","Dur\u00e9e de lecture estim\u00e9e":"3 minutes"},"schema":{"@context":"https:\/\/schema.org","@graph":[{"@type":"Article","@id":"https:\/\/www.lactissima.com\/a-tire-d-ailes\/suisse-temoignage-de-sarah\/#article","isPartOf":{"@id":"https:\/\/www.lactissima.com\/a-tire-d-ailes\/suisse-temoignage-de-sarah\/"},"author":{"name":"V\u00e9ronique Darmangeat","@id":"https:\/\/www.lactissima.com\/a-tire-d-ailes\/#\/schema\/person\/8f98d3a89530861bc1240e6d53d44eed"},"headline":"Suisse : le t\u00e9moignage de Sarah","datePublished":"2016-08-03T08:55:42+00:00","mainEntityOfPage":{"@id":"https:\/\/www.lactissima.com\/a-tire-d-ailes\/suisse-temoignage-de-sarah\/"},"wordCount":624,"commentCount":1,"image":{"@id":"https:\/\/www.lactissima.com\/a-tire-d-ailes\/suisse-temoignage-de-sarah\/#primaryimage"},"thumbnailUrl":"https:\/\/www.lactissima.com\/a-tire-d-ailes\/wp-content\/uploads\/2016\/08\/sarah2.jpg","articleSection":["t\u00e9moignages"],"inLanguage":"fr-FR","potentialAction":[{"@type":"CommentAction","name":"Comment","target":["https:\/\/www.lactissima.com\/a-tire-d-ailes\/suisse-temoignage-de-sarah\/#respond"]}]},{"@type":"WebPage","@id":"https:\/\/www.lactissima.com\/a-tire-d-ailes\/suisse-temoignage-de-sarah\/","url":"https:\/\/www.lactissima.com\/a-tire-d-ailes\/suisse-temoignage-de-sarah\/","name":"Suisse : le t\u00e9moignage de Sarah","isPartOf":{"@id":"https:\/\/www.lactissima.com\/a-tire-d-ailes\/#website"},"primaryImageOfPage":{"@id":"https:\/\/www.lactissima.com\/a-tire-d-ailes\/suisse-temoignage-de-sarah\/#primaryimage"},"image":{"@id":"https:\/\/www.lactissima.com\/a-tire-d-ailes\/suisse-temoignage-de-sarah\/#primaryimage"},"thumbnailUrl":"https:\/\/www.lactissima.com\/a-tire-d-ailes\/wp-content\/uploads\/2016\/08\/sarah2.jpg","datePublished":"2016-08-03T08:55:42+00:00","author":{"@id":"https:\/\/www.lactissima.com\/a-tire-d-ailes\/#\/schema\/person\/8f98d3a89530861bc1240e6d53d44eed"},"description":"Sarah a b\u00e9n\u00e9fici\u00e9 de l'aide de sa responsable RH pour tirer son lait sur son lieu de travail, en Suisse.","breadcrumb":{"@id":"https:\/\/www.lactissima.com\/a-tire-d-ailes\/suisse-temoignage-de-sarah\/#breadcrumb"},"inLanguage":"fr-FR","potentialAction":[{"@type":"ReadAction","target":["https:\/\/www.lactissima.com\/a-tire-d-ailes\/suisse-temoignage-de-sarah\/"]}]},{"@type":"ImageObject","inLanguage":"fr-FR","@id":"https:\/\/www.lactissima.com\/a-tire-d-ailes\/suisse-temoignage-de-sarah\/#primaryimage","url":"https:\/\/www.lactissima.com\/a-tire-d-ailes\/wp-content\/uploads\/2016\/08\/sarah2.jpg","contentUrl":"https:\/\/www.lactissima.com\/a-tire-d-ailes\/wp-content\/uploads\/2016\/08\/sarah2.jpg","width":247,"height":439,"caption":"Suisse"},{"@type":"BreadcrumbList","@id":"https:\/\/www.lactissima.com\/a-tire-d-ailes\/suisse-temoignage-de-sarah\/#breadcrumb","itemListElement":[{"@type":"ListItem","position":1,"name":"Accueil","item":"https:\/\/www.lactissima.com\/a-tire-d-ailes\/"},{"@type":"ListItem","position":2,"name":"Suisse : le t\u00e9moignage de Sarah"}]},{"@type":"WebSite","@id":"https:\/\/www.lactissima.com\/a-tire-d-ailes\/#website","url":"https:\/\/www.lactissima.com\/a-tire-d-ailes\/","name":"A tire d&#039;Ailes","description":"Le blog des femmes qui allaitent et travaillent.","potentialAction":[{"@type":"SearchAction","target":{"@type":"EntryPoint","urlTemplate":"https:\/\/www.lactissima.com\/a-tire-d-ailes\/?s={search_term_string}"},"query-input":{"@type":"PropertyValueSpecification","valueRequired":true,"valueName":"search_term_string"}}],"inLanguage":"fr-FR"},{"@type":"Person","@id":"https:\/\/www.lactissima.com\/a-tire-d-ailes\/#\/schema\/person\/8f98d3a89530861bc1240e6d53d44eed","name":"V\u00e9ronique Darmangeat","image":{"@type":"ImageObject","inLanguage":"fr-FR","@id":"https:\/\/secure.gravatar.com\/avatar\/268c99344c89cebfe4f5df5fa8be43068a18884fc76a29f3206fae98465b9cab?s=96&d=identicon&r=g","url":"https:\/\/secure.gravatar.com\/avatar\/268c99344c89cebfe4f5df5fa8be43068a18884fc76a29f3206fae98465b9cab?s=96&d=identicon&r=g","contentUrl":"https:\/\/secure.gravatar.com\/avatar\/268c99344c89cebfe4f5df5fa8be43068a18884fc76a29f3206fae98465b9cab?s=96&d=identicon&r=g","caption":"V\u00e9ronique Darmangeat"},"sameAs":["https:\/\/www.lactissima.com\/a-tire-d-ailes","www.facebook.com\/consultante.en.lactation"]}]}},"_links":{"self":[{"href":"https:\/\/www.lactissima.com\/a-tire-d-ailes\/wp-json\/wp\/v2\/posts\/6794","targetHints":{"allow":["GET"]}}],"collection":[{"href":"https:\/\/www.lactissima.com\/a-tire-d-ailes\/wp-json\/wp\/v2\/posts"}],"about":[{"href":"https:\/\/www.lactissima.com\/a-tire-d-ailes\/wp-json\/wp\/v2\/types\/post"}],"author":[{"embeddable":true,"href":"https:\/\/www.lactissima.com\/a-tire-d-ailes\/wp-json\/wp\/v2\/users\/170"}],"replies":[{"embeddable":true,"href":"https:\/\/www.lactissima.com\/a-tire-d-ailes\/wp-json\/wp\/v2\/comments?post=6794"}],"version-history":[{"count":1,"href":"https:\/\/www.lactissima.com\/a-tire-d-ailes\/wp-json\/wp\/v2\/posts\/6794\/revisions"}],"predecessor-version":[{"id":6796,"href":"https:\/\/www.lactissima.com\/a-tire-d-ailes\/wp-json\/wp\/v2\/posts\/6794\/revisions\/6796"}],"wp:featuredmedia":[{"embeddable":true,"href":"https:\/\/www.lactissima.com\/a-tire-d-ailes\/wp-json\/wp\/v2\/media\/6795"}],"wp:attachment":[{"href":"https:\/\/www.lactissima.com\/a-tire-d-ailes\/wp-json\/wp\/v2\/media?parent=6794"}],"wp:term":[{"taxonomy":"category","embeddable":true,"href":"https:\/\/www.lactissima.com\/a-tire-d-ailes\/wp-json\/wp\/v2\/categories?post=6794"},{"taxonomy":"post_tag","embeddable":true,"href":"https:\/\/www.lactissima.com\/a-tire-d-ailes\/wp-json\/wp\/v2\/tags?post=6794"}],"curies":[{"name":"wp","href":"https:\/\/api.w.org\/{rel}","templated":true}]}}