{"id":6759,"date":"2016-07-06T14:26:59","date_gmt":"2016-07-06T12:26:59","guid":{"rendered":"https:\/\/www.lactissima.com\/a-tire-d-ailes\/?p=6759"},"modified":"2016-07-06T14:35:50","modified_gmt":"2016-07-06T12:35:50","slug":"refus-du-biberon-temoignage-de-caroline","status":"publish","type":"post","link":"https:\/\/www.lactissima.com\/a-tire-d-ailes\/refus-du-biberon-temoignage-de-caroline\/","title":{"rendered":"Refus du biberon : le t\u00e9moignage de Caroline"},"content":{"rendered":"<p style=\"text-align: justify;\"><img loading=\"lazy\" decoding=\"async\" class=\"alignright size-full wp-image-6760\" src=\"https:\/\/www.lactissima.com\/a-tire-d-ailes\/wp-content\/uploads\/2016\/07\/Caroline.jpg\" alt=\"refus du biberon\" width=\"306\" height=\"306\" srcset=\"https:\/\/www.lactissima.com\/a-tire-d-ailes\/wp-content\/uploads\/2016\/07\/Caroline.jpg 306w, https:\/\/www.lactissima.com\/a-tire-d-ailes\/wp-content\/uploads\/2016\/07\/Caroline-150x150.jpg 150w, https:\/\/www.lactissima.com\/a-tire-d-ailes\/wp-content\/uploads\/2016\/07\/Caroline-300x300.jpg 300w, https:\/\/www.lactissima.com\/a-tire-d-ailes\/wp-content\/uploads\/2016\/07\/Caroline-182x182.jpg 182w, https:\/\/www.lactissima.com\/a-tire-d-ailes\/wp-content\/uploads\/2016\/07\/Caroline-83x83.jpg 83w, https:\/\/www.lactissima.com\/a-tire-d-ailes\/wp-content\/uploads\/2016\/07\/Caroline-184x184.jpg 184w\" sizes=\"(max-width: 306px) 100vw, 306px\" \/>J&rsquo;allaite ma fille depuis sa naissance mi-novembre 2015.<\/p>\n<p style=\"text-align: justify;\">Dans la perspective de ma reprise du travail et de quelques moments de libert\u00e9 nous avons voulu introduire le <strong>biberon<\/strong> de lait maternel lorsque Cl\u00e9mentine avait deux mois et demi.<br \/>\nCl\u00e9mentine ne refusait pas le biberon, elle acceptait avec sourire la t\u00e9tine dans sa bouche mais <strong>ne t\u00e9tait pas du tout<\/strong> et donc ne buvait pas du tout.<br \/>\nVous nous aviez conseill\u00e9 de lui pr\u00e9senter r\u00e9guli\u00e8rement le biberon pour qu&rsquo;elle s&rsquo;habitue petit \u00e0 petit et chope le coup de main (ou de langue !!). Ce que nous avons fait r\u00e9guli\u00e8rement sans succ\u00e8s : parfois c&rsquo;\u00e9tait le papa qui tentait parfois moi. On a comme beaucoup de parents investi dans de nombreux mod\u00e8les de t\u00e9tines.<br \/>\nNous sommes all\u00e9s au ski d\u00e9but f\u00e9vrier et j&rsquo;allais skier le matin en laissant Cl\u00e9mentine \u00e0 son papa avec le biberon et toujours rien pas un ml de bu malgr\u00e9 mon absence de 3  4 heures !<br \/>\nOn a fini par <strong>l\u00e2cher l&rsquo;affaire<\/strong> jusqu&rsquo;\u00e0 ma reprise du travail fin f\u00e9vrier.<\/p>\n<p style=\"text-align: justify;\">1er jour de travail : la petite n&rsquo;a <strong>pas mang\u00e9 de la journ\u00e9e<\/strong> soit pendant environ 9 heures. Elle prenait la t\u00e9tine du biberon dans sa bouche mais ne t\u00e9tait toujours pas. M\u00eame r\u00e9sultat avec moi quand je suis rentr\u00e9e du travail donc je lui ai donn\u00e9 le sein au bout de plusieurs tentatives sans succ\u00e8s. Le soir et le lendemain matin j&rsquo;ai bien r\u00e9p\u00e9t\u00e9 \u00e0 ma fille plusieurs fois que j&rsquo;allais travailler, que je serais contente et son papa aussi qu&rsquo;elle prenne le biberon, que c&rsquo;\u00e9tait important, que son papa \u00e9tait content de s&rsquo;occuper d&rsquo;elle, que je l&rsquo;aimais toujours m\u00eame si j&rsquo;allais au travail et que je continuerais \u00e0 lui donner le sein, que je serais fi\u00e8re d&rsquo;elle, que c&rsquo;\u00e9tait important de manger etc&#8230;. bref une bonne dose d&rsquo;explications (m\u00eame si son p\u00e8re pense que si je lui parlais de la fusion nucl\u00e9aire ce serait pareil !!).<\/p>\n<p style=\"text-align: justify;\">2\u00e8me jour de travail : <strong>Victoire<\/strong> ! Son papa lui a donn\u00e9 une premi\u00e8re fois 20 ml en 30 min en lui introduisant la t\u00e9tine dans la bouche tout en la distrayant avec un jouet, puis plus tard dans la journ\u00e9e, 20 ml d&rsquo;une traite et puis encore 40 ml en 2 secondes. Bizarrement elle n&rsquo;a pas eu de probl\u00e8me pour trouver la technique du \u00ab\u00a0t\u00e9tage\u00a0\u00bb du biberon. (pour Clementine, la victoire a eu lieu avec un MAM d\u00e9bit 2).<\/p>\n<p style=\"text-align: justify;\">Depuis ce jour, Cl\u00e9mentine n&rsquo;a pas de probl\u00e8me pour prendre au biberon. Elle les boit \u00e0 toute allure, surement trop vite mais d\u00e9j\u00e0 au sein elle mange vite. Son p\u00e8re tente de faire des pauses dans la prise du biberon mais Cl\u00e9mentine n&rsquo;est pas toujours d&rsquo;accord !!<\/p>\n<p style=\"text-align: justify;\">D&rsquo;apr\u00e8s moi : la petite n&rsquo;avait pas compris <strong>l&rsquo;int\u00e9r\u00eat du biberon<\/strong> qu&rsquo;on lui pr\u00e9sentait et ce m\u00eame quand je partais 4 heures. Il a fallu une vraie journ\u00e9e de travail et les explications de sa maman pour qu&rsquo;elle comprenne l&rsquo;utilit\u00e9 du biberon et l&rsquo;int\u00e9r\u00eat de s&rsquo;y mettre. Si avec le papa, on se demandait comment on allait faire \u00e0 ma reprise du boulot alors qu&rsquo;elle ne prenait toujours pas le biberon, on n&rsquo;a jamais dout\u00e9 que notre fille y arriverait, on n&rsquo;a jamais laiss\u00e9 le <strong>stress<\/strong> nous envahir et on a toujours <strong>encourag\u00e9<\/strong> Cl\u00e9mentine lors de nos nombreux essais m\u00eame quand elle n&rsquo;y arrivait pas afin qu&rsquo;elle ne prenne pas le biberon en grippe.<\/p>\n<p style=\"text-align: justify;\">Sinon je tire mon lait au bureau. Je le fais discr\u00e8tement \u00e0 mon bureau ou en salle de repos et m\u00eame devant mes coll\u00e8gues (je suis dans une petite bo\u00eete de 4 personnes et mes coll\u00e8gues essentiellement masculins sont sympas et on peut tout \u00e0 fait tirer son lait discr\u00e8tement du moins de visu car il y a par contre toujours le petit bruit du tire-lait \u00e9lectrique). C&rsquo;est vrai qu&rsquo;on est parfois d\u00e9courag\u00e9 quand la r\u00e9colte n&rsquo;est pas bonne mais il y a toujours un moment dans la journ\u00e9e o\u00f9 j&rsquo;arrive \u00e0 avoir une bonne r\u00e9colte pour ramener au moins 300 ml \u00e0 la maison. Apr\u00e8s, cela ne fait qu&rsquo;une semaine que j&rsquo;ai repris le travail : on verra si je tiens sur la dur\u00e9e car j&rsquo;esp\u00e8re pouvoir continuer au moins jusqu&rsquo;\u00e0 ses 6 mois. Et c&rsquo;est vrai que je suis contente de pouvoir continuer \u00e0 l&rsquo;allaiter et \u00e0 lui donner mon lait alors qu&rsquo;elle commence la collectivit\u00e9 \u00e0 la cr\u00e8che.<\/p>\n<p style=\"text-align: justify;\"><strong>Articles en rapport :<\/strong><\/p>\n<ul>\n<li style=\"text-align: justify;\"><a href=\"https:\/\/www.lactissima.com\/a-tire-d-ailes\/habituer-bebe-au-biberon\/\" target=\"_blank\">Comment faire pour habituer mon b\u00e9b\u00e9 au biberon ?<\/a><\/li>\n<li style=\"text-align: justify;\"><a href=\"https:\/\/www.lactissima.com\/a-tire-d-ailes\/comment-passer-du-sein-au-biberon\/\" target=\"_blank\">Comment passer du sein au biberon ?<\/a><\/li>\n<li style=\"text-align: justify;\"><a href=\"https:\/\/www.lactissima.com\/a-tire-d-ailes\/bebe-refuse-le-biberon\/\" target=\"_blank\">Quand mon b\u00e9b\u00e9 refuse le biberon<\/a><\/li>\n<li style=\"text-align: justify;\"><a href=\"https:\/\/www.lactissima.com\/a-tire-d-ailes\/refus-du-biberon\/\" target=\"_blank\">8 trucs pour faire face au refus du biberon<\/a><\/li>\n<li style=\"text-align: justify;\"><a href=\"https:\/\/www.lactissima.com\/a-tire-d-ailes\/une-solution-meconnue-au-refus-du-biberon\/\" target=\"_blank\">Une solution m\u00e9connue au refus du biberon<\/a><\/li>\n<li style=\"text-align: justify;\"><a href=\"https:\/\/www.lactissima.com\/a-tire-d-ailes\/flan-de-lait-maternel-a-l-agar-agar\/\" target=\"_blank\">Faire un flan de lait maternel pour le b\u00e9b\u00e9 qui refuse le biberon<\/a><\/li>\n<\/ul>\n<p>&nbsp;<\/p>\n<div class='et-box et-shadow'>\n\t\t\t\t\t<div class='et-box-content'>Lire des articles ou poser des questions en commentaire ne suffit pas \u00e0 r\u00e9soudre votre probl\u00e8me ?\nSavez-vous que vous pouvez prendre RDV pour une consultation avec moi ?\nN&rsquo;h\u00e9sitez pas \u00e0 me contacter !<\/div><\/div>\n","protected":false},"excerpt":{"rendered":"<p>J&rsquo;allaite ma fille depuis sa naissance mi-novembre 2015. Dans la perspective de ma reprise du travail et de quelques moments de libert\u00e9 nous avons voulu introduire le biberon de lait maternel lorsque Cl\u00e9mentine avait deux mois et demi. Cl\u00e9mentine ne refusait pas le biberon, elle acceptait avec sourire la t\u00e9tine dans sa bouche mais ne [&hellip;]<\/p>\n","protected":false},"author":170,"featured_media":6760,"comment_status":"open","ping_status":"open","sticky":false,"template":"","format":"standard","meta":{"_et_pb_use_builder":"","_et_pb_old_content":"","_et_gb_content_width":"","footnotes":""},"categories":[150],"tags":[365],"class_list":["post-6759","post","type-post","status-publish","format-standard","has-post-thumbnail","hentry","category-temoignages","tag-refus-du-biberon"],"yoast_head":"<!-- This site is optimized with the Yoast SEO plugin v27.4 - https:\/\/yoast.com\/product\/yoast-seo-wordpress\/ -->\n<title>Refus du biberon : le t\u00e9moignage de Caroline<\/title>\n<meta name=\"description\" content=\"Refus du biberon : cela a \u00e9t\u00e9 le cas de Cl\u00e9mentine jusqu&#039;\u00e0 ce que sa maman reprenne le travail et qu&#039;elle comprenne l&#039;utilit\u00e9 de le prendre.\" \/>\n<meta name=\"robots\" content=\"index, follow, max-snippet:-1, max-image-preview:large, max-video-preview:-1\" \/>\n<link rel=\"canonical\" href=\"https:\/\/www.lactissima.com\/a-tire-d-ailes\/refus-du-biberon-temoignage-de-caroline\/\" \/>\n<meta property=\"og:locale\" content=\"fr_FR\" \/>\n<meta property=\"og:type\" content=\"article\" \/>\n<meta property=\"og:title\" content=\"Refus du biberon : le t\u00e9moignage de Caroline\" \/>\n<meta property=\"og:description\" content=\"Refus du biberon : cela a \u00e9t\u00e9 le cas de Cl\u00e9mentine jusqu&#039;\u00e0 ce que sa maman reprenne le travail et qu&#039;elle comprenne l&#039;utilit\u00e9 de le prendre.\" \/>\n<meta property=\"og:url\" content=\"https:\/\/www.lactissima.com\/a-tire-d-ailes\/refus-du-biberon-temoignage-de-caroline\/\" \/>\n<meta property=\"og:site_name\" content=\"A tire d&#039;Ailes\" \/>\n<meta property=\"article:publisher\" content=\"https:\/\/www.facebook.com\/consultante.en.lactation\" \/>\n<meta property=\"article:author\" content=\"www.facebook.com\/consultante.en.lactation\" \/>\n<meta property=\"article:published_time\" content=\"2016-07-06T12:26:59+00:00\" \/>\n<meta property=\"article:modified_time\" content=\"2016-07-06T12:35:50+00:00\" \/>\n<meta property=\"og:image\" content=\"https:\/\/www.lactissima.com\/a-tire-d-ailes\/wp-content\/uploads\/2016\/07\/Caroline.jpg\" \/>\n\t<meta property=\"og:image:width\" content=\"306\" \/>\n\t<meta property=\"og:image:height\" content=\"306\" \/>\n\t<meta property=\"og:image:type\" content=\"image\/jpeg\" \/>\n<meta name=\"author\" content=\"V\u00e9ronique Darmangeat\" \/>\n<meta name=\"twitter:card\" content=\"summary_large_image\" \/>\n<meta name=\"twitter:creator\" content=\"@VeroniqueIBCLC\" \/>\n<meta name=\"twitter:site\" content=\"@VeroniqueIBCLC\" \/>\n<meta name=\"twitter:label1\" content=\"\u00c9crit par\" \/>\n\t<meta name=\"twitter:data1\" content=\"V\u00e9ronique Darmangeat\" \/>\n\t<meta name=\"twitter:label2\" content=\"Dur\u00e9e de lecture estim\u00e9e\" \/>\n\t<meta name=\"twitter:data2\" content=\"4 minutes\" \/>\n<script type=\"application\/ld+json\" class=\"yoast-schema-graph\">{\"@context\":\"https:\\\/\\\/schema.org\",\"@graph\":[{\"@type\":\"Article\",\"@id\":\"https:\\\/\\\/www.lactissima.com\\\/a-tire-d-ailes\\\/refus-du-biberon-temoignage-de-caroline\\\/#article\",\"isPartOf\":{\"@id\":\"https:\\\/\\\/www.lactissima.com\\\/a-tire-d-ailes\\\/refus-du-biberon-temoignage-de-caroline\\\/\"},\"author\":{\"name\":\"V\u00e9ronique Darmangeat\",\"@id\":\"https:\\\/\\\/www.lactissima.com\\\/a-tire-d-ailes\\\/#\\\/schema\\\/person\\\/8f98d3a89530861bc1240e6d53d44eed\"},\"headline\":\"Refus du biberon : le t\u00e9moignage de Caroline\",\"datePublished\":\"2016-07-06T12:26:59+00:00\",\"dateModified\":\"2016-07-06T12:35:50+00:00\",\"mainEntityOfPage\":{\"@id\":\"https:\\\/\\\/www.lactissima.com\\\/a-tire-d-ailes\\\/refus-du-biberon-temoignage-de-caroline\\\/\"},\"wordCount\":898,\"commentCount\":17,\"image\":{\"@id\":\"https:\\\/\\\/www.lactissima.com\\\/a-tire-d-ailes\\\/refus-du-biberon-temoignage-de-caroline\\\/#primaryimage\"},\"thumbnailUrl\":\"https:\\\/\\\/www.lactissima.com\\\/a-tire-d-ailes\\\/wp-content\\\/uploads\\\/2016\\\/07\\\/Caroline.jpg\",\"keywords\":[\"refus du biberon\"],\"articleSection\":[\"t\u00e9moignages\"],\"inLanguage\":\"fr-FR\",\"potentialAction\":[{\"@type\":\"CommentAction\",\"name\":\"Comment\",\"target\":[\"https:\\\/\\\/www.lactissima.com\\\/a-tire-d-ailes\\\/refus-du-biberon-temoignage-de-caroline\\\/#respond\"]}]},{\"@type\":\"WebPage\",\"@id\":\"https:\\\/\\\/www.lactissima.com\\\/a-tire-d-ailes\\\/refus-du-biberon-temoignage-de-caroline\\\/\",\"url\":\"https:\\\/\\\/www.lactissima.com\\\/a-tire-d-ailes\\\/refus-du-biberon-temoignage-de-caroline\\\/\",\"name\":\"Refus du biberon : le t\u00e9moignage de Caroline\",\"isPartOf\":{\"@id\":\"https:\\\/\\\/www.lactissima.com\\\/a-tire-d-ailes\\\/#website\"},\"primaryImageOfPage\":{\"@id\":\"https:\\\/\\\/www.lactissima.com\\\/a-tire-d-ailes\\\/refus-du-biberon-temoignage-de-caroline\\\/#primaryimage\"},\"image\":{\"@id\":\"https:\\\/\\\/www.lactissima.com\\\/a-tire-d-ailes\\\/refus-du-biberon-temoignage-de-caroline\\\/#primaryimage\"},\"thumbnailUrl\":\"https:\\\/\\\/www.lactissima.com\\\/a-tire-d-ailes\\\/wp-content\\\/uploads\\\/2016\\\/07\\\/Caroline.jpg\",\"datePublished\":\"2016-07-06T12:26:59+00:00\",\"dateModified\":\"2016-07-06T12:35:50+00:00\",\"author\":{\"@id\":\"https:\\\/\\\/www.lactissima.com\\\/a-tire-d-ailes\\\/#\\\/schema\\\/person\\\/8f98d3a89530861bc1240e6d53d44eed\"},\"description\":\"Refus du biberon : cela a \u00e9t\u00e9 le cas de Cl\u00e9mentine jusqu'\u00e0 ce que sa maman reprenne le travail et qu'elle comprenne l'utilit\u00e9 de le prendre.\",\"breadcrumb\":{\"@id\":\"https:\\\/\\\/www.lactissima.com\\\/a-tire-d-ailes\\\/refus-du-biberon-temoignage-de-caroline\\\/#breadcrumb\"},\"inLanguage\":\"fr-FR\",\"potentialAction\":[{\"@type\":\"ReadAction\",\"target\":[\"https:\\\/\\\/www.lactissima.com\\\/a-tire-d-ailes\\\/refus-du-biberon-temoignage-de-caroline\\\/\"]}]},{\"@type\":\"ImageObject\",\"inLanguage\":\"fr-FR\",\"@id\":\"https:\\\/\\\/www.lactissima.com\\\/a-tire-d-ailes\\\/refus-du-biberon-temoignage-de-caroline\\\/#primaryimage\",\"url\":\"https:\\\/\\\/www.lactissima.com\\\/a-tire-d-ailes\\\/wp-content\\\/uploads\\\/2016\\\/07\\\/Caroline.jpg\",\"contentUrl\":\"https:\\\/\\\/www.lactissima.com\\\/a-tire-d-ailes\\\/wp-content\\\/uploads\\\/2016\\\/07\\\/Caroline.jpg\",\"width\":306,\"height\":306,\"caption\":\"refus du biberon\"},{\"@type\":\"BreadcrumbList\",\"@id\":\"https:\\\/\\\/www.lactissima.com\\\/a-tire-d-ailes\\\/refus-du-biberon-temoignage-de-caroline\\\/#breadcrumb\",\"itemListElement\":[{\"@type\":\"ListItem\",\"position\":1,\"name\":\"Accueil\",\"item\":\"https:\\\/\\\/www.lactissima.com\\\/a-tire-d-ailes\\\/\"},{\"@type\":\"ListItem\",\"position\":2,\"name\":\"Refus du biberon : le t\u00e9moignage de Caroline\"}]},{\"@type\":\"WebSite\",\"@id\":\"https:\\\/\\\/www.lactissima.com\\\/a-tire-d-ailes\\\/#website\",\"url\":\"https:\\\/\\\/www.lactissima.com\\\/a-tire-d-ailes\\\/\",\"name\":\"A tire d&#039;Ailes\",\"description\":\"Le blog des femmes qui allaitent et travaillent.\",\"potentialAction\":[{\"@type\":\"SearchAction\",\"target\":{\"@type\":\"EntryPoint\",\"urlTemplate\":\"https:\\\/\\\/www.lactissima.com\\\/a-tire-d-ailes\\\/?s={search_term_string}\"},\"query-input\":{\"@type\":\"PropertyValueSpecification\",\"valueRequired\":true,\"valueName\":\"search_term_string\"}}],\"inLanguage\":\"fr-FR\"},{\"@type\":\"Person\",\"@id\":\"https:\\\/\\\/www.lactissima.com\\\/a-tire-d-ailes\\\/#\\\/schema\\\/person\\\/8f98d3a89530861bc1240e6d53d44eed\",\"name\":\"V\u00e9ronique Darmangeat\",\"image\":{\"@type\":\"ImageObject\",\"inLanguage\":\"fr-FR\",\"@id\":\"https:\\\/\\\/secure.gravatar.com\\\/avatar\\\/268c99344c89cebfe4f5df5fa8be43068a18884fc76a29f3206fae98465b9cab?s=96&d=identicon&r=g\",\"url\":\"https:\\\/\\\/secure.gravatar.com\\\/avatar\\\/268c99344c89cebfe4f5df5fa8be43068a18884fc76a29f3206fae98465b9cab?s=96&d=identicon&r=g\",\"contentUrl\":\"https:\\\/\\\/secure.gravatar.com\\\/avatar\\\/268c99344c89cebfe4f5df5fa8be43068a18884fc76a29f3206fae98465b9cab?s=96&d=identicon&r=g\",\"caption\":\"V\u00e9ronique Darmangeat\"},\"sameAs\":[\"https:\\\/\\\/www.lactissima.com\\\/a-tire-d-ailes\",\"www.facebook.com\\\/consultante.en.lactation\"]}]}<\/script>\n<!-- \/ Yoast SEO plugin. -->","yoast_head_json":{"title":"Refus du biberon : le t\u00e9moignage de Caroline","description":"Refus du biberon : cela a \u00e9t\u00e9 le cas de Cl\u00e9mentine jusqu'\u00e0 ce que sa maman reprenne le travail et qu'elle comprenne l'utilit\u00e9 de le prendre.","robots":{"index":"index","follow":"follow","max-snippet":"max-snippet:-1","max-image-preview":"max-image-preview:large","max-video-preview":"max-video-preview:-1"},"canonical":"https:\/\/www.lactissima.com\/a-tire-d-ailes\/refus-du-biberon-temoignage-de-caroline\/","og_locale":"fr_FR","og_type":"article","og_title":"Refus du biberon : le t\u00e9moignage de Caroline","og_description":"Refus du biberon : cela a \u00e9t\u00e9 le cas de Cl\u00e9mentine jusqu'\u00e0 ce que sa maman reprenne le travail et qu'elle comprenne l'utilit\u00e9 de le prendre.","og_url":"https:\/\/www.lactissima.com\/a-tire-d-ailes\/refus-du-biberon-temoignage-de-caroline\/","og_site_name":"A tire d&#039;Ailes","article_publisher":"https:\/\/www.facebook.com\/consultante.en.lactation","article_author":"www.facebook.com\/consultante.en.lactation","article_published_time":"2016-07-06T12:26:59+00:00","article_modified_time":"2016-07-06T12:35:50+00:00","og_image":[{"width":306,"height":306,"url":"https:\/\/www.lactissima.com\/a-tire-d-ailes\/wp-content\/uploads\/2016\/07\/Caroline.jpg","type":"image\/jpeg"}],"author":"V\u00e9ronique Darmangeat","twitter_card":"summary_large_image","twitter_creator":"@VeroniqueIBCLC","twitter_site":"@VeroniqueIBCLC","twitter_misc":{"\u00c9crit par":"V\u00e9ronique Darmangeat","Dur\u00e9e de lecture estim\u00e9e":"4 minutes"},"schema":{"@context":"https:\/\/schema.org","@graph":[{"@type":"Article","@id":"https:\/\/www.lactissima.com\/a-tire-d-ailes\/refus-du-biberon-temoignage-de-caroline\/#article","isPartOf":{"@id":"https:\/\/www.lactissima.com\/a-tire-d-ailes\/refus-du-biberon-temoignage-de-caroline\/"},"author":{"name":"V\u00e9ronique Darmangeat","@id":"https:\/\/www.lactissima.com\/a-tire-d-ailes\/#\/schema\/person\/8f98d3a89530861bc1240e6d53d44eed"},"headline":"Refus du biberon : le t\u00e9moignage de Caroline","datePublished":"2016-07-06T12:26:59+00:00","dateModified":"2016-07-06T12:35:50+00:00","mainEntityOfPage":{"@id":"https:\/\/www.lactissima.com\/a-tire-d-ailes\/refus-du-biberon-temoignage-de-caroline\/"},"wordCount":898,"commentCount":17,"image":{"@id":"https:\/\/www.lactissima.com\/a-tire-d-ailes\/refus-du-biberon-temoignage-de-caroline\/#primaryimage"},"thumbnailUrl":"https:\/\/www.lactissima.com\/a-tire-d-ailes\/wp-content\/uploads\/2016\/07\/Caroline.jpg","keywords":["refus du biberon"],"articleSection":["t\u00e9moignages"],"inLanguage":"fr-FR","potentialAction":[{"@type":"CommentAction","name":"Comment","target":["https:\/\/www.lactissima.com\/a-tire-d-ailes\/refus-du-biberon-temoignage-de-caroline\/#respond"]}]},{"@type":"WebPage","@id":"https:\/\/www.lactissima.com\/a-tire-d-ailes\/refus-du-biberon-temoignage-de-caroline\/","url":"https:\/\/www.lactissima.com\/a-tire-d-ailes\/refus-du-biberon-temoignage-de-caroline\/","name":"Refus du biberon : le t\u00e9moignage de Caroline","isPartOf":{"@id":"https:\/\/www.lactissima.com\/a-tire-d-ailes\/#website"},"primaryImageOfPage":{"@id":"https:\/\/www.lactissima.com\/a-tire-d-ailes\/refus-du-biberon-temoignage-de-caroline\/#primaryimage"},"image":{"@id":"https:\/\/www.lactissima.com\/a-tire-d-ailes\/refus-du-biberon-temoignage-de-caroline\/#primaryimage"},"thumbnailUrl":"https:\/\/www.lactissima.com\/a-tire-d-ailes\/wp-content\/uploads\/2016\/07\/Caroline.jpg","datePublished":"2016-07-06T12:26:59+00:00","dateModified":"2016-07-06T12:35:50+00:00","author":{"@id":"https:\/\/www.lactissima.com\/a-tire-d-ailes\/#\/schema\/person\/8f98d3a89530861bc1240e6d53d44eed"},"description":"Refus du biberon : cela a \u00e9t\u00e9 le cas de Cl\u00e9mentine jusqu'\u00e0 ce que sa maman reprenne le travail et qu'elle comprenne l'utilit\u00e9 de le prendre.","breadcrumb":{"@id":"https:\/\/www.lactissima.com\/a-tire-d-ailes\/refus-du-biberon-temoignage-de-caroline\/#breadcrumb"},"inLanguage":"fr-FR","potentialAction":[{"@type":"ReadAction","target":["https:\/\/www.lactissima.com\/a-tire-d-ailes\/refus-du-biberon-temoignage-de-caroline\/"]}]},{"@type":"ImageObject","inLanguage":"fr-FR","@id":"https:\/\/www.lactissima.com\/a-tire-d-ailes\/refus-du-biberon-temoignage-de-caroline\/#primaryimage","url":"https:\/\/www.lactissima.com\/a-tire-d-ailes\/wp-content\/uploads\/2016\/07\/Caroline.jpg","contentUrl":"https:\/\/www.lactissima.com\/a-tire-d-ailes\/wp-content\/uploads\/2016\/07\/Caroline.jpg","width":306,"height":306,"caption":"refus du biberon"},{"@type":"BreadcrumbList","@id":"https:\/\/www.lactissima.com\/a-tire-d-ailes\/refus-du-biberon-temoignage-de-caroline\/#breadcrumb","itemListElement":[{"@type":"ListItem","position":1,"name":"Accueil","item":"https:\/\/www.lactissima.com\/a-tire-d-ailes\/"},{"@type":"ListItem","position":2,"name":"Refus du biberon : le t\u00e9moignage de Caroline"}]},{"@type":"WebSite","@id":"https:\/\/www.lactissima.com\/a-tire-d-ailes\/#website","url":"https:\/\/www.lactissima.com\/a-tire-d-ailes\/","name":"A tire d&#039;Ailes","description":"Le blog des femmes qui allaitent et travaillent.","potentialAction":[{"@type":"SearchAction","target":{"@type":"EntryPoint","urlTemplate":"https:\/\/www.lactissima.com\/a-tire-d-ailes\/?s={search_term_string}"},"query-input":{"@type":"PropertyValueSpecification","valueRequired":true,"valueName":"search_term_string"}}],"inLanguage":"fr-FR"},{"@type":"Person","@id":"https:\/\/www.lactissima.com\/a-tire-d-ailes\/#\/schema\/person\/8f98d3a89530861bc1240e6d53d44eed","name":"V\u00e9ronique Darmangeat","image":{"@type":"ImageObject","inLanguage":"fr-FR","@id":"https:\/\/secure.gravatar.com\/avatar\/268c99344c89cebfe4f5df5fa8be43068a18884fc76a29f3206fae98465b9cab?s=96&d=identicon&r=g","url":"https:\/\/secure.gravatar.com\/avatar\/268c99344c89cebfe4f5df5fa8be43068a18884fc76a29f3206fae98465b9cab?s=96&d=identicon&r=g","contentUrl":"https:\/\/secure.gravatar.com\/avatar\/268c99344c89cebfe4f5df5fa8be43068a18884fc76a29f3206fae98465b9cab?s=96&d=identicon&r=g","caption":"V\u00e9ronique Darmangeat"},"sameAs":["https:\/\/www.lactissima.com\/a-tire-d-ailes","www.facebook.com\/consultante.en.lactation"]}]}},"_links":{"self":[{"href":"https:\/\/www.lactissima.com\/a-tire-d-ailes\/wp-json\/wp\/v2\/posts\/6759","targetHints":{"allow":["GET"]}}],"collection":[{"href":"https:\/\/www.lactissima.com\/a-tire-d-ailes\/wp-json\/wp\/v2\/posts"}],"about":[{"href":"https:\/\/www.lactissima.com\/a-tire-d-ailes\/wp-json\/wp\/v2\/types\/post"}],"author":[{"embeddable":true,"href":"https:\/\/www.lactissima.com\/a-tire-d-ailes\/wp-json\/wp\/v2\/users\/170"}],"replies":[{"embeddable":true,"href":"https:\/\/www.lactissima.com\/a-tire-d-ailes\/wp-json\/wp\/v2\/comments?post=6759"}],"version-history":[{"count":3,"href":"https:\/\/www.lactissima.com\/a-tire-d-ailes\/wp-json\/wp\/v2\/posts\/6759\/revisions"}],"predecessor-version":[{"id":6765,"href":"https:\/\/www.lactissima.com\/a-tire-d-ailes\/wp-json\/wp\/v2\/posts\/6759\/revisions\/6765"}],"wp:featuredmedia":[{"embeddable":true,"href":"https:\/\/www.lactissima.com\/a-tire-d-ailes\/wp-json\/wp\/v2\/media\/6760"}],"wp:attachment":[{"href":"https:\/\/www.lactissima.com\/a-tire-d-ailes\/wp-json\/wp\/v2\/media?parent=6759"}],"wp:term":[{"taxonomy":"category","embeddable":true,"href":"https:\/\/www.lactissima.com\/a-tire-d-ailes\/wp-json\/wp\/v2\/categories?post=6759"},{"taxonomy":"post_tag","embeddable":true,"href":"https:\/\/www.lactissima.com\/a-tire-d-ailes\/wp-json\/wp\/v2\/tags?post=6759"}],"curies":[{"name":"wp","href":"https:\/\/api.w.org\/{rel}","templated":true}]}}