{"id":6714,"date":"2016-06-09T16:54:52","date_gmt":"2016-06-09T14:54:52","guid":{"rendered":"https:\/\/www.lactissima.com\/a-tire-d-ailes\/?p=6714"},"modified":"2016-06-09T16:54:52","modified_gmt":"2016-06-09T14:54:52","slug":"allaiter-travailler-temoignage-de-marie-cecile","status":"publish","type":"post","link":"https:\/\/www.lactissima.com\/a-tire-d-ailes\/allaiter-travailler-temoignage-de-marie-cecile\/","title":{"rendered":"Allaiter et travailler : le t\u00e9moignage de Marie-C\u00e9cile"},"content":{"rendered":"<ul>\n<li style=\"text-align: justify;\"><strong>Quel choix avez-vous fait au moment de la reprise du travail : sevrage ou poursuite de l&rsquo;allaitement ? Pourquoi ?<\/strong><\/li>\n<\/ul>\n<p style=\"text-align: justify;\"><img loading=\"lazy\" decoding=\"async\" class=\"alignright size-full wp-image-6715\" src=\"https:\/\/www.lactissima.com\/a-tire-d-ailes\/wp-content\/uploads\/2016\/06\/Marie-C\u00e9cile.jpg\" alt=\"Marie-C\u00e9cile\" width=\"275\" height=\"367\" srcset=\"https:\/\/www.lactissima.com\/a-tire-d-ailes\/wp-content\/uploads\/2016\/06\/Marie-C\u00e9cile.jpg 275w, https:\/\/www.lactissima.com\/a-tire-d-ailes\/wp-content\/uploads\/2016\/06\/Marie-C\u00e9cile-225x300.jpg 225w\" sizes=\"(max-width: 275px) 100vw, 275px\" \/>Je n&rsquo;ai jamais imagin\u00e9 allaiter, cela me semblait impudique et douloureux. Puis, enceinte je me suis renseign\u00e9e (la bible du lait du Dr Marie Thirion), et l\u00e0 , c&rsquo;est apparu comme une \u00e9vidence : mon petit b\u00e9b\u00e9 allait avoir besoin d&rsquo;un lait adapt\u00e9 \u00e0 un humain et non \u00e0 un petit bovin !<br \/>\nEt Lucie, \u00e0 peine sur mon ventre, la premi\u00e8re t\u00e9t\u00e9e a scell\u00e9 entre nous un lien d&rsquo;une puissance qui m&rsquo;a retourn\u00e9e. Je me suis transform\u00e9e en louve, heureuse d&rsquo;allaiter, mettant \u00e0 la poubelle fi\u00e8rement le petit biberon de lait \u00c2\u00ab chimique \u00c2\u00bb que cette si \u00c2\u00ab attentionn\u00e9e \u00c2\u00bb pu\u00e9ricultrice m&rsquo;avait mis dans le sac de la mater.<br \/>\nIl y a eu du lait qui d\u00e9borde, des seins vides, des hauts ,des bas mais globalement avec ma bonne tetouilleuse de fille on a surmont\u00e9 les petites difficult\u00e9s.<br \/>\nQuelle fiert\u00e9 de voir ses petits bourrelets dus au bon lait de Maman !<br \/>\nA 15 jours de la reprise, ajouter \u00e0 la d\u00e9tresse de la s\u00e9paration, le sevrage , c&rsquo;\u00e9tait impossible pour moi. J&rsquo;ai donc d\u00e9cid\u00e9 de prolonger ce lien, cet amour liquide entre nous. Au moment de la reprise je l&rsquo;avais laiss\u00e9 une heure chez la nounou o\u00f9 elle avait accept\u00e9 un biberon du lait que j&rsquo;avais tir\u00e9. J&rsquo;avais un peu de r\u00e9serve au cong\u00e9lateur (le trop plein). Malgr\u00e9 les difficult\u00e9s que laissait entrevoir ma bible du lait j&rsquo;y suis all\u00e9e motiv\u00e9e. J&rsquo;\u00e9tais chirurgien visc\u00e9ral en fin de formation (chef de clinique).<\/p>\n<ul style=\"text-align: justify;\">\n<li><strong>Comment vous \u00eates-vous organis\u00e9e ?<\/strong><\/li>\n<\/ul>\n<p style=\"text-align: justify;\">J&rsquo;ai repris au trois mois de ma fille. Je donnais le sein aussi souvent que possible quand nous \u00e9tions ensemble ( la nuit aussi) pour stimuler au maximum.<br \/>\nLa journ\u00e9e commen\u00e7ait t\u00f4t, je tirais mon lait vers 8h30 apr\u00e8s une heure et demi de travail, puis aussi souvent qu&rsquo;elle t\u00e9tait et que je pouvais me le permettre. Heureusement j&rsquo;avais un bureau que je partageais avec une coll\u00e8gue proche et on s&rsquo;arrangeait. Et j&rsquo;avais r\u00e9cup\u00e9r\u00e9 un petit frigo. Je tirais mon lait pour le lendemain en frais pour la nounou et je le congelais les week ends o\u00f9 je ne travaillais pas.<br \/>\nPour les gardes de nuit je congelais le lait dans le cong\u00e9lateur du service. Je le transportais dans un petite glaci\u00e8re avec des blocs de glace. Je tirais environ un litre par 24 h, plus ou moins en fonction de ma fatigue et\/ou moral. La nounou \u00e9tais formidable et a toujours bien accept\u00e9 de donner mon lait. Je lui avais imprim\u00e9 les r\u00e8gles de conservation du lait maternel du site de la LLL pour \u00e9viter qu&rsquo;il y ait trop de g\u00e2chis.<br \/>\nJ&rsquo;avais lou\u00e9 \u00e0 la pharmacie un tire lait \u00e9lectrique que j&rsquo;avais bidouill\u00e9 en double pompage avec une tubulure en y. Comme j&rsquo;ai allait\u00e9 longtemps (22 mois) et que la s\u00e9curit\u00e9 sociale ne rembourse que partiellement et pas plus d&rsquo;un an, je pense que j&rsquo;ai pay\u00e9 trois fois le prix de ce gros tire-lait lourd et pas pratique.<\/p>\n<ul style=\"text-align: justify;\">\n<li><strong>Quelles ont \u00e9t\u00e9 vos principales difficult\u00e9s ?<\/strong><\/li>\n<\/ul>\n<p style=\"text-align: justify;\">Les quolibets de mes coll\u00e8gues hommes. Les petites phrases assassines du genre \u00c2\u00ab tu n&rsquo;y arriveras jamais, tu vas \u00eatre trop fatigu\u00e9e \u00c2\u00bb qui m&rsquo;ont rendues encore plus d\u00e9termin\u00e9e. Les regards r\u00e9probateurs quand je partais 5 min avant la fin du staff pour tirer mon lait, sachant que les pauses cigarettes de mes coll\u00e8gues fumeurs, elles, n&rsquo;\u00e9taient pas soumises \u00e0 caution !<\/p>\n<p style=\"text-align: justify;\">Les difficult\u00e9s de quantit\u00e9 avec des baisses de r\u00e9gime et l&rsquo;angoisse de ne pas avoir assez pour mon b\u00e9b\u00e9. Tout y est pass\u00e9 : galactogyl, tisane d&rsquo;allaitement , fenurec, levure de bi\u00e8re, domp\u00e9ridone.<\/p>\n<p style=\"text-align: justify;\">Les interventions longues (7\/8h sans tirer mon lait) avec un engorgement physiologique mais tr\u00e8s douloureux.<\/p>\n<p style=\"text-align: justify;\">Le jour o\u00f9 j&rsquo;ai oubli\u00e9 mon tire-lait et je dis \u00c2\u00ab le \u00c2\u00bb car, vu la douleur, c&rsquo;est arriv\u00e9 qu&rsquo;une seule fois.<\/p>\n<p style=\"text-align: justify;\">Les lymphangites dues \u00e0 une malposition du tire-lait pendant que je tapais \u00e0 l&rsquo;ordinateur.<\/p>\n<ul style=\"text-align: justify;\">\n<li><strong>Quels ont \u00e9t\u00e9 vos meilleurs moments ?<\/strong><\/li>\n<\/ul>\n<p style=\"text-align: justify;\">Le fiert\u00e9 de l&rsquo;avoir allait\u00e9e quasiment 8 mois sans autre lait que le mien (elle a longtemps refus\u00e9 les pur\u00e9es).<\/p>\n<p style=\"text-align: justify;\">Tous ses petits bourrelets : \u00c2\u00ab c&rsquo;est moi qui l&rsquo;ai fait \u00c2\u00bb.<\/p>\n<p style=\"text-align: justify;\">Et d&rsquo;avoir tenu jusqu&rsquo;\u00e0 ses 22 mois malgr\u00e9 les \u00c2\u00ab tu l&rsquo;allaites encore ? pourquoi ? : elle refuse le biberon ? tu vas l&rsquo;allaiter jusqu&rsquo;\u00e0 ses 18 ans ?\u00c2\u00bb<\/p>\n<p style=\"text-align: justify;\">La libert\u00e9 d&rsquo;allaiter partout et d&rsquo;avoir tout \u00e0 dispo sur soi et \u00e0 bonne temp\u00e9rature ( \u00e0 la plage en avion, en ballade, \u00e0 un caf\u00e9, au resto ,dans l&rsquo;\u00e9glise le jour de son bapt\u00eame, le bain, dans mon lit)<\/p>\n<p style=\"text-align: justify;\">Le soutien ind\u00e9fectible de mon mari , quelques soient les circonstances, l&rsquo;heure de la nuit, mon humeur ou mes doutes, il a toujours \u00e9t\u00e9 l\u00e0 .<\/p>\n<ul style=\"text-align: justify;\">\n<li><strong>Qu&rsquo;est-ce que vous souhaiteriez dire aux mamans qui doivent faire un choix dans les semaines \u00e0 venir ?<\/strong><\/li>\n<\/ul>\n<p style=\"text-align: justify;\">Que si on a envie, c&rsquo;est possible.<\/p>\n<p style=\"text-align: justify;\">Qu&rsquo;avec un peu d&rsquo;aide (un local et frigo) une nounou compr\u00e9hensive on y arrive au jour le jour. Pas besoin de se donner de date butoir, laisser passer les semaines de t\u00e9touille, quand on se retourne et que l&rsquo;on voit la route parcourue on est \u00e9tonn\u00e9. Je n&rsquo;aurais jamais imagin\u00e9 allaiter aussi longtemps.<\/p>\n<p style=\"text-align: justify;\">Et rien que pour le plaisir de l&rsquo;avoir au sein, pour le lien \u00e7a vaut le coup de se battre un peu <\/p>\n<ul style=\"text-align: justify;\">\n<li><strong>Ce serait \u00e0 refaire, vous referiez le m\u00eame choix ? Que changeriez-vous ?<\/strong><\/li>\n<\/ul>\n<p style=\"text-align: justify;\">Oui d\u00e9finitivement oui.<\/p>\n<p style=\"text-align: justify;\">Faire des r\u00e9serves si on peut, pour \u00e9viter les coups de stress ou de trop peu.<\/p>\n<p style=\"text-align: justify;\">Acheter un bon tire-lait double pompage pratique et l\u00e9ger.<\/p>\n<p style=\"text-align: justify;\">Acheter une brassi\u00e8re de pompage pour pouvoir faire autre chose en m\u00eame temps sans risquer la lymphangite.<\/p>\n<p style=\"text-align: justify;\">Et prendre un peu plus de cong\u00e9s si c&rsquo;est possible trois mois c&rsquo;est trop t\u00f4t pour reprendre.<\/p>\n<p style=\"text-align: justify;\">Pour info, j&rsquo;ai trois filles allait\u00e9es 22 mois, 25 mois et la derni\u00e8re de 19 mois encore allait\u00e9e pour le temps qu&rsquo;elle voudra.<\/p>\n<p><strong>Articles en rapport :<\/strong><\/p>\n<ul>\n<li>Voir l&rsquo;onglet <a href=\"https:\/\/www.lactissima.com\/a-tire-d-ailes\/temoignages-travail-et-allaitement\/\" target=\"_blank\">t\u00e9moignages<\/a><\/li>\n<\/ul>\n<p>&nbsp;<\/p>\n<div class='et-box et-shadow'>\n\t\t\t\t\t<div class='et-box-content'>Lire des articles ou poser des questions en commentaire ne suffit pas \u00e0 r\u00e9soudre votre probl\u00e8me ?\nSavez-vous que vous pouvez prendre RDV pour une consultation avec moi ?\nN&rsquo;h\u00e9sitez pas \u00e0 me contacter !<\/div><\/div>\n","protected":false},"excerpt":{"rendered":"<p>Quel choix avez-vous fait au moment de la reprise du travail : sevrage ou poursuite de l&rsquo;allaitement ? Pourquoi ? Je n&rsquo;ai jamais imagin\u00e9 allaiter, cela me semblait impudique et douloureux. Puis, enceinte je me suis renseign\u00e9e (la bible du lait du Dr Marie Thirion), et l\u00e0 , c&rsquo;est apparu comme une \u00e9vidence : mon [&hellip;]<\/p>\n","protected":false},"author":170,"featured_media":6715,"comment_status":"open","ping_status":"open","sticky":false,"template":"","format":"standard","meta":{"_et_pb_use_builder":"","_et_pb_old_content":"","_et_gb_content_width":"","footnotes":""},"categories":[150],"tags":[],"class_list":["post-6714","post","type-post","status-publish","format-standard","has-post-thumbnail","hentry","category-temoignages"],"yoast_head":"<!-- This site is optimized with the Yoast SEO plugin v27.4 - https:\/\/yoast.com\/product\/yoast-seo-wordpress\/ -->\n<title>Allaiter et travailler : le t\u00e9moignage de Marie-C\u00e9cile<\/title>\n<meta name=\"description\" content=\"Marie-C\u00e9cile est chirurgien visc\u00e9ral. Elle a d\u00e9cid\u00e9 de tirer son lait au travail, malgr\u00e9 les horaires contraignants et un mauvais tire-lait.\" \/>\n<meta name=\"robots\" content=\"index, follow, max-snippet:-1, max-image-preview:large, max-video-preview:-1\" \/>\n<link rel=\"canonical\" href=\"https:\/\/www.lactissima.com\/a-tire-d-ailes\/allaiter-travailler-temoignage-de-marie-cecile\/\" \/>\n<meta property=\"og:locale\" content=\"fr_FR\" \/>\n<meta property=\"og:type\" content=\"article\" \/>\n<meta property=\"og:title\" content=\"Allaiter et travailler : le t\u00e9moignage de Marie-C\u00e9cile\" \/>\n<meta property=\"og:description\" content=\"Marie-C\u00e9cile est chirurgien visc\u00e9ral. Elle a d\u00e9cid\u00e9 de tirer son lait au travail, malgr\u00e9 les horaires contraignants et un mauvais tire-lait.\" \/>\n<meta property=\"og:url\" content=\"https:\/\/www.lactissima.com\/a-tire-d-ailes\/allaiter-travailler-temoignage-de-marie-cecile\/\" \/>\n<meta property=\"og:site_name\" content=\"A tire d&#039;Ailes\" \/>\n<meta property=\"article:publisher\" content=\"https:\/\/www.facebook.com\/consultante.en.lactation\" \/>\n<meta property=\"article:author\" content=\"www.facebook.com\/consultante.en.lactation\" \/>\n<meta property=\"article:published_time\" content=\"2016-06-09T14:54:52+00:00\" \/>\n<meta property=\"og:image\" content=\"https:\/\/www.lactissima.com\/a-tire-d-ailes\/wp-content\/uploads\/2016\/06\/Marie-C\u00e9cile.jpg\" \/>\n\t<meta property=\"og:image:width\" content=\"275\" \/>\n\t<meta property=\"og:image:height\" content=\"367\" \/>\n\t<meta property=\"og:image:type\" content=\"image\/jpeg\" \/>\n<meta name=\"author\" content=\"V\u00e9ronique Darmangeat\" \/>\n<meta name=\"twitter:card\" content=\"summary_large_image\" \/>\n<meta name=\"twitter:creator\" content=\"@VeroniqueIBCLC\" \/>\n<meta name=\"twitter:site\" content=\"@VeroniqueIBCLC\" \/>\n<meta name=\"twitter:label1\" content=\"\u00c9crit par\" \/>\n\t<meta name=\"twitter:data1\" content=\"V\u00e9ronique Darmangeat\" \/>\n\t<meta name=\"twitter:label2\" content=\"Dur\u00e9e de lecture estim\u00e9e\" \/>\n\t<meta name=\"twitter:data2\" content=\"5 minutes\" \/>\n<script type=\"application\/ld+json\" class=\"yoast-schema-graph\">{\"@context\":\"https:\\\/\\\/schema.org\",\"@graph\":[{\"@type\":\"Article\",\"@id\":\"https:\\\/\\\/www.lactissima.com\\\/a-tire-d-ailes\\\/allaiter-travailler-temoignage-de-marie-cecile\\\/#article\",\"isPartOf\":{\"@id\":\"https:\\\/\\\/www.lactissima.com\\\/a-tire-d-ailes\\\/allaiter-travailler-temoignage-de-marie-cecile\\\/\"},\"author\":{\"name\":\"V\u00e9ronique Darmangeat\",\"@id\":\"https:\\\/\\\/www.lactissima.com\\\/a-tire-d-ailes\\\/#\\\/schema\\\/person\\\/8f98d3a89530861bc1240e6d53d44eed\"},\"headline\":\"Allaiter et travailler : le t\u00e9moignage de Marie-C\u00e9cile\",\"datePublished\":\"2016-06-09T14:54:52+00:00\",\"mainEntityOfPage\":{\"@id\":\"https:\\\/\\\/www.lactissima.com\\\/a-tire-d-ailes\\\/allaiter-travailler-temoignage-de-marie-cecile\\\/\"},\"wordCount\":1107,\"commentCount\":14,\"image\":{\"@id\":\"https:\\\/\\\/www.lactissima.com\\\/a-tire-d-ailes\\\/allaiter-travailler-temoignage-de-marie-cecile\\\/#primaryimage\"},\"thumbnailUrl\":\"https:\\\/\\\/www.lactissima.com\\\/a-tire-d-ailes\\\/wp-content\\\/uploads\\\/2016\\\/06\\\/Marie-C\u00e9cile.jpg\",\"articleSection\":[\"t\u00e9moignages\"],\"inLanguage\":\"fr-FR\",\"potentialAction\":[{\"@type\":\"CommentAction\",\"name\":\"Comment\",\"target\":[\"https:\\\/\\\/www.lactissima.com\\\/a-tire-d-ailes\\\/allaiter-travailler-temoignage-de-marie-cecile\\\/#respond\"]}]},{\"@type\":\"WebPage\",\"@id\":\"https:\\\/\\\/www.lactissima.com\\\/a-tire-d-ailes\\\/allaiter-travailler-temoignage-de-marie-cecile\\\/\",\"url\":\"https:\\\/\\\/www.lactissima.com\\\/a-tire-d-ailes\\\/allaiter-travailler-temoignage-de-marie-cecile\\\/\",\"name\":\"Allaiter et travailler : le t\u00e9moignage de Marie-C\u00e9cile\",\"isPartOf\":{\"@id\":\"https:\\\/\\\/www.lactissima.com\\\/a-tire-d-ailes\\\/#website\"},\"primaryImageOfPage\":{\"@id\":\"https:\\\/\\\/www.lactissima.com\\\/a-tire-d-ailes\\\/allaiter-travailler-temoignage-de-marie-cecile\\\/#primaryimage\"},\"image\":{\"@id\":\"https:\\\/\\\/www.lactissima.com\\\/a-tire-d-ailes\\\/allaiter-travailler-temoignage-de-marie-cecile\\\/#primaryimage\"},\"thumbnailUrl\":\"https:\\\/\\\/www.lactissima.com\\\/a-tire-d-ailes\\\/wp-content\\\/uploads\\\/2016\\\/06\\\/Marie-C\u00e9cile.jpg\",\"datePublished\":\"2016-06-09T14:54:52+00:00\",\"author\":{\"@id\":\"https:\\\/\\\/www.lactissima.com\\\/a-tire-d-ailes\\\/#\\\/schema\\\/person\\\/8f98d3a89530861bc1240e6d53d44eed\"},\"description\":\"Marie-C\u00e9cile est chirurgien visc\u00e9ral. Elle a d\u00e9cid\u00e9 de tirer son lait au travail, malgr\u00e9 les horaires contraignants et un mauvais tire-lait.\",\"breadcrumb\":{\"@id\":\"https:\\\/\\\/www.lactissima.com\\\/a-tire-d-ailes\\\/allaiter-travailler-temoignage-de-marie-cecile\\\/#breadcrumb\"},\"inLanguage\":\"fr-FR\",\"potentialAction\":[{\"@type\":\"ReadAction\",\"target\":[\"https:\\\/\\\/www.lactissima.com\\\/a-tire-d-ailes\\\/allaiter-travailler-temoignage-de-marie-cecile\\\/\"]}]},{\"@type\":\"ImageObject\",\"inLanguage\":\"fr-FR\",\"@id\":\"https:\\\/\\\/www.lactissima.com\\\/a-tire-d-ailes\\\/allaiter-travailler-temoignage-de-marie-cecile\\\/#primaryimage\",\"url\":\"https:\\\/\\\/www.lactissima.com\\\/a-tire-d-ailes\\\/wp-content\\\/uploads\\\/2016\\\/06\\\/Marie-C\u00e9cile.jpg\",\"contentUrl\":\"https:\\\/\\\/www.lactissima.com\\\/a-tire-d-ailes\\\/wp-content\\\/uploads\\\/2016\\\/06\\\/Marie-C\u00e9cile.jpg\",\"width\":275,\"height\":367},{\"@type\":\"BreadcrumbList\",\"@id\":\"https:\\\/\\\/www.lactissima.com\\\/a-tire-d-ailes\\\/allaiter-travailler-temoignage-de-marie-cecile\\\/#breadcrumb\",\"itemListElement\":[{\"@type\":\"ListItem\",\"position\":1,\"name\":\"Accueil\",\"item\":\"https:\\\/\\\/www.lactissima.com\\\/a-tire-d-ailes\\\/\"},{\"@type\":\"ListItem\",\"position\":2,\"name\":\"Allaiter et travailler : le t\u00e9moignage de Marie-C\u00e9cile\"}]},{\"@type\":\"WebSite\",\"@id\":\"https:\\\/\\\/www.lactissima.com\\\/a-tire-d-ailes\\\/#website\",\"url\":\"https:\\\/\\\/www.lactissima.com\\\/a-tire-d-ailes\\\/\",\"name\":\"A tire d&#039;Ailes\",\"description\":\"Le blog des femmes qui allaitent et travaillent.\",\"potentialAction\":[{\"@type\":\"SearchAction\",\"target\":{\"@type\":\"EntryPoint\",\"urlTemplate\":\"https:\\\/\\\/www.lactissima.com\\\/a-tire-d-ailes\\\/?s={search_term_string}\"},\"query-input\":{\"@type\":\"PropertyValueSpecification\",\"valueRequired\":true,\"valueName\":\"search_term_string\"}}],\"inLanguage\":\"fr-FR\"},{\"@type\":\"Person\",\"@id\":\"https:\\\/\\\/www.lactissima.com\\\/a-tire-d-ailes\\\/#\\\/schema\\\/person\\\/8f98d3a89530861bc1240e6d53d44eed\",\"name\":\"V\u00e9ronique Darmangeat\",\"image\":{\"@type\":\"ImageObject\",\"inLanguage\":\"fr-FR\",\"@id\":\"https:\\\/\\\/secure.gravatar.com\\\/avatar\\\/268c99344c89cebfe4f5df5fa8be43068a18884fc76a29f3206fae98465b9cab?s=96&d=identicon&r=g\",\"url\":\"https:\\\/\\\/secure.gravatar.com\\\/avatar\\\/268c99344c89cebfe4f5df5fa8be43068a18884fc76a29f3206fae98465b9cab?s=96&d=identicon&r=g\",\"contentUrl\":\"https:\\\/\\\/secure.gravatar.com\\\/avatar\\\/268c99344c89cebfe4f5df5fa8be43068a18884fc76a29f3206fae98465b9cab?s=96&d=identicon&r=g\",\"caption\":\"V\u00e9ronique Darmangeat\"},\"sameAs\":[\"https:\\\/\\\/www.lactissima.com\\\/a-tire-d-ailes\",\"www.facebook.com\\\/consultante.en.lactation\"]}]}<\/script>\n<!-- \/ Yoast SEO plugin. -->","yoast_head_json":{"title":"Allaiter et travailler : le t\u00e9moignage de Marie-C\u00e9cile","description":"Marie-C\u00e9cile est chirurgien visc\u00e9ral. Elle a d\u00e9cid\u00e9 de tirer son lait au travail, malgr\u00e9 les horaires contraignants et un mauvais tire-lait.","robots":{"index":"index","follow":"follow","max-snippet":"max-snippet:-1","max-image-preview":"max-image-preview:large","max-video-preview":"max-video-preview:-1"},"canonical":"https:\/\/www.lactissima.com\/a-tire-d-ailes\/allaiter-travailler-temoignage-de-marie-cecile\/","og_locale":"fr_FR","og_type":"article","og_title":"Allaiter et travailler : le t\u00e9moignage de Marie-C\u00e9cile","og_description":"Marie-C\u00e9cile est chirurgien visc\u00e9ral. Elle a d\u00e9cid\u00e9 de tirer son lait au travail, malgr\u00e9 les horaires contraignants et un mauvais tire-lait.","og_url":"https:\/\/www.lactissima.com\/a-tire-d-ailes\/allaiter-travailler-temoignage-de-marie-cecile\/","og_site_name":"A tire d&#039;Ailes","article_publisher":"https:\/\/www.facebook.com\/consultante.en.lactation","article_author":"www.facebook.com\/consultante.en.lactation","article_published_time":"2016-06-09T14:54:52+00:00","og_image":[{"width":275,"height":367,"url":"https:\/\/www.lactissima.com\/a-tire-d-ailes\/wp-content\/uploads\/2016\/06\/Marie-C\u00e9cile.jpg","type":"image\/jpeg"}],"author":"V\u00e9ronique Darmangeat","twitter_card":"summary_large_image","twitter_creator":"@VeroniqueIBCLC","twitter_site":"@VeroniqueIBCLC","twitter_misc":{"\u00c9crit par":"V\u00e9ronique Darmangeat","Dur\u00e9e de lecture estim\u00e9e":"5 minutes"},"schema":{"@context":"https:\/\/schema.org","@graph":[{"@type":"Article","@id":"https:\/\/www.lactissima.com\/a-tire-d-ailes\/allaiter-travailler-temoignage-de-marie-cecile\/#article","isPartOf":{"@id":"https:\/\/www.lactissima.com\/a-tire-d-ailes\/allaiter-travailler-temoignage-de-marie-cecile\/"},"author":{"name":"V\u00e9ronique Darmangeat","@id":"https:\/\/www.lactissima.com\/a-tire-d-ailes\/#\/schema\/person\/8f98d3a89530861bc1240e6d53d44eed"},"headline":"Allaiter et travailler : le t\u00e9moignage de Marie-C\u00e9cile","datePublished":"2016-06-09T14:54:52+00:00","mainEntityOfPage":{"@id":"https:\/\/www.lactissima.com\/a-tire-d-ailes\/allaiter-travailler-temoignage-de-marie-cecile\/"},"wordCount":1107,"commentCount":14,"image":{"@id":"https:\/\/www.lactissima.com\/a-tire-d-ailes\/allaiter-travailler-temoignage-de-marie-cecile\/#primaryimage"},"thumbnailUrl":"https:\/\/www.lactissima.com\/a-tire-d-ailes\/wp-content\/uploads\/2016\/06\/Marie-C\u00e9cile.jpg","articleSection":["t\u00e9moignages"],"inLanguage":"fr-FR","potentialAction":[{"@type":"CommentAction","name":"Comment","target":["https:\/\/www.lactissima.com\/a-tire-d-ailes\/allaiter-travailler-temoignage-de-marie-cecile\/#respond"]}]},{"@type":"WebPage","@id":"https:\/\/www.lactissima.com\/a-tire-d-ailes\/allaiter-travailler-temoignage-de-marie-cecile\/","url":"https:\/\/www.lactissima.com\/a-tire-d-ailes\/allaiter-travailler-temoignage-de-marie-cecile\/","name":"Allaiter et travailler : le t\u00e9moignage de Marie-C\u00e9cile","isPartOf":{"@id":"https:\/\/www.lactissima.com\/a-tire-d-ailes\/#website"},"primaryImageOfPage":{"@id":"https:\/\/www.lactissima.com\/a-tire-d-ailes\/allaiter-travailler-temoignage-de-marie-cecile\/#primaryimage"},"image":{"@id":"https:\/\/www.lactissima.com\/a-tire-d-ailes\/allaiter-travailler-temoignage-de-marie-cecile\/#primaryimage"},"thumbnailUrl":"https:\/\/www.lactissima.com\/a-tire-d-ailes\/wp-content\/uploads\/2016\/06\/Marie-C\u00e9cile.jpg","datePublished":"2016-06-09T14:54:52+00:00","author":{"@id":"https:\/\/www.lactissima.com\/a-tire-d-ailes\/#\/schema\/person\/8f98d3a89530861bc1240e6d53d44eed"},"description":"Marie-C\u00e9cile est chirurgien visc\u00e9ral. Elle a d\u00e9cid\u00e9 de tirer son lait au travail, malgr\u00e9 les horaires contraignants et un mauvais tire-lait.","breadcrumb":{"@id":"https:\/\/www.lactissima.com\/a-tire-d-ailes\/allaiter-travailler-temoignage-de-marie-cecile\/#breadcrumb"},"inLanguage":"fr-FR","potentialAction":[{"@type":"ReadAction","target":["https:\/\/www.lactissima.com\/a-tire-d-ailes\/allaiter-travailler-temoignage-de-marie-cecile\/"]}]},{"@type":"ImageObject","inLanguage":"fr-FR","@id":"https:\/\/www.lactissima.com\/a-tire-d-ailes\/allaiter-travailler-temoignage-de-marie-cecile\/#primaryimage","url":"https:\/\/www.lactissima.com\/a-tire-d-ailes\/wp-content\/uploads\/2016\/06\/Marie-C\u00e9cile.jpg","contentUrl":"https:\/\/www.lactissima.com\/a-tire-d-ailes\/wp-content\/uploads\/2016\/06\/Marie-C\u00e9cile.jpg","width":275,"height":367},{"@type":"BreadcrumbList","@id":"https:\/\/www.lactissima.com\/a-tire-d-ailes\/allaiter-travailler-temoignage-de-marie-cecile\/#breadcrumb","itemListElement":[{"@type":"ListItem","position":1,"name":"Accueil","item":"https:\/\/www.lactissima.com\/a-tire-d-ailes\/"},{"@type":"ListItem","position":2,"name":"Allaiter et travailler : le t\u00e9moignage de Marie-C\u00e9cile"}]},{"@type":"WebSite","@id":"https:\/\/www.lactissima.com\/a-tire-d-ailes\/#website","url":"https:\/\/www.lactissima.com\/a-tire-d-ailes\/","name":"A tire d&#039;Ailes","description":"Le blog des femmes qui allaitent et travaillent.","potentialAction":[{"@type":"SearchAction","target":{"@type":"EntryPoint","urlTemplate":"https:\/\/www.lactissima.com\/a-tire-d-ailes\/?s={search_term_string}"},"query-input":{"@type":"PropertyValueSpecification","valueRequired":true,"valueName":"search_term_string"}}],"inLanguage":"fr-FR"},{"@type":"Person","@id":"https:\/\/www.lactissima.com\/a-tire-d-ailes\/#\/schema\/person\/8f98d3a89530861bc1240e6d53d44eed","name":"V\u00e9ronique Darmangeat","image":{"@type":"ImageObject","inLanguage":"fr-FR","@id":"https:\/\/secure.gravatar.com\/avatar\/268c99344c89cebfe4f5df5fa8be43068a18884fc76a29f3206fae98465b9cab?s=96&d=identicon&r=g","url":"https:\/\/secure.gravatar.com\/avatar\/268c99344c89cebfe4f5df5fa8be43068a18884fc76a29f3206fae98465b9cab?s=96&d=identicon&r=g","contentUrl":"https:\/\/secure.gravatar.com\/avatar\/268c99344c89cebfe4f5df5fa8be43068a18884fc76a29f3206fae98465b9cab?s=96&d=identicon&r=g","caption":"V\u00e9ronique Darmangeat"},"sameAs":["https:\/\/www.lactissima.com\/a-tire-d-ailes","www.facebook.com\/consultante.en.lactation"]}]}},"_links":{"self":[{"href":"https:\/\/www.lactissima.com\/a-tire-d-ailes\/wp-json\/wp\/v2\/posts\/6714","targetHints":{"allow":["GET"]}}],"collection":[{"href":"https:\/\/www.lactissima.com\/a-tire-d-ailes\/wp-json\/wp\/v2\/posts"}],"about":[{"href":"https:\/\/www.lactissima.com\/a-tire-d-ailes\/wp-json\/wp\/v2\/types\/post"}],"author":[{"embeddable":true,"href":"https:\/\/www.lactissima.com\/a-tire-d-ailes\/wp-json\/wp\/v2\/users\/170"}],"replies":[{"embeddable":true,"href":"https:\/\/www.lactissima.com\/a-tire-d-ailes\/wp-json\/wp\/v2\/comments?post=6714"}],"version-history":[{"count":3,"href":"https:\/\/www.lactissima.com\/a-tire-d-ailes\/wp-json\/wp\/v2\/posts\/6714\/revisions"}],"predecessor-version":[{"id":6718,"href":"https:\/\/www.lactissima.com\/a-tire-d-ailes\/wp-json\/wp\/v2\/posts\/6714\/revisions\/6718"}],"wp:featuredmedia":[{"embeddable":true,"href":"https:\/\/www.lactissima.com\/a-tire-d-ailes\/wp-json\/wp\/v2\/media\/6715"}],"wp:attachment":[{"href":"https:\/\/www.lactissima.com\/a-tire-d-ailes\/wp-json\/wp\/v2\/media?parent=6714"}],"wp:term":[{"taxonomy":"category","embeddable":true,"href":"https:\/\/www.lactissima.com\/a-tire-d-ailes\/wp-json\/wp\/v2\/categories?post=6714"},{"taxonomy":"post_tag","embeddable":true,"href":"https:\/\/www.lactissima.com\/a-tire-d-ailes\/wp-json\/wp\/v2\/tags?post=6714"}],"curies":[{"name":"wp","href":"https:\/\/api.w.org\/{rel}","templated":true}]}}