{"id":6706,"date":"2016-06-02T15:01:25","date_gmt":"2016-06-02T13:01:25","guid":{"rendered":"https:\/\/www.lactissima.com\/a-tire-d-ailes\/?p=6706"},"modified":"2016-06-02T15:01:25","modified_gmt":"2016-06-02T13:01:25","slug":"suisse-temoignage-de-sophie","status":"publish","type":"post","link":"https:\/\/www.lactissima.com\/a-tire-d-ailes\/suisse-temoignage-de-sophie\/","title":{"rendered":"Suisse : le t\u00e9moignage de Sophie"},"content":{"rendered":"<p style=\"text-align: justify;\"><img loading=\"lazy\" decoding=\"async\" class=\"alignright size-full wp-image-6707\" src=\"https:\/\/www.lactissima.com\/a-tire-d-ailes\/wp-content\/uploads\/2016\/06\/sophie3.jpg\" alt=\"sophie3\" width=\"270\" height=\"480\" srcset=\"https:\/\/www.lactissima.com\/a-tire-d-ailes\/wp-content\/uploads\/2016\/06\/sophie3.jpg 270w, https:\/\/www.lactissima.com\/a-tire-d-ailes\/wp-content\/uploads\/2016\/06\/sophie3-169x300.jpg 169w\" sizes=\"(max-width: 270px) 100vw, 270px\" \/>Bonjour, je suis Sophie, j&rsquo;ai 32 ans. Maman d&rsquo;une petite Honorine de bient\u00f4t 9 mois&#8230; Je vous fais part de mon exp\u00e9rience d&rsquo;allaitement au travail.<\/p>\n<ul style=\"text-align: justify;\">\n<li><strong>Dans quel pays travaillez vous ?<\/strong><\/li>\n<\/ul>\n<p style=\"text-align: justify;\">Je suis infirmi\u00e8re en service de p\u00e9diatrie, je travaille en douze heures aussi bien de jour que de nuit, c&rsquo;est variable d&rsquo;une semaine \u00e0 l&rsquo;autre donc aucune r\u00e9gularit\u00e9. Je travaille en Suisse sur le canton de Vaud.<\/p>\n<ul style=\"text-align: justify;\">\n<li><strong>Connaissez vous la l\u00e9gislation locale en mati\u00e8re de cong\u00e9s maternit\u00e9, cong\u00e9s allaitement, pauses d&rsquo;allaitement ?<\/strong><\/li>\n<\/ul>\n<p style=\"text-align: justify;\">En terme de cong\u00e9s, j&rsquo;ai b\u00e9n\u00e9fici\u00e9 d&rsquo;un mois suppl\u00e9mentaire \u00e0 mon cong\u00e9 maternit\u00e9 pour promouvoir l&rsquo;allaitement.<\/p>\n<ul style=\"text-align: justify;\">\n<li><strong>Quel choix avez-vous fait au moment de la reprise du travail : sevrage ou poursuite de l&rsquo;allaitement ?<\/strong><\/li>\n<\/ul>\n<p style=\"text-align: justify;\">A ma reprise, j&rsquo;ai d\u00e9cid\u00e9 de continuer. Je m&rsquo;\u00e9tais fix\u00e9 l&rsquo;objectif des 6 mois et je m&rsquo;\u00e9tais dit que si \u00e7a se poursuivait, ce serait du bonus.<\/p>\n<ul style=\"text-align: justify;\">\n<li><strong>Pourquoi ?<\/strong><\/li>\n<\/ul>\n<p style=\"text-align: justify;\">J ai fait le choix de continuer car l&rsquo;allaitement me convient et marche tr\u00e8s bien, c&rsquo;est une chance alors j en profite. Mais je ne suis pas mis de pression lors de mon retour au travail si \u00e7a marchait c&rsquo;\u00e9tait bien mais dans tout les cas elle aurait eu \u00e0 manger.<\/p>\n<ul style=\"text-align: justify;\">\n<li><strong>Comment vous \u00eates-vous organis\u00e9e ?<\/strong><\/li>\n<\/ul>\n<p style=\"text-align: justify;\">\u00c3\u2030tant donn\u00e9 que je travaille en douze heures (7h-19h30 ou 19h-7h30) et que j ai de la route (de 30 \u00e0 45 min) je ne peux pas faire de t\u00e9t\u00e9e le matin avant de partir, donc je tire mon lait \u00e0 5h30 avant d\u00e9part. J&rsquo;essaie de retirer dans la matin\u00e9e vers 10h-11h mais en fonction de la charge de service je ne peux pas toujours me lib\u00e9rer comme je veux et il faut que ma coll\u00e8gue puisse prend le relais&#8230;<br \/>\nEt j&rsquo;essaie de tirer de nouveau vers 16h. Si c&rsquo;est apr\u00e8s 17h, je ne tire qu&rsquo;un sein de fa\u00e7on \u00e0 ce que, si elle n&rsquo;a pas fait sa t\u00e9t\u00e9e du soir, ma fille puisse prendre le sein quand je rentre vers 20h15 mais c&rsquo;est assez rare&#8230;<\/p>\n<p style=\"text-align: justify;\">Tr\u00e8s souvent, les jours o\u00f9 je suis au travail, je n&rsquo;ai que le tire-lait pour stimuler donc 48h ou 72h sans b\u00e9b\u00e9, mais pour le moment \u00e7a tient.<br \/>\nEt quand je suis de nuit, je tire deux fois sur la nuit m\u00eame si elle ne fait plus de t\u00e9t\u00e9e la nuit, je stimule quand m\u00eame.<\/p>\n<ul style=\"text-align: justify;\">\n<li><strong>Quelles ont \u00e9t\u00e9 vos principales difficult\u00e9s ?<\/strong><\/li>\n<\/ul>\n<p style=\"text-align: justify;\">En terme de pause allaitement, \u00e9tant donn\u00e9 que je travaille en 12h, je suis cens\u00e9e avoir 90 min par jour mais on ne m&rsquo;en a pas vraiment inform\u00e9e et je n&rsquo;ai pas besoin d&rsquo;autant. De plus je ne sais pas comment on ferait en terme d&rsquo;organisation. Je tire mon lait en 15-20 min.<\/p>\n<p style=\"text-align: justify;\">Avant ma reprise j&rsquo;avais fourni un certificat pour justifier la continuit\u00e9 de mon allaitement mais mon employeur ne m&rsquo;a pas donn\u00e9 d&rsquo;infos sur l&rsquo;organisation pour le retour.<\/p>\n<p style=\"text-align: justify;\">Mes principales difficult\u00e9s furent la fatigue des journ\u00e9es et la non r\u00e9gularit\u00e9 des horaires de tire-lait ainsi que le rythme jour\/nuit&#8230; J&rsquo;ai essay\u00e9 de faire au mieux&#8230; et de m&rsquo;\u00e9couter sur ce que je souhaitais ainsi que d&rsquo;\u00e9couter mon corps.<\/p>\n<ul style=\"text-align: justify;\">\n<li><strong>Quels ont \u00e9t\u00e9 vos meilleurs moments ?<\/strong><\/li>\n<\/ul>\n<p style=\"text-align: justify;\">Mes moments de plaisirs sont en fin de journ\u00e9e quand je rapporte le fruit de ma production. Chaque biberon de lait maternel est une victoire pour moi et un beau cadeau pour ma fille. Et de la voir jongler entre sein et biberon avec aisance, je me dis qu&rsquo;ils sont formidables ses petits bouts.<\/p>\n<p style=\"text-align: justify;\">Je ne savais pas pas si l&rsquo;allaitement me conviendrait mais c&rsquo;est pour moi une \u00e9vidence maintenant.<\/p>\n<ul style=\"text-align: justify;\">\n<li><strong>Ce serait \u00e0 refaire, vous referiez le m\u00eame choix ?<\/strong><\/li>\n<\/ul>\n<p style=\"text-align: justify;\">Si c&rsquo;\u00e9tait \u00e0 refaire je re-signe imm\u00e9diatement la m\u00eame chose sans rien changer. Oui \u00e7a prend du temps et \u00e7a me demande de l&rsquo;organisation mais cela fait partie de mon r\u00f4le de maman que d&rsquo;offrir du temps et du bien-\u00eatre \u00e0 ma fille. Alors aucun regret. Que de l&rsquo;amour sous forme de lait.<\/p>\n<p><strong>Articles en rapport :<\/strong><\/p>\n<ul>\n<li>Voir l&rsquo;onglet <a href=\"https:\/\/www.lactissima.com\/a-tire-d-ailes\/temoignages-travail-et-allaitement\/\" target=\"_blank\">t\u00e9moignages<\/a><\/li>\n<\/ul>\n<p>&nbsp;<\/p>\n<div class='et-box et-shadow'>\n\t\t\t\t\t<div class='et-box-content'>Lire des articles ou poser des questions en commentaire ne suffit pas \u00e0 r\u00e9soudre votre probl\u00e8me ?\nSavez-vous que vous pouvez prendre RDV pour une consultation avec moi ?\nN&rsquo;h\u00e9sitez pas \u00e0 me contacter !<\/div><\/div>\n","protected":false},"excerpt":{"rendered":"<p>Bonjour, je suis Sophie, j&rsquo;ai 32 ans. Maman d&rsquo;une petite Honorine de bient\u00f4t 9 mois&#8230; Je vous fais part de mon exp\u00e9rience d&rsquo;allaitement au travail. Dans quel pays travaillez vous ? Je suis infirmi\u00e8re en service de p\u00e9diatrie, je travaille en douze heures aussi bien de jour que de nuit, c&rsquo;est variable d&rsquo;une semaine \u00e0 [&hellip;]<\/p>\n","protected":false},"author":170,"featured_media":6707,"comment_status":"open","ping_status":"open","sticky":false,"template":"","format":"standard","meta":{"_et_pb_use_builder":"","_et_pb_old_content":"","_et_gb_content_width":"","footnotes":""},"categories":[150],"tags":[],"class_list":["post-6706","post","type-post","status-publish","format-standard","has-post-thumbnail","hentry","category-temoignages"],"yoast_head":"<!-- This site is optimized with the Yoast SEO plugin v27.4 - https:\/\/yoast.com\/product\/yoast-seo-wordpress\/ -->\n<title>Suisse : le t\u00e9moignage de Sophie<\/title>\n<meta name=\"description\" content=\"Sophie est infirmi\u00e8re en p\u00e9diatrie et a du s&#039;organiser pour poursuivre l&#039;allaitement en travaillant en 12 heures.\" \/>\n<meta name=\"robots\" content=\"index, follow, max-snippet:-1, max-image-preview:large, max-video-preview:-1\" \/>\n<link rel=\"canonical\" href=\"https:\/\/www.lactissima.com\/a-tire-d-ailes\/suisse-temoignage-de-sophie\/\" \/>\n<meta property=\"og:locale\" content=\"fr_FR\" \/>\n<meta property=\"og:type\" content=\"article\" \/>\n<meta property=\"og:title\" content=\"Suisse : le t\u00e9moignage de Sophie\" \/>\n<meta property=\"og:description\" content=\"Sophie est infirmi\u00e8re en p\u00e9diatrie et a du s&#039;organiser pour poursuivre l&#039;allaitement en travaillant en 12 heures.\" \/>\n<meta property=\"og:url\" content=\"https:\/\/www.lactissima.com\/a-tire-d-ailes\/suisse-temoignage-de-sophie\/\" \/>\n<meta property=\"og:site_name\" content=\"A tire d&#039;Ailes\" \/>\n<meta property=\"article:publisher\" content=\"https:\/\/www.facebook.com\/consultante.en.lactation\" \/>\n<meta property=\"article:author\" content=\"www.facebook.com\/consultante.en.lactation\" \/>\n<meta property=\"article:published_time\" content=\"2016-06-02T13:01:25+00:00\" \/>\n<meta property=\"og:image\" content=\"https:\/\/www.lactissima.com\/a-tire-d-ailes\/wp-content\/uploads\/2016\/06\/sophie3.jpg\" \/>\n\t<meta property=\"og:image:width\" content=\"270\" \/>\n\t<meta property=\"og:image:height\" content=\"480\" \/>\n\t<meta property=\"og:image:type\" content=\"image\/jpeg\" \/>\n<meta name=\"author\" content=\"V\u00e9ronique Darmangeat\" \/>\n<meta name=\"twitter:card\" content=\"summary_large_image\" \/>\n<meta name=\"twitter:creator\" content=\"@VeroniqueIBCLC\" \/>\n<meta name=\"twitter:site\" content=\"@VeroniqueIBCLC\" \/>\n<meta name=\"twitter:label1\" content=\"\u00c9crit par\" \/>\n\t<meta name=\"twitter:data1\" content=\"V\u00e9ronique Darmangeat\" \/>\n\t<meta name=\"twitter:label2\" content=\"Dur\u00e9e de lecture estim\u00e9e\" \/>\n\t<meta name=\"twitter:data2\" content=\"4 minutes\" \/>\n<script type=\"application\/ld+json\" class=\"yoast-schema-graph\">{\"@context\":\"https:\\\/\\\/schema.org\",\"@graph\":[{\"@type\":\"Article\",\"@id\":\"https:\\\/\\\/www.lactissima.com\\\/a-tire-d-ailes\\\/suisse-temoignage-de-sophie\\\/#article\",\"isPartOf\":{\"@id\":\"https:\\\/\\\/www.lactissima.com\\\/a-tire-d-ailes\\\/suisse-temoignage-de-sophie\\\/\"},\"author\":{\"name\":\"V\u00e9ronique Darmangeat\",\"@id\":\"https:\\\/\\\/www.lactissima.com\\\/a-tire-d-ailes\\\/#\\\/schema\\\/person\\\/8f98d3a89530861bc1240e6d53d44eed\"},\"headline\":\"Suisse : le t\u00e9moignage de Sophie\",\"datePublished\":\"2016-06-02T13:01:25+00:00\",\"mainEntityOfPage\":{\"@id\":\"https:\\\/\\\/www.lactissima.com\\\/a-tire-d-ailes\\\/suisse-temoignage-de-sophie\\\/\"},\"wordCount\":768,\"commentCount\":1,\"image\":{\"@id\":\"https:\\\/\\\/www.lactissima.com\\\/a-tire-d-ailes\\\/suisse-temoignage-de-sophie\\\/#primaryimage\"},\"thumbnailUrl\":\"https:\\\/\\\/www.lactissima.com\\\/a-tire-d-ailes\\\/wp-content\\\/uploads\\\/2016\\\/06\\\/sophie3.jpg\",\"articleSection\":[\"t\u00e9moignages\"],\"inLanguage\":\"fr-FR\",\"potentialAction\":[{\"@type\":\"CommentAction\",\"name\":\"Comment\",\"target\":[\"https:\\\/\\\/www.lactissima.com\\\/a-tire-d-ailes\\\/suisse-temoignage-de-sophie\\\/#respond\"]}]},{\"@type\":\"WebPage\",\"@id\":\"https:\\\/\\\/www.lactissima.com\\\/a-tire-d-ailes\\\/suisse-temoignage-de-sophie\\\/\",\"url\":\"https:\\\/\\\/www.lactissima.com\\\/a-tire-d-ailes\\\/suisse-temoignage-de-sophie\\\/\",\"name\":\"Suisse : le t\u00e9moignage de Sophie\",\"isPartOf\":{\"@id\":\"https:\\\/\\\/www.lactissima.com\\\/a-tire-d-ailes\\\/#website\"},\"primaryImageOfPage\":{\"@id\":\"https:\\\/\\\/www.lactissima.com\\\/a-tire-d-ailes\\\/suisse-temoignage-de-sophie\\\/#primaryimage\"},\"image\":{\"@id\":\"https:\\\/\\\/www.lactissima.com\\\/a-tire-d-ailes\\\/suisse-temoignage-de-sophie\\\/#primaryimage\"},\"thumbnailUrl\":\"https:\\\/\\\/www.lactissima.com\\\/a-tire-d-ailes\\\/wp-content\\\/uploads\\\/2016\\\/06\\\/sophie3.jpg\",\"datePublished\":\"2016-06-02T13:01:25+00:00\",\"author\":{\"@id\":\"https:\\\/\\\/www.lactissima.com\\\/a-tire-d-ailes\\\/#\\\/schema\\\/person\\\/8f98d3a89530861bc1240e6d53d44eed\"},\"description\":\"Sophie est infirmi\u00e8re en p\u00e9diatrie et a du s'organiser pour poursuivre l'allaitement en travaillant en 12 heures.\",\"breadcrumb\":{\"@id\":\"https:\\\/\\\/www.lactissima.com\\\/a-tire-d-ailes\\\/suisse-temoignage-de-sophie\\\/#breadcrumb\"},\"inLanguage\":\"fr-FR\",\"potentialAction\":[{\"@type\":\"ReadAction\",\"target\":[\"https:\\\/\\\/www.lactissima.com\\\/a-tire-d-ailes\\\/suisse-temoignage-de-sophie\\\/\"]}]},{\"@type\":\"ImageObject\",\"inLanguage\":\"fr-FR\",\"@id\":\"https:\\\/\\\/www.lactissima.com\\\/a-tire-d-ailes\\\/suisse-temoignage-de-sophie\\\/#primaryimage\",\"url\":\"https:\\\/\\\/www.lactissima.com\\\/a-tire-d-ailes\\\/wp-content\\\/uploads\\\/2016\\\/06\\\/sophie3.jpg\",\"contentUrl\":\"https:\\\/\\\/www.lactissima.com\\\/a-tire-d-ailes\\\/wp-content\\\/uploads\\\/2016\\\/06\\\/sophie3.jpg\",\"width\":270,\"height\":480},{\"@type\":\"BreadcrumbList\",\"@id\":\"https:\\\/\\\/www.lactissima.com\\\/a-tire-d-ailes\\\/suisse-temoignage-de-sophie\\\/#breadcrumb\",\"itemListElement\":[{\"@type\":\"ListItem\",\"position\":1,\"name\":\"Accueil\",\"item\":\"https:\\\/\\\/www.lactissima.com\\\/a-tire-d-ailes\\\/\"},{\"@type\":\"ListItem\",\"position\":2,\"name\":\"Suisse : le t\u00e9moignage de Sophie\"}]},{\"@type\":\"WebSite\",\"@id\":\"https:\\\/\\\/www.lactissima.com\\\/a-tire-d-ailes\\\/#website\",\"url\":\"https:\\\/\\\/www.lactissima.com\\\/a-tire-d-ailes\\\/\",\"name\":\"A tire d&#039;Ailes\",\"description\":\"Le blog des femmes qui allaitent et travaillent.\",\"potentialAction\":[{\"@type\":\"SearchAction\",\"target\":{\"@type\":\"EntryPoint\",\"urlTemplate\":\"https:\\\/\\\/www.lactissima.com\\\/a-tire-d-ailes\\\/?s={search_term_string}\"},\"query-input\":{\"@type\":\"PropertyValueSpecification\",\"valueRequired\":true,\"valueName\":\"search_term_string\"}}],\"inLanguage\":\"fr-FR\"},{\"@type\":\"Person\",\"@id\":\"https:\\\/\\\/www.lactissima.com\\\/a-tire-d-ailes\\\/#\\\/schema\\\/person\\\/8f98d3a89530861bc1240e6d53d44eed\",\"name\":\"V\u00e9ronique Darmangeat\",\"image\":{\"@type\":\"ImageObject\",\"inLanguage\":\"fr-FR\",\"@id\":\"https:\\\/\\\/secure.gravatar.com\\\/avatar\\\/268c99344c89cebfe4f5df5fa8be43068a18884fc76a29f3206fae98465b9cab?s=96&d=identicon&r=g\",\"url\":\"https:\\\/\\\/secure.gravatar.com\\\/avatar\\\/268c99344c89cebfe4f5df5fa8be43068a18884fc76a29f3206fae98465b9cab?s=96&d=identicon&r=g\",\"contentUrl\":\"https:\\\/\\\/secure.gravatar.com\\\/avatar\\\/268c99344c89cebfe4f5df5fa8be43068a18884fc76a29f3206fae98465b9cab?s=96&d=identicon&r=g\",\"caption\":\"V\u00e9ronique Darmangeat\"},\"sameAs\":[\"https:\\\/\\\/www.lactissima.com\\\/a-tire-d-ailes\",\"www.facebook.com\\\/consultante.en.lactation\"]}]}<\/script>\n<!-- \/ Yoast SEO plugin. -->","yoast_head_json":{"title":"Suisse : le t\u00e9moignage de Sophie","description":"Sophie est infirmi\u00e8re en p\u00e9diatrie et a du s'organiser pour poursuivre l'allaitement en travaillant en 12 heures.","robots":{"index":"index","follow":"follow","max-snippet":"max-snippet:-1","max-image-preview":"max-image-preview:large","max-video-preview":"max-video-preview:-1"},"canonical":"https:\/\/www.lactissima.com\/a-tire-d-ailes\/suisse-temoignage-de-sophie\/","og_locale":"fr_FR","og_type":"article","og_title":"Suisse : le t\u00e9moignage de Sophie","og_description":"Sophie est infirmi\u00e8re en p\u00e9diatrie et a du s'organiser pour poursuivre l'allaitement en travaillant en 12 heures.","og_url":"https:\/\/www.lactissima.com\/a-tire-d-ailes\/suisse-temoignage-de-sophie\/","og_site_name":"A tire d&#039;Ailes","article_publisher":"https:\/\/www.facebook.com\/consultante.en.lactation","article_author":"www.facebook.com\/consultante.en.lactation","article_published_time":"2016-06-02T13:01:25+00:00","og_image":[{"width":270,"height":480,"url":"https:\/\/www.lactissima.com\/a-tire-d-ailes\/wp-content\/uploads\/2016\/06\/sophie3.jpg","type":"image\/jpeg"}],"author":"V\u00e9ronique Darmangeat","twitter_card":"summary_large_image","twitter_creator":"@VeroniqueIBCLC","twitter_site":"@VeroniqueIBCLC","twitter_misc":{"\u00c9crit par":"V\u00e9ronique Darmangeat","Dur\u00e9e de lecture estim\u00e9e":"4 minutes"},"schema":{"@context":"https:\/\/schema.org","@graph":[{"@type":"Article","@id":"https:\/\/www.lactissima.com\/a-tire-d-ailes\/suisse-temoignage-de-sophie\/#article","isPartOf":{"@id":"https:\/\/www.lactissima.com\/a-tire-d-ailes\/suisse-temoignage-de-sophie\/"},"author":{"name":"V\u00e9ronique Darmangeat","@id":"https:\/\/www.lactissima.com\/a-tire-d-ailes\/#\/schema\/person\/8f98d3a89530861bc1240e6d53d44eed"},"headline":"Suisse : le t\u00e9moignage de Sophie","datePublished":"2016-06-02T13:01:25+00:00","mainEntityOfPage":{"@id":"https:\/\/www.lactissima.com\/a-tire-d-ailes\/suisse-temoignage-de-sophie\/"},"wordCount":768,"commentCount":1,"image":{"@id":"https:\/\/www.lactissima.com\/a-tire-d-ailes\/suisse-temoignage-de-sophie\/#primaryimage"},"thumbnailUrl":"https:\/\/www.lactissima.com\/a-tire-d-ailes\/wp-content\/uploads\/2016\/06\/sophie3.jpg","articleSection":["t\u00e9moignages"],"inLanguage":"fr-FR","potentialAction":[{"@type":"CommentAction","name":"Comment","target":["https:\/\/www.lactissima.com\/a-tire-d-ailes\/suisse-temoignage-de-sophie\/#respond"]}]},{"@type":"WebPage","@id":"https:\/\/www.lactissima.com\/a-tire-d-ailes\/suisse-temoignage-de-sophie\/","url":"https:\/\/www.lactissima.com\/a-tire-d-ailes\/suisse-temoignage-de-sophie\/","name":"Suisse : le t\u00e9moignage de Sophie","isPartOf":{"@id":"https:\/\/www.lactissima.com\/a-tire-d-ailes\/#website"},"primaryImageOfPage":{"@id":"https:\/\/www.lactissima.com\/a-tire-d-ailes\/suisse-temoignage-de-sophie\/#primaryimage"},"image":{"@id":"https:\/\/www.lactissima.com\/a-tire-d-ailes\/suisse-temoignage-de-sophie\/#primaryimage"},"thumbnailUrl":"https:\/\/www.lactissima.com\/a-tire-d-ailes\/wp-content\/uploads\/2016\/06\/sophie3.jpg","datePublished":"2016-06-02T13:01:25+00:00","author":{"@id":"https:\/\/www.lactissima.com\/a-tire-d-ailes\/#\/schema\/person\/8f98d3a89530861bc1240e6d53d44eed"},"description":"Sophie est infirmi\u00e8re en p\u00e9diatrie et a du s'organiser pour poursuivre l'allaitement en travaillant en 12 heures.","breadcrumb":{"@id":"https:\/\/www.lactissima.com\/a-tire-d-ailes\/suisse-temoignage-de-sophie\/#breadcrumb"},"inLanguage":"fr-FR","potentialAction":[{"@type":"ReadAction","target":["https:\/\/www.lactissima.com\/a-tire-d-ailes\/suisse-temoignage-de-sophie\/"]}]},{"@type":"ImageObject","inLanguage":"fr-FR","@id":"https:\/\/www.lactissima.com\/a-tire-d-ailes\/suisse-temoignage-de-sophie\/#primaryimage","url":"https:\/\/www.lactissima.com\/a-tire-d-ailes\/wp-content\/uploads\/2016\/06\/sophie3.jpg","contentUrl":"https:\/\/www.lactissima.com\/a-tire-d-ailes\/wp-content\/uploads\/2016\/06\/sophie3.jpg","width":270,"height":480},{"@type":"BreadcrumbList","@id":"https:\/\/www.lactissima.com\/a-tire-d-ailes\/suisse-temoignage-de-sophie\/#breadcrumb","itemListElement":[{"@type":"ListItem","position":1,"name":"Accueil","item":"https:\/\/www.lactissima.com\/a-tire-d-ailes\/"},{"@type":"ListItem","position":2,"name":"Suisse : le t\u00e9moignage de Sophie"}]},{"@type":"WebSite","@id":"https:\/\/www.lactissima.com\/a-tire-d-ailes\/#website","url":"https:\/\/www.lactissima.com\/a-tire-d-ailes\/","name":"A tire d&#039;Ailes","description":"Le blog des femmes qui allaitent et travaillent.","potentialAction":[{"@type":"SearchAction","target":{"@type":"EntryPoint","urlTemplate":"https:\/\/www.lactissima.com\/a-tire-d-ailes\/?s={search_term_string}"},"query-input":{"@type":"PropertyValueSpecification","valueRequired":true,"valueName":"search_term_string"}}],"inLanguage":"fr-FR"},{"@type":"Person","@id":"https:\/\/www.lactissima.com\/a-tire-d-ailes\/#\/schema\/person\/8f98d3a89530861bc1240e6d53d44eed","name":"V\u00e9ronique Darmangeat","image":{"@type":"ImageObject","inLanguage":"fr-FR","@id":"https:\/\/secure.gravatar.com\/avatar\/268c99344c89cebfe4f5df5fa8be43068a18884fc76a29f3206fae98465b9cab?s=96&d=identicon&r=g","url":"https:\/\/secure.gravatar.com\/avatar\/268c99344c89cebfe4f5df5fa8be43068a18884fc76a29f3206fae98465b9cab?s=96&d=identicon&r=g","contentUrl":"https:\/\/secure.gravatar.com\/avatar\/268c99344c89cebfe4f5df5fa8be43068a18884fc76a29f3206fae98465b9cab?s=96&d=identicon&r=g","caption":"V\u00e9ronique Darmangeat"},"sameAs":["https:\/\/www.lactissima.com\/a-tire-d-ailes","www.facebook.com\/consultante.en.lactation"]}]}},"_links":{"self":[{"href":"https:\/\/www.lactissima.com\/a-tire-d-ailes\/wp-json\/wp\/v2\/posts\/6706","targetHints":{"allow":["GET"]}}],"collection":[{"href":"https:\/\/www.lactissima.com\/a-tire-d-ailes\/wp-json\/wp\/v2\/posts"}],"about":[{"href":"https:\/\/www.lactissima.com\/a-tire-d-ailes\/wp-json\/wp\/v2\/types\/post"}],"author":[{"embeddable":true,"href":"https:\/\/www.lactissima.com\/a-tire-d-ailes\/wp-json\/wp\/v2\/users\/170"}],"replies":[{"embeddable":true,"href":"https:\/\/www.lactissima.com\/a-tire-d-ailes\/wp-json\/wp\/v2\/comments?post=6706"}],"version-history":[{"count":2,"href":"https:\/\/www.lactissima.com\/a-tire-d-ailes\/wp-json\/wp\/v2\/posts\/6706\/revisions"}],"predecessor-version":[{"id":6709,"href":"https:\/\/www.lactissima.com\/a-tire-d-ailes\/wp-json\/wp\/v2\/posts\/6706\/revisions\/6709"}],"wp:featuredmedia":[{"embeddable":true,"href":"https:\/\/www.lactissima.com\/a-tire-d-ailes\/wp-json\/wp\/v2\/media\/6707"}],"wp:attachment":[{"href":"https:\/\/www.lactissima.com\/a-tire-d-ailes\/wp-json\/wp\/v2\/media?parent=6706"}],"wp:term":[{"taxonomy":"category","embeddable":true,"href":"https:\/\/www.lactissima.com\/a-tire-d-ailes\/wp-json\/wp\/v2\/categories?post=6706"},{"taxonomy":"post_tag","embeddable":true,"href":"https:\/\/www.lactissima.com\/a-tire-d-ailes\/wp-json\/wp\/v2\/tags?post=6706"}],"curies":[{"name":"wp","href":"https:\/\/api.w.org\/{rel}","templated":true}]}}