{"id":6685,"date":"2016-05-14T09:24:31","date_gmt":"2016-05-14T07:24:31","guid":{"rendered":"https:\/\/www.lactissima.com\/a-tire-d-ailes\/?p=6685"},"modified":"2016-05-14T09:24:31","modified_gmt":"2016-05-14T07:24:31","slug":"allaiter-et-travailler-le-temoignage-de-justine","status":"publish","type":"post","link":"https:\/\/www.lactissima.com\/a-tire-d-ailes\/allaiter-et-travailler-le-temoignage-de-justine\/","title":{"rendered":"Allaiter et travailler : le t\u00e9moignage de Justine"},"content":{"rendered":"<p style=\"text-align: justify;\"><img loading=\"lazy\" decoding=\"async\" class=\"alignright size-full wp-image-6686\" src=\"https:\/\/www.lactissima.com\/a-tire-d-ailes\/wp-content\/uploads\/2016\/05\/justine.jpg\" alt=\"justine\" width=\"346\" height=\"346\" srcset=\"https:\/\/www.lactissima.com\/a-tire-d-ailes\/wp-content\/uploads\/2016\/05\/justine.jpg 346w, https:\/\/www.lactissima.com\/a-tire-d-ailes\/wp-content\/uploads\/2016\/05\/justine-150x150.jpg 150w, https:\/\/www.lactissima.com\/a-tire-d-ailes\/wp-content\/uploads\/2016\/05\/justine-300x300.jpg 300w, https:\/\/www.lactissima.com\/a-tire-d-ailes\/wp-content\/uploads\/2016\/05\/justine-182x182.jpg 182w, https:\/\/www.lactissima.com\/a-tire-d-ailes\/wp-content\/uploads\/2016\/05\/justine-83x83.jpg 83w, https:\/\/www.lactissima.com\/a-tire-d-ailes\/wp-content\/uploads\/2016\/05\/justine-184x184.jpg 184w\" sizes=\"(max-width: 346px) 100vw, 346px\" \/>Bonjour,<br \/>\nJe n&rsquo;ai pas l&rsquo;habitude d&rsquo;intervenir sur internet, mais votre site, vos conseils et les t\u00e9moignages des autres femmes m&rsquo;ont beaucoup aid\u00e9e et rassur\u00e9e, je voulait donc, moi aussi, partager mon exp\u00e9rience, et peut-\u00eatre, \u00eatre utile \u00e0 d&rsquo;autres femmes.<\/p>\n<p style=\"text-align: justify;\">J&rsquo;ai accouch\u00e9 en juin 2014, par c\u00e9sarienne en urgence, d&rsquo;un petit gar\u00e7on, Isaac.<br \/>\nJ&rsquo;avais toujours dit que <strong>je ne voulais pas allaiter<\/strong>, que cela me paraissait ali\u00e9nant. Je le disais depuis si longtemps et avec tellement de conviction, qu&rsquo;aujourd&rsquo;hui, mes amies, mon compagnon et ma s\u00c5\u201cur s&rsquo;en donnent \u00e0 c\u00c5\u201cur joie dans les moqueries (gentilles), car cela fait plus de 14 mois que Isaac est allait\u00e9 et ceci exclusivement.<br \/>\nJe ne voulais pas allaiter donc. Et J&rsquo;ai allait\u00e9 finalement. D&rsquo;abord pour voir. Puis parce que cela se passait si bien. Jour, nuit, \u00e0 la demande. Et avec beaucoup de plaisir. Retardant de semaines en semaines l&rsquo;introduction des biberons de pr\u00e9paration pour nourrissons qui devaient rendre cet allaitement \u00ab\u00a0mixte\u00a0\u00bb&#8230; Ces biberons ne sont jamais venu.<br \/>\nEt je r\u00e9p\u00e9tais: \u00ab\u00a0En tout cas, le <strong>tire-lait<\/strong>: JAMAIS!!!\u00a0\u00bb<\/p>\n<p style=\"text-align: justify;\">Deux mois apr\u00e8s la naissance de Isaac, ma s\u00c5\u201cur a, elle aussi, mis au monde un petit gar\u00e7on, Soan. Elle l&rsquo;a allait\u00e9 aussi, exclusivement. Moins grande gueule que moi, moins cat\u00e9gorique, elle avait toujours dit: \u00ab\u00a0Si j&rsquo;allaite, je tirerai mon lait pour pouvoir sortir\u00a0\u00bb. Elle <strong>loue donc un tire-lait<\/strong>. Et donc, je d\u00e9cide d&rsquo;en louer un, moi aussi , pour essayer. D&rsquo;autant que la date de reprise du travail se rapprochait \u00e0 grande vitesse et que je me voyais de moins en moins commencer \u00e0 donner du lait artificiel \u00e0 Isaac&#8230;<\/p>\n<p style=\"text-align: justify;\">Je re\u00e7ois mon tire-lait ( un Mamivac Sensitiv \u00e0 double tirage) quelques semaines avant la reprise du travail. Je tente quelques tirages (en simple tirage), la r\u00e9colte est maigre. Il faut dire qu&rsquo;Isaac \u00e9tait un \u00ab\u00a0t\u00e9teur\u00a0\u00bb de compet et qu&rsquo;il buvait tout. A coup de 30 ml et 40 ml, j&rsquo;arrive tout de m\u00eame \u00e0 faire quelques <strong>r\u00e9serves<\/strong>&#8230; Mais je vois la reprise du boulot se profiler sans savoir si oui ou non je pourrais fournir des quantit\u00e9s suffisantes&#8230; Bref !<\/p>\n<p style=\"text-align: justify;\">N&rsquo;ayant pas obtenu de place en cr\u00e8che, nous optons pour une garde partag\u00e9e \u00e0 domicile avec des voisins. Je rencontre la <strong>nounou<\/strong>, lui parle de mon projet de continuer \u00e0 donner mon lait \u00e0 Isaac. Elle est OK (elle m\u00eame a allait\u00e9 sa fille), mais n&rsquo;a jamais tir\u00e9 son lait elle-m\u00eame, ni donn\u00e9 des biberons de lait maternel aux b\u00e9b\u00e9s qu&rsquo;elle a gard\u00e9s. Les voisins, eux, sont OK, pour que je stocke des biberons de mon lait dans leur frigo, chaque matin, lorsque la garde s&rsquo;effectue chez eux.<\/p>\n<p style=\"text-align: justify;\">Reste deux <strong>inconnues<\/strong> :<br \/>\n1\/ Est-ce que j&rsquo;arriverai \u00e0 fournir suffisamment de lait ?<br \/>\n2\/ Isaac acceptera-t-il de boire ce lait au BIBERON ?<\/p>\n<p style=\"text-align: justify;\">Parce que des biberons, bah il n&rsquo;en avait jamais eu (enfin si, deux de quelques millilitres \u00e0 la maternit\u00e9, avant que j&rsquo;ai ma \u00ab\u00a0r\u00e9v\u00e9lation\u00a0\u00bb de mammif\u00e8re)&#8230;<\/p>\n<p style=\"text-align: justify;\">Quelques jours avant l&rsquo;adaptation avec la nounou (bon juste deux jours avant, pour \u00eatre tout \u00e0 fait honn\u00eate&#8230;), mon compagnon tente de donner un biberon de mon lait \u00e0 Isaac. On fait tout comme il faut (comme je l&rsquo;ai lu sur ce site quoi) et c&rsquo;est le drame. Isaac huuuuuuurle comme il n&rsquo;a jamais hurl\u00e9 (c&rsquo;est un b\u00e9b\u00e9 qui ne pleure presque pas&#8230;), il repousse le biberon, d\u00e9tourne la t\u00eate, bref, gros gros \u00e9chec&#8230;. Pas grave je me dis! C&rsquo;est normal, \u00e7a va venir! Juste par acquis de conscience, je renifle le biberon (de lait frais tir\u00e9 la veille), et l\u00e0 , MON DIEU, <strong>mon lait pue<\/strong>. Je savais que cela pouvait arriver, mais je n&rsquo;avais m\u00eame pas envisag\u00e9 que cela pourrait m&rsquo;arriver \u00e0 moi (oui je sais, je suis pleine de certitudes qui s&rsquo;effondrent les unes apr\u00e8s les autres). Et \u00e7a pue grave ! Un truc entre le vomi, le savon et le parmesan. Tu m&rsquo;\u00e9tonnes qu&rsquo;il n&rsquo;en voulait pas !<br \/>\nJe panique un peu en me disant mais si mon lait pue, \u00e7a veut dire que tout le lait que j&rsquo;ai stock\u00e9 au cong\u00e9lateur pue aussi !!!! Je d\u00e9cong\u00e8le en vitesse quelques petits sachets, les renifle, encore et encore et ceux l\u00e0 , ne puent pas. \u00c3\u2030trange&#8230;.<\/p>\n<p style=\"text-align: justify;\">Le lendemain, je d\u00e9cide de faire un nouvel essai. Ma s\u00c5\u201cur est \u00e0 la maison, je pr\u00e9pare un biberon de lait d\u00e9congel\u00e9. Il ne sent rien. Je laisse ma s\u00c5\u201cur avec Isaac, je m&rsquo;\u00e9clipse dans une autre pi\u00e8ce et de nouveau c&rsquo;est le drame. Isaac t\u00e8te un peu puis s&rsquo;\u00e9touffe, pleure, se d\u00e9tourne&#8230; Ma s\u00c5\u201cur essaye de lui donner du lait avec une pipette de Doliprane et il veut bien en boire un peu. On laisse tomber&#8230; Et \u00e0 nouveau je renifle le lait. Il pue !!! Ma s\u00c5\u201cur me fait remarquer que les biberons en verre (Avent) peuvent parfois donner une odeur au lait. Bon, on va voir&#8230;(finalement, c&rsquo;est sans doute le <strong>biberon en verre<\/strong> qui a fait \u00ab\u00a0sentir\u00a0\u00bb mon lait\u00a0\u00bb. Avec les biberons en plastique cela ne s&rsquo;est jamais reproduit).<\/p>\n<p style=\"text-align: justify;\">Lundi, c&rsquo;est le d\u00e9marrage de l&rsquo;<strong>adaptation<\/strong> avec la nounou. Je reste avec Isaac, mais le lendemain, il devra boire un biberon avec elle. Mardi, je le laisse avec un nouveau biberon en plastique (MAM). Mon lait ne sent rien, j&rsquo;ai v\u00e9rifi\u00e9, renifl\u00e9 et encore renifl\u00e9. J&rsquo;ai tout expliqu\u00e9 \u00e0 la nounou et surtout j&rsquo;ai beaucoup insist\u00e9 sur le fait que ce n&rsquo;\u00e9tait pas grave si Isaac ne mangeait pas au d\u00e9but, que c&rsquo;\u00e9tait normal et qu&rsquo;en aucun cas je ne penserais que c&rsquo;\u00e9tait de la faute de la nounou. Malgr\u00e9 tout, je ne la sens pas tr\u00e8s \u00e0 l&rsquo;aise avec tout \u00e7a&#8230;Une heure plus tard, je re\u00e7ois un appel paniqu\u00e9 de la nounou, me demandant de venir imm\u00e9diatement. J&rsquo;entend Isaac qui hurle derri\u00e8re elle. J&rsquo;arrive dans les 5 minutes suivantes et elle m&rsquo;explique qu&rsquo;Isaac s&rsquo;est \u00e9touff\u00e9 avec sa gorg\u00e9e (ce qui veut dire qu&rsquo;il a tout de m\u00eame accept\u00e9 de boire) et qu&rsquo;elle a eu tr\u00e8s peur parce qu&rsquo;il s&rsquo;est mis \u00e0 crier tr\u00e8s fort. Je la rassure et lui propose de finir de donner le lait \u00e0 Isaac avec la pipette. Je les laisse. De retour une heure apr\u00e8s, il semble que Isaac a accept\u00e9 de boire un peu. La semaine d&rsquo;adaptation passe ainsi. Chaque jour, La nounou propose le biberon \u00e0 Isaac, qui t\u00e8te un peu, puis se d\u00e9tourne et boit finalement un peu \u00e0 la pipette. Bon. Il n&rsquo;a pas l&rsquo;air mal&#8230;<\/p>\n<p style=\"text-align: justify;\">Au fil des jours, tout se stabilise. <strong>Isaac accepte de boire les biberons<\/strong>. Je lui en pr\u00e9pare alors 3 pour chaque journ\u00e9e de garde. Un petit de 60ml pour le matin (10h30), un \u00ab\u00a0grand\u00a0\u00bb de 120ml pour le d\u00e9jeuner et un autre entre 60 et 90ml pour le go\u00fbter.<\/p>\n<p style=\"text-align: justify;\">J&rsquo;ai donc repris le travail et j&rsquo;ai la chance de disposer d&rsquo;un <strong>bureau personnel<\/strong> dont la porte peut fermer \u00e0 cl\u00e9. J&rsquo;appose une petite affiche sur ma porte qui informe mes coll\u00e8gues que si elle est ferm\u00e9e c&rsquo;est parce que je suis en train de tirer mon lait et que je serais de nouveau disponible dans quelques minutes.<br \/>\nJe tire alors deux fois par journ\u00e9e de travail. Une fois autour du d\u00e9jeuner et une autre autour de 16h. Les quantit\u00e9s tir\u00e9es sont assez al\u00e9atoires : les bons jours, je tire 140ml en double pompage \u00e0 chaque tirage. Les mauvais , je tire 70ml&#8230; Je remarque rapidement que ma production d\u00e9pend beaucoup de ma fatigue, du fait de boire suffisamment et de la temp\u00e9rature dans mon bureau. Lors d&rsquo;une panne de chauffage en plein mois de d\u00e9cembre, je ne tire strictement rien : panne s\u00e8che.<\/p>\n<p style=\"text-align: justify;\">Niveau logistique, j&rsquo;ai adopt\u00e9 <strong>la technique du sac plastique \u00ab\u00a0zipp\u00e9\u00a0\u00bb<\/strong>. J&#8217;emm\u00e8ne mes t\u00e9terelles propres et assembl\u00e9es dans un sac cong\u00e9lation herm\u00e9tique. Apr\u00e8s mon premier tirage, je transf\u00e8re le lait dans des sachets sp\u00e9ciaux qui sont stock\u00e9s dans le r\u00e9frig\u00e9rateur de mon travail , et les t\u00e9terelles sont rang\u00e9es dans le sac cong\u00e9lation et mises elles aussi au frais en attendant le tirage de 16h. Puis nettoyage le soir \u00e0 la maison.<\/p>\n<p style=\"text-align: justify;\">Tout se passe bien. Avec la <strong>diversification<\/strong> d&rsquo;Isaac autour de ses 5 mois, il s&rsquo;int\u00e9resse de moins en moins aux biberons. Il t\u00eate toujours beaucoup le soir et la nuit (merci le co-dodo) mais, de plus en plus souvent, la nounou me rend des biberons quasi-pleins le soir&#8230; Je supprime donc le biberon du matin, puis celui du midi que je remplace par un yaourt bio nature. Je supprime donc un tirage lors de mes journ\u00e9e de travail.<br \/>\nVers les 8 mois de Isaac, je supprime aussi le biberon du go\u00fbter remplac\u00e9 lui aussi par un laitage.<\/p>\n<p style=\"text-align: justify;\">Et <strong>tout se passe bien<\/strong> encore.<\/p>\n<p style=\"text-align: justify;\">Aujourd&rsquo;hui Isaac a 14 mois et il est toujours allait\u00e9. Le soir, la nuit (une ou deux t\u00e9t\u00e9es chaque nuit) et le matin. Son alimentation est totalement diversifi\u00e9e. C&rsquo;est un b\u00e9b\u00e9 magnifique.<\/p>\n<p style=\"text-align: justify;\">A aucun moment je n&rsquo;ai regrett\u00e9 de m&rsquo;\u00eatre finalement lanc\u00e9e dans cet <strong>allaitement \u00ab\u00a0long\u00a0\u00bb<\/strong>. Je ne l&rsquo;avais pas pr\u00e9vu, pas document\u00e9, pas anticip\u00e9. Les sites et blogs sp\u00e9cialis\u00e9s, les t\u00e9moignages de femmes allaitantes et les conseils de professionnel(les) form\u00e9es \u00e0 cette question que j&rsquo;ai pu y trouver ont \u00e9t\u00e9 d\u00e9terminants dans mon parcours d&rsquo;allaitement et dans sa r\u00e9ussite. Le fait d&rsquo;avoir une <strong>s\u00c5\u201cur<\/strong> devenu m\u00e8re et allaitant en m\u00eame temps que moi a aussi \u00e9t\u00e9 un soutien pr\u00e9cieux. Encore aujourd&rsquo;hui, je suis abasourdie de l&rsquo;ignorance de beaucoup et des mensonges ou contre-v\u00e9rit\u00e9s qui sont colport\u00e9es au sujet de l&rsquo;allaitement. L&rsquo;absence de formation de la plupart des m\u00e9decins est r\u00e9ellement incroyable.<\/p>\n<p style=\"text-align: justify;\">Moi qui ne voulait pas allaiter car je trouvais cela incompatible avec mon <strong>f\u00e9minisme<\/strong>, j&rsquo;en ai finalement tir\u00e9 une force tout fait f\u00e9ministement correcte ! Je trouve fascinant cette autonomie du corps des femmes \u00e0 nourrir leurs enfants hors de tout circuit marchand. C&rsquo;est une des rares choses non marchandis\u00e9es que j&rsquo;ai fait dans ma vie jusqu&rsquo;\u00e0 pr\u00e9sent.<\/p>\n<p style=\"text-align: justify;\">Et surtout, le plaisir manifeste de mon fils \u00e0 t\u00e9ter , son \u00e9panouissement dans ce lien si particulier, ont \u00e9t\u00e9 et sont encore une immense satisfaction pour moi.<br \/>\nIl a donc aujourd&rsquo;hui 14 mois. Je ne sais pas quand il arr\u00eatera de t\u00e9ter, ou quand moi, j&rsquo;en aurais assez. Je ne ferme plus aucune porte. Je verrais bien ! Merci et bravo \u00e0 toutes les femmes qui partagent leurs exp\u00e9riences et leurs comp\u00e9tences sur ce site ou dans des cadres diff\u00e9rents. Il s&rsquo;agit l\u00e0 d&rsquo;une v\u00e9ritable solidarit\u00e9 f\u00e9ministe !<\/p>\n<p><strong>Articles en rapport :<\/strong><\/p>\n<ul>\n<li>Voir l&rsquo;onglet <a href=\"https:\/\/www.lactissima.com\/a-tire-d-ailes\/temoignages-travail-et-allaitement\/\" target=\"_blank\">t\u00e9moignages<\/a><\/li>\n<\/ul>\n<div class='et-box et-shadow'>\n\t\t\t\t\t<div class='et-box-content'>Lire des articles ou poser des questions en commentaire ne suffit pas \u00e0 r\u00e9soudre votre probl\u00e8me ?\nSavez-vous que vous pouvez prendre RDV pour une consultation avec moi ?\nN&rsquo;h\u00e9sitez pas \u00e0 me contacter !<\/div><\/div>\n","protected":false},"excerpt":{"rendered":"<p>Bonjour, Je n&rsquo;ai pas l&rsquo;habitude d&rsquo;intervenir sur internet, mais votre site, vos conseils et les t\u00e9moignages des autres femmes m&rsquo;ont beaucoup aid\u00e9e et rassur\u00e9e, je voulait donc, moi aussi, partager mon exp\u00e9rience, et peut-\u00eatre, \u00eatre utile \u00e0 d&rsquo;autres femmes. J&rsquo;ai accouch\u00e9 en juin 2014, par c\u00e9sarienne en urgence, d&rsquo;un petit gar\u00e7on, Isaac. J&rsquo;avais toujours dit [&hellip;]<\/p>\n","protected":false},"author":170,"featured_media":6686,"comment_status":"open","ping_status":"open","sticky":false,"template":"","format":"standard","meta":{"_et_pb_use_builder":"","_et_pb_old_content":"","_et_gb_content_width":"","footnotes":""},"categories":[150],"tags":[253],"class_list":["post-6685","post","type-post","status-publish","format-standard","has-post-thumbnail","hentry","category-temoignages","tag-feminisme"],"yoast_head":"<!-- This site is optimized with the Yoast SEO plugin v27.4 - https:\/\/yoast.com\/product\/yoast-seo-wordpress\/ -->\n<title>allaiter et travailler<\/title>\n<meta name=\"description\" content=\"Justine ne voulait pas allaiter. Finalement, non seulement elle a commenc\u00e9 \u00e0 allaiter mais elle a poursuivi \u00e0 la reprise du travail en tirant son lait.\" \/>\n<meta name=\"robots\" content=\"index, follow, max-snippet:-1, max-image-preview:large, max-video-preview:-1\" \/>\n<link rel=\"canonical\" href=\"https:\/\/www.lactissima.com\/a-tire-d-ailes\/allaiter-et-travailler-le-temoignage-de-justine\/\" \/>\n<meta property=\"og:locale\" content=\"fr_FR\" \/>\n<meta property=\"og:type\" content=\"article\" \/>\n<meta property=\"og:title\" content=\"allaiter et travailler\" \/>\n<meta property=\"og:description\" content=\"Justine ne voulait pas allaiter. Finalement, non seulement elle a commenc\u00e9 \u00e0 allaiter mais elle a poursuivi \u00e0 la reprise du travail en tirant son lait.\" \/>\n<meta property=\"og:url\" content=\"https:\/\/www.lactissima.com\/a-tire-d-ailes\/allaiter-et-travailler-le-temoignage-de-justine\/\" \/>\n<meta property=\"og:site_name\" content=\"A tire d&#039;Ailes\" \/>\n<meta property=\"article:publisher\" content=\"https:\/\/www.facebook.com\/consultante.en.lactation\" \/>\n<meta property=\"article:author\" content=\"www.facebook.com\/consultante.en.lactation\" \/>\n<meta property=\"article:published_time\" content=\"2016-05-14T07:24:31+00:00\" \/>\n<meta property=\"og:image\" content=\"https:\/\/www.lactissima.com\/a-tire-d-ailes\/wp-content\/uploads\/2016\/05\/justine.jpg\" \/>\n\t<meta property=\"og:image:width\" content=\"346\" \/>\n\t<meta property=\"og:image:height\" content=\"346\" \/>\n\t<meta property=\"og:image:type\" content=\"image\/jpeg\" \/>\n<meta name=\"author\" content=\"V\u00e9ronique Darmangeat\" \/>\n<meta name=\"twitter:card\" content=\"summary_large_image\" \/>\n<meta name=\"twitter:creator\" content=\"@VeroniqueIBCLC\" \/>\n<meta name=\"twitter:site\" content=\"@VeroniqueIBCLC\" \/>\n<meta name=\"twitter:label1\" content=\"\u00c9crit par\" \/>\n\t<meta name=\"twitter:data1\" content=\"V\u00e9ronique Darmangeat\" \/>\n\t<meta name=\"twitter:label2\" content=\"Dur\u00e9e de lecture estim\u00e9e\" \/>\n\t<meta name=\"twitter:data2\" content=\"9 minutes\" \/>\n<script type=\"application\/ld+json\" class=\"yoast-schema-graph\">{\"@context\":\"https:\\\/\\\/schema.org\",\"@graph\":[{\"@type\":\"Article\",\"@id\":\"https:\\\/\\\/www.lactissima.com\\\/a-tire-d-ailes\\\/allaiter-et-travailler-le-temoignage-de-justine\\\/#article\",\"isPartOf\":{\"@id\":\"https:\\\/\\\/www.lactissima.com\\\/a-tire-d-ailes\\\/allaiter-et-travailler-le-temoignage-de-justine\\\/\"},\"author\":{\"name\":\"V\u00e9ronique Darmangeat\",\"@id\":\"https:\\\/\\\/www.lactissima.com\\\/a-tire-d-ailes\\\/#\\\/schema\\\/person\\\/8f98d3a89530861bc1240e6d53d44eed\"},\"headline\":\"Allaiter et travailler : le t\u00e9moignage de Justine\",\"datePublished\":\"2016-05-14T07:24:31+00:00\",\"mainEntityOfPage\":{\"@id\":\"https:\\\/\\\/www.lactissima.com\\\/a-tire-d-ailes\\\/allaiter-et-travailler-le-temoignage-de-justine\\\/\"},\"wordCount\":1935,\"commentCount\":13,\"image\":{\"@id\":\"https:\\\/\\\/www.lactissima.com\\\/a-tire-d-ailes\\\/allaiter-et-travailler-le-temoignage-de-justine\\\/#primaryimage\"},\"thumbnailUrl\":\"https:\\\/\\\/www.lactissima.com\\\/a-tire-d-ailes\\\/wp-content\\\/uploads\\\/2016\\\/05\\\/justine.jpg\",\"keywords\":[\"f\u00e9minisme\"],\"articleSection\":[\"t\u00e9moignages\"],\"inLanguage\":\"fr-FR\",\"potentialAction\":[{\"@type\":\"CommentAction\",\"name\":\"Comment\",\"target\":[\"https:\\\/\\\/www.lactissima.com\\\/a-tire-d-ailes\\\/allaiter-et-travailler-le-temoignage-de-justine\\\/#respond\"]}]},{\"@type\":\"WebPage\",\"@id\":\"https:\\\/\\\/www.lactissima.com\\\/a-tire-d-ailes\\\/allaiter-et-travailler-le-temoignage-de-justine\\\/\",\"url\":\"https:\\\/\\\/www.lactissima.com\\\/a-tire-d-ailes\\\/allaiter-et-travailler-le-temoignage-de-justine\\\/\",\"name\":\"allaiter et travailler\",\"isPartOf\":{\"@id\":\"https:\\\/\\\/www.lactissima.com\\\/a-tire-d-ailes\\\/#website\"},\"primaryImageOfPage\":{\"@id\":\"https:\\\/\\\/www.lactissima.com\\\/a-tire-d-ailes\\\/allaiter-et-travailler-le-temoignage-de-justine\\\/#primaryimage\"},\"image\":{\"@id\":\"https:\\\/\\\/www.lactissima.com\\\/a-tire-d-ailes\\\/allaiter-et-travailler-le-temoignage-de-justine\\\/#primaryimage\"},\"thumbnailUrl\":\"https:\\\/\\\/www.lactissima.com\\\/a-tire-d-ailes\\\/wp-content\\\/uploads\\\/2016\\\/05\\\/justine.jpg\",\"datePublished\":\"2016-05-14T07:24:31+00:00\",\"author\":{\"@id\":\"https:\\\/\\\/www.lactissima.com\\\/a-tire-d-ailes\\\/#\\\/schema\\\/person\\\/8f98d3a89530861bc1240e6d53d44eed\"},\"description\":\"Justine ne voulait pas allaiter. Finalement, non seulement elle a commenc\u00e9 \u00e0 allaiter mais elle a poursuivi \u00e0 la reprise du travail en tirant son lait.\",\"breadcrumb\":{\"@id\":\"https:\\\/\\\/www.lactissima.com\\\/a-tire-d-ailes\\\/allaiter-et-travailler-le-temoignage-de-justine\\\/#breadcrumb\"},\"inLanguage\":\"fr-FR\",\"potentialAction\":[{\"@type\":\"ReadAction\",\"target\":[\"https:\\\/\\\/www.lactissima.com\\\/a-tire-d-ailes\\\/allaiter-et-travailler-le-temoignage-de-justine\\\/\"]}]},{\"@type\":\"ImageObject\",\"inLanguage\":\"fr-FR\",\"@id\":\"https:\\\/\\\/www.lactissima.com\\\/a-tire-d-ailes\\\/allaiter-et-travailler-le-temoignage-de-justine\\\/#primaryimage\",\"url\":\"https:\\\/\\\/www.lactissima.com\\\/a-tire-d-ailes\\\/wp-content\\\/uploads\\\/2016\\\/05\\\/justine.jpg\",\"contentUrl\":\"https:\\\/\\\/www.lactissima.com\\\/a-tire-d-ailes\\\/wp-content\\\/uploads\\\/2016\\\/05\\\/justine.jpg\",\"width\":346,\"height\":346},{\"@type\":\"BreadcrumbList\",\"@id\":\"https:\\\/\\\/www.lactissima.com\\\/a-tire-d-ailes\\\/allaiter-et-travailler-le-temoignage-de-justine\\\/#breadcrumb\",\"itemListElement\":[{\"@type\":\"ListItem\",\"position\":1,\"name\":\"Accueil\",\"item\":\"https:\\\/\\\/www.lactissima.com\\\/a-tire-d-ailes\\\/\"},{\"@type\":\"ListItem\",\"position\":2,\"name\":\"Allaiter et travailler : le t\u00e9moignage de Justine\"}]},{\"@type\":\"WebSite\",\"@id\":\"https:\\\/\\\/www.lactissima.com\\\/a-tire-d-ailes\\\/#website\",\"url\":\"https:\\\/\\\/www.lactissima.com\\\/a-tire-d-ailes\\\/\",\"name\":\"A tire d&#039;Ailes\",\"description\":\"Le blog des femmes qui allaitent et travaillent.\",\"potentialAction\":[{\"@type\":\"SearchAction\",\"target\":{\"@type\":\"EntryPoint\",\"urlTemplate\":\"https:\\\/\\\/www.lactissima.com\\\/a-tire-d-ailes\\\/?s={search_term_string}\"},\"query-input\":{\"@type\":\"PropertyValueSpecification\",\"valueRequired\":true,\"valueName\":\"search_term_string\"}}],\"inLanguage\":\"fr-FR\"},{\"@type\":\"Person\",\"@id\":\"https:\\\/\\\/www.lactissima.com\\\/a-tire-d-ailes\\\/#\\\/schema\\\/person\\\/8f98d3a89530861bc1240e6d53d44eed\",\"name\":\"V\u00e9ronique Darmangeat\",\"image\":{\"@type\":\"ImageObject\",\"inLanguage\":\"fr-FR\",\"@id\":\"https:\\\/\\\/secure.gravatar.com\\\/avatar\\\/268c99344c89cebfe4f5df5fa8be43068a18884fc76a29f3206fae98465b9cab?s=96&d=identicon&r=g\",\"url\":\"https:\\\/\\\/secure.gravatar.com\\\/avatar\\\/268c99344c89cebfe4f5df5fa8be43068a18884fc76a29f3206fae98465b9cab?s=96&d=identicon&r=g\",\"contentUrl\":\"https:\\\/\\\/secure.gravatar.com\\\/avatar\\\/268c99344c89cebfe4f5df5fa8be43068a18884fc76a29f3206fae98465b9cab?s=96&d=identicon&r=g\",\"caption\":\"V\u00e9ronique Darmangeat\"},\"sameAs\":[\"https:\\\/\\\/www.lactissima.com\\\/a-tire-d-ailes\",\"www.facebook.com\\\/consultante.en.lactation\"]}]}<\/script>\n<!-- \/ Yoast SEO plugin. -->","yoast_head_json":{"title":"allaiter et travailler","description":"Justine ne voulait pas allaiter. Finalement, non seulement elle a commenc\u00e9 \u00e0 allaiter mais elle a poursuivi \u00e0 la reprise du travail en tirant son lait.","robots":{"index":"index","follow":"follow","max-snippet":"max-snippet:-1","max-image-preview":"max-image-preview:large","max-video-preview":"max-video-preview:-1"},"canonical":"https:\/\/www.lactissima.com\/a-tire-d-ailes\/allaiter-et-travailler-le-temoignage-de-justine\/","og_locale":"fr_FR","og_type":"article","og_title":"allaiter et travailler","og_description":"Justine ne voulait pas allaiter. Finalement, non seulement elle a commenc\u00e9 \u00e0 allaiter mais elle a poursuivi \u00e0 la reprise du travail en tirant son lait.","og_url":"https:\/\/www.lactissima.com\/a-tire-d-ailes\/allaiter-et-travailler-le-temoignage-de-justine\/","og_site_name":"A tire d&#039;Ailes","article_publisher":"https:\/\/www.facebook.com\/consultante.en.lactation","article_author":"www.facebook.com\/consultante.en.lactation","article_published_time":"2016-05-14T07:24:31+00:00","og_image":[{"width":346,"height":346,"url":"https:\/\/www.lactissima.com\/a-tire-d-ailes\/wp-content\/uploads\/2016\/05\/justine.jpg","type":"image\/jpeg"}],"author":"V\u00e9ronique Darmangeat","twitter_card":"summary_large_image","twitter_creator":"@VeroniqueIBCLC","twitter_site":"@VeroniqueIBCLC","twitter_misc":{"\u00c9crit par":"V\u00e9ronique Darmangeat","Dur\u00e9e de lecture estim\u00e9e":"9 minutes"},"schema":{"@context":"https:\/\/schema.org","@graph":[{"@type":"Article","@id":"https:\/\/www.lactissima.com\/a-tire-d-ailes\/allaiter-et-travailler-le-temoignage-de-justine\/#article","isPartOf":{"@id":"https:\/\/www.lactissima.com\/a-tire-d-ailes\/allaiter-et-travailler-le-temoignage-de-justine\/"},"author":{"name":"V\u00e9ronique Darmangeat","@id":"https:\/\/www.lactissima.com\/a-tire-d-ailes\/#\/schema\/person\/8f98d3a89530861bc1240e6d53d44eed"},"headline":"Allaiter et travailler : le t\u00e9moignage de Justine","datePublished":"2016-05-14T07:24:31+00:00","mainEntityOfPage":{"@id":"https:\/\/www.lactissima.com\/a-tire-d-ailes\/allaiter-et-travailler-le-temoignage-de-justine\/"},"wordCount":1935,"commentCount":13,"image":{"@id":"https:\/\/www.lactissima.com\/a-tire-d-ailes\/allaiter-et-travailler-le-temoignage-de-justine\/#primaryimage"},"thumbnailUrl":"https:\/\/www.lactissima.com\/a-tire-d-ailes\/wp-content\/uploads\/2016\/05\/justine.jpg","keywords":["f\u00e9minisme"],"articleSection":["t\u00e9moignages"],"inLanguage":"fr-FR","potentialAction":[{"@type":"CommentAction","name":"Comment","target":["https:\/\/www.lactissima.com\/a-tire-d-ailes\/allaiter-et-travailler-le-temoignage-de-justine\/#respond"]}]},{"@type":"WebPage","@id":"https:\/\/www.lactissima.com\/a-tire-d-ailes\/allaiter-et-travailler-le-temoignage-de-justine\/","url":"https:\/\/www.lactissima.com\/a-tire-d-ailes\/allaiter-et-travailler-le-temoignage-de-justine\/","name":"allaiter et travailler","isPartOf":{"@id":"https:\/\/www.lactissima.com\/a-tire-d-ailes\/#website"},"primaryImageOfPage":{"@id":"https:\/\/www.lactissima.com\/a-tire-d-ailes\/allaiter-et-travailler-le-temoignage-de-justine\/#primaryimage"},"image":{"@id":"https:\/\/www.lactissima.com\/a-tire-d-ailes\/allaiter-et-travailler-le-temoignage-de-justine\/#primaryimage"},"thumbnailUrl":"https:\/\/www.lactissima.com\/a-tire-d-ailes\/wp-content\/uploads\/2016\/05\/justine.jpg","datePublished":"2016-05-14T07:24:31+00:00","author":{"@id":"https:\/\/www.lactissima.com\/a-tire-d-ailes\/#\/schema\/person\/8f98d3a89530861bc1240e6d53d44eed"},"description":"Justine ne voulait pas allaiter. Finalement, non seulement elle a commenc\u00e9 \u00e0 allaiter mais elle a poursuivi \u00e0 la reprise du travail en tirant son lait.","breadcrumb":{"@id":"https:\/\/www.lactissima.com\/a-tire-d-ailes\/allaiter-et-travailler-le-temoignage-de-justine\/#breadcrumb"},"inLanguage":"fr-FR","potentialAction":[{"@type":"ReadAction","target":["https:\/\/www.lactissima.com\/a-tire-d-ailes\/allaiter-et-travailler-le-temoignage-de-justine\/"]}]},{"@type":"ImageObject","inLanguage":"fr-FR","@id":"https:\/\/www.lactissima.com\/a-tire-d-ailes\/allaiter-et-travailler-le-temoignage-de-justine\/#primaryimage","url":"https:\/\/www.lactissima.com\/a-tire-d-ailes\/wp-content\/uploads\/2016\/05\/justine.jpg","contentUrl":"https:\/\/www.lactissima.com\/a-tire-d-ailes\/wp-content\/uploads\/2016\/05\/justine.jpg","width":346,"height":346},{"@type":"BreadcrumbList","@id":"https:\/\/www.lactissima.com\/a-tire-d-ailes\/allaiter-et-travailler-le-temoignage-de-justine\/#breadcrumb","itemListElement":[{"@type":"ListItem","position":1,"name":"Accueil","item":"https:\/\/www.lactissima.com\/a-tire-d-ailes\/"},{"@type":"ListItem","position":2,"name":"Allaiter et travailler : le t\u00e9moignage de Justine"}]},{"@type":"WebSite","@id":"https:\/\/www.lactissima.com\/a-tire-d-ailes\/#website","url":"https:\/\/www.lactissima.com\/a-tire-d-ailes\/","name":"A tire d&#039;Ailes","description":"Le blog des femmes qui allaitent et travaillent.","potentialAction":[{"@type":"SearchAction","target":{"@type":"EntryPoint","urlTemplate":"https:\/\/www.lactissima.com\/a-tire-d-ailes\/?s={search_term_string}"},"query-input":{"@type":"PropertyValueSpecification","valueRequired":true,"valueName":"search_term_string"}}],"inLanguage":"fr-FR"},{"@type":"Person","@id":"https:\/\/www.lactissima.com\/a-tire-d-ailes\/#\/schema\/person\/8f98d3a89530861bc1240e6d53d44eed","name":"V\u00e9ronique Darmangeat","image":{"@type":"ImageObject","inLanguage":"fr-FR","@id":"https:\/\/secure.gravatar.com\/avatar\/268c99344c89cebfe4f5df5fa8be43068a18884fc76a29f3206fae98465b9cab?s=96&d=identicon&r=g","url":"https:\/\/secure.gravatar.com\/avatar\/268c99344c89cebfe4f5df5fa8be43068a18884fc76a29f3206fae98465b9cab?s=96&d=identicon&r=g","contentUrl":"https:\/\/secure.gravatar.com\/avatar\/268c99344c89cebfe4f5df5fa8be43068a18884fc76a29f3206fae98465b9cab?s=96&d=identicon&r=g","caption":"V\u00e9ronique Darmangeat"},"sameAs":["https:\/\/www.lactissima.com\/a-tire-d-ailes","www.facebook.com\/consultante.en.lactation"]}]}},"_links":{"self":[{"href":"https:\/\/www.lactissima.com\/a-tire-d-ailes\/wp-json\/wp\/v2\/posts\/6685","targetHints":{"allow":["GET"]}}],"collection":[{"href":"https:\/\/www.lactissima.com\/a-tire-d-ailes\/wp-json\/wp\/v2\/posts"}],"about":[{"href":"https:\/\/www.lactissima.com\/a-tire-d-ailes\/wp-json\/wp\/v2\/types\/post"}],"author":[{"embeddable":true,"href":"https:\/\/www.lactissima.com\/a-tire-d-ailes\/wp-json\/wp\/v2\/users\/170"}],"replies":[{"embeddable":true,"href":"https:\/\/www.lactissima.com\/a-tire-d-ailes\/wp-json\/wp\/v2\/comments?post=6685"}],"version-history":[{"count":2,"href":"https:\/\/www.lactissima.com\/a-tire-d-ailes\/wp-json\/wp\/v2\/posts\/6685\/revisions"}],"predecessor-version":[{"id":6688,"href":"https:\/\/www.lactissima.com\/a-tire-d-ailes\/wp-json\/wp\/v2\/posts\/6685\/revisions\/6688"}],"wp:featuredmedia":[{"embeddable":true,"href":"https:\/\/www.lactissima.com\/a-tire-d-ailes\/wp-json\/wp\/v2\/media\/6686"}],"wp:attachment":[{"href":"https:\/\/www.lactissima.com\/a-tire-d-ailes\/wp-json\/wp\/v2\/media?parent=6685"}],"wp:term":[{"taxonomy":"category","embeddable":true,"href":"https:\/\/www.lactissima.com\/a-tire-d-ailes\/wp-json\/wp\/v2\/categories?post=6685"},{"taxonomy":"post_tag","embeddable":true,"href":"https:\/\/www.lactissima.com\/a-tire-d-ailes\/wp-json\/wp\/v2\/tags?post=6685"}],"curies":[{"name":"wp","href":"https:\/\/api.w.org\/{rel}","templated":true}]}}