{"id":6650,"date":"2016-04-07T07:58:26","date_gmt":"2016-04-07T05:58:26","guid":{"rendered":"https:\/\/www.lactissima.com\/a-tire-d-ailes\/?p=6650"},"modified":"2016-04-07T07:58:26","modified_gmt":"2016-04-07T05:58:26","slug":"allaiter-travailler-temoignage-de-leslie-2","status":"publish","type":"post","link":"https:\/\/www.lactissima.com\/a-tire-d-ailes\/allaiter-travailler-temoignage-de-leslie-2\/","title":{"rendered":"Allaiter et travailler : le t\u00e9moignage de Leslie"},"content":{"rendered":"<ul>\n<li style=\"text-align: justify;\"><strong><img loading=\"lazy\" decoding=\"async\" class=\"alignright wp-image-4848 size-medium\" src=\"https:\/\/www.lactissima.com\/a-tire-d-ailes\/wp-content\/uploads\/2013\/10\/interview-300x231.jpg\" alt=\"allaitement et travail\" width=\"300\" height=\"231\" srcset=\"https:\/\/www.lactissima.com\/a-tire-d-ailes\/wp-content\/uploads\/2013\/10\/interview-300x231.jpg 300w, https:\/\/www.lactissima.com\/a-tire-d-ailes\/wp-content\/uploads\/2013\/10\/interview.jpg 400w\" sizes=\"(max-width: 300px) 100vw, 300px\" \/>Quel choix avez-vous fait au moment de la reprise du travail : sevrage ou poursuite de l&rsquo;allaitement ? Pourquoi ?<\/strong><\/li>\n<\/ul>\n<p style=\"text-align: justify;\">J&rsquo;ai choisi de poursuivre mon allaitement.<br \/>\nAu d\u00e9but de ma grossesse je n&rsquo;\u00e9tais pas sur d&rsquo;allaiter, puis au fur et \u00e0 mesure l&rsquo;id\u00e9e a pris forme.<br \/>\nApres des d\u00e9buts d &lsquo;allaitement difficiles, \u00e0 partir du moment o\u00f9 celui ci s&rsquo;est bien pass\u00e9, il m&rsquo;a sembl\u00e9 \u00e9vident que je souhaitais poursuivre l&rsquo;aventure.<br \/>\nD&rsquo;abord pour des raisons pratiques, j&rsquo;ai pris l habitude pendant mon cong\u00e9 maternit\u00e9 de trimbaler mon b\u00e9b\u00e9 partout. L&rsquo;allaitement c&rsquo;\u00e9tait la libert\u00e9 de me promener, de ne pas avoir d&rsquo;horaire, de ne pas d\u00e9pendre pour nourrir mon petit de la pr\u00e9sence d&rsquo;eau potable, d&rsquo;un chauffe biberon&#8230; J&rsquo;avais juste besoin d&rsquo;un si\u00e8ge et d&rsquo;un peu de temps.<br \/>\nJe ne me donne pas de dur\u00e9e, chaque jour est un jour de plus.<\/p>\n<ul style=\"text-align: justify;\">\n<li><strong>Comment vous \u00eates-vous organis\u00e9e ?<\/strong><\/li>\n<\/ul>\n<p style=\"text-align: justify;\">Je suis m\u00e9decin urgentiste, je travaille donc avec des horaires tr\u00e8s variables : journ\u00e9e de 10h, nuit de 14h, garde de 14 ou 24h, en semaine et les weekend.<br \/>\nJ&rsquo;ai repris le travail aux 3 mois de mon b\u00e9b\u00e9 et les nuits 10 jours plus tard. Le point positif \u00e0 ces horaires variables c&rsquo;est que j&rsquo;ai toujours dans la semaine des journ\u00e9es libres o\u00f9 je garde mon b\u00e9b\u00e9.<br \/>\nNous avons obtenu une place \u00e0 la cr\u00e8che familiale de mon h\u00f4pital, notre nounou a \u00e9t\u00e9 form\u00e9e \u00e0 l&rsquo;allaitement.<br \/>\nUne journ\u00e9e type : j allaite Joseph quand il se r\u00e9veille,puis le papa l&#8217;emm\u00e8ne ainsi que le lait tir\u00e9 la veille chez la nounou. Je pars travailler avec mon tire lait . Comme j&rsquo;ai deux sites de travail je suis contrainte d&#8217;emporter mon mat\u00e9riel chaque jour.<br \/>\nMoi je tire mon lait vers 10h30 et 14h dans mon bureau. J ai pr\u00e9venu mes coll\u00e8gues avec qui je partage le bureau, et j&rsquo;ai \u00e0 disposition des frigos pour stocker le lait recueilli.<br \/>\nSi je suis seulement de jour c&rsquo;est t\u00e9t\u00e9es \u00e0 la demande en rentrant \u00e0 la maison.<br \/>\nQuand je suis de garde je tire une nouvelle fois vers 17h puis 21-22h.<br \/>\nEnfin je mets mon r\u00e9veil \u00e0 7h pour un tirage le matin avant de rentrer \u00e0 la maison.Si la nuit a \u00e9t\u00e9 calme au travail je garde Joseph, sinon il va chez la nounou normalement.<br \/>\nLes jours o\u00f9 je ne travaille pas c&rsquo;est t\u00e9t\u00e9es \u00e0 la demande, et le petit bonhomme en profite bien.<br \/>\nJ avais un petit stock de lait congel\u00e9 que le papa a \u00e9coul\u00e9 pendant mes gardes, donc Joseph re\u00e7oit \u00e9galement parfois du lait artificiel si il n&rsquo;y a pas de lait frais.<\/p>\n<ul style=\"text-align: justify;\">\n<li><strong>Quelles ont \u00e9t\u00e9 vos principales difficult\u00e9s ?<\/strong><\/li>\n<\/ul>\n<p style=\"text-align: justify;\">\n<p style=\"text-align: justify;\">Il faut \u00eatre assez organis\u00e9e pour mener \u00e0 bien un allaitement en travaillant. Ce n&rsquo;est pas forc\u00e9ment mon fort&#8230;<br \/>\nJ&rsquo;ai oubli\u00e9 une fois mes t\u00e9terelles heureusement dans mon CHU il y a un service de n\u00e9onatalogie avec une salle pour tirer le lait et du mat\u00e9riel.<br \/>\nLorsque je travaille au Samu, je peux \u00eatre en d\u00e9placement \u00e0 tout moment. Je m&rsquo;arrange donc pour tirer mon lait d\u00e8s que j&rsquo;ai un moment de calme. Il me faut donc souvent choisir entre mon repas et mon tirage. Donc, en g\u00e9n\u00e9ral, je tire mon lait en grignotant un morceau.<br \/>\nJe peux facilement prendre 20 min pour tirer mais la phase de nettoyage est assez fastidieuse, j&rsquo;utilise donc la technique du mat\u00e9riel au frigo.<br \/>\nAu bout de quelques temps, j&rsquo;avais l&rsquo;impression d&rsquo;avoir les seins moins pleins dans la journ\u00e9e, il a donc fallu que je me contraigne \u00e0 aller tirer mon lait malgr\u00e9 l&rsquo;absence de sensation g\u00eanante.<\/p>\n<ul style=\"text-align: justify;\">\n<li style=\"text-align: justify;\"><strong>Quels ont \u00e9t\u00e9 vos meilleurs moments ?<\/strong><\/li>\n<\/ul>\n<p style=\"text-align: justify;\">Des moments dr\u00f4les :<br \/>\n&#8211; Premier jour au travail, je vais tirer mon lait chez une coll\u00e8gue car mon bureau est utilis\u00e9 par mon chef homme. Quelques minutes plus tard, un autre de mes coll\u00e8gues homme entre et me voit tirer&#8230;je pense qu&rsquo;il a \u00e9t\u00e9 le plus g\u00ean\u00e9 des deux.<br \/>\n&#8211; Quelques jours plus tard, j&rsquo;ai besoin de r\u00e9cup\u00e9rer mon mat\u00e9riel dans le frigo, malheureusement la pi\u00e8ce o\u00f9 il se trouve est pleine \u00e0 craquer pour une r\u00e9union&#8230;c&rsquo;est donc le chef du service voisin assis pr\u00e8s du frigo qui a fait passer mon mat\u00e9riel de main en main pour me le donner. et idem pour ranger mon lait au frigo 20 min plus tard. Je ne<br \/>\nsouhaitais pas forc\u00e9ment revendiquer mon allaitement, mais finalement les choses se sont faites simplement.<br \/>\nJe travaille dans un milieu masculin et je suis assez fi\u00e8re de montrer qu&rsquo;on peut \u00eatre urgentiste et maman allaitante.<\/p>\n<p style=\"text-align: justify;\">Autre fiert\u00e9 quand la nounou m&rsquo;a dit qu &lsquo;elle jetait la boite de lait artificiel ouverte depuis un mois alors qu&rsquo;elle n&rsquo;avait donn\u00e9 que trois biberons.<\/p>\n<p style=\"text-align: justify;\">Et moment de douceur un jour o\u00f9 mon petit \u00e9tait gard\u00e9 \u00e0 la cr\u00e8che de l&rsquo;h\u00f4pital o\u00f9 j&rsquo;ai pu aller le nourrir entre deux patients.<\/p>\n<ul style=\"text-align: justify;\">\n<li style=\"text-align: justify;\"><strong>Qu&rsquo;est-ce que vous souhaiteriez dire aux mamans qui doivent faire un choix dans les semaines \u00e0 venir ?<\/strong><\/li>\n<\/ul>\n<p style=\"text-align: justify;\">Il faut se faire confiance, s&rsquo;\u00e9couter et ne pas se mettre la pression.<br \/>\nLes solutions on les trouve au fur et \u00e0 mesure, s&rsquo;il faut compl\u00e9ter par un biberon de lait artificiel, il faut le faire sans culpabiliser, les b\u00e9b\u00e9s comprennent bien ce qu&rsquo;il se passe pour eux.<br \/>\nEt surtout ne pas chercher de m\u00e9thode, la bonne m\u00e9thode c &lsquo;est la sienne propre.<\/p>\n<ul style=\"text-align: justify;\">\n<li><strong>Ce serait \u00e0 refaire, vous referiez le m\u00eame choix ? Que changeriez-vous ?<\/strong><\/li>\n<\/ul>\n<p style=\"text-align: justify;\">M\u00eame choix !<br \/>\nPeut-\u00eatre que j &lsquo;essayerai de faire un peu plus de stock de lait.<br \/>\nEt probablement que pour le deuxi\u00e8me je poserai plus de cong\u00e9s avant la reprise.<\/p>\n<p style=\"text-align: justify;\">\n<p><strong>Articles en rapport :<\/strong><\/p>\n<ul>\n<li>Voir l&rsquo;onglet <a href=\"https:\/\/www.lactissima.com\/a-tire-d-ailes\/temoignages-travail-et-allaitement\/\" target=\"_blank\">t\u00e9moignages<\/a><\/li>\n<\/ul>\n<p>&nbsp;<\/p>\n<div class='et-box et-shadow'>\n\t\t\t\t\t<div class='et-box-content'>Lire des articles ou poser des questions en commentaire ne suffit pas \u00e0 r\u00e9soudre votre probl\u00e8me ?\nSavez-vous que vous pouvez prendre RDV pour une consultation avec moi ?\nN&rsquo;h\u00e9sitez pas \u00e0 me contacter !<\/div><\/div>\n<p style=\"text-align: justify;\">\n","protected":false},"excerpt":{"rendered":"<p>Quel choix avez-vous fait au moment de la reprise du travail : sevrage ou poursuite de l&rsquo;allaitement ? Pourquoi ? J&rsquo;ai choisi de poursuivre mon allaitement. Au d\u00e9but de ma grossesse je n&rsquo;\u00e9tais pas sur d&rsquo;allaiter, puis au fur et \u00e0 mesure l&rsquo;id\u00e9e a pris forme. Apres des d\u00e9buts d &lsquo;allaitement difficiles, \u00e0 partir du [&hellip;]<\/p>\n","protected":false},"author":170,"featured_media":4848,"comment_status":"open","ping_status":"open","sticky":false,"template":"","format":"standard","meta":{"_et_pb_use_builder":"","_et_pb_old_content":"","_et_gb_content_width":"","footnotes":""},"categories":[150],"tags":[],"class_list":["post-6650","post","type-post","status-publish","format-standard","has-post-thumbnail","hentry","category-temoignages"],"yoast_head":"<!-- This site is optimized with the Yoast SEO plugin v27.4 - https:\/\/yoast.com\/product\/yoast-seo-wordpress\/ -->\n<title>Allaiter et travailler : le t\u00e9moignage de Leslie<\/title>\n<meta name=\"description\" content=\"Leslie est m\u00e9decin urgentiste, ce qui ne l&#039;a pas emp\u00each\u00e9e de tirer son lait au travail et de poursuivre l&#039;allaitement de son b\u00e9b\u00e9.\" \/>\n<meta name=\"robots\" content=\"index, follow, max-snippet:-1, max-image-preview:large, max-video-preview:-1\" \/>\n<link rel=\"canonical\" href=\"https:\/\/www.lactissima.com\/a-tire-d-ailes\/allaiter-travailler-temoignage-de-leslie-2\/\" \/>\n<meta property=\"og:locale\" content=\"fr_FR\" \/>\n<meta property=\"og:type\" content=\"article\" \/>\n<meta property=\"og:title\" content=\"Allaiter et travailler : le t\u00e9moignage de Leslie\" \/>\n<meta property=\"og:description\" content=\"Leslie est m\u00e9decin urgentiste, ce qui ne l&#039;a pas emp\u00each\u00e9e de tirer son lait au travail et de poursuivre l&#039;allaitement de son b\u00e9b\u00e9.\" \/>\n<meta property=\"og:url\" content=\"https:\/\/www.lactissima.com\/a-tire-d-ailes\/allaiter-travailler-temoignage-de-leslie-2\/\" \/>\n<meta property=\"og:site_name\" content=\"A tire d&#039;Ailes\" \/>\n<meta property=\"article:publisher\" content=\"https:\/\/www.facebook.com\/consultante.en.lactation\" \/>\n<meta property=\"article:author\" content=\"www.facebook.com\/consultante.en.lactation\" \/>\n<meta property=\"article:published_time\" content=\"2016-04-07T05:58:26+00:00\" \/>\n<meta property=\"og:image\" content=\"https:\/\/www.lactissima.com\/a-tire-d-ailes\/wp-content\/uploads\/2013\/10\/interview.jpg\" \/>\n\t<meta property=\"og:image:width\" content=\"400\" \/>\n\t<meta property=\"og:image:height\" content=\"308\" \/>\n\t<meta property=\"og:image:type\" content=\"image\/jpeg\" \/>\n<meta name=\"author\" content=\"V\u00e9ronique Darmangeat\" \/>\n<meta name=\"twitter:card\" content=\"summary_large_image\" \/>\n<meta name=\"twitter:creator\" content=\"@VeroniqueIBCLC\" \/>\n<meta name=\"twitter:site\" content=\"@VeroniqueIBCLC\" \/>\n<meta name=\"twitter:label1\" content=\"\u00c9crit par\" \/>\n\t<meta name=\"twitter:data1\" content=\"V\u00e9ronique Darmangeat\" \/>\n\t<meta name=\"twitter:label2\" content=\"Dur\u00e9e de lecture estim\u00e9e\" \/>\n\t<meta name=\"twitter:data2\" content=\"5 minutes\" \/>\n<script type=\"application\/ld+json\" class=\"yoast-schema-graph\">{\"@context\":\"https:\\\/\\\/schema.org\",\"@graph\":[{\"@type\":\"Article\",\"@id\":\"https:\\\/\\\/www.lactissima.com\\\/a-tire-d-ailes\\\/allaiter-travailler-temoignage-de-leslie-2\\\/#article\",\"isPartOf\":{\"@id\":\"https:\\\/\\\/www.lactissima.com\\\/a-tire-d-ailes\\\/allaiter-travailler-temoignage-de-leslie-2\\\/\"},\"author\":{\"name\":\"V\u00e9ronique Darmangeat\",\"@id\":\"https:\\\/\\\/www.lactissima.com\\\/a-tire-d-ailes\\\/#\\\/schema\\\/person\\\/8f98d3a89530861bc1240e6d53d44eed\"},\"headline\":\"Allaiter et travailler : le t\u00e9moignage de Leslie\",\"datePublished\":\"2016-04-07T05:58:26+00:00\",\"mainEntityOfPage\":{\"@id\":\"https:\\\/\\\/www.lactissima.com\\\/a-tire-d-ailes\\\/allaiter-travailler-temoignage-de-leslie-2\\\/\"},\"wordCount\":1060,\"commentCount\":9,\"image\":{\"@id\":\"https:\\\/\\\/www.lactissima.com\\\/a-tire-d-ailes\\\/allaiter-travailler-temoignage-de-leslie-2\\\/#primaryimage\"},\"thumbnailUrl\":\"https:\\\/\\\/www.lactissima.com\\\/a-tire-d-ailes\\\/wp-content\\\/uploads\\\/2013\\\/10\\\/interview.jpg\",\"articleSection\":[\"t\u00e9moignages\"],\"inLanguage\":\"fr-FR\",\"potentialAction\":[{\"@type\":\"CommentAction\",\"name\":\"Comment\",\"target\":[\"https:\\\/\\\/www.lactissima.com\\\/a-tire-d-ailes\\\/allaiter-travailler-temoignage-de-leslie-2\\\/#respond\"]}]},{\"@type\":\"WebPage\",\"@id\":\"https:\\\/\\\/www.lactissima.com\\\/a-tire-d-ailes\\\/allaiter-travailler-temoignage-de-leslie-2\\\/\",\"url\":\"https:\\\/\\\/www.lactissima.com\\\/a-tire-d-ailes\\\/allaiter-travailler-temoignage-de-leslie-2\\\/\",\"name\":\"Allaiter et travailler : le t\u00e9moignage de Leslie\",\"isPartOf\":{\"@id\":\"https:\\\/\\\/www.lactissima.com\\\/a-tire-d-ailes\\\/#website\"},\"primaryImageOfPage\":{\"@id\":\"https:\\\/\\\/www.lactissima.com\\\/a-tire-d-ailes\\\/allaiter-travailler-temoignage-de-leslie-2\\\/#primaryimage\"},\"image\":{\"@id\":\"https:\\\/\\\/www.lactissima.com\\\/a-tire-d-ailes\\\/allaiter-travailler-temoignage-de-leslie-2\\\/#primaryimage\"},\"thumbnailUrl\":\"https:\\\/\\\/www.lactissima.com\\\/a-tire-d-ailes\\\/wp-content\\\/uploads\\\/2013\\\/10\\\/interview.jpg\",\"datePublished\":\"2016-04-07T05:58:26+00:00\",\"author\":{\"@id\":\"https:\\\/\\\/www.lactissima.com\\\/a-tire-d-ailes\\\/#\\\/schema\\\/person\\\/8f98d3a89530861bc1240e6d53d44eed\"},\"description\":\"Leslie est m\u00e9decin urgentiste, ce qui ne l'a pas emp\u00each\u00e9e de tirer son lait au travail et de poursuivre l'allaitement de son b\u00e9b\u00e9.\",\"breadcrumb\":{\"@id\":\"https:\\\/\\\/www.lactissima.com\\\/a-tire-d-ailes\\\/allaiter-travailler-temoignage-de-leslie-2\\\/#breadcrumb\"},\"inLanguage\":\"fr-FR\",\"potentialAction\":[{\"@type\":\"ReadAction\",\"target\":[\"https:\\\/\\\/www.lactissima.com\\\/a-tire-d-ailes\\\/allaiter-travailler-temoignage-de-leslie-2\\\/\"]}]},{\"@type\":\"ImageObject\",\"inLanguage\":\"fr-FR\",\"@id\":\"https:\\\/\\\/www.lactissima.com\\\/a-tire-d-ailes\\\/allaiter-travailler-temoignage-de-leslie-2\\\/#primaryimage\",\"url\":\"https:\\\/\\\/www.lactissima.com\\\/a-tire-d-ailes\\\/wp-content\\\/uploads\\\/2013\\\/10\\\/interview.jpg\",\"contentUrl\":\"https:\\\/\\\/www.lactissima.com\\\/a-tire-d-ailes\\\/wp-content\\\/uploads\\\/2013\\\/10\\\/interview.jpg\",\"width\":400,\"height\":308,\"caption\":\"allaitement et travail\"},{\"@type\":\"BreadcrumbList\",\"@id\":\"https:\\\/\\\/www.lactissima.com\\\/a-tire-d-ailes\\\/allaiter-travailler-temoignage-de-leslie-2\\\/#breadcrumb\",\"itemListElement\":[{\"@type\":\"ListItem\",\"position\":1,\"name\":\"Accueil\",\"item\":\"https:\\\/\\\/www.lactissima.com\\\/a-tire-d-ailes\\\/\"},{\"@type\":\"ListItem\",\"position\":2,\"name\":\"Allaiter et travailler : le t\u00e9moignage de Leslie\"}]},{\"@type\":\"WebSite\",\"@id\":\"https:\\\/\\\/www.lactissima.com\\\/a-tire-d-ailes\\\/#website\",\"url\":\"https:\\\/\\\/www.lactissima.com\\\/a-tire-d-ailes\\\/\",\"name\":\"A tire d&#039;Ailes\",\"description\":\"Le blog des femmes qui allaitent et travaillent.\",\"potentialAction\":[{\"@type\":\"SearchAction\",\"target\":{\"@type\":\"EntryPoint\",\"urlTemplate\":\"https:\\\/\\\/www.lactissima.com\\\/a-tire-d-ailes\\\/?s={search_term_string}\"},\"query-input\":{\"@type\":\"PropertyValueSpecification\",\"valueRequired\":true,\"valueName\":\"search_term_string\"}}],\"inLanguage\":\"fr-FR\"},{\"@type\":\"Person\",\"@id\":\"https:\\\/\\\/www.lactissima.com\\\/a-tire-d-ailes\\\/#\\\/schema\\\/person\\\/8f98d3a89530861bc1240e6d53d44eed\",\"name\":\"V\u00e9ronique Darmangeat\",\"image\":{\"@type\":\"ImageObject\",\"inLanguage\":\"fr-FR\",\"@id\":\"https:\\\/\\\/secure.gravatar.com\\\/avatar\\\/268c99344c89cebfe4f5df5fa8be43068a18884fc76a29f3206fae98465b9cab?s=96&d=identicon&r=g\",\"url\":\"https:\\\/\\\/secure.gravatar.com\\\/avatar\\\/268c99344c89cebfe4f5df5fa8be43068a18884fc76a29f3206fae98465b9cab?s=96&d=identicon&r=g\",\"contentUrl\":\"https:\\\/\\\/secure.gravatar.com\\\/avatar\\\/268c99344c89cebfe4f5df5fa8be43068a18884fc76a29f3206fae98465b9cab?s=96&d=identicon&r=g\",\"caption\":\"V\u00e9ronique Darmangeat\"},\"sameAs\":[\"https:\\\/\\\/www.lactissima.com\\\/a-tire-d-ailes\",\"www.facebook.com\\\/consultante.en.lactation\"]}]}<\/script>\n<!-- \/ Yoast SEO plugin. -->","yoast_head_json":{"title":"Allaiter et travailler : le t\u00e9moignage de Leslie","description":"Leslie est m\u00e9decin urgentiste, ce qui ne l'a pas emp\u00each\u00e9e de tirer son lait au travail et de poursuivre l'allaitement de son b\u00e9b\u00e9.","robots":{"index":"index","follow":"follow","max-snippet":"max-snippet:-1","max-image-preview":"max-image-preview:large","max-video-preview":"max-video-preview:-1"},"canonical":"https:\/\/www.lactissima.com\/a-tire-d-ailes\/allaiter-travailler-temoignage-de-leslie-2\/","og_locale":"fr_FR","og_type":"article","og_title":"Allaiter et travailler : le t\u00e9moignage de Leslie","og_description":"Leslie est m\u00e9decin urgentiste, ce qui ne l'a pas emp\u00each\u00e9e de tirer son lait au travail et de poursuivre l'allaitement de son b\u00e9b\u00e9.","og_url":"https:\/\/www.lactissima.com\/a-tire-d-ailes\/allaiter-travailler-temoignage-de-leslie-2\/","og_site_name":"A tire d&#039;Ailes","article_publisher":"https:\/\/www.facebook.com\/consultante.en.lactation","article_author":"www.facebook.com\/consultante.en.lactation","article_published_time":"2016-04-07T05:58:26+00:00","og_image":[{"width":400,"height":308,"url":"https:\/\/www.lactissima.com\/a-tire-d-ailes\/wp-content\/uploads\/2013\/10\/interview.jpg","type":"image\/jpeg"}],"author":"V\u00e9ronique Darmangeat","twitter_card":"summary_large_image","twitter_creator":"@VeroniqueIBCLC","twitter_site":"@VeroniqueIBCLC","twitter_misc":{"\u00c9crit par":"V\u00e9ronique Darmangeat","Dur\u00e9e de lecture estim\u00e9e":"5 minutes"},"schema":{"@context":"https:\/\/schema.org","@graph":[{"@type":"Article","@id":"https:\/\/www.lactissima.com\/a-tire-d-ailes\/allaiter-travailler-temoignage-de-leslie-2\/#article","isPartOf":{"@id":"https:\/\/www.lactissima.com\/a-tire-d-ailes\/allaiter-travailler-temoignage-de-leslie-2\/"},"author":{"name":"V\u00e9ronique Darmangeat","@id":"https:\/\/www.lactissima.com\/a-tire-d-ailes\/#\/schema\/person\/8f98d3a89530861bc1240e6d53d44eed"},"headline":"Allaiter et travailler : le t\u00e9moignage de Leslie","datePublished":"2016-04-07T05:58:26+00:00","mainEntityOfPage":{"@id":"https:\/\/www.lactissima.com\/a-tire-d-ailes\/allaiter-travailler-temoignage-de-leslie-2\/"},"wordCount":1060,"commentCount":9,"image":{"@id":"https:\/\/www.lactissima.com\/a-tire-d-ailes\/allaiter-travailler-temoignage-de-leslie-2\/#primaryimage"},"thumbnailUrl":"https:\/\/www.lactissima.com\/a-tire-d-ailes\/wp-content\/uploads\/2013\/10\/interview.jpg","articleSection":["t\u00e9moignages"],"inLanguage":"fr-FR","potentialAction":[{"@type":"CommentAction","name":"Comment","target":["https:\/\/www.lactissima.com\/a-tire-d-ailes\/allaiter-travailler-temoignage-de-leslie-2\/#respond"]}]},{"@type":"WebPage","@id":"https:\/\/www.lactissima.com\/a-tire-d-ailes\/allaiter-travailler-temoignage-de-leslie-2\/","url":"https:\/\/www.lactissima.com\/a-tire-d-ailes\/allaiter-travailler-temoignage-de-leslie-2\/","name":"Allaiter et travailler : le t\u00e9moignage de Leslie","isPartOf":{"@id":"https:\/\/www.lactissima.com\/a-tire-d-ailes\/#website"},"primaryImageOfPage":{"@id":"https:\/\/www.lactissima.com\/a-tire-d-ailes\/allaiter-travailler-temoignage-de-leslie-2\/#primaryimage"},"image":{"@id":"https:\/\/www.lactissima.com\/a-tire-d-ailes\/allaiter-travailler-temoignage-de-leslie-2\/#primaryimage"},"thumbnailUrl":"https:\/\/www.lactissima.com\/a-tire-d-ailes\/wp-content\/uploads\/2013\/10\/interview.jpg","datePublished":"2016-04-07T05:58:26+00:00","author":{"@id":"https:\/\/www.lactissima.com\/a-tire-d-ailes\/#\/schema\/person\/8f98d3a89530861bc1240e6d53d44eed"},"description":"Leslie est m\u00e9decin urgentiste, ce qui ne l'a pas emp\u00each\u00e9e de tirer son lait au travail et de poursuivre l'allaitement de son b\u00e9b\u00e9.","breadcrumb":{"@id":"https:\/\/www.lactissima.com\/a-tire-d-ailes\/allaiter-travailler-temoignage-de-leslie-2\/#breadcrumb"},"inLanguage":"fr-FR","potentialAction":[{"@type":"ReadAction","target":["https:\/\/www.lactissima.com\/a-tire-d-ailes\/allaiter-travailler-temoignage-de-leslie-2\/"]}]},{"@type":"ImageObject","inLanguage":"fr-FR","@id":"https:\/\/www.lactissima.com\/a-tire-d-ailes\/allaiter-travailler-temoignage-de-leslie-2\/#primaryimage","url":"https:\/\/www.lactissima.com\/a-tire-d-ailes\/wp-content\/uploads\/2013\/10\/interview.jpg","contentUrl":"https:\/\/www.lactissima.com\/a-tire-d-ailes\/wp-content\/uploads\/2013\/10\/interview.jpg","width":400,"height":308,"caption":"allaitement et travail"},{"@type":"BreadcrumbList","@id":"https:\/\/www.lactissima.com\/a-tire-d-ailes\/allaiter-travailler-temoignage-de-leslie-2\/#breadcrumb","itemListElement":[{"@type":"ListItem","position":1,"name":"Accueil","item":"https:\/\/www.lactissima.com\/a-tire-d-ailes\/"},{"@type":"ListItem","position":2,"name":"Allaiter et travailler : le t\u00e9moignage de Leslie"}]},{"@type":"WebSite","@id":"https:\/\/www.lactissima.com\/a-tire-d-ailes\/#website","url":"https:\/\/www.lactissima.com\/a-tire-d-ailes\/","name":"A tire d&#039;Ailes","description":"Le blog des femmes qui allaitent et travaillent.","potentialAction":[{"@type":"SearchAction","target":{"@type":"EntryPoint","urlTemplate":"https:\/\/www.lactissima.com\/a-tire-d-ailes\/?s={search_term_string}"},"query-input":{"@type":"PropertyValueSpecification","valueRequired":true,"valueName":"search_term_string"}}],"inLanguage":"fr-FR"},{"@type":"Person","@id":"https:\/\/www.lactissima.com\/a-tire-d-ailes\/#\/schema\/person\/8f98d3a89530861bc1240e6d53d44eed","name":"V\u00e9ronique Darmangeat","image":{"@type":"ImageObject","inLanguage":"fr-FR","@id":"https:\/\/secure.gravatar.com\/avatar\/268c99344c89cebfe4f5df5fa8be43068a18884fc76a29f3206fae98465b9cab?s=96&d=identicon&r=g","url":"https:\/\/secure.gravatar.com\/avatar\/268c99344c89cebfe4f5df5fa8be43068a18884fc76a29f3206fae98465b9cab?s=96&d=identicon&r=g","contentUrl":"https:\/\/secure.gravatar.com\/avatar\/268c99344c89cebfe4f5df5fa8be43068a18884fc76a29f3206fae98465b9cab?s=96&d=identicon&r=g","caption":"V\u00e9ronique Darmangeat"},"sameAs":["https:\/\/www.lactissima.com\/a-tire-d-ailes","www.facebook.com\/consultante.en.lactation"]}]}},"_links":{"self":[{"href":"https:\/\/www.lactissima.com\/a-tire-d-ailes\/wp-json\/wp\/v2\/posts\/6650","targetHints":{"allow":["GET"]}}],"collection":[{"href":"https:\/\/www.lactissima.com\/a-tire-d-ailes\/wp-json\/wp\/v2\/posts"}],"about":[{"href":"https:\/\/www.lactissima.com\/a-tire-d-ailes\/wp-json\/wp\/v2\/types\/post"}],"author":[{"embeddable":true,"href":"https:\/\/www.lactissima.com\/a-tire-d-ailes\/wp-json\/wp\/v2\/users\/170"}],"replies":[{"embeddable":true,"href":"https:\/\/www.lactissima.com\/a-tire-d-ailes\/wp-json\/wp\/v2\/comments?post=6650"}],"version-history":[{"count":3,"href":"https:\/\/www.lactissima.com\/a-tire-d-ailes\/wp-json\/wp\/v2\/posts\/6650\/revisions"}],"predecessor-version":[{"id":6653,"href":"https:\/\/www.lactissima.com\/a-tire-d-ailes\/wp-json\/wp\/v2\/posts\/6650\/revisions\/6653"}],"wp:featuredmedia":[{"embeddable":true,"href":"https:\/\/www.lactissima.com\/a-tire-d-ailes\/wp-json\/wp\/v2\/media\/4848"}],"wp:attachment":[{"href":"https:\/\/www.lactissima.com\/a-tire-d-ailes\/wp-json\/wp\/v2\/media?parent=6650"}],"wp:term":[{"taxonomy":"category","embeddable":true,"href":"https:\/\/www.lactissima.com\/a-tire-d-ailes\/wp-json\/wp\/v2\/categories?post=6650"},{"taxonomy":"post_tag","embeddable":true,"href":"https:\/\/www.lactissima.com\/a-tire-d-ailes\/wp-json\/wp\/v2\/tags?post=6650"}],"curies":[{"name":"wp","href":"https:\/\/api.w.org\/{rel}","templated":true}]}}