{"id":6642,"date":"2016-03-30T18:05:18","date_gmt":"2016-03-30T16:05:18","guid":{"rendered":"https:\/\/www.lactissima.com\/a-tire-d-ailes\/?p=6642"},"modified":"2016-03-30T18:09:00","modified_gmt":"2016-03-30T16:09:00","slug":"suisse-temoignage-de-stephanie","status":"publish","type":"post","link":"https:\/\/www.lactissima.com\/a-tire-d-ailes\/suisse-temoignage-de-stephanie\/","title":{"rendered":"Suisse : le t\u00e9moignage de St\u00e9phanie"},"content":{"rendered":"<ul>\n<li style=\"text-align: justify;\"><strong><img loading=\"lazy\" decoding=\"async\" class=\"alignright wp-image-6643 size-full\" src=\"https:\/\/www.lactissima.com\/a-tire-d-ailes\/wp-content\/uploads\/2016\/03\/st\u00e9phanie2.jpg\" alt=\"allaitement Suisse\" width=\"240\" height=\"360\" srcset=\"https:\/\/www.lactissima.com\/a-tire-d-ailes\/wp-content\/uploads\/2016\/03\/st\u00e9phanie2.jpg 240w, https:\/\/www.lactissima.com\/a-tire-d-ailes\/wp-content\/uploads\/2016\/03\/st\u00e9phanie2-200x300.jpg 200w\" sizes=\"(max-width: 240px) 100vw, 240px\" \/>Dans quel pays travaillez vous ? Connaissez vous la l\u00e9gislation locale en mati\u00e8re de cong\u00e9s maternit\u00e9, cong\u00e9s allaitement, pauses d&rsquo;allaitement ?<\/strong><\/li>\n<\/ul>\n<p style=\"text-align: justify;\">Je vis en Suisse et ai allait\u00e9 mes deux filles tout en travaillant.<br \/>\nD\u00e8s le d\u00e9part j&rsquo;ai \u00e9t\u00e9 inform\u00e9e du droit \u00e0 des pauses allaitement de 15 minutes par 1\/2 journ\u00e9e de travail.<br \/>\nEnfin, soit je choisissais d&rsquo;allaiter sur mon lieu de travail et ces 15 minutes \u00e9taient comprises dans mon temps de travail (r\u00e9mun\u00e9r\u00e9s et non compens\u00e9es) soit je choisissais de quitter mon poste et avait donc droit \u00e0 30 minutes, mais non comprises dans me temps de travail (non r\u00e9mun\u00e9r\u00e9es mais pas \u00e0 compenser non plus).<\/p>\n<ul style=\"text-align: justify;\">\n<li><strong>Quel choix avez-vous fait au moment de la reprise du travail : sevrage ou poursuite de l&rsquo;allaitement ? Pourquoi ?<\/strong><\/li>\n<\/ul>\n<p style=\"text-align: justify;\">J&rsquo;ai fait le choix de tirer mon lait sur lieu de travail, les 15 minutes me suffisaient pour cela. Par contre aucun local ni frigo n&rsquo;avaient \u00e9t\u00e9 mis \u00e0 disposition, ce qui a donn\u00e9 lieu \u00e0 des situations cocasses !<\/p>\n<ul style=\"text-align: justify;\">\n<li><strong>Comment vous \u00eates-vous organis\u00e9e ?<\/strong><\/li>\n<\/ul>\n<p style=\"text-align: justify;\">Travaillant en soins \u00e0 domicile, je ne compte plus le nombre de fois o\u00f9 j&rsquo;ai tir\u00e9 mon lait dans les wc d&rsquo;un caf\u00e9 ou dans ma voiture sur un parking ! Je le conservais ensuite dans une glaci\u00e8re branch\u00e9e \u00e0 l&rsquo;allume-cigare de la voiture.<br \/>\nA midi, j&rsquo;allais chez la nounou pour allaiter directement, enfin jusqu&rsquo;\u00e0 leurs 7-8 mois, ensuite ce n&rsquo;\u00e9tait plus n\u00e9cessaire. \u00c3\u2021a, ce sont mes plus beaux moments ! Cette coupure c\u00e2lin au milieu de la journ\u00e9e.<\/p>\n<ul style=\"text-align: justify;\">\n<li><strong>Quelles ont \u00e9t\u00e9 vos principales difficult\u00e9s ?<\/strong><\/li>\n<\/ul>\n<p style=\"text-align: justify;\">Mon plus mauvais moment ? Le jour o\u00f9 une \u00e9norme mont\u00e9e de lait tr\u00e8s douloureuse est arriv\u00e9e alors que je prenais soin d&rsquo;un patient en fin de vie&#8230; Je me suis retrouv\u00e9e tremp\u00e9e et incapable de lever un bras tellement le sein \u00e9tait engorg\u00e9&#8230;<\/p>\n<ul style=\"text-align: justify;\">\n<li><strong>Quels ont \u00e9t\u00e9 vos meilleurs moments ?<\/strong><\/li>\n<\/ul>\n<p style=\"text-align: justify;\">Le moment le plus dr\u00f4le&#8230; sans aucun doute quand un policier est venu voir ce qui se passait dans ce v\u00e9hicule \u00e9trangement parqu\u00e9, cach\u00e9 sur un parking de supermarch\u00e9 ! A mon avis j&rsquo;avais \u00e9t\u00e9 \u00ab\u00a0d\u00e9nonc\u00e9e\u00a0\u00bb par une personne inqui\u00e8te de voir ma voiture se garer chaque jour \u00e0 la m\u00eame heure au m\u00eame endroit sans personne qui en sorte. Mais la t\u00eate du policier&#8230; j&rsquo;en ris encore !<\/p>\n<ul style=\"text-align: justify;\">\n<li><strong>Ce serait \u00e0 refaire, vous referiez le m\u00eame choix ? Que changeriez-vous ?<\/strong><\/li>\n<\/ul>\n<p style=\"text-align: justify;\">Ce n&rsquo;\u00e9tait pas id\u00e9al mais pas si affreux non plus puisque j&rsquo;ai allait\u00e9 mon a\u00een\u00e9e de cette mani\u00e8re jusque ses 15 mois et ma seconde jusque 10 mois (sevrage forc\u00e9 par la prise d&rsquo;un m\u00e9dicament incompatible).<br \/>\nSi c&rsquo;\u00e9tait \u00e0 recommencer je n&rsquo;h\u00e9siterais pas une seule seconde !<\/p>\n<p><strong>Articles en rapport :<\/strong><\/p>\n<ul>\n<li>Voir l&rsquo;onglet <a href=\"https:\/\/www.lactissima.com\/a-tire-d-ailes\/temoignages-travail-et-allaitement\/\" target=\"_blank\">t\u00e9moignages<\/a><\/li>\n<\/ul>\n<div class='et-box et-shadow'>\n\t\t\t\t\t<div class='et-box-content'>Lire des articles ou poser des questions en commentaire ne suffit pas \u00e0 r\u00e9soudre votre probl\u00e8me ?\nSavez-vous que vous pouvez prendre RDV pour une consultation avec moi ?\nN&rsquo;h\u00e9sitez pas \u00e0 me contacter !<\/div><\/div>\n","protected":false},"excerpt":{"rendered":"<p>Dans quel pays travaillez vous ? Connaissez vous la l\u00e9gislation locale en mati\u00e8re de cong\u00e9s maternit\u00e9, cong\u00e9s allaitement, pauses d&rsquo;allaitement ? Je vis en Suisse et ai allait\u00e9 mes deux filles tout en travaillant. D\u00e8s le d\u00e9part j&rsquo;ai \u00e9t\u00e9 inform\u00e9e du droit \u00e0 des pauses allaitement de 15 minutes par 1\/2 journ\u00e9e de travail. Enfin, [&hellip;]<\/p>\n","protected":false},"author":170,"featured_media":6643,"comment_status":"open","ping_status":"open","sticky":false,"template":"","format":"standard","meta":{"_et_pb_use_builder":"","_et_pb_old_content":"","_et_gb_content_width":"","footnotes":""},"categories":[150],"tags":[705],"class_list":["post-6642","post","type-post","status-publish","format-standard","has-post-thumbnail","hentry","category-temoignages","tag-allaitement-suisse"],"yoast_head":"<!-- This site is optimized with the Yoast SEO plugin v27.4 - https:\/\/yoast.com\/product\/yoast-seo-wordpress\/ -->\n<title>Suisse : le t\u00e9moignage de St\u00e9phanie<\/title>\n<meta name=\"description\" content=\"St\u00e9phanie a fait le choix de tirer son lait dans son entreprise en Suisse. Elle a du faire face \u00e0 des situations cocasses, dr\u00f4les ou stressantes...\" \/>\n<meta name=\"robots\" content=\"index, follow, max-snippet:-1, max-image-preview:large, max-video-preview:-1\" \/>\n<link rel=\"canonical\" href=\"https:\/\/www.lactissima.com\/a-tire-d-ailes\/suisse-temoignage-de-stephanie\/\" \/>\n<meta property=\"og:locale\" content=\"fr_FR\" \/>\n<meta property=\"og:type\" content=\"article\" \/>\n<meta property=\"og:title\" content=\"Suisse : le t\u00e9moignage de St\u00e9phanie\" \/>\n<meta property=\"og:description\" content=\"St\u00e9phanie a fait le choix de tirer son lait dans son entreprise en Suisse. Elle a du faire face \u00e0 des situations cocasses, dr\u00f4les ou stressantes...\" \/>\n<meta property=\"og:url\" content=\"https:\/\/www.lactissima.com\/a-tire-d-ailes\/suisse-temoignage-de-stephanie\/\" \/>\n<meta property=\"og:site_name\" content=\"A tire d&#039;Ailes\" \/>\n<meta property=\"article:publisher\" content=\"https:\/\/www.facebook.com\/consultante.en.lactation\" \/>\n<meta property=\"article:author\" content=\"www.facebook.com\/consultante.en.lactation\" \/>\n<meta property=\"article:published_time\" content=\"2016-03-30T16:05:18+00:00\" \/>\n<meta property=\"article:modified_time\" content=\"2016-03-30T16:09:00+00:00\" \/>\n<meta property=\"og:image\" content=\"https:\/\/www.lactissima.com\/a-tire-d-ailes\/wp-content\/uploads\/2016\/03\/st\u00e9phanie2.jpg\" \/>\n\t<meta property=\"og:image:width\" content=\"240\" \/>\n\t<meta property=\"og:image:height\" content=\"360\" \/>\n\t<meta property=\"og:image:type\" content=\"image\/jpeg\" \/>\n<meta name=\"author\" content=\"V\u00e9ronique Darmangeat\" \/>\n<meta name=\"twitter:card\" content=\"summary_large_image\" \/>\n<meta name=\"twitter:creator\" content=\"@VeroniqueIBCLC\" \/>\n<meta name=\"twitter:site\" content=\"@VeroniqueIBCLC\" \/>\n<meta name=\"twitter:label1\" content=\"\u00c9crit par\" \/>\n\t<meta name=\"twitter:data1\" content=\"V\u00e9ronique Darmangeat\" \/>\n\t<meta name=\"twitter:label2\" content=\"Dur\u00e9e de lecture estim\u00e9e\" \/>\n\t<meta name=\"twitter:data2\" content=\"2 minutes\" \/>\n<script type=\"application\/ld+json\" class=\"yoast-schema-graph\">{\"@context\":\"https:\\\/\\\/schema.org\",\"@graph\":[{\"@type\":\"Article\",\"@id\":\"https:\\\/\\\/www.lactissima.com\\\/a-tire-d-ailes\\\/suisse-temoignage-de-stephanie\\\/#article\",\"isPartOf\":{\"@id\":\"https:\\\/\\\/www.lactissima.com\\\/a-tire-d-ailes\\\/suisse-temoignage-de-stephanie\\\/\"},\"author\":{\"name\":\"V\u00e9ronique Darmangeat\",\"@id\":\"https:\\\/\\\/www.lactissima.com\\\/a-tire-d-ailes\\\/#\\\/schema\\\/person\\\/8f98d3a89530861bc1240e6d53d44eed\"},\"headline\":\"Suisse : le t\u00e9moignage de St\u00e9phanie\",\"datePublished\":\"2016-03-30T16:05:18+00:00\",\"dateModified\":\"2016-03-30T16:09:00+00:00\",\"mainEntityOfPage\":{\"@id\":\"https:\\\/\\\/www.lactissima.com\\\/a-tire-d-ailes\\\/suisse-temoignage-de-stephanie\\\/\"},\"wordCount\":518,\"commentCount\":1,\"image\":{\"@id\":\"https:\\\/\\\/www.lactissima.com\\\/a-tire-d-ailes\\\/suisse-temoignage-de-stephanie\\\/#primaryimage\"},\"thumbnailUrl\":\"https:\\\/\\\/www.lactissima.com\\\/a-tire-d-ailes\\\/wp-content\\\/uploads\\\/2016\\\/03\\\/st\u00e9phanie2.jpg\",\"keywords\":[\"allaitement Suisse\"],\"articleSection\":[\"t\u00e9moignages\"],\"inLanguage\":\"fr-FR\",\"potentialAction\":[{\"@type\":\"CommentAction\",\"name\":\"Comment\",\"target\":[\"https:\\\/\\\/www.lactissima.com\\\/a-tire-d-ailes\\\/suisse-temoignage-de-stephanie\\\/#respond\"]}]},{\"@type\":\"WebPage\",\"@id\":\"https:\\\/\\\/www.lactissima.com\\\/a-tire-d-ailes\\\/suisse-temoignage-de-stephanie\\\/\",\"url\":\"https:\\\/\\\/www.lactissima.com\\\/a-tire-d-ailes\\\/suisse-temoignage-de-stephanie\\\/\",\"name\":\"Suisse : le t\u00e9moignage de St\u00e9phanie\",\"isPartOf\":{\"@id\":\"https:\\\/\\\/www.lactissima.com\\\/a-tire-d-ailes\\\/#website\"},\"primaryImageOfPage\":{\"@id\":\"https:\\\/\\\/www.lactissima.com\\\/a-tire-d-ailes\\\/suisse-temoignage-de-stephanie\\\/#primaryimage\"},\"image\":{\"@id\":\"https:\\\/\\\/www.lactissima.com\\\/a-tire-d-ailes\\\/suisse-temoignage-de-stephanie\\\/#primaryimage\"},\"thumbnailUrl\":\"https:\\\/\\\/www.lactissima.com\\\/a-tire-d-ailes\\\/wp-content\\\/uploads\\\/2016\\\/03\\\/st\u00e9phanie2.jpg\",\"datePublished\":\"2016-03-30T16:05:18+00:00\",\"dateModified\":\"2016-03-30T16:09:00+00:00\",\"author\":{\"@id\":\"https:\\\/\\\/www.lactissima.com\\\/a-tire-d-ailes\\\/#\\\/schema\\\/person\\\/8f98d3a89530861bc1240e6d53d44eed\"},\"description\":\"St\u00e9phanie a fait le choix de tirer son lait dans son entreprise en Suisse. Elle a du faire face \u00e0 des situations cocasses, dr\u00f4les ou stressantes...\",\"breadcrumb\":{\"@id\":\"https:\\\/\\\/www.lactissima.com\\\/a-tire-d-ailes\\\/suisse-temoignage-de-stephanie\\\/#breadcrumb\"},\"inLanguage\":\"fr-FR\",\"potentialAction\":[{\"@type\":\"ReadAction\",\"target\":[\"https:\\\/\\\/www.lactissima.com\\\/a-tire-d-ailes\\\/suisse-temoignage-de-stephanie\\\/\"]}]},{\"@type\":\"ImageObject\",\"inLanguage\":\"fr-FR\",\"@id\":\"https:\\\/\\\/www.lactissima.com\\\/a-tire-d-ailes\\\/suisse-temoignage-de-stephanie\\\/#primaryimage\",\"url\":\"https:\\\/\\\/www.lactissima.com\\\/a-tire-d-ailes\\\/wp-content\\\/uploads\\\/2016\\\/03\\\/st\u00e9phanie2.jpg\",\"contentUrl\":\"https:\\\/\\\/www.lactissima.com\\\/a-tire-d-ailes\\\/wp-content\\\/uploads\\\/2016\\\/03\\\/st\u00e9phanie2.jpg\",\"width\":240,\"height\":360,\"caption\":\"Suisse\"},{\"@type\":\"BreadcrumbList\",\"@id\":\"https:\\\/\\\/www.lactissima.com\\\/a-tire-d-ailes\\\/suisse-temoignage-de-stephanie\\\/#breadcrumb\",\"itemListElement\":[{\"@type\":\"ListItem\",\"position\":1,\"name\":\"Accueil\",\"item\":\"https:\\\/\\\/www.lactissima.com\\\/a-tire-d-ailes\\\/\"},{\"@type\":\"ListItem\",\"position\":2,\"name\":\"Suisse : le t\u00e9moignage de St\u00e9phanie\"}]},{\"@type\":\"WebSite\",\"@id\":\"https:\\\/\\\/www.lactissima.com\\\/a-tire-d-ailes\\\/#website\",\"url\":\"https:\\\/\\\/www.lactissima.com\\\/a-tire-d-ailes\\\/\",\"name\":\"A tire d&#039;Ailes\",\"description\":\"Le blog des femmes qui allaitent et travaillent.\",\"potentialAction\":[{\"@type\":\"SearchAction\",\"target\":{\"@type\":\"EntryPoint\",\"urlTemplate\":\"https:\\\/\\\/www.lactissima.com\\\/a-tire-d-ailes\\\/?s={search_term_string}\"},\"query-input\":{\"@type\":\"PropertyValueSpecification\",\"valueRequired\":true,\"valueName\":\"search_term_string\"}}],\"inLanguage\":\"fr-FR\"},{\"@type\":\"Person\",\"@id\":\"https:\\\/\\\/www.lactissima.com\\\/a-tire-d-ailes\\\/#\\\/schema\\\/person\\\/8f98d3a89530861bc1240e6d53d44eed\",\"name\":\"V\u00e9ronique Darmangeat\",\"image\":{\"@type\":\"ImageObject\",\"inLanguage\":\"fr-FR\",\"@id\":\"https:\\\/\\\/secure.gravatar.com\\\/avatar\\\/268c99344c89cebfe4f5df5fa8be43068a18884fc76a29f3206fae98465b9cab?s=96&d=identicon&r=g\",\"url\":\"https:\\\/\\\/secure.gravatar.com\\\/avatar\\\/268c99344c89cebfe4f5df5fa8be43068a18884fc76a29f3206fae98465b9cab?s=96&d=identicon&r=g\",\"contentUrl\":\"https:\\\/\\\/secure.gravatar.com\\\/avatar\\\/268c99344c89cebfe4f5df5fa8be43068a18884fc76a29f3206fae98465b9cab?s=96&d=identicon&r=g\",\"caption\":\"V\u00e9ronique Darmangeat\"},\"sameAs\":[\"https:\\\/\\\/www.lactissima.com\\\/a-tire-d-ailes\",\"www.facebook.com\\\/consultante.en.lactation\"]}]}<\/script>\n<!-- \/ Yoast SEO plugin. -->","yoast_head_json":{"title":"Suisse : le t\u00e9moignage de St\u00e9phanie","description":"St\u00e9phanie a fait le choix de tirer son lait dans son entreprise en Suisse. Elle a du faire face \u00e0 des situations cocasses, dr\u00f4les ou stressantes...","robots":{"index":"index","follow":"follow","max-snippet":"max-snippet:-1","max-image-preview":"max-image-preview:large","max-video-preview":"max-video-preview:-1"},"canonical":"https:\/\/www.lactissima.com\/a-tire-d-ailes\/suisse-temoignage-de-stephanie\/","og_locale":"fr_FR","og_type":"article","og_title":"Suisse : le t\u00e9moignage de St\u00e9phanie","og_description":"St\u00e9phanie a fait le choix de tirer son lait dans son entreprise en Suisse. Elle a du faire face \u00e0 des situations cocasses, dr\u00f4les ou stressantes...","og_url":"https:\/\/www.lactissima.com\/a-tire-d-ailes\/suisse-temoignage-de-stephanie\/","og_site_name":"A tire d&#039;Ailes","article_publisher":"https:\/\/www.facebook.com\/consultante.en.lactation","article_author":"www.facebook.com\/consultante.en.lactation","article_published_time":"2016-03-30T16:05:18+00:00","article_modified_time":"2016-03-30T16:09:00+00:00","og_image":[{"width":240,"height":360,"url":"https:\/\/www.lactissima.com\/a-tire-d-ailes\/wp-content\/uploads\/2016\/03\/st\u00e9phanie2.jpg","type":"image\/jpeg"}],"author":"V\u00e9ronique Darmangeat","twitter_card":"summary_large_image","twitter_creator":"@VeroniqueIBCLC","twitter_site":"@VeroniqueIBCLC","twitter_misc":{"\u00c9crit par":"V\u00e9ronique Darmangeat","Dur\u00e9e de lecture estim\u00e9e":"2 minutes"},"schema":{"@context":"https:\/\/schema.org","@graph":[{"@type":"Article","@id":"https:\/\/www.lactissima.com\/a-tire-d-ailes\/suisse-temoignage-de-stephanie\/#article","isPartOf":{"@id":"https:\/\/www.lactissima.com\/a-tire-d-ailes\/suisse-temoignage-de-stephanie\/"},"author":{"name":"V\u00e9ronique Darmangeat","@id":"https:\/\/www.lactissima.com\/a-tire-d-ailes\/#\/schema\/person\/8f98d3a89530861bc1240e6d53d44eed"},"headline":"Suisse : le t\u00e9moignage de St\u00e9phanie","datePublished":"2016-03-30T16:05:18+00:00","dateModified":"2016-03-30T16:09:00+00:00","mainEntityOfPage":{"@id":"https:\/\/www.lactissima.com\/a-tire-d-ailes\/suisse-temoignage-de-stephanie\/"},"wordCount":518,"commentCount":1,"image":{"@id":"https:\/\/www.lactissima.com\/a-tire-d-ailes\/suisse-temoignage-de-stephanie\/#primaryimage"},"thumbnailUrl":"https:\/\/www.lactissima.com\/a-tire-d-ailes\/wp-content\/uploads\/2016\/03\/st\u00e9phanie2.jpg","keywords":["allaitement Suisse"],"articleSection":["t\u00e9moignages"],"inLanguage":"fr-FR","potentialAction":[{"@type":"CommentAction","name":"Comment","target":["https:\/\/www.lactissima.com\/a-tire-d-ailes\/suisse-temoignage-de-stephanie\/#respond"]}]},{"@type":"WebPage","@id":"https:\/\/www.lactissima.com\/a-tire-d-ailes\/suisse-temoignage-de-stephanie\/","url":"https:\/\/www.lactissima.com\/a-tire-d-ailes\/suisse-temoignage-de-stephanie\/","name":"Suisse : le t\u00e9moignage de St\u00e9phanie","isPartOf":{"@id":"https:\/\/www.lactissima.com\/a-tire-d-ailes\/#website"},"primaryImageOfPage":{"@id":"https:\/\/www.lactissima.com\/a-tire-d-ailes\/suisse-temoignage-de-stephanie\/#primaryimage"},"image":{"@id":"https:\/\/www.lactissima.com\/a-tire-d-ailes\/suisse-temoignage-de-stephanie\/#primaryimage"},"thumbnailUrl":"https:\/\/www.lactissima.com\/a-tire-d-ailes\/wp-content\/uploads\/2016\/03\/st\u00e9phanie2.jpg","datePublished":"2016-03-30T16:05:18+00:00","dateModified":"2016-03-30T16:09:00+00:00","author":{"@id":"https:\/\/www.lactissima.com\/a-tire-d-ailes\/#\/schema\/person\/8f98d3a89530861bc1240e6d53d44eed"},"description":"St\u00e9phanie a fait le choix de tirer son lait dans son entreprise en Suisse. Elle a du faire face \u00e0 des situations cocasses, dr\u00f4les ou stressantes...","breadcrumb":{"@id":"https:\/\/www.lactissima.com\/a-tire-d-ailes\/suisse-temoignage-de-stephanie\/#breadcrumb"},"inLanguage":"fr-FR","potentialAction":[{"@type":"ReadAction","target":["https:\/\/www.lactissima.com\/a-tire-d-ailes\/suisse-temoignage-de-stephanie\/"]}]},{"@type":"ImageObject","inLanguage":"fr-FR","@id":"https:\/\/www.lactissima.com\/a-tire-d-ailes\/suisse-temoignage-de-stephanie\/#primaryimage","url":"https:\/\/www.lactissima.com\/a-tire-d-ailes\/wp-content\/uploads\/2016\/03\/st\u00e9phanie2.jpg","contentUrl":"https:\/\/www.lactissima.com\/a-tire-d-ailes\/wp-content\/uploads\/2016\/03\/st\u00e9phanie2.jpg","width":240,"height":360,"caption":"Suisse"},{"@type":"BreadcrumbList","@id":"https:\/\/www.lactissima.com\/a-tire-d-ailes\/suisse-temoignage-de-stephanie\/#breadcrumb","itemListElement":[{"@type":"ListItem","position":1,"name":"Accueil","item":"https:\/\/www.lactissima.com\/a-tire-d-ailes\/"},{"@type":"ListItem","position":2,"name":"Suisse : le t\u00e9moignage de St\u00e9phanie"}]},{"@type":"WebSite","@id":"https:\/\/www.lactissima.com\/a-tire-d-ailes\/#website","url":"https:\/\/www.lactissima.com\/a-tire-d-ailes\/","name":"A tire d&#039;Ailes","description":"Le blog des femmes qui allaitent et travaillent.","potentialAction":[{"@type":"SearchAction","target":{"@type":"EntryPoint","urlTemplate":"https:\/\/www.lactissima.com\/a-tire-d-ailes\/?s={search_term_string}"},"query-input":{"@type":"PropertyValueSpecification","valueRequired":true,"valueName":"search_term_string"}}],"inLanguage":"fr-FR"},{"@type":"Person","@id":"https:\/\/www.lactissima.com\/a-tire-d-ailes\/#\/schema\/person\/8f98d3a89530861bc1240e6d53d44eed","name":"V\u00e9ronique Darmangeat","image":{"@type":"ImageObject","inLanguage":"fr-FR","@id":"https:\/\/secure.gravatar.com\/avatar\/268c99344c89cebfe4f5df5fa8be43068a18884fc76a29f3206fae98465b9cab?s=96&d=identicon&r=g","url":"https:\/\/secure.gravatar.com\/avatar\/268c99344c89cebfe4f5df5fa8be43068a18884fc76a29f3206fae98465b9cab?s=96&d=identicon&r=g","contentUrl":"https:\/\/secure.gravatar.com\/avatar\/268c99344c89cebfe4f5df5fa8be43068a18884fc76a29f3206fae98465b9cab?s=96&d=identicon&r=g","caption":"V\u00e9ronique Darmangeat"},"sameAs":["https:\/\/www.lactissima.com\/a-tire-d-ailes","www.facebook.com\/consultante.en.lactation"]}]}},"_links":{"self":[{"href":"https:\/\/www.lactissima.com\/a-tire-d-ailes\/wp-json\/wp\/v2\/posts\/6642","targetHints":{"allow":["GET"]}}],"collection":[{"href":"https:\/\/www.lactissima.com\/a-tire-d-ailes\/wp-json\/wp\/v2\/posts"}],"about":[{"href":"https:\/\/www.lactissima.com\/a-tire-d-ailes\/wp-json\/wp\/v2\/types\/post"}],"author":[{"embeddable":true,"href":"https:\/\/www.lactissima.com\/a-tire-d-ailes\/wp-json\/wp\/v2\/users\/170"}],"replies":[{"embeddable":true,"href":"https:\/\/www.lactissima.com\/a-tire-d-ailes\/wp-json\/wp\/v2\/comments?post=6642"}],"version-history":[{"count":2,"href":"https:\/\/www.lactissima.com\/a-tire-d-ailes\/wp-json\/wp\/v2\/posts\/6642\/revisions"}],"predecessor-version":[{"id":6645,"href":"https:\/\/www.lactissima.com\/a-tire-d-ailes\/wp-json\/wp\/v2\/posts\/6642\/revisions\/6645"}],"wp:featuredmedia":[{"embeddable":true,"href":"https:\/\/www.lactissima.com\/a-tire-d-ailes\/wp-json\/wp\/v2\/media\/6643"}],"wp:attachment":[{"href":"https:\/\/www.lactissima.com\/a-tire-d-ailes\/wp-json\/wp\/v2\/media?parent=6642"}],"wp:term":[{"taxonomy":"category","embeddable":true,"href":"https:\/\/www.lactissima.com\/a-tire-d-ailes\/wp-json\/wp\/v2\/categories?post=6642"},{"taxonomy":"post_tag","embeddable":true,"href":"https:\/\/www.lactissima.com\/a-tire-d-ailes\/wp-json\/wp\/v2\/tags?post=6642"}],"curies":[{"name":"wp","href":"https:\/\/api.w.org\/{rel}","templated":true}]}}