{"id":6635,"date":"2016-03-24T08:27:43","date_gmt":"2016-03-24T07:27:43","guid":{"rendered":"https:\/\/www.lactissima.com\/a-tire-d-ailes\/?p=6635"},"modified":"2016-03-24T08:27:43","modified_gmt":"2016-03-24T07:27:43","slug":"l-allaitement-a-besoin-de-vous","status":"publish","type":"post","link":"https:\/\/www.lactissima.com\/a-tire-d-ailes\/l-allaitement-a-besoin-de-vous\/","title":{"rendered":"L&rsquo;allaitement a besoin de vous !"},"content":{"rendered":"<p style=\"text-align: justify;\">Beaucoup de femmes relatent ici ou ailleurs leurs <strong>difficult\u00e9s<\/strong> \u00e0 pouvoir conjuguer travail et allaitement car leur entreprise et leur mode de garde, non seulement ne les soutiennent pas, mais en plus leur mettent des b\u00e2tons dans les roues.<img loading=\"lazy\" decoding=\"async\" class=\"alignright size-full wp-image-6636\" src=\"https:\/\/www.lactissima.com\/a-tire-d-ailes\/wp-content\/uploads\/2016\/03\/tirer-le-lait2.jpg\" alt=\"tirer son lait\" width=\"385\" height=\"206\" srcset=\"https:\/\/www.lactissima.com\/a-tire-d-ailes\/wp-content\/uploads\/2016\/03\/tirer-le-lait2.jpg 385w, https:\/\/www.lactissima.com\/a-tire-d-ailes\/wp-content\/uploads\/2016\/03\/tirer-le-lait2-300x161.jpg 300w\" sizes=\"(max-width: 385px) 100vw, 385px\" \/><\/p>\n<p style=\"text-align: justify;\">Cette situation aujourd&rsquo;hui est tout \u00e0 fait <strong>inacceptable<\/strong> !<\/p>\n<p style=\"text-align: justify;\">Les femmes repr\u00e9sentent la moiti\u00e9 de la force de travail de ce pays et ce sont elles qui assurent la rel\u00e8ve en portant les enfants qui seront la richesse de notre pays demain.<br \/>\nIl serait grand temps que chacun le comprenne et permette aux femmes de <strong>conjuguer vie familiale et vie professionnelle<\/strong>.<br \/>\nIl serait \u00e9galement grand temps que l&rsquo;on permette aux hommes d&rsquo;en faire autant pour leur permettre de vivre leur vie de p\u00e8re autrement qu&rsquo;\u00e0 temps partiel et contribuer \u00e0 un partage \u00e9quitable des t\u00e2ches familiales.<\/p>\n<p style=\"text-align: justify;\">Mais je suis intimement persuad\u00e9e que si chacun attend que la soci\u00e9t\u00e9 bouge, rien ne changera jamais. C&rsquo;est \u00e0 chacun d&rsquo;entre nous de faire bouger les choses.<\/p>\n<p style=\"text-align: justify;\">Pour cela, <strong>que pouvons-nous faire<\/strong> ?<\/p>\n<p style=\"text-align: justify;\">Et bien tout d&rsquo;abord, ne pas accepter de <strong>ne pas pouvoir tirer son lait<\/strong> sur son lieu de travail. Le lait maternel contribue grandement \u00e0 la sant\u00e9 de nos enfants et c&rsquo;est un co\u00fbt pour toute la soci\u00e9t\u00e9 si nos enfants ne peuvent pas en b\u00e9n\u00e9ficier.<br \/>\nTirer son lait sur son lieu de travail ne prend pas plus de temps que les pauses cigarette des salari\u00e9s fumeurs&#8230;<\/p>\n<p style=\"text-align: justify;\">Ne pas accepter non plus de devoir <strong>cacher que l&rsquo;on tire son lait<\/strong> au travail. Je ne vous dis pas de vous installer en public pour tirer votre lait mais est-ce normal de cacher la raison de nos pauses lorsqu&rsquo;on nous demande o\u00f9 nous \u00e9tions ? Si l&rsquo;on ne parle pas des pauses tire-lait, nous contribuons \u00e0 en faire un sujet tabou et un sujet qui n&rsquo;existe pas !<\/p>\n<p style=\"text-align: justify;\">Ne pas accepter que la garde du b\u00e9b\u00e9 <strong>refuse le lait maternel<\/strong>. Si nous acceptons que nos b\u00e9b\u00e9s soient nourris avec des pr\u00e9parations pour nourrissons sous pr\u00e9texte de r\u00e8glements stupides, nous acceptons que ce soient les industriels qui gagnent le droit de nourrir nos b\u00e9b\u00e9s, avec tous les risques que cela comporte.<\/p>\n<p style=\"text-align: justify;\">Ne pas accepter que l&rsquo;on <strong>jette notre lait<\/strong> sous pr\u00e9texte qu&rsquo;il a d\u00e9pass\u00e9 une heure en dehors d&rsquo;un frigo. Pourquoi refuser de suivre les \u00e9tudes s\u00e9rieuses faites sur le lait maternel et accepter de suivre la peur d&rsquo;une soci\u00e9t\u00e9 ? Si nous acceptons cela, nous le cautionnons !<\/p>\n<p style=\"text-align: justify;\">Ne pas accepter qu&rsquo;une coll\u00e8gue soit <strong>moqu\u00e9e au travail<\/strong> parce qu&rsquo;elle tire son lait. Quand on se tait, on soutient&#8230; Qui a donc besoin d&rsquo;\u00eatre soutenu ? Ce ne serait pas plut\u00f4t la coll\u00e8gue ?<\/p>\n<p style=\"text-align: justify;\">Je sais, je suis un peu virulente aujourd&rsquo;hui mais je voudrais que chacun prenne conscience qu&rsquo;il est un maillon dans cette cha\u00eene de la <strong>normalit\u00e9<\/strong> de l&rsquo;allaitement. Et si chacun prend soin de ne pas n\u00e9gliger l&rsquo;allaitement, celui-ci pourra prendre la place qui lui revient : le mode d&rsquo;alimentation normal des b\u00e9b\u00e9s, soutenu et prot\u00e9g\u00e9 par la soci\u00e9t\u00e9.<\/p>\n<p style=\"text-align: justify;\">Et <strong>vous<\/strong>, que pouvez-vous faire, que faites-vous pour prot\u00e9ger l&rsquo;allaitement ?<\/p>\n<p style=\"text-align: justify;\"><div class='et-box et-shadow'>\n\t\t\t\t\t<div class='et-box-content'>Lire des articles ou poser des questions en commentaire ne suffit pas \u00e0 r\u00e9soudre votre probl\u00e8me ?\nSavez-vous que vous pouvez prendre RDV pour une consultation avec moi ?\nN&rsquo;h\u00e9sitez pas \u00e0 me contacter !<\/div><\/div><\/p>\n","protected":false},"excerpt":{"rendered":"<p>Beaucoup de femmes relatent ici ou ailleurs leurs difficult\u00e9s \u00e0 pouvoir conjuguer travail et allaitement car leur entreprise et leur mode de garde, non seulement ne les soutiennent pas, mais en plus leur mettent des b\u00e2tons dans les roues. Cette situation aujourd&rsquo;hui est tout \u00e0 fait inacceptable ! Les femmes repr\u00e9sentent la moiti\u00e9 de la [&hellip;]<\/p>\n","protected":false},"author":170,"featured_media":6636,"comment_status":"open","ping_status":"open","sticky":false,"template":"","format":"standard","meta":{"_et_pb_use_builder":"","_et_pb_old_content":"","_et_gb_content_width":"","footnotes":""},"categories":[34],"tags":[],"class_list":["post-6635","post","type-post","status-publish","format-standard","has-post-thumbnail","hentry","category-actualites"],"yoast_head":"<!-- This site is optimized with the Yoast SEO plugin v27.4 - https:\/\/yoast.com\/product\/yoast-seo-wordpress\/ -->\n<title>L&#039;allaitement a besoin de vous !<\/title>\n<meta name=\"description\" content=\"C&#039;est \u00e0 chacun d&#039;entre nous de faire de l&#039;allaitement la normalit\u00e9 aujourd&#039;hui !\" \/>\n<meta name=\"robots\" content=\"index, follow, max-snippet:-1, max-image-preview:large, max-video-preview:-1\" \/>\n<link rel=\"canonical\" href=\"https:\/\/www.lactissima.com\/a-tire-d-ailes\/l-allaitement-a-besoin-de-vous\/\" \/>\n<meta property=\"og:locale\" content=\"fr_FR\" \/>\n<meta property=\"og:type\" content=\"article\" \/>\n<meta property=\"og:title\" content=\"L&#039;allaitement a besoin de vous !\" \/>\n<meta property=\"og:description\" content=\"C&#039;est \u00e0 chacun d&#039;entre nous de faire de l&#039;allaitement la normalit\u00e9 aujourd&#039;hui !\" \/>\n<meta property=\"og:url\" content=\"https:\/\/www.lactissima.com\/a-tire-d-ailes\/l-allaitement-a-besoin-de-vous\/\" \/>\n<meta property=\"og:site_name\" content=\"A tire d&#039;Ailes\" \/>\n<meta property=\"article:publisher\" content=\"https:\/\/www.facebook.com\/consultante.en.lactation\" \/>\n<meta property=\"article:author\" content=\"www.facebook.com\/consultante.en.lactation\" \/>\n<meta property=\"article:published_time\" content=\"2016-03-24T07:27:43+00:00\" \/>\n<meta property=\"og:image\" content=\"https:\/\/www.lactissima.com\/a-tire-d-ailes\/wp-content\/uploads\/2016\/03\/tirer-le-lait2.jpg\" \/>\n\t<meta property=\"og:image:width\" content=\"385\" \/>\n\t<meta property=\"og:image:height\" content=\"206\" \/>\n\t<meta property=\"og:image:type\" content=\"image\/jpeg\" \/>\n<meta name=\"author\" content=\"V\u00e9ronique Darmangeat\" \/>\n<meta name=\"twitter:card\" content=\"summary_large_image\" \/>\n<meta name=\"twitter:creator\" content=\"@VeroniqueIBCLC\" \/>\n<meta name=\"twitter:site\" content=\"@VeroniqueIBCLC\" \/>\n<meta name=\"twitter:label1\" content=\"\u00c9crit par\" \/>\n\t<meta name=\"twitter:data1\" content=\"V\u00e9ronique Darmangeat\" \/>\n\t<meta name=\"twitter:label2\" content=\"Dur\u00e9e de lecture estim\u00e9e\" \/>\n\t<meta name=\"twitter:data2\" content=\"3 minutes\" \/>\n<script type=\"application\/ld+json\" class=\"yoast-schema-graph\">{\"@context\":\"https:\\\/\\\/schema.org\",\"@graph\":[{\"@type\":\"Article\",\"@id\":\"https:\\\/\\\/www.lactissima.com\\\/a-tire-d-ailes\\\/l-allaitement-a-besoin-de-vous\\\/#article\",\"isPartOf\":{\"@id\":\"https:\\\/\\\/www.lactissima.com\\\/a-tire-d-ailes\\\/l-allaitement-a-besoin-de-vous\\\/\"},\"author\":{\"name\":\"V\u00e9ronique Darmangeat\",\"@id\":\"https:\\\/\\\/www.lactissima.com\\\/a-tire-d-ailes\\\/#\\\/schema\\\/person\\\/8f98d3a89530861bc1240e6d53d44eed\"},\"headline\":\"L&rsquo;allaitement a besoin de vous !\",\"datePublished\":\"2016-03-24T07:27:43+00:00\",\"mainEntityOfPage\":{\"@id\":\"https:\\\/\\\/www.lactissima.com\\\/a-tire-d-ailes\\\/l-allaitement-a-besoin-de-vous\\\/\"},\"wordCount\":594,\"commentCount\":22,\"image\":{\"@id\":\"https:\\\/\\\/www.lactissima.com\\\/a-tire-d-ailes\\\/l-allaitement-a-besoin-de-vous\\\/#primaryimage\"},\"thumbnailUrl\":\"https:\\\/\\\/www.lactissima.com\\\/a-tire-d-ailes\\\/wp-content\\\/uploads\\\/2016\\\/03\\\/tirer-le-lait2.jpg\",\"articleSection\":[\"Actualit\u00e9s\"],\"inLanguage\":\"fr-FR\",\"potentialAction\":[{\"@type\":\"CommentAction\",\"name\":\"Comment\",\"target\":[\"https:\\\/\\\/www.lactissima.com\\\/a-tire-d-ailes\\\/l-allaitement-a-besoin-de-vous\\\/#respond\"]}]},{\"@type\":\"WebPage\",\"@id\":\"https:\\\/\\\/www.lactissima.com\\\/a-tire-d-ailes\\\/l-allaitement-a-besoin-de-vous\\\/\",\"url\":\"https:\\\/\\\/www.lactissima.com\\\/a-tire-d-ailes\\\/l-allaitement-a-besoin-de-vous\\\/\",\"name\":\"L'allaitement a besoin de vous !\",\"isPartOf\":{\"@id\":\"https:\\\/\\\/www.lactissima.com\\\/a-tire-d-ailes\\\/#website\"},\"primaryImageOfPage\":{\"@id\":\"https:\\\/\\\/www.lactissima.com\\\/a-tire-d-ailes\\\/l-allaitement-a-besoin-de-vous\\\/#primaryimage\"},\"image\":{\"@id\":\"https:\\\/\\\/www.lactissima.com\\\/a-tire-d-ailes\\\/l-allaitement-a-besoin-de-vous\\\/#primaryimage\"},\"thumbnailUrl\":\"https:\\\/\\\/www.lactissima.com\\\/a-tire-d-ailes\\\/wp-content\\\/uploads\\\/2016\\\/03\\\/tirer-le-lait2.jpg\",\"datePublished\":\"2016-03-24T07:27:43+00:00\",\"author\":{\"@id\":\"https:\\\/\\\/www.lactissima.com\\\/a-tire-d-ailes\\\/#\\\/schema\\\/person\\\/8f98d3a89530861bc1240e6d53d44eed\"},\"description\":\"C'est \u00e0 chacun d'entre nous de faire de l'allaitement la normalit\u00e9 aujourd'hui !\",\"breadcrumb\":{\"@id\":\"https:\\\/\\\/www.lactissima.com\\\/a-tire-d-ailes\\\/l-allaitement-a-besoin-de-vous\\\/#breadcrumb\"},\"inLanguage\":\"fr-FR\",\"potentialAction\":[{\"@type\":\"ReadAction\",\"target\":[\"https:\\\/\\\/www.lactissima.com\\\/a-tire-d-ailes\\\/l-allaitement-a-besoin-de-vous\\\/\"]}]},{\"@type\":\"ImageObject\",\"inLanguage\":\"fr-FR\",\"@id\":\"https:\\\/\\\/www.lactissima.com\\\/a-tire-d-ailes\\\/l-allaitement-a-besoin-de-vous\\\/#primaryimage\",\"url\":\"https:\\\/\\\/www.lactissima.com\\\/a-tire-d-ailes\\\/wp-content\\\/uploads\\\/2016\\\/03\\\/tirer-le-lait2.jpg\",\"contentUrl\":\"https:\\\/\\\/www.lactissima.com\\\/a-tire-d-ailes\\\/wp-content\\\/uploads\\\/2016\\\/03\\\/tirer-le-lait2.jpg\",\"width\":385,\"height\":206,\"caption\":\"tirer son lait\"},{\"@type\":\"BreadcrumbList\",\"@id\":\"https:\\\/\\\/www.lactissima.com\\\/a-tire-d-ailes\\\/l-allaitement-a-besoin-de-vous\\\/#breadcrumb\",\"itemListElement\":[{\"@type\":\"ListItem\",\"position\":1,\"name\":\"Accueil\",\"item\":\"https:\\\/\\\/www.lactissima.com\\\/a-tire-d-ailes\\\/\"},{\"@type\":\"ListItem\",\"position\":2,\"name\":\"L&rsquo;allaitement a besoin de vous !\"}]},{\"@type\":\"WebSite\",\"@id\":\"https:\\\/\\\/www.lactissima.com\\\/a-tire-d-ailes\\\/#website\",\"url\":\"https:\\\/\\\/www.lactissima.com\\\/a-tire-d-ailes\\\/\",\"name\":\"A tire d&#039;Ailes\",\"description\":\"Le blog des femmes qui allaitent et travaillent.\",\"potentialAction\":[{\"@type\":\"SearchAction\",\"target\":{\"@type\":\"EntryPoint\",\"urlTemplate\":\"https:\\\/\\\/www.lactissima.com\\\/a-tire-d-ailes\\\/?s={search_term_string}\"},\"query-input\":{\"@type\":\"PropertyValueSpecification\",\"valueRequired\":true,\"valueName\":\"search_term_string\"}}],\"inLanguage\":\"fr-FR\"},{\"@type\":\"Person\",\"@id\":\"https:\\\/\\\/www.lactissima.com\\\/a-tire-d-ailes\\\/#\\\/schema\\\/person\\\/8f98d3a89530861bc1240e6d53d44eed\",\"name\":\"V\u00e9ronique Darmangeat\",\"image\":{\"@type\":\"ImageObject\",\"inLanguage\":\"fr-FR\",\"@id\":\"https:\\\/\\\/secure.gravatar.com\\\/avatar\\\/268c99344c89cebfe4f5df5fa8be43068a18884fc76a29f3206fae98465b9cab?s=96&d=identicon&r=g\",\"url\":\"https:\\\/\\\/secure.gravatar.com\\\/avatar\\\/268c99344c89cebfe4f5df5fa8be43068a18884fc76a29f3206fae98465b9cab?s=96&d=identicon&r=g\",\"contentUrl\":\"https:\\\/\\\/secure.gravatar.com\\\/avatar\\\/268c99344c89cebfe4f5df5fa8be43068a18884fc76a29f3206fae98465b9cab?s=96&d=identicon&r=g\",\"caption\":\"V\u00e9ronique Darmangeat\"},\"sameAs\":[\"https:\\\/\\\/www.lactissima.com\\\/a-tire-d-ailes\",\"www.facebook.com\\\/consultante.en.lactation\"]}]}<\/script>\n<!-- \/ Yoast SEO plugin. -->","yoast_head_json":{"title":"L'allaitement a besoin de vous !","description":"C'est \u00e0 chacun d'entre nous de faire de l'allaitement la normalit\u00e9 aujourd'hui !","robots":{"index":"index","follow":"follow","max-snippet":"max-snippet:-1","max-image-preview":"max-image-preview:large","max-video-preview":"max-video-preview:-1"},"canonical":"https:\/\/www.lactissima.com\/a-tire-d-ailes\/l-allaitement-a-besoin-de-vous\/","og_locale":"fr_FR","og_type":"article","og_title":"L'allaitement a besoin de vous !","og_description":"C'est \u00e0 chacun d'entre nous de faire de l'allaitement la normalit\u00e9 aujourd'hui !","og_url":"https:\/\/www.lactissima.com\/a-tire-d-ailes\/l-allaitement-a-besoin-de-vous\/","og_site_name":"A tire d&#039;Ailes","article_publisher":"https:\/\/www.facebook.com\/consultante.en.lactation","article_author":"www.facebook.com\/consultante.en.lactation","article_published_time":"2016-03-24T07:27:43+00:00","og_image":[{"width":385,"height":206,"url":"https:\/\/www.lactissima.com\/a-tire-d-ailes\/wp-content\/uploads\/2016\/03\/tirer-le-lait2.jpg","type":"image\/jpeg"}],"author":"V\u00e9ronique Darmangeat","twitter_card":"summary_large_image","twitter_creator":"@VeroniqueIBCLC","twitter_site":"@VeroniqueIBCLC","twitter_misc":{"\u00c9crit par":"V\u00e9ronique Darmangeat","Dur\u00e9e de lecture estim\u00e9e":"3 minutes"},"schema":{"@context":"https:\/\/schema.org","@graph":[{"@type":"Article","@id":"https:\/\/www.lactissima.com\/a-tire-d-ailes\/l-allaitement-a-besoin-de-vous\/#article","isPartOf":{"@id":"https:\/\/www.lactissima.com\/a-tire-d-ailes\/l-allaitement-a-besoin-de-vous\/"},"author":{"name":"V\u00e9ronique Darmangeat","@id":"https:\/\/www.lactissima.com\/a-tire-d-ailes\/#\/schema\/person\/8f98d3a89530861bc1240e6d53d44eed"},"headline":"L&rsquo;allaitement a besoin de vous !","datePublished":"2016-03-24T07:27:43+00:00","mainEntityOfPage":{"@id":"https:\/\/www.lactissima.com\/a-tire-d-ailes\/l-allaitement-a-besoin-de-vous\/"},"wordCount":594,"commentCount":22,"image":{"@id":"https:\/\/www.lactissima.com\/a-tire-d-ailes\/l-allaitement-a-besoin-de-vous\/#primaryimage"},"thumbnailUrl":"https:\/\/www.lactissima.com\/a-tire-d-ailes\/wp-content\/uploads\/2016\/03\/tirer-le-lait2.jpg","articleSection":["Actualit\u00e9s"],"inLanguage":"fr-FR","potentialAction":[{"@type":"CommentAction","name":"Comment","target":["https:\/\/www.lactissima.com\/a-tire-d-ailes\/l-allaitement-a-besoin-de-vous\/#respond"]}]},{"@type":"WebPage","@id":"https:\/\/www.lactissima.com\/a-tire-d-ailes\/l-allaitement-a-besoin-de-vous\/","url":"https:\/\/www.lactissima.com\/a-tire-d-ailes\/l-allaitement-a-besoin-de-vous\/","name":"L'allaitement a besoin de vous !","isPartOf":{"@id":"https:\/\/www.lactissima.com\/a-tire-d-ailes\/#website"},"primaryImageOfPage":{"@id":"https:\/\/www.lactissima.com\/a-tire-d-ailes\/l-allaitement-a-besoin-de-vous\/#primaryimage"},"image":{"@id":"https:\/\/www.lactissima.com\/a-tire-d-ailes\/l-allaitement-a-besoin-de-vous\/#primaryimage"},"thumbnailUrl":"https:\/\/www.lactissima.com\/a-tire-d-ailes\/wp-content\/uploads\/2016\/03\/tirer-le-lait2.jpg","datePublished":"2016-03-24T07:27:43+00:00","author":{"@id":"https:\/\/www.lactissima.com\/a-tire-d-ailes\/#\/schema\/person\/8f98d3a89530861bc1240e6d53d44eed"},"description":"C'est \u00e0 chacun d'entre nous de faire de l'allaitement la normalit\u00e9 aujourd'hui !","breadcrumb":{"@id":"https:\/\/www.lactissima.com\/a-tire-d-ailes\/l-allaitement-a-besoin-de-vous\/#breadcrumb"},"inLanguage":"fr-FR","potentialAction":[{"@type":"ReadAction","target":["https:\/\/www.lactissima.com\/a-tire-d-ailes\/l-allaitement-a-besoin-de-vous\/"]}]},{"@type":"ImageObject","inLanguage":"fr-FR","@id":"https:\/\/www.lactissima.com\/a-tire-d-ailes\/l-allaitement-a-besoin-de-vous\/#primaryimage","url":"https:\/\/www.lactissima.com\/a-tire-d-ailes\/wp-content\/uploads\/2016\/03\/tirer-le-lait2.jpg","contentUrl":"https:\/\/www.lactissima.com\/a-tire-d-ailes\/wp-content\/uploads\/2016\/03\/tirer-le-lait2.jpg","width":385,"height":206,"caption":"tirer son lait"},{"@type":"BreadcrumbList","@id":"https:\/\/www.lactissima.com\/a-tire-d-ailes\/l-allaitement-a-besoin-de-vous\/#breadcrumb","itemListElement":[{"@type":"ListItem","position":1,"name":"Accueil","item":"https:\/\/www.lactissima.com\/a-tire-d-ailes\/"},{"@type":"ListItem","position":2,"name":"L&rsquo;allaitement a besoin de vous !"}]},{"@type":"WebSite","@id":"https:\/\/www.lactissima.com\/a-tire-d-ailes\/#website","url":"https:\/\/www.lactissima.com\/a-tire-d-ailes\/","name":"A tire d&#039;Ailes","description":"Le blog des femmes qui allaitent et travaillent.","potentialAction":[{"@type":"SearchAction","target":{"@type":"EntryPoint","urlTemplate":"https:\/\/www.lactissima.com\/a-tire-d-ailes\/?s={search_term_string}"},"query-input":{"@type":"PropertyValueSpecification","valueRequired":true,"valueName":"search_term_string"}}],"inLanguage":"fr-FR"},{"@type":"Person","@id":"https:\/\/www.lactissima.com\/a-tire-d-ailes\/#\/schema\/person\/8f98d3a89530861bc1240e6d53d44eed","name":"V\u00e9ronique Darmangeat","image":{"@type":"ImageObject","inLanguage":"fr-FR","@id":"https:\/\/secure.gravatar.com\/avatar\/268c99344c89cebfe4f5df5fa8be43068a18884fc76a29f3206fae98465b9cab?s=96&d=identicon&r=g","url":"https:\/\/secure.gravatar.com\/avatar\/268c99344c89cebfe4f5df5fa8be43068a18884fc76a29f3206fae98465b9cab?s=96&d=identicon&r=g","contentUrl":"https:\/\/secure.gravatar.com\/avatar\/268c99344c89cebfe4f5df5fa8be43068a18884fc76a29f3206fae98465b9cab?s=96&d=identicon&r=g","caption":"V\u00e9ronique Darmangeat"},"sameAs":["https:\/\/www.lactissima.com\/a-tire-d-ailes","www.facebook.com\/consultante.en.lactation"]}]}},"_links":{"self":[{"href":"https:\/\/www.lactissima.com\/a-tire-d-ailes\/wp-json\/wp\/v2\/posts\/6635","targetHints":{"allow":["GET"]}}],"collection":[{"href":"https:\/\/www.lactissima.com\/a-tire-d-ailes\/wp-json\/wp\/v2\/posts"}],"about":[{"href":"https:\/\/www.lactissima.com\/a-tire-d-ailes\/wp-json\/wp\/v2\/types\/post"}],"author":[{"embeddable":true,"href":"https:\/\/www.lactissima.com\/a-tire-d-ailes\/wp-json\/wp\/v2\/users\/170"}],"replies":[{"embeddable":true,"href":"https:\/\/www.lactissima.com\/a-tire-d-ailes\/wp-json\/wp\/v2\/comments?post=6635"}],"version-history":[{"count":2,"href":"https:\/\/www.lactissima.com\/a-tire-d-ailes\/wp-json\/wp\/v2\/posts\/6635\/revisions"}],"predecessor-version":[{"id":6638,"href":"https:\/\/www.lactissima.com\/a-tire-d-ailes\/wp-json\/wp\/v2\/posts\/6635\/revisions\/6638"}],"wp:featuredmedia":[{"embeddable":true,"href":"https:\/\/www.lactissima.com\/a-tire-d-ailes\/wp-json\/wp\/v2\/media\/6636"}],"wp:attachment":[{"href":"https:\/\/www.lactissima.com\/a-tire-d-ailes\/wp-json\/wp\/v2\/media?parent=6635"}],"wp:term":[{"taxonomy":"category","embeddable":true,"href":"https:\/\/www.lactissima.com\/a-tire-d-ailes\/wp-json\/wp\/v2\/categories?post=6635"},{"taxonomy":"post_tag","embeddable":true,"href":"https:\/\/www.lactissima.com\/a-tire-d-ailes\/wp-json\/wp\/v2\/tags?post=6635"}],"curies":[{"name":"wp","href":"https:\/\/api.w.org\/{rel}","templated":true}]}}