{"id":6614,"date":"2016-03-10T18:55:54","date_gmt":"2016-03-10T17:55:54","guid":{"rendered":"https:\/\/www.lactissima.com\/a-tire-d-ailes\/?p=6614"},"modified":"2016-03-10T18:55:54","modified_gmt":"2016-03-10T17:55:54","slug":"allaiter-et-travailler-le-temoignage-de-marie-helene","status":"publish","type":"post","link":"https:\/\/www.lactissima.com\/a-tire-d-ailes\/allaiter-et-travailler-le-temoignage-de-marie-helene\/","title":{"rendered":"Allaiter et travailler : le t\u00e9moignage de Marie-H\u00e9l\u00e8ne"},"content":{"rendered":"<ul>\n<li style=\"text-align: justify;\"><strong><img loading=\"lazy\" decoding=\"async\" class=\"alignright size-full wp-image-6615\" src=\"https:\/\/www.lactissima.com\/a-tire-d-ailes\/wp-content\/uploads\/2016\/03\/Marie-H\u00e9l\u00e8ne.jpg\" alt=\"Marie-H\u00e9l\u00e8ne\" width=\"275\" height=\"367\" srcset=\"https:\/\/www.lactissima.com\/a-tire-d-ailes\/wp-content\/uploads\/2016\/03\/Marie-H\u00e9l\u00e8ne.jpg 275w, https:\/\/www.lactissima.com\/a-tire-d-ailes\/wp-content\/uploads\/2016\/03\/Marie-H\u00e9l\u00e8ne-225x300.jpg 225w\" sizes=\"(max-width: 275px) 100vw, 275px\" \/>Quel choix avez-vous fait au moment de la reprise du travail : sevrage ou poursuite de l&rsquo;allaitement ?<\/strong><\/li>\n<\/ul>\n<p style=\"text-align: justify;\">J&rsquo;ai repris le travail quand ma fille avait 9 mois. C&rsquo;est mon troisi\u00e8me enfant et j&rsquo;ai pu b\u00e9n\u00e9ficier d&rsquo;1 mois d&rsquo;arr\u00eat suppl\u00e9mentaire et de beaucoup de cong\u00e9s \u00e9conomis\u00e9s sur mon compte \u00e9pargne temps depuis 3 ans.<\/p>\n<p style=\"text-align: justify;\">Il \u00e9tait pour moi tout \u00e0 fait naturel de reprendre le travail en poursuivant l&rsquo;allaitement et de tirer mon lait au bureau pour le donner \u00e0 la cr\u00e8che puisque c&rsquo;est ce que j&rsquo;avais fait pour les 2 premiers. A l \u00e9poque ma fille a\u00een\u00e9e ne m&rsquo;avait pas donn\u00e9 le choix puisqu&rsquo;elle refusait le biberon.<\/p>\n<ul style=\"text-align: justify;\">\n<li><strong>Pourquoi ?<\/strong><\/li>\n<\/ul>\n<p style=\"text-align: justify;\">J&rsquo;ai allait\u00e9 mes deux premiers 28 mois et 13 mois en travaillant. Je suis tr\u00e8s attach\u00e9e \u00e0 l&rsquo;allaitement long qui me parait le meilleur pour mes enfants. De plus nous avons un terrain allergique dans la famille et je n&rsquo;introduis les produits laitiers qu&rsquo;aux 12 mois de mes enfants. Et puis pour dire la v\u00e9rit\u00e9 je n&rsquo;ai aucune id\u00e9e de comment on fait un biberon je n&rsquo;en ai jamais fait. L&rsquo;allaitement \u00e9tait pour moi la seule proposition.<\/p>\n<ul style=\"text-align: justify;\">\n<li><strong>Comment vous \u00eates-vous organis\u00e9e ?<\/strong><\/li>\n<\/ul>\n<p style=\"text-align: justify;\">J&rsquo;ai fait des r\u00e9serves au cong\u00e9lateur durant tout mon cong\u00e9 maternit\u00e9, j&rsquo;ai eu la chance d&rsquo;avoir un b\u00e9b\u00e9 qui a fait ses nuits tr\u00e8s t\u00f4t donc je tirais le matin avant de lui donner (j&rsquo;ai un r\u00e9flexe d&rsquo;\u00e9jection fort, si je ne tire pas avant la t\u00e9t\u00e9e du matin mon b\u00e9b\u00e9 a des reflux toute la matin\u00e9e).<\/p>\n<p style=\"text-align: justify;\">Je me suis rapproch\u00e9e de ma sage femme qui m&rsquo;a conseill\u00e9 le tire lait \u00e9lectrique et le rythme des tirages (2 par jour car je fais facilement des engorgements).<\/p>\n<p style=\"text-align: justify;\">Je donne mon lait \u00e0 la cr\u00e8che, 3 biberons de 150 au d\u00e9part et maintenant 1 seul pour le go\u00fbter vu que ma fille a 16 mois et mange de tout.<\/p>\n<ul style=\"text-align: justify;\">\n<li><strong>Quelles ont \u00e9t\u00e9 vos principales difficult\u00e9s ?<\/strong><\/li>\n<\/ul>\n<p style=\"text-align: justify;\">L&rsquo;allaitement de ce troisi\u00e8me b\u00e9b\u00e9 \u00e0 la reprise du travail s&rsquo;est tr\u00e8s bien pass\u00e9 les 2 premiers mois et ensuite la catastrophe (et oui le nombre d&rsquo;enfant n&#8217;emp\u00eache pas les impr\u00e9vus). J&rsquo;ai d\u00e9velopp\u00e9 une candidose des canaux lactif\u00e8res qu&rsquo;on a mis plus de 1 mois \u00e0 diagnostiquer. Pendant ce temps j&rsquo;avais des douleurs terribles et un grand \u00e9puisement. Ensuite le traitement pr\u00e9conis\u00e9 par la leche league n&rsquo;a pas fonctionn\u00e9. Je me suis donc document\u00e9 et ai \u00e9labor\u00e9 un traitement naturel, apr\u00e8s 5 mois de br\u00fblures quotidiennes j&rsquo;ai enfin une am\u00e9lioration. J&rsquo;ai eu de la chance d&rsquo;avoir une g\u00e9n\u00e9raliste et un employeur tr\u00e8s compr\u00e9hensif, apr\u00e8s 2 mois d&rsquo;arr\u00eat de travail, j ai pu disposer d&rsquo;un am\u00e9nagement de mon temps de travail avec 2 jours au bureau et 2 jours en t\u00e9l\u00e9travail, je r\u00e9cup\u00e8re tranquillement. Je b\u00e9n\u00e9ficie de cet arrangement pour 6 mois. Et je suis heureuse d&rsquo;enfin retrouver des t\u00e9t\u00e9es sans douleur.<\/p>\n<p style=\"text-align: justify;\">L&rsquo;autre difficult\u00e9 que j&rsquo;ai rencontr\u00e9e pour tous mes allaitements est ma balance \u00e9nerg\u00e9tique n\u00e9gative, je maigris trop en allaitant et je me trouve \u00e0 moins de 18 d&rsquo;IMC, je suis donc oblig\u00e9e de faire tr\u00e8s attention \u00e0 ce que je mange et aussi \u00e0 ne pas \u00eatre trop active (sport en pause).<\/p>\n<ul style=\"text-align: justify;\">\n<li><strong>Quels ont \u00e9t\u00e9 vos meilleurs moments ?<\/strong><\/li>\n<\/ul>\n<p style=\"text-align: justify;\">A chaque fois que mon b\u00e9b\u00e9 est au sein, les yeux dans les yeux, ses petits mains qui caressent mon visage. Son odeur toute chaude quand son papa me l&#8217;emm\u00e8ne dans notre lit le matin. Et puis aussi voir ma grande de 10 ans qui n&rsquo;envisage pas de donner un jour un biberon \u00e0 ses enfants. Constater \u00e0 quel point mes enfants sont en bonne sant\u00e9.<\/p>\n<ul style=\"text-align: justify;\">\n<li><strong>Qu&rsquo;est-ce que vous souhaiteriez dire aux mamans qui doivent faire un choix dans les semaines \u00e0 venir ?<\/strong><\/li>\n<\/ul>\n<p style=\"text-align: justify;\">Ne pas n\u00e9gliger que tirer son lait au travail demande beaucoup d&rsquo;\u00e9nergie et penser \u00e0 se pr\u00e9server du temps de repos pour soi. Prendre des RTT sans b\u00e9b\u00e9, faire des siestes, pr\u00e9voir de temps en temps la baby sitter pour emmener les grands \u00e0 la piscine&#8230; et aussi \u00eatre bien entour\u00e9 par des professionnels qui partagent vos valeurs, mon allaitement n&rsquo;aurait pas surv\u00e9cu \u00e0 la candidose sans ma g\u00e9n\u00e9raliste et ma sage femme!<\/p>\n<ul style=\"text-align: justify;\">\n<li><strong>Ce serait \u00e0 refaire, vous referiez le m\u00eame choix ? Que changeriez-vous ?<\/strong><\/li>\n<\/ul>\n<p style=\"text-align: justify;\">Sans aucun doute pour ce qui est du maintien de l allaitement. Par contre je reprendrais le travail de fa\u00e7on plus progressive (3 jours puis 4 jours) car la deuxi\u00e8me ann\u00e9e d&rsquo;allaitement avec le travail est vraiment rude.<\/p>\n<p><strong>Articles en rapport :<\/strong><\/p>\n<ul>\n<li>Voir l&rsquo;onglet <a href=\"https:\/\/www.lactissima.com\/a-tire-d-ailes\/temoignages-travail-et-allaitement\/\" target=\"_blank\">t\u00e9moignages<\/a><\/li>\n<\/ul>\n<p>&nbsp;<\/p>\n<div class='et-box et-shadow'>\n\t\t\t\t\t<div class='et-box-content'>Lire des articles ou poser des questions en commentaire ne suffit pas \u00e0 r\u00e9soudre votre probl\u00e8me ?\nSavez-vous que vous pouvez prendre RDV pour une consultation avec moi ?\nN&rsquo;h\u00e9sitez pas \u00e0 me contacter !<\/div><\/div>\n<p>&nbsp;<\/p>\n","protected":false},"excerpt":{"rendered":"<p>Quel choix avez-vous fait au moment de la reprise du travail : sevrage ou poursuite de l&rsquo;allaitement ? J&rsquo;ai repris le travail quand ma fille avait 9 mois. C&rsquo;est mon troisi\u00e8me enfant et j&rsquo;ai pu b\u00e9n\u00e9ficier d&rsquo;1 mois d&rsquo;arr\u00eat suppl\u00e9mentaire et de beaucoup de cong\u00e9s \u00e9conomis\u00e9s sur mon compte \u00e9pargne temps depuis 3 ans. Il [&hellip;]<\/p>\n","protected":false},"author":170,"featured_media":6615,"comment_status":"open","ping_status":"open","sticky":false,"template":"","format":"standard","meta":{"_et_pb_use_builder":"","_et_pb_old_content":"","_et_gb_content_width":"","footnotes":""},"categories":[150],"tags":[],"class_list":["post-6614","post","type-post","status-publish","format-standard","has-post-thumbnail","hentry","category-temoignages"],"yoast_head":"<!-- This site is optimized with the Yoast SEO plugin v27.4 - https:\/\/yoast.com\/product\/yoast-seo-wordpress\/ -->\n<title>Allaiter et travailler : le t\u00e9moignage de Marie-H\u00e9l\u00e8ne<\/title>\n<meta name=\"description\" content=\"Marie-H\u00e9l\u00e8ne a fait le choix de l&#039;allaitement long avec ses trois enfants, en reprenant le travail \u00e0 chaque fois.\" \/>\n<meta name=\"robots\" content=\"index, follow, max-snippet:-1, max-image-preview:large, max-video-preview:-1\" \/>\n<link rel=\"canonical\" href=\"https:\/\/www.lactissima.com\/a-tire-d-ailes\/allaiter-et-travailler-le-temoignage-de-marie-helene\/\" \/>\n<meta property=\"og:locale\" content=\"fr_FR\" \/>\n<meta property=\"og:type\" content=\"article\" \/>\n<meta property=\"og:title\" content=\"Allaiter et travailler : le t\u00e9moignage de Marie-H\u00e9l\u00e8ne\" \/>\n<meta property=\"og:description\" content=\"Marie-H\u00e9l\u00e8ne a fait le choix de l&#039;allaitement long avec ses trois enfants, en reprenant le travail \u00e0 chaque fois.\" \/>\n<meta property=\"og:url\" content=\"https:\/\/www.lactissima.com\/a-tire-d-ailes\/allaiter-et-travailler-le-temoignage-de-marie-helene\/\" \/>\n<meta property=\"og:site_name\" content=\"A tire d&#039;Ailes\" \/>\n<meta property=\"article:publisher\" content=\"https:\/\/www.facebook.com\/consultante.en.lactation\" \/>\n<meta property=\"article:author\" content=\"www.facebook.com\/consultante.en.lactation\" \/>\n<meta property=\"article:published_time\" content=\"2016-03-10T17:55:54+00:00\" \/>\n<meta property=\"og:image\" content=\"https:\/\/www.lactissima.com\/a-tire-d-ailes\/wp-content\/uploads\/2016\/03\/Marie-H\u00e9l\u00e8ne.jpg\" \/>\n\t<meta property=\"og:image:width\" content=\"275\" \/>\n\t<meta property=\"og:image:height\" content=\"367\" \/>\n\t<meta property=\"og:image:type\" content=\"image\/jpeg\" \/>\n<meta name=\"author\" content=\"V\u00e9ronique Darmangeat\" \/>\n<meta name=\"twitter:card\" content=\"summary_large_image\" \/>\n<meta name=\"twitter:creator\" content=\"@VeroniqueIBCLC\" \/>\n<meta name=\"twitter:site\" content=\"@VeroniqueIBCLC\" \/>\n<meta name=\"twitter:label1\" content=\"\u00c9crit par\" \/>\n\t<meta name=\"twitter:data1\" content=\"V\u00e9ronique Darmangeat\" \/>\n\t<meta name=\"twitter:label2\" content=\"Dur\u00e9e de lecture estim\u00e9e\" \/>\n\t<meta name=\"twitter:data2\" content=\"4 minutes\" \/>\n<script type=\"application\/ld+json\" class=\"yoast-schema-graph\">{\"@context\":\"https:\\\/\\\/schema.org\",\"@graph\":[{\"@type\":\"Article\",\"@id\":\"https:\\\/\\\/www.lactissima.com\\\/a-tire-d-ailes\\\/allaiter-et-travailler-le-temoignage-de-marie-helene\\\/#article\",\"isPartOf\":{\"@id\":\"https:\\\/\\\/www.lactissima.com\\\/a-tire-d-ailes\\\/allaiter-et-travailler-le-temoignage-de-marie-helene\\\/\"},\"author\":{\"name\":\"V\u00e9ronique Darmangeat\",\"@id\":\"https:\\\/\\\/www.lactissima.com\\\/a-tire-d-ailes\\\/#\\\/schema\\\/person\\\/8f98d3a89530861bc1240e6d53d44eed\"},\"headline\":\"Allaiter et travailler : le t\u00e9moignage de Marie-H\u00e9l\u00e8ne\",\"datePublished\":\"2016-03-10T17:55:54+00:00\",\"mainEntityOfPage\":{\"@id\":\"https:\\\/\\\/www.lactissima.com\\\/a-tire-d-ailes\\\/allaiter-et-travailler-le-temoignage-de-marie-helene\\\/\"},\"wordCount\":863,\"commentCount\":2,\"image\":{\"@id\":\"https:\\\/\\\/www.lactissima.com\\\/a-tire-d-ailes\\\/allaiter-et-travailler-le-temoignage-de-marie-helene\\\/#primaryimage\"},\"thumbnailUrl\":\"https:\\\/\\\/www.lactissima.com\\\/a-tire-d-ailes\\\/wp-content\\\/uploads\\\/2016\\\/03\\\/Marie-H\u00e9l\u00e8ne.jpg\",\"articleSection\":[\"t\u00e9moignages\"],\"inLanguage\":\"fr-FR\",\"potentialAction\":[{\"@type\":\"CommentAction\",\"name\":\"Comment\",\"target\":[\"https:\\\/\\\/www.lactissima.com\\\/a-tire-d-ailes\\\/allaiter-et-travailler-le-temoignage-de-marie-helene\\\/#respond\"]}]},{\"@type\":\"WebPage\",\"@id\":\"https:\\\/\\\/www.lactissima.com\\\/a-tire-d-ailes\\\/allaiter-et-travailler-le-temoignage-de-marie-helene\\\/\",\"url\":\"https:\\\/\\\/www.lactissima.com\\\/a-tire-d-ailes\\\/allaiter-et-travailler-le-temoignage-de-marie-helene\\\/\",\"name\":\"Allaiter et travailler : le t\u00e9moignage de Marie-H\u00e9l\u00e8ne\",\"isPartOf\":{\"@id\":\"https:\\\/\\\/www.lactissima.com\\\/a-tire-d-ailes\\\/#website\"},\"primaryImageOfPage\":{\"@id\":\"https:\\\/\\\/www.lactissima.com\\\/a-tire-d-ailes\\\/allaiter-et-travailler-le-temoignage-de-marie-helene\\\/#primaryimage\"},\"image\":{\"@id\":\"https:\\\/\\\/www.lactissima.com\\\/a-tire-d-ailes\\\/allaiter-et-travailler-le-temoignage-de-marie-helene\\\/#primaryimage\"},\"thumbnailUrl\":\"https:\\\/\\\/www.lactissima.com\\\/a-tire-d-ailes\\\/wp-content\\\/uploads\\\/2016\\\/03\\\/Marie-H\u00e9l\u00e8ne.jpg\",\"datePublished\":\"2016-03-10T17:55:54+00:00\",\"author\":{\"@id\":\"https:\\\/\\\/www.lactissima.com\\\/a-tire-d-ailes\\\/#\\\/schema\\\/person\\\/8f98d3a89530861bc1240e6d53d44eed\"},\"description\":\"Marie-H\u00e9l\u00e8ne a fait le choix de l'allaitement long avec ses trois enfants, en reprenant le travail \u00e0 chaque fois.\",\"breadcrumb\":{\"@id\":\"https:\\\/\\\/www.lactissima.com\\\/a-tire-d-ailes\\\/allaiter-et-travailler-le-temoignage-de-marie-helene\\\/#breadcrumb\"},\"inLanguage\":\"fr-FR\",\"potentialAction\":[{\"@type\":\"ReadAction\",\"target\":[\"https:\\\/\\\/www.lactissima.com\\\/a-tire-d-ailes\\\/allaiter-et-travailler-le-temoignage-de-marie-helene\\\/\"]}]},{\"@type\":\"ImageObject\",\"inLanguage\":\"fr-FR\",\"@id\":\"https:\\\/\\\/www.lactissima.com\\\/a-tire-d-ailes\\\/allaiter-et-travailler-le-temoignage-de-marie-helene\\\/#primaryimage\",\"url\":\"https:\\\/\\\/www.lactissima.com\\\/a-tire-d-ailes\\\/wp-content\\\/uploads\\\/2016\\\/03\\\/Marie-H\u00e9l\u00e8ne.jpg\",\"contentUrl\":\"https:\\\/\\\/www.lactissima.com\\\/a-tire-d-ailes\\\/wp-content\\\/uploads\\\/2016\\\/03\\\/Marie-H\u00e9l\u00e8ne.jpg\",\"width\":275,\"height\":367},{\"@type\":\"BreadcrumbList\",\"@id\":\"https:\\\/\\\/www.lactissima.com\\\/a-tire-d-ailes\\\/allaiter-et-travailler-le-temoignage-de-marie-helene\\\/#breadcrumb\",\"itemListElement\":[{\"@type\":\"ListItem\",\"position\":1,\"name\":\"Accueil\",\"item\":\"https:\\\/\\\/www.lactissima.com\\\/a-tire-d-ailes\\\/\"},{\"@type\":\"ListItem\",\"position\":2,\"name\":\"Allaiter et travailler : le t\u00e9moignage de Marie-H\u00e9l\u00e8ne\"}]},{\"@type\":\"WebSite\",\"@id\":\"https:\\\/\\\/www.lactissima.com\\\/a-tire-d-ailes\\\/#website\",\"url\":\"https:\\\/\\\/www.lactissima.com\\\/a-tire-d-ailes\\\/\",\"name\":\"A tire d&#039;Ailes\",\"description\":\"Le blog des femmes qui allaitent et travaillent.\",\"potentialAction\":[{\"@type\":\"SearchAction\",\"target\":{\"@type\":\"EntryPoint\",\"urlTemplate\":\"https:\\\/\\\/www.lactissima.com\\\/a-tire-d-ailes\\\/?s={search_term_string}\"},\"query-input\":{\"@type\":\"PropertyValueSpecification\",\"valueRequired\":true,\"valueName\":\"search_term_string\"}}],\"inLanguage\":\"fr-FR\"},{\"@type\":\"Person\",\"@id\":\"https:\\\/\\\/www.lactissima.com\\\/a-tire-d-ailes\\\/#\\\/schema\\\/person\\\/8f98d3a89530861bc1240e6d53d44eed\",\"name\":\"V\u00e9ronique Darmangeat\",\"image\":{\"@type\":\"ImageObject\",\"inLanguage\":\"fr-FR\",\"@id\":\"https:\\\/\\\/secure.gravatar.com\\\/avatar\\\/268c99344c89cebfe4f5df5fa8be43068a18884fc76a29f3206fae98465b9cab?s=96&d=identicon&r=g\",\"url\":\"https:\\\/\\\/secure.gravatar.com\\\/avatar\\\/268c99344c89cebfe4f5df5fa8be43068a18884fc76a29f3206fae98465b9cab?s=96&d=identicon&r=g\",\"contentUrl\":\"https:\\\/\\\/secure.gravatar.com\\\/avatar\\\/268c99344c89cebfe4f5df5fa8be43068a18884fc76a29f3206fae98465b9cab?s=96&d=identicon&r=g\",\"caption\":\"V\u00e9ronique Darmangeat\"},\"sameAs\":[\"https:\\\/\\\/www.lactissima.com\\\/a-tire-d-ailes\",\"www.facebook.com\\\/consultante.en.lactation\"]}]}<\/script>\n<!-- \/ Yoast SEO plugin. -->","yoast_head_json":{"title":"Allaiter et travailler : le t\u00e9moignage de Marie-H\u00e9l\u00e8ne","description":"Marie-H\u00e9l\u00e8ne a fait le choix de l'allaitement long avec ses trois enfants, en reprenant le travail \u00e0 chaque fois.","robots":{"index":"index","follow":"follow","max-snippet":"max-snippet:-1","max-image-preview":"max-image-preview:large","max-video-preview":"max-video-preview:-1"},"canonical":"https:\/\/www.lactissima.com\/a-tire-d-ailes\/allaiter-et-travailler-le-temoignage-de-marie-helene\/","og_locale":"fr_FR","og_type":"article","og_title":"Allaiter et travailler : le t\u00e9moignage de Marie-H\u00e9l\u00e8ne","og_description":"Marie-H\u00e9l\u00e8ne a fait le choix de l'allaitement long avec ses trois enfants, en reprenant le travail \u00e0 chaque fois.","og_url":"https:\/\/www.lactissima.com\/a-tire-d-ailes\/allaiter-et-travailler-le-temoignage-de-marie-helene\/","og_site_name":"A tire d&#039;Ailes","article_publisher":"https:\/\/www.facebook.com\/consultante.en.lactation","article_author":"www.facebook.com\/consultante.en.lactation","article_published_time":"2016-03-10T17:55:54+00:00","og_image":[{"width":275,"height":367,"url":"https:\/\/www.lactissima.com\/a-tire-d-ailes\/wp-content\/uploads\/2016\/03\/Marie-H\u00e9l\u00e8ne.jpg","type":"image\/jpeg"}],"author":"V\u00e9ronique Darmangeat","twitter_card":"summary_large_image","twitter_creator":"@VeroniqueIBCLC","twitter_site":"@VeroniqueIBCLC","twitter_misc":{"\u00c9crit par":"V\u00e9ronique Darmangeat","Dur\u00e9e de lecture estim\u00e9e":"4 minutes"},"schema":{"@context":"https:\/\/schema.org","@graph":[{"@type":"Article","@id":"https:\/\/www.lactissima.com\/a-tire-d-ailes\/allaiter-et-travailler-le-temoignage-de-marie-helene\/#article","isPartOf":{"@id":"https:\/\/www.lactissima.com\/a-tire-d-ailes\/allaiter-et-travailler-le-temoignage-de-marie-helene\/"},"author":{"name":"V\u00e9ronique Darmangeat","@id":"https:\/\/www.lactissima.com\/a-tire-d-ailes\/#\/schema\/person\/8f98d3a89530861bc1240e6d53d44eed"},"headline":"Allaiter et travailler : le t\u00e9moignage de Marie-H\u00e9l\u00e8ne","datePublished":"2016-03-10T17:55:54+00:00","mainEntityOfPage":{"@id":"https:\/\/www.lactissima.com\/a-tire-d-ailes\/allaiter-et-travailler-le-temoignage-de-marie-helene\/"},"wordCount":863,"commentCount":2,"image":{"@id":"https:\/\/www.lactissima.com\/a-tire-d-ailes\/allaiter-et-travailler-le-temoignage-de-marie-helene\/#primaryimage"},"thumbnailUrl":"https:\/\/www.lactissima.com\/a-tire-d-ailes\/wp-content\/uploads\/2016\/03\/Marie-H\u00e9l\u00e8ne.jpg","articleSection":["t\u00e9moignages"],"inLanguage":"fr-FR","potentialAction":[{"@type":"CommentAction","name":"Comment","target":["https:\/\/www.lactissima.com\/a-tire-d-ailes\/allaiter-et-travailler-le-temoignage-de-marie-helene\/#respond"]}]},{"@type":"WebPage","@id":"https:\/\/www.lactissima.com\/a-tire-d-ailes\/allaiter-et-travailler-le-temoignage-de-marie-helene\/","url":"https:\/\/www.lactissima.com\/a-tire-d-ailes\/allaiter-et-travailler-le-temoignage-de-marie-helene\/","name":"Allaiter et travailler : le t\u00e9moignage de Marie-H\u00e9l\u00e8ne","isPartOf":{"@id":"https:\/\/www.lactissima.com\/a-tire-d-ailes\/#website"},"primaryImageOfPage":{"@id":"https:\/\/www.lactissima.com\/a-tire-d-ailes\/allaiter-et-travailler-le-temoignage-de-marie-helene\/#primaryimage"},"image":{"@id":"https:\/\/www.lactissima.com\/a-tire-d-ailes\/allaiter-et-travailler-le-temoignage-de-marie-helene\/#primaryimage"},"thumbnailUrl":"https:\/\/www.lactissima.com\/a-tire-d-ailes\/wp-content\/uploads\/2016\/03\/Marie-H\u00e9l\u00e8ne.jpg","datePublished":"2016-03-10T17:55:54+00:00","author":{"@id":"https:\/\/www.lactissima.com\/a-tire-d-ailes\/#\/schema\/person\/8f98d3a89530861bc1240e6d53d44eed"},"description":"Marie-H\u00e9l\u00e8ne a fait le choix de l'allaitement long avec ses trois enfants, en reprenant le travail \u00e0 chaque fois.","breadcrumb":{"@id":"https:\/\/www.lactissima.com\/a-tire-d-ailes\/allaiter-et-travailler-le-temoignage-de-marie-helene\/#breadcrumb"},"inLanguage":"fr-FR","potentialAction":[{"@type":"ReadAction","target":["https:\/\/www.lactissima.com\/a-tire-d-ailes\/allaiter-et-travailler-le-temoignage-de-marie-helene\/"]}]},{"@type":"ImageObject","inLanguage":"fr-FR","@id":"https:\/\/www.lactissima.com\/a-tire-d-ailes\/allaiter-et-travailler-le-temoignage-de-marie-helene\/#primaryimage","url":"https:\/\/www.lactissima.com\/a-tire-d-ailes\/wp-content\/uploads\/2016\/03\/Marie-H\u00e9l\u00e8ne.jpg","contentUrl":"https:\/\/www.lactissima.com\/a-tire-d-ailes\/wp-content\/uploads\/2016\/03\/Marie-H\u00e9l\u00e8ne.jpg","width":275,"height":367},{"@type":"BreadcrumbList","@id":"https:\/\/www.lactissima.com\/a-tire-d-ailes\/allaiter-et-travailler-le-temoignage-de-marie-helene\/#breadcrumb","itemListElement":[{"@type":"ListItem","position":1,"name":"Accueil","item":"https:\/\/www.lactissima.com\/a-tire-d-ailes\/"},{"@type":"ListItem","position":2,"name":"Allaiter et travailler : le t\u00e9moignage de Marie-H\u00e9l\u00e8ne"}]},{"@type":"WebSite","@id":"https:\/\/www.lactissima.com\/a-tire-d-ailes\/#website","url":"https:\/\/www.lactissima.com\/a-tire-d-ailes\/","name":"A tire d&#039;Ailes","description":"Le blog des femmes qui allaitent et travaillent.","potentialAction":[{"@type":"SearchAction","target":{"@type":"EntryPoint","urlTemplate":"https:\/\/www.lactissima.com\/a-tire-d-ailes\/?s={search_term_string}"},"query-input":{"@type":"PropertyValueSpecification","valueRequired":true,"valueName":"search_term_string"}}],"inLanguage":"fr-FR"},{"@type":"Person","@id":"https:\/\/www.lactissima.com\/a-tire-d-ailes\/#\/schema\/person\/8f98d3a89530861bc1240e6d53d44eed","name":"V\u00e9ronique Darmangeat","image":{"@type":"ImageObject","inLanguage":"fr-FR","@id":"https:\/\/secure.gravatar.com\/avatar\/268c99344c89cebfe4f5df5fa8be43068a18884fc76a29f3206fae98465b9cab?s=96&d=identicon&r=g","url":"https:\/\/secure.gravatar.com\/avatar\/268c99344c89cebfe4f5df5fa8be43068a18884fc76a29f3206fae98465b9cab?s=96&d=identicon&r=g","contentUrl":"https:\/\/secure.gravatar.com\/avatar\/268c99344c89cebfe4f5df5fa8be43068a18884fc76a29f3206fae98465b9cab?s=96&d=identicon&r=g","caption":"V\u00e9ronique Darmangeat"},"sameAs":["https:\/\/www.lactissima.com\/a-tire-d-ailes","www.facebook.com\/consultante.en.lactation"]}]}},"_links":{"self":[{"href":"https:\/\/www.lactissima.com\/a-tire-d-ailes\/wp-json\/wp\/v2\/posts\/6614","targetHints":{"allow":["GET"]}}],"collection":[{"href":"https:\/\/www.lactissima.com\/a-tire-d-ailes\/wp-json\/wp\/v2\/posts"}],"about":[{"href":"https:\/\/www.lactissima.com\/a-tire-d-ailes\/wp-json\/wp\/v2\/types\/post"}],"author":[{"embeddable":true,"href":"https:\/\/www.lactissima.com\/a-tire-d-ailes\/wp-json\/wp\/v2\/users\/170"}],"replies":[{"embeddable":true,"href":"https:\/\/www.lactissima.com\/a-tire-d-ailes\/wp-json\/wp\/v2\/comments?post=6614"}],"version-history":[{"count":2,"href":"https:\/\/www.lactissima.com\/a-tire-d-ailes\/wp-json\/wp\/v2\/posts\/6614\/revisions"}],"predecessor-version":[{"id":6617,"href":"https:\/\/www.lactissima.com\/a-tire-d-ailes\/wp-json\/wp\/v2\/posts\/6614\/revisions\/6617"}],"wp:featuredmedia":[{"embeddable":true,"href":"https:\/\/www.lactissima.com\/a-tire-d-ailes\/wp-json\/wp\/v2\/media\/6615"}],"wp:attachment":[{"href":"https:\/\/www.lactissima.com\/a-tire-d-ailes\/wp-json\/wp\/v2\/media?parent=6614"}],"wp:term":[{"taxonomy":"category","embeddable":true,"href":"https:\/\/www.lactissima.com\/a-tire-d-ailes\/wp-json\/wp\/v2\/categories?post=6614"},{"taxonomy":"post_tag","embeddable":true,"href":"https:\/\/www.lactissima.com\/a-tire-d-ailes\/wp-json\/wp\/v2\/tags?post=6614"}],"curies":[{"name":"wp","href":"https:\/\/api.w.org\/{rel}","templated":true}]}}