{"id":6605,"date":"2016-03-03T08:52:39","date_gmt":"2016-03-03T07:52:39","guid":{"rendered":"https:\/\/www.lactissima.com\/a-tire-d-ailes\/?p=6605"},"modified":"2016-03-03T08:54:27","modified_gmt":"2016-03-03T07:54:27","slug":"luxembourg-temoignage-dannabelle","status":"publish","type":"post","link":"https:\/\/www.lactissima.com\/a-tire-d-ailes\/luxembourg-temoignage-dannabelle\/","title":{"rendered":"Luxembourg : le t\u00e9moignage d&rsquo;Annabelle"},"content":{"rendered":"<ul>\n<li style=\"text-align: justify;\"><strong><img loading=\"lazy\" decoding=\"async\" class=\"alignright size-full wp-image-6606\" src=\"https:\/\/www.lactissima.com\/a-tire-d-ailes\/wp-content\/uploads\/2016\/03\/annabelle.jpg\" alt=\"Luxembourg\" width=\"240\" height=\"320\" srcset=\"https:\/\/www.lactissima.com\/a-tire-d-ailes\/wp-content\/uploads\/2016\/03\/annabelle.jpg 240w, https:\/\/www.lactissima.com\/a-tire-d-ailes\/wp-content\/uploads\/2016\/03\/annabelle-225x300.jpg 225w\" sizes=\"(max-width: 240px) 100vw, 240px\" \/>Dans quel pays travaillez vous ? Connaissez vous la l\u00e9gislation locale en mati\u00e8re de cong\u00e9s maternit\u00e9, cong\u00e9s allaitement, pauses d&rsquo;allaitement ?<\/strong><\/li>\n<\/ul>\n<p style=\"text-align: justify;\">Je suis fran\u00e7aise et j&rsquo;habite au Luxembourg depuis 7 ans. Je suis maman d&rsquo;un gar\u00e7on de 2,5 ans et d&rsquo;une fille de 3 mois. Je travaille dans une banque.<br \/>\nLe cong\u00e9 de maternit\u00e9 commence 8 semaines avant le terme et se termine 8 semaines apr\u00e8s la date du terme. En cas d&rsquo;allaitement, un mois suppl\u00e9mentaire de cong\u00e9 de maternit\u00e9 est offert \u00e0 la maman.<br \/>\nLe cong\u00e9 parental doit se prendre soit directement apr\u00e8s le cong\u00e9 mat pour une dur\u00e9e de 6 mois \u00e0 temps plein ou bien de 12 mois en travaillant \u00e0 mi-temps. Il est r\u00e9mun\u00e9r\u00e9 1700\u00e2\u201a\u00ac\/mois \u00e0 temps plein et la moiti\u00e9 \u00e0 mi-temps. Si la maman ne le prend pas directement apr\u00e8s le cong\u00e9 mat, le p\u00e8re ou la m\u00e8re a jusqu&rsquo;au 5 ans de l&rsquo;enfant pour le prendre.<br \/>\nChaque employ\u00e9e a le droit \u00e0 1h30 par jour pour allaiter son enfant (tirer son lait ou aller lui donner), sur son temps de travail, sans limite d&rsquo;\u00e2ge.<br \/>\n<span style=\"color: #ffffff;\">..<\/span><\/p>\n<ul style=\"text-align: justify;\">\n<li><strong>Quel choix avez-vous fait au moment de la reprise du travail : sevrage ou poursuite de l&rsquo;allaitement ? Pourquoi ?<\/strong><\/li>\n<\/ul>\n<p style=\"text-align: justify;\">Mon fils est n\u00e9 avec 3 semaines d&rsquo;avance donc j&rsquo;ai eu 3 mois de cong\u00e9 mat + 1 mois de cong\u00e9 allaitement + 1 mois de cong\u00e9s pay\u00e9s; il est all\u00e9 \u00e0 la cr\u00e8che \u00e0 5 mois.<br \/>\n<span style=\"line-height: 1.5;\">Les d\u00e9buts de l&rsquo;allaitement ont \u00e9t\u00e9 tr\u00e8s difficiles en raison de son arriv\u00e9e pr\u00e9coce et de la c\u00e9sarienne mais je voulais l&rsquo;allaiter 6 mois comme le recommande l&rsquo;OMS. Gr\u00e2ce au temps d&rsquo;allaitement, et \u00e0 la proximit\u00e9 de la cr\u00e8che, la reprise du travail a \u00e9t\u00e9 id\u00e9ale pour continuer mon allaitement. Je le d\u00e9posais \u00e0 9h le matin en le nourrissant, puis la cr\u00e8che m&rsquo;appelait vers 11h30, quand il se r\u00e9veillait, pour venir l&rsquo;allaiter. Je tirais mon lait pour le biberon de 15h et venais le chercher \u00e0 16h. Je l&rsquo;ai allait\u00e9 exclusivement de cette mani\u00e8re jusqu&rsquo;\u00e0 7,5 mois et j&rsquo;ai continu\u00e9 ce rythme jusqu&rsquo;\u00e0 ses 1 an, ce qui me permettais de le voir plusieurs fois par jour et de ne pas trop tirer de lait. Je l&rsquo;ai sevr\u00e9 \u00e0 1 an.<br \/>\n<span style=\"color: #ffffff;\">..<\/span><\/span><span style=\"color: #ffffff;\"> <\/span><\/p>\n<ul style=\"text-align: justify;\">\n<li><strong>Comment vous \u00eates-vous organis\u00e9e ?<\/strong><\/li>\n<\/ul>\n<p style=\"text-align: justify;\">Le Luxembourg accueille tr\u00e8s bien les mamans allaitantes et les entreprises jouent le jeu. L&rsquo;organisation est souvent facile gr\u00e2ce \u00e0 la petite taille de la ville et donc la proximit\u00e9 de la cr\u00e8che. Travailler 32h tout en \u00e9tant pay\u00e9e 40h pour permettre aux femmes d&rsquo;allaiter est un beau cadeau !<br \/>\n<span style=\"color: #ffffff;\">..<\/span><\/p>\n<ul style=\"text-align: justify;\">\n<li><strong>Quelles ont \u00e9t\u00e9 vos principales difficult\u00e9s ?<\/strong><\/li>\n<\/ul>\n<p style=\"text-align: justify;\">Je n&rsquo;en ai pas eu. Etant commerciale, j&rsquo;\u00e9vitais juste de fixer des rendez-vous entre 11h et 12h pour \u00eatre certaine de ne pas manquer la t\u00e9t\u00e9e du midi. Je tirais seulement un biberon par jour donc cela n&rsquo;\u00e9tait pas contraignant.<br \/>\n<span style=\"color: #ffffff;\">..<\/span><\/p>\n<ul style=\"text-align: justify;\">\n<li><strong>Quels ont \u00e9t\u00e9 vos meilleurs moments ?<\/strong><\/li>\n<\/ul>\n<p style=\"text-align: justify;\">Pouvoir accompagner mon enfant durant sa 1 \u00e8re ann\u00e9e \u00e0 la cr\u00e8che. Pouvoir concilier allaitement et travail. Pouvoir l&rsquo;allaiter 1 an sans avoir de remarques de mon employeur.<br \/>\n<span style=\"color: #ffffff;\">..<\/span><\/p>\n<ul style=\"text-align: justify;\">\n<li><strong>Ce serait \u00e0 refaire, vous referiez le m\u00eame choix ? Que changeriez-vous ?<\/strong><\/li>\n<\/ul>\n<p style=\"text-align: justify;\">Je ne changerai rien. J&rsquo;ai pris le cong\u00e9 parental pour ma fille qui ira \u00e0 la cr\u00e8che \u00e0 10 mois. Je compte bien continuer \u00e0 l&rsquo;allaiter le soir et le matin tout en b\u00e9n\u00e9ficiant du temps de travail r\u00e9duit pr\u00e9vu \u00e0 cet effet, sans limite d&rsquo;\u00e2ge.<br \/>\n<span style=\"color: #ffffff;\">..<\/span><\/p>\n<p style=\"text-align: justify;\"><strong>Articles en rapport :<\/strong><\/p>\n<ul>\n<li style=\"text-align: justify;\">Voir l&rsquo;onglet <a href=\"https:\/\/www.lactissima.com\/a-tire-d-ailes\/temoignages-travail-et-allaitement\/\" target=\"_blank\">t\u00e9moignages<\/a><\/li>\n<\/ul>\n<p>&nbsp;<\/p>\n<div class='et-box et-shadow'>\n\t\t\t\t\t<div class='et-box-content'>Lire des articles ou poser des questions en commentaire ne suffit pas \u00e0 r\u00e9soudre votre probl\u00e8me ?\nSavez-vous que vous pouvez prendre RDV pour une consultation avec moi ?\nN&rsquo;h\u00e9sitez pas \u00e0 me contacter !<\/div><\/div>\n","protected":false},"excerpt":{"rendered":"<p>Dans quel pays travaillez vous ? Connaissez vous la l\u00e9gislation locale en mati\u00e8re de cong\u00e9s maternit\u00e9, cong\u00e9s allaitement, pauses d&rsquo;allaitement ? Je suis fran\u00e7aise et j&rsquo;habite au Luxembourg depuis 7 ans. Je suis maman d&rsquo;un gar\u00e7on de 2,5 ans et d&rsquo;une fille de 3 mois. Je travaille dans une banque. Le cong\u00e9 de maternit\u00e9 commence [&hellip;]<\/p>\n","protected":false},"author":170,"featured_media":6606,"comment_status":"open","ping_status":"open","sticky":false,"template":"","format":"standard","meta":{"_et_pb_use_builder":"","_et_pb_old_content":"","_et_gb_content_width":"","footnotes":""},"categories":[150],"tags":[704],"class_list":["post-6605","post","type-post","status-publish","format-standard","has-post-thumbnail","hentry","category-temoignages","tag-luxembourg"],"yoast_head":"<!-- This site is optimized with the Yoast SEO plugin v27.4 - https:\/\/yoast.com\/product\/yoast-seo-wordpress\/ -->\n<title>Luxembourg : le t\u00e9moignage d&#039;Annabelle<\/title>\n<meta name=\"description\" content=\"Annabelle travaille au Luxembourg et a pu b\u00e9n\u00e9ficier de conditions favorables \u00e0 la poursuite de l&#039;allaitement \u00e0 la reprise du travail.\" \/>\n<meta name=\"robots\" content=\"index, follow, max-snippet:-1, max-image-preview:large, max-video-preview:-1\" \/>\n<link rel=\"canonical\" href=\"https:\/\/www.lactissima.com\/a-tire-d-ailes\/luxembourg-temoignage-dannabelle\/\" \/>\n<meta property=\"og:locale\" content=\"fr_FR\" \/>\n<meta property=\"og:type\" content=\"article\" \/>\n<meta property=\"og:title\" content=\"Luxembourg : le t\u00e9moignage d&#039;Annabelle\" \/>\n<meta property=\"og:description\" content=\"Annabelle travaille au Luxembourg et a pu b\u00e9n\u00e9ficier de conditions favorables \u00e0 la poursuite de l&#039;allaitement \u00e0 la reprise du travail.\" \/>\n<meta property=\"og:url\" content=\"https:\/\/www.lactissima.com\/a-tire-d-ailes\/luxembourg-temoignage-dannabelle\/\" \/>\n<meta property=\"og:site_name\" content=\"A tire d&#039;Ailes\" \/>\n<meta property=\"article:publisher\" content=\"https:\/\/www.facebook.com\/consultante.en.lactation\" \/>\n<meta property=\"article:author\" content=\"www.facebook.com\/consultante.en.lactation\" \/>\n<meta property=\"article:published_time\" content=\"2016-03-03T07:52:39+00:00\" \/>\n<meta property=\"article:modified_time\" content=\"2016-03-03T07:54:27+00:00\" \/>\n<meta property=\"og:image\" content=\"https:\/\/www.lactissima.com\/a-tire-d-ailes\/wp-content\/uploads\/2016\/03\/annabelle.jpg\" \/>\n\t<meta property=\"og:image:width\" content=\"240\" \/>\n\t<meta property=\"og:image:height\" content=\"320\" \/>\n\t<meta property=\"og:image:type\" content=\"image\/jpeg\" \/>\n<meta name=\"author\" content=\"V\u00e9ronique Darmangeat\" \/>\n<meta name=\"twitter:card\" content=\"summary_large_image\" \/>\n<meta name=\"twitter:creator\" content=\"@VeroniqueIBCLC\" \/>\n<meta name=\"twitter:site\" content=\"@VeroniqueIBCLC\" \/>\n<meta name=\"twitter:label1\" content=\"\u00c9crit par\" \/>\n\t<meta name=\"twitter:data1\" content=\"V\u00e9ronique Darmangeat\" \/>\n\t<meta name=\"twitter:label2\" content=\"Dur\u00e9e de lecture estim\u00e9e\" \/>\n\t<meta name=\"twitter:data2\" content=\"3 minutes\" \/>\n<script type=\"application\/ld+json\" class=\"yoast-schema-graph\">{\"@context\":\"https:\\\/\\\/schema.org\",\"@graph\":[{\"@type\":\"Article\",\"@id\":\"https:\\\/\\\/www.lactissima.com\\\/a-tire-d-ailes\\\/luxembourg-temoignage-dannabelle\\\/#article\",\"isPartOf\":{\"@id\":\"https:\\\/\\\/www.lactissima.com\\\/a-tire-d-ailes\\\/luxembourg-temoignage-dannabelle\\\/\"},\"author\":{\"name\":\"V\u00e9ronique Darmangeat\",\"@id\":\"https:\\\/\\\/www.lactissima.com\\\/a-tire-d-ailes\\\/#\\\/schema\\\/person\\\/8f98d3a89530861bc1240e6d53d44eed\"},\"headline\":\"Luxembourg : le t\u00e9moignage d&rsquo;Annabelle\",\"datePublished\":\"2016-03-03T07:52:39+00:00\",\"dateModified\":\"2016-03-03T07:54:27+00:00\",\"mainEntityOfPage\":{\"@id\":\"https:\\\/\\\/www.lactissima.com\\\/a-tire-d-ailes\\\/luxembourg-temoignage-dannabelle\\\/\"},\"wordCount\":641,\"commentCount\":2,\"image\":{\"@id\":\"https:\\\/\\\/www.lactissima.com\\\/a-tire-d-ailes\\\/luxembourg-temoignage-dannabelle\\\/#primaryimage\"},\"thumbnailUrl\":\"https:\\\/\\\/www.lactissima.com\\\/a-tire-d-ailes\\\/wp-content\\\/uploads\\\/2016\\\/03\\\/annabelle.jpg\",\"keywords\":[\"Luxembourg\"],\"articleSection\":[\"t\u00e9moignages\"],\"inLanguage\":\"fr-FR\",\"potentialAction\":[{\"@type\":\"CommentAction\",\"name\":\"Comment\",\"target\":[\"https:\\\/\\\/www.lactissima.com\\\/a-tire-d-ailes\\\/luxembourg-temoignage-dannabelle\\\/#respond\"]}]},{\"@type\":\"WebPage\",\"@id\":\"https:\\\/\\\/www.lactissima.com\\\/a-tire-d-ailes\\\/luxembourg-temoignage-dannabelle\\\/\",\"url\":\"https:\\\/\\\/www.lactissima.com\\\/a-tire-d-ailes\\\/luxembourg-temoignage-dannabelle\\\/\",\"name\":\"Luxembourg : le t\u00e9moignage d'Annabelle\",\"isPartOf\":{\"@id\":\"https:\\\/\\\/www.lactissima.com\\\/a-tire-d-ailes\\\/#website\"},\"primaryImageOfPage\":{\"@id\":\"https:\\\/\\\/www.lactissima.com\\\/a-tire-d-ailes\\\/luxembourg-temoignage-dannabelle\\\/#primaryimage\"},\"image\":{\"@id\":\"https:\\\/\\\/www.lactissima.com\\\/a-tire-d-ailes\\\/luxembourg-temoignage-dannabelle\\\/#primaryimage\"},\"thumbnailUrl\":\"https:\\\/\\\/www.lactissima.com\\\/a-tire-d-ailes\\\/wp-content\\\/uploads\\\/2016\\\/03\\\/annabelle.jpg\",\"datePublished\":\"2016-03-03T07:52:39+00:00\",\"dateModified\":\"2016-03-03T07:54:27+00:00\",\"author\":{\"@id\":\"https:\\\/\\\/www.lactissima.com\\\/a-tire-d-ailes\\\/#\\\/schema\\\/person\\\/8f98d3a89530861bc1240e6d53d44eed\"},\"description\":\"Annabelle travaille au Luxembourg et a pu b\u00e9n\u00e9ficier de conditions favorables \u00e0 la poursuite de l'allaitement \u00e0 la reprise du travail.\",\"breadcrumb\":{\"@id\":\"https:\\\/\\\/www.lactissima.com\\\/a-tire-d-ailes\\\/luxembourg-temoignage-dannabelle\\\/#breadcrumb\"},\"inLanguage\":\"fr-FR\",\"potentialAction\":[{\"@type\":\"ReadAction\",\"target\":[\"https:\\\/\\\/www.lactissima.com\\\/a-tire-d-ailes\\\/luxembourg-temoignage-dannabelle\\\/\"]}]},{\"@type\":\"ImageObject\",\"inLanguage\":\"fr-FR\",\"@id\":\"https:\\\/\\\/www.lactissima.com\\\/a-tire-d-ailes\\\/luxembourg-temoignage-dannabelle\\\/#primaryimage\",\"url\":\"https:\\\/\\\/www.lactissima.com\\\/a-tire-d-ailes\\\/wp-content\\\/uploads\\\/2016\\\/03\\\/annabelle.jpg\",\"contentUrl\":\"https:\\\/\\\/www.lactissima.com\\\/a-tire-d-ailes\\\/wp-content\\\/uploads\\\/2016\\\/03\\\/annabelle.jpg\",\"width\":240,\"height\":320,\"caption\":\"Luxembourg\"},{\"@type\":\"BreadcrumbList\",\"@id\":\"https:\\\/\\\/www.lactissima.com\\\/a-tire-d-ailes\\\/luxembourg-temoignage-dannabelle\\\/#breadcrumb\",\"itemListElement\":[{\"@type\":\"ListItem\",\"position\":1,\"name\":\"Accueil\",\"item\":\"https:\\\/\\\/www.lactissima.com\\\/a-tire-d-ailes\\\/\"},{\"@type\":\"ListItem\",\"position\":2,\"name\":\"Luxembourg : le t\u00e9moignage d&rsquo;Annabelle\"}]},{\"@type\":\"WebSite\",\"@id\":\"https:\\\/\\\/www.lactissima.com\\\/a-tire-d-ailes\\\/#website\",\"url\":\"https:\\\/\\\/www.lactissima.com\\\/a-tire-d-ailes\\\/\",\"name\":\"A tire d&#039;Ailes\",\"description\":\"Le blog des femmes qui allaitent et travaillent.\",\"potentialAction\":[{\"@type\":\"SearchAction\",\"target\":{\"@type\":\"EntryPoint\",\"urlTemplate\":\"https:\\\/\\\/www.lactissima.com\\\/a-tire-d-ailes\\\/?s={search_term_string}\"},\"query-input\":{\"@type\":\"PropertyValueSpecification\",\"valueRequired\":true,\"valueName\":\"search_term_string\"}}],\"inLanguage\":\"fr-FR\"},{\"@type\":\"Person\",\"@id\":\"https:\\\/\\\/www.lactissima.com\\\/a-tire-d-ailes\\\/#\\\/schema\\\/person\\\/8f98d3a89530861bc1240e6d53d44eed\",\"name\":\"V\u00e9ronique Darmangeat\",\"image\":{\"@type\":\"ImageObject\",\"inLanguage\":\"fr-FR\",\"@id\":\"https:\\\/\\\/secure.gravatar.com\\\/avatar\\\/268c99344c89cebfe4f5df5fa8be43068a18884fc76a29f3206fae98465b9cab?s=96&d=identicon&r=g\",\"url\":\"https:\\\/\\\/secure.gravatar.com\\\/avatar\\\/268c99344c89cebfe4f5df5fa8be43068a18884fc76a29f3206fae98465b9cab?s=96&d=identicon&r=g\",\"contentUrl\":\"https:\\\/\\\/secure.gravatar.com\\\/avatar\\\/268c99344c89cebfe4f5df5fa8be43068a18884fc76a29f3206fae98465b9cab?s=96&d=identicon&r=g\",\"caption\":\"V\u00e9ronique Darmangeat\"},\"sameAs\":[\"https:\\\/\\\/www.lactissima.com\\\/a-tire-d-ailes\",\"www.facebook.com\\\/consultante.en.lactation\"]}]}<\/script>\n<!-- \/ Yoast SEO plugin. -->","yoast_head_json":{"title":"Luxembourg : le t\u00e9moignage d'Annabelle","description":"Annabelle travaille au Luxembourg et a pu b\u00e9n\u00e9ficier de conditions favorables \u00e0 la poursuite de l'allaitement \u00e0 la reprise du travail.","robots":{"index":"index","follow":"follow","max-snippet":"max-snippet:-1","max-image-preview":"max-image-preview:large","max-video-preview":"max-video-preview:-1"},"canonical":"https:\/\/www.lactissima.com\/a-tire-d-ailes\/luxembourg-temoignage-dannabelle\/","og_locale":"fr_FR","og_type":"article","og_title":"Luxembourg : le t\u00e9moignage d'Annabelle","og_description":"Annabelle travaille au Luxembourg et a pu b\u00e9n\u00e9ficier de conditions favorables \u00e0 la poursuite de l'allaitement \u00e0 la reprise du travail.","og_url":"https:\/\/www.lactissima.com\/a-tire-d-ailes\/luxembourg-temoignage-dannabelle\/","og_site_name":"A tire d&#039;Ailes","article_publisher":"https:\/\/www.facebook.com\/consultante.en.lactation","article_author":"www.facebook.com\/consultante.en.lactation","article_published_time":"2016-03-03T07:52:39+00:00","article_modified_time":"2016-03-03T07:54:27+00:00","og_image":[{"width":240,"height":320,"url":"https:\/\/www.lactissima.com\/a-tire-d-ailes\/wp-content\/uploads\/2016\/03\/annabelle.jpg","type":"image\/jpeg"}],"author":"V\u00e9ronique Darmangeat","twitter_card":"summary_large_image","twitter_creator":"@VeroniqueIBCLC","twitter_site":"@VeroniqueIBCLC","twitter_misc":{"\u00c9crit par":"V\u00e9ronique Darmangeat","Dur\u00e9e de lecture estim\u00e9e":"3 minutes"},"schema":{"@context":"https:\/\/schema.org","@graph":[{"@type":"Article","@id":"https:\/\/www.lactissima.com\/a-tire-d-ailes\/luxembourg-temoignage-dannabelle\/#article","isPartOf":{"@id":"https:\/\/www.lactissima.com\/a-tire-d-ailes\/luxembourg-temoignage-dannabelle\/"},"author":{"name":"V\u00e9ronique Darmangeat","@id":"https:\/\/www.lactissima.com\/a-tire-d-ailes\/#\/schema\/person\/8f98d3a89530861bc1240e6d53d44eed"},"headline":"Luxembourg : le t\u00e9moignage d&rsquo;Annabelle","datePublished":"2016-03-03T07:52:39+00:00","dateModified":"2016-03-03T07:54:27+00:00","mainEntityOfPage":{"@id":"https:\/\/www.lactissima.com\/a-tire-d-ailes\/luxembourg-temoignage-dannabelle\/"},"wordCount":641,"commentCount":2,"image":{"@id":"https:\/\/www.lactissima.com\/a-tire-d-ailes\/luxembourg-temoignage-dannabelle\/#primaryimage"},"thumbnailUrl":"https:\/\/www.lactissima.com\/a-tire-d-ailes\/wp-content\/uploads\/2016\/03\/annabelle.jpg","keywords":["Luxembourg"],"articleSection":["t\u00e9moignages"],"inLanguage":"fr-FR","potentialAction":[{"@type":"CommentAction","name":"Comment","target":["https:\/\/www.lactissima.com\/a-tire-d-ailes\/luxembourg-temoignage-dannabelle\/#respond"]}]},{"@type":"WebPage","@id":"https:\/\/www.lactissima.com\/a-tire-d-ailes\/luxembourg-temoignage-dannabelle\/","url":"https:\/\/www.lactissima.com\/a-tire-d-ailes\/luxembourg-temoignage-dannabelle\/","name":"Luxembourg : le t\u00e9moignage d'Annabelle","isPartOf":{"@id":"https:\/\/www.lactissima.com\/a-tire-d-ailes\/#website"},"primaryImageOfPage":{"@id":"https:\/\/www.lactissima.com\/a-tire-d-ailes\/luxembourg-temoignage-dannabelle\/#primaryimage"},"image":{"@id":"https:\/\/www.lactissima.com\/a-tire-d-ailes\/luxembourg-temoignage-dannabelle\/#primaryimage"},"thumbnailUrl":"https:\/\/www.lactissima.com\/a-tire-d-ailes\/wp-content\/uploads\/2016\/03\/annabelle.jpg","datePublished":"2016-03-03T07:52:39+00:00","dateModified":"2016-03-03T07:54:27+00:00","author":{"@id":"https:\/\/www.lactissima.com\/a-tire-d-ailes\/#\/schema\/person\/8f98d3a89530861bc1240e6d53d44eed"},"description":"Annabelle travaille au Luxembourg et a pu b\u00e9n\u00e9ficier de conditions favorables \u00e0 la poursuite de l'allaitement \u00e0 la reprise du travail.","breadcrumb":{"@id":"https:\/\/www.lactissima.com\/a-tire-d-ailes\/luxembourg-temoignage-dannabelle\/#breadcrumb"},"inLanguage":"fr-FR","potentialAction":[{"@type":"ReadAction","target":["https:\/\/www.lactissima.com\/a-tire-d-ailes\/luxembourg-temoignage-dannabelle\/"]}]},{"@type":"ImageObject","inLanguage":"fr-FR","@id":"https:\/\/www.lactissima.com\/a-tire-d-ailes\/luxembourg-temoignage-dannabelle\/#primaryimage","url":"https:\/\/www.lactissima.com\/a-tire-d-ailes\/wp-content\/uploads\/2016\/03\/annabelle.jpg","contentUrl":"https:\/\/www.lactissima.com\/a-tire-d-ailes\/wp-content\/uploads\/2016\/03\/annabelle.jpg","width":240,"height":320,"caption":"Luxembourg"},{"@type":"BreadcrumbList","@id":"https:\/\/www.lactissima.com\/a-tire-d-ailes\/luxembourg-temoignage-dannabelle\/#breadcrumb","itemListElement":[{"@type":"ListItem","position":1,"name":"Accueil","item":"https:\/\/www.lactissima.com\/a-tire-d-ailes\/"},{"@type":"ListItem","position":2,"name":"Luxembourg : le t\u00e9moignage d&rsquo;Annabelle"}]},{"@type":"WebSite","@id":"https:\/\/www.lactissima.com\/a-tire-d-ailes\/#website","url":"https:\/\/www.lactissima.com\/a-tire-d-ailes\/","name":"A tire d&#039;Ailes","description":"Le blog des femmes qui allaitent et travaillent.","potentialAction":[{"@type":"SearchAction","target":{"@type":"EntryPoint","urlTemplate":"https:\/\/www.lactissima.com\/a-tire-d-ailes\/?s={search_term_string}"},"query-input":{"@type":"PropertyValueSpecification","valueRequired":true,"valueName":"search_term_string"}}],"inLanguage":"fr-FR"},{"@type":"Person","@id":"https:\/\/www.lactissima.com\/a-tire-d-ailes\/#\/schema\/person\/8f98d3a89530861bc1240e6d53d44eed","name":"V\u00e9ronique Darmangeat","image":{"@type":"ImageObject","inLanguage":"fr-FR","@id":"https:\/\/secure.gravatar.com\/avatar\/268c99344c89cebfe4f5df5fa8be43068a18884fc76a29f3206fae98465b9cab?s=96&d=identicon&r=g","url":"https:\/\/secure.gravatar.com\/avatar\/268c99344c89cebfe4f5df5fa8be43068a18884fc76a29f3206fae98465b9cab?s=96&d=identicon&r=g","contentUrl":"https:\/\/secure.gravatar.com\/avatar\/268c99344c89cebfe4f5df5fa8be43068a18884fc76a29f3206fae98465b9cab?s=96&d=identicon&r=g","caption":"V\u00e9ronique Darmangeat"},"sameAs":["https:\/\/www.lactissima.com\/a-tire-d-ailes","www.facebook.com\/consultante.en.lactation"]}]}},"_links":{"self":[{"href":"https:\/\/www.lactissima.com\/a-tire-d-ailes\/wp-json\/wp\/v2\/posts\/6605","targetHints":{"allow":["GET"]}}],"collection":[{"href":"https:\/\/www.lactissima.com\/a-tire-d-ailes\/wp-json\/wp\/v2\/posts"}],"about":[{"href":"https:\/\/www.lactissima.com\/a-tire-d-ailes\/wp-json\/wp\/v2\/types\/post"}],"author":[{"embeddable":true,"href":"https:\/\/www.lactissima.com\/a-tire-d-ailes\/wp-json\/wp\/v2\/users\/170"}],"replies":[{"embeddable":true,"href":"https:\/\/www.lactissima.com\/a-tire-d-ailes\/wp-json\/wp\/v2\/comments?post=6605"}],"version-history":[{"count":5,"href":"https:\/\/www.lactissima.com\/a-tire-d-ailes\/wp-json\/wp\/v2\/posts\/6605\/revisions"}],"predecessor-version":[{"id":6611,"href":"https:\/\/www.lactissima.com\/a-tire-d-ailes\/wp-json\/wp\/v2\/posts\/6605\/revisions\/6611"}],"wp:featuredmedia":[{"embeddable":true,"href":"https:\/\/www.lactissima.com\/a-tire-d-ailes\/wp-json\/wp\/v2\/media\/6606"}],"wp:attachment":[{"href":"https:\/\/www.lactissima.com\/a-tire-d-ailes\/wp-json\/wp\/v2\/media?parent=6605"}],"wp:term":[{"taxonomy":"category","embeddable":true,"href":"https:\/\/www.lactissima.com\/a-tire-d-ailes\/wp-json\/wp\/v2\/categories?post=6605"},{"taxonomy":"post_tag","embeddable":true,"href":"https:\/\/www.lactissima.com\/a-tire-d-ailes\/wp-json\/wp\/v2\/tags?post=6605"}],"curies":[{"name":"wp","href":"https:\/\/api.w.org\/{rel}","templated":true}]}}