{"id":6597,"date":"2016-02-25T18:54:36","date_gmt":"2016-02-25T17:54:36","guid":{"rendered":"https:\/\/www.lactissima.com\/a-tire-d-ailes\/?p=6597"},"modified":"2016-02-25T18:54:36","modified_gmt":"2016-02-25T17:54:36","slug":"allaiter-et-travailler-le-temoignage-de-fanny","status":"publish","type":"post","link":"https:\/\/www.lactissima.com\/a-tire-d-ailes\/allaiter-et-travailler-le-temoignage-de-fanny\/","title":{"rendered":"Allaiter et travailler : le t\u00e9moignage de Fanny"},"content":{"rendered":"<p style=\"text-align: justify;\"><img loading=\"lazy\" decoding=\"async\" class=\"alignright size-full wp-image-6599\" src=\"https:\/\/www.lactissima.com\/a-tire-d-ailes\/wp-content\/uploads\/2016\/02\/fanny.jpg\" alt=\"fanny\" width=\"275\" height=\"367\" srcset=\"https:\/\/www.lactissima.com\/a-tire-d-ailes\/wp-content\/uploads\/2016\/02\/fanny.jpg 275w, https:\/\/www.lactissima.com\/a-tire-d-ailes\/wp-content\/uploads\/2016\/02\/fanny-225x300.jpg 225w\" sizes=\"(max-width: 275px) 100vw, 275px\" \/>Je m&rsquo;appelle Fanny, j&rsquo;ai 30 ans, je vis pr\u00e8s d&rsquo;Avignon et je travaille dans un bureau d&rsquo;\u00e9tudes.<br \/>\nJe suis l&rsquo;heureuse maman de Charlotte depuis le 20 juillet 2014.<\/p>\n<ul style=\"text-align: justify;\">\n<li><strong>Quel choix avez-vous fait au moment de la reprise du travail : sevrage ou poursuite de l&rsquo;allaitement ? Pourquoi ?<\/strong><\/li>\n<\/ul>\n<p style=\"text-align: justify;\">Avant de tomber enceinte, je ne voulais pas allaiter. J&rsquo;avais peur d&rsquo;avoir les seins qui tombent&#8230;<br \/>\nEt puis quand je me suis retrouv\u00e9e avec mon b\u00e9b\u00e9 dans le bidou, je voulais allaiter. C&rsquo;\u00e9tait \u00e9vident. Et je crois que j&rsquo;aurais \u00e9t\u00e9 tr\u00e8s d\u00e9\u00e7ue si \u00e7a n&rsquo;avait pas march\u00e9.<\/p>\n<p style=\"text-align: justify;\">Je pense avoir \u00e9t\u00e9 bien pr\u00e9par\u00e9e \u00e0 ce qu&rsquo;allait \u00eatre l&rsquo;allaitement. J&rsquo;ai aussi bien pr\u00e9cis\u00e9 \u00e0 la maternit\u00e9 que je ne voulais pas qu&rsquo;on donne de biberon \u00e0 ma fille. Elle avait de la marge avec ses 4kgs de poids de naissance \ud83d\ude42 .<br \/>\nJ&rsquo;ai eu \u00e9galement la chance d&rsquo;avoir un b\u00e9b\u00e9 qui a bien t\u00e9t\u00e9 d\u00e8s le d\u00e9but, et goulument. L&rsquo;allaitement s&rsquo;est mis en place assez rapidement et facilement.<\/p>\n<p style=\"text-align: justify;\">J&rsquo;avais pr\u00e9vu de reprendre le travail apr\u00e8s le cong\u00e9s maternit\u00e9, donc je m&rsquo;\u00e9tais fix\u00e9 2 mois et demi d&rsquo;allaitement.<br \/>\nEt puis 2 mois et demi, \u00e7a passe tr\u00e8s vite. Trop vite.<br \/>\nMon p\u00e9diatre, m&rsquo;a naturellement mis en relation avec une conseill\u00e8re en lactation. C&rsquo;est l\u00e0 que j&rsquo;ai compris le r\u00f4le qu&rsquo;allait jouer le fameux tire-lait qu&rsquo;on avait achet\u00e9 !<br \/>\nC&rsquo;est aussi l\u00e0 que j&rsquo;ai entrevu la possibilit\u00e9 de continuer un peu plus l&rsquo;allaitement.<\/p>\n<ul>\n<li style=\"text-align: justify;\"><strong>Comment vous \u00eates-vous organis\u00e9e ?<\/strong><\/li>\n<\/ul>\n<p style=\"text-align: justify;\">Avant de reprendre le travail, je pense avoir lu tous les autres t\u00e9moignages du blog. Oui, j&rsquo;esp\u00e9rais trouver celui qui collerait parfaitement \u00e0 mon cas.<br \/>\nPour me rassurer et voir si c&rsquo;\u00e9tait r\u00e9alisable. Je n&rsquo;en ai trouv\u00e9 aucun.<br \/>\nOn est toutes diff\u00e9rentes et on a chacune notre mode de fonctionnement, nos habitudes&#8230; Il a fallu trouver ma propre organisation.<\/p>\n<p style=\"text-align: justify;\">J&rsquo;allais reprendre le travail \u00e0 80% pendant 6 mois. Et Charlotte allait se retrouver \u00e0 la cr\u00e8che. Il fallait qu&rsquo;elle fasse connaissance avec le biberon et qu&rsquo;elle s&rsquo;y habitue.<br \/>\nQuelques semaines avant la reprise, j&rsquo;ai commenc\u00e9 \u00e0 tirer mon lait, et on a fait des essais avec le papa.<br \/>\nJe ne voulais pas lui donner moi m\u00eame le biberon, de peur qu&rsquo;elle ne prenne plus le sein. Apr\u00e8s quelques petits cafouillages, la prise du bibi, c&rsquo;\u00e9tait ok !<\/p>\n<p style=\"text-align: justify;\">Pour l&rsquo;organisation en elle m\u00eame, \u00e7a s&rsquo;est mis en place rapidement.<br \/>\nPendant les 6 premiers mois de reprise, je travaillais du lundi au jeudi, de 8h \u00e0 16h avec une pause d&rsquo;une heure pour le d\u00e9jeuner et le tirage.<br \/>\nMa bo\u00eete est petite, nous sommes 11 et tout le monde \u00e9tait au courant que je tirais mon lait. J&rsquo;attendais qu&rsquo;un de mes coll\u00e8gues parte d\u00e9jeuner pour utiliser son bureau (je suis avec 4 hommes dans mon bureau, je me voyais mal faire \u00e7a devant eux !). Puis je stockais mon lait dans le frigo collectif.<\/p>\n<p style=\"text-align: justify;\">A la cr\u00e8che, le lait maternel (m\u00eame congel\u00e9) a \u00e9t\u00e9 accept\u00e9 sans aucun probl\u00e8me. Le directeur m&rsquo;a m\u00eame propos\u00e9 de l&rsquo;aide si j&rsquo;en avais besoin \u00e0 la reprise \u00e0 100%.<br \/>\nC&rsquo;est vraiment super de se sentir entour\u00e9e de gens qui vont dans votre sens.<\/p>\n<p style=\"text-align: justify;\">&#8211; Le matin, il y avait une t\u00e9t\u00e9e au r\u00e9veil.<br \/>\n&#8211; A midi, Charlotte avait son bibi de lait maternel \u00e0 la cr\u00e8che, et moi je tirais mon lait au boulot.<br \/>\n&#8211; Au gouter, pareil, elle avait son bibi \u00e0 la cr\u00e8che. Moi je ne tirais mon lait qu&rsquo;une fois rentr\u00e9e \u00e0 la maison, vers 17h-17h30.<br \/>\n&#8211; Le soir, \u00e0 nouveau une t\u00e9t\u00e9e.<\/p>\n<p style=\"text-align: justify;\">\u00c3\u2021a fonctionnait bien comme \u00e7a, le vendredi et le week-end, c&rsquo;\u00e9tait t\u00e9t\u00e9e \u00e0 chaque fois, sauf peut \u00eatre quelques rares fois ou papa voulait donner le biberon, moi je compensais par un tirage.<\/p>\n<p style=\"text-align: justify;\">Puis sont arriv\u00e9es progressivement et successivement : la diversification, la suppression du bibi du midi, la reprise \u00e0 100% ( du lundi au vendredi en finissant \u00e0 18h30 avec le mercredi apr\u00e8s midi de libre).<br \/>\n\u00c3\u2021a s&rsquo;est ressenti au niveau des quantit\u00e9s de lait tir\u00e9. Mais finalement, \u00e7a collait toujours tr\u00e8s bien aux besoins de b\u00e9b\u00e9.<br \/>\nJ&rsquo;ai continu\u00e9 \u00e0 tirer mon lait au travail jusqu&rsquo;aux 10 mois de b\u00e9b\u00e9. Je sentais que la production avait beaucoup diminu\u00e9. Et il faut l&rsquo;avouer, le tire-lait, il commen\u00e7ait \u00e0 me gonfler ! Enfin c&rsquo;\u00e9tait surtout la corv\u00e9e de nettoyage de l&rsquo;engin qui m&rsquo;exasp\u00e9rait&#8230;<br \/>\nC&rsquo;\u00e9tait le moment d&rsquo;arr\u00eater.<\/p>\n<ul>\n<li style=\"text-align: justify;\"><strong>Quelles ont \u00e9t\u00e9 vos principales difficult\u00e9s ?<\/strong><\/li>\n<\/ul>\n<p style=\"text-align: justify;\">Je n&rsquo;ai pas eu de difficult\u00e9s particuli\u00e8res.<br \/>\nJ&rsquo;ai fait le choix du tire-lait manuel, \u00e7a me prenait 20 min maximum pour tirer les 2 seins. J&rsquo;avais essay\u00e9 le tire-lait \u00e9lectrique, mais j&rsquo;ai trouv\u00e9 \u00e7a assez peu confortable et tr\u00e8s contraignant.<\/p>\n<p style=\"text-align: justify;\">Il y a eu aussi l&rsquo;\u00e9pisode du choix du biberon un peu difficile. Ma conseill\u00e8re en lactation m&rsquo;avait parl\u00e9 du Calma de Medela, je m&rsquo;en suis procur\u00e9 un, mais c&rsquo;\u00e9tait pas g\u00e9nial, b\u00e9b\u00e9 n&rsquo;a pas forc\u00e9ment bien compris le syst\u00e8me. Du coup, on est pass\u00e9 au Avent, c&rsquo;\u00e9tait beaucoup mieux \ud83d\ude42<\/p>\n<p style=\"text-align: justify;\">Quand Charlotte \u00e0 commenc\u00e9 la cr\u00e8che, elle s&rsquo;est remise \u00e0 se r\u00e9veiller la nuit (peut \u00eatre avait-elle compris que j&rsquo;\u00e9tais l\u00e0 \u00e0 ce moment l\u00e0 , et que c&rsquo;\u00e9tait le moment de r\u00e9clamer), elle qui faisait ses nuit depuis ses 1 mois et demi&#8230; \u00c3\u2021a n&rsquo;a dur\u00e9 que quelques semaines, mais c&rsquo;\u00e9tait assez dur de devoir se relever la nuit en ayant repris le travail.<\/p>\n<p style=\"text-align: justify;\">Au final, le plus dur \u00e0 \u00e9t\u00e9 de passer au lait artificiel. Pour moi ! Car Charlotte n&rsquo;a m\u00eame pas sourcill\u00e9 quand on lui a donn\u00e9 son premier bibi de LA&#8230; Comme dirait une copine, c&rsquo;est limite vexant \ud83d\ude42 .<\/p>\n<ul>\n<li style=\"text-align: justify;\"><strong>Quels ont \u00e9t\u00e9 vos meilleurs moments ?<\/strong><\/li>\n<\/ul>\n<p style=\"text-align: justify;\">Les t\u00e9t\u00e9es du matin. Celles d&rsquo;ailleurs qui me manquent !<\/p>\n<ul style=\"text-align: justify;\">\n<li><strong>Qu&rsquo;est-ce que vous souhaiteriez dire aux mamans qui doivent faire un choix dans les semaines \u00e0 venir ?<\/strong><\/li>\n<\/ul>\n<p style=\"text-align: justify;\">J&rsquo;estime faire partie des mamans chanceuses qui n&rsquo;ont pas eu de difficult\u00e9s, ni avec la personne qui garde b\u00e9b\u00e9, ni avec son employeur&#8230; avec personne. C&rsquo;est difficile pour moi de donner un conseil.<br \/>\nMais je pense que dans le cas d&rsquo;une poursuite d&rsquo;allaitement, il faut discuter de ce choix avec les personnes qui seront concern\u00e9es directement par ce choix (dans mon cas c&rsquo;\u00e9tait la cr\u00e8che et mon patron) et le plus t\u00f4t possible.<br \/>\nEt surtout \u00e9coutez-vous et ne culpabilisez pas. Si vous vous posez la question de la poursuite ou du sevrage, c&rsquo;est que vous avez d\u00e9j\u00e0 allait\u00e9 b\u00e9b\u00e9 au moins 2 mois, et c&rsquo;est d\u00e9j\u00e0 super !<br \/>\nAh et puis, lisez le bouquin de V\u00e9ronique et les t\u00e9moignages du blog \ud83d\ude09 .<\/p>\n<ul style=\"text-align: justify;\">\n<li><strong>Ce serait \u00e0 refaire, vous referiez le m\u00eame choix ? Que changeriez-vous ?<\/strong><\/li>\n<\/ul>\n<p style=\"text-align: justify;\">Sans h\u00e9siter ! Je suis tr\u00e8s fi\u00e8re d&rsquo;avoir allait\u00e9 mon b\u00e9b\u00e9 jusqu&rsquo;\u00e0 presque 11 mois tout en travaillant. C&rsquo;est une grande satisfaction de lui avoir donn\u00e9 le meilleur \ud83d\ude42 .<br \/>\nC&rsquo;est parfois fatiguant, mais \u00e7a vaut le coup.<br \/>\nLes seules choses qu&rsquo;\u00e9ventuellement je changerais, c&rsquo;est une reprise plus en douceur du travail, je pense que je commencerais \u00e0 tirer mon lait beaucoup plus t\u00f4t et j&rsquo;ach\u00e8terai un deuxi\u00e8me tire-lait pour ne pas avoir \u00e0 laver en catastrophe le seul que j&rsquo;ai !<\/p>\n<p><strong>Articles en rapport :<\/strong><\/p>\n<ul>\n<li>Voir l&rsquo;onglet <a href=\"https:\/\/www.lactissima.com\/a-tire-d-ailes\/temoignages-travail-et-allaitement\/\" target=\"_blank\">t\u00e9moignages<\/a><\/li>\n<\/ul>\n<p>&nbsp;<\/p>\n<p style=\"text-align: justify;\"><div class='et-box et-shadow'>\n\t\t\t\t\t<div class='et-box-content'>Lire des articles ou poser des questions en commentaire ne suffit pas \u00e0 r\u00e9soudre votre probl\u00e8me ?\nSavez-vous que vous pouvez prendre RDV pour une consultation avec moi ?\nN&rsquo;h\u00e9sitez pas \u00e0 me contacter !<\/div><\/div><\/p>\n","protected":false},"excerpt":{"rendered":"<p>Je m&rsquo;appelle Fanny, j&rsquo;ai 30 ans, je vis pr\u00e8s d&rsquo;Avignon et je travaille dans un bureau d&rsquo;\u00e9tudes. Je suis l&rsquo;heureuse maman de Charlotte depuis le 20 juillet 2014. Quel choix avez-vous fait au moment de la reprise du travail : sevrage ou poursuite de l&rsquo;allaitement ? Pourquoi ? Avant de tomber enceinte, je ne voulais [&hellip;]<\/p>\n","protected":false},"author":170,"featured_media":6599,"comment_status":"open","ping_status":"open","sticky":false,"template":"","format":"standard","meta":{"_et_pb_use_builder":"","_et_pb_old_content":"","_et_gb_content_width":"","footnotes":""},"categories":[150],"tags":[],"class_list":["post-6597","post","type-post","status-publish","format-standard","has-post-thumbnail","hentry","category-temoignages"],"yoast_head":"<!-- This site is optimized with the Yoast SEO plugin v27.4 - https:\/\/yoast.com\/product\/yoast-seo-wordpress\/ -->\n<title>Allaiter et travailler : le t\u00e9moignage de Fanny<\/title>\n<meta name=\"description\" content=\"Fanny a tir\u00e9 son lait en reprenant le travail \u00e0 80%. Elle est heureuse d&#039;avoir pu poursuivre son allaitement pendant 11 mois.\" \/>\n<meta name=\"robots\" content=\"index, follow, max-snippet:-1, max-image-preview:large, max-video-preview:-1\" \/>\n<link rel=\"canonical\" href=\"https:\/\/www.lactissima.com\/a-tire-d-ailes\/allaiter-et-travailler-le-temoignage-de-fanny\/\" \/>\n<meta property=\"og:locale\" content=\"fr_FR\" \/>\n<meta property=\"og:type\" content=\"article\" \/>\n<meta property=\"og:title\" content=\"Allaiter et travailler : le t\u00e9moignage de Fanny\" \/>\n<meta property=\"og:description\" content=\"Fanny a tir\u00e9 son lait en reprenant le travail \u00e0 80%. Elle est heureuse d&#039;avoir pu poursuivre son allaitement pendant 11 mois.\" \/>\n<meta property=\"og:url\" content=\"https:\/\/www.lactissima.com\/a-tire-d-ailes\/allaiter-et-travailler-le-temoignage-de-fanny\/\" \/>\n<meta property=\"og:site_name\" content=\"A tire d&#039;Ailes\" \/>\n<meta property=\"article:publisher\" content=\"https:\/\/www.facebook.com\/consultante.en.lactation\" \/>\n<meta property=\"article:author\" content=\"www.facebook.com\/consultante.en.lactation\" \/>\n<meta property=\"article:published_time\" content=\"2016-02-25T17:54:36+00:00\" \/>\n<meta property=\"og:image\" content=\"https:\/\/www.lactissima.com\/a-tire-d-ailes\/wp-content\/uploads\/2016\/02\/fanny.jpg\" \/>\n\t<meta property=\"og:image:width\" content=\"275\" \/>\n\t<meta property=\"og:image:height\" content=\"367\" \/>\n\t<meta property=\"og:image:type\" content=\"image\/jpeg\" \/>\n<meta name=\"author\" content=\"V\u00e9ronique Darmangeat\" \/>\n<meta name=\"twitter:card\" content=\"summary_large_image\" \/>\n<meta name=\"twitter:creator\" content=\"@VeroniqueIBCLC\" \/>\n<meta name=\"twitter:site\" content=\"@VeroniqueIBCLC\" \/>\n<meta name=\"twitter:label1\" content=\"\u00c9crit par\" \/>\n\t<meta name=\"twitter:data1\" content=\"V\u00e9ronique Darmangeat\" \/>\n\t<meta name=\"twitter:label2\" content=\"Dur\u00e9e de lecture estim\u00e9e\" \/>\n\t<meta name=\"twitter:data2\" content=\"6 minutes\" \/>\n<script type=\"application\/ld+json\" class=\"yoast-schema-graph\">{\"@context\":\"https:\\\/\\\/schema.org\",\"@graph\":[{\"@type\":\"Article\",\"@id\":\"https:\\\/\\\/www.lactissima.com\\\/a-tire-d-ailes\\\/allaiter-et-travailler-le-temoignage-de-fanny\\\/#article\",\"isPartOf\":{\"@id\":\"https:\\\/\\\/www.lactissima.com\\\/a-tire-d-ailes\\\/allaiter-et-travailler-le-temoignage-de-fanny\\\/\"},\"author\":{\"name\":\"V\u00e9ronique Darmangeat\",\"@id\":\"https:\\\/\\\/www.lactissima.com\\\/a-tire-d-ailes\\\/#\\\/schema\\\/person\\\/8f98d3a89530861bc1240e6d53d44eed\"},\"headline\":\"Allaiter et travailler : le t\u00e9moignage de Fanny\",\"datePublished\":\"2016-02-25T17:54:36+00:00\",\"mainEntityOfPage\":{\"@id\":\"https:\\\/\\\/www.lactissima.com\\\/a-tire-d-ailes\\\/allaiter-et-travailler-le-temoignage-de-fanny\\\/\"},\"wordCount\":1343,\"commentCount\":5,\"image\":{\"@id\":\"https:\\\/\\\/www.lactissima.com\\\/a-tire-d-ailes\\\/allaiter-et-travailler-le-temoignage-de-fanny\\\/#primaryimage\"},\"thumbnailUrl\":\"https:\\\/\\\/www.lactissima.com\\\/a-tire-d-ailes\\\/wp-content\\\/uploads\\\/2016\\\/02\\\/fanny.jpg\",\"articleSection\":[\"t\u00e9moignages\"],\"inLanguage\":\"fr-FR\",\"potentialAction\":[{\"@type\":\"CommentAction\",\"name\":\"Comment\",\"target\":[\"https:\\\/\\\/www.lactissima.com\\\/a-tire-d-ailes\\\/allaiter-et-travailler-le-temoignage-de-fanny\\\/#respond\"]}]},{\"@type\":\"WebPage\",\"@id\":\"https:\\\/\\\/www.lactissima.com\\\/a-tire-d-ailes\\\/allaiter-et-travailler-le-temoignage-de-fanny\\\/\",\"url\":\"https:\\\/\\\/www.lactissima.com\\\/a-tire-d-ailes\\\/allaiter-et-travailler-le-temoignage-de-fanny\\\/\",\"name\":\"Allaiter et travailler : le t\u00e9moignage de Fanny\",\"isPartOf\":{\"@id\":\"https:\\\/\\\/www.lactissima.com\\\/a-tire-d-ailes\\\/#website\"},\"primaryImageOfPage\":{\"@id\":\"https:\\\/\\\/www.lactissima.com\\\/a-tire-d-ailes\\\/allaiter-et-travailler-le-temoignage-de-fanny\\\/#primaryimage\"},\"image\":{\"@id\":\"https:\\\/\\\/www.lactissima.com\\\/a-tire-d-ailes\\\/allaiter-et-travailler-le-temoignage-de-fanny\\\/#primaryimage\"},\"thumbnailUrl\":\"https:\\\/\\\/www.lactissima.com\\\/a-tire-d-ailes\\\/wp-content\\\/uploads\\\/2016\\\/02\\\/fanny.jpg\",\"datePublished\":\"2016-02-25T17:54:36+00:00\",\"author\":{\"@id\":\"https:\\\/\\\/www.lactissima.com\\\/a-tire-d-ailes\\\/#\\\/schema\\\/person\\\/8f98d3a89530861bc1240e6d53d44eed\"},\"description\":\"Fanny a tir\u00e9 son lait en reprenant le travail \u00e0 80%. Elle est heureuse d'avoir pu poursuivre son allaitement pendant 11 mois.\",\"breadcrumb\":{\"@id\":\"https:\\\/\\\/www.lactissima.com\\\/a-tire-d-ailes\\\/allaiter-et-travailler-le-temoignage-de-fanny\\\/#breadcrumb\"},\"inLanguage\":\"fr-FR\",\"potentialAction\":[{\"@type\":\"ReadAction\",\"target\":[\"https:\\\/\\\/www.lactissima.com\\\/a-tire-d-ailes\\\/allaiter-et-travailler-le-temoignage-de-fanny\\\/\"]}]},{\"@type\":\"ImageObject\",\"inLanguage\":\"fr-FR\",\"@id\":\"https:\\\/\\\/www.lactissima.com\\\/a-tire-d-ailes\\\/allaiter-et-travailler-le-temoignage-de-fanny\\\/#primaryimage\",\"url\":\"https:\\\/\\\/www.lactissima.com\\\/a-tire-d-ailes\\\/wp-content\\\/uploads\\\/2016\\\/02\\\/fanny.jpg\",\"contentUrl\":\"https:\\\/\\\/www.lactissima.com\\\/a-tire-d-ailes\\\/wp-content\\\/uploads\\\/2016\\\/02\\\/fanny.jpg\",\"width\":275,\"height\":367},{\"@type\":\"BreadcrumbList\",\"@id\":\"https:\\\/\\\/www.lactissima.com\\\/a-tire-d-ailes\\\/allaiter-et-travailler-le-temoignage-de-fanny\\\/#breadcrumb\",\"itemListElement\":[{\"@type\":\"ListItem\",\"position\":1,\"name\":\"Accueil\",\"item\":\"https:\\\/\\\/www.lactissima.com\\\/a-tire-d-ailes\\\/\"},{\"@type\":\"ListItem\",\"position\":2,\"name\":\"Allaiter et travailler : le t\u00e9moignage de Fanny\"}]},{\"@type\":\"WebSite\",\"@id\":\"https:\\\/\\\/www.lactissima.com\\\/a-tire-d-ailes\\\/#website\",\"url\":\"https:\\\/\\\/www.lactissima.com\\\/a-tire-d-ailes\\\/\",\"name\":\"A tire d&#039;Ailes\",\"description\":\"Le blog des femmes qui allaitent et travaillent.\",\"potentialAction\":[{\"@type\":\"SearchAction\",\"target\":{\"@type\":\"EntryPoint\",\"urlTemplate\":\"https:\\\/\\\/www.lactissima.com\\\/a-tire-d-ailes\\\/?s={search_term_string}\"},\"query-input\":{\"@type\":\"PropertyValueSpecification\",\"valueRequired\":true,\"valueName\":\"search_term_string\"}}],\"inLanguage\":\"fr-FR\"},{\"@type\":\"Person\",\"@id\":\"https:\\\/\\\/www.lactissima.com\\\/a-tire-d-ailes\\\/#\\\/schema\\\/person\\\/8f98d3a89530861bc1240e6d53d44eed\",\"name\":\"V\u00e9ronique Darmangeat\",\"image\":{\"@type\":\"ImageObject\",\"inLanguage\":\"fr-FR\",\"@id\":\"https:\\\/\\\/secure.gravatar.com\\\/avatar\\\/268c99344c89cebfe4f5df5fa8be43068a18884fc76a29f3206fae98465b9cab?s=96&d=identicon&r=g\",\"url\":\"https:\\\/\\\/secure.gravatar.com\\\/avatar\\\/268c99344c89cebfe4f5df5fa8be43068a18884fc76a29f3206fae98465b9cab?s=96&d=identicon&r=g\",\"contentUrl\":\"https:\\\/\\\/secure.gravatar.com\\\/avatar\\\/268c99344c89cebfe4f5df5fa8be43068a18884fc76a29f3206fae98465b9cab?s=96&d=identicon&r=g\",\"caption\":\"V\u00e9ronique Darmangeat\"},\"sameAs\":[\"https:\\\/\\\/www.lactissima.com\\\/a-tire-d-ailes\",\"www.facebook.com\\\/consultante.en.lactation\"]}]}<\/script>\n<!-- \/ Yoast SEO plugin. -->","yoast_head_json":{"title":"Allaiter et travailler : le t\u00e9moignage de Fanny","description":"Fanny a tir\u00e9 son lait en reprenant le travail \u00e0 80%. Elle est heureuse d'avoir pu poursuivre son allaitement pendant 11 mois.","robots":{"index":"index","follow":"follow","max-snippet":"max-snippet:-1","max-image-preview":"max-image-preview:large","max-video-preview":"max-video-preview:-1"},"canonical":"https:\/\/www.lactissima.com\/a-tire-d-ailes\/allaiter-et-travailler-le-temoignage-de-fanny\/","og_locale":"fr_FR","og_type":"article","og_title":"Allaiter et travailler : le t\u00e9moignage de Fanny","og_description":"Fanny a tir\u00e9 son lait en reprenant le travail \u00e0 80%. Elle est heureuse d'avoir pu poursuivre son allaitement pendant 11 mois.","og_url":"https:\/\/www.lactissima.com\/a-tire-d-ailes\/allaiter-et-travailler-le-temoignage-de-fanny\/","og_site_name":"A tire d&#039;Ailes","article_publisher":"https:\/\/www.facebook.com\/consultante.en.lactation","article_author":"www.facebook.com\/consultante.en.lactation","article_published_time":"2016-02-25T17:54:36+00:00","og_image":[{"width":275,"height":367,"url":"https:\/\/www.lactissima.com\/a-tire-d-ailes\/wp-content\/uploads\/2016\/02\/fanny.jpg","type":"image\/jpeg"}],"author":"V\u00e9ronique Darmangeat","twitter_card":"summary_large_image","twitter_creator":"@VeroniqueIBCLC","twitter_site":"@VeroniqueIBCLC","twitter_misc":{"\u00c9crit par":"V\u00e9ronique Darmangeat","Dur\u00e9e de lecture estim\u00e9e":"6 minutes"},"schema":{"@context":"https:\/\/schema.org","@graph":[{"@type":"Article","@id":"https:\/\/www.lactissima.com\/a-tire-d-ailes\/allaiter-et-travailler-le-temoignage-de-fanny\/#article","isPartOf":{"@id":"https:\/\/www.lactissima.com\/a-tire-d-ailes\/allaiter-et-travailler-le-temoignage-de-fanny\/"},"author":{"name":"V\u00e9ronique Darmangeat","@id":"https:\/\/www.lactissima.com\/a-tire-d-ailes\/#\/schema\/person\/8f98d3a89530861bc1240e6d53d44eed"},"headline":"Allaiter et travailler : le t\u00e9moignage de Fanny","datePublished":"2016-02-25T17:54:36+00:00","mainEntityOfPage":{"@id":"https:\/\/www.lactissima.com\/a-tire-d-ailes\/allaiter-et-travailler-le-temoignage-de-fanny\/"},"wordCount":1343,"commentCount":5,"image":{"@id":"https:\/\/www.lactissima.com\/a-tire-d-ailes\/allaiter-et-travailler-le-temoignage-de-fanny\/#primaryimage"},"thumbnailUrl":"https:\/\/www.lactissima.com\/a-tire-d-ailes\/wp-content\/uploads\/2016\/02\/fanny.jpg","articleSection":["t\u00e9moignages"],"inLanguage":"fr-FR","potentialAction":[{"@type":"CommentAction","name":"Comment","target":["https:\/\/www.lactissima.com\/a-tire-d-ailes\/allaiter-et-travailler-le-temoignage-de-fanny\/#respond"]}]},{"@type":"WebPage","@id":"https:\/\/www.lactissima.com\/a-tire-d-ailes\/allaiter-et-travailler-le-temoignage-de-fanny\/","url":"https:\/\/www.lactissima.com\/a-tire-d-ailes\/allaiter-et-travailler-le-temoignage-de-fanny\/","name":"Allaiter et travailler : le t\u00e9moignage de Fanny","isPartOf":{"@id":"https:\/\/www.lactissima.com\/a-tire-d-ailes\/#website"},"primaryImageOfPage":{"@id":"https:\/\/www.lactissima.com\/a-tire-d-ailes\/allaiter-et-travailler-le-temoignage-de-fanny\/#primaryimage"},"image":{"@id":"https:\/\/www.lactissima.com\/a-tire-d-ailes\/allaiter-et-travailler-le-temoignage-de-fanny\/#primaryimage"},"thumbnailUrl":"https:\/\/www.lactissima.com\/a-tire-d-ailes\/wp-content\/uploads\/2016\/02\/fanny.jpg","datePublished":"2016-02-25T17:54:36+00:00","author":{"@id":"https:\/\/www.lactissima.com\/a-tire-d-ailes\/#\/schema\/person\/8f98d3a89530861bc1240e6d53d44eed"},"description":"Fanny a tir\u00e9 son lait en reprenant le travail \u00e0 80%. Elle est heureuse d'avoir pu poursuivre son allaitement pendant 11 mois.","breadcrumb":{"@id":"https:\/\/www.lactissima.com\/a-tire-d-ailes\/allaiter-et-travailler-le-temoignage-de-fanny\/#breadcrumb"},"inLanguage":"fr-FR","potentialAction":[{"@type":"ReadAction","target":["https:\/\/www.lactissima.com\/a-tire-d-ailes\/allaiter-et-travailler-le-temoignage-de-fanny\/"]}]},{"@type":"ImageObject","inLanguage":"fr-FR","@id":"https:\/\/www.lactissima.com\/a-tire-d-ailes\/allaiter-et-travailler-le-temoignage-de-fanny\/#primaryimage","url":"https:\/\/www.lactissima.com\/a-tire-d-ailes\/wp-content\/uploads\/2016\/02\/fanny.jpg","contentUrl":"https:\/\/www.lactissima.com\/a-tire-d-ailes\/wp-content\/uploads\/2016\/02\/fanny.jpg","width":275,"height":367},{"@type":"BreadcrumbList","@id":"https:\/\/www.lactissima.com\/a-tire-d-ailes\/allaiter-et-travailler-le-temoignage-de-fanny\/#breadcrumb","itemListElement":[{"@type":"ListItem","position":1,"name":"Accueil","item":"https:\/\/www.lactissima.com\/a-tire-d-ailes\/"},{"@type":"ListItem","position":2,"name":"Allaiter et travailler : le t\u00e9moignage de Fanny"}]},{"@type":"WebSite","@id":"https:\/\/www.lactissima.com\/a-tire-d-ailes\/#website","url":"https:\/\/www.lactissima.com\/a-tire-d-ailes\/","name":"A tire d&#039;Ailes","description":"Le blog des femmes qui allaitent et travaillent.","potentialAction":[{"@type":"SearchAction","target":{"@type":"EntryPoint","urlTemplate":"https:\/\/www.lactissima.com\/a-tire-d-ailes\/?s={search_term_string}"},"query-input":{"@type":"PropertyValueSpecification","valueRequired":true,"valueName":"search_term_string"}}],"inLanguage":"fr-FR"},{"@type":"Person","@id":"https:\/\/www.lactissima.com\/a-tire-d-ailes\/#\/schema\/person\/8f98d3a89530861bc1240e6d53d44eed","name":"V\u00e9ronique Darmangeat","image":{"@type":"ImageObject","inLanguage":"fr-FR","@id":"https:\/\/secure.gravatar.com\/avatar\/268c99344c89cebfe4f5df5fa8be43068a18884fc76a29f3206fae98465b9cab?s=96&d=identicon&r=g","url":"https:\/\/secure.gravatar.com\/avatar\/268c99344c89cebfe4f5df5fa8be43068a18884fc76a29f3206fae98465b9cab?s=96&d=identicon&r=g","contentUrl":"https:\/\/secure.gravatar.com\/avatar\/268c99344c89cebfe4f5df5fa8be43068a18884fc76a29f3206fae98465b9cab?s=96&d=identicon&r=g","caption":"V\u00e9ronique Darmangeat"},"sameAs":["https:\/\/www.lactissima.com\/a-tire-d-ailes","www.facebook.com\/consultante.en.lactation"]}]}},"_links":{"self":[{"href":"https:\/\/www.lactissima.com\/a-tire-d-ailes\/wp-json\/wp\/v2\/posts\/6597","targetHints":{"allow":["GET"]}}],"collection":[{"href":"https:\/\/www.lactissima.com\/a-tire-d-ailes\/wp-json\/wp\/v2\/posts"}],"about":[{"href":"https:\/\/www.lactissima.com\/a-tire-d-ailes\/wp-json\/wp\/v2\/types\/post"}],"author":[{"embeddable":true,"href":"https:\/\/www.lactissima.com\/a-tire-d-ailes\/wp-json\/wp\/v2\/users\/170"}],"replies":[{"embeddable":true,"href":"https:\/\/www.lactissima.com\/a-tire-d-ailes\/wp-json\/wp\/v2\/comments?post=6597"}],"version-history":[{"count":2,"href":"https:\/\/www.lactissima.com\/a-tire-d-ailes\/wp-json\/wp\/v2\/posts\/6597\/revisions"}],"predecessor-version":[{"id":6600,"href":"https:\/\/www.lactissima.com\/a-tire-d-ailes\/wp-json\/wp\/v2\/posts\/6597\/revisions\/6600"}],"wp:featuredmedia":[{"embeddable":true,"href":"https:\/\/www.lactissima.com\/a-tire-d-ailes\/wp-json\/wp\/v2\/media\/6599"}],"wp:attachment":[{"href":"https:\/\/www.lactissima.com\/a-tire-d-ailes\/wp-json\/wp\/v2\/media?parent=6597"}],"wp:term":[{"taxonomy":"category","embeddable":true,"href":"https:\/\/www.lactissima.com\/a-tire-d-ailes\/wp-json\/wp\/v2\/categories?post=6597"},{"taxonomy":"post_tag","embeddable":true,"href":"https:\/\/www.lactissima.com\/a-tire-d-ailes\/wp-json\/wp\/v2\/tags?post=6597"}],"curies":[{"name":"wp","href":"https:\/\/api.w.org\/{rel}","templated":true}]}}