{"id":6578,"date":"2016-02-03T09:55:57","date_gmt":"2016-02-03T08:55:57","guid":{"rendered":"https:\/\/www.lactissima.com\/a-tire-d-ailes\/?p=6578"},"modified":"2016-02-03T09:55:57","modified_gmt":"2016-02-03T08:55:57","slug":"suisse-le-temoignage-de-laure","status":"publish","type":"post","link":"https:\/\/www.lactissima.com\/a-tire-d-ailes\/suisse-le-temoignage-de-laure\/","title":{"rendered":"Suisse : le t\u00e9moignage de Laure"},"content":{"rendered":"<p style=\"text-align: justify;\"><img loading=\"lazy\" decoding=\"async\" class=\"alignright size-full wp-image-6579\" src=\"https:\/\/www.lactissima.com\/a-tire-d-ailes\/wp-content\/uploads\/2016\/02\/laure.jpg\" alt=\"Suisse\" width=\"240\" height=\"360\" srcset=\"https:\/\/www.lactissima.com\/a-tire-d-ailes\/wp-content\/uploads\/2016\/02\/laure.jpg 240w, https:\/\/www.lactissima.com\/a-tire-d-ailes\/wp-content\/uploads\/2016\/02\/laure-200x300.jpg 200w\" sizes=\"(max-width: 240px) 100vw, 240px\" \/>A la suite de mon appel \u00e0 t\u00e9moignages de la semaine derni\u00e8re, j&rsquo;ai re\u00e7u de nombreuses r\u00e9ponses et je vous en remercie. Dans ces r\u00e9ponses, beaucoup de femmes travaillant en Suisse.<\/p>\n<p style=\"text-align: justify;\">Nous commen\u00e7ons donc aujourd&rsquo;hui avec le t\u00e9moignage de <strong>Laure<\/strong>, merci \u00e0 elle.<\/p>\n<ul style=\"text-align: justify;\">\n<li><strong>Dans quel pays travaillez vous ? Connaissez vous la l\u00e9gislation locale en mati\u00e8re de cong\u00e9s maternit\u00e9, cong\u00e9s allaitement, pauses d&rsquo;allaitement ?<\/strong><\/li>\n<\/ul>\n<p style=\"text-align: justify;\">Je travaille en Suisse. Je me suis beaucoup renseign\u00e9e pendant la grossesse sur la l\u00e9gislation, donc j&rsquo;\u00e9tais plut\u00f4t bien au courant en accouchant. Heureusement d&rsquo;ailleurs, car je n&rsquo;ai re\u00e7u absolument aucune information \u00e0 ce sujet de la part de mon employeur !<\/p>\n<p style=\"text-align: justify;\">J&rsquo;ai eu droit \u00e0 quatre mois de cong\u00e9 maternit\u00e9 (c&rsquo;est plus que le minimum l\u00e9gal qui est de 14 semaines). Nous avons ensuite droit, pour une journ\u00e9e de travail compl\u00e8te, \u00e0 1h30 de pause d&rsquo;allaitement, et l&#8217;employeur doit fournir un local o\u00f9 l&rsquo;on peut tranquillement tirer son lait ou allaiter.<\/p>\n<ul style=\"text-align: justify;\">\n<li><strong>Quel choix avez-vous fait au moment de la reprise du travail : sevrage ou poursuite de l&rsquo;allaitement ? Pourquoi ?<\/strong><\/li>\n<\/ul>\n<p style=\"text-align: justify;\">A la reprise du travail, j&rsquo;ai d\u00e9cid\u00e9 de continuer \u00e0 allaiter, car c&rsquo;\u00e9tait une \u00e9vidence pour moi. Pouvoir allaiter \u00e9tait tr\u00e8s important, je sais que c&rsquo;est le meilleur pour ma fille, et nous y prenons toutes deux du plaisir.<\/p>\n<p style=\"text-align: justify;\">De plus, j&rsquo;ai eu un tr\u00e8s mauvais d\u00e9part d&rsquo;allaitement (je ne me suis pas fait confiance, et j&rsquo;ai \u00e9cout\u00e9 les conseils absurdes des p\u00e9diatres et sages-femmes). On m&rsquo;avait dit d&rsquo;espacer les t\u00e9t\u00e9es, de ne pas donner plus de 15 minutes par sein, voire carr\u00e9ment de donner un biberon d&rsquo;eau quand ma fille pleurait pour ne pas qu&rsquo;elle se d\u00e9shydrate (!!!). Et donc logiquement, en suivant ces mauvais conseils, je n&rsquo;ai pas eu assez de lait. Je regretterai tr\u00e8s longtemps de ne pas avoir \u00e9cout\u00e9 mon b\u00e9b\u00e9, et de ne pas avoir suivi mon instinct.<\/p>\n<p style=\"text-align: justify;\">J&rsquo;ai par la suite fait appel \u00e0 une consultante en lactation fantastique (ce que je recommande vraiment \u00e0 toutes les mamans qui veulent allaiter), je me suis aussi document\u00e9e aupr\u00e8s de vrais professionnels, et donc mon allaitement commen\u00e7ait tout juste \u00e0 devenir \u00c2\u00ab normal \u00c2\u00bb \u00e0 la fin du cong\u00e9 maternit\u00e9.<\/p>\n<ul style=\"text-align: justify;\">\n<li><strong>Comment vous \u00eates-vous organis\u00e9e ?<\/strong><\/li>\n<\/ul>\n<p style=\"text-align: justify;\">Concr\u00e8tement, les jours o\u00f9 je travaille, je donne le sein \u00e0 ma fille \u00e0 son r\u00e9veil; puis je tire mon lait au travail deux fois par jour ; je lui redonne le sein en rentrant, puis une derni\u00e8re fois avant qu&rsquo;elle aille au lit (ainsi que lors d&rsquo;\u00e9ventuels r\u00e9veils nocturnes). Les jours o\u00f9 nous sommes ensemble, c&rsquo;est \u00e0 volont\u00e9.<\/p>\n<p style=\"text-align: justify;\">Je n&rsquo;arrive malheureusement pas \u00e0 tirer assez par rapport aux besoins de ma fille, donc elle re\u00e7oit tout ce que j&rsquo;ai tir\u00e9 la veille, et du lait en poudre en plus.<\/p>\n<ul style=\"text-align: justify;\">\n<li><strong>Quelles ont \u00e9t\u00e9 vos principales difficult\u00e9s ?<\/strong><\/li>\n<\/ul>\n<p style=\"text-align: justify;\">Ma principale difficult\u00e9 a \u00e9t\u00e9 de trouver un endroit o\u00f9 tirer mon lait (malgr\u00e9 la loi, il n&rsquo;y a aucun endroit vraiment pratique dans notre entreprise). Je dois utiliser la salle qui sert de caf\u00e9t\u00e9ria\/salle de conf\u00e9rence\/biblioth\u00e8que, qui est donc aussi utilis\u00e9e par d&rsquo;autres personnes ; dans ce cas-l\u00e0 , je me r\u00e9fugie dans un vestiaire au sous-sol (froid et sans fen\u00eatre, pas tr\u00e8s agr\u00e9able !).<\/p>\n<ul style=\"text-align: justify;\">\n<li><strong>Quels ont \u00e9t\u00e9 vos meilleurs moments ?<\/strong><\/li>\n<\/ul>\n<p style=\"text-align: justify;\">Mes meilleurs moments, c&rsquo;est de voir ma fille toute excit\u00e9e lorsqu&rsquo;elle comprend que je vais lui donner le sein, et aussi ces t\u00e9t\u00e9es particuli\u00e8res o\u00f9 elle finit par s&rsquo;endormir au sein  Je profite vraiment de chaque t\u00e9t\u00e9e et je trouve ces instants magnifiques. J&rsquo;esp\u00e8re que \u00e7a durera encore longtemps !<\/p>\n<ul style=\"text-align: justify;\">\n<li><strong>Ce serait \u00e0 refaire, vous referiez le m\u00eame choix ? Que changeriez-vous ?<\/strong><\/li>\n<\/ul>\n<p style=\"text-align: justify;\">Si c&rsquo;\u00e9tait \u00e0 refaire, je referais sans h\u00e9siter le m\u00eame choix ! Je pense m\u00eame que j&rsquo;essaierais de repousser mon retour au travail, en prenant par exemple un cong\u00e9 non r\u00e9mun\u00e9r\u00e9  Le cong\u00e9 maternit\u00e9 passe vraiment trop vite, et ce sont des moments qu&rsquo;on ne retrouvera plus jamais.<\/p>\n<p style=\"text-align: justify;\">\n<p><strong>Articles en rapport :<\/strong><\/p>\n<ul>\n<li>Voir l&rsquo;onglet <a href=\"https:\/\/www.lactissima.com\/a-tire-d-ailes\/temoignages-travail-et-allaitement\/\" target=\"_blank\">t\u00e9moignages<\/a><\/li>\n<\/ul>\n<p>&nbsp;<\/p>\n<div class='et-box et-shadow'>\n\t\t\t\t\t<div class='et-box-content'>Lire des articles ou poser des questions en commentaire ne suffit pas \u00e0 r\u00e9soudre votre probl\u00e8me ?\nSavez-vous que vous pouvez prendre RDV pour une consultation avec moi ?\nN&rsquo;h\u00e9sitez pas \u00e0 me contacter !<\/div><\/div>\n","protected":false},"excerpt":{"rendered":"<p>A la suite de mon appel \u00e0 t\u00e9moignages de la semaine derni\u00e8re, j&rsquo;ai re\u00e7u de nombreuses r\u00e9ponses et je vous en remercie. Dans ces r\u00e9ponses, beaucoup de femmes travaillant en Suisse. Nous commen\u00e7ons donc aujourd&rsquo;hui avec le t\u00e9moignage de Laure, merci \u00e0 elle. Dans quel pays travaillez vous ? Connaissez vous la l\u00e9gislation locale en [&hellip;]<\/p>\n","protected":false},"author":170,"featured_media":6579,"comment_status":"open","ping_status":"open","sticky":false,"template":"","format":"standard","meta":{"_et_pb_use_builder":"","_et_pb_old_content":"","_et_gb_content_width":"","footnotes":""},"categories":[150],"tags":[703],"class_list":["post-6578","post","type-post","status-publish","format-standard","has-post-thumbnail","hentry","category-temoignages","tag-suisse"],"yoast_head":"<!-- This site is optimized with the Yoast SEO plugin v27.4 - https:\/\/yoast.com\/product\/yoast-seo-wordpress\/ -->\n<title>Suisse : le t\u00e9moignage de Laure<\/title>\n<meta name=\"description\" content=\"Le t\u00e9moignage de Laure, qui travaille en Suisse et fait un allaitement mixte, par n\u00e9cessit\u00e9 plus que par choix.\" \/>\n<meta name=\"robots\" content=\"index, follow, max-snippet:-1, max-image-preview:large, max-video-preview:-1\" \/>\n<link rel=\"canonical\" href=\"https:\/\/www.lactissima.com\/a-tire-d-ailes\/suisse-le-temoignage-de-laure\/\" \/>\n<meta property=\"og:locale\" content=\"fr_FR\" \/>\n<meta property=\"og:type\" content=\"article\" \/>\n<meta property=\"og:title\" content=\"Suisse : le t\u00e9moignage de Laure\" \/>\n<meta property=\"og:description\" content=\"Le t\u00e9moignage de Laure, qui travaille en Suisse et fait un allaitement mixte, par n\u00e9cessit\u00e9 plus que par choix.\" \/>\n<meta property=\"og:url\" content=\"https:\/\/www.lactissima.com\/a-tire-d-ailes\/suisse-le-temoignage-de-laure\/\" \/>\n<meta property=\"og:site_name\" content=\"A tire d&#039;Ailes\" \/>\n<meta property=\"article:publisher\" content=\"https:\/\/www.facebook.com\/consultante.en.lactation\" \/>\n<meta property=\"article:author\" content=\"www.facebook.com\/consultante.en.lactation\" \/>\n<meta property=\"article:published_time\" content=\"2016-02-03T08:55:57+00:00\" \/>\n<meta property=\"og:image\" content=\"https:\/\/www.lactissima.com\/a-tire-d-ailes\/wp-content\/uploads\/2016\/02\/laure.jpg\" \/>\n\t<meta property=\"og:image:width\" content=\"240\" \/>\n\t<meta property=\"og:image:height\" content=\"360\" \/>\n\t<meta property=\"og:image:type\" content=\"image\/jpeg\" \/>\n<meta name=\"author\" content=\"V\u00e9ronique Darmangeat\" \/>\n<meta name=\"twitter:card\" content=\"summary_large_image\" \/>\n<meta name=\"twitter:creator\" content=\"@VeroniqueIBCLC\" \/>\n<meta name=\"twitter:site\" content=\"@VeroniqueIBCLC\" \/>\n<meta name=\"twitter:label1\" content=\"\u00c9crit par\" \/>\n\t<meta name=\"twitter:data1\" content=\"V\u00e9ronique Darmangeat\" \/>\n\t<meta name=\"twitter:label2\" content=\"Dur\u00e9e de lecture estim\u00e9e\" \/>\n\t<meta name=\"twitter:data2\" content=\"4 minutes\" \/>\n<script type=\"application\/ld+json\" class=\"yoast-schema-graph\">{\"@context\":\"https:\\\/\\\/schema.org\",\"@graph\":[{\"@type\":\"Article\",\"@id\":\"https:\\\/\\\/www.lactissima.com\\\/a-tire-d-ailes\\\/suisse-le-temoignage-de-laure\\\/#article\",\"isPartOf\":{\"@id\":\"https:\\\/\\\/www.lactissima.com\\\/a-tire-d-ailes\\\/suisse-le-temoignage-de-laure\\\/\"},\"author\":{\"name\":\"V\u00e9ronique Darmangeat\",\"@id\":\"https:\\\/\\\/www.lactissima.com\\\/a-tire-d-ailes\\\/#\\\/schema\\\/person\\\/8f98d3a89530861bc1240e6d53d44eed\"},\"headline\":\"Suisse : le t\u00e9moignage de Laure\",\"datePublished\":\"2016-02-03T08:55:57+00:00\",\"mainEntityOfPage\":{\"@id\":\"https:\\\/\\\/www.lactissima.com\\\/a-tire-d-ailes\\\/suisse-le-temoignage-de-laure\\\/\"},\"wordCount\":760,\"commentCount\":2,\"image\":{\"@id\":\"https:\\\/\\\/www.lactissima.com\\\/a-tire-d-ailes\\\/suisse-le-temoignage-de-laure\\\/#primaryimage\"},\"thumbnailUrl\":\"https:\\\/\\\/www.lactissima.com\\\/a-tire-d-ailes\\\/wp-content\\\/uploads\\\/2016\\\/02\\\/laure.jpg\",\"keywords\":[\"Suisse\"],\"articleSection\":[\"t\u00e9moignages\"],\"inLanguage\":\"fr-FR\",\"potentialAction\":[{\"@type\":\"CommentAction\",\"name\":\"Comment\",\"target\":[\"https:\\\/\\\/www.lactissima.com\\\/a-tire-d-ailes\\\/suisse-le-temoignage-de-laure\\\/#respond\"]}]},{\"@type\":\"WebPage\",\"@id\":\"https:\\\/\\\/www.lactissima.com\\\/a-tire-d-ailes\\\/suisse-le-temoignage-de-laure\\\/\",\"url\":\"https:\\\/\\\/www.lactissima.com\\\/a-tire-d-ailes\\\/suisse-le-temoignage-de-laure\\\/\",\"name\":\"Suisse : le t\u00e9moignage de Laure\",\"isPartOf\":{\"@id\":\"https:\\\/\\\/www.lactissima.com\\\/a-tire-d-ailes\\\/#website\"},\"primaryImageOfPage\":{\"@id\":\"https:\\\/\\\/www.lactissima.com\\\/a-tire-d-ailes\\\/suisse-le-temoignage-de-laure\\\/#primaryimage\"},\"image\":{\"@id\":\"https:\\\/\\\/www.lactissima.com\\\/a-tire-d-ailes\\\/suisse-le-temoignage-de-laure\\\/#primaryimage\"},\"thumbnailUrl\":\"https:\\\/\\\/www.lactissima.com\\\/a-tire-d-ailes\\\/wp-content\\\/uploads\\\/2016\\\/02\\\/laure.jpg\",\"datePublished\":\"2016-02-03T08:55:57+00:00\",\"author\":{\"@id\":\"https:\\\/\\\/www.lactissima.com\\\/a-tire-d-ailes\\\/#\\\/schema\\\/person\\\/8f98d3a89530861bc1240e6d53d44eed\"},\"description\":\"Le t\u00e9moignage de Laure, qui travaille en Suisse et fait un allaitement mixte, par n\u00e9cessit\u00e9 plus que par choix.\",\"breadcrumb\":{\"@id\":\"https:\\\/\\\/www.lactissima.com\\\/a-tire-d-ailes\\\/suisse-le-temoignage-de-laure\\\/#breadcrumb\"},\"inLanguage\":\"fr-FR\",\"potentialAction\":[{\"@type\":\"ReadAction\",\"target\":[\"https:\\\/\\\/www.lactissima.com\\\/a-tire-d-ailes\\\/suisse-le-temoignage-de-laure\\\/\"]}]},{\"@type\":\"ImageObject\",\"inLanguage\":\"fr-FR\",\"@id\":\"https:\\\/\\\/www.lactissima.com\\\/a-tire-d-ailes\\\/suisse-le-temoignage-de-laure\\\/#primaryimage\",\"url\":\"https:\\\/\\\/www.lactissima.com\\\/a-tire-d-ailes\\\/wp-content\\\/uploads\\\/2016\\\/02\\\/laure.jpg\",\"contentUrl\":\"https:\\\/\\\/www.lactissima.com\\\/a-tire-d-ailes\\\/wp-content\\\/uploads\\\/2016\\\/02\\\/laure.jpg\",\"width\":240,\"height\":360,\"caption\":\"Suisse\"},{\"@type\":\"BreadcrumbList\",\"@id\":\"https:\\\/\\\/www.lactissima.com\\\/a-tire-d-ailes\\\/suisse-le-temoignage-de-laure\\\/#breadcrumb\",\"itemListElement\":[{\"@type\":\"ListItem\",\"position\":1,\"name\":\"Accueil\",\"item\":\"https:\\\/\\\/www.lactissima.com\\\/a-tire-d-ailes\\\/\"},{\"@type\":\"ListItem\",\"position\":2,\"name\":\"Suisse : le t\u00e9moignage de Laure\"}]},{\"@type\":\"WebSite\",\"@id\":\"https:\\\/\\\/www.lactissima.com\\\/a-tire-d-ailes\\\/#website\",\"url\":\"https:\\\/\\\/www.lactissima.com\\\/a-tire-d-ailes\\\/\",\"name\":\"A tire d&#039;Ailes\",\"description\":\"Le blog des femmes qui allaitent et travaillent.\",\"potentialAction\":[{\"@type\":\"SearchAction\",\"target\":{\"@type\":\"EntryPoint\",\"urlTemplate\":\"https:\\\/\\\/www.lactissima.com\\\/a-tire-d-ailes\\\/?s={search_term_string}\"},\"query-input\":{\"@type\":\"PropertyValueSpecification\",\"valueRequired\":true,\"valueName\":\"search_term_string\"}}],\"inLanguage\":\"fr-FR\"},{\"@type\":\"Person\",\"@id\":\"https:\\\/\\\/www.lactissima.com\\\/a-tire-d-ailes\\\/#\\\/schema\\\/person\\\/8f98d3a89530861bc1240e6d53d44eed\",\"name\":\"V\u00e9ronique Darmangeat\",\"image\":{\"@type\":\"ImageObject\",\"inLanguage\":\"fr-FR\",\"@id\":\"https:\\\/\\\/secure.gravatar.com\\\/avatar\\\/268c99344c89cebfe4f5df5fa8be43068a18884fc76a29f3206fae98465b9cab?s=96&d=identicon&r=g\",\"url\":\"https:\\\/\\\/secure.gravatar.com\\\/avatar\\\/268c99344c89cebfe4f5df5fa8be43068a18884fc76a29f3206fae98465b9cab?s=96&d=identicon&r=g\",\"contentUrl\":\"https:\\\/\\\/secure.gravatar.com\\\/avatar\\\/268c99344c89cebfe4f5df5fa8be43068a18884fc76a29f3206fae98465b9cab?s=96&d=identicon&r=g\",\"caption\":\"V\u00e9ronique Darmangeat\"},\"sameAs\":[\"https:\\\/\\\/www.lactissima.com\\\/a-tire-d-ailes\",\"www.facebook.com\\\/consultante.en.lactation\"]}]}<\/script>\n<!-- \/ Yoast SEO plugin. -->","yoast_head_json":{"title":"Suisse : le t\u00e9moignage de Laure","description":"Le t\u00e9moignage de Laure, qui travaille en Suisse et fait un allaitement mixte, par n\u00e9cessit\u00e9 plus que par choix.","robots":{"index":"index","follow":"follow","max-snippet":"max-snippet:-1","max-image-preview":"max-image-preview:large","max-video-preview":"max-video-preview:-1"},"canonical":"https:\/\/www.lactissima.com\/a-tire-d-ailes\/suisse-le-temoignage-de-laure\/","og_locale":"fr_FR","og_type":"article","og_title":"Suisse : le t\u00e9moignage de Laure","og_description":"Le t\u00e9moignage de Laure, qui travaille en Suisse et fait un allaitement mixte, par n\u00e9cessit\u00e9 plus que par choix.","og_url":"https:\/\/www.lactissima.com\/a-tire-d-ailes\/suisse-le-temoignage-de-laure\/","og_site_name":"A tire d&#039;Ailes","article_publisher":"https:\/\/www.facebook.com\/consultante.en.lactation","article_author":"www.facebook.com\/consultante.en.lactation","article_published_time":"2016-02-03T08:55:57+00:00","og_image":[{"width":240,"height":360,"url":"https:\/\/www.lactissima.com\/a-tire-d-ailes\/wp-content\/uploads\/2016\/02\/laure.jpg","type":"image\/jpeg"}],"author":"V\u00e9ronique Darmangeat","twitter_card":"summary_large_image","twitter_creator":"@VeroniqueIBCLC","twitter_site":"@VeroniqueIBCLC","twitter_misc":{"\u00c9crit par":"V\u00e9ronique Darmangeat","Dur\u00e9e de lecture estim\u00e9e":"4 minutes"},"schema":{"@context":"https:\/\/schema.org","@graph":[{"@type":"Article","@id":"https:\/\/www.lactissima.com\/a-tire-d-ailes\/suisse-le-temoignage-de-laure\/#article","isPartOf":{"@id":"https:\/\/www.lactissima.com\/a-tire-d-ailes\/suisse-le-temoignage-de-laure\/"},"author":{"name":"V\u00e9ronique Darmangeat","@id":"https:\/\/www.lactissima.com\/a-tire-d-ailes\/#\/schema\/person\/8f98d3a89530861bc1240e6d53d44eed"},"headline":"Suisse : le t\u00e9moignage de Laure","datePublished":"2016-02-03T08:55:57+00:00","mainEntityOfPage":{"@id":"https:\/\/www.lactissima.com\/a-tire-d-ailes\/suisse-le-temoignage-de-laure\/"},"wordCount":760,"commentCount":2,"image":{"@id":"https:\/\/www.lactissima.com\/a-tire-d-ailes\/suisse-le-temoignage-de-laure\/#primaryimage"},"thumbnailUrl":"https:\/\/www.lactissima.com\/a-tire-d-ailes\/wp-content\/uploads\/2016\/02\/laure.jpg","keywords":["Suisse"],"articleSection":["t\u00e9moignages"],"inLanguage":"fr-FR","potentialAction":[{"@type":"CommentAction","name":"Comment","target":["https:\/\/www.lactissima.com\/a-tire-d-ailes\/suisse-le-temoignage-de-laure\/#respond"]}]},{"@type":"WebPage","@id":"https:\/\/www.lactissima.com\/a-tire-d-ailes\/suisse-le-temoignage-de-laure\/","url":"https:\/\/www.lactissima.com\/a-tire-d-ailes\/suisse-le-temoignage-de-laure\/","name":"Suisse : le t\u00e9moignage de Laure","isPartOf":{"@id":"https:\/\/www.lactissima.com\/a-tire-d-ailes\/#website"},"primaryImageOfPage":{"@id":"https:\/\/www.lactissima.com\/a-tire-d-ailes\/suisse-le-temoignage-de-laure\/#primaryimage"},"image":{"@id":"https:\/\/www.lactissima.com\/a-tire-d-ailes\/suisse-le-temoignage-de-laure\/#primaryimage"},"thumbnailUrl":"https:\/\/www.lactissima.com\/a-tire-d-ailes\/wp-content\/uploads\/2016\/02\/laure.jpg","datePublished":"2016-02-03T08:55:57+00:00","author":{"@id":"https:\/\/www.lactissima.com\/a-tire-d-ailes\/#\/schema\/person\/8f98d3a89530861bc1240e6d53d44eed"},"description":"Le t\u00e9moignage de Laure, qui travaille en Suisse et fait un allaitement mixte, par n\u00e9cessit\u00e9 plus que par choix.","breadcrumb":{"@id":"https:\/\/www.lactissima.com\/a-tire-d-ailes\/suisse-le-temoignage-de-laure\/#breadcrumb"},"inLanguage":"fr-FR","potentialAction":[{"@type":"ReadAction","target":["https:\/\/www.lactissima.com\/a-tire-d-ailes\/suisse-le-temoignage-de-laure\/"]}]},{"@type":"ImageObject","inLanguage":"fr-FR","@id":"https:\/\/www.lactissima.com\/a-tire-d-ailes\/suisse-le-temoignage-de-laure\/#primaryimage","url":"https:\/\/www.lactissima.com\/a-tire-d-ailes\/wp-content\/uploads\/2016\/02\/laure.jpg","contentUrl":"https:\/\/www.lactissima.com\/a-tire-d-ailes\/wp-content\/uploads\/2016\/02\/laure.jpg","width":240,"height":360,"caption":"Suisse"},{"@type":"BreadcrumbList","@id":"https:\/\/www.lactissima.com\/a-tire-d-ailes\/suisse-le-temoignage-de-laure\/#breadcrumb","itemListElement":[{"@type":"ListItem","position":1,"name":"Accueil","item":"https:\/\/www.lactissima.com\/a-tire-d-ailes\/"},{"@type":"ListItem","position":2,"name":"Suisse : le t\u00e9moignage de Laure"}]},{"@type":"WebSite","@id":"https:\/\/www.lactissima.com\/a-tire-d-ailes\/#website","url":"https:\/\/www.lactissima.com\/a-tire-d-ailes\/","name":"A tire d&#039;Ailes","description":"Le blog des femmes qui allaitent et travaillent.","potentialAction":[{"@type":"SearchAction","target":{"@type":"EntryPoint","urlTemplate":"https:\/\/www.lactissima.com\/a-tire-d-ailes\/?s={search_term_string}"},"query-input":{"@type":"PropertyValueSpecification","valueRequired":true,"valueName":"search_term_string"}}],"inLanguage":"fr-FR"},{"@type":"Person","@id":"https:\/\/www.lactissima.com\/a-tire-d-ailes\/#\/schema\/person\/8f98d3a89530861bc1240e6d53d44eed","name":"V\u00e9ronique Darmangeat","image":{"@type":"ImageObject","inLanguage":"fr-FR","@id":"https:\/\/secure.gravatar.com\/avatar\/268c99344c89cebfe4f5df5fa8be43068a18884fc76a29f3206fae98465b9cab?s=96&d=identicon&r=g","url":"https:\/\/secure.gravatar.com\/avatar\/268c99344c89cebfe4f5df5fa8be43068a18884fc76a29f3206fae98465b9cab?s=96&d=identicon&r=g","contentUrl":"https:\/\/secure.gravatar.com\/avatar\/268c99344c89cebfe4f5df5fa8be43068a18884fc76a29f3206fae98465b9cab?s=96&d=identicon&r=g","caption":"V\u00e9ronique Darmangeat"},"sameAs":["https:\/\/www.lactissima.com\/a-tire-d-ailes","www.facebook.com\/consultante.en.lactation"]}]}},"_links":{"self":[{"href":"https:\/\/www.lactissima.com\/a-tire-d-ailes\/wp-json\/wp\/v2\/posts\/6578","targetHints":{"allow":["GET"]}}],"collection":[{"href":"https:\/\/www.lactissima.com\/a-tire-d-ailes\/wp-json\/wp\/v2\/posts"}],"about":[{"href":"https:\/\/www.lactissima.com\/a-tire-d-ailes\/wp-json\/wp\/v2\/types\/post"}],"author":[{"embeddable":true,"href":"https:\/\/www.lactissima.com\/a-tire-d-ailes\/wp-json\/wp\/v2\/users\/170"}],"replies":[{"embeddable":true,"href":"https:\/\/www.lactissima.com\/a-tire-d-ailes\/wp-json\/wp\/v2\/comments?post=6578"}],"version-history":[{"count":2,"href":"https:\/\/www.lactissima.com\/a-tire-d-ailes\/wp-json\/wp\/v2\/posts\/6578\/revisions"}],"predecessor-version":[{"id":6581,"href":"https:\/\/www.lactissima.com\/a-tire-d-ailes\/wp-json\/wp\/v2\/posts\/6578\/revisions\/6581"}],"wp:featuredmedia":[{"embeddable":true,"href":"https:\/\/www.lactissima.com\/a-tire-d-ailes\/wp-json\/wp\/v2\/media\/6579"}],"wp:attachment":[{"href":"https:\/\/www.lactissima.com\/a-tire-d-ailes\/wp-json\/wp\/v2\/media?parent=6578"}],"wp:term":[{"taxonomy":"category","embeddable":true,"href":"https:\/\/www.lactissima.com\/a-tire-d-ailes\/wp-json\/wp\/v2\/categories?post=6578"},{"taxonomy":"post_tag","embeddable":true,"href":"https:\/\/www.lactissima.com\/a-tire-d-ailes\/wp-json\/wp\/v2\/tags?post=6578"}],"curies":[{"name":"wp","href":"https:\/\/api.w.org\/{rel}","templated":true}]}}