{"id":6509,"date":"2015-12-11T19:12:31","date_gmt":"2015-12-11T18:12:31","guid":{"rendered":"https:\/\/www.lactissima.com\/a-tire-d-ailes\/?p=6509"},"modified":"2015-12-11T19:12:31","modified_gmt":"2015-12-11T18:12:31","slug":"allaiter-et-travailler-le-temoignage-dalexandra","status":"publish","type":"post","link":"https:\/\/www.lactissima.com\/a-tire-d-ailes\/allaiter-et-travailler-le-temoignage-dalexandra\/","title":{"rendered":"Allaiter et travailler : le t\u00e9moignage d&rsquo;Alexandra"},"content":{"rendered":"<p style=\"text-align: justify;\"><strong><img loading=\"lazy\" decoding=\"async\" class=\"alignright size-full wp-image-6510\" src=\"https:\/\/www.lactissima.com\/a-tire-d-ailes\/wp-content\/uploads\/2015\/12\/alexandra.jpg\" alt=\"allaitement et travail\" width=\"274\" height=\"274\" srcset=\"https:\/\/www.lactissima.com\/a-tire-d-ailes\/wp-content\/uploads\/2015\/12\/alexandra.jpg 274w, https:\/\/www.lactissima.com\/a-tire-d-ailes\/wp-content\/uploads\/2015\/12\/alexandra-150x150.jpg 150w, https:\/\/www.lactissima.com\/a-tire-d-ailes\/wp-content\/uploads\/2015\/12\/alexandra-182x182.jpg 182w, https:\/\/www.lactissima.com\/a-tire-d-ailes\/wp-content\/uploads\/2015\/12\/alexandra-83x83.jpg 83w, https:\/\/www.lactissima.com\/a-tire-d-ailes\/wp-content\/uploads\/2015\/12\/alexandra-184x184.jpg 184w\" sizes=\"(max-width: 274px) 100vw, 274px\" \/>&#8211; Quel choix avez-vous fait au moment de la reprise du travail : sevrage ou poursuite de l&rsquo;allaitement ? Pourquoi ?<\/strong><\/p>\n<p style=\"text-align: justify;\">J&rsquo;ai repris le travail aux trois mois de ma fille. Mon choix \u00e9tait clair : je souhaitais poursuivre l&rsquo;allaitement. En Belgique la Convention collective de travail n\u00c2\u00b080 accorde aux employ\u00e9es des pauses pour tirer leur lait. J&rsquo;ai le droit \u00e0 deux pauses de 30 minutes par jour. Chaque semaine je dois indiquer \u00e0 mon employeur combien de pauses j&rsquo;ai pris : je ne suis pas pay\u00e9e mais la mutuelle intervient \u00e0 raison de 82% de ma r\u00e9mun\u00e9ration de base.<\/p>\n<p style=\"text-align: justify;\">Continuer \u00e0 allaiter \u00e9tait pour moi important pour de multiples raisons. Le lait maternel est bon pour l&rsquo;enfant puisqu&rsquo;il contient les anticorps de la m\u00e8re : un enfant qui va \u00e0 la cr\u00e8che aura moins de chance de tomber malade  Cela r\u00e9duit la probabilit\u00e9 de devoir prendre des jours de cong\u00e9s pour s&rsquo;occuper de son enfant malade. J&rsquo;ai lu que l&rsquo;absent\u00e9isme maternel en raison d&rsquo;une maladie de l&rsquo;enfant est d&rsquo;ailleurs presque trois fois moins \u00e9lev\u00e9 chez les m\u00e8res qui allaitent : c&rsquo;est un point positif pour l&rsquo;enfant, pour la m\u00e8re, pour l&#8217;employeur et aussi pour l&rsquo;assurance maladie !<\/p>\n<p style=\"text-align: justify;\">Je travaille pour un groupement de mutualit\u00e9 et notre employeur nous a dans le pass\u00e9 sensibilis\u00e9 sur les avantages de l&rsquo;allaitement pour la sant\u00e9 de l&rsquo;enfant et de la maman. Par exemple pour l&rsquo;enfant, les risques d&rsquo;allergie ou d&rsquo;ob\u00e9sit\u00e9 sont minimis\u00e9s. Et du c\u00f4t\u00e9 de la m\u00e8re, cela diminue les risques de cancer f\u00e9minin (sein, ovaire, ut\u00e9rus), d&rsquo;endom\u00e9triose et m\u00eame de diab\u00e8te de type II.<\/p>\n<p style=\"text-align: justify;\">Autant de raisons de continuer \u00e0 allaiter !<\/p>\n<p style=\"text-align: justify;\"><strong>&#8211; Comment vous \u00eates-vous organis\u00e9e ?<\/strong><\/p>\n<p style=\"text-align: justify;\">Tout d&rsquo;abord j&rsquo;ai profit\u00e9 de mon cong\u00e9 maternit\u00e9 pour tirer un peu de lait en avance et je ne le regrette pas : avoir une r\u00e9serve de lait dans le cong\u00e9lateur est rassurant pour les jours o\u00f9 l&rsquo;on tire moins de lait ou bien pour ceux o\u00f9 b\u00e9b\u00e9 a un plus gros app\u00e9tit.<\/p>\n<p style=\"text-align: justify;\">J&rsquo;ai \u00e9galement d\u00e9valis\u00e9 le site sebio.be pour m&rsquo;\u00e9quiper au mieux : cr\u00e8me cicatrisante, compresses en tissu, tisanes d&rsquo;allaitement, sacs de cong\u00e9lation, etc. Je recommande vraiment les compresses en tissu qui \u00e0 mon sens sont plus agr\u00e9ables, pratiques et \u00e9conomiques que celles en coton jetable.<\/p>\n<p style=\"text-align: justify;\">Enfin, j&rsquo;ai not\u00e9 dans mon agenda quand \u00e9taient programm\u00e9es mes pauses allaitement afin de pouvoir organiser mon temps au mieux.<\/p>\n<p style=\"text-align: justify;\"><strong>&#8211; Quelles ont \u00e9t\u00e9 vos principales difficult\u00e9s ?<\/strong><\/p>\n<p style=\"text-align: justify;\">Les pauses allaitement prennent du temps : 2 fois 30 minutes par jour, cela repr\u00e9sente 5 heures par semaine soit plus d&rsquo;une demi-journ\u00e9e ! J&rsquo;essaie au maximum de rentabiliser ces pauses pour faire autre chose. Par exemple, je lis des livres sur des th\u00e9matiques que je traite dans le cadre de mon travail : un bon moyen de se former tout en profitant de ces temps morts.<\/p>\n<p style=\"text-align: justify;\">J&rsquo;ai \u00e9galement rencontr\u00e9 une autre difficult\u00e9 qui est qu&rsquo;au retour de vacances, quand ma fille est retourn\u00e9e \u00e0 la cr\u00e8che, elle refusait le biberon. Cela a pris dix jours pour qu&rsquo;elle l&rsquo;accepte \u00e0 nouveau. La pers\u00e9v\u00e9rance a aid\u00e9 et aussi le fait de motiver b\u00e9b\u00e9 en d\u00e9posant quelques gouttes de lait sur ses l\u00e8vres avec une pipette. Lire tous les conseils et t\u00e9moignages sur ce site m&rsquo;a beaucoup aid\u00e9 \u00e0 cette p\u00e9riode.<\/p>\n<p style=\"text-align: justify;\"><strong>&#8211; Quels ont \u00e9t\u00e9 vos meilleurs moments ?<\/strong><\/p>\n<p style=\"text-align: justify;\">La t\u00e9t\u00e9e de retrouvailles \u00e0 la fin de la journ\u00e9e est un moment unique et pr\u00e9cieux. Ma fille est toute contente, agite les bras en gazouillant et je suis \u00e9galement toute heureuse de la retrouver. Elle va avoir 8 mois et j&rsquo;ai de formidables souvenirs d&rsquo;allaitement avec elles : la premi\u00e8re t\u00e9t\u00e9e, les t\u00e9t\u00e9es en vacances dans les endroits les plus improbables, etc.<\/p>\n<p style=\"text-align: justify;\"><strong>&#8211; Qu&rsquo;est-ce que vous souhaiteriez dire aux mamans qui doivent faire un choix dans les semaines \u00e0 venir ?<\/strong><\/p>\n<p style=\"text-align: justify;\">Je ne peux que les encourager \u00e0 allaiter \u00e0 la reprise du travail. C&rsquo;est une formidable exp\u00e9rience \u00e0 prolonger pour tous les avantages cit\u00e9s pr\u00e9c\u00e9demment ! Et cela leur \u00e9vitera de devoir porter et laver les biberons quand elles se d\u00e9placent : un grand avantage pratique en d\u00e9placement !<\/p>\n<p style=\"text-align: justify;\"><strong>&#8211; Ce serait \u00e0 refaire, vous referiez le m\u00eame choix ? Que changeriez-vous ?<\/strong><\/p>\n<p style=\"text-align: justify;\">Si c&rsquo;\u00e9tait \u00e0 refaire, j&rsquo;allaiterais naturellement de la m\u00eame mani\u00e8re ma fille. Si je devais cependant changer quelque-chose, peut-\u00eatre que j&rsquo;introduirais plus t\u00f4t le biberon. Je ne l&rsquo;avais pas fait par peur de la confusion sein\/t\u00e9tine mais cela aurait peut-\u00eatre permis \u00e0 ma fille de d\u00e9j\u00e0 se familiariser \u00e0 la sensation de la t\u00e9tine, tout en ayant la possibilit\u00e9 de continue \u00e0 boire mon lait.<\/p>\n<p><strong>Articles en rapport :<\/strong><\/p>\n<ul>\n<li>Voir l&rsquo;onglet <a href=\"https:\/\/www.lactissima.com\/a-tire-d-ailes\/temoignages-travail-et-allaitement\/\" target=\"_blank\">t\u00e9moignages<\/a><\/li>\n<\/ul>\n<div class='et-box et-shadow'>\n\t\t\t\t\t<div class='et-box-content'>Lire des articles ou poser des questions en commentaire ne suffit pas \u00e0 r\u00e9soudre votre probl\u00e8me ?\nSavez-vous que vous pouvez prendre RDV pour une consultation avec moi ?\nN&rsquo;h\u00e9sitez pas \u00e0 me contacter !<\/div><\/div>\n<p>&nbsp;<\/p>\n","protected":false},"excerpt":{"rendered":"<p>Alexandra nous explique la poursuite de son allaitement au travail depuis la Belgique.<\/p>\n","protected":false},"author":170,"featured_media":6510,"comment_status":"open","ping_status":"open","sticky":false,"template":"","format":"standard","meta":{"_et_pb_use_builder":"","_et_pb_old_content":"","_et_gb_content_width":"","footnotes":""},"categories":[150],"tags":[],"class_list":["post-6509","post","type-post","status-publish","format-standard","has-post-thumbnail","hentry","category-temoignages"],"yoast_head":"<!-- This site is optimized with the Yoast SEO plugin v27.4 - https:\/\/yoast.com\/product\/yoast-seo-wordpress\/ -->\n<title>Allaiter et travailler : le t\u00e9moignage d&#039;Alexandra<\/title>\n<meta name=\"description\" content=\"Alexandra nous explique la poursuite de son allaitement au travail depuis la Belgique.\" \/>\n<meta name=\"robots\" content=\"index, follow, max-snippet:-1, max-image-preview:large, max-video-preview:-1\" \/>\n<link rel=\"canonical\" href=\"https:\/\/www.lactissima.com\/a-tire-d-ailes\/allaiter-et-travailler-le-temoignage-dalexandra\/\" \/>\n<meta property=\"og:locale\" content=\"fr_FR\" \/>\n<meta property=\"og:type\" content=\"article\" \/>\n<meta property=\"og:title\" content=\"Allaiter et travailler : le t\u00e9moignage d&#039;Alexandra\" \/>\n<meta property=\"og:description\" content=\"Alexandra nous explique la poursuite de son allaitement au travail depuis la Belgique.\" \/>\n<meta property=\"og:url\" content=\"https:\/\/www.lactissima.com\/a-tire-d-ailes\/allaiter-et-travailler-le-temoignage-dalexandra\/\" \/>\n<meta property=\"og:site_name\" content=\"A tire d&#039;Ailes\" \/>\n<meta property=\"article:publisher\" content=\"https:\/\/www.facebook.com\/consultante.en.lactation\" \/>\n<meta property=\"article:author\" content=\"www.facebook.com\/consultante.en.lactation\" \/>\n<meta property=\"article:published_time\" content=\"2015-12-11T18:12:31+00:00\" \/>\n<meta property=\"og:image\" content=\"https:\/\/www.lactissima.com\/a-tire-d-ailes\/wp-content\/uploads\/2015\/12\/alexandra.jpg\" \/>\n\t<meta property=\"og:image:width\" content=\"274\" \/>\n\t<meta property=\"og:image:height\" content=\"274\" \/>\n\t<meta property=\"og:image:type\" content=\"image\/jpeg\" \/>\n<meta name=\"author\" content=\"V\u00e9ronique Darmangeat\" \/>\n<meta name=\"twitter:card\" content=\"summary_large_image\" \/>\n<meta name=\"twitter:creator\" content=\"@VeroniqueIBCLC\" \/>\n<meta name=\"twitter:site\" content=\"@VeroniqueIBCLC\" \/>\n<meta name=\"twitter:label1\" content=\"\u00c9crit par\" \/>\n\t<meta name=\"twitter:data1\" content=\"V\u00e9ronique Darmangeat\" \/>\n\t<meta name=\"twitter:label2\" content=\"Dur\u00e9e de lecture estim\u00e9e\" \/>\n\t<meta name=\"twitter:data2\" content=\"4 minutes\" \/>\n<script type=\"application\/ld+json\" class=\"yoast-schema-graph\">{\"@context\":\"https:\\\/\\\/schema.org\",\"@graph\":[{\"@type\":\"Article\",\"@id\":\"https:\\\/\\\/www.lactissima.com\\\/a-tire-d-ailes\\\/allaiter-et-travailler-le-temoignage-dalexandra\\\/#article\",\"isPartOf\":{\"@id\":\"https:\\\/\\\/www.lactissima.com\\\/a-tire-d-ailes\\\/allaiter-et-travailler-le-temoignage-dalexandra\\\/\"},\"author\":{\"name\":\"V\u00e9ronique Darmangeat\",\"@id\":\"https:\\\/\\\/www.lactissima.com\\\/a-tire-d-ailes\\\/#\\\/schema\\\/person\\\/8f98d3a89530861bc1240e6d53d44eed\"},\"headline\":\"Allaiter et travailler : le t\u00e9moignage d&rsquo;Alexandra\",\"datePublished\":\"2015-12-11T18:12:31+00:00\",\"mainEntityOfPage\":{\"@id\":\"https:\\\/\\\/www.lactissima.com\\\/a-tire-d-ailes\\\/allaiter-et-travailler-le-temoignage-dalexandra\\\/\"},\"wordCount\":876,\"commentCount\":0,\"image\":{\"@id\":\"https:\\\/\\\/www.lactissima.com\\\/a-tire-d-ailes\\\/allaiter-et-travailler-le-temoignage-dalexandra\\\/#primaryimage\"},\"thumbnailUrl\":\"https:\\\/\\\/www.lactissima.com\\\/a-tire-d-ailes\\\/wp-content\\\/uploads\\\/2015\\\/12\\\/alexandra.jpg\",\"articleSection\":[\"t\u00e9moignages\"],\"inLanguage\":\"fr-FR\",\"potentialAction\":[{\"@type\":\"CommentAction\",\"name\":\"Comment\",\"target\":[\"https:\\\/\\\/www.lactissima.com\\\/a-tire-d-ailes\\\/allaiter-et-travailler-le-temoignage-dalexandra\\\/#respond\"]}]},{\"@type\":\"WebPage\",\"@id\":\"https:\\\/\\\/www.lactissima.com\\\/a-tire-d-ailes\\\/allaiter-et-travailler-le-temoignage-dalexandra\\\/\",\"url\":\"https:\\\/\\\/www.lactissima.com\\\/a-tire-d-ailes\\\/allaiter-et-travailler-le-temoignage-dalexandra\\\/\",\"name\":\"Allaiter et travailler : le t\u00e9moignage d'Alexandra\",\"isPartOf\":{\"@id\":\"https:\\\/\\\/www.lactissima.com\\\/a-tire-d-ailes\\\/#website\"},\"primaryImageOfPage\":{\"@id\":\"https:\\\/\\\/www.lactissima.com\\\/a-tire-d-ailes\\\/allaiter-et-travailler-le-temoignage-dalexandra\\\/#primaryimage\"},\"image\":{\"@id\":\"https:\\\/\\\/www.lactissima.com\\\/a-tire-d-ailes\\\/allaiter-et-travailler-le-temoignage-dalexandra\\\/#primaryimage\"},\"thumbnailUrl\":\"https:\\\/\\\/www.lactissima.com\\\/a-tire-d-ailes\\\/wp-content\\\/uploads\\\/2015\\\/12\\\/alexandra.jpg\",\"datePublished\":\"2015-12-11T18:12:31+00:00\",\"author\":{\"@id\":\"https:\\\/\\\/www.lactissima.com\\\/a-tire-d-ailes\\\/#\\\/schema\\\/person\\\/8f98d3a89530861bc1240e6d53d44eed\"},\"description\":\"Alexandra nous explique la poursuite de son allaitement au travail depuis la Belgique.\",\"breadcrumb\":{\"@id\":\"https:\\\/\\\/www.lactissima.com\\\/a-tire-d-ailes\\\/allaiter-et-travailler-le-temoignage-dalexandra\\\/#breadcrumb\"},\"inLanguage\":\"fr-FR\",\"potentialAction\":[{\"@type\":\"ReadAction\",\"target\":[\"https:\\\/\\\/www.lactissima.com\\\/a-tire-d-ailes\\\/allaiter-et-travailler-le-temoignage-dalexandra\\\/\"]}]},{\"@type\":\"ImageObject\",\"inLanguage\":\"fr-FR\",\"@id\":\"https:\\\/\\\/www.lactissima.com\\\/a-tire-d-ailes\\\/allaiter-et-travailler-le-temoignage-dalexandra\\\/#primaryimage\",\"url\":\"https:\\\/\\\/www.lactissima.com\\\/a-tire-d-ailes\\\/wp-content\\\/uploads\\\/2015\\\/12\\\/alexandra.jpg\",\"contentUrl\":\"https:\\\/\\\/www.lactissima.com\\\/a-tire-d-ailes\\\/wp-content\\\/uploads\\\/2015\\\/12\\\/alexandra.jpg\",\"width\":274,\"height\":274,\"caption\":\"allaitement et travail\"},{\"@type\":\"BreadcrumbList\",\"@id\":\"https:\\\/\\\/www.lactissima.com\\\/a-tire-d-ailes\\\/allaiter-et-travailler-le-temoignage-dalexandra\\\/#breadcrumb\",\"itemListElement\":[{\"@type\":\"ListItem\",\"position\":1,\"name\":\"Accueil\",\"item\":\"https:\\\/\\\/www.lactissima.com\\\/a-tire-d-ailes\\\/\"},{\"@type\":\"ListItem\",\"position\":2,\"name\":\"Allaiter et travailler : le t\u00e9moignage d&rsquo;Alexandra\"}]},{\"@type\":\"WebSite\",\"@id\":\"https:\\\/\\\/www.lactissima.com\\\/a-tire-d-ailes\\\/#website\",\"url\":\"https:\\\/\\\/www.lactissima.com\\\/a-tire-d-ailes\\\/\",\"name\":\"A tire d&#039;Ailes\",\"description\":\"Le blog des femmes qui allaitent et travaillent.\",\"potentialAction\":[{\"@type\":\"SearchAction\",\"target\":{\"@type\":\"EntryPoint\",\"urlTemplate\":\"https:\\\/\\\/www.lactissima.com\\\/a-tire-d-ailes\\\/?s={search_term_string}\"},\"query-input\":{\"@type\":\"PropertyValueSpecification\",\"valueRequired\":true,\"valueName\":\"search_term_string\"}}],\"inLanguage\":\"fr-FR\"},{\"@type\":\"Person\",\"@id\":\"https:\\\/\\\/www.lactissima.com\\\/a-tire-d-ailes\\\/#\\\/schema\\\/person\\\/8f98d3a89530861bc1240e6d53d44eed\",\"name\":\"V\u00e9ronique Darmangeat\",\"image\":{\"@type\":\"ImageObject\",\"inLanguage\":\"fr-FR\",\"@id\":\"https:\\\/\\\/secure.gravatar.com\\\/avatar\\\/268c99344c89cebfe4f5df5fa8be43068a18884fc76a29f3206fae98465b9cab?s=96&d=identicon&r=g\",\"url\":\"https:\\\/\\\/secure.gravatar.com\\\/avatar\\\/268c99344c89cebfe4f5df5fa8be43068a18884fc76a29f3206fae98465b9cab?s=96&d=identicon&r=g\",\"contentUrl\":\"https:\\\/\\\/secure.gravatar.com\\\/avatar\\\/268c99344c89cebfe4f5df5fa8be43068a18884fc76a29f3206fae98465b9cab?s=96&d=identicon&r=g\",\"caption\":\"V\u00e9ronique Darmangeat\"},\"sameAs\":[\"https:\\\/\\\/www.lactissima.com\\\/a-tire-d-ailes\",\"www.facebook.com\\\/consultante.en.lactation\"]}]}<\/script>\n<!-- \/ Yoast SEO plugin. -->","yoast_head_json":{"title":"Allaiter et travailler : le t\u00e9moignage d'Alexandra","description":"Alexandra nous explique la poursuite de son allaitement au travail depuis la Belgique.","robots":{"index":"index","follow":"follow","max-snippet":"max-snippet:-1","max-image-preview":"max-image-preview:large","max-video-preview":"max-video-preview:-1"},"canonical":"https:\/\/www.lactissima.com\/a-tire-d-ailes\/allaiter-et-travailler-le-temoignage-dalexandra\/","og_locale":"fr_FR","og_type":"article","og_title":"Allaiter et travailler : le t\u00e9moignage d'Alexandra","og_description":"Alexandra nous explique la poursuite de son allaitement au travail depuis la Belgique.","og_url":"https:\/\/www.lactissima.com\/a-tire-d-ailes\/allaiter-et-travailler-le-temoignage-dalexandra\/","og_site_name":"A tire d&#039;Ailes","article_publisher":"https:\/\/www.facebook.com\/consultante.en.lactation","article_author":"www.facebook.com\/consultante.en.lactation","article_published_time":"2015-12-11T18:12:31+00:00","og_image":[{"width":274,"height":274,"url":"https:\/\/www.lactissima.com\/a-tire-d-ailes\/wp-content\/uploads\/2015\/12\/alexandra.jpg","type":"image\/jpeg"}],"author":"V\u00e9ronique Darmangeat","twitter_card":"summary_large_image","twitter_creator":"@VeroniqueIBCLC","twitter_site":"@VeroniqueIBCLC","twitter_misc":{"\u00c9crit par":"V\u00e9ronique Darmangeat","Dur\u00e9e de lecture estim\u00e9e":"4 minutes"},"schema":{"@context":"https:\/\/schema.org","@graph":[{"@type":"Article","@id":"https:\/\/www.lactissima.com\/a-tire-d-ailes\/allaiter-et-travailler-le-temoignage-dalexandra\/#article","isPartOf":{"@id":"https:\/\/www.lactissima.com\/a-tire-d-ailes\/allaiter-et-travailler-le-temoignage-dalexandra\/"},"author":{"name":"V\u00e9ronique Darmangeat","@id":"https:\/\/www.lactissima.com\/a-tire-d-ailes\/#\/schema\/person\/8f98d3a89530861bc1240e6d53d44eed"},"headline":"Allaiter et travailler : le t\u00e9moignage d&rsquo;Alexandra","datePublished":"2015-12-11T18:12:31+00:00","mainEntityOfPage":{"@id":"https:\/\/www.lactissima.com\/a-tire-d-ailes\/allaiter-et-travailler-le-temoignage-dalexandra\/"},"wordCount":876,"commentCount":0,"image":{"@id":"https:\/\/www.lactissima.com\/a-tire-d-ailes\/allaiter-et-travailler-le-temoignage-dalexandra\/#primaryimage"},"thumbnailUrl":"https:\/\/www.lactissima.com\/a-tire-d-ailes\/wp-content\/uploads\/2015\/12\/alexandra.jpg","articleSection":["t\u00e9moignages"],"inLanguage":"fr-FR","potentialAction":[{"@type":"CommentAction","name":"Comment","target":["https:\/\/www.lactissima.com\/a-tire-d-ailes\/allaiter-et-travailler-le-temoignage-dalexandra\/#respond"]}]},{"@type":"WebPage","@id":"https:\/\/www.lactissima.com\/a-tire-d-ailes\/allaiter-et-travailler-le-temoignage-dalexandra\/","url":"https:\/\/www.lactissima.com\/a-tire-d-ailes\/allaiter-et-travailler-le-temoignage-dalexandra\/","name":"Allaiter et travailler : le t\u00e9moignage d'Alexandra","isPartOf":{"@id":"https:\/\/www.lactissima.com\/a-tire-d-ailes\/#website"},"primaryImageOfPage":{"@id":"https:\/\/www.lactissima.com\/a-tire-d-ailes\/allaiter-et-travailler-le-temoignage-dalexandra\/#primaryimage"},"image":{"@id":"https:\/\/www.lactissima.com\/a-tire-d-ailes\/allaiter-et-travailler-le-temoignage-dalexandra\/#primaryimage"},"thumbnailUrl":"https:\/\/www.lactissima.com\/a-tire-d-ailes\/wp-content\/uploads\/2015\/12\/alexandra.jpg","datePublished":"2015-12-11T18:12:31+00:00","author":{"@id":"https:\/\/www.lactissima.com\/a-tire-d-ailes\/#\/schema\/person\/8f98d3a89530861bc1240e6d53d44eed"},"description":"Alexandra nous explique la poursuite de son allaitement au travail depuis la Belgique.","breadcrumb":{"@id":"https:\/\/www.lactissima.com\/a-tire-d-ailes\/allaiter-et-travailler-le-temoignage-dalexandra\/#breadcrumb"},"inLanguage":"fr-FR","potentialAction":[{"@type":"ReadAction","target":["https:\/\/www.lactissima.com\/a-tire-d-ailes\/allaiter-et-travailler-le-temoignage-dalexandra\/"]}]},{"@type":"ImageObject","inLanguage":"fr-FR","@id":"https:\/\/www.lactissima.com\/a-tire-d-ailes\/allaiter-et-travailler-le-temoignage-dalexandra\/#primaryimage","url":"https:\/\/www.lactissima.com\/a-tire-d-ailes\/wp-content\/uploads\/2015\/12\/alexandra.jpg","contentUrl":"https:\/\/www.lactissima.com\/a-tire-d-ailes\/wp-content\/uploads\/2015\/12\/alexandra.jpg","width":274,"height":274,"caption":"allaitement et travail"},{"@type":"BreadcrumbList","@id":"https:\/\/www.lactissima.com\/a-tire-d-ailes\/allaiter-et-travailler-le-temoignage-dalexandra\/#breadcrumb","itemListElement":[{"@type":"ListItem","position":1,"name":"Accueil","item":"https:\/\/www.lactissima.com\/a-tire-d-ailes\/"},{"@type":"ListItem","position":2,"name":"Allaiter et travailler : le t\u00e9moignage d&rsquo;Alexandra"}]},{"@type":"WebSite","@id":"https:\/\/www.lactissima.com\/a-tire-d-ailes\/#website","url":"https:\/\/www.lactissima.com\/a-tire-d-ailes\/","name":"A tire d&#039;Ailes","description":"Le blog des femmes qui allaitent et travaillent.","potentialAction":[{"@type":"SearchAction","target":{"@type":"EntryPoint","urlTemplate":"https:\/\/www.lactissima.com\/a-tire-d-ailes\/?s={search_term_string}"},"query-input":{"@type":"PropertyValueSpecification","valueRequired":true,"valueName":"search_term_string"}}],"inLanguage":"fr-FR"},{"@type":"Person","@id":"https:\/\/www.lactissima.com\/a-tire-d-ailes\/#\/schema\/person\/8f98d3a89530861bc1240e6d53d44eed","name":"V\u00e9ronique Darmangeat","image":{"@type":"ImageObject","inLanguage":"fr-FR","@id":"https:\/\/secure.gravatar.com\/avatar\/268c99344c89cebfe4f5df5fa8be43068a18884fc76a29f3206fae98465b9cab?s=96&d=identicon&r=g","url":"https:\/\/secure.gravatar.com\/avatar\/268c99344c89cebfe4f5df5fa8be43068a18884fc76a29f3206fae98465b9cab?s=96&d=identicon&r=g","contentUrl":"https:\/\/secure.gravatar.com\/avatar\/268c99344c89cebfe4f5df5fa8be43068a18884fc76a29f3206fae98465b9cab?s=96&d=identicon&r=g","caption":"V\u00e9ronique Darmangeat"},"sameAs":["https:\/\/www.lactissima.com\/a-tire-d-ailes","www.facebook.com\/consultante.en.lactation"]}]}},"_links":{"self":[{"href":"https:\/\/www.lactissima.com\/a-tire-d-ailes\/wp-json\/wp\/v2\/posts\/6509","targetHints":{"allow":["GET"]}}],"collection":[{"href":"https:\/\/www.lactissima.com\/a-tire-d-ailes\/wp-json\/wp\/v2\/posts"}],"about":[{"href":"https:\/\/www.lactissima.com\/a-tire-d-ailes\/wp-json\/wp\/v2\/types\/post"}],"author":[{"embeddable":true,"href":"https:\/\/www.lactissima.com\/a-tire-d-ailes\/wp-json\/wp\/v2\/users\/170"}],"replies":[{"embeddable":true,"href":"https:\/\/www.lactissima.com\/a-tire-d-ailes\/wp-json\/wp\/v2\/comments?post=6509"}],"version-history":[{"count":1,"href":"https:\/\/www.lactissima.com\/a-tire-d-ailes\/wp-json\/wp\/v2\/posts\/6509\/revisions"}],"predecessor-version":[{"id":6511,"href":"https:\/\/www.lactissima.com\/a-tire-d-ailes\/wp-json\/wp\/v2\/posts\/6509\/revisions\/6511"}],"wp:featuredmedia":[{"embeddable":true,"href":"https:\/\/www.lactissima.com\/a-tire-d-ailes\/wp-json\/wp\/v2\/media\/6510"}],"wp:attachment":[{"href":"https:\/\/www.lactissima.com\/a-tire-d-ailes\/wp-json\/wp\/v2\/media?parent=6509"}],"wp:term":[{"taxonomy":"category","embeddable":true,"href":"https:\/\/www.lactissima.com\/a-tire-d-ailes\/wp-json\/wp\/v2\/categories?post=6509"},{"taxonomy":"post_tag","embeddable":true,"href":"https:\/\/www.lactissima.com\/a-tire-d-ailes\/wp-json\/wp\/v2\/tags?post=6509"}],"curies":[{"name":"wp","href":"https:\/\/api.w.org\/{rel}","templated":true}]}}