{"id":648,"date":"2009-10-03T10:00:05","date_gmt":"2009-10-03T08:00:05","guid":{"rendered":"https:\/\/www.lactissima.com\/a-tire-d-ailes\/?p=648"},"modified":"2014-03-15T17:13:07","modified_gmt":"2014-03-15T15:13:07","slug":"allaiter-et-travailler-le-temoignage-de-florence","status":"publish","type":"post","link":"https:\/\/www.lactissima.com\/a-tire-d-ailes\/allaiter-et-travailler-le-temoignage-de-florence\/","title":{"rendered":"Allaiter et travailler : le t\u00e9moignage de Florence"},"content":{"rendered":"<p style=\"text-align: justify;\"><strong><img loading=\"lazy\" decoding=\"async\" class=\"alignleft size-full wp-image-804\" title=\"Allaiter et travailler\" alt=\"florence\" src=\"https:\/\/www.lactissima.com\/a-tire-d-ailes\/wp-content\/uploads\/florence.jpg\" width=\"314\" height=\"235\" srcset=\"https:\/\/www.lactissima.com\/a-tire-d-ailes\/wp-content\/uploads\/florence.jpg 448w, https:\/\/www.lactissima.com\/a-tire-d-ailes\/wp-content\/uploads\/florence-300x224.jpg 300w\" sizes=\"(max-width: 314px) 100vw, 314px\" \/>Bonjour Florence,<\/strong><\/p>\n<ul style=\"text-align: justify;\">\n<li><strong>Quel choix avez-vous fait au moment de la reprise du travail : sevrage ou poursuite de l&rsquo;allaitement ? Pourquoi ?<\/strong><\/li>\n<\/ul>\n<p style=\"text-align: justify;\">Pour mes deux enfants, le choix a \u00e9t\u00e9 comme une \u00e9vidence : l&rsquo;allaitement mixte. J&rsquo;ai essay\u00e9 de garder les t\u00e9t\u00e9es du matin et du soir afin d&rsquo;avoir, malgr\u00e9 la reprise du travail, nos moments de complicit\u00e9 et de tendresse. Je continuais ainsi \u00e0 les nourrir mais d&rsquo;une fa\u00e7on unique : celle que seule leur maman puisse leur donner. Les assistantes maternelles leur ont donn\u00e9 le biberon mais j&rsquo;avais ce \u00ab\u00a0truc\u00a0\u00bb qui me diff\u00e9renciait d&rsquo;elles. C&rsquo;\u00e9tait important car \u00e0 la reprise du travail, surtout pour mon a\u00een\u00e9e, je me suis pos\u00e9 beaucoup de questions du style : va t&rsquo;elle l&rsquo;aimer plus que moi ? Finalement ma fille \u00e9tait ravie de retrouver maman le soir et de faire une t\u00e9t\u00e9e-c\u00e2lin. Mon fils est pareil. D\u00e8s qu&rsquo;il me voit le soir il r\u00e9clame sa t\u00e9t\u00e9e et me regarde dans les yeux. J&rsquo;ai l&rsquo;impression que c&rsquo;est leur fa\u00e7on de me dire \u00ab\u00a0je t&rsquo;aime\u00a0\u00bb.<\/p>\n<ul style=\"text-align: justify;\">\n<li><strong>Comment vous \u00eates-vous organis\u00e9e ?<\/strong><\/li>\n<\/ul>\n<p style=\"text-align: justify;\">J&rsquo;ai commenc\u00e9 \u00e0 introduire les biberons trois semaines avant la reprise du travail. D&rsquo;abord des biberons de lait maternel et j&rsquo;ai test\u00e9 pas mal de biberons jusqu&rsquo;\u00e0 ce que je trouve celui qui convenait. J&rsquo;ai commenc\u00e9 par la t\u00e9t\u00e9e du go\u00fbter pendant trois jours puis celle du midi et celle de dix heures. Une fois le rythme install\u00e9 avec l&rsquo;assistante maternelle j&rsquo;ai pu reprendre l&rsquo;allaitement exclusif les jours o\u00f9 je suis avec eux.<\/p>\n<p style=\"text-align: justify;\">Pour mon a\u00een\u00e9e, elle a eu du lait artificiel en journ\u00e9e et t\u00e9t\u00e9e soir et matin. J&rsquo;ai regrett\u00e9 de ne pas avoir stock\u00e9 de lait et de ne pas avoir fait en sorte de lui fournir au moins un biberon de lait maternel.<\/p>\n<p style=\"text-align: justify;\">Pour mon fils, j&rsquo;ai donc tir\u00e9 mon lait et pr\u00e9par\u00e9 des biberons au cong\u00e9lateur. J&rsquo;ai utilis\u00e9 un tire-lait manuel afin de pouvoir l&#8217;emmener facilement au travail avec un bon sac isotherme. A presque cinq mois, il a deux biberons de lait artificiel et un biberon de lait maternel chez son assistante maternelle en plus des t\u00e9t\u00e9es soir et matin et celle des retrouvailles.<\/p>\n<ul style=\"text-align: justify;\">\n<li><strong>Quelles ont \u00e9t\u00e9 vos principales difficult\u00e9s ?<\/strong><\/li>\n<\/ul>\n<p style=\"text-align: justify;\">Pour le sevrage : entendre son enfant pleurer car comme moi il pr\u00e9f\u00e9rait l&rsquo;allaitement.<\/p>\n<p style=\"text-align: justify;\">Apr\u00e8s la reprise du boulot : la motivation pour tirer son lait quand on est fatigu\u00e9e. Il y a des jours o\u00f9 on n&rsquo;a pas envie de le faire mais il faut se forcer pour pouvoir garder le rythme. Sinon on risque de vite perdre la lactation. Heureusement les week-ends la boostent.<\/p>\n<p style=\"text-align: justify;\">Au niveau du travail c&rsquo;est pouvoir le faire discr\u00e8tement notamment quand il est pr\u00e9vu une r\u00e9union tout l&rsquo;apr\u00e8s-midi. Mais apr\u00e8s quelques jours on trouve le rythme aussi.<\/p>\n<ul style=\"text-align: justify;\">\n<li><strong>Quels ont \u00e9t\u00e9 vos meilleurs moments ?<\/strong><\/li>\n<\/ul>\n<p style=\"text-align: justify;\">J&rsquo;\u00e9tais incapable d&rsquo;arr\u00eater l&rsquo;allaitement pour ma fille. Je garde au fond de mon coeur ces instants magiques, ses regards de petite fille. Aujourd&rsquo;hui encore, m\u00eame si elle a arr\u00eat\u00e9 elle-m\u00eame l&rsquo;allaitement, on reste complice. C&rsquo;est pour moi la magie de l&rsquo;allaitement.<\/p>\n<p style=\"text-align: justify;\">Pour mon fils j&rsquo;ai sensiblement les m\u00eames instants magiques. Ils sont juste diff\u00e9rents car mes enfants sont diff\u00e9rents, ils t\u00e8tent diff\u00e9remment&#8230; Ma plus grande fiert\u00e9 \u00e9tait le jour o\u00f9 j&rsquo;ai r\u00e9alis\u00e9 que j&rsquo;avais \u00ab\u00a0travaill\u00e9 \u00a0\u00bb pour faire un stock de trois semaines de lait pour la reprise du travail. Je suis fi\u00e8re le matin de donner un biberon de lait maternel \u00e0 la tata de mon fils. C&rsquo;est le seul biberon qu&rsquo;il termine et en r\u00e9clame encore. Je me dis que \u00e7a en vaut la peine.<\/p>\n<ul style=\"text-align: justify;\">\n<li><strong>Qu&rsquo;est-ce que vous souhaiteriez dire aux mamans qui doivent faire un choix dans les semaines \u00e0 venir ?<\/strong><\/li>\n<\/ul>\n<p style=\"text-align: justify;\">Comme choisir d&rsquo;allaiter c&rsquo;est un choix personnel de conserver au moins deux t\u00e9t\u00e9es et peut-\u00eatre de tirer son lait. Mais si on aime donner le sein \u00e0 notre enfant il n&rsquo;y a pas de raison que le travail nous prive de ce bonheur. Profitez de ces instants magiques encore longtemps apr\u00e8s la reprise de travail. C&rsquo;est entre vous et votre b\u00e9b\u00e9 et personne ne peut vous dire quoi que soit. Certes c&rsquo;est fatiguant mais \u00e7a en vaut la peine. C&rsquo;est compliqu\u00e9 d&rsquo;expliquer quelque chose qu&rsquo;on ressent comme \u00e7a. Fermez les yeux et pensez \u00e0 ce que vous ressentez quand votre b\u00e9b\u00e9 t\u00e8te. Si le sourire apparait c&rsquo;est que vous devriez continuer pour vous deux parce que vous aimez et lui sera ravi de continuer.<\/p>\n<ul style=\"text-align: justify;\">\n<li><strong>Ce serait \u00e0 refaire, vous referiez le m\u00eame choix ? Que changeriez-vous ?<\/strong><\/li>\n<\/ul>\n<p style=\"text-align: justify;\">A 300% je referais le m\u00eame choix! A d\u00e9faut de pouvoir allaiter sur mon lieu de travail. Pour ce qui est des changements, peut-\u00eatre tenter de faire deux biberons de lait maternel par jour!<\/p>\n<p>&nbsp;<\/p>\n","protected":false},"excerpt":{"rendered":"<p>Ce serait \u00e0 refaire, vous referiez le m\u00eame choix ? Que changeriez-vous ?<\/p>\n<p>A 300% je referais le m\u00eame choix! A d\u00e9faut de pouvoir allaiter sur mon lieu de travail.<\/p>\n","protected":false},"author":170,"featured_media":804,"comment_status":"open","ping_status":"open","sticky":false,"template":"","format":"standard","meta":{"_et_pb_use_builder":"","_et_pb_old_content":"","_et_gb_content_width":"","footnotes":""},"categories":[36,150],"tags":[680,148,59],"class_list":["post-648","post","type-post","status-publish","format-standard","has-post-thumbnail","hentry","category-allaitement-et-travail","category-temoignages","tag-allaitement","tag-temoignage","tag-travail"],"yoast_head":"<!-- This site is optimized with the Yoast SEO plugin v27.4 - https:\/\/yoast.com\/product\/yoast-seo-wordpress\/ -->\n<title>Allaiter et travailler : le t\u00e9moignage de Florence<\/title>\n<meta name=\"description\" content=\"Ce serait \u00e0 refaire, vous referiez le m\u00eame choix ? Que changeriez-vous ?  A 300% je referais le m\u00eame choix! A d\u00e9faut de pouvoir allaiter sur mon lieu de travail.\" \/>\n<meta name=\"robots\" content=\"index, follow, max-snippet:-1, max-image-preview:large, max-video-preview:-1\" \/>\n<link rel=\"canonical\" href=\"https:\/\/www.lactissima.com\/a-tire-d-ailes\/allaiter-et-travailler-le-temoignage-de-florence\/\" \/>\n<meta property=\"og:locale\" content=\"fr_FR\" \/>\n<meta property=\"og:type\" content=\"article\" \/>\n<meta property=\"og:title\" content=\"Allaiter et travailler : le t\u00e9moignage de Florence\" \/>\n<meta property=\"og:description\" content=\"Ce serait \u00e0 refaire, vous referiez le m\u00eame choix ? Que changeriez-vous ?  A 300% je referais le m\u00eame choix! A d\u00e9faut de pouvoir allaiter sur mon lieu de travail.\" \/>\n<meta property=\"og:url\" content=\"https:\/\/www.lactissima.com\/a-tire-d-ailes\/allaiter-et-travailler-le-temoignage-de-florence\/\" \/>\n<meta property=\"og:site_name\" content=\"A tire d&#039;Ailes\" \/>\n<meta property=\"article:publisher\" content=\"https:\/\/www.facebook.com\/consultante.en.lactation\" \/>\n<meta property=\"article:author\" content=\"www.facebook.com\/consultante.en.lactation\" \/>\n<meta property=\"article:published_time\" content=\"2009-10-03T08:00:05+00:00\" \/>\n<meta property=\"article:modified_time\" content=\"2014-03-15T15:13:07+00:00\" \/>\n<meta property=\"og:image\" content=\"https:\/\/www.lactissima.com\/a-tire-d-ailes\/wp-content\/uploads\/florence.jpg\" \/>\n\t<meta property=\"og:image:width\" content=\"448\" \/>\n\t<meta property=\"og:image:height\" content=\"336\" \/>\n\t<meta property=\"og:image:type\" content=\"image\/jpeg\" \/>\n<meta name=\"author\" content=\"V\u00e9ronique Darmangeat\" \/>\n<meta name=\"twitter:card\" content=\"summary_large_image\" \/>\n<meta name=\"twitter:creator\" content=\"@VeroniqueIBCLC\" \/>\n<meta name=\"twitter:site\" content=\"@VeroniqueIBCLC\" \/>\n<meta name=\"twitter:label1\" content=\"\u00c9crit par\" \/>\n\t<meta name=\"twitter:data1\" content=\"V\u00e9ronique Darmangeat\" \/>\n\t<meta name=\"twitter:label2\" content=\"Dur\u00e9e de lecture estim\u00e9e\" \/>\n\t<meta name=\"twitter:data2\" content=\"4 minutes\" \/>\n<script type=\"application\/ld+json\" class=\"yoast-schema-graph\">{\"@context\":\"https:\\\/\\\/schema.org\",\"@graph\":[{\"@type\":\"Article\",\"@id\":\"https:\\\/\\\/www.lactissima.com\\\/a-tire-d-ailes\\\/allaiter-et-travailler-le-temoignage-de-florence\\\/#article\",\"isPartOf\":{\"@id\":\"https:\\\/\\\/www.lactissima.com\\\/a-tire-d-ailes\\\/allaiter-et-travailler-le-temoignage-de-florence\\\/\"},\"author\":{\"name\":\"V\u00e9ronique Darmangeat\",\"@id\":\"https:\\\/\\\/www.lactissima.com\\\/a-tire-d-ailes\\\/#\\\/schema\\\/person\\\/8f98d3a89530861bc1240e6d53d44eed\"},\"headline\":\"Allaiter et travailler : le t\u00e9moignage de Florence\",\"datePublished\":\"2009-10-03T08:00:05+00:00\",\"dateModified\":\"2014-03-15T15:13:07+00:00\",\"mainEntityOfPage\":{\"@id\":\"https:\\\/\\\/www.lactissima.com\\\/a-tire-d-ailes\\\/allaiter-et-travailler-le-temoignage-de-florence\\\/\"},\"wordCount\":874,\"commentCount\":0,\"image\":{\"@id\":\"https:\\\/\\\/www.lactissima.com\\\/a-tire-d-ailes\\\/allaiter-et-travailler-le-temoignage-de-florence\\\/#primaryimage\"},\"thumbnailUrl\":\"https:\\\/\\\/www.lactissima.com\\\/a-tire-d-ailes\\\/wp-content\\\/uploads\\\/florence.jpg\",\"keywords\":[\"Allaitement\",\"t\u00e9moignage\",\"travail\"],\"articleSection\":[\"Allaitement et Travail\",\"t\u00e9moignages\"],\"inLanguage\":\"fr-FR\",\"potentialAction\":[{\"@type\":\"CommentAction\",\"name\":\"Comment\",\"target\":[\"https:\\\/\\\/www.lactissima.com\\\/a-tire-d-ailes\\\/allaiter-et-travailler-le-temoignage-de-florence\\\/#respond\"]}]},{\"@type\":\"WebPage\",\"@id\":\"https:\\\/\\\/www.lactissima.com\\\/a-tire-d-ailes\\\/allaiter-et-travailler-le-temoignage-de-florence\\\/\",\"url\":\"https:\\\/\\\/www.lactissima.com\\\/a-tire-d-ailes\\\/allaiter-et-travailler-le-temoignage-de-florence\\\/\",\"name\":\"Allaiter et travailler : le t\u00e9moignage de Florence\",\"isPartOf\":{\"@id\":\"https:\\\/\\\/www.lactissima.com\\\/a-tire-d-ailes\\\/#website\"},\"primaryImageOfPage\":{\"@id\":\"https:\\\/\\\/www.lactissima.com\\\/a-tire-d-ailes\\\/allaiter-et-travailler-le-temoignage-de-florence\\\/#primaryimage\"},\"image\":{\"@id\":\"https:\\\/\\\/www.lactissima.com\\\/a-tire-d-ailes\\\/allaiter-et-travailler-le-temoignage-de-florence\\\/#primaryimage\"},\"thumbnailUrl\":\"https:\\\/\\\/www.lactissima.com\\\/a-tire-d-ailes\\\/wp-content\\\/uploads\\\/florence.jpg\",\"datePublished\":\"2009-10-03T08:00:05+00:00\",\"dateModified\":\"2014-03-15T15:13:07+00:00\",\"author\":{\"@id\":\"https:\\\/\\\/www.lactissima.com\\\/a-tire-d-ailes\\\/#\\\/schema\\\/person\\\/8f98d3a89530861bc1240e6d53d44eed\"},\"description\":\"Ce serait \u00e0 refaire, vous referiez le m\u00eame choix ? Que changeriez-vous ? A 300% je referais le m\u00eame choix! A d\u00e9faut de pouvoir allaiter sur mon lieu de travail.\",\"breadcrumb\":{\"@id\":\"https:\\\/\\\/www.lactissima.com\\\/a-tire-d-ailes\\\/allaiter-et-travailler-le-temoignage-de-florence\\\/#breadcrumb\"},\"inLanguage\":\"fr-FR\",\"potentialAction\":[{\"@type\":\"ReadAction\",\"target\":[\"https:\\\/\\\/www.lactissima.com\\\/a-tire-d-ailes\\\/allaiter-et-travailler-le-temoignage-de-florence\\\/\"]}]},{\"@type\":\"ImageObject\",\"inLanguage\":\"fr-FR\",\"@id\":\"https:\\\/\\\/www.lactissima.com\\\/a-tire-d-ailes\\\/allaiter-et-travailler-le-temoignage-de-florence\\\/#primaryimage\",\"url\":\"https:\\\/\\\/www.lactissima.com\\\/a-tire-d-ailes\\\/wp-content\\\/uploads\\\/florence.jpg\",\"contentUrl\":\"https:\\\/\\\/www.lactissima.com\\\/a-tire-d-ailes\\\/wp-content\\\/uploads\\\/florence.jpg\",\"width\":\"448\",\"height\":\"336\"},{\"@type\":\"BreadcrumbList\",\"@id\":\"https:\\\/\\\/www.lactissima.com\\\/a-tire-d-ailes\\\/allaiter-et-travailler-le-temoignage-de-florence\\\/#breadcrumb\",\"itemListElement\":[{\"@type\":\"ListItem\",\"position\":1,\"name\":\"Accueil\",\"item\":\"https:\\\/\\\/www.lactissima.com\\\/a-tire-d-ailes\\\/\"},{\"@type\":\"ListItem\",\"position\":2,\"name\":\"Allaiter et travailler : le t\u00e9moignage de Florence\"}]},{\"@type\":\"WebSite\",\"@id\":\"https:\\\/\\\/www.lactissima.com\\\/a-tire-d-ailes\\\/#website\",\"url\":\"https:\\\/\\\/www.lactissima.com\\\/a-tire-d-ailes\\\/\",\"name\":\"A tire d&#039;Ailes\",\"description\":\"Le blog des femmes qui allaitent et travaillent.\",\"potentialAction\":[{\"@type\":\"SearchAction\",\"target\":{\"@type\":\"EntryPoint\",\"urlTemplate\":\"https:\\\/\\\/www.lactissima.com\\\/a-tire-d-ailes\\\/?s={search_term_string}\"},\"query-input\":{\"@type\":\"PropertyValueSpecification\",\"valueRequired\":true,\"valueName\":\"search_term_string\"}}],\"inLanguage\":\"fr-FR\"},{\"@type\":\"Person\",\"@id\":\"https:\\\/\\\/www.lactissima.com\\\/a-tire-d-ailes\\\/#\\\/schema\\\/person\\\/8f98d3a89530861bc1240e6d53d44eed\",\"name\":\"V\u00e9ronique Darmangeat\",\"image\":{\"@type\":\"ImageObject\",\"inLanguage\":\"fr-FR\",\"@id\":\"https:\\\/\\\/secure.gravatar.com\\\/avatar\\\/268c99344c89cebfe4f5df5fa8be43068a18884fc76a29f3206fae98465b9cab?s=96&d=identicon&r=g\",\"url\":\"https:\\\/\\\/secure.gravatar.com\\\/avatar\\\/268c99344c89cebfe4f5df5fa8be43068a18884fc76a29f3206fae98465b9cab?s=96&d=identicon&r=g\",\"contentUrl\":\"https:\\\/\\\/secure.gravatar.com\\\/avatar\\\/268c99344c89cebfe4f5df5fa8be43068a18884fc76a29f3206fae98465b9cab?s=96&d=identicon&r=g\",\"caption\":\"V\u00e9ronique Darmangeat\"},\"sameAs\":[\"https:\\\/\\\/www.lactissima.com\\\/a-tire-d-ailes\",\"www.facebook.com\\\/consultante.en.lactation\"]}]}<\/script>\n<!-- \/ Yoast SEO plugin. -->","yoast_head_json":{"title":"Allaiter et travailler : le t\u00e9moignage de Florence","description":"Ce serait \u00e0 refaire, vous referiez le m\u00eame choix ? Que changeriez-vous ?  A 300% je referais le m\u00eame choix! A d\u00e9faut de pouvoir allaiter sur mon lieu de travail.","robots":{"index":"index","follow":"follow","max-snippet":"max-snippet:-1","max-image-preview":"max-image-preview:large","max-video-preview":"max-video-preview:-1"},"canonical":"https:\/\/www.lactissima.com\/a-tire-d-ailes\/allaiter-et-travailler-le-temoignage-de-florence\/","og_locale":"fr_FR","og_type":"article","og_title":"Allaiter et travailler : le t\u00e9moignage de Florence","og_description":"Ce serait \u00e0 refaire, vous referiez le m\u00eame choix ? Que changeriez-vous ?  A 300% je referais le m\u00eame choix! A d\u00e9faut de pouvoir allaiter sur mon lieu de travail.","og_url":"https:\/\/www.lactissima.com\/a-tire-d-ailes\/allaiter-et-travailler-le-temoignage-de-florence\/","og_site_name":"A tire d&#039;Ailes","article_publisher":"https:\/\/www.facebook.com\/consultante.en.lactation","article_author":"www.facebook.com\/consultante.en.lactation","article_published_time":"2009-10-03T08:00:05+00:00","article_modified_time":"2014-03-15T15:13:07+00:00","og_image":[{"width":448,"height":336,"url":"https:\/\/www.lactissima.com\/a-tire-d-ailes\/wp-content\/uploads\/florence.jpg","type":"image\/jpeg"}],"author":"V\u00e9ronique Darmangeat","twitter_card":"summary_large_image","twitter_creator":"@VeroniqueIBCLC","twitter_site":"@VeroniqueIBCLC","twitter_misc":{"\u00c9crit par":"V\u00e9ronique Darmangeat","Dur\u00e9e de lecture estim\u00e9e":"4 minutes"},"schema":{"@context":"https:\/\/schema.org","@graph":[{"@type":"Article","@id":"https:\/\/www.lactissima.com\/a-tire-d-ailes\/allaiter-et-travailler-le-temoignage-de-florence\/#article","isPartOf":{"@id":"https:\/\/www.lactissima.com\/a-tire-d-ailes\/allaiter-et-travailler-le-temoignage-de-florence\/"},"author":{"name":"V\u00e9ronique Darmangeat","@id":"https:\/\/www.lactissima.com\/a-tire-d-ailes\/#\/schema\/person\/8f98d3a89530861bc1240e6d53d44eed"},"headline":"Allaiter et travailler : le t\u00e9moignage de Florence","datePublished":"2009-10-03T08:00:05+00:00","dateModified":"2014-03-15T15:13:07+00:00","mainEntityOfPage":{"@id":"https:\/\/www.lactissima.com\/a-tire-d-ailes\/allaiter-et-travailler-le-temoignage-de-florence\/"},"wordCount":874,"commentCount":0,"image":{"@id":"https:\/\/www.lactissima.com\/a-tire-d-ailes\/allaiter-et-travailler-le-temoignage-de-florence\/#primaryimage"},"thumbnailUrl":"https:\/\/www.lactissima.com\/a-tire-d-ailes\/wp-content\/uploads\/florence.jpg","keywords":["Allaitement","t\u00e9moignage","travail"],"articleSection":["Allaitement et Travail","t\u00e9moignages"],"inLanguage":"fr-FR","potentialAction":[{"@type":"CommentAction","name":"Comment","target":["https:\/\/www.lactissima.com\/a-tire-d-ailes\/allaiter-et-travailler-le-temoignage-de-florence\/#respond"]}]},{"@type":"WebPage","@id":"https:\/\/www.lactissima.com\/a-tire-d-ailes\/allaiter-et-travailler-le-temoignage-de-florence\/","url":"https:\/\/www.lactissima.com\/a-tire-d-ailes\/allaiter-et-travailler-le-temoignage-de-florence\/","name":"Allaiter et travailler : le t\u00e9moignage de Florence","isPartOf":{"@id":"https:\/\/www.lactissima.com\/a-tire-d-ailes\/#website"},"primaryImageOfPage":{"@id":"https:\/\/www.lactissima.com\/a-tire-d-ailes\/allaiter-et-travailler-le-temoignage-de-florence\/#primaryimage"},"image":{"@id":"https:\/\/www.lactissima.com\/a-tire-d-ailes\/allaiter-et-travailler-le-temoignage-de-florence\/#primaryimage"},"thumbnailUrl":"https:\/\/www.lactissima.com\/a-tire-d-ailes\/wp-content\/uploads\/florence.jpg","datePublished":"2009-10-03T08:00:05+00:00","dateModified":"2014-03-15T15:13:07+00:00","author":{"@id":"https:\/\/www.lactissima.com\/a-tire-d-ailes\/#\/schema\/person\/8f98d3a89530861bc1240e6d53d44eed"},"description":"Ce serait \u00e0 refaire, vous referiez le m\u00eame choix ? Que changeriez-vous ? A 300% je referais le m\u00eame choix! A d\u00e9faut de pouvoir allaiter sur mon lieu de travail.","breadcrumb":{"@id":"https:\/\/www.lactissima.com\/a-tire-d-ailes\/allaiter-et-travailler-le-temoignage-de-florence\/#breadcrumb"},"inLanguage":"fr-FR","potentialAction":[{"@type":"ReadAction","target":["https:\/\/www.lactissima.com\/a-tire-d-ailes\/allaiter-et-travailler-le-temoignage-de-florence\/"]}]},{"@type":"ImageObject","inLanguage":"fr-FR","@id":"https:\/\/www.lactissima.com\/a-tire-d-ailes\/allaiter-et-travailler-le-temoignage-de-florence\/#primaryimage","url":"https:\/\/www.lactissima.com\/a-tire-d-ailes\/wp-content\/uploads\/florence.jpg","contentUrl":"https:\/\/www.lactissima.com\/a-tire-d-ailes\/wp-content\/uploads\/florence.jpg","width":"448","height":"336"},{"@type":"BreadcrumbList","@id":"https:\/\/www.lactissima.com\/a-tire-d-ailes\/allaiter-et-travailler-le-temoignage-de-florence\/#breadcrumb","itemListElement":[{"@type":"ListItem","position":1,"name":"Accueil","item":"https:\/\/www.lactissima.com\/a-tire-d-ailes\/"},{"@type":"ListItem","position":2,"name":"Allaiter et travailler : le t\u00e9moignage de Florence"}]},{"@type":"WebSite","@id":"https:\/\/www.lactissima.com\/a-tire-d-ailes\/#website","url":"https:\/\/www.lactissima.com\/a-tire-d-ailes\/","name":"A tire d&#039;Ailes","description":"Le blog des femmes qui allaitent et travaillent.","potentialAction":[{"@type":"SearchAction","target":{"@type":"EntryPoint","urlTemplate":"https:\/\/www.lactissima.com\/a-tire-d-ailes\/?s={search_term_string}"},"query-input":{"@type":"PropertyValueSpecification","valueRequired":true,"valueName":"search_term_string"}}],"inLanguage":"fr-FR"},{"@type":"Person","@id":"https:\/\/www.lactissima.com\/a-tire-d-ailes\/#\/schema\/person\/8f98d3a89530861bc1240e6d53d44eed","name":"V\u00e9ronique Darmangeat","image":{"@type":"ImageObject","inLanguage":"fr-FR","@id":"https:\/\/secure.gravatar.com\/avatar\/268c99344c89cebfe4f5df5fa8be43068a18884fc76a29f3206fae98465b9cab?s=96&d=identicon&r=g","url":"https:\/\/secure.gravatar.com\/avatar\/268c99344c89cebfe4f5df5fa8be43068a18884fc76a29f3206fae98465b9cab?s=96&d=identicon&r=g","contentUrl":"https:\/\/secure.gravatar.com\/avatar\/268c99344c89cebfe4f5df5fa8be43068a18884fc76a29f3206fae98465b9cab?s=96&d=identicon&r=g","caption":"V\u00e9ronique Darmangeat"},"sameAs":["https:\/\/www.lactissima.com\/a-tire-d-ailes","www.facebook.com\/consultante.en.lactation"]}]}},"_links":{"self":[{"href":"https:\/\/www.lactissima.com\/a-tire-d-ailes\/wp-json\/wp\/v2\/posts\/648","targetHints":{"allow":["GET"]}}],"collection":[{"href":"https:\/\/www.lactissima.com\/a-tire-d-ailes\/wp-json\/wp\/v2\/posts"}],"about":[{"href":"https:\/\/www.lactissima.com\/a-tire-d-ailes\/wp-json\/wp\/v2\/types\/post"}],"author":[{"embeddable":true,"href":"https:\/\/www.lactissima.com\/a-tire-d-ailes\/wp-json\/wp\/v2\/users\/170"}],"replies":[{"embeddable":true,"href":"https:\/\/www.lactissima.com\/a-tire-d-ailes\/wp-json\/wp\/v2\/comments?post=648"}],"version-history":[{"count":18,"href":"https:\/\/www.lactissima.com\/a-tire-d-ailes\/wp-json\/wp\/v2\/posts\/648\/revisions"}],"predecessor-version":[{"id":5555,"href":"https:\/\/www.lactissima.com\/a-tire-d-ailes\/wp-json\/wp\/v2\/posts\/648\/revisions\/5555"}],"wp:featuredmedia":[{"embeddable":true,"href":"https:\/\/www.lactissima.com\/a-tire-d-ailes\/wp-json\/wp\/v2\/media\/804"}],"wp:attachment":[{"href":"https:\/\/www.lactissima.com\/a-tire-d-ailes\/wp-json\/wp\/v2\/media?parent=648"}],"wp:term":[{"taxonomy":"category","embeddable":true,"href":"https:\/\/www.lactissima.com\/a-tire-d-ailes\/wp-json\/wp\/v2\/categories?post=648"},{"taxonomy":"post_tag","embeddable":true,"href":"https:\/\/www.lactissima.com\/a-tire-d-ailes\/wp-json\/wp\/v2\/tags?post=648"}],"curies":[{"name":"wp","href":"https:\/\/api.w.org\/{rel}","templated":true}]}}