{"id":6477,"date":"2015-11-12T09:11:24","date_gmt":"2015-11-12T08:11:24","guid":{"rendered":"https:\/\/www.lactissima.com\/a-tire-d-ailes\/?p=6477"},"modified":"2015-11-12T09:11:24","modified_gmt":"2015-11-12T08:11:24","slug":"sevrages-le-temoignage-de-soizic","status":"publish","type":"post","link":"https:\/\/www.lactissima.com\/a-tire-d-ailes\/sevrages-le-temoignage-de-soizic\/","title":{"rendered":"Sevrages : le t\u00e9moignage de Soizic"},"content":{"rendered":"<p style=\"text-align: justify;\"><img loading=\"lazy\" decoding=\"async\" class=\"alignright size-full wp-image-6478\" src=\"https:\/\/www.lactissima.com\/a-tire-d-ailes\/wp-content\/uploads\/2015\/11\/soizic.jpg\" alt=\"sevrage\" width=\"410\" height=\"230\" srcset=\"https:\/\/www.lactissima.com\/a-tire-d-ailes\/wp-content\/uploads\/2015\/11\/soizic.jpg 410w, https:\/\/www.lactissima.com\/a-tire-d-ailes\/wp-content\/uploads\/2015\/11\/soizic-300x168.jpg 300w\" sizes=\"(max-width: 410px) 100vw, 410px\" \/>Je m&rsquo;appelle Soizic, j&rsquo;ai 28 ans, je suis enseignante et aujourd&rsquo;hui maman de deux petites filles. J&rsquo;ai allait\u00e9 la premi\u00e8re 17 mois, et la deuxi\u00e8me, qui a 2 mois, est encore au sein. Pour longtemps j&rsquo;esp\u00e8re !<\/p>\n<ul style=\"text-align: justify;\">\n<li><strong>A quel moment avez-vous d\u00e9cid\u00e9 de sevrer votre b\u00e9b\u00e9 ?<\/strong><\/li>\n<\/ul>\n<p style=\"text-align: justify;\">J&rsquo;aurai du mal \u00e0 d\u00e9finir un moment pr\u00e9cis o\u00f9 j&rsquo;ai d\u00e9cid\u00e9 de sevrer, car la d\u00e9cision est venue petit \u00e0 petit. Je suis tomb\u00e9e enceinte lorsque ma fille avait 13 mois, je l&rsquo;allaitais encore et j&rsquo;\u00e9tais dans un \u00e9tat d&rsquo;esprit o\u00f9 \u00ab\u00a0tant que \u00e7a fonctionne on continue, sinon je pourrai quand m\u00eame \u00eatre fi\u00e8re de moi d&rsquo;avoir allait\u00e9 autant, surtout avec la reprise du travail !\u00a0\u00bb. Donc tr\u00e8s sereine \u00e0 l&rsquo;id\u00e9e de continuer, mais aussi \u00e0 l&rsquo;id\u00e9e que \u00e7a s&rsquo;arr\u00eate un jour ! D\u00e8s que j&rsquo;ai su ma grossesse, je me suis un peu renseign\u00e9e sur son impact sur l&rsquo;allaitement et sur le co-allaitement, histoire d&rsquo;avoir les cartes en main. Puis j&rsquo;ai d\u00e9cid\u00e9 de laisser venir les choses plut\u00f4t que de prendre une d\u00e9cision fig\u00e9e d\u00e8s le d\u00e9part. J&rsquo;ai continu\u00e9 d&rsquo;allaiter en me disant que le jour o\u00f9 \u00e7a n&rsquo;irai plus, tant pis, et si \u00e7a d\u00e9bouche sur du co-allaitement, eh bien je tenterai !<\/p>\n<ul style=\"text-align: justify;\">\n<li><strong>Comment vous y \u00eates-vous prise ?<\/strong><\/li>\n<\/ul>\n<p style=\"text-align: justify;\">A ce moment-l\u00e0 (d\u00e9but de la grossesse) on tournait \u00e0 2 \u00e0 4 t\u00e9t\u00e9es par jour, principalement des t\u00e9t\u00e9es d&rsquo;endormissement pour les 2 siestes et la nuit, avec la bonne t\u00e9t\u00e9e nourrissante du matin. Les jours o\u00f9 les siestes se faisaient chez la nounou, les t\u00e9t\u00e9es associ\u00e9es sautaient sans soucis, et je ne tirais m\u00eame pas mon lait.<br \/>\nA deux mois de grossesse, on prend la d\u00e9cision avec mon mari d&rsquo;anticiper un peu l&rsquo;endormissement \u00ab\u00a0autonome\u00a0\u00bb si j&rsquo;ose dire, et de faire sauter les t\u00e9t\u00e9es des siestes \u00e0 la maison. Cela a demand\u00e9 un peu de patience, d&rsquo;adaptation, un peu d&rsquo;\u00e9change des r\u00f4les aussi (possible les weekends et en vacances !).<br \/>\nJe savais qu&rsquo;avec deux t\u00e9t\u00e9es par jour, je pouvais mettre en p\u00e9ril ma lactation, mais \u00e7a ne m&rsquo;inqui\u00e9tait pas plus que \u00e7a, \u00e7a faisait d&rsquo;ailleurs partie du \u00ab\u00a0laisser venir\u00a0\u00bb !<br \/>\nVers 3-4 mois de grossesse, c&rsquo;est l&rsquo;hypersensibilit\u00e9 des mamelons qui m&rsquo;a d\u00e9cid\u00e9e \u00e0 arr\u00eater. Comme l&rsquo;endormissement se passait d\u00e9sormais bien pour les siestes, nous avons d\u00e9cid\u00e9 de faire sauter les t\u00e9t\u00e9es du soir d&rsquo;abord. Un soir sur deux pendant quelques jours, puis plus rien. Le premier coup, ma fille a trouv\u00e9 \u00e7a \u00e9trange d&rsquo;aller au dodo sans t\u00e9ter ! Mais elle a pass\u00e9 une bonne nuit quand m\u00eame. Pendant ce temps ma lactation \u00e9tait toujours bien pr\u00e9sente sans pour autant me causer de soucis d&rsquo;engorgement ! Puis progressivement, nous avons supprim\u00e9 les t\u00e9t\u00e9es du matin, sur le m\u00eame sch\u00e9ma. d&rsquo;abord un jour sur deux, puis plus rien !<br \/>\nAu final, un sevrage \u00e9tal\u00e9 sur 4 mois, tout en douceur !<\/p>\n<ul style=\"text-align: justify;\">\n<li><strong>Quelles difficult\u00e9s avez-vous rencontr\u00e9 ?<\/strong><\/li>\n<\/ul>\n<p style=\"text-align: justify;\">La principale difficult\u00e9 a \u00e9t\u00e9 de remplacer ces t\u00e9t\u00e9es. Nutritivement parlant, il s&rsquo;agissait surtout de la t\u00e9t\u00e9e du matin, nous avons longtemps t\u00e2tonn\u00e9 avant de comprendre ce que notre fille aimerait manger au petit d\u00e9jeuner. Pour les autres t\u00e9t\u00e9es, vu qu&rsquo;elle \u00e9tait bien diversifi\u00e9e et se passait d\u00e9j\u00e0 de mon lait en journ\u00e9e chez la nounou, il n&rsquo;y a pas eu de probl\u00e8me. On n&rsquo;a m\u00eame pas achet\u00e9 de lait en poudre ou de lait sp\u00e9cial.<br \/>\nEt pour les t\u00e9t\u00e9es-dodo, nous \u00e9tions d\u00e9j\u00e0 rod\u00e9s \u00e0 la m\u00e9thode Pantley, vu que notre fille a eu un (long) passage (tr\u00e8s) difficile pour ses nuits, alors nous avons mis ses conseils en oeuvre. Cela n&rsquo;a pas \u00e9t\u00e9 sans quelques difficult\u00e9s, quelques loooongues soir\u00e9es pass\u00e9es \u00e0 c\u00f4t\u00e9 de son lit, tout pr\u00e8s d&rsquo;elle, le temps qu&rsquo;elle s&rsquo;endorme. Il nous a fallu \u00eatre patients !<br \/>\nPour le reste, je n&rsquo;ai pas eu de probl\u00e8me d&rsquo;engorgement. Pourtant, je n&rsquo;ai jamais arr\u00eat\u00e9 de produire du lait ! Je v\u00e9rifiais r\u00e9guli\u00e8rement sous ma douche, et j&rsquo;arrivais sans peine \u00e0 faire perler du lait. Puis le lait est devenu colostrum, c&rsquo;\u00e9tait le d\u00e9but du second allaitement qui se pr\u00e9parait&#8230;<\/p>\n<ul style=\"text-align: justify;\">\n<li><strong>Etes-vous satisfaite de ce sevrage ?<\/strong><\/li>\n<\/ul>\n<p style=\"text-align: justify;\">Oui, compl\u00e8tement. Elle n&rsquo;a jamais redemand\u00e9 \u00e0 t\u00e9ter apr\u00e8s la derni\u00e8re t\u00e9t\u00e9e, et son comportement global est rest\u00e9 habituel. C&rsquo;est pour moi le signe qu&rsquo;elle a tr\u00e8s bien pris ce sevrage, m\u00eame si ce n&rsquo;\u00e9tait pas un sevrage naturel. Moi-m\u00eame je n&rsquo;ai eu aucun remord, aucun regret, il \u00e9tait temps que la page se tourne pour faire place \u00e0 la p&rsquo;tite soeur !<\/p>\n<ul style=\"text-align: justify;\">\n<li><strong>Qu&rsquo;aimeriez-vous dire aux femmes qui souhaitent sevrer leur b\u00e9b\u00e9 ?<\/strong><\/li>\n<\/ul>\n<p style=\"text-align: justify;\">S&rsquo;\u00e9couter. Ecouter son b\u00e9b\u00e9, l&rsquo;accompagner pendant cette \u00e9tape. Ne pas forc\u00e9ment chercher \u00e0 planifier, laisser venir les choses, \u00e7a permet de ne pas se mettre de pression. S&rsquo;autoriser \u00e0 renoncer aussi. Ne pas s&rsquo;en faire une montagne, quand les choses se font *presque* naturellement, tout le monde s&rsquo;adapte bien ! (Evidemment quand il y a une date butoir impos\u00e9e par l&rsquo;ext\u00e9rieur c&rsquo;est tr\u00e8s diff\u00e9rent, mais l\u00e0 je n&rsquo;ai pas vraiment de conseil !).<br \/>\nTout est dans le l\u00e2cher-prise en fait.<\/p>\n<p style=\"text-align: justify;\"><strong>Articles en rapport :<\/strong><\/p>\n<ul>\n<li style=\"text-align: justify;\">Voir l&rsquo;onglet <a href=\"https:\/\/www.lactissima.com\/a-tire-d-ailes\/temoignages-travail-et-allaitement\/\" target=\"_blank\">t\u00e9moignages<\/a><\/li>\n<\/ul>\n<p>&nbsp;<\/p>\n<div class='et-box et-shadow'>\n\t\t\t\t\t<div class='et-box-content'>Lire des articles ou poser des questions en commentaire ne suffit pas \u00e0 r\u00e9soudre votre probl\u00e8me ?\nSavez-vous que vous pouvez prendre RDV pour une consultation avec moi ?\nN&rsquo;h\u00e9sitez pas \u00e0 me contacter !<\/div><\/div>\n<p>&nbsp;<\/p>\n","protected":false},"excerpt":{"rendered":"<p>Je m&rsquo;appelle Soizic, j&rsquo;ai 28 ans, je suis enseignante et aujourd&rsquo;hui maman de deux petites filles. J&rsquo;ai allait\u00e9 la premi\u00e8re 17 mois, et la deuxi\u00e8me, qui a 2 mois, est encore au sein. Pour longtemps j&rsquo;esp\u00e8re ! A quel moment avez-vous d\u00e9cid\u00e9 de sevrer votre b\u00e9b\u00e9 ? J&rsquo;aurai du mal \u00e0 d\u00e9finir un moment pr\u00e9cis [&hellip;]<\/p>\n","protected":false},"author":170,"featured_media":6478,"comment_status":"open","ping_status":"open","sticky":false,"template":"","format":"standard","meta":{"_et_pb_use_builder":"","_et_pb_old_content":"","_et_gb_content_width":"","footnotes":""},"categories":[665],"tags":[56],"class_list":["post-6477","post","type-post","status-publish","format-standard","has-post-thumbnail","hentry","category-sevrage","tag-sevrage"],"yoast_head":"<!-- This site is optimized with the Yoast SEO plugin v27.4 - https:\/\/yoast.com\/product\/yoast-seo-wordpress\/ -->\n<title>Sevrages : le t\u00e9moignage de Soizic<\/title>\n<meta name=\"description\" content=\"Soizic a fait le sevrage de sa fille a\u00een\u00e9e petit \u00e0 petit, en 4 mois.\" \/>\n<meta name=\"robots\" content=\"index, follow, max-snippet:-1, max-image-preview:large, max-video-preview:-1\" \/>\n<link rel=\"canonical\" href=\"https:\/\/www.lactissima.com\/a-tire-d-ailes\/sevrages-le-temoignage-de-soizic\/\" \/>\n<meta property=\"og:locale\" content=\"fr_FR\" \/>\n<meta property=\"og:type\" content=\"article\" \/>\n<meta property=\"og:title\" content=\"Sevrages : le t\u00e9moignage de Soizic\" \/>\n<meta property=\"og:description\" content=\"Soizic a fait le sevrage de sa fille a\u00een\u00e9e petit \u00e0 petit, en 4 mois.\" \/>\n<meta property=\"og:url\" content=\"https:\/\/www.lactissima.com\/a-tire-d-ailes\/sevrages-le-temoignage-de-soizic\/\" \/>\n<meta property=\"og:site_name\" content=\"A tire d&#039;Ailes\" \/>\n<meta property=\"article:publisher\" content=\"https:\/\/www.facebook.com\/consultante.en.lactation\" \/>\n<meta property=\"article:author\" content=\"www.facebook.com\/consultante.en.lactation\" \/>\n<meta property=\"article:published_time\" content=\"2015-11-12T08:11:24+00:00\" \/>\n<meta property=\"og:image\" content=\"https:\/\/www.lactissima.com\/a-tire-d-ailes\/wp-content\/uploads\/2015\/11\/soizic.jpg\" \/>\n\t<meta property=\"og:image:width\" content=\"410\" \/>\n\t<meta property=\"og:image:height\" content=\"230\" \/>\n\t<meta property=\"og:image:type\" content=\"image\/jpeg\" \/>\n<meta name=\"author\" content=\"V\u00e9ronique Darmangeat\" \/>\n<meta name=\"twitter:card\" content=\"summary_large_image\" \/>\n<meta name=\"twitter:creator\" content=\"@VeroniqueIBCLC\" \/>\n<meta name=\"twitter:site\" content=\"@VeroniqueIBCLC\" \/>\n<meta name=\"twitter:label1\" content=\"\u00c9crit par\" \/>\n\t<meta name=\"twitter:data1\" content=\"V\u00e9ronique Darmangeat\" \/>\n\t<meta name=\"twitter:label2\" content=\"Dur\u00e9e de lecture estim\u00e9e\" \/>\n\t<meta name=\"twitter:data2\" content=\"5 minutes\" \/>\n<script type=\"application\/ld+json\" class=\"yoast-schema-graph\">{\"@context\":\"https:\\\/\\\/schema.org\",\"@graph\":[{\"@type\":\"Article\",\"@id\":\"https:\\\/\\\/www.lactissima.com\\\/a-tire-d-ailes\\\/sevrages-le-temoignage-de-soizic\\\/#article\",\"isPartOf\":{\"@id\":\"https:\\\/\\\/www.lactissima.com\\\/a-tire-d-ailes\\\/sevrages-le-temoignage-de-soizic\\\/\"},\"author\":{\"name\":\"V\u00e9ronique Darmangeat\",\"@id\":\"https:\\\/\\\/www.lactissima.com\\\/a-tire-d-ailes\\\/#\\\/schema\\\/person\\\/8f98d3a89530861bc1240e6d53d44eed\"},\"headline\":\"Sevrages : le t\u00e9moignage de Soizic\",\"datePublished\":\"2015-11-12T08:11:24+00:00\",\"mainEntityOfPage\":{\"@id\":\"https:\\\/\\\/www.lactissima.com\\\/a-tire-d-ailes\\\/sevrages-le-temoignage-de-soizic\\\/\"},\"wordCount\":1005,\"commentCount\":0,\"image\":{\"@id\":\"https:\\\/\\\/www.lactissima.com\\\/a-tire-d-ailes\\\/sevrages-le-temoignage-de-soizic\\\/#primaryimage\"},\"thumbnailUrl\":\"https:\\\/\\\/www.lactissima.com\\\/a-tire-d-ailes\\\/wp-content\\\/uploads\\\/2015\\\/11\\\/soizic.jpg\",\"keywords\":[\"Sevrage\"],\"articleSection\":[\"Sevrage\"],\"inLanguage\":\"fr-FR\",\"potentialAction\":[{\"@type\":\"CommentAction\",\"name\":\"Comment\",\"target\":[\"https:\\\/\\\/www.lactissima.com\\\/a-tire-d-ailes\\\/sevrages-le-temoignage-de-soizic\\\/#respond\"]}]},{\"@type\":\"WebPage\",\"@id\":\"https:\\\/\\\/www.lactissima.com\\\/a-tire-d-ailes\\\/sevrages-le-temoignage-de-soizic\\\/\",\"url\":\"https:\\\/\\\/www.lactissima.com\\\/a-tire-d-ailes\\\/sevrages-le-temoignage-de-soizic\\\/\",\"name\":\"Sevrages : le t\u00e9moignage de Soizic\",\"isPartOf\":{\"@id\":\"https:\\\/\\\/www.lactissima.com\\\/a-tire-d-ailes\\\/#website\"},\"primaryImageOfPage\":{\"@id\":\"https:\\\/\\\/www.lactissima.com\\\/a-tire-d-ailes\\\/sevrages-le-temoignage-de-soizic\\\/#primaryimage\"},\"image\":{\"@id\":\"https:\\\/\\\/www.lactissima.com\\\/a-tire-d-ailes\\\/sevrages-le-temoignage-de-soizic\\\/#primaryimage\"},\"thumbnailUrl\":\"https:\\\/\\\/www.lactissima.com\\\/a-tire-d-ailes\\\/wp-content\\\/uploads\\\/2015\\\/11\\\/soizic.jpg\",\"datePublished\":\"2015-11-12T08:11:24+00:00\",\"author\":{\"@id\":\"https:\\\/\\\/www.lactissima.com\\\/a-tire-d-ailes\\\/#\\\/schema\\\/person\\\/8f98d3a89530861bc1240e6d53d44eed\"},\"description\":\"Soizic a fait le sevrage de sa fille a\u00een\u00e9e petit \u00e0 petit, en 4 mois.\",\"breadcrumb\":{\"@id\":\"https:\\\/\\\/www.lactissima.com\\\/a-tire-d-ailes\\\/sevrages-le-temoignage-de-soizic\\\/#breadcrumb\"},\"inLanguage\":\"fr-FR\",\"potentialAction\":[{\"@type\":\"ReadAction\",\"target\":[\"https:\\\/\\\/www.lactissima.com\\\/a-tire-d-ailes\\\/sevrages-le-temoignage-de-soizic\\\/\"]}]},{\"@type\":\"ImageObject\",\"inLanguage\":\"fr-FR\",\"@id\":\"https:\\\/\\\/www.lactissima.com\\\/a-tire-d-ailes\\\/sevrages-le-temoignage-de-soizic\\\/#primaryimage\",\"url\":\"https:\\\/\\\/www.lactissima.com\\\/a-tire-d-ailes\\\/wp-content\\\/uploads\\\/2015\\\/11\\\/soizic.jpg\",\"contentUrl\":\"https:\\\/\\\/www.lactissima.com\\\/a-tire-d-ailes\\\/wp-content\\\/uploads\\\/2015\\\/11\\\/soizic.jpg\",\"width\":410,\"height\":230,\"caption\":\"sevrage\"},{\"@type\":\"BreadcrumbList\",\"@id\":\"https:\\\/\\\/www.lactissima.com\\\/a-tire-d-ailes\\\/sevrages-le-temoignage-de-soizic\\\/#breadcrumb\",\"itemListElement\":[{\"@type\":\"ListItem\",\"position\":1,\"name\":\"Accueil\",\"item\":\"https:\\\/\\\/www.lactissima.com\\\/a-tire-d-ailes\\\/\"},{\"@type\":\"ListItem\",\"position\":2,\"name\":\"Sevrages : le t\u00e9moignage de Soizic\"}]},{\"@type\":\"WebSite\",\"@id\":\"https:\\\/\\\/www.lactissima.com\\\/a-tire-d-ailes\\\/#website\",\"url\":\"https:\\\/\\\/www.lactissima.com\\\/a-tire-d-ailes\\\/\",\"name\":\"A tire d&#039;Ailes\",\"description\":\"Le blog des femmes qui allaitent et travaillent.\",\"potentialAction\":[{\"@type\":\"SearchAction\",\"target\":{\"@type\":\"EntryPoint\",\"urlTemplate\":\"https:\\\/\\\/www.lactissima.com\\\/a-tire-d-ailes\\\/?s={search_term_string}\"},\"query-input\":{\"@type\":\"PropertyValueSpecification\",\"valueRequired\":true,\"valueName\":\"search_term_string\"}}],\"inLanguage\":\"fr-FR\"},{\"@type\":\"Person\",\"@id\":\"https:\\\/\\\/www.lactissima.com\\\/a-tire-d-ailes\\\/#\\\/schema\\\/person\\\/8f98d3a89530861bc1240e6d53d44eed\",\"name\":\"V\u00e9ronique Darmangeat\",\"image\":{\"@type\":\"ImageObject\",\"inLanguage\":\"fr-FR\",\"@id\":\"https:\\\/\\\/secure.gravatar.com\\\/avatar\\\/268c99344c89cebfe4f5df5fa8be43068a18884fc76a29f3206fae98465b9cab?s=96&d=identicon&r=g\",\"url\":\"https:\\\/\\\/secure.gravatar.com\\\/avatar\\\/268c99344c89cebfe4f5df5fa8be43068a18884fc76a29f3206fae98465b9cab?s=96&d=identicon&r=g\",\"contentUrl\":\"https:\\\/\\\/secure.gravatar.com\\\/avatar\\\/268c99344c89cebfe4f5df5fa8be43068a18884fc76a29f3206fae98465b9cab?s=96&d=identicon&r=g\",\"caption\":\"V\u00e9ronique Darmangeat\"},\"sameAs\":[\"https:\\\/\\\/www.lactissima.com\\\/a-tire-d-ailes\",\"www.facebook.com\\\/consultante.en.lactation\"]}]}<\/script>\n<!-- \/ Yoast SEO plugin. -->","yoast_head_json":{"title":"Sevrages : le t\u00e9moignage de Soizic","description":"Soizic a fait le sevrage de sa fille a\u00een\u00e9e petit \u00e0 petit, en 4 mois.","robots":{"index":"index","follow":"follow","max-snippet":"max-snippet:-1","max-image-preview":"max-image-preview:large","max-video-preview":"max-video-preview:-1"},"canonical":"https:\/\/www.lactissima.com\/a-tire-d-ailes\/sevrages-le-temoignage-de-soizic\/","og_locale":"fr_FR","og_type":"article","og_title":"Sevrages : le t\u00e9moignage de Soizic","og_description":"Soizic a fait le sevrage de sa fille a\u00een\u00e9e petit \u00e0 petit, en 4 mois.","og_url":"https:\/\/www.lactissima.com\/a-tire-d-ailes\/sevrages-le-temoignage-de-soizic\/","og_site_name":"A tire d&#039;Ailes","article_publisher":"https:\/\/www.facebook.com\/consultante.en.lactation","article_author":"www.facebook.com\/consultante.en.lactation","article_published_time":"2015-11-12T08:11:24+00:00","og_image":[{"width":410,"height":230,"url":"https:\/\/www.lactissima.com\/a-tire-d-ailes\/wp-content\/uploads\/2015\/11\/soizic.jpg","type":"image\/jpeg"}],"author":"V\u00e9ronique Darmangeat","twitter_card":"summary_large_image","twitter_creator":"@VeroniqueIBCLC","twitter_site":"@VeroniqueIBCLC","twitter_misc":{"\u00c9crit par":"V\u00e9ronique Darmangeat","Dur\u00e9e de lecture estim\u00e9e":"5 minutes"},"schema":{"@context":"https:\/\/schema.org","@graph":[{"@type":"Article","@id":"https:\/\/www.lactissima.com\/a-tire-d-ailes\/sevrages-le-temoignage-de-soizic\/#article","isPartOf":{"@id":"https:\/\/www.lactissima.com\/a-tire-d-ailes\/sevrages-le-temoignage-de-soizic\/"},"author":{"name":"V\u00e9ronique Darmangeat","@id":"https:\/\/www.lactissima.com\/a-tire-d-ailes\/#\/schema\/person\/8f98d3a89530861bc1240e6d53d44eed"},"headline":"Sevrages : le t\u00e9moignage de Soizic","datePublished":"2015-11-12T08:11:24+00:00","mainEntityOfPage":{"@id":"https:\/\/www.lactissima.com\/a-tire-d-ailes\/sevrages-le-temoignage-de-soizic\/"},"wordCount":1005,"commentCount":0,"image":{"@id":"https:\/\/www.lactissima.com\/a-tire-d-ailes\/sevrages-le-temoignage-de-soizic\/#primaryimage"},"thumbnailUrl":"https:\/\/www.lactissima.com\/a-tire-d-ailes\/wp-content\/uploads\/2015\/11\/soizic.jpg","keywords":["Sevrage"],"articleSection":["Sevrage"],"inLanguage":"fr-FR","potentialAction":[{"@type":"CommentAction","name":"Comment","target":["https:\/\/www.lactissima.com\/a-tire-d-ailes\/sevrages-le-temoignage-de-soizic\/#respond"]}]},{"@type":"WebPage","@id":"https:\/\/www.lactissima.com\/a-tire-d-ailes\/sevrages-le-temoignage-de-soizic\/","url":"https:\/\/www.lactissima.com\/a-tire-d-ailes\/sevrages-le-temoignage-de-soizic\/","name":"Sevrages : le t\u00e9moignage de Soizic","isPartOf":{"@id":"https:\/\/www.lactissima.com\/a-tire-d-ailes\/#website"},"primaryImageOfPage":{"@id":"https:\/\/www.lactissima.com\/a-tire-d-ailes\/sevrages-le-temoignage-de-soizic\/#primaryimage"},"image":{"@id":"https:\/\/www.lactissima.com\/a-tire-d-ailes\/sevrages-le-temoignage-de-soizic\/#primaryimage"},"thumbnailUrl":"https:\/\/www.lactissima.com\/a-tire-d-ailes\/wp-content\/uploads\/2015\/11\/soizic.jpg","datePublished":"2015-11-12T08:11:24+00:00","author":{"@id":"https:\/\/www.lactissima.com\/a-tire-d-ailes\/#\/schema\/person\/8f98d3a89530861bc1240e6d53d44eed"},"description":"Soizic a fait le sevrage de sa fille a\u00een\u00e9e petit \u00e0 petit, en 4 mois.","breadcrumb":{"@id":"https:\/\/www.lactissima.com\/a-tire-d-ailes\/sevrages-le-temoignage-de-soizic\/#breadcrumb"},"inLanguage":"fr-FR","potentialAction":[{"@type":"ReadAction","target":["https:\/\/www.lactissima.com\/a-tire-d-ailes\/sevrages-le-temoignage-de-soizic\/"]}]},{"@type":"ImageObject","inLanguage":"fr-FR","@id":"https:\/\/www.lactissima.com\/a-tire-d-ailes\/sevrages-le-temoignage-de-soizic\/#primaryimage","url":"https:\/\/www.lactissima.com\/a-tire-d-ailes\/wp-content\/uploads\/2015\/11\/soizic.jpg","contentUrl":"https:\/\/www.lactissima.com\/a-tire-d-ailes\/wp-content\/uploads\/2015\/11\/soizic.jpg","width":410,"height":230,"caption":"sevrage"},{"@type":"BreadcrumbList","@id":"https:\/\/www.lactissima.com\/a-tire-d-ailes\/sevrages-le-temoignage-de-soizic\/#breadcrumb","itemListElement":[{"@type":"ListItem","position":1,"name":"Accueil","item":"https:\/\/www.lactissima.com\/a-tire-d-ailes\/"},{"@type":"ListItem","position":2,"name":"Sevrages : le t\u00e9moignage de Soizic"}]},{"@type":"WebSite","@id":"https:\/\/www.lactissima.com\/a-tire-d-ailes\/#website","url":"https:\/\/www.lactissima.com\/a-tire-d-ailes\/","name":"A tire d&#039;Ailes","description":"Le blog des femmes qui allaitent et travaillent.","potentialAction":[{"@type":"SearchAction","target":{"@type":"EntryPoint","urlTemplate":"https:\/\/www.lactissima.com\/a-tire-d-ailes\/?s={search_term_string}"},"query-input":{"@type":"PropertyValueSpecification","valueRequired":true,"valueName":"search_term_string"}}],"inLanguage":"fr-FR"},{"@type":"Person","@id":"https:\/\/www.lactissima.com\/a-tire-d-ailes\/#\/schema\/person\/8f98d3a89530861bc1240e6d53d44eed","name":"V\u00e9ronique Darmangeat","image":{"@type":"ImageObject","inLanguage":"fr-FR","@id":"https:\/\/secure.gravatar.com\/avatar\/268c99344c89cebfe4f5df5fa8be43068a18884fc76a29f3206fae98465b9cab?s=96&d=identicon&r=g","url":"https:\/\/secure.gravatar.com\/avatar\/268c99344c89cebfe4f5df5fa8be43068a18884fc76a29f3206fae98465b9cab?s=96&d=identicon&r=g","contentUrl":"https:\/\/secure.gravatar.com\/avatar\/268c99344c89cebfe4f5df5fa8be43068a18884fc76a29f3206fae98465b9cab?s=96&d=identicon&r=g","caption":"V\u00e9ronique Darmangeat"},"sameAs":["https:\/\/www.lactissima.com\/a-tire-d-ailes","www.facebook.com\/consultante.en.lactation"]}]}},"_links":{"self":[{"href":"https:\/\/www.lactissima.com\/a-tire-d-ailes\/wp-json\/wp\/v2\/posts\/6477","targetHints":{"allow":["GET"]}}],"collection":[{"href":"https:\/\/www.lactissima.com\/a-tire-d-ailes\/wp-json\/wp\/v2\/posts"}],"about":[{"href":"https:\/\/www.lactissima.com\/a-tire-d-ailes\/wp-json\/wp\/v2\/types\/post"}],"author":[{"embeddable":true,"href":"https:\/\/www.lactissima.com\/a-tire-d-ailes\/wp-json\/wp\/v2\/users\/170"}],"replies":[{"embeddable":true,"href":"https:\/\/www.lactissima.com\/a-tire-d-ailes\/wp-json\/wp\/v2\/comments?post=6477"}],"version-history":[{"count":1,"href":"https:\/\/www.lactissima.com\/a-tire-d-ailes\/wp-json\/wp\/v2\/posts\/6477\/revisions"}],"predecessor-version":[{"id":6479,"href":"https:\/\/www.lactissima.com\/a-tire-d-ailes\/wp-json\/wp\/v2\/posts\/6477\/revisions\/6479"}],"wp:featuredmedia":[{"embeddable":true,"href":"https:\/\/www.lactissima.com\/a-tire-d-ailes\/wp-json\/wp\/v2\/media\/6478"}],"wp:attachment":[{"href":"https:\/\/www.lactissima.com\/a-tire-d-ailes\/wp-json\/wp\/v2\/media?parent=6477"}],"wp:term":[{"taxonomy":"category","embeddable":true,"href":"https:\/\/www.lactissima.com\/a-tire-d-ailes\/wp-json\/wp\/v2\/categories?post=6477"},{"taxonomy":"post_tag","embeddable":true,"href":"https:\/\/www.lactissima.com\/a-tire-d-ailes\/wp-json\/wp\/v2\/tags?post=6477"}],"curies":[{"name":"wp","href":"https:\/\/api.w.org\/{rel}","templated":true}]}}