{"id":6460,"date":"2015-10-29T17:49:04","date_gmt":"2015-10-29T16:49:04","guid":{"rendered":"https:\/\/www.lactissima.com\/a-tire-d-ailes\/?p=6460"},"modified":"2016-08-03T19:05:05","modified_gmt":"2016-08-03T17:05:05","slug":"je-tire-de-moins-en-moins-de-lait","status":"publish","type":"post","link":"https:\/\/www.lactissima.com\/a-tire-d-ailes\/je-tire-de-moins-en-moins-de-lait\/","title":{"rendered":"Je tire de moins en moins de lait&#8230;"},"content":{"rendered":"<p style=\"text-align: justify;\"><img loading=\"lazy\" decoding=\"async\" class=\"alignright size-full wp-image-6461\" src=\"https:\/\/www.lactissima.com\/a-tire-d-ailes\/wp-content\/uploads\/2015\/10\/moins-de-lait.jpg\" alt=\"moins de lait\" width=\"207\" height=\"369\" srcset=\"https:\/\/www.lactissima.com\/a-tire-d-ailes\/wp-content\/uploads\/2015\/10\/moins-de-lait.jpg 207w, https:\/\/www.lactissima.com\/a-tire-d-ailes\/wp-content\/uploads\/2015\/10\/moins-de-lait-168x300.jpg 168w\" sizes=\"(max-width: 207px) 100vw, 207px\" \/>C&rsquo;est une phrase que j&rsquo;entends souvent de la part de mes clientes qui tirent leur lait au travail depuis un certain temps et que je lis aussi souvent dans les commentaires sur ce blog. Vous tirez bien votre lait et au bout d&rsquo;un certain nombre de semaines, vous tirez de moins en moins de lait au travail. Et pourtant, c&rsquo;est un ph\u00e9nom\u00e8ne que je ne lis jamais dans la litt\u00e9rature sur l&rsquo;allaitement.<\/p>\n<p style=\"text-align: justify;\">Je me suis donc pos\u00e9 des questions et je vous livre ici mes pistes de <strong>r\u00e9flexion<\/strong>.<\/p>\n<p style=\"text-align: justify;\">Quand un b\u00e9b\u00e9 est allait\u00e9 \u00e0 la demande directement au sein et t\u00e8te correctement, la lactation ne baisse pas au fil du temps et s&rsquo;adapte sans cesse \u00e0 la demande du b\u00e9b\u00e9. Et l&rsquo;on sait qu&rsquo;un allaitement \u00e0 la demande dure plusieurs ann\u00e9es sans aucun probl\u00e8me de lactation.<br \/>\n<strong>Pourquoi<\/strong> donc, n&rsquo;est-ce pas la m\u00eame chose avec un tire-lait ?<\/p>\n<p style=\"text-align: justify;\">Quelques <strong>id\u00e9es<\/strong> :<\/p>\n<ul style=\"text-align: justify;\">\n<li>Le tirage au <strong>tire-lait<\/strong> est moins efficace qu&rsquo;un b\u00e9b\u00e9 au sein : le corps r\u00e9ponds donc \u00e0 une stimulation moins importante en produisant moins de lait.<br \/>\nPour les femmes qui utilisent la m\u00e9thode de <a href=\"https:\/\/www.lactissima.com\/a-tire-d-ailes\/tirage-de-lait-efficace\/\" target=\"_blank\">Jane Morton<\/a>, constatez-vous une baisse progressive des quantit\u00e9s de lait tir\u00e9es ?<\/li>\n<li>Le tire-lait choisi n&rsquo;est pas efficace : c&rsquo;est le cas par exemple avec un KitetMatic. Meilleur est le tire-lait, meilleure est la stimulation. Pensez, en particulier \u00e0 prendre des <a href=\"https:\/\/www.lactissima.com\/a-tire-d-ailes\/choisir-sa-taille-de-teterelle\/\" target=\"_blank\">t\u00e9terelles <\/a>\u00e0 votre taille !<\/li>\n<li>A la reprise du travail, on est <strong>motiv\u00e9e<\/strong> et pr\u00eate \u00e0 tout faire pour obtenir les quantit\u00e9s n\u00e9cessaires \u00e0 son b\u00e9b\u00e9 (temps de tirage, m\u00e9thode utilis\u00e9e, nombre de pauses,&#8230;) et au fil du temps, l&rsquo;usure du quotidien fait que la <a href=\"https:\/\/www.lactissima.com\/a-tire-d-ailes\/motivation-et-tire-lait\/\" target=\"_blank\">motivation<\/a> baisse et que l&rsquo;on n&rsquo;optimise pas toujours ses s\u00e9ances tire-lait. Du coup, les seins sont moins bien drain\u00e9s et produisent moins petit \u00e0 petit.<\/li>\n<li>On ne garde que <strong>2 t\u00e9t\u00e9es<\/strong> par 24 heures : rappelons quand m\u00eame que votre b\u00e9b\u00e9 est le meilleur pour stimuler votre lactation et que plus vous gardez de t\u00e9t\u00e9es quand vous \u00eates avec lui, mieux votre lactation se maintient.<\/li>\n<li>On est <a href=\"https:\/\/www.lactissima.com\/a-tire-d-ailes\/tirer-son-lait-facilement\/\" target=\"_blank\">stress\u00e9e<\/a> au boulot, donc on bloque le r\u00e9flexe d&rsquo;\u00e9jection du lait et on tire moins de lait. Les seins sont donc moins drain\u00e9s et petit \u00e0 petit produisent moins. Pensez \u00e0 tout faire pour vous <strong>d\u00e9tendre<\/strong> pour tirer votre lait.<\/li>\n<li>Vous adorez le <a href=\"https:\/\/www.lactissima.com\/a-tire-d-ailes\/trop-de-lait\/\" target=\"_blank\">persil<\/a> et vous en mangez un ou deux bouquets par jour&#8230; Je vous rappelle qu&rsquo;\u00e0 cette dose l\u00e0 , le persil fait baisser la lactation ! Bon, je ne pense pas que cela concerne beaucoup de monde \ud83d\ude09 .<\/li>\n<\/ul>\n<p style=\"text-align: justify;\">Et <strong>vous<\/strong>, est-ce que votre lactation baisse au fil du temps ? A quoi l&rsquo;attribuez-vous ?<\/p>\n<p style=\"text-align: justify;\"><strong>Articles en rapport :<\/strong><\/p>\n<ul>\n<li style=\"text-align: justify;\"><a href=\"https:\/\/www.lactissima.com\/a-tire-d-ailes\/tirer-son-lait-facilement\/\" target=\"_blank\">Tirer son lait plus facilement.<\/a><\/li>\n<li style=\"text-align: justify;\"><a href=\"https:\/\/www.lactissima.com\/a-tire-d-ailes\/tirage-de-lait-efficace\/\" target=\"_blank\">Tirer son lait de mani\u00e8re plus efficace.<\/a><\/li>\n<li style=\"text-align: justify;\"><a href=\"https:\/\/www.lactissima.com\/a-tire-d-ailes\/choisir-sa-taille-de-teterelle\/\" target=\"_blank\">Choisir sa taille de t\u00e9terelle.<\/a><\/li>\n<\/ul>\n<div class='et-box et-shadow'>\n\t\t\t\t\t<div class='et-box-content'>Lire des articles ou poser des questions en commentaire ne suffit pas \u00e0 r\u00e9soudre votre probl\u00e8me ?\nSavez-vous que vous pouvez prendre RDV pour une consultation avec moi ?\nN&rsquo;h\u00e9sitez pas \u00e0 me contacter !<\/div><\/div>\n<p>&nbsp;<\/p>\n","protected":false},"excerpt":{"rendered":"<p>C&rsquo;est une phrase que j&rsquo;entends souvent de la part de mes clientes qui tirent leur lait au travail depuis un certain temps et que je lis aussi souvent dans les commentaires sur ce blog. Vous tirez bien votre lait et au bout d&rsquo;un certain nombre de semaines, vous tirez de moins en moins de lait [&hellip;]<\/p>\n","protected":false},"author":170,"featured_media":6461,"comment_status":"open","ping_status":"open","sticky":false,"template":"","format":"standard","meta":{"_et_pb_use_builder":"","_et_pb_old_content":"","_et_gb_content_width":"","footnotes":""},"categories":[39,708],"tags":[542,214,694,693,434],"class_list":["post-6460","post","type-post","status-publish","format-standard","has-post-thumbnail","hentry","category-difficultes","category-tirer-son-lait","tag-jane-morton","tag-motivation","tag-persil","tag-stressee","tag-teterelles"],"yoast_head":"<!-- This site is optimized with the Yoast SEO plugin v27.4 - https:\/\/yoast.com\/product\/yoast-seo-wordpress\/ -->\n<title>Je tire de moins en moins de lait...<\/title>\n<meta name=\"description\" content=\"Certaines femmes tirent moins de lait au travail au fil du temps. Pourquoi ?\" \/>\n<meta name=\"robots\" content=\"index, follow, max-snippet:-1, max-image-preview:large, max-video-preview:-1\" \/>\n<link rel=\"canonical\" href=\"https:\/\/www.lactissima.com\/a-tire-d-ailes\/je-tire-de-moins-en-moins-de-lait\/\" \/>\n<meta property=\"og:locale\" content=\"fr_FR\" \/>\n<meta property=\"og:type\" content=\"article\" \/>\n<meta property=\"og:title\" content=\"Je tire de moins en moins de lait...\" \/>\n<meta property=\"og:description\" content=\"Certaines femmes tirent moins de lait au travail au fil du temps. Pourquoi ?\" \/>\n<meta property=\"og:url\" content=\"https:\/\/www.lactissima.com\/a-tire-d-ailes\/je-tire-de-moins-en-moins-de-lait\/\" \/>\n<meta property=\"og:site_name\" content=\"A tire d&#039;Ailes\" \/>\n<meta property=\"article:publisher\" content=\"https:\/\/www.facebook.com\/consultante.en.lactation\" \/>\n<meta property=\"article:author\" content=\"www.facebook.com\/consultante.en.lactation\" \/>\n<meta property=\"article:published_time\" content=\"2015-10-29T16:49:04+00:00\" \/>\n<meta property=\"article:modified_time\" content=\"2016-08-03T17:05:05+00:00\" \/>\n<meta property=\"og:image\" content=\"https:\/\/www.lactissima.com\/a-tire-d-ailes\/wp-content\/uploads\/2015\/10\/moins-de-lait.jpg\" \/>\n\t<meta property=\"og:image:width\" content=\"207\" \/>\n\t<meta property=\"og:image:height\" content=\"369\" \/>\n\t<meta property=\"og:image:type\" content=\"image\/jpeg\" \/>\n<meta name=\"author\" content=\"V\u00e9ronique Darmangeat\" \/>\n<meta name=\"twitter:card\" content=\"summary_large_image\" \/>\n<meta name=\"twitter:creator\" content=\"@VeroniqueIBCLC\" \/>\n<meta name=\"twitter:site\" content=\"@VeroniqueIBCLC\" \/>\n<meta name=\"twitter:label1\" content=\"\u00c9crit par\" \/>\n\t<meta name=\"twitter:data1\" content=\"V\u00e9ronique Darmangeat\" \/>\n\t<meta name=\"twitter:label2\" content=\"Dur\u00e9e de lecture estim\u00e9e\" \/>\n\t<meta name=\"twitter:data2\" content=\"3 minutes\" \/>\n<script type=\"application\/ld+json\" class=\"yoast-schema-graph\">{\"@context\":\"https:\\\/\\\/schema.org\",\"@graph\":[{\"@type\":\"Article\",\"@id\":\"https:\\\/\\\/www.lactissima.com\\\/a-tire-d-ailes\\\/je-tire-de-moins-en-moins-de-lait\\\/#article\",\"isPartOf\":{\"@id\":\"https:\\\/\\\/www.lactissima.com\\\/a-tire-d-ailes\\\/je-tire-de-moins-en-moins-de-lait\\\/\"},\"author\":{\"name\":\"V\u00e9ronique Darmangeat\",\"@id\":\"https:\\\/\\\/www.lactissima.com\\\/a-tire-d-ailes\\\/#\\\/schema\\\/person\\\/8f98d3a89530861bc1240e6d53d44eed\"},\"headline\":\"Je tire de moins en moins de lait&#8230;\",\"datePublished\":\"2015-10-29T16:49:04+00:00\",\"dateModified\":\"2016-08-03T17:05:05+00:00\",\"mainEntityOfPage\":{\"@id\":\"https:\\\/\\\/www.lactissima.com\\\/a-tire-d-ailes\\\/je-tire-de-moins-en-moins-de-lait\\\/\"},\"wordCount\":530,\"commentCount\":118,\"image\":{\"@id\":\"https:\\\/\\\/www.lactissima.com\\\/a-tire-d-ailes\\\/je-tire-de-moins-en-moins-de-lait\\\/#primaryimage\"},\"thumbnailUrl\":\"https:\\\/\\\/www.lactissima.com\\\/a-tire-d-ailes\\\/wp-content\\\/uploads\\\/2015\\\/10\\\/moins-de-lait.jpg\",\"keywords\":[\"Jane Morton\",\"motivation\",\"persil\",\"stress\u00e9e\",\"t\u00e9terelles\"],\"articleSection\":[\"Difficult\u00e9s\",\"Tirer son lait\"],\"inLanguage\":\"fr-FR\",\"potentialAction\":[{\"@type\":\"CommentAction\",\"name\":\"Comment\",\"target\":[\"https:\\\/\\\/www.lactissima.com\\\/a-tire-d-ailes\\\/je-tire-de-moins-en-moins-de-lait\\\/#respond\"]}]},{\"@type\":\"WebPage\",\"@id\":\"https:\\\/\\\/www.lactissima.com\\\/a-tire-d-ailes\\\/je-tire-de-moins-en-moins-de-lait\\\/\",\"url\":\"https:\\\/\\\/www.lactissima.com\\\/a-tire-d-ailes\\\/je-tire-de-moins-en-moins-de-lait\\\/\",\"name\":\"Je tire de moins en moins de lait...\",\"isPartOf\":{\"@id\":\"https:\\\/\\\/www.lactissima.com\\\/a-tire-d-ailes\\\/#website\"},\"primaryImageOfPage\":{\"@id\":\"https:\\\/\\\/www.lactissima.com\\\/a-tire-d-ailes\\\/je-tire-de-moins-en-moins-de-lait\\\/#primaryimage\"},\"image\":{\"@id\":\"https:\\\/\\\/www.lactissima.com\\\/a-tire-d-ailes\\\/je-tire-de-moins-en-moins-de-lait\\\/#primaryimage\"},\"thumbnailUrl\":\"https:\\\/\\\/www.lactissima.com\\\/a-tire-d-ailes\\\/wp-content\\\/uploads\\\/2015\\\/10\\\/moins-de-lait.jpg\",\"datePublished\":\"2015-10-29T16:49:04+00:00\",\"dateModified\":\"2016-08-03T17:05:05+00:00\",\"author\":{\"@id\":\"https:\\\/\\\/www.lactissima.com\\\/a-tire-d-ailes\\\/#\\\/schema\\\/person\\\/8f98d3a89530861bc1240e6d53d44eed\"},\"description\":\"Certaines femmes tirent moins de lait au travail au fil du temps. Pourquoi ?\",\"breadcrumb\":{\"@id\":\"https:\\\/\\\/www.lactissima.com\\\/a-tire-d-ailes\\\/je-tire-de-moins-en-moins-de-lait\\\/#breadcrumb\"},\"inLanguage\":\"fr-FR\",\"potentialAction\":[{\"@type\":\"ReadAction\",\"target\":[\"https:\\\/\\\/www.lactissima.com\\\/a-tire-d-ailes\\\/je-tire-de-moins-en-moins-de-lait\\\/\"]}]},{\"@type\":\"ImageObject\",\"inLanguage\":\"fr-FR\",\"@id\":\"https:\\\/\\\/www.lactissima.com\\\/a-tire-d-ailes\\\/je-tire-de-moins-en-moins-de-lait\\\/#primaryimage\",\"url\":\"https:\\\/\\\/www.lactissima.com\\\/a-tire-d-ailes\\\/wp-content\\\/uploads\\\/2015\\\/10\\\/moins-de-lait.jpg\",\"contentUrl\":\"https:\\\/\\\/www.lactissima.com\\\/a-tire-d-ailes\\\/wp-content\\\/uploads\\\/2015\\\/10\\\/moins-de-lait.jpg\",\"width\":207,\"height\":369,\"caption\":\"moins de lait\"},{\"@type\":\"BreadcrumbList\",\"@id\":\"https:\\\/\\\/www.lactissima.com\\\/a-tire-d-ailes\\\/je-tire-de-moins-en-moins-de-lait\\\/#breadcrumb\",\"itemListElement\":[{\"@type\":\"ListItem\",\"position\":1,\"name\":\"Accueil\",\"item\":\"https:\\\/\\\/www.lactissima.com\\\/a-tire-d-ailes\\\/\"},{\"@type\":\"ListItem\",\"position\":2,\"name\":\"Je tire de moins en moins de lait&#8230;\"}]},{\"@type\":\"WebSite\",\"@id\":\"https:\\\/\\\/www.lactissima.com\\\/a-tire-d-ailes\\\/#website\",\"url\":\"https:\\\/\\\/www.lactissima.com\\\/a-tire-d-ailes\\\/\",\"name\":\"A tire d&#039;Ailes\",\"description\":\"Le blog des femmes qui allaitent et travaillent.\",\"potentialAction\":[{\"@type\":\"SearchAction\",\"target\":{\"@type\":\"EntryPoint\",\"urlTemplate\":\"https:\\\/\\\/www.lactissima.com\\\/a-tire-d-ailes\\\/?s={search_term_string}\"},\"query-input\":{\"@type\":\"PropertyValueSpecification\",\"valueRequired\":true,\"valueName\":\"search_term_string\"}}],\"inLanguage\":\"fr-FR\"},{\"@type\":\"Person\",\"@id\":\"https:\\\/\\\/www.lactissima.com\\\/a-tire-d-ailes\\\/#\\\/schema\\\/person\\\/8f98d3a89530861bc1240e6d53d44eed\",\"name\":\"V\u00e9ronique Darmangeat\",\"image\":{\"@type\":\"ImageObject\",\"inLanguage\":\"fr-FR\",\"@id\":\"https:\\\/\\\/secure.gravatar.com\\\/avatar\\\/268c99344c89cebfe4f5df5fa8be43068a18884fc76a29f3206fae98465b9cab?s=96&d=identicon&r=g\",\"url\":\"https:\\\/\\\/secure.gravatar.com\\\/avatar\\\/268c99344c89cebfe4f5df5fa8be43068a18884fc76a29f3206fae98465b9cab?s=96&d=identicon&r=g\",\"contentUrl\":\"https:\\\/\\\/secure.gravatar.com\\\/avatar\\\/268c99344c89cebfe4f5df5fa8be43068a18884fc76a29f3206fae98465b9cab?s=96&d=identicon&r=g\",\"caption\":\"V\u00e9ronique Darmangeat\"},\"sameAs\":[\"https:\\\/\\\/www.lactissima.com\\\/a-tire-d-ailes\",\"www.facebook.com\\\/consultante.en.lactation\"]}]}<\/script>\n<!-- \/ Yoast SEO plugin. -->","yoast_head_json":{"title":"Je tire de moins en moins de lait...","description":"Certaines femmes tirent moins de lait au travail au fil du temps. Pourquoi ?","robots":{"index":"index","follow":"follow","max-snippet":"max-snippet:-1","max-image-preview":"max-image-preview:large","max-video-preview":"max-video-preview:-1"},"canonical":"https:\/\/www.lactissima.com\/a-tire-d-ailes\/je-tire-de-moins-en-moins-de-lait\/","og_locale":"fr_FR","og_type":"article","og_title":"Je tire de moins en moins de lait...","og_description":"Certaines femmes tirent moins de lait au travail au fil du temps. Pourquoi ?","og_url":"https:\/\/www.lactissima.com\/a-tire-d-ailes\/je-tire-de-moins-en-moins-de-lait\/","og_site_name":"A tire d&#039;Ailes","article_publisher":"https:\/\/www.facebook.com\/consultante.en.lactation","article_author":"www.facebook.com\/consultante.en.lactation","article_published_time":"2015-10-29T16:49:04+00:00","article_modified_time":"2016-08-03T17:05:05+00:00","og_image":[{"width":207,"height":369,"url":"https:\/\/www.lactissima.com\/a-tire-d-ailes\/wp-content\/uploads\/2015\/10\/moins-de-lait.jpg","type":"image\/jpeg"}],"author":"V\u00e9ronique Darmangeat","twitter_card":"summary_large_image","twitter_creator":"@VeroniqueIBCLC","twitter_site":"@VeroniqueIBCLC","twitter_misc":{"\u00c9crit par":"V\u00e9ronique Darmangeat","Dur\u00e9e de lecture estim\u00e9e":"3 minutes"},"schema":{"@context":"https:\/\/schema.org","@graph":[{"@type":"Article","@id":"https:\/\/www.lactissima.com\/a-tire-d-ailes\/je-tire-de-moins-en-moins-de-lait\/#article","isPartOf":{"@id":"https:\/\/www.lactissima.com\/a-tire-d-ailes\/je-tire-de-moins-en-moins-de-lait\/"},"author":{"name":"V\u00e9ronique Darmangeat","@id":"https:\/\/www.lactissima.com\/a-tire-d-ailes\/#\/schema\/person\/8f98d3a89530861bc1240e6d53d44eed"},"headline":"Je tire de moins en moins de lait&#8230;","datePublished":"2015-10-29T16:49:04+00:00","dateModified":"2016-08-03T17:05:05+00:00","mainEntityOfPage":{"@id":"https:\/\/www.lactissima.com\/a-tire-d-ailes\/je-tire-de-moins-en-moins-de-lait\/"},"wordCount":530,"commentCount":118,"image":{"@id":"https:\/\/www.lactissima.com\/a-tire-d-ailes\/je-tire-de-moins-en-moins-de-lait\/#primaryimage"},"thumbnailUrl":"https:\/\/www.lactissima.com\/a-tire-d-ailes\/wp-content\/uploads\/2015\/10\/moins-de-lait.jpg","keywords":["Jane Morton","motivation","persil","stress\u00e9e","t\u00e9terelles"],"articleSection":["Difficult\u00e9s","Tirer son lait"],"inLanguage":"fr-FR","potentialAction":[{"@type":"CommentAction","name":"Comment","target":["https:\/\/www.lactissima.com\/a-tire-d-ailes\/je-tire-de-moins-en-moins-de-lait\/#respond"]}]},{"@type":"WebPage","@id":"https:\/\/www.lactissima.com\/a-tire-d-ailes\/je-tire-de-moins-en-moins-de-lait\/","url":"https:\/\/www.lactissima.com\/a-tire-d-ailes\/je-tire-de-moins-en-moins-de-lait\/","name":"Je tire de moins en moins de lait...","isPartOf":{"@id":"https:\/\/www.lactissima.com\/a-tire-d-ailes\/#website"},"primaryImageOfPage":{"@id":"https:\/\/www.lactissima.com\/a-tire-d-ailes\/je-tire-de-moins-en-moins-de-lait\/#primaryimage"},"image":{"@id":"https:\/\/www.lactissima.com\/a-tire-d-ailes\/je-tire-de-moins-en-moins-de-lait\/#primaryimage"},"thumbnailUrl":"https:\/\/www.lactissima.com\/a-tire-d-ailes\/wp-content\/uploads\/2015\/10\/moins-de-lait.jpg","datePublished":"2015-10-29T16:49:04+00:00","dateModified":"2016-08-03T17:05:05+00:00","author":{"@id":"https:\/\/www.lactissima.com\/a-tire-d-ailes\/#\/schema\/person\/8f98d3a89530861bc1240e6d53d44eed"},"description":"Certaines femmes tirent moins de lait au travail au fil du temps. Pourquoi ?","breadcrumb":{"@id":"https:\/\/www.lactissima.com\/a-tire-d-ailes\/je-tire-de-moins-en-moins-de-lait\/#breadcrumb"},"inLanguage":"fr-FR","potentialAction":[{"@type":"ReadAction","target":["https:\/\/www.lactissima.com\/a-tire-d-ailes\/je-tire-de-moins-en-moins-de-lait\/"]}]},{"@type":"ImageObject","inLanguage":"fr-FR","@id":"https:\/\/www.lactissima.com\/a-tire-d-ailes\/je-tire-de-moins-en-moins-de-lait\/#primaryimage","url":"https:\/\/www.lactissima.com\/a-tire-d-ailes\/wp-content\/uploads\/2015\/10\/moins-de-lait.jpg","contentUrl":"https:\/\/www.lactissima.com\/a-tire-d-ailes\/wp-content\/uploads\/2015\/10\/moins-de-lait.jpg","width":207,"height":369,"caption":"moins de lait"},{"@type":"BreadcrumbList","@id":"https:\/\/www.lactissima.com\/a-tire-d-ailes\/je-tire-de-moins-en-moins-de-lait\/#breadcrumb","itemListElement":[{"@type":"ListItem","position":1,"name":"Accueil","item":"https:\/\/www.lactissima.com\/a-tire-d-ailes\/"},{"@type":"ListItem","position":2,"name":"Je tire de moins en moins de lait&#8230;"}]},{"@type":"WebSite","@id":"https:\/\/www.lactissima.com\/a-tire-d-ailes\/#website","url":"https:\/\/www.lactissima.com\/a-tire-d-ailes\/","name":"A tire d&#039;Ailes","description":"Le blog des femmes qui allaitent et travaillent.","potentialAction":[{"@type":"SearchAction","target":{"@type":"EntryPoint","urlTemplate":"https:\/\/www.lactissima.com\/a-tire-d-ailes\/?s={search_term_string}"},"query-input":{"@type":"PropertyValueSpecification","valueRequired":true,"valueName":"search_term_string"}}],"inLanguage":"fr-FR"},{"@type":"Person","@id":"https:\/\/www.lactissima.com\/a-tire-d-ailes\/#\/schema\/person\/8f98d3a89530861bc1240e6d53d44eed","name":"V\u00e9ronique Darmangeat","image":{"@type":"ImageObject","inLanguage":"fr-FR","@id":"https:\/\/secure.gravatar.com\/avatar\/268c99344c89cebfe4f5df5fa8be43068a18884fc76a29f3206fae98465b9cab?s=96&d=identicon&r=g","url":"https:\/\/secure.gravatar.com\/avatar\/268c99344c89cebfe4f5df5fa8be43068a18884fc76a29f3206fae98465b9cab?s=96&d=identicon&r=g","contentUrl":"https:\/\/secure.gravatar.com\/avatar\/268c99344c89cebfe4f5df5fa8be43068a18884fc76a29f3206fae98465b9cab?s=96&d=identicon&r=g","caption":"V\u00e9ronique Darmangeat"},"sameAs":["https:\/\/www.lactissima.com\/a-tire-d-ailes","www.facebook.com\/consultante.en.lactation"]}]}},"_links":{"self":[{"href":"https:\/\/www.lactissima.com\/a-tire-d-ailes\/wp-json\/wp\/v2\/posts\/6460","targetHints":{"allow":["GET"]}}],"collection":[{"href":"https:\/\/www.lactissima.com\/a-tire-d-ailes\/wp-json\/wp\/v2\/posts"}],"about":[{"href":"https:\/\/www.lactissima.com\/a-tire-d-ailes\/wp-json\/wp\/v2\/types\/post"}],"author":[{"embeddable":true,"href":"https:\/\/www.lactissima.com\/a-tire-d-ailes\/wp-json\/wp\/v2\/users\/170"}],"replies":[{"embeddable":true,"href":"https:\/\/www.lactissima.com\/a-tire-d-ailes\/wp-json\/wp\/v2\/comments?post=6460"}],"version-history":[{"count":3,"href":"https:\/\/www.lactissima.com\/a-tire-d-ailes\/wp-json\/wp\/v2\/posts\/6460\/revisions"}],"predecessor-version":[{"id":6464,"href":"https:\/\/www.lactissima.com\/a-tire-d-ailes\/wp-json\/wp\/v2\/posts\/6460\/revisions\/6464"}],"wp:featuredmedia":[{"embeddable":true,"href":"https:\/\/www.lactissima.com\/a-tire-d-ailes\/wp-json\/wp\/v2\/media\/6461"}],"wp:attachment":[{"href":"https:\/\/www.lactissima.com\/a-tire-d-ailes\/wp-json\/wp\/v2\/media?parent=6460"}],"wp:term":[{"taxonomy":"category","embeddable":true,"href":"https:\/\/www.lactissima.com\/a-tire-d-ailes\/wp-json\/wp\/v2\/categories?post=6460"},{"taxonomy":"post_tag","embeddable":true,"href":"https:\/\/www.lactissima.com\/a-tire-d-ailes\/wp-json\/wp\/v2\/tags?post=6460"}],"curies":[{"name":"wp","href":"https:\/\/api.w.org\/{rel}","templated":true}]}}