{"id":6419,"date":"2015-09-24T14:46:07","date_gmt":"2015-09-24T12:46:07","guid":{"rendered":"https:\/\/www.lactissima.com\/a-tire-d-ailes\/?p=6419"},"modified":"2015-09-24T14:46:07","modified_gmt":"2015-09-24T12:46:07","slug":"allaiter-et-travailler-le-temoignage-de-vervaine-2","status":"publish","type":"post","link":"https:\/\/www.lactissima.com\/a-tire-d-ailes\/allaiter-et-travailler-le-temoignage-de-vervaine-2\/","title":{"rendered":"Allaiter et travailler : le t\u00e9moignage de Vervaine (2)"},"content":{"rendered":"<p style=\"text-align: justify;\"><img loading=\"lazy\" decoding=\"async\" class=\"alignright size-full wp-image-6421\" src=\"https:\/\/www.lactissima.com\/a-tire-d-ailes\/wp-content\/uploads\/2015\/09\/vervaine.jpg\" alt=\"vervaine\" width=\"238\" height=\"383\" srcset=\"https:\/\/www.lactissima.com\/a-tire-d-ailes\/wp-content\/uploads\/2015\/09\/vervaine.jpg 238w, https:\/\/www.lactissima.com\/a-tire-d-ailes\/wp-content\/uploads\/2015\/09\/vervaine-186x300.jpg 186w\" sizes=\"(max-width: 238px) 100vw, 238px\" \/><a href=\"https:\/\/www.lactissima.com\/a-tire-d-ailes\/allaiter-et-travailler-le-temoignage-de-vervaine\/\" target=\"_blank\">Vervaine <\/a>a d\u00e9j\u00e0 t\u00e9moign\u00e9 sur le blog. Elle nous explique son deuxi\u00e8me allaitement.<\/p>\n<ul style=\"text-align: justify;\">\n<li><strong>Quel choix avez-vous fait au moment de la reprise du travail : sevrage ou poursuite de l&rsquo;allaitement ? Pourquoi ?<\/strong><\/li>\n<\/ul>\n<p style=\"text-align: justify;\">Suite \u00e0 ma premi\u00e8re exp\u00e9rience (racont\u00e9e ici !), je voulais absolument continuer d&rsquo;allaiter \u00e0 ma reprise du travail !<\/p>\n<ul style=\"text-align: justify;\">\n<li><strong>Comment vous \u00eates-vous organis\u00e9e ?<\/strong><\/li>\n<\/ul>\n<p style=\"text-align: justify;\">J&rsquo;ai toujours ce satan\u00e9 trajet entre mon domicile et mon travail : 1h30 de train matin et soir. (Une maison qui ne se vend pas, une autre achet\u00e9e que l&rsquo;on ne peut habiter, bref, voil\u00e0 aussi pourquoi on est coinc\u00e9s financi\u00e8rement et \u00c2\u00ab oblig\u00e9s \u00c2\u00bb de travailler !).<br \/>\nMais cette fois, ayant d\u00e9j\u00e0 une assistante maternelle pour notre a\u00een\u00e9e, on n&rsquo;allait pas compliquer les choses, et c&rsquo;est donc la m\u00eame \u00c2\u00ab assmat \u00c2\u00bb qui s&rsquo;occuperait des deux. Je ne verrais donc pas ma Pitchounette le matin !<\/p>\n<p style=\"text-align: justify;\">Ne pouvant pas prendre un cong\u00e9 parental complet pour des raisons financi\u00e8res, j&rsquo;ai tout de m\u00eame utilis\u00e9 mes cong\u00e9s classiques, accol\u00e9s \u00e0 mon cong\u00e9 maternit\u00e9, pour ne reprendre qu&rsquo;aux 4 mois de ma fille. Et j&rsquo;ai demand\u00e9 un temps partiel \u00e0 80% qui a \u00e9t\u00e9 accept\u00e9.<\/p>\n<p style=\"text-align: justify;\">Forte de ma premi\u00e8re exp\u00e9rience, j&rsquo;ai lou\u00e9 un tire-lait en pharmacie, et ai de suite demand\u00e9 un Medela double pompage (le Symphony pour ne pas le nommer). J&rsquo;ai d\u00fb commencer \u00e0 tirer autour de ses trois mois, par contre, je n&rsquo;ai pas fait autant de r\u00e9serves que je l&rsquo;aurais souhait\u00e9, n&rsquo;ayant pas beaucoup de courage pour tirer avec un b\u00e9b\u00e9 (tr\u00e8s demandeur de c\u00e2lins et de t\u00e9t\u00e9es) \u00e0 la maison.<\/p>\n<p style=\"text-align: justify;\">Notre grosse erreur par contre, a \u00e9t\u00e9 de ne pas donner de biberon avant de d\u00e9poser notre fille chez la nounou. J&rsquo;en veux un peu au papa \u00e0 ce sujet, car je refusais cat\u00e9goriquement de donner un biberon moi-m\u00eame, me disant que b\u00e9b\u00e9 ne le prendrait pas s&rsquo;il sentait le sein tout chaud \u00e0 cot\u00e9 ! Paresse oblige, le papa n&rsquo;a jamais donn\u00e9 de biberon<br \/>\nOn avait par contre plus de temps pour la p\u00e9riode d&rsquo;adaptation, mais  cela a \u00e9t\u00e9 tr\u00e8s difficile !<\/p>\n<p style=\"text-align: justify;\">Nous y avons \u00e9t\u00e9 en douceur : d&rsquo;abord une heure, puis deux, puis \u00c2\u00bd journ\u00e9e  Mais quand j&rsquo;ai repris r\u00e9ellement le travail, avec des journ\u00e9es de garde compl\u00e8tes, Pitchounette refusait carr\u00e9ment le biberon, refusait \u00e9galement de dormir et pleurait beaucoup ! Au d\u00e9but, l&rsquo;ass mat essayait de la bercer, de l&#8217;emmailloter elle semblait se calmer. Elle a essay\u00e9 de donner le lait au verre, \u00e0 la cuill\u00e8re  Pitchounette prenait quelques gorg\u00e9es, mais je crois que cela a \u00e9t\u00e9 dur pour la famille de la nounou, nounou qui n&rsquo;est pas famili\u00e8re avec le \u00c2\u00ab maternage \u00c2\u00bb et il y a eu 3 semaines tr\u00e8s difficiles. J&rsquo;\u00e9tais sur le point de changer de nounou quand ma fille a accept\u00e9 de boire un petit peu au biberon, et pleurait de moins en moins (et dormait, un peu). Il faut dire aussi qu&rsquo;\u00e0 la maison, elle dormait tr\u00e8s peu en journ\u00e9e et se r\u00e9veillait (et se r\u00e9veille encore) plusieurs fois par nuit. Bref, un b\u00e9b\u00e9 plus demandeur de proximit\u00e9 que sa s\u00c5\u201cur.<\/p>\n<p style=\"text-align: justify;\">Forte des conseils prodigu\u00e9s sur ce site et des lectures des nombreux t\u00e9moignages, je ne m&rsquo;inqui\u00e9tais pas plus que \u00e7a sur le fait que ma fille ne prenne pas le biberon (surtout qu&rsquo;elle t\u00e9tait beaucoup la nuit). Et je pouvais rassurer la nounou. Mais les pleurs et le non-sommeil \u00e9taient difficile \u00e0 g\u00e9rer pour la nounou.<\/p>\n<p style=\"text-align: justify;\">Donc question organisation et r\u00e9serve de lait, il y a eu moins de probl\u00e8mes ! Pendant ces trois longues semaines, je tirais mon lait 2 fois par jour au travail. Comme Pitchounette ne buvait rien, je congelais (en pot Avent ou en sachet de cong\u00e9lation, une fois ou deux en sachets pour gla\u00e7ons). Puis quand elle prenait le biberon, elle buvait moins que ce que je tirais, donc je mettais le surplus au cong\u00e9lateur.<\/p>\n<p style=\"text-align: justify;\">J&rsquo;ai finalement d\u00e9cid\u00e9 d&rsquo;appeler le lactarium pour savoir s&rsquo;il voulait de mon lait, car cela aurait \u00e9t\u00e9 dommage de le g\u00e2cher et j&rsquo;\u00e9tais contente de faire profiter d&rsquo;autres b\u00e9b\u00e9s, de ce produit si pr\u00e9cieux !<\/p>\n<p style=\"text-align: justify;\">Le lactarium a accept\u00e9, et, apr\u00e8s tous les tests, prise de sang, questionnaire m\u00e9dical,  j&rsquo;ai continu\u00e9 \u00e0 tirer pour congeler du lait (et pour entretenir ma lactation).<\/p>\n<p style=\"text-align: justify;\">Pass\u00e9 quelques mois, je tirais moins de lait, juste ce que buvais ma fille. De plus, le lactarium ne voulait pas trop de lait \u00c2\u00ab trop vieux \u00c2\u00bb, pass\u00e9 6 ou 7 mois de l&rsquo;enfant, il est moins adapt\u00e9 aux nourrissons et pr\u00e9matur\u00e9s. J&rsquo;ai donc arr\u00eat\u00e9 le lactarium et tout donn\u00e9 \u00e0 ma fille, avec quelques r\u00e9serves au cong\u00e9lateur, ce qui me permettait de combler les jours o\u00f9 je ne pouvais tirer (r\u00e9union interminable, flemme ).<\/p>\n<p style=\"text-align: justify;\">Pour les aspects pratico-pratiques :<\/p>\n<p style=\"text-align: justify;\">J&rsquo;ai un bureau personnel, que je peux fermer \u00e0 clef. Le tire-lait Medela reste branch\u00e9 en permanence, je l&rsquo;ai mis sous le bureau, cela ne se voit pas. Quand je veux tirer, je ferme les stores et la porte \u00e0 clef, je pose le tire-lait sur le bureau, je branche les t\u00e9terelles, et en avant. Je pr\u00e9vois auparavant un document \u00e0 lire sur papier ou sur \u00e9cran. En cas de baisse de moral, une photo de ma Pitchounette sur le portable. Le tirage en lui-m\u00eame ne dure que 10 minutes, c&rsquo;est vraiment rapide avec le double pompage.<\/p>\n<p style=\"text-align: justify;\">Ensuite, je transvase dans des pots Avent ou biberon du lactarium, que je mets au frigo (il y a un frigo dans la pi\u00e8ce d&rsquo;\u00e0 cot\u00e9 !).<\/p>\n<p style=\"text-align: justify;\">Pour le trajet, j&rsquo;ai achet\u00e9 un petit sac isotherme (pour les piques-niques), c&rsquo;est discret et personne ne sait que je mets dedans un bloc r\u00e9frig\u00e9rant et mes pots de lait !<\/p>\n<p style=\"text-align: justify;\">L&rsquo;astuce qui m&rsquo;a \u00e9norm\u00e9ment facilit\u00e9 la vie : mettre les t\u00e9terelles dans un sac plastique (type sachet de cong\u00e9lation) et les laisser au frigo entre deux tirages. Cela \u00e9vite de passer 10 min \u00e0 les laver dans l&rsquo;\u00e9vier des toilettes (avec les \u00e9ventuels regard des coll\u00e8gues !). Avec le temps, j&rsquo;ai m\u00eame laiss\u00e9 les t\u00e9terelles au frigo deux jours de suite (parfois 3 les jours de fatigue !). Surtout quand je ne tirais plus qu&rsquo;une fois par jour. Cela fait gagner un temps fou, car ce n&rsquo;est pas le temps de tirage qui est le plus long, je trouve, c&rsquo;est le temps de pr\u00e9paration, de lavage, etc. Ensuite, je ramenais les t\u00e9terelles sales dans le sac isotherme et les lavais chez moi. Cela \u00e9vite ainsi de passer du temps au travail \u00e0 les laver. [Je n&rsquo;ai PAS demand\u00e9 mon heure d&rsquo;allaitement ]<\/p>\n<p style=\"text-align: justify;\">Il y a eu des moments surr\u00e9alistes, quand, un jour de r\u00e9union \u00e0 Paris, j&rsquo;avais emport\u00e9 un petit Medela electric simple pompage. Mais impossible de trouver un bureau avec une prise !!! Et il n&rsquo;y avait pas de prise dans les toilettes ! J&rsquo;avais les seins tendus \u00e0 bloc, et regardais r\u00e9guli\u00e8rement si je n&rsquo;avais pas des taches sur la poitrine ! Une fois dans le TGV, je me suis enferm\u00e9e dans les toilettes pour tirer un peu et masser mes seins douloureux (en jetant le lait, parce que bonjour l&rsquo;hygi\u00e8ne ). Quel soulagement au retour lorsque ma fille a t\u00e9t\u00e9 !<\/p>\n<p style=\"text-align: justify;\">Lors d&rsquo;une autre r\u00e9union, j&rsquo;ai demand\u00e9 la clef de la salle (sans oser dire le motif !) pendant le temps de pause et me suis enferm\u00e9e discr\u00e8tement 10 min pour tirer (avec le petit \u00e9lectric, en esp\u00e9rant que le bruit ne s&rsquo;entende pas trop).<\/p>\n<p style=\"text-align: justify;\">(Suite \u00e0 cela, j&rsquo;ai achet\u00e9 un TL manuel, pour ces occasions-l\u00e0  !)<\/p>\n<p style=\"text-align: justify;\">Au bout de quelques mois, je ne tirais plus qu&rsquo;une fois par jour, Pitchounette a commenc\u00e9 \u00e0 manger autre chose (plut\u00f4t vers 10 mois que vers 6).<\/p>\n<p style=\"text-align: justify;\">R\u00e9sultat : aujourd&rsquo;hui, ma fille a 15 mois. J&rsquo;ai rendu le tire-lait \u00e0 la pharmacie apr\u00e8s 12 mois de bons et loyaux services. Depuis une semaine Pitchounette ne veut m\u00eame plus boire de lait chez la nounou (elle boit au verre depuis 1 mois). Elle se rattrape quand j&rsquo;arrive (et la nuit !).<\/p>\n<p style=\"text-align: justify;\">Je pense que l&rsquo;allaitement va durer encore longtemps car elle a l&rsquo;air d&rsquo;adorer cela, et mois cela ne me g\u00eane pas du tout, c&rsquo;est tellement facile : elle t\u00e8te, elle a du lait, elle ne t\u00e8te pas, je n&rsquo;ai pas mal aux seins.<\/p>\n<ul style=\"text-align: justify;\">\n<li><strong>Quelles ont \u00e9t\u00e9 vos principales difficult\u00e9s ?<\/strong><\/li>\n<\/ul>\n<p style=\"text-align: justify;\">Savoir que ma fille pleurait chez la nounou (mais ce n&rsquo;\u00e9tait pas qu&rsquo;une histoire de lait).<br \/>\nLa motivation pour tirer quand le planning est charg\u00e9. (Mais mine de rien, j&rsquo;ai tenu 1 an !).<\/p>\n<ul style=\"text-align: justify;\">\n<li><strong>Quels ont \u00e9t\u00e9 vos meilleurs moments ?<\/strong><\/li>\n<\/ul>\n<p style=\"text-align: justify;\">Les t\u00e9t\u00e9es de retrouvailles !<br \/>\nLa simplicit\u00e9 lors de balades, voyages <\/p>\n<ul style=\"text-align: justify;\">\n<li><strong>Qu&rsquo;est-ce que vous souhaiteriez dire aux mamans qui doivent faire un choix dans les semaines \u00e0 venir ?<\/strong><\/li>\n<\/ul>\n<p style=\"text-align: justify;\">Que leur choix soit vraiment un choix \u00e9clair\u00e9 et pas une solution par d\u00e9faut. Pour cela, il faut s&rsquo;IN-FOR-MER ! On n&rsquo;en est que plus forte quand on a choisit en connaissance de cause.<\/p>\n<p style=\"text-align: justify;\">D&rsquo;essayer quand m\u00eame de tirer leur lait, m\u00eame si elles donnent du lait artificiel en compl\u00e9ment, pour entretenir la lactation.<\/p>\n<p style=\"text-align: justify;\">De bien se renseigner \u00e0 leur travail pour connaitre les conditions de tirage\/d&rsquo;absence pour allaiter leur b\u00e9b\u00e9.<\/p>\n<ul style=\"text-align: justify;\">\n<li><strong>Ce serait \u00e0 refaire, vous referiez le m\u00eame choix ? Que changeriez-vous ?<\/strong><\/li>\n<\/ul>\n<p style=\"text-align: justify;\">Ma premi\u00e8re exp\u00e9rience m&rsquo;a d\u00e9j\u00e0 bien aid\u00e9e !<br \/>\nS&rsquo;il y a un troisi\u00e8me  ? hummm  Je continuerais \u00e0 allaiter le plus longtemps possible !<br \/>\nDans l&rsquo;id\u00e9al, je prendrais un cong\u00e9 jusqu&rsquo;aux six mois (voire plus) de b\u00e9b\u00e9 pour pouvoir allaiter exclusivement sans tire-lait <\/p>\n<p><strong>Articles en rapport :<\/strong><\/p>\n<ul>\n<li>Voir l&rsquo;onglet <a href=\"https:\/\/www.lactissima.com\/a-tire-d-ailes\/temoignages-travail-et-allaitement\/\" target=\"_blank\">t\u00e9moignages<\/a><\/li>\n<\/ul>\n<div class='et-box et-shadow'>\n\t\t\t\t\t<div class='et-box-content'>Lire des articles ou poser des questions en commentaire ne suffit pas \u00e0 r\u00e9soudre votre probl\u00e8me ?\nSavez-vous que vous pouvez prendre RDV pour une consultation avec moi ?\nN&rsquo;h\u00e9sitez pas \u00e0 me <a href=\"https:\/\/www.lactissima.com\/a-tire-d-ailes\/contact\/\" target=\"_blank\">contacter<\/a> !<\/div><\/div>\n<p>&nbsp;<\/p>\n","protected":false},"excerpt":{"rendered":"<p>Vervaine a d\u00e9j\u00e0 t\u00e9moign\u00e9 sur le blog. Elle nous explique son deuxi\u00e8me allaitement. Quel choix avez-vous fait au moment de la reprise du travail : sevrage ou poursuite de l&rsquo;allaitement ? Pourquoi ? Suite \u00e0 ma premi\u00e8re exp\u00e9rience (racont\u00e9e ici !), je voulais absolument continuer d&rsquo;allaiter \u00e0 ma reprise du travail ! Comment vous \u00eates-vous [&hellip;]<\/p>\n","protected":false},"author":170,"featured_media":6421,"comment_status":"open","ping_status":"open","sticky":false,"template":"","format":"standard","meta":{"_et_pb_use_builder":"","_et_pb_old_content":"","_et_gb_content_width":"","footnotes":""},"categories":[150],"tags":[681],"class_list":["post-6419","post","type-post","status-publish","format-standard","has-post-thumbnail","hentry","category-temoignages","tag-allaitement-et-travail"],"yoast_head":"<!-- This site is optimized with the Yoast SEO plugin v27.4 - https:\/\/yoast.com\/product\/yoast-seo-wordpress\/ -->\n<title>Allaiter et travailler : le t\u00e9moignage de Vervaine (2)<\/title>\n<meta name=\"description\" content=\"Vervaine nous explique de mani\u00e8re tr\u00e8s d\u00e9taill\u00e9e comment elle s&#039;est organis\u00e9e pour allaiter et travailler malgr\u00e9 un lieu de travail situ\u00e9 \u00e0 une heure et demi de son domicile.\" \/>\n<meta name=\"robots\" content=\"index, follow, max-snippet:-1, max-image-preview:large, max-video-preview:-1\" \/>\n<link rel=\"canonical\" href=\"https:\/\/www.lactissima.com\/a-tire-d-ailes\/allaiter-et-travailler-le-temoignage-de-vervaine-2\/\" \/>\n<meta property=\"og:locale\" content=\"fr_FR\" \/>\n<meta property=\"og:type\" content=\"article\" \/>\n<meta property=\"og:title\" content=\"Allaiter et travailler : le t\u00e9moignage de Vervaine (2)\" \/>\n<meta property=\"og:description\" content=\"Vervaine nous explique de mani\u00e8re tr\u00e8s d\u00e9taill\u00e9e comment elle s&#039;est organis\u00e9e pour allaiter et travailler malgr\u00e9 un lieu de travail situ\u00e9 \u00e0 une heure et demi de son domicile.\" \/>\n<meta property=\"og:url\" content=\"https:\/\/www.lactissima.com\/a-tire-d-ailes\/allaiter-et-travailler-le-temoignage-de-vervaine-2\/\" \/>\n<meta property=\"og:site_name\" content=\"A tire d&#039;Ailes\" \/>\n<meta property=\"article:publisher\" content=\"https:\/\/www.facebook.com\/consultante.en.lactation\" \/>\n<meta property=\"article:author\" content=\"www.facebook.com\/consultante.en.lactation\" \/>\n<meta property=\"article:published_time\" content=\"2015-09-24T12:46:07+00:00\" \/>\n<meta property=\"og:image\" content=\"https:\/\/www.lactissima.com\/a-tire-d-ailes\/wp-content\/uploads\/2015\/09\/vervaine.jpg\" \/>\n\t<meta property=\"og:image:width\" content=\"238\" \/>\n\t<meta property=\"og:image:height\" content=\"383\" \/>\n\t<meta property=\"og:image:type\" content=\"image\/jpeg\" \/>\n<meta name=\"author\" content=\"V\u00e9ronique Darmangeat\" \/>\n<meta name=\"twitter:card\" content=\"summary_large_image\" \/>\n<meta name=\"twitter:creator\" content=\"@VeroniqueIBCLC\" \/>\n<meta name=\"twitter:site\" content=\"@VeroniqueIBCLC\" \/>\n<meta name=\"twitter:label1\" content=\"\u00c9crit par\" \/>\n\t<meta name=\"twitter:data1\" content=\"V\u00e9ronique Darmangeat\" \/>\n\t<meta name=\"twitter:label2\" content=\"Dur\u00e9e de lecture estim\u00e9e\" \/>\n\t<meta name=\"twitter:data2\" content=\"8 minutes\" \/>\n<script type=\"application\/ld+json\" class=\"yoast-schema-graph\">{\"@context\":\"https:\\\/\\\/schema.org\",\"@graph\":[{\"@type\":\"Article\",\"@id\":\"https:\\\/\\\/www.lactissima.com\\\/a-tire-d-ailes\\\/allaiter-et-travailler-le-temoignage-de-vervaine-2\\\/#article\",\"isPartOf\":{\"@id\":\"https:\\\/\\\/www.lactissima.com\\\/a-tire-d-ailes\\\/allaiter-et-travailler-le-temoignage-de-vervaine-2\\\/\"},\"author\":{\"name\":\"V\u00e9ronique Darmangeat\",\"@id\":\"https:\\\/\\\/www.lactissima.com\\\/a-tire-d-ailes\\\/#\\\/schema\\\/person\\\/8f98d3a89530861bc1240e6d53d44eed\"},\"headline\":\"Allaiter et travailler : le t\u00e9moignage de Vervaine (2)\",\"datePublished\":\"2015-09-24T12:46:07+00:00\",\"mainEntityOfPage\":{\"@id\":\"https:\\\/\\\/www.lactissima.com\\\/a-tire-d-ailes\\\/allaiter-et-travailler-le-temoignage-de-vervaine-2\\\/\"},\"wordCount\":1724,\"commentCount\":4,\"image\":{\"@id\":\"https:\\\/\\\/www.lactissima.com\\\/a-tire-d-ailes\\\/allaiter-et-travailler-le-temoignage-de-vervaine-2\\\/#primaryimage\"},\"thumbnailUrl\":\"https:\\\/\\\/www.lactissima.com\\\/a-tire-d-ailes\\\/wp-content\\\/uploads\\\/2015\\\/09\\\/vervaine.jpg\",\"keywords\":[\"Allaitement et Travail\"],\"articleSection\":[\"t\u00e9moignages\"],\"inLanguage\":\"fr-FR\",\"potentialAction\":[{\"@type\":\"CommentAction\",\"name\":\"Comment\",\"target\":[\"https:\\\/\\\/www.lactissima.com\\\/a-tire-d-ailes\\\/allaiter-et-travailler-le-temoignage-de-vervaine-2\\\/#respond\"]}]},{\"@type\":\"WebPage\",\"@id\":\"https:\\\/\\\/www.lactissima.com\\\/a-tire-d-ailes\\\/allaiter-et-travailler-le-temoignage-de-vervaine-2\\\/\",\"url\":\"https:\\\/\\\/www.lactissima.com\\\/a-tire-d-ailes\\\/allaiter-et-travailler-le-temoignage-de-vervaine-2\\\/\",\"name\":\"Allaiter et travailler : le t\u00e9moignage de Vervaine (2)\",\"isPartOf\":{\"@id\":\"https:\\\/\\\/www.lactissima.com\\\/a-tire-d-ailes\\\/#website\"},\"primaryImageOfPage\":{\"@id\":\"https:\\\/\\\/www.lactissima.com\\\/a-tire-d-ailes\\\/allaiter-et-travailler-le-temoignage-de-vervaine-2\\\/#primaryimage\"},\"image\":{\"@id\":\"https:\\\/\\\/www.lactissima.com\\\/a-tire-d-ailes\\\/allaiter-et-travailler-le-temoignage-de-vervaine-2\\\/#primaryimage\"},\"thumbnailUrl\":\"https:\\\/\\\/www.lactissima.com\\\/a-tire-d-ailes\\\/wp-content\\\/uploads\\\/2015\\\/09\\\/vervaine.jpg\",\"datePublished\":\"2015-09-24T12:46:07+00:00\",\"author\":{\"@id\":\"https:\\\/\\\/www.lactissima.com\\\/a-tire-d-ailes\\\/#\\\/schema\\\/person\\\/8f98d3a89530861bc1240e6d53d44eed\"},\"description\":\"Vervaine nous explique de mani\u00e8re tr\u00e8s d\u00e9taill\u00e9e comment elle s'est organis\u00e9e pour allaiter et travailler malgr\u00e9 un lieu de travail situ\u00e9 \u00e0 une heure et demi de son domicile.\",\"breadcrumb\":{\"@id\":\"https:\\\/\\\/www.lactissima.com\\\/a-tire-d-ailes\\\/allaiter-et-travailler-le-temoignage-de-vervaine-2\\\/#breadcrumb\"},\"inLanguage\":\"fr-FR\",\"potentialAction\":[{\"@type\":\"ReadAction\",\"target\":[\"https:\\\/\\\/www.lactissima.com\\\/a-tire-d-ailes\\\/allaiter-et-travailler-le-temoignage-de-vervaine-2\\\/\"]}]},{\"@type\":\"ImageObject\",\"inLanguage\":\"fr-FR\",\"@id\":\"https:\\\/\\\/www.lactissima.com\\\/a-tire-d-ailes\\\/allaiter-et-travailler-le-temoignage-de-vervaine-2\\\/#primaryimage\",\"url\":\"https:\\\/\\\/www.lactissima.com\\\/a-tire-d-ailes\\\/wp-content\\\/uploads\\\/2015\\\/09\\\/vervaine.jpg\",\"contentUrl\":\"https:\\\/\\\/www.lactissima.com\\\/a-tire-d-ailes\\\/wp-content\\\/uploads\\\/2015\\\/09\\\/vervaine.jpg\",\"width\":238,\"height\":383},{\"@type\":\"BreadcrumbList\",\"@id\":\"https:\\\/\\\/www.lactissima.com\\\/a-tire-d-ailes\\\/allaiter-et-travailler-le-temoignage-de-vervaine-2\\\/#breadcrumb\",\"itemListElement\":[{\"@type\":\"ListItem\",\"position\":1,\"name\":\"Accueil\",\"item\":\"https:\\\/\\\/www.lactissima.com\\\/a-tire-d-ailes\\\/\"},{\"@type\":\"ListItem\",\"position\":2,\"name\":\"Allaiter et travailler : le t\u00e9moignage de Vervaine (2)\"}]},{\"@type\":\"WebSite\",\"@id\":\"https:\\\/\\\/www.lactissima.com\\\/a-tire-d-ailes\\\/#website\",\"url\":\"https:\\\/\\\/www.lactissima.com\\\/a-tire-d-ailes\\\/\",\"name\":\"A tire d&#039;Ailes\",\"description\":\"Le blog des femmes qui allaitent et travaillent.\",\"potentialAction\":[{\"@type\":\"SearchAction\",\"target\":{\"@type\":\"EntryPoint\",\"urlTemplate\":\"https:\\\/\\\/www.lactissima.com\\\/a-tire-d-ailes\\\/?s={search_term_string}\"},\"query-input\":{\"@type\":\"PropertyValueSpecification\",\"valueRequired\":true,\"valueName\":\"search_term_string\"}}],\"inLanguage\":\"fr-FR\"},{\"@type\":\"Person\",\"@id\":\"https:\\\/\\\/www.lactissima.com\\\/a-tire-d-ailes\\\/#\\\/schema\\\/person\\\/8f98d3a89530861bc1240e6d53d44eed\",\"name\":\"V\u00e9ronique Darmangeat\",\"image\":{\"@type\":\"ImageObject\",\"inLanguage\":\"fr-FR\",\"@id\":\"https:\\\/\\\/secure.gravatar.com\\\/avatar\\\/268c99344c89cebfe4f5df5fa8be43068a18884fc76a29f3206fae98465b9cab?s=96&d=identicon&r=g\",\"url\":\"https:\\\/\\\/secure.gravatar.com\\\/avatar\\\/268c99344c89cebfe4f5df5fa8be43068a18884fc76a29f3206fae98465b9cab?s=96&d=identicon&r=g\",\"contentUrl\":\"https:\\\/\\\/secure.gravatar.com\\\/avatar\\\/268c99344c89cebfe4f5df5fa8be43068a18884fc76a29f3206fae98465b9cab?s=96&d=identicon&r=g\",\"caption\":\"V\u00e9ronique Darmangeat\"},\"sameAs\":[\"https:\\\/\\\/www.lactissima.com\\\/a-tire-d-ailes\",\"www.facebook.com\\\/consultante.en.lactation\"]}]}<\/script>\n<!-- \/ Yoast SEO plugin. -->","yoast_head_json":{"title":"Allaiter et travailler : le t\u00e9moignage de Vervaine (2)","description":"Vervaine nous explique de mani\u00e8re tr\u00e8s d\u00e9taill\u00e9e comment elle s'est organis\u00e9e pour allaiter et travailler malgr\u00e9 un lieu de travail situ\u00e9 \u00e0 une heure et demi de son domicile.","robots":{"index":"index","follow":"follow","max-snippet":"max-snippet:-1","max-image-preview":"max-image-preview:large","max-video-preview":"max-video-preview:-1"},"canonical":"https:\/\/www.lactissima.com\/a-tire-d-ailes\/allaiter-et-travailler-le-temoignage-de-vervaine-2\/","og_locale":"fr_FR","og_type":"article","og_title":"Allaiter et travailler : le t\u00e9moignage de Vervaine (2)","og_description":"Vervaine nous explique de mani\u00e8re tr\u00e8s d\u00e9taill\u00e9e comment elle s'est organis\u00e9e pour allaiter et travailler malgr\u00e9 un lieu de travail situ\u00e9 \u00e0 une heure et demi de son domicile.","og_url":"https:\/\/www.lactissima.com\/a-tire-d-ailes\/allaiter-et-travailler-le-temoignage-de-vervaine-2\/","og_site_name":"A tire d&#039;Ailes","article_publisher":"https:\/\/www.facebook.com\/consultante.en.lactation","article_author":"www.facebook.com\/consultante.en.lactation","article_published_time":"2015-09-24T12:46:07+00:00","og_image":[{"width":238,"height":383,"url":"https:\/\/www.lactissima.com\/a-tire-d-ailes\/wp-content\/uploads\/2015\/09\/vervaine.jpg","type":"image\/jpeg"}],"author":"V\u00e9ronique Darmangeat","twitter_card":"summary_large_image","twitter_creator":"@VeroniqueIBCLC","twitter_site":"@VeroniqueIBCLC","twitter_misc":{"\u00c9crit par":"V\u00e9ronique Darmangeat","Dur\u00e9e de lecture estim\u00e9e":"8 minutes"},"schema":{"@context":"https:\/\/schema.org","@graph":[{"@type":"Article","@id":"https:\/\/www.lactissima.com\/a-tire-d-ailes\/allaiter-et-travailler-le-temoignage-de-vervaine-2\/#article","isPartOf":{"@id":"https:\/\/www.lactissima.com\/a-tire-d-ailes\/allaiter-et-travailler-le-temoignage-de-vervaine-2\/"},"author":{"name":"V\u00e9ronique Darmangeat","@id":"https:\/\/www.lactissima.com\/a-tire-d-ailes\/#\/schema\/person\/8f98d3a89530861bc1240e6d53d44eed"},"headline":"Allaiter et travailler : le t\u00e9moignage de Vervaine (2)","datePublished":"2015-09-24T12:46:07+00:00","mainEntityOfPage":{"@id":"https:\/\/www.lactissima.com\/a-tire-d-ailes\/allaiter-et-travailler-le-temoignage-de-vervaine-2\/"},"wordCount":1724,"commentCount":4,"image":{"@id":"https:\/\/www.lactissima.com\/a-tire-d-ailes\/allaiter-et-travailler-le-temoignage-de-vervaine-2\/#primaryimage"},"thumbnailUrl":"https:\/\/www.lactissima.com\/a-tire-d-ailes\/wp-content\/uploads\/2015\/09\/vervaine.jpg","keywords":["Allaitement et Travail"],"articleSection":["t\u00e9moignages"],"inLanguage":"fr-FR","potentialAction":[{"@type":"CommentAction","name":"Comment","target":["https:\/\/www.lactissima.com\/a-tire-d-ailes\/allaiter-et-travailler-le-temoignage-de-vervaine-2\/#respond"]}]},{"@type":"WebPage","@id":"https:\/\/www.lactissima.com\/a-tire-d-ailes\/allaiter-et-travailler-le-temoignage-de-vervaine-2\/","url":"https:\/\/www.lactissima.com\/a-tire-d-ailes\/allaiter-et-travailler-le-temoignage-de-vervaine-2\/","name":"Allaiter et travailler : le t\u00e9moignage de Vervaine (2)","isPartOf":{"@id":"https:\/\/www.lactissima.com\/a-tire-d-ailes\/#website"},"primaryImageOfPage":{"@id":"https:\/\/www.lactissima.com\/a-tire-d-ailes\/allaiter-et-travailler-le-temoignage-de-vervaine-2\/#primaryimage"},"image":{"@id":"https:\/\/www.lactissima.com\/a-tire-d-ailes\/allaiter-et-travailler-le-temoignage-de-vervaine-2\/#primaryimage"},"thumbnailUrl":"https:\/\/www.lactissima.com\/a-tire-d-ailes\/wp-content\/uploads\/2015\/09\/vervaine.jpg","datePublished":"2015-09-24T12:46:07+00:00","author":{"@id":"https:\/\/www.lactissima.com\/a-tire-d-ailes\/#\/schema\/person\/8f98d3a89530861bc1240e6d53d44eed"},"description":"Vervaine nous explique de mani\u00e8re tr\u00e8s d\u00e9taill\u00e9e comment elle s'est organis\u00e9e pour allaiter et travailler malgr\u00e9 un lieu de travail situ\u00e9 \u00e0 une heure et demi de son domicile.","breadcrumb":{"@id":"https:\/\/www.lactissima.com\/a-tire-d-ailes\/allaiter-et-travailler-le-temoignage-de-vervaine-2\/#breadcrumb"},"inLanguage":"fr-FR","potentialAction":[{"@type":"ReadAction","target":["https:\/\/www.lactissima.com\/a-tire-d-ailes\/allaiter-et-travailler-le-temoignage-de-vervaine-2\/"]}]},{"@type":"ImageObject","inLanguage":"fr-FR","@id":"https:\/\/www.lactissima.com\/a-tire-d-ailes\/allaiter-et-travailler-le-temoignage-de-vervaine-2\/#primaryimage","url":"https:\/\/www.lactissima.com\/a-tire-d-ailes\/wp-content\/uploads\/2015\/09\/vervaine.jpg","contentUrl":"https:\/\/www.lactissima.com\/a-tire-d-ailes\/wp-content\/uploads\/2015\/09\/vervaine.jpg","width":238,"height":383},{"@type":"BreadcrumbList","@id":"https:\/\/www.lactissima.com\/a-tire-d-ailes\/allaiter-et-travailler-le-temoignage-de-vervaine-2\/#breadcrumb","itemListElement":[{"@type":"ListItem","position":1,"name":"Accueil","item":"https:\/\/www.lactissima.com\/a-tire-d-ailes\/"},{"@type":"ListItem","position":2,"name":"Allaiter et travailler : le t\u00e9moignage de Vervaine (2)"}]},{"@type":"WebSite","@id":"https:\/\/www.lactissima.com\/a-tire-d-ailes\/#website","url":"https:\/\/www.lactissima.com\/a-tire-d-ailes\/","name":"A tire d&#039;Ailes","description":"Le blog des femmes qui allaitent et travaillent.","potentialAction":[{"@type":"SearchAction","target":{"@type":"EntryPoint","urlTemplate":"https:\/\/www.lactissima.com\/a-tire-d-ailes\/?s={search_term_string}"},"query-input":{"@type":"PropertyValueSpecification","valueRequired":true,"valueName":"search_term_string"}}],"inLanguage":"fr-FR"},{"@type":"Person","@id":"https:\/\/www.lactissima.com\/a-tire-d-ailes\/#\/schema\/person\/8f98d3a89530861bc1240e6d53d44eed","name":"V\u00e9ronique Darmangeat","image":{"@type":"ImageObject","inLanguage":"fr-FR","@id":"https:\/\/secure.gravatar.com\/avatar\/268c99344c89cebfe4f5df5fa8be43068a18884fc76a29f3206fae98465b9cab?s=96&d=identicon&r=g","url":"https:\/\/secure.gravatar.com\/avatar\/268c99344c89cebfe4f5df5fa8be43068a18884fc76a29f3206fae98465b9cab?s=96&d=identicon&r=g","contentUrl":"https:\/\/secure.gravatar.com\/avatar\/268c99344c89cebfe4f5df5fa8be43068a18884fc76a29f3206fae98465b9cab?s=96&d=identicon&r=g","caption":"V\u00e9ronique Darmangeat"},"sameAs":["https:\/\/www.lactissima.com\/a-tire-d-ailes","www.facebook.com\/consultante.en.lactation"]}]}},"_links":{"self":[{"href":"https:\/\/www.lactissima.com\/a-tire-d-ailes\/wp-json\/wp\/v2\/posts\/6419","targetHints":{"allow":["GET"]}}],"collection":[{"href":"https:\/\/www.lactissima.com\/a-tire-d-ailes\/wp-json\/wp\/v2\/posts"}],"about":[{"href":"https:\/\/www.lactissima.com\/a-tire-d-ailes\/wp-json\/wp\/v2\/types\/post"}],"author":[{"embeddable":true,"href":"https:\/\/www.lactissima.com\/a-tire-d-ailes\/wp-json\/wp\/v2\/users\/170"}],"replies":[{"embeddable":true,"href":"https:\/\/www.lactissima.com\/a-tire-d-ailes\/wp-json\/wp\/v2\/comments?post=6419"}],"version-history":[{"count":4,"href":"https:\/\/www.lactissima.com\/a-tire-d-ailes\/wp-json\/wp\/v2\/posts\/6419\/revisions"}],"predecessor-version":[{"id":6424,"href":"https:\/\/www.lactissima.com\/a-tire-d-ailes\/wp-json\/wp\/v2\/posts\/6419\/revisions\/6424"}],"wp:featuredmedia":[{"embeddable":true,"href":"https:\/\/www.lactissima.com\/a-tire-d-ailes\/wp-json\/wp\/v2\/media\/6421"}],"wp:attachment":[{"href":"https:\/\/www.lactissima.com\/a-tire-d-ailes\/wp-json\/wp\/v2\/media?parent=6419"}],"wp:term":[{"taxonomy":"category","embeddable":true,"href":"https:\/\/www.lactissima.com\/a-tire-d-ailes\/wp-json\/wp\/v2\/categories?post=6419"},{"taxonomy":"post_tag","embeddable":true,"href":"https:\/\/www.lactissima.com\/a-tire-d-ailes\/wp-json\/wp\/v2\/tags?post=6419"}],"curies":[{"name":"wp","href":"https:\/\/api.w.org\/{rel}","templated":true}]}}