{"id":6412,"date":"2015-09-18T08:42:11","date_gmt":"2015-09-18T06:42:11","guid":{"rendered":"https:\/\/www.lactissima.com\/a-tire-d-ailes\/?p=6412"},"modified":"2015-09-18T08:42:11","modified_gmt":"2015-09-18T06:42:11","slug":"sevrages-le-temoignage-de-virginie","status":"publish","type":"post","link":"https:\/\/www.lactissima.com\/a-tire-d-ailes\/sevrages-le-temoignage-de-virginie\/","title":{"rendered":"Sevrages : le t\u00e9moignage de Virginie"},"content":{"rendered":"<ul>\n<li style=\"text-align: justify;\"><strong><img loading=\"lazy\" decoding=\"async\" class=\"alignright size-medium wp-image-4848\" src=\"https:\/\/www.lactissima.com\/a-tire-d-ailes\/wp-content\/uploads\/2013\/10\/interview-300x231.jpg\" alt=\"allaitement et travail\" width=\"300\" height=\"231\" srcset=\"https:\/\/www.lactissima.com\/a-tire-d-ailes\/wp-content\/uploads\/2013\/10\/interview-300x231.jpg 300w, https:\/\/www.lactissima.com\/a-tire-d-ailes\/wp-content\/uploads\/2013\/10\/interview.jpg 400w\" sizes=\"(max-width: 300px) 100vw, 300px\" \/>A quel moment avez-vous d\u00e9cid\u00e9 de sevrer votre b\u00e9b\u00e9 ?<\/strong><\/li>\n<\/ul>\n<p style=\"text-align: justify;\">Notre fils est n\u00e9 par d\u00e9clenchement 4 semaines avant terme, et je le trouvais tr\u00e8s fatigu\u00e9. Le d\u00e9but de l&rsquo;allaitement a \u00e9t\u00e9 difficile, j&rsquo;ai d\u00fb arr\u00eater (engorgement trop important) puis j&rsquo;ai repris, seule, en mixte puis en exclusif. Il avait toujours mal dormi, prenait de moins en moins de poids, ne tenait pas assis \u00e0 9 mois&#8230; Et malgr\u00e9 l&rsquo;\u00e9viction de tous les produits laitiers dans mon alimentation, c&rsquo;\u00e9tait toujours l&rsquo;enfer, il pleurait de nombreuses heures toutes les nuits, se r\u00e9veillait au bout de 5 minutes ou deux heures, impossible de pr\u00e9voir, malgr\u00e9 de tr\u00e8s longs moments pass\u00e9s \u00e0 le bercer pour l&rsquo;endormir en position relev\u00e9e pour soulager ses reflux.<br \/>\nLorsqu&rsquo;il avait 9 mois j&rsquo;ai d\u00e9cid\u00e9 de le sevrer, car je ne pouvais pas manger un seul gramme de fromage et cela me rendait compl\u00e8tement hyst\u00e9rique avec la nourriture (en plus de la fatigue amen\u00e9e par l&rsquo;absence de repos r\u00e9parateur)<br \/>\nC&rsquo;est dommage car seulement quelques jours plus tard, c&rsquo;est l\u00e0 que je trouvais une oreille attentive (enfin ! Apr\u00e8s des r\u00e9actions qui allaient de \u00ab\u00a0moui une IPLV peut-\u00eatre, continuez l&rsquo;\u00e9viction\u00a0\u00bb \u00e0 \u00ab\u00a0vous dites et faites n&rsquo;importe quoi\u00a0\u00bb) chez un gastro-p\u00e9diatre, avec le conseil de supprimer \u00e9galement la viande de boeuf en plus de tous les produits laitiers, et si nous l&rsquo;avions su avant la situation aurait \u00e9t\u00e9 beaucoup plus vivable pour tous.<\/p>\n<p style=\"text-align: justify;\">Donc \u00e0 9 mois, je d\u00e9cide une nuit d&rsquo;arr\u00eater, je n&rsquo;en pouvais plus. Je lui ai expliqu\u00e9, et j&rsquo;ai eu la bonne surprise de voir qu&rsquo;il a tout \u00e0 fait compris, il n&rsquo;a plus jamais cherch\u00e9 le sein apr\u00e8s ce jour.<\/p>\n<ul style=\"text-align: justify;\">\n<li><strong>Comment vous y \u00eates-vous prise ?<\/strong><\/li>\n<\/ul>\n<p style=\"text-align: justify;\">Je lui ai expliqu\u00e9 que c&rsquo;\u00e9tait termin\u00e9, et je lui ai propos\u00e9 un biberon d&rsquo;eau, des compotes en gourde, de l&rsquo;eau \u00e0 la tasse \u00e0 bec, des biberons avec une pr\u00e9paration pour nourrisson au lait de riz&#8230;<\/p>\n<ul style=\"text-align: justify;\">\n<li><strong>Quelles difficult\u00e9s avez-vous rencontr\u00e9 ?<\/strong><\/li>\n<\/ul>\n<p style=\"text-align: justify;\">Il n&rsquo;a voulu boire aucun liquide pendant une semaine, seulement les compotes en gourde. Heureusement la diversification \u00e9tait bien entam\u00e9e et il mangeait bien, nous ajoutions de la pr\u00e9paration pour nourrisson dans ses compotes, de l&rsquo;huile d&rsquo;olive dans les pur\u00e9es, il avait de l&rsquo;eau dans son alimentation mais ce n&rsquo;\u00e9tait pas suffisant. Mais il faisait chaud (c&rsquo;\u00e9tait en juin) et il a ressenti le besoin de boire, alors il a accept\u00e9 de l&rsquo;eau au biberon, de l\u00e0 c&rsquo;\u00e9tait parti pour le \u00ab\u00a0lait en poudre au riz\u00a0\u00bb au quotidien.<\/p>\n<ul style=\"text-align: justify;\">\n<li><strong>Etes-vous satisfaite de ce sevrage ?<\/strong><\/li>\n<\/ul>\n<p style=\"text-align: justify;\">Bien s\u00fbr que non. C&rsquo;\u00e9tait brutal et j&rsquo;ai eu tr\u00e8s peur qu&rsquo;il n&rsquo;accepte jamais le biberon (il buvait d\u00e9j\u00e0 trop pour penser \u00e0 la pipette).<\/p>\n<ul style=\"text-align: justify;\">\n<li><strong>Qu&rsquo;aimeriez-vous dire aux femmes qui souhaitent sevrer leur b\u00e9b\u00e9 ?<\/strong><\/li>\n<\/ul>\n<p style=\"text-align: justify;\">Qu&rsquo;une bonne pr\u00e9paration est pr\u00e9f\u00e9rable, avec de pr\u00e9f\u00e9rence une p\u00e9riode de transition, s\u00fbrement. Je ne souhaite \u00e0 personne ce que j&rsquo;ai v\u00e9cu, car j&rsquo;ai angoiss\u00e9 pendant une semaine avant qu&rsquo;il n&rsquo;accepte le biberon.<\/p>\n<p><strong>Articles en rapport :<\/strong><\/p>\n<ul>\n<li>Voir l&rsquo;onglet <a href=\"https:\/\/www.lactissima.com\/a-tire-d-ailes\/temoignages-travail-et-allaitement\/\" target=\"_blank\">t\u00e9moignages<\/a><\/li>\n<\/ul>\n<div class='et-box et-shadow'>\n\t\t\t\t\t<div class='et-box-content'>Lire des articles ou poser des questions en commentaire ne suffit pas \u00e0 r\u00e9soudre votre probl\u00e8me ?\nSavez-vous que vous pouvez prendre RDV pour une consultation avec moi ?\nN&rsquo;h\u00e9sitez pas \u00e0 me contacter !<\/div><\/div>\n<p>&nbsp;<\/p>\n","protected":false},"excerpt":{"rendered":"<p>A quel moment avez-vous d\u00e9cid\u00e9 de sevrer votre b\u00e9b\u00e9 ? Notre fils est n\u00e9 par d\u00e9clenchement 4 semaines avant terme, et je le trouvais tr\u00e8s fatigu\u00e9. Le d\u00e9but de l&rsquo;allaitement a \u00e9t\u00e9 difficile, j&rsquo;ai d\u00fb arr\u00eater (engorgement trop important) puis j&rsquo;ai repris, seule, en mixte puis en exclusif. Il avait toujours mal dormi, prenait de [&hellip;]<\/p>\n","protected":false},"author":170,"featured_media":4848,"comment_status":"open","ping_status":"open","sticky":false,"template":"","format":"standard","meta":{"_et_pb_use_builder":"","_et_pb_old_content":"","_et_gb_content_width":"","footnotes":""},"categories":[150],"tags":[56],"class_list":["post-6412","post","type-post","status-publish","format-standard","has-post-thumbnail","hentry","category-temoignages","tag-sevrage"],"yoast_head":"<!-- This site is optimized with the Yoast SEO plugin v27.4 - https:\/\/yoast.com\/product\/yoast-seo-wordpress\/ -->\n<title>Sevrages : le t\u00e9moignage de Virginie<\/title>\n<meta name=\"description\" content=\"Virginie a eu un allaitement difficile. Une nuit, elle a craqu\u00e9 et sevr\u00e9 son b\u00e9b\u00e9 imm\u00e9diatement. Ce sevrage n&#039;a pas \u00e9t\u00e9 une bonne exp\u00e9rience.\" \/>\n<meta name=\"robots\" content=\"index, follow, max-snippet:-1, max-image-preview:large, max-video-preview:-1\" \/>\n<link rel=\"canonical\" href=\"https:\/\/www.lactissima.com\/a-tire-d-ailes\/sevrages-le-temoignage-de-virginie\/\" \/>\n<meta property=\"og:locale\" content=\"fr_FR\" \/>\n<meta property=\"og:type\" content=\"article\" \/>\n<meta property=\"og:title\" content=\"Sevrages : le t\u00e9moignage de Virginie\" \/>\n<meta property=\"og:description\" content=\"Virginie a eu un allaitement difficile. Une nuit, elle a craqu\u00e9 et sevr\u00e9 son b\u00e9b\u00e9 imm\u00e9diatement. Ce sevrage n&#039;a pas \u00e9t\u00e9 une bonne exp\u00e9rience.\" \/>\n<meta property=\"og:url\" content=\"https:\/\/www.lactissima.com\/a-tire-d-ailes\/sevrages-le-temoignage-de-virginie\/\" \/>\n<meta property=\"og:site_name\" content=\"A tire d&#039;Ailes\" \/>\n<meta property=\"article:publisher\" content=\"https:\/\/www.facebook.com\/consultante.en.lactation\" \/>\n<meta property=\"article:author\" content=\"www.facebook.com\/consultante.en.lactation\" \/>\n<meta property=\"article:published_time\" content=\"2015-09-18T06:42:11+00:00\" \/>\n<meta property=\"og:image\" content=\"https:\/\/www.lactissima.com\/a-tire-d-ailes\/wp-content\/uploads\/2013\/10\/interview.jpg\" \/>\n\t<meta property=\"og:image:width\" content=\"400\" \/>\n\t<meta property=\"og:image:height\" content=\"308\" \/>\n\t<meta property=\"og:image:type\" content=\"image\/jpeg\" \/>\n<meta name=\"author\" content=\"V\u00e9ronique Darmangeat\" \/>\n<meta name=\"twitter:card\" content=\"summary_large_image\" \/>\n<meta name=\"twitter:creator\" content=\"@VeroniqueIBCLC\" \/>\n<meta name=\"twitter:site\" content=\"@VeroniqueIBCLC\" \/>\n<meta name=\"twitter:label1\" content=\"\u00c9crit par\" \/>\n\t<meta name=\"twitter:data1\" content=\"V\u00e9ronique Darmangeat\" \/>\n\t<meta name=\"twitter:label2\" content=\"Dur\u00e9e de lecture estim\u00e9e\" \/>\n\t<meta name=\"twitter:data2\" content=\"3 minutes\" \/>\n<script type=\"application\/ld+json\" class=\"yoast-schema-graph\">{\"@context\":\"https:\\\/\\\/schema.org\",\"@graph\":[{\"@type\":\"Article\",\"@id\":\"https:\\\/\\\/www.lactissima.com\\\/a-tire-d-ailes\\\/sevrages-le-temoignage-de-virginie\\\/#article\",\"isPartOf\":{\"@id\":\"https:\\\/\\\/www.lactissima.com\\\/a-tire-d-ailes\\\/sevrages-le-temoignage-de-virginie\\\/\"},\"author\":{\"name\":\"V\u00e9ronique Darmangeat\",\"@id\":\"https:\\\/\\\/www.lactissima.com\\\/a-tire-d-ailes\\\/#\\\/schema\\\/person\\\/8f98d3a89530861bc1240e6d53d44eed\"},\"headline\":\"Sevrages : le t\u00e9moignage de Virginie\",\"datePublished\":\"2015-09-18T06:42:11+00:00\",\"mainEntityOfPage\":{\"@id\":\"https:\\\/\\\/www.lactissima.com\\\/a-tire-d-ailes\\\/sevrages-le-temoignage-de-virginie\\\/\"},\"wordCount\":595,\"commentCount\":2,\"image\":{\"@id\":\"https:\\\/\\\/www.lactissima.com\\\/a-tire-d-ailes\\\/sevrages-le-temoignage-de-virginie\\\/#primaryimage\"},\"thumbnailUrl\":\"https:\\\/\\\/www.lactissima.com\\\/a-tire-d-ailes\\\/wp-content\\\/uploads\\\/2013\\\/10\\\/interview.jpg\",\"keywords\":[\"Sevrage\"],\"articleSection\":[\"t\u00e9moignages\"],\"inLanguage\":\"fr-FR\",\"potentialAction\":[{\"@type\":\"CommentAction\",\"name\":\"Comment\",\"target\":[\"https:\\\/\\\/www.lactissima.com\\\/a-tire-d-ailes\\\/sevrages-le-temoignage-de-virginie\\\/#respond\"]}]},{\"@type\":\"WebPage\",\"@id\":\"https:\\\/\\\/www.lactissima.com\\\/a-tire-d-ailes\\\/sevrages-le-temoignage-de-virginie\\\/\",\"url\":\"https:\\\/\\\/www.lactissima.com\\\/a-tire-d-ailes\\\/sevrages-le-temoignage-de-virginie\\\/\",\"name\":\"Sevrages : le t\u00e9moignage de Virginie\",\"isPartOf\":{\"@id\":\"https:\\\/\\\/www.lactissima.com\\\/a-tire-d-ailes\\\/#website\"},\"primaryImageOfPage\":{\"@id\":\"https:\\\/\\\/www.lactissima.com\\\/a-tire-d-ailes\\\/sevrages-le-temoignage-de-virginie\\\/#primaryimage\"},\"image\":{\"@id\":\"https:\\\/\\\/www.lactissima.com\\\/a-tire-d-ailes\\\/sevrages-le-temoignage-de-virginie\\\/#primaryimage\"},\"thumbnailUrl\":\"https:\\\/\\\/www.lactissima.com\\\/a-tire-d-ailes\\\/wp-content\\\/uploads\\\/2013\\\/10\\\/interview.jpg\",\"datePublished\":\"2015-09-18T06:42:11+00:00\",\"author\":{\"@id\":\"https:\\\/\\\/www.lactissima.com\\\/a-tire-d-ailes\\\/#\\\/schema\\\/person\\\/8f98d3a89530861bc1240e6d53d44eed\"},\"description\":\"Virginie a eu un allaitement difficile. Une nuit, elle a craqu\u00e9 et sevr\u00e9 son b\u00e9b\u00e9 imm\u00e9diatement. Ce sevrage n'a pas \u00e9t\u00e9 une bonne exp\u00e9rience.\",\"breadcrumb\":{\"@id\":\"https:\\\/\\\/www.lactissima.com\\\/a-tire-d-ailes\\\/sevrages-le-temoignage-de-virginie\\\/#breadcrumb\"},\"inLanguage\":\"fr-FR\",\"potentialAction\":[{\"@type\":\"ReadAction\",\"target\":[\"https:\\\/\\\/www.lactissima.com\\\/a-tire-d-ailes\\\/sevrages-le-temoignage-de-virginie\\\/\"]}]},{\"@type\":\"ImageObject\",\"inLanguage\":\"fr-FR\",\"@id\":\"https:\\\/\\\/www.lactissima.com\\\/a-tire-d-ailes\\\/sevrages-le-temoignage-de-virginie\\\/#primaryimage\",\"url\":\"https:\\\/\\\/www.lactissima.com\\\/a-tire-d-ailes\\\/wp-content\\\/uploads\\\/2013\\\/10\\\/interview.jpg\",\"contentUrl\":\"https:\\\/\\\/www.lactissima.com\\\/a-tire-d-ailes\\\/wp-content\\\/uploads\\\/2013\\\/10\\\/interview.jpg\",\"width\":400,\"height\":308,\"caption\":\"allaitement et travail\"},{\"@type\":\"BreadcrumbList\",\"@id\":\"https:\\\/\\\/www.lactissima.com\\\/a-tire-d-ailes\\\/sevrages-le-temoignage-de-virginie\\\/#breadcrumb\",\"itemListElement\":[{\"@type\":\"ListItem\",\"position\":1,\"name\":\"Accueil\",\"item\":\"https:\\\/\\\/www.lactissima.com\\\/a-tire-d-ailes\\\/\"},{\"@type\":\"ListItem\",\"position\":2,\"name\":\"Sevrages : le t\u00e9moignage de Virginie\"}]},{\"@type\":\"WebSite\",\"@id\":\"https:\\\/\\\/www.lactissima.com\\\/a-tire-d-ailes\\\/#website\",\"url\":\"https:\\\/\\\/www.lactissima.com\\\/a-tire-d-ailes\\\/\",\"name\":\"A tire d&#039;Ailes\",\"description\":\"Le blog des femmes qui allaitent et travaillent.\",\"potentialAction\":[{\"@type\":\"SearchAction\",\"target\":{\"@type\":\"EntryPoint\",\"urlTemplate\":\"https:\\\/\\\/www.lactissima.com\\\/a-tire-d-ailes\\\/?s={search_term_string}\"},\"query-input\":{\"@type\":\"PropertyValueSpecification\",\"valueRequired\":true,\"valueName\":\"search_term_string\"}}],\"inLanguage\":\"fr-FR\"},{\"@type\":\"Person\",\"@id\":\"https:\\\/\\\/www.lactissima.com\\\/a-tire-d-ailes\\\/#\\\/schema\\\/person\\\/8f98d3a89530861bc1240e6d53d44eed\",\"name\":\"V\u00e9ronique Darmangeat\",\"image\":{\"@type\":\"ImageObject\",\"inLanguage\":\"fr-FR\",\"@id\":\"https:\\\/\\\/secure.gravatar.com\\\/avatar\\\/268c99344c89cebfe4f5df5fa8be43068a18884fc76a29f3206fae98465b9cab?s=96&d=identicon&r=g\",\"url\":\"https:\\\/\\\/secure.gravatar.com\\\/avatar\\\/268c99344c89cebfe4f5df5fa8be43068a18884fc76a29f3206fae98465b9cab?s=96&d=identicon&r=g\",\"contentUrl\":\"https:\\\/\\\/secure.gravatar.com\\\/avatar\\\/268c99344c89cebfe4f5df5fa8be43068a18884fc76a29f3206fae98465b9cab?s=96&d=identicon&r=g\",\"caption\":\"V\u00e9ronique Darmangeat\"},\"sameAs\":[\"https:\\\/\\\/www.lactissima.com\\\/a-tire-d-ailes\",\"www.facebook.com\\\/consultante.en.lactation\"]}]}<\/script>\n<!-- \/ Yoast SEO plugin. -->","yoast_head_json":{"title":"Sevrages : le t\u00e9moignage de Virginie","description":"Virginie a eu un allaitement difficile. Une nuit, elle a craqu\u00e9 et sevr\u00e9 son b\u00e9b\u00e9 imm\u00e9diatement. Ce sevrage n'a pas \u00e9t\u00e9 une bonne exp\u00e9rience.","robots":{"index":"index","follow":"follow","max-snippet":"max-snippet:-1","max-image-preview":"max-image-preview:large","max-video-preview":"max-video-preview:-1"},"canonical":"https:\/\/www.lactissima.com\/a-tire-d-ailes\/sevrages-le-temoignage-de-virginie\/","og_locale":"fr_FR","og_type":"article","og_title":"Sevrages : le t\u00e9moignage de Virginie","og_description":"Virginie a eu un allaitement difficile. Une nuit, elle a craqu\u00e9 et sevr\u00e9 son b\u00e9b\u00e9 imm\u00e9diatement. Ce sevrage n'a pas \u00e9t\u00e9 une bonne exp\u00e9rience.","og_url":"https:\/\/www.lactissima.com\/a-tire-d-ailes\/sevrages-le-temoignage-de-virginie\/","og_site_name":"A tire d&#039;Ailes","article_publisher":"https:\/\/www.facebook.com\/consultante.en.lactation","article_author":"www.facebook.com\/consultante.en.lactation","article_published_time":"2015-09-18T06:42:11+00:00","og_image":[{"width":400,"height":308,"url":"https:\/\/www.lactissima.com\/a-tire-d-ailes\/wp-content\/uploads\/2013\/10\/interview.jpg","type":"image\/jpeg"}],"author":"V\u00e9ronique Darmangeat","twitter_card":"summary_large_image","twitter_creator":"@VeroniqueIBCLC","twitter_site":"@VeroniqueIBCLC","twitter_misc":{"\u00c9crit par":"V\u00e9ronique Darmangeat","Dur\u00e9e de lecture estim\u00e9e":"3 minutes"},"schema":{"@context":"https:\/\/schema.org","@graph":[{"@type":"Article","@id":"https:\/\/www.lactissima.com\/a-tire-d-ailes\/sevrages-le-temoignage-de-virginie\/#article","isPartOf":{"@id":"https:\/\/www.lactissima.com\/a-tire-d-ailes\/sevrages-le-temoignage-de-virginie\/"},"author":{"name":"V\u00e9ronique Darmangeat","@id":"https:\/\/www.lactissima.com\/a-tire-d-ailes\/#\/schema\/person\/8f98d3a89530861bc1240e6d53d44eed"},"headline":"Sevrages : le t\u00e9moignage de Virginie","datePublished":"2015-09-18T06:42:11+00:00","mainEntityOfPage":{"@id":"https:\/\/www.lactissima.com\/a-tire-d-ailes\/sevrages-le-temoignage-de-virginie\/"},"wordCount":595,"commentCount":2,"image":{"@id":"https:\/\/www.lactissima.com\/a-tire-d-ailes\/sevrages-le-temoignage-de-virginie\/#primaryimage"},"thumbnailUrl":"https:\/\/www.lactissima.com\/a-tire-d-ailes\/wp-content\/uploads\/2013\/10\/interview.jpg","keywords":["Sevrage"],"articleSection":["t\u00e9moignages"],"inLanguage":"fr-FR","potentialAction":[{"@type":"CommentAction","name":"Comment","target":["https:\/\/www.lactissima.com\/a-tire-d-ailes\/sevrages-le-temoignage-de-virginie\/#respond"]}]},{"@type":"WebPage","@id":"https:\/\/www.lactissima.com\/a-tire-d-ailes\/sevrages-le-temoignage-de-virginie\/","url":"https:\/\/www.lactissima.com\/a-tire-d-ailes\/sevrages-le-temoignage-de-virginie\/","name":"Sevrages : le t\u00e9moignage de Virginie","isPartOf":{"@id":"https:\/\/www.lactissima.com\/a-tire-d-ailes\/#website"},"primaryImageOfPage":{"@id":"https:\/\/www.lactissima.com\/a-tire-d-ailes\/sevrages-le-temoignage-de-virginie\/#primaryimage"},"image":{"@id":"https:\/\/www.lactissima.com\/a-tire-d-ailes\/sevrages-le-temoignage-de-virginie\/#primaryimage"},"thumbnailUrl":"https:\/\/www.lactissima.com\/a-tire-d-ailes\/wp-content\/uploads\/2013\/10\/interview.jpg","datePublished":"2015-09-18T06:42:11+00:00","author":{"@id":"https:\/\/www.lactissima.com\/a-tire-d-ailes\/#\/schema\/person\/8f98d3a89530861bc1240e6d53d44eed"},"description":"Virginie a eu un allaitement difficile. Une nuit, elle a craqu\u00e9 et sevr\u00e9 son b\u00e9b\u00e9 imm\u00e9diatement. Ce sevrage n'a pas \u00e9t\u00e9 une bonne exp\u00e9rience.","breadcrumb":{"@id":"https:\/\/www.lactissima.com\/a-tire-d-ailes\/sevrages-le-temoignage-de-virginie\/#breadcrumb"},"inLanguage":"fr-FR","potentialAction":[{"@type":"ReadAction","target":["https:\/\/www.lactissima.com\/a-tire-d-ailes\/sevrages-le-temoignage-de-virginie\/"]}]},{"@type":"ImageObject","inLanguage":"fr-FR","@id":"https:\/\/www.lactissima.com\/a-tire-d-ailes\/sevrages-le-temoignage-de-virginie\/#primaryimage","url":"https:\/\/www.lactissima.com\/a-tire-d-ailes\/wp-content\/uploads\/2013\/10\/interview.jpg","contentUrl":"https:\/\/www.lactissima.com\/a-tire-d-ailes\/wp-content\/uploads\/2013\/10\/interview.jpg","width":400,"height":308,"caption":"allaitement et travail"},{"@type":"BreadcrumbList","@id":"https:\/\/www.lactissima.com\/a-tire-d-ailes\/sevrages-le-temoignage-de-virginie\/#breadcrumb","itemListElement":[{"@type":"ListItem","position":1,"name":"Accueil","item":"https:\/\/www.lactissima.com\/a-tire-d-ailes\/"},{"@type":"ListItem","position":2,"name":"Sevrages : le t\u00e9moignage de Virginie"}]},{"@type":"WebSite","@id":"https:\/\/www.lactissima.com\/a-tire-d-ailes\/#website","url":"https:\/\/www.lactissima.com\/a-tire-d-ailes\/","name":"A tire d&#039;Ailes","description":"Le blog des femmes qui allaitent et travaillent.","potentialAction":[{"@type":"SearchAction","target":{"@type":"EntryPoint","urlTemplate":"https:\/\/www.lactissima.com\/a-tire-d-ailes\/?s={search_term_string}"},"query-input":{"@type":"PropertyValueSpecification","valueRequired":true,"valueName":"search_term_string"}}],"inLanguage":"fr-FR"},{"@type":"Person","@id":"https:\/\/www.lactissima.com\/a-tire-d-ailes\/#\/schema\/person\/8f98d3a89530861bc1240e6d53d44eed","name":"V\u00e9ronique Darmangeat","image":{"@type":"ImageObject","inLanguage":"fr-FR","@id":"https:\/\/secure.gravatar.com\/avatar\/268c99344c89cebfe4f5df5fa8be43068a18884fc76a29f3206fae98465b9cab?s=96&d=identicon&r=g","url":"https:\/\/secure.gravatar.com\/avatar\/268c99344c89cebfe4f5df5fa8be43068a18884fc76a29f3206fae98465b9cab?s=96&d=identicon&r=g","contentUrl":"https:\/\/secure.gravatar.com\/avatar\/268c99344c89cebfe4f5df5fa8be43068a18884fc76a29f3206fae98465b9cab?s=96&d=identicon&r=g","caption":"V\u00e9ronique Darmangeat"},"sameAs":["https:\/\/www.lactissima.com\/a-tire-d-ailes","www.facebook.com\/consultante.en.lactation"]}]}},"_links":{"self":[{"href":"https:\/\/www.lactissima.com\/a-tire-d-ailes\/wp-json\/wp\/v2\/posts\/6412","targetHints":{"allow":["GET"]}}],"collection":[{"href":"https:\/\/www.lactissima.com\/a-tire-d-ailes\/wp-json\/wp\/v2\/posts"}],"about":[{"href":"https:\/\/www.lactissima.com\/a-tire-d-ailes\/wp-json\/wp\/v2\/types\/post"}],"author":[{"embeddable":true,"href":"https:\/\/www.lactissima.com\/a-tire-d-ailes\/wp-json\/wp\/v2\/users\/170"}],"replies":[{"embeddable":true,"href":"https:\/\/www.lactissima.com\/a-tire-d-ailes\/wp-json\/wp\/v2\/comments?post=6412"}],"version-history":[{"count":3,"href":"https:\/\/www.lactissima.com\/a-tire-d-ailes\/wp-json\/wp\/v2\/posts\/6412\/revisions"}],"predecessor-version":[{"id":6415,"href":"https:\/\/www.lactissima.com\/a-tire-d-ailes\/wp-json\/wp\/v2\/posts\/6412\/revisions\/6415"}],"wp:featuredmedia":[{"embeddable":true,"href":"https:\/\/www.lactissima.com\/a-tire-d-ailes\/wp-json\/wp\/v2\/media\/4848"}],"wp:attachment":[{"href":"https:\/\/www.lactissima.com\/a-tire-d-ailes\/wp-json\/wp\/v2\/media?parent=6412"}],"wp:term":[{"taxonomy":"category","embeddable":true,"href":"https:\/\/www.lactissima.com\/a-tire-d-ailes\/wp-json\/wp\/v2\/categories?post=6412"},{"taxonomy":"post_tag","embeddable":true,"href":"https:\/\/www.lactissima.com\/a-tire-d-ailes\/wp-json\/wp\/v2\/tags?post=6412"}],"curies":[{"name":"wp","href":"https:\/\/api.w.org\/{rel}","templated":true}]}}