{"id":6402,"date":"2015-09-10T18:34:09","date_gmt":"2015-09-10T16:34:09","guid":{"rendered":"https:\/\/www.lactissima.com\/a-tire-d-ailes\/?p=6402"},"modified":"2024-06-13T19:16:03","modified_gmt":"2024-06-13T17:16:03","slug":"la-revue-de-presse-da-tire-dailes-54","status":"publish","type":"post","link":"https:\/\/www.lactissima.com\/a-tire-d-ailes\/la-revue-de-presse-da-tire-dailes-54\/","title":{"rendered":"La revue de presse d&rsquo;A tire d&rsquo;Ailes (54)"},"content":{"rendered":"<p style=\"text-align: justify;\"><img loading=\"lazy\" decoding=\"async\" class=\"alignright size-full wp-image-3670\" src=\"https:\/\/www.lactissima.com\/a-tire-d-ailes\/wp-content\/uploads\/journal1.jpg\" alt=\"revues de presse allaitement\" width=\"231\" height=\"300\" \/>Voici l&rsquo;<strong>actualit\u00e9<\/strong> que j&rsquo;ai rep\u00e9r\u00e9e pour vous depuis un (euh non, en fait c&rsquo;est 2) mois :<\/p>\n<p style=\"text-align: justify;\">&#8211; Sur le sujet <strong>allaitement et travail<\/strong> :<\/p>\n<ul style=\"text-align: justify;\">\n<li>IBM va bient\u00f4t lancer un service qui permet aux mamans en voyage d&rsquo;affaires d&rsquo;envoyer du <a href=\"http:\/\/fortune.com\/2015\/07\/13\/ibm-ship-employee-breast-milk\/\" target=\"_blank\" rel=\"noopener noreferrer\">lait maternel<\/a> exprim\u00e9 \u00e0 la maison pour leurs b\u00e9b\u00e9s.<\/li>\n<li>\u00a0\u00bb Les employeurs qui soutiennent l&rsquo;allaitement par leurs employ\u00e9s de sexe f\u00e9minin ne prennent pas seulement la grande route \u00e9thique, ils sont susceptibles de tirer des avantages pour leurs entreprises et les \u00e9conomies de leurs pays\u00a0\u00bb<br \/>\nC&rsquo;est l&rsquo;<a href=\"http:\/\/www.paho.org\/hq\/index.php?option=com_content&amp;view=article&amp;id=11127%3Asupport-for-breastfeeding-benefits-bottom-line&amp;Itemid=1926&amp;lang=en\" target=\"_blank\" rel=\"noopener noreferrer\">OMS<\/a> qui le dit !<\/li>\n<li> <a href=\"http:\/\/lactationmatters.org\/wbw-what-women-need-for-maternity-protection\/\" target=\"_blank\" rel=\"noopener noreferrer\">Allaitement et travail <\/a>: de quoi ont besoin les femmes ?<\/li>\n<li>Les soutiens \u00e0 l&rsquo;<a href=\"http:\/\/lactationmatters.org\/wbw-workplace-solutions-to-support-women-combine-breastfeeding-and-paid-employment\/\" target=\"_blank\" rel=\"noopener noreferrer\">allaitement et travail<\/a> dans le monde.<\/li>\n<li>J&rsquo;aime beaucoup ce petit film de l&rsquo;Unicef qui montre exactement ce que propose Lactissima.<\/li>\n<li>Voil\u00e0 pourquoi il ne faut pas acheter un tire-lait d&rsquo;occasion !<\/li>\n<\/ul>\n<p style=\"text-align: justify;\">&#8211; Des <strong>\u00e9tudes<\/strong> sur l&rsquo;allaitement :<\/p>\n<ul style=\"text-align: justify;\">\n<li><a href=\"http:\/\/www.ncbi.nlm.nih.gov\/pubmed\/26178286\" target=\"_blank\" rel=\"noopener noreferrer\">L&rsquo;allaitement<\/a> et le risque de polyarthrite rhumato\u00c3\u00afde.<\/li>\n<li><a href=\"http:\/\/www.ncbi.nlm.nih.gov\/pubmed\/26192405\" target=\"_blank\" rel=\"noopener noreferrer\">Allaitement <\/a>et asthme.<\/li>\n<li>Traumatisme du <a href=\"http:\/\/www.ncbi.nlm.nih.gov\/pubmed\/26210318\" target=\"_blank\" rel=\"noopener noreferrer\">mamelon <\/a>associ\u00e9 \u00e0 un vide intra-buccal \u00e9lev\u00e9.<\/li>\n<li>L&rsquo;<a href=\"http:\/\/www.ncbi.nlm.nih.gov\/pubmed\/26211556\" target=\"_blank\" rel=\"noopener noreferrer\">allaitement maternel<\/a> et l&rsquo;intelligence.<\/li>\n<li>Le lien trouble entre les <a href=\"http:\/\/www.mamaneprouvette.com\/search\/label\/toxines\" target=\"_blank\" rel=\"noopener noreferrer\">toxines <\/a>environnementales et le lait maternel.<\/li>\n<li>L&rsquo;interaction entre le <a href=\"http:\/\/www.ncbi.nlm.nih.gov\/pubmed\/26325665\" target=\"_blank\" rel=\"noopener noreferrer\">lait maternel<\/a> et la salive stimule l&rsquo;immunit\u00e9 inn\u00e9e en r\u00e9gulant le microbiome oral dans la petite enfance.<\/li>\n<\/ul>\n<p style=\"text-align: justify;\">&#8211; Des <strong>t\u00e9moignages<\/strong> :<\/p>\n<ul style=\"text-align: justify;\">\n<li>Allaiter en Chine.<\/li>\n<li>Certaines m\u00e8res doivent faire le deuil de leur b\u00e9b\u00e9 d\u00e8s sa naissance. Pour survivre \u00e0 ce drame, certaines font le choix de donner leur lait pour aider d&rsquo;autres b\u00e9b\u00e9s en difficult\u00e9.<\/li>\n<li>Voil\u00e0 un petit <a href=\"http:\/\/www.demotivateur.fr\/article-buzz\/cet-enfant-de-6-ans-a-pris-la-defense-de-sa-maman-qui-allaitait-en-public-respect--3278\" target=\"_blank\" rel=\"noopener noreferrer\">gar\u00e7on <\/a>fort bien \u00e9lev\u00e9 !<\/li>\n<\/ul>\n<p style=\"text-align: justify;\">&#8211; De tr\u00e8s bons <strong>articles<\/strong> :<\/p>\n<ul style=\"text-align: justify;\">\n<li>L&rsquo;\u00e9tat de sant\u00e9 de la population en France en 2015 de la DRESS est paru. On y parle de l&rsquo;\u00e9tat de l&rsquo;allaitement en France \u00e0 la page 175.<\/li>\n<li>Un <a href=\"http:\/\/www.levif.be\/actualite\/sante\/un-allaitement-sans-grossesse-c-est-possible\/article-normal-407141.html\" target=\"_blank\" rel=\"noopener noreferrer\">allaitement <\/a>sans grossesse, c&rsquo;est possible.<\/li>\n<li>Donner de l&rsquo;eau \u00e0 un b\u00e9b\u00e9 allait\u00e9.<\/li>\n<li>Les avantages de <a href=\"http:\/\/blogs.unicef.org\/2015\/08\/05\/the-benefits-of-breastfeeding-go-well-beyond-health\/\" target=\"_blank\" rel=\"noopener noreferrer\">l&rsquo;allaitement <\/a>vont bien au-del\u00e0 de la sant\u00e9.<\/li>\n<li>Un tr\u00e8s bon article sur le DAL.<\/li>\n<li>Qu&rsquo;est-ce que cela signifie d&rsquo;\u00c2\u00abUtilisez votre sein comme une <a href=\"https:\/\/nancymohrbacher.com\/blogs\/news\/what-does-it-mean-to-use-you-as-a-pacifier?_pos=1&amp;_sid=97c60bf1c&amp;_ss=r\" target=\"_blank\" rel=\"noopener noreferrer\">sucette<\/a>?\u00a0\u00bb<\/li>\n<li>Horloge et allaitement.<\/li>\n<li>Arr\u00eatez de bl\u00e2mer le lait maternel de l&rsquo;ict\u00e8re du nourrisson.<\/li>\n<li><a href=\"http:\/\/www.airdefamilles.be\/allaitementpaternel\/\" target=\"_blank\" rel=\"noopener noreferrer\">Allaitement <\/a>paternel ?<\/li>\n<\/ul>\n<p style=\"text-align: justify;\">&#8211; Un peu d&rsquo;humour.<\/p>\n<p style=\"text-align: justify;\">&#8211; De tr\u00e8s bonnes <strong>vid\u00e9os<\/strong> sur les <a href=\"https:\/\/www.youtube.com\/watch?v=XZae0tz8RPE\" target=\"_blank\" rel=\"noopener noreferrer\">freins <\/a>de langue et de l\u00e8vres.<\/p>\n<p style=\"text-align: justify;\"><strong>Rappel<\/strong> : vous pouvez traduire toutes les publications en anglais gr\u00e2ce \u00e0 Google et donc les lire \u00e0 peu pr\u00e8s correctement en fran\u00e7ais !<\/p>\n<p style=\"text-align: justify;\">Bonne <strong>lecture<\/strong> ! Et surtout, n&rsquo;h\u00e9sitez pas \u00e0 nous faire <strong>partager<\/strong> vos d\u00e9couvertes <\/p>\n<p style=\"text-align: justify;\"><strong>Articles en rapport : <\/strong><\/p>\n<p style=\"text-align: justify;\">Voir l&rsquo;onglet <a title=\"Revues de presse\" href=\"https:\/\/www.lactissima.com\/a-tire-d-ailes\/revues-de-presse\/\" target=\"_blank\" rel=\"noopener noreferrer\">Revues de presse<\/a>.<\/p>\n<div class='et-box et-shadow'>\n\t\t\t\t\t<div class='et-box-content'>Lire des articles ou poser des questions en commentaire ne suffit pas \u00e0 r\u00e9soudre votre probl\u00e8me ?\nSavez-vous que vous pouvez prendre RDV pour une consultation avec moi ?\nN&rsquo;h\u00e9sitez pas \u00e0 me contacter !<\/div><\/div>\n<p>&nbsp;<\/p>\n<p>&nbsp;<\/p>\n","protected":false},"excerpt":{"rendered":"<p>Voici l&rsquo;actualit\u00e9 que j&rsquo;ai rep\u00e9r\u00e9e pour vous depuis un (euh non, en fait c&rsquo;est 2) mois : &#8211; Sur le sujet allaitement et travail : IBM va bient\u00f4t lancer un service qui permet aux mamans en voyage d&rsquo;affaires d&rsquo;envoyer du lait maternel exprim\u00e9 \u00e0 la maison pour leurs b\u00e9b\u00e9s. \u00a0\u00bb Les employeurs qui soutiennent l&rsquo;allaitement [&hellip;]<\/p>\n","protected":false},"author":170,"featured_media":3670,"comment_status":"open","ping_status":"open","sticky":false,"template":"","format":"standard","meta":{"_et_pb_use_builder":"","_et_pb_old_content":"","_et_gb_content_width":"","footnotes":""},"categories":[242],"tags":[],"class_list":["post-6402","post","type-post","status-publish","format-standard","has-post-thumbnail","hentry","category-revue-de-presse"],"yoast_head":"<!-- This site is optimized with the Yoast SEO plugin v27.4 - https:\/\/yoast.com\/product\/yoast-seo-wordpress\/ -->\n<title>La revue de presse d&#039;A tire d&#039;Ailes (54)<\/title>\n<meta name=\"description\" content=\"Une revue de presse tr\u00e8s riche pour cette rentr\u00e9e et en pr\u00e9vision de la semaine mondiale de l&#039;allaitement maternel sur le th\u00e8me allaitement et travail.\" \/>\n<meta name=\"robots\" content=\"index, follow, max-snippet:-1, max-image-preview:large, max-video-preview:-1\" \/>\n<link rel=\"canonical\" href=\"https:\/\/www.lactissima.com\/a-tire-d-ailes\/la-revue-de-presse-da-tire-dailes-54\/\" \/>\n<meta property=\"og:locale\" content=\"fr_FR\" \/>\n<meta property=\"og:type\" content=\"article\" \/>\n<meta property=\"og:title\" content=\"La revue de presse d&#039;A tire d&#039;Ailes (54)\" \/>\n<meta property=\"og:description\" content=\"Une revue de presse tr\u00e8s riche pour cette rentr\u00e9e et en pr\u00e9vision de la semaine mondiale de l&#039;allaitement maternel sur le th\u00e8me allaitement et travail.\" \/>\n<meta property=\"og:url\" content=\"https:\/\/www.lactissima.com\/a-tire-d-ailes\/la-revue-de-presse-da-tire-dailes-54\/\" \/>\n<meta property=\"og:site_name\" content=\"A tire d&#039;Ailes\" \/>\n<meta property=\"article:publisher\" content=\"https:\/\/www.facebook.com\/consultante.en.lactation\" \/>\n<meta property=\"article:author\" content=\"www.facebook.com\/consultante.en.lactation\" \/>\n<meta property=\"article:published_time\" content=\"2015-09-10T16:34:09+00:00\" \/>\n<meta property=\"article:modified_time\" content=\"2024-06-13T17:16:03+00:00\" \/>\n<meta property=\"og:image\" content=\"https:\/\/www.lactissima.com\/a-tire-d-ailes\/wp-content\/uploads\/journal1.jpg\" \/>\n\t<meta property=\"og:image:width\" content=\"231\" \/>\n\t<meta property=\"og:image:height\" content=\"300\" \/>\n\t<meta property=\"og:image:type\" content=\"image\/jpeg\" \/>\n<meta name=\"author\" content=\"V\u00e9ronique Darmangeat\" \/>\n<meta name=\"twitter:card\" content=\"summary_large_image\" \/>\n<meta name=\"twitter:creator\" content=\"@VeroniqueIBCLC\" \/>\n<meta name=\"twitter:site\" content=\"@VeroniqueIBCLC\" \/>\n<meta name=\"twitter:label1\" content=\"\u00c9crit par\" \/>\n\t<meta name=\"twitter:data1\" content=\"V\u00e9ronique Darmangeat\" \/>\n\t<meta name=\"twitter:label2\" content=\"Dur\u00e9e de lecture estim\u00e9e\" \/>\n\t<meta name=\"twitter:data2\" content=\"2 minutes\" \/>\n<script type=\"application\/ld+json\" class=\"yoast-schema-graph\">{\"@context\":\"https:\\\/\\\/schema.org\",\"@graph\":[{\"@type\":\"Article\",\"@id\":\"https:\\\/\\\/www.lactissima.com\\\/a-tire-d-ailes\\\/la-revue-de-presse-da-tire-dailes-54\\\/#article\",\"isPartOf\":{\"@id\":\"https:\\\/\\\/www.lactissima.com\\\/a-tire-d-ailes\\\/la-revue-de-presse-da-tire-dailes-54\\\/\"},\"author\":{\"name\":\"V\u00e9ronique Darmangeat\",\"@id\":\"https:\\\/\\\/www.lactissima.com\\\/a-tire-d-ailes\\\/#\\\/schema\\\/person\\\/8f98d3a89530861bc1240e6d53d44eed\"},\"headline\":\"La revue de presse d&rsquo;A tire d&rsquo;Ailes (54)\",\"datePublished\":\"2015-09-10T16:34:09+00:00\",\"dateModified\":\"2024-06-13T17:16:03+00:00\",\"mainEntityOfPage\":{\"@id\":\"https:\\\/\\\/www.lactissima.com\\\/a-tire-d-ailes\\\/la-revue-de-presse-da-tire-dailes-54\\\/\"},\"wordCount\":476,\"commentCount\":8,\"image\":{\"@id\":\"https:\\\/\\\/www.lactissima.com\\\/a-tire-d-ailes\\\/la-revue-de-presse-da-tire-dailes-54\\\/#primaryimage\"},\"thumbnailUrl\":\"https:\\\/\\\/www.lactissima.com\\\/a-tire-d-ailes\\\/wp-content\\\/uploads\\\/journal1.jpg\",\"articleSection\":[\"Revue de presse\"],\"inLanguage\":\"fr-FR\",\"potentialAction\":[{\"@type\":\"CommentAction\",\"name\":\"Comment\",\"target\":[\"https:\\\/\\\/www.lactissima.com\\\/a-tire-d-ailes\\\/la-revue-de-presse-da-tire-dailes-54\\\/#respond\"]}]},{\"@type\":\"WebPage\",\"@id\":\"https:\\\/\\\/www.lactissima.com\\\/a-tire-d-ailes\\\/la-revue-de-presse-da-tire-dailes-54\\\/\",\"url\":\"https:\\\/\\\/www.lactissima.com\\\/a-tire-d-ailes\\\/la-revue-de-presse-da-tire-dailes-54\\\/\",\"name\":\"La revue de presse d'A tire d'Ailes (54)\",\"isPartOf\":{\"@id\":\"https:\\\/\\\/www.lactissima.com\\\/a-tire-d-ailes\\\/#website\"},\"primaryImageOfPage\":{\"@id\":\"https:\\\/\\\/www.lactissima.com\\\/a-tire-d-ailes\\\/la-revue-de-presse-da-tire-dailes-54\\\/#primaryimage\"},\"image\":{\"@id\":\"https:\\\/\\\/www.lactissima.com\\\/a-tire-d-ailes\\\/la-revue-de-presse-da-tire-dailes-54\\\/#primaryimage\"},\"thumbnailUrl\":\"https:\\\/\\\/www.lactissima.com\\\/a-tire-d-ailes\\\/wp-content\\\/uploads\\\/journal1.jpg\",\"datePublished\":\"2015-09-10T16:34:09+00:00\",\"dateModified\":\"2024-06-13T17:16:03+00:00\",\"author\":{\"@id\":\"https:\\\/\\\/www.lactissima.com\\\/a-tire-d-ailes\\\/#\\\/schema\\\/person\\\/8f98d3a89530861bc1240e6d53d44eed\"},\"description\":\"Une revue de presse tr\u00e8s riche pour cette rentr\u00e9e et en pr\u00e9vision de la semaine mondiale de l'allaitement maternel sur le th\u00e8me allaitement et travail.\",\"breadcrumb\":{\"@id\":\"https:\\\/\\\/www.lactissima.com\\\/a-tire-d-ailes\\\/la-revue-de-presse-da-tire-dailes-54\\\/#breadcrumb\"},\"inLanguage\":\"fr-FR\",\"potentialAction\":[{\"@type\":\"ReadAction\",\"target\":[\"https:\\\/\\\/www.lactissima.com\\\/a-tire-d-ailes\\\/la-revue-de-presse-da-tire-dailes-54\\\/\"]}]},{\"@type\":\"ImageObject\",\"inLanguage\":\"fr-FR\",\"@id\":\"https:\\\/\\\/www.lactissima.com\\\/a-tire-d-ailes\\\/la-revue-de-presse-da-tire-dailes-54\\\/#primaryimage\",\"url\":\"https:\\\/\\\/www.lactissima.com\\\/a-tire-d-ailes\\\/wp-content\\\/uploads\\\/journal1.jpg\",\"contentUrl\":\"https:\\\/\\\/www.lactissima.com\\\/a-tire-d-ailes\\\/wp-content\\\/uploads\\\/journal1.jpg\",\"width\":\"231\",\"height\":\"300\",\"caption\":\"revues de presse allaitement\"},{\"@type\":\"BreadcrumbList\",\"@id\":\"https:\\\/\\\/www.lactissima.com\\\/a-tire-d-ailes\\\/la-revue-de-presse-da-tire-dailes-54\\\/#breadcrumb\",\"itemListElement\":[{\"@type\":\"ListItem\",\"position\":1,\"name\":\"Accueil\",\"item\":\"https:\\\/\\\/www.lactissima.com\\\/a-tire-d-ailes\\\/\"},{\"@type\":\"ListItem\",\"position\":2,\"name\":\"La revue de presse d&rsquo;A tire d&rsquo;Ailes (54)\"}]},{\"@type\":\"WebSite\",\"@id\":\"https:\\\/\\\/www.lactissima.com\\\/a-tire-d-ailes\\\/#website\",\"url\":\"https:\\\/\\\/www.lactissima.com\\\/a-tire-d-ailes\\\/\",\"name\":\"A tire d&#039;Ailes\",\"description\":\"Le blog des femmes qui allaitent et travaillent.\",\"potentialAction\":[{\"@type\":\"SearchAction\",\"target\":{\"@type\":\"EntryPoint\",\"urlTemplate\":\"https:\\\/\\\/www.lactissima.com\\\/a-tire-d-ailes\\\/?s={search_term_string}\"},\"query-input\":{\"@type\":\"PropertyValueSpecification\",\"valueRequired\":true,\"valueName\":\"search_term_string\"}}],\"inLanguage\":\"fr-FR\"},{\"@type\":\"Person\",\"@id\":\"https:\\\/\\\/www.lactissima.com\\\/a-tire-d-ailes\\\/#\\\/schema\\\/person\\\/8f98d3a89530861bc1240e6d53d44eed\",\"name\":\"V\u00e9ronique Darmangeat\",\"image\":{\"@type\":\"ImageObject\",\"inLanguage\":\"fr-FR\",\"@id\":\"https:\\\/\\\/secure.gravatar.com\\\/avatar\\\/268c99344c89cebfe4f5df5fa8be43068a18884fc76a29f3206fae98465b9cab?s=96&d=identicon&r=g\",\"url\":\"https:\\\/\\\/secure.gravatar.com\\\/avatar\\\/268c99344c89cebfe4f5df5fa8be43068a18884fc76a29f3206fae98465b9cab?s=96&d=identicon&r=g\",\"contentUrl\":\"https:\\\/\\\/secure.gravatar.com\\\/avatar\\\/268c99344c89cebfe4f5df5fa8be43068a18884fc76a29f3206fae98465b9cab?s=96&d=identicon&r=g\",\"caption\":\"V\u00e9ronique Darmangeat\"},\"sameAs\":[\"https:\\\/\\\/www.lactissima.com\\\/a-tire-d-ailes\",\"www.facebook.com\\\/consultante.en.lactation\"]}]}<\/script>\n<!-- \/ Yoast SEO plugin. -->","yoast_head_json":{"title":"La revue de presse d'A tire d'Ailes (54)","description":"Une revue de presse tr\u00e8s riche pour cette rentr\u00e9e et en pr\u00e9vision de la semaine mondiale de l'allaitement maternel sur le th\u00e8me allaitement et travail.","robots":{"index":"index","follow":"follow","max-snippet":"max-snippet:-1","max-image-preview":"max-image-preview:large","max-video-preview":"max-video-preview:-1"},"canonical":"https:\/\/www.lactissima.com\/a-tire-d-ailes\/la-revue-de-presse-da-tire-dailes-54\/","og_locale":"fr_FR","og_type":"article","og_title":"La revue de presse d'A tire d'Ailes (54)","og_description":"Une revue de presse tr\u00e8s riche pour cette rentr\u00e9e et en pr\u00e9vision de la semaine mondiale de l'allaitement maternel sur le th\u00e8me allaitement et travail.","og_url":"https:\/\/www.lactissima.com\/a-tire-d-ailes\/la-revue-de-presse-da-tire-dailes-54\/","og_site_name":"A tire d&#039;Ailes","article_publisher":"https:\/\/www.facebook.com\/consultante.en.lactation","article_author":"www.facebook.com\/consultante.en.lactation","article_published_time":"2015-09-10T16:34:09+00:00","article_modified_time":"2024-06-13T17:16:03+00:00","og_image":[{"width":231,"height":300,"url":"https:\/\/www.lactissima.com\/a-tire-d-ailes\/wp-content\/uploads\/journal1.jpg","type":"image\/jpeg"}],"author":"V\u00e9ronique Darmangeat","twitter_card":"summary_large_image","twitter_creator":"@VeroniqueIBCLC","twitter_site":"@VeroniqueIBCLC","twitter_misc":{"\u00c9crit par":"V\u00e9ronique Darmangeat","Dur\u00e9e de lecture estim\u00e9e":"2 minutes"},"schema":{"@context":"https:\/\/schema.org","@graph":[{"@type":"Article","@id":"https:\/\/www.lactissima.com\/a-tire-d-ailes\/la-revue-de-presse-da-tire-dailes-54\/#article","isPartOf":{"@id":"https:\/\/www.lactissima.com\/a-tire-d-ailes\/la-revue-de-presse-da-tire-dailes-54\/"},"author":{"name":"V\u00e9ronique Darmangeat","@id":"https:\/\/www.lactissima.com\/a-tire-d-ailes\/#\/schema\/person\/8f98d3a89530861bc1240e6d53d44eed"},"headline":"La revue de presse d&rsquo;A tire d&rsquo;Ailes (54)","datePublished":"2015-09-10T16:34:09+00:00","dateModified":"2024-06-13T17:16:03+00:00","mainEntityOfPage":{"@id":"https:\/\/www.lactissima.com\/a-tire-d-ailes\/la-revue-de-presse-da-tire-dailes-54\/"},"wordCount":476,"commentCount":8,"image":{"@id":"https:\/\/www.lactissima.com\/a-tire-d-ailes\/la-revue-de-presse-da-tire-dailes-54\/#primaryimage"},"thumbnailUrl":"https:\/\/www.lactissima.com\/a-tire-d-ailes\/wp-content\/uploads\/journal1.jpg","articleSection":["Revue de presse"],"inLanguage":"fr-FR","potentialAction":[{"@type":"CommentAction","name":"Comment","target":["https:\/\/www.lactissima.com\/a-tire-d-ailes\/la-revue-de-presse-da-tire-dailes-54\/#respond"]}]},{"@type":"WebPage","@id":"https:\/\/www.lactissima.com\/a-tire-d-ailes\/la-revue-de-presse-da-tire-dailes-54\/","url":"https:\/\/www.lactissima.com\/a-tire-d-ailes\/la-revue-de-presse-da-tire-dailes-54\/","name":"La revue de presse d'A tire d'Ailes (54)","isPartOf":{"@id":"https:\/\/www.lactissima.com\/a-tire-d-ailes\/#website"},"primaryImageOfPage":{"@id":"https:\/\/www.lactissima.com\/a-tire-d-ailes\/la-revue-de-presse-da-tire-dailes-54\/#primaryimage"},"image":{"@id":"https:\/\/www.lactissima.com\/a-tire-d-ailes\/la-revue-de-presse-da-tire-dailes-54\/#primaryimage"},"thumbnailUrl":"https:\/\/www.lactissima.com\/a-tire-d-ailes\/wp-content\/uploads\/journal1.jpg","datePublished":"2015-09-10T16:34:09+00:00","dateModified":"2024-06-13T17:16:03+00:00","author":{"@id":"https:\/\/www.lactissima.com\/a-tire-d-ailes\/#\/schema\/person\/8f98d3a89530861bc1240e6d53d44eed"},"description":"Une revue de presse tr\u00e8s riche pour cette rentr\u00e9e et en pr\u00e9vision de la semaine mondiale de l'allaitement maternel sur le th\u00e8me allaitement et travail.","breadcrumb":{"@id":"https:\/\/www.lactissima.com\/a-tire-d-ailes\/la-revue-de-presse-da-tire-dailes-54\/#breadcrumb"},"inLanguage":"fr-FR","potentialAction":[{"@type":"ReadAction","target":["https:\/\/www.lactissima.com\/a-tire-d-ailes\/la-revue-de-presse-da-tire-dailes-54\/"]}]},{"@type":"ImageObject","inLanguage":"fr-FR","@id":"https:\/\/www.lactissima.com\/a-tire-d-ailes\/la-revue-de-presse-da-tire-dailes-54\/#primaryimage","url":"https:\/\/www.lactissima.com\/a-tire-d-ailes\/wp-content\/uploads\/journal1.jpg","contentUrl":"https:\/\/www.lactissima.com\/a-tire-d-ailes\/wp-content\/uploads\/journal1.jpg","width":"231","height":"300","caption":"revues de presse allaitement"},{"@type":"BreadcrumbList","@id":"https:\/\/www.lactissima.com\/a-tire-d-ailes\/la-revue-de-presse-da-tire-dailes-54\/#breadcrumb","itemListElement":[{"@type":"ListItem","position":1,"name":"Accueil","item":"https:\/\/www.lactissima.com\/a-tire-d-ailes\/"},{"@type":"ListItem","position":2,"name":"La revue de presse d&rsquo;A tire d&rsquo;Ailes (54)"}]},{"@type":"WebSite","@id":"https:\/\/www.lactissima.com\/a-tire-d-ailes\/#website","url":"https:\/\/www.lactissima.com\/a-tire-d-ailes\/","name":"A tire d&#039;Ailes","description":"Le blog des femmes qui allaitent et travaillent.","potentialAction":[{"@type":"SearchAction","target":{"@type":"EntryPoint","urlTemplate":"https:\/\/www.lactissima.com\/a-tire-d-ailes\/?s={search_term_string}"},"query-input":{"@type":"PropertyValueSpecification","valueRequired":true,"valueName":"search_term_string"}}],"inLanguage":"fr-FR"},{"@type":"Person","@id":"https:\/\/www.lactissima.com\/a-tire-d-ailes\/#\/schema\/person\/8f98d3a89530861bc1240e6d53d44eed","name":"V\u00e9ronique Darmangeat","image":{"@type":"ImageObject","inLanguage":"fr-FR","@id":"https:\/\/secure.gravatar.com\/avatar\/268c99344c89cebfe4f5df5fa8be43068a18884fc76a29f3206fae98465b9cab?s=96&d=identicon&r=g","url":"https:\/\/secure.gravatar.com\/avatar\/268c99344c89cebfe4f5df5fa8be43068a18884fc76a29f3206fae98465b9cab?s=96&d=identicon&r=g","contentUrl":"https:\/\/secure.gravatar.com\/avatar\/268c99344c89cebfe4f5df5fa8be43068a18884fc76a29f3206fae98465b9cab?s=96&d=identicon&r=g","caption":"V\u00e9ronique Darmangeat"},"sameAs":["https:\/\/www.lactissima.com\/a-tire-d-ailes","www.facebook.com\/consultante.en.lactation"]}]}},"_links":{"self":[{"href":"https:\/\/www.lactissima.com\/a-tire-d-ailes\/wp-json\/wp\/v2\/posts\/6402","targetHints":{"allow":["GET"]}}],"collection":[{"href":"https:\/\/www.lactissima.com\/a-tire-d-ailes\/wp-json\/wp\/v2\/posts"}],"about":[{"href":"https:\/\/www.lactissima.com\/a-tire-d-ailes\/wp-json\/wp\/v2\/types\/post"}],"author":[{"embeddable":true,"href":"https:\/\/www.lactissima.com\/a-tire-d-ailes\/wp-json\/wp\/v2\/users\/170"}],"replies":[{"embeddable":true,"href":"https:\/\/www.lactissima.com\/a-tire-d-ailes\/wp-json\/wp\/v2\/comments?post=6402"}],"version-history":[{"count":22,"href":"https:\/\/www.lactissima.com\/a-tire-d-ailes\/wp-json\/wp\/v2\/posts\/6402\/revisions"}],"predecessor-version":[{"id":9547,"href":"https:\/\/www.lactissima.com\/a-tire-d-ailes\/wp-json\/wp\/v2\/posts\/6402\/revisions\/9547"}],"wp:featuredmedia":[{"embeddable":true,"href":"https:\/\/www.lactissima.com\/a-tire-d-ailes\/wp-json\/wp\/v2\/media\/3670"}],"wp:attachment":[{"href":"https:\/\/www.lactissima.com\/a-tire-d-ailes\/wp-json\/wp\/v2\/media?parent=6402"}],"wp:term":[{"taxonomy":"category","embeddable":true,"href":"https:\/\/www.lactissima.com\/a-tire-d-ailes\/wp-json\/wp\/v2\/categories?post=6402"},{"taxonomy":"post_tag","embeddable":true,"href":"https:\/\/www.lactissima.com\/a-tire-d-ailes\/wp-json\/wp\/v2\/tags?post=6402"}],"curies":[{"name":"wp","href":"https:\/\/api.w.org\/{rel}","templated":true}]}}