{"id":6379,"date":"2015-07-30T18:39:16","date_gmt":"2015-07-30T16:39:16","guid":{"rendered":"https:\/\/www.lactissima.com\/a-tire-d-ailes\/?p=6379"},"modified":"2015-07-30T18:39:16","modified_gmt":"2015-07-30T16:39:16","slug":"allaitement-le-temoignage-daurelie","status":"publish","type":"post","link":"https:\/\/www.lactissima.com\/a-tire-d-ailes\/allaitement-le-temoignage-daurelie\/","title":{"rendered":"Allaitement : le t\u00e9moignage d&rsquo;Aur\u00e9lie"},"content":{"rendered":"<p style=\"text-align: justify;\"><img loading=\"lazy\" decoding=\"async\" class=\"alignright size-full wp-image-6380\" src=\"https:\/\/www.lactissima.com\/a-tire-d-ailes\/wp-content\/uploads\/2015\/07\/aurelie.jpg\" alt=\"allaitement et travail\" width=\"271\" height=\"360\" srcset=\"https:\/\/www.lactissima.com\/a-tire-d-ailes\/wp-content\/uploads\/2015\/07\/aurelie.jpg 271w, https:\/\/www.lactissima.com\/a-tire-d-ailes\/wp-content\/uploads\/2015\/07\/aurelie-226x300.jpg 226w\" sizes=\"(max-width: 271px) 100vw, 271px\" \/>Pour ma fille a\u00een\u00e9e qui a maintenant 3 ans et demi, j&rsquo;ai allait\u00e9. Je ne savais pas du tout comment cela se d\u00e9roulerait et je gardais dans l&rsquo;id\u00e9e que je tenterais l&rsquo;allaitement mais que l&rsquo;on verrait bien quand le b\u00e9b\u00e9 serait l\u00e0 .<\/p>\n<p style=\"text-align: justify;\">Les premi\u00e8res t\u00e9t\u00e9es furent douloureuses mais quel plaisir de nourrir son enfant. Ce n&rsquo;\u00e9tait absolument pas une vocation profonde en moi durant la grossesse mais ce fut bien une r\u00e9v\u00e9lation. Moi, complex\u00e9e depuis l&rsquo;adolescence par une toute petite poitrine, voici que gr\u00e2ce \u00e0 elle mon r\u00f4le de m\u00e8re se vivait pleinement ! Ce fut une <strong>r\u00e9conciliation<\/strong> avec mon corps, vraiment !<\/p>\n<p style=\"text-align: justify;\">Mais  l&rsquo;allaitement c&rsquo;est aussi des doutes, de la fatigue, un don de soi et ce n&rsquo;est pas toujours idyllique (surtout quand le b\u00e9b\u00e9 est tr\u00e8s demandeur).<\/p>\n<p style=\"text-align: justify;\">Apr\u00e8s quatre mois, je devais reprendre le <strong>travail<\/strong> et je souhaitais poursuivre l&rsquo;allaitement. Je m&rsquo;\u00e9tais procur\u00e9e un tire-lait \u00e9lectrique \u00e0 la pharmacie. Les premiers temps, j&rsquo;ai exprim\u00e9 mon lait sur la pause du midi. Mais au bout de quelques jours, je n&rsquo;avais plus envie. J&rsquo;ai pr\u00e9f\u00e9r\u00e9 gard\u00e9 le <em>vrai <\/em>contact avec ma fille : je l&rsquo;allaitais le matin et le soir, la journ\u00e9e elle prenait des biberons de lait artificiel.<\/p>\n<p style=\"text-align: justify;\">Tout ceci c&rsquo;est fait sans aucune d\u00e9ception de ma part et tr\u00e8s rapidement ma fille a accept\u00e9 les biberons.<\/p>\n<p style=\"text-align: justify;\">Au bout de quelques mois, je discutais avec mon conjoint en expliquant que cela me tenait \u00e0 c\u00c5\u201cur de poursuivre encore l&rsquo;allaitement mais je remarquais que je n&rsquo;avais plus suffisamment de lait. Je compl\u00e9tais parfois la t\u00e9t\u00e9e du soir avec un biberon de lait artificiel, sachant que cela ne r\u00e8glerait pas la situation bien au contraire !<\/p>\n<p style=\"text-align: justify;\">Et puis un jour, je ne voulais plus allaiter. Je n&rsquo;avais pas du tout r\u00e9fl\u00e9chi \u00e0 tout cela, mais j&rsquo;ai eu comme un <strong>d\u00e9clic<\/strong>, je voulais tourner une page. C&rsquo;\u00e9tait clair dans mon esprit, c&rsquo;est venu d&rsquo;un coup. Ma fille, qui prenait tr\u00e8s goul\u00fbment ses biberons n&rsquo;a pas eu l&rsquo;air d\u00e9rang\u00e9e de l&rsquo;arr\u00eat de l&rsquo;allaitement (d&rsquo;ailleurs jusqu&rsquo;\u00e0 ses deux ans, je lui ai donn\u00e9 le biberon dans une posture tr\u00e8s proche de celle o\u00f9 je l&rsquo;allaitais).<\/p>\n<p style=\"text-align: justify;\">L&rsquo;allaitement a dur\u00e9 huit mois et j&rsquo;en garde un tr\u00e8s beau souvenir ! Pour mon deuxi\u00e8me enfant, il a dur\u00e9 le m\u00eame temps ! (mais souffrant de reflux internes, ce fut une v\u00e9ritable bataille pour poursuivre l&rsquo;allaitement, le p\u00e9diatre et certains m\u00e9decins jugeant que \u00e7a pouvait \u00eatre une intol\u00e9rance au lactose. Enfin, ce fut une toute autre histoire  .).<\/p>\n<p><strong>Articles en rapport :<\/strong><\/p>\n<ul>\n<li>Voir l&rsquo;onglet <a href=\"https:\/\/www.lactissima.com\/a-tire-d-ailes\/temoignages-travail-et-allaitement\/\" target=\"_blank\">t\u00e9moignages<\/a><\/li>\n<\/ul>\n<p style=\"text-align: justify;\"><div class='et-box et-shadow'>\n\t\t\t\t\t<div class='et-box-content'>Lire des articles ou poser des questions en commentaire ne suffit pas \u00e0 r\u00e9soudre votre probl\u00e8me ?\nSavez-vous que vous pouvez prendre RDV pour une <span style=\"text-decoration: underline;\"><a href=\"http:\/\/www.allaiteraparis.fr\/aide-allaitement\/\" target=\"_blank\">consultation<\/a><\/span> avec moi ?\nN&rsquo;h\u00e9sitez pas \u00e0 me <span style=\"text-decoration: underline;\"><a href=\"http:\/\/www.allaiteraparis.fr\/contacter-une-consultante-en-lactation\/\" target=\"_blank\">contacter<\/a><\/span> !<\/div><\/div><\/p>\n<p style=\"text-align: justify;\">\n<p style=\"text-align: justify;\">\n","protected":false},"excerpt":{"rendered":"<p>Pour ma fille a\u00een\u00e9e qui a maintenant 3 ans et demi, j&rsquo;ai allait\u00e9. Je ne savais pas du tout comment cela se d\u00e9roulerait et je gardais dans l&rsquo;id\u00e9e que je tenterais l&rsquo;allaitement mais que l&rsquo;on verrait bien quand le b\u00e9b\u00e9 serait l\u00e0 . Les premi\u00e8res t\u00e9t\u00e9es furent douloureuses mais quel plaisir de nourrir son enfant. [&hellip;]<\/p>\n","protected":false},"author":170,"featured_media":6380,"comment_status":"open","ping_status":"open","sticky":false,"template":"","format":"standard","meta":{"_et_pb_use_builder":"","_et_pb_old_content":"","_et_gb_content_width":"","footnotes":""},"categories":[150],"tags":[],"class_list":["post-6379","post","type-post","status-publish","format-standard","has-post-thumbnail","hentry","category-temoignages"],"yoast_head":"<!-- This site is optimized with the Yoast SEO plugin v27.4 - https:\/\/yoast.com\/product\/yoast-seo-wordpress\/ -->\n<title>Allaitement : le t\u00e9moignage d&#039;Aur\u00e9lie<\/title>\n<meta name=\"description\" content=\"Aur\u00e9lie a eu une r\u00e9v\u00e9lation en d\u00e9couvrant l&#039;allaitement, qu&#039;elle a poursuivi lors de la reprise du travail, tr\u00e8s rapidement en allaitement mixte.\" \/>\n<meta name=\"robots\" content=\"index, follow, max-snippet:-1, max-image-preview:large, max-video-preview:-1\" \/>\n<link rel=\"canonical\" href=\"https:\/\/www.lactissima.com\/a-tire-d-ailes\/allaitement-le-temoignage-daurelie\/\" \/>\n<meta property=\"og:locale\" content=\"fr_FR\" \/>\n<meta property=\"og:type\" content=\"article\" \/>\n<meta property=\"og:title\" content=\"Allaitement : le t\u00e9moignage d&#039;Aur\u00e9lie\" \/>\n<meta property=\"og:description\" content=\"Aur\u00e9lie a eu une r\u00e9v\u00e9lation en d\u00e9couvrant l&#039;allaitement, qu&#039;elle a poursuivi lors de la reprise du travail, tr\u00e8s rapidement en allaitement mixte.\" \/>\n<meta property=\"og:url\" content=\"https:\/\/www.lactissima.com\/a-tire-d-ailes\/allaitement-le-temoignage-daurelie\/\" \/>\n<meta property=\"og:site_name\" content=\"A tire d&#039;Ailes\" \/>\n<meta property=\"article:publisher\" content=\"https:\/\/www.facebook.com\/consultante.en.lactation\" \/>\n<meta property=\"article:author\" content=\"www.facebook.com\/consultante.en.lactation\" \/>\n<meta property=\"article:published_time\" content=\"2015-07-30T16:39:16+00:00\" \/>\n<meta property=\"og:image\" content=\"https:\/\/www.lactissima.com\/a-tire-d-ailes\/wp-content\/uploads\/2015\/07\/aurelie.jpg\" \/>\n\t<meta property=\"og:image:width\" content=\"271\" \/>\n\t<meta property=\"og:image:height\" content=\"360\" \/>\n\t<meta property=\"og:image:type\" content=\"image\/jpeg\" \/>\n<meta name=\"author\" content=\"V\u00e9ronique Darmangeat\" \/>\n<meta name=\"twitter:card\" content=\"summary_large_image\" \/>\n<meta name=\"twitter:creator\" content=\"@VeroniqueIBCLC\" \/>\n<meta name=\"twitter:site\" content=\"@VeroniqueIBCLC\" \/>\n<meta name=\"twitter:label1\" content=\"\u00c9crit par\" \/>\n\t<meta name=\"twitter:data1\" content=\"V\u00e9ronique Darmangeat\" \/>\n\t<meta name=\"twitter:label2\" content=\"Dur\u00e9e de lecture estim\u00e9e\" \/>\n\t<meta name=\"twitter:data2\" content=\"2 minutes\" \/>\n<script type=\"application\/ld+json\" class=\"yoast-schema-graph\">{\"@context\":\"https:\\\/\\\/schema.org\",\"@graph\":[{\"@type\":\"Article\",\"@id\":\"https:\\\/\\\/www.lactissima.com\\\/a-tire-d-ailes\\\/allaitement-le-temoignage-daurelie\\\/#article\",\"isPartOf\":{\"@id\":\"https:\\\/\\\/www.lactissima.com\\\/a-tire-d-ailes\\\/allaitement-le-temoignage-daurelie\\\/\"},\"author\":{\"name\":\"V\u00e9ronique Darmangeat\",\"@id\":\"https:\\\/\\\/www.lactissima.com\\\/a-tire-d-ailes\\\/#\\\/schema\\\/person\\\/8f98d3a89530861bc1240e6d53d44eed\"},\"headline\":\"Allaitement : le t\u00e9moignage d&rsquo;Aur\u00e9lie\",\"datePublished\":\"2015-07-30T16:39:16+00:00\",\"mainEntityOfPage\":{\"@id\":\"https:\\\/\\\/www.lactissima.com\\\/a-tire-d-ailes\\\/allaitement-le-temoignage-daurelie\\\/\"},\"wordCount\":526,\"commentCount\":0,\"image\":{\"@id\":\"https:\\\/\\\/www.lactissima.com\\\/a-tire-d-ailes\\\/allaitement-le-temoignage-daurelie\\\/#primaryimage\"},\"thumbnailUrl\":\"https:\\\/\\\/www.lactissima.com\\\/a-tire-d-ailes\\\/wp-content\\\/uploads\\\/2015\\\/07\\\/aurelie.jpg\",\"articleSection\":[\"t\u00e9moignages\"],\"inLanguage\":\"fr-FR\",\"potentialAction\":[{\"@type\":\"CommentAction\",\"name\":\"Comment\",\"target\":[\"https:\\\/\\\/www.lactissima.com\\\/a-tire-d-ailes\\\/allaitement-le-temoignage-daurelie\\\/#respond\"]}]},{\"@type\":\"WebPage\",\"@id\":\"https:\\\/\\\/www.lactissima.com\\\/a-tire-d-ailes\\\/allaitement-le-temoignage-daurelie\\\/\",\"url\":\"https:\\\/\\\/www.lactissima.com\\\/a-tire-d-ailes\\\/allaitement-le-temoignage-daurelie\\\/\",\"name\":\"Allaitement : le t\u00e9moignage d'Aur\u00e9lie\",\"isPartOf\":{\"@id\":\"https:\\\/\\\/www.lactissima.com\\\/a-tire-d-ailes\\\/#website\"},\"primaryImageOfPage\":{\"@id\":\"https:\\\/\\\/www.lactissima.com\\\/a-tire-d-ailes\\\/allaitement-le-temoignage-daurelie\\\/#primaryimage\"},\"image\":{\"@id\":\"https:\\\/\\\/www.lactissima.com\\\/a-tire-d-ailes\\\/allaitement-le-temoignage-daurelie\\\/#primaryimage\"},\"thumbnailUrl\":\"https:\\\/\\\/www.lactissima.com\\\/a-tire-d-ailes\\\/wp-content\\\/uploads\\\/2015\\\/07\\\/aurelie.jpg\",\"datePublished\":\"2015-07-30T16:39:16+00:00\",\"author\":{\"@id\":\"https:\\\/\\\/www.lactissima.com\\\/a-tire-d-ailes\\\/#\\\/schema\\\/person\\\/8f98d3a89530861bc1240e6d53d44eed\"},\"description\":\"Aur\u00e9lie a eu une r\u00e9v\u00e9lation en d\u00e9couvrant l'allaitement, qu'elle a poursuivi lors de la reprise du travail, tr\u00e8s rapidement en allaitement mixte.\",\"breadcrumb\":{\"@id\":\"https:\\\/\\\/www.lactissima.com\\\/a-tire-d-ailes\\\/allaitement-le-temoignage-daurelie\\\/#breadcrumb\"},\"inLanguage\":\"fr-FR\",\"potentialAction\":[{\"@type\":\"ReadAction\",\"target\":[\"https:\\\/\\\/www.lactissima.com\\\/a-tire-d-ailes\\\/allaitement-le-temoignage-daurelie\\\/\"]}]},{\"@type\":\"ImageObject\",\"inLanguage\":\"fr-FR\",\"@id\":\"https:\\\/\\\/www.lactissima.com\\\/a-tire-d-ailes\\\/allaitement-le-temoignage-daurelie\\\/#primaryimage\",\"url\":\"https:\\\/\\\/www.lactissima.com\\\/a-tire-d-ailes\\\/wp-content\\\/uploads\\\/2015\\\/07\\\/aurelie.jpg\",\"contentUrl\":\"https:\\\/\\\/www.lactissima.com\\\/a-tire-d-ailes\\\/wp-content\\\/uploads\\\/2015\\\/07\\\/aurelie.jpg\",\"width\":271,\"height\":360,\"caption\":\"allaitement et travail\"},{\"@type\":\"BreadcrumbList\",\"@id\":\"https:\\\/\\\/www.lactissima.com\\\/a-tire-d-ailes\\\/allaitement-le-temoignage-daurelie\\\/#breadcrumb\",\"itemListElement\":[{\"@type\":\"ListItem\",\"position\":1,\"name\":\"Accueil\",\"item\":\"https:\\\/\\\/www.lactissima.com\\\/a-tire-d-ailes\\\/\"},{\"@type\":\"ListItem\",\"position\":2,\"name\":\"Allaitement : le t\u00e9moignage d&rsquo;Aur\u00e9lie\"}]},{\"@type\":\"WebSite\",\"@id\":\"https:\\\/\\\/www.lactissima.com\\\/a-tire-d-ailes\\\/#website\",\"url\":\"https:\\\/\\\/www.lactissima.com\\\/a-tire-d-ailes\\\/\",\"name\":\"A tire d&#039;Ailes\",\"description\":\"Le blog des femmes qui allaitent et travaillent.\",\"potentialAction\":[{\"@type\":\"SearchAction\",\"target\":{\"@type\":\"EntryPoint\",\"urlTemplate\":\"https:\\\/\\\/www.lactissima.com\\\/a-tire-d-ailes\\\/?s={search_term_string}\"},\"query-input\":{\"@type\":\"PropertyValueSpecification\",\"valueRequired\":true,\"valueName\":\"search_term_string\"}}],\"inLanguage\":\"fr-FR\"},{\"@type\":\"Person\",\"@id\":\"https:\\\/\\\/www.lactissima.com\\\/a-tire-d-ailes\\\/#\\\/schema\\\/person\\\/8f98d3a89530861bc1240e6d53d44eed\",\"name\":\"V\u00e9ronique Darmangeat\",\"image\":{\"@type\":\"ImageObject\",\"inLanguage\":\"fr-FR\",\"@id\":\"https:\\\/\\\/secure.gravatar.com\\\/avatar\\\/268c99344c89cebfe4f5df5fa8be43068a18884fc76a29f3206fae98465b9cab?s=96&d=identicon&r=g\",\"url\":\"https:\\\/\\\/secure.gravatar.com\\\/avatar\\\/268c99344c89cebfe4f5df5fa8be43068a18884fc76a29f3206fae98465b9cab?s=96&d=identicon&r=g\",\"contentUrl\":\"https:\\\/\\\/secure.gravatar.com\\\/avatar\\\/268c99344c89cebfe4f5df5fa8be43068a18884fc76a29f3206fae98465b9cab?s=96&d=identicon&r=g\",\"caption\":\"V\u00e9ronique Darmangeat\"},\"sameAs\":[\"https:\\\/\\\/www.lactissima.com\\\/a-tire-d-ailes\",\"www.facebook.com\\\/consultante.en.lactation\"]}]}<\/script>\n<!-- \/ Yoast SEO plugin. -->","yoast_head_json":{"title":"Allaitement : le t\u00e9moignage d'Aur\u00e9lie","description":"Aur\u00e9lie a eu une r\u00e9v\u00e9lation en d\u00e9couvrant l'allaitement, qu'elle a poursuivi lors de la reprise du travail, tr\u00e8s rapidement en allaitement mixte.","robots":{"index":"index","follow":"follow","max-snippet":"max-snippet:-1","max-image-preview":"max-image-preview:large","max-video-preview":"max-video-preview:-1"},"canonical":"https:\/\/www.lactissima.com\/a-tire-d-ailes\/allaitement-le-temoignage-daurelie\/","og_locale":"fr_FR","og_type":"article","og_title":"Allaitement : le t\u00e9moignage d'Aur\u00e9lie","og_description":"Aur\u00e9lie a eu une r\u00e9v\u00e9lation en d\u00e9couvrant l'allaitement, qu'elle a poursuivi lors de la reprise du travail, tr\u00e8s rapidement en allaitement mixte.","og_url":"https:\/\/www.lactissima.com\/a-tire-d-ailes\/allaitement-le-temoignage-daurelie\/","og_site_name":"A tire d&#039;Ailes","article_publisher":"https:\/\/www.facebook.com\/consultante.en.lactation","article_author":"www.facebook.com\/consultante.en.lactation","article_published_time":"2015-07-30T16:39:16+00:00","og_image":[{"width":271,"height":360,"url":"https:\/\/www.lactissima.com\/a-tire-d-ailes\/wp-content\/uploads\/2015\/07\/aurelie.jpg","type":"image\/jpeg"}],"author":"V\u00e9ronique Darmangeat","twitter_card":"summary_large_image","twitter_creator":"@VeroniqueIBCLC","twitter_site":"@VeroniqueIBCLC","twitter_misc":{"\u00c9crit par":"V\u00e9ronique Darmangeat","Dur\u00e9e de lecture estim\u00e9e":"2 minutes"},"schema":{"@context":"https:\/\/schema.org","@graph":[{"@type":"Article","@id":"https:\/\/www.lactissima.com\/a-tire-d-ailes\/allaitement-le-temoignage-daurelie\/#article","isPartOf":{"@id":"https:\/\/www.lactissima.com\/a-tire-d-ailes\/allaitement-le-temoignage-daurelie\/"},"author":{"name":"V\u00e9ronique Darmangeat","@id":"https:\/\/www.lactissima.com\/a-tire-d-ailes\/#\/schema\/person\/8f98d3a89530861bc1240e6d53d44eed"},"headline":"Allaitement : le t\u00e9moignage d&rsquo;Aur\u00e9lie","datePublished":"2015-07-30T16:39:16+00:00","mainEntityOfPage":{"@id":"https:\/\/www.lactissima.com\/a-tire-d-ailes\/allaitement-le-temoignage-daurelie\/"},"wordCount":526,"commentCount":0,"image":{"@id":"https:\/\/www.lactissima.com\/a-tire-d-ailes\/allaitement-le-temoignage-daurelie\/#primaryimage"},"thumbnailUrl":"https:\/\/www.lactissima.com\/a-tire-d-ailes\/wp-content\/uploads\/2015\/07\/aurelie.jpg","articleSection":["t\u00e9moignages"],"inLanguage":"fr-FR","potentialAction":[{"@type":"CommentAction","name":"Comment","target":["https:\/\/www.lactissima.com\/a-tire-d-ailes\/allaitement-le-temoignage-daurelie\/#respond"]}]},{"@type":"WebPage","@id":"https:\/\/www.lactissima.com\/a-tire-d-ailes\/allaitement-le-temoignage-daurelie\/","url":"https:\/\/www.lactissima.com\/a-tire-d-ailes\/allaitement-le-temoignage-daurelie\/","name":"Allaitement : le t\u00e9moignage d'Aur\u00e9lie","isPartOf":{"@id":"https:\/\/www.lactissima.com\/a-tire-d-ailes\/#website"},"primaryImageOfPage":{"@id":"https:\/\/www.lactissima.com\/a-tire-d-ailes\/allaitement-le-temoignage-daurelie\/#primaryimage"},"image":{"@id":"https:\/\/www.lactissima.com\/a-tire-d-ailes\/allaitement-le-temoignage-daurelie\/#primaryimage"},"thumbnailUrl":"https:\/\/www.lactissima.com\/a-tire-d-ailes\/wp-content\/uploads\/2015\/07\/aurelie.jpg","datePublished":"2015-07-30T16:39:16+00:00","author":{"@id":"https:\/\/www.lactissima.com\/a-tire-d-ailes\/#\/schema\/person\/8f98d3a89530861bc1240e6d53d44eed"},"description":"Aur\u00e9lie a eu une r\u00e9v\u00e9lation en d\u00e9couvrant l'allaitement, qu'elle a poursuivi lors de la reprise du travail, tr\u00e8s rapidement en allaitement mixte.","breadcrumb":{"@id":"https:\/\/www.lactissima.com\/a-tire-d-ailes\/allaitement-le-temoignage-daurelie\/#breadcrumb"},"inLanguage":"fr-FR","potentialAction":[{"@type":"ReadAction","target":["https:\/\/www.lactissima.com\/a-tire-d-ailes\/allaitement-le-temoignage-daurelie\/"]}]},{"@type":"ImageObject","inLanguage":"fr-FR","@id":"https:\/\/www.lactissima.com\/a-tire-d-ailes\/allaitement-le-temoignage-daurelie\/#primaryimage","url":"https:\/\/www.lactissima.com\/a-tire-d-ailes\/wp-content\/uploads\/2015\/07\/aurelie.jpg","contentUrl":"https:\/\/www.lactissima.com\/a-tire-d-ailes\/wp-content\/uploads\/2015\/07\/aurelie.jpg","width":271,"height":360,"caption":"allaitement et travail"},{"@type":"BreadcrumbList","@id":"https:\/\/www.lactissima.com\/a-tire-d-ailes\/allaitement-le-temoignage-daurelie\/#breadcrumb","itemListElement":[{"@type":"ListItem","position":1,"name":"Accueil","item":"https:\/\/www.lactissima.com\/a-tire-d-ailes\/"},{"@type":"ListItem","position":2,"name":"Allaitement : le t\u00e9moignage d&rsquo;Aur\u00e9lie"}]},{"@type":"WebSite","@id":"https:\/\/www.lactissima.com\/a-tire-d-ailes\/#website","url":"https:\/\/www.lactissima.com\/a-tire-d-ailes\/","name":"A tire d&#039;Ailes","description":"Le blog des femmes qui allaitent et travaillent.","potentialAction":[{"@type":"SearchAction","target":{"@type":"EntryPoint","urlTemplate":"https:\/\/www.lactissima.com\/a-tire-d-ailes\/?s={search_term_string}"},"query-input":{"@type":"PropertyValueSpecification","valueRequired":true,"valueName":"search_term_string"}}],"inLanguage":"fr-FR"},{"@type":"Person","@id":"https:\/\/www.lactissima.com\/a-tire-d-ailes\/#\/schema\/person\/8f98d3a89530861bc1240e6d53d44eed","name":"V\u00e9ronique Darmangeat","image":{"@type":"ImageObject","inLanguage":"fr-FR","@id":"https:\/\/secure.gravatar.com\/avatar\/268c99344c89cebfe4f5df5fa8be43068a18884fc76a29f3206fae98465b9cab?s=96&d=identicon&r=g","url":"https:\/\/secure.gravatar.com\/avatar\/268c99344c89cebfe4f5df5fa8be43068a18884fc76a29f3206fae98465b9cab?s=96&d=identicon&r=g","contentUrl":"https:\/\/secure.gravatar.com\/avatar\/268c99344c89cebfe4f5df5fa8be43068a18884fc76a29f3206fae98465b9cab?s=96&d=identicon&r=g","caption":"V\u00e9ronique Darmangeat"},"sameAs":["https:\/\/www.lactissima.com\/a-tire-d-ailes","www.facebook.com\/consultante.en.lactation"]}]}},"_links":{"self":[{"href":"https:\/\/www.lactissima.com\/a-tire-d-ailes\/wp-json\/wp\/v2\/posts\/6379","targetHints":{"allow":["GET"]}}],"collection":[{"href":"https:\/\/www.lactissima.com\/a-tire-d-ailes\/wp-json\/wp\/v2\/posts"}],"about":[{"href":"https:\/\/www.lactissima.com\/a-tire-d-ailes\/wp-json\/wp\/v2\/types\/post"}],"author":[{"embeddable":true,"href":"https:\/\/www.lactissima.com\/a-tire-d-ailes\/wp-json\/wp\/v2\/users\/170"}],"replies":[{"embeddable":true,"href":"https:\/\/www.lactissima.com\/a-tire-d-ailes\/wp-json\/wp\/v2\/comments?post=6379"}],"version-history":[{"count":2,"href":"https:\/\/www.lactissima.com\/a-tire-d-ailes\/wp-json\/wp\/v2\/posts\/6379\/revisions"}],"predecessor-version":[{"id":6382,"href":"https:\/\/www.lactissima.com\/a-tire-d-ailes\/wp-json\/wp\/v2\/posts\/6379\/revisions\/6382"}],"wp:featuredmedia":[{"embeddable":true,"href":"https:\/\/www.lactissima.com\/a-tire-d-ailes\/wp-json\/wp\/v2\/media\/6380"}],"wp:attachment":[{"href":"https:\/\/www.lactissima.com\/a-tire-d-ailes\/wp-json\/wp\/v2\/media?parent=6379"}],"wp:term":[{"taxonomy":"category","embeddable":true,"href":"https:\/\/www.lactissima.com\/a-tire-d-ailes\/wp-json\/wp\/v2\/categories?post=6379"},{"taxonomy":"post_tag","embeddable":true,"href":"https:\/\/www.lactissima.com\/a-tire-d-ailes\/wp-json\/wp\/v2\/tags?post=6379"}],"curies":[{"name":"wp","href":"https:\/\/api.w.org\/{rel}","templated":true}]}}