{"id":6343,"date":"2015-07-03T19:58:29","date_gmt":"2015-07-03T17:58:29","guid":{"rendered":"https:\/\/www.lactissima.com\/a-tire-d-ailes\/?p=6343"},"modified":"2015-07-03T19:58:29","modified_gmt":"2015-07-03T17:58:29","slug":"tirer-son-lait-le-temoignage-de-marlene","status":"publish","type":"post","link":"https:\/\/www.lactissima.com\/a-tire-d-ailes\/tirer-son-lait-le-temoignage-de-marlene\/","title":{"rendered":"Tirer son lait : le t\u00e9moignage de Marl\u00e8ne"},"content":{"rendered":"<p style=\"text-align: justify;\"><img loading=\"lazy\" decoding=\"async\" class=\"alignright size-full wp-image-6344\" src=\"https:\/\/www.lactissima.com\/a-tire-d-ailes\/wp-content\/uploads\/2015\/07\/marlene.jpeg\" alt=\"Tirer son lait\" width=\"461\" height=\"309\" srcset=\"https:\/\/www.lactissima.com\/a-tire-d-ailes\/wp-content\/uploads\/2015\/07\/marlene.jpeg 461w, https:\/\/www.lactissima.com\/a-tire-d-ailes\/wp-content\/uploads\/2015\/07\/marlene-300x201.jpeg 300w, https:\/\/www.lactissima.com\/a-tire-d-ailes\/wp-content\/uploads\/2015\/07\/marlene-140x94.jpeg 140w\" sizes=\"(max-width: 461px) 100vw, 461px\" \/>Je voulais vous raconter mon exp\u00e9rience pour motiver certaines mamans \u00e0 tirer leur lait <\/p>\n<p style=\"text-align: justify;\">J&rsquo;ai accouch\u00e9 de ma fille ce 1er septembre. Avant ma grossesse j&rsquo;h\u00e9sitais \u00e0 allaiter car je suis fort sensible de la poitrine. Et pourtant, le jour ou j&rsquo;avais senti bouger ma crevette &#8230; c&rsquo;\u00e9tait une \u00e9vidence ! Mon petit mammif\u00e8re allait profiter de moi <\/p>\n<p style=\"text-align: justify;\">Mais pourtant, Camille en d\u00e9cida autrement !<\/p>\n<p style=\"text-align: justify;\">En effet, le jour de sa naissance, nous l&rsquo;avons mise au sein et elle n&rsquo;a JAMAIS voulu t\u00e9ter !!!<\/p>\n<p style=\"text-align: justify;\">Certaines diront qu&rsquo;elle \u00e9tait mal mise, que je ne savais pas m&rsquo;y prendre ou me diront que c&rsquo;est pour telle ou telle raison. Peut-\u00eatre, mais le r\u00e9sultat \u00e9tait l\u00e0 . Malgr\u00e9 plusieurs consultations avec des sp\u00e9cialistes en lactation, rien n&rsquo;y faisait.<\/p>\n<p style=\"text-align: justify;\">Du coup, dans ma t\u00eate, je voulais absolument essayer de donner mon colostrum, au moins \u00c2\u00ab \u00e7a quoi \u00c2\u00bb notre gel\u00e9e royale. C&rsquo;est pourquoi, les 3 premiers jours on tirait sur mes seins avec l&rsquo;aide des sages-femmes pour en faire sortir un maximum de ce nectar et le donner \u00e0 ma puce   \u00e0 la cuill\u00e8re ! Ce qui \u00e9tait tr\u00e8s douloureux car ma puce m&rsquo;avait fait des crevasses malgr\u00e9 les t\u00e9terelles <\/p>\n<p style=\"text-align: justify;\">Au bout du 3<sup>\u00e8me<\/sup> jour, ma fille a r\u00e9clam\u00e9 \u00e0 manger toutes les 2h pendant la nuit. On a donc d\u00e9cid\u00e9 de lui donner un compl\u00e9ment de lait artificiel \u00e0 la seringue car elle avait faim. Le matin, vers 6 heures, j&rsquo;ai appel\u00e9 une sage femme, pour avoir un bibi et elle n&rsquo;est pas venue tout de suite. Quelle horreur d&rsquo;entendre pleurer mon b\u00e9b\u00e9 de faim alors que si elle voulait, elle avait tout au sein de maman. Je culpabilisais encore plus mais j&rsquo;\u00e9tais d\u00e9termin\u00e9e \u00e0 la nourrir.<\/p>\n<p style=\"text-align: justify;\">J&rsquo;ai cru que c&rsquo;\u00e9tait la fin et que jamais nous n&rsquo;y arriverions. Je vous laisse deviner mon \u00e9tat de tristesse.<\/p>\n<p style=\"text-align: justify;\">Puis, comme chaque matin \u00e0 la mat, j&rsquo;ai rencontr\u00e9 ma sp\u00e9cialiste en lactation qui ma propos\u00e9 cette fois de tirer mon lait. J&rsquo;allais pouvoir lui donner ce que j&rsquo;avais tir\u00e9 et s&rsquo;il fallait, j&rsquo;allais compl\u00e9ter avec du lait en poudre.<\/p>\n<p style=\"text-align: justify;\">Bref, j&rsquo;allais faire \u00e0 ma sauce, avec ce que je pouvais produire, \u00e7a me convenait tr\u00e8s bien.<\/p>\n<p style=\"text-align: justify;\">C&rsquo;est alors qu&rsquo;elle est venue avec LA machine. Ma meilleure amie \ud83d\ude09 (Lactaline Am\u00e9da)<\/p>\n<p style=\"text-align: justify;\">J&rsquo;ai donc essay\u00e9 de tirer mon lait. Premi\u00e8re tentative et avec beaucoup de fiert\u00e9 j&rsquo;ai obtenu 10 ml. Puis, j&rsquo;ai tir\u00e9 mon lait toutes les 2h et m\u00eame la nuit les 5 premiers jours. J&rsquo;\u00e9tais tr\u00e8s fatigu\u00e9e mais quand b\u00e9b\u00e9 avait du LA elle se tordait, avait mal au ventre et r\u00e9clamais beaucoup plus vite \u00e0 manger qu&rsquo;avec mon lait ! J&rsquo;en avais peu mais je voulais \u00c2\u00ab enclencher \u00c2\u00bb la machine.<\/p>\n<p style=\"text-align: justify;\">En rentrant de la mat, nous lui avons donner un bibi LA pendant que je tirais mon lait. Puis, j&rsquo;ai essay\u00e9 de tirer plus ou moins en m\u00eame temps que b\u00e9b\u00e9 mangeait  (Tout en essayant de lui proposer toujours mon sein mais elle ne voulait rien savoir !)<\/p>\n<p style=\"text-align: justify;\">Du coup apr\u00e8s, j&rsquo;ai commenc\u00e9 \u00e0 avoir pile poil ce dont ma fille avait besoin pour sa journ\u00e9e et sa nuit.<\/p>\n<p style=\"text-align: justify;\">Ensuite, je tirais mon lait toutes les 3h en journ\u00e9e, une derni\u00e8re fois \u00e0 minuit puis \u00e0 6h.<\/p>\n<p style=\"text-align: justify;\">Puis apr\u00e8s 3 mois et demi de \u00c2\u00ab tirage intensif \u00c2\u00bb j&rsquo;ai espac\u00e9 un peu.<\/p>\n<p style=\"text-align: justify;\">Mon b\u00e9b\u00e9 \u00e0 4 mois et demi, elle est nourrie exclusivement de lait maternel depuis ses 7jours. Maintenant, je tire mon lait 4 fois par jour (8h-2h-19h-23h) et hier j&rsquo;ai tir\u00e9 1,4 litre !!! Je tire 30-40 minutes car \u00e7a coule encore bien et je \u00c2\u00ab presse \u00c2\u00bb un peu ma poitrine. J&rsquo;\u00e9vite aussi de mettre trop fort la force de succion car je me suis fais d\u00e9j\u00e0 fait des crevasses.<\/p>\n<p style=\"text-align: justify;\">Ma fille boit 800ml environ par jour donc je vous laisse calculer combien je cong\u00e8le   mon cong\u00e9lateur est rempli ! Celui de ma maman aussi  <\/p>\n<p style=\"text-align: justify;\">Je cong\u00e8le dans des petites bouteilles d&rsquo;eau de 33cl, je les vide sans boire au goulot (pour garder un max st\u00e9rile) et je rempli de 240ml (environ 2 bibis) et je n&rsquo;oublie pas de dater.<\/p>\n<p style=\"text-align: justify;\">J&rsquo;ai recommenc\u00e9 le boulot \u00e0 mi-temps, du coup je rentre l&rsquo;apr\u00e8s-midi c&rsquo;est vrai que c&rsquo;est plus chouette pour moi de pouvoir tirer mon lait \u00e0 mon aise \u00e0 la maison. J&rsquo;ai achet\u00e9 un adaptateur voiture pour pouvoir tirer mon lait dans l&rsquo;auto, c&rsquo;est super pratique!!! Sinon, je tire le matin (entre 270ml et 400ml) papa l&rsquo;apporte \u00e0 la cr\u00e8che dans un sac de cong\u00e9lation et je le reprends pour le reste de la journ\u00e9e si Camille n&rsquo;a pas tout bu.<\/p>\n<p style=\"text-align: justify;\">J&rsquo;ai parfois eu de grosses baisses de r\u00e9gime. Il est vrai que si pendant une journ\u00e9e je ne stimulais pas assez la lactation, le lendemain, je produisais beaucoup moins. Du coup, il fallait que je sois plus r\u00e9guli\u00e8re dans le tirage les jours suivants. Mon secret est de boire beaucoup d&rsquo;eau, je prends du Galactogil en grain et du th\u00e9 au fenouil et \u00e0 l&rsquo;anis. Et aussi, un bon vieux rem\u00e8de de grand-m\u00e8re, une bi\u00e8re brune juste apr\u00e8s avoir tir\u00e9 mon lait (j&rsquo;ai entre 5 et 6 h pour \u00e9liminer l&rsquo;alcool !).<\/p>\n<p style=\"text-align: justify;\">J&rsquo;ai achet\u00e9 un adaptateur de prise pour tirer mon lait dans l&rsquo;auto et je peux aussi mettre des piles dans mon tire-lait ! Du coup j&rsquo;ai investit dans une cape et je parviens \u00e0 tirer mon lait comme une m\u00e8re allaiterait en public mais tout \u00e7a en cachette.<\/p>\n<p style=\"text-align: justify;\">C&rsquo;est laborieux, aussi dans le nettoyage (les biberons mais aussi les embouts du TL !) mais quelle fiert\u00e9 d&rsquo;y \u00eatre arriv\u00e9e, le papa n&rsquo;aurait pas pari\u00e9 sur moi vu ma sensibilit\u00e9 des seins et pourtant il est super fier de pouvoir donner le bon lait de maman.<\/p>\n<p style=\"text-align: justify;\">Alors courage et \u00e0 votre tire-lait !!!<\/p>\n<p><strong>Articles en rapport :<\/strong><\/p>\n<ul>\n<li>Voir l&rsquo;onglet <a href=\"https:\/\/www.lactissima.com\/a-tire-d-ailes\/temoignages-travail-et-allaitement\/\" target=\"_blank\">t\u00e9moignages<\/a><\/li>\n<\/ul>\n<p style=\"text-align: justify;\"><div class='et-box et-shadow'>\n\t\t\t\t\t<div class='et-box-content'>Lire des articles ou poser des questions en commentaire ne suffit pas \u00e0 r\u00e9soudre votre probl\u00e8me ?\nSavez-vous que vous pouvez prendre RDV pour une <span style=\"text-decoration: underline;\"><a href=\"http:\/\/www.allaiteraparis.fr\/aide-allaitement\/\" target=\"_blank\">consultation<\/a><\/span> avec moi ?\nN&rsquo;h\u00e9sitez pas \u00e0 me <span style=\"text-decoration: underline;\"><a href=\"http:\/\/www.allaiteraparis.fr\/contacter-une-consultante-en-lactation\/\" target=\"_blank\">contacter<\/a><\/span> !<\/div><\/div><\/p>\n<p style=\"text-align: justify;\"><span style=\"color: #ffffff;\">..<\/span><\/p>\n","protected":false},"excerpt":{"rendered":"<p>Marl\u00e8ne a tir\u00e9 son lait pour son b\u00e9b\u00e9 d\u00e8s la maternit\u00e9 car son b\u00e9b\u00e9 a refus\u00e9 de t\u00e9ter, la reprise du travail a \u00e9t\u00e9 une continuit\u00e9 dans le tirage.<\/p>\n","protected":false},"author":170,"featured_media":6344,"comment_status":"open","ping_status":"open","sticky":false,"template":"","format":"standard","meta":{"_et_pb_use_builder":"","_et_pb_old_content":"","_et_gb_content_width":"","footnotes":""},"categories":[150],"tags":[72],"class_list":["post-6343","post","type-post","status-publish","format-standard","has-post-thumbnail","hentry","category-temoignages","tag-tirer-son-lait"],"yoast_head":"<!-- This site is optimized with the Yoast SEO plugin v27.4 - https:\/\/yoast.com\/product\/yoast-seo-wordpress\/ -->\n<title>Tirer son lait : le t\u00e9moignage de Marl\u00e8ne<\/title>\n<meta name=\"description\" content=\"Marl\u00e8ne a tir\u00e9 son lait pour son b\u00e9b\u00e9 d\u00e8s la maternit\u00e9 car son b\u00e9b\u00e9 a refus\u00e9 de t\u00e9ter, la reprise du travail a \u00e9t\u00e9 une continuit\u00e9 dans le tirage.\" \/>\n<meta name=\"robots\" content=\"index, follow, max-snippet:-1, max-image-preview:large, max-video-preview:-1\" \/>\n<link rel=\"canonical\" href=\"https:\/\/www.lactissima.com\/a-tire-d-ailes\/tirer-son-lait-le-temoignage-de-marlene\/\" \/>\n<meta property=\"og:locale\" content=\"fr_FR\" \/>\n<meta property=\"og:type\" content=\"article\" \/>\n<meta property=\"og:title\" content=\"Tirer son lait : le t\u00e9moignage de Marl\u00e8ne\" \/>\n<meta property=\"og:description\" content=\"Marl\u00e8ne a tir\u00e9 son lait pour son b\u00e9b\u00e9 d\u00e8s la maternit\u00e9 car son b\u00e9b\u00e9 a refus\u00e9 de t\u00e9ter, la reprise du travail a \u00e9t\u00e9 une continuit\u00e9 dans le tirage.\" \/>\n<meta property=\"og:url\" content=\"https:\/\/www.lactissima.com\/a-tire-d-ailes\/tirer-son-lait-le-temoignage-de-marlene\/\" \/>\n<meta property=\"og:site_name\" content=\"A tire d&#039;Ailes\" \/>\n<meta property=\"article:publisher\" content=\"https:\/\/www.facebook.com\/consultante.en.lactation\" \/>\n<meta property=\"article:author\" content=\"www.facebook.com\/consultante.en.lactation\" \/>\n<meta property=\"article:published_time\" content=\"2015-07-03T17:58:29+00:00\" \/>\n<meta property=\"og:image\" content=\"https:\/\/www.lactissima.com\/a-tire-d-ailes\/wp-content\/uploads\/2015\/07\/marlene.jpeg\" \/>\n\t<meta property=\"og:image:width\" content=\"461\" \/>\n\t<meta property=\"og:image:height\" content=\"309\" \/>\n\t<meta property=\"og:image:type\" content=\"image\/jpeg\" \/>\n<meta name=\"author\" content=\"V\u00e9ronique Darmangeat\" \/>\n<meta name=\"twitter:card\" content=\"summary_large_image\" \/>\n<meta name=\"twitter:creator\" content=\"@VeroniqueIBCLC\" \/>\n<meta name=\"twitter:site\" content=\"@VeroniqueIBCLC\" \/>\n<meta name=\"twitter:label1\" content=\"\u00c9crit par\" \/>\n\t<meta name=\"twitter:data1\" content=\"V\u00e9ronique Darmangeat\" \/>\n\t<meta name=\"twitter:label2\" content=\"Dur\u00e9e de lecture estim\u00e9e\" \/>\n\t<meta name=\"twitter:data2\" content=\"5 minutes\" \/>\n<script type=\"application\/ld+json\" class=\"yoast-schema-graph\">{\"@context\":\"https:\\\/\\\/schema.org\",\"@graph\":[{\"@type\":\"Article\",\"@id\":\"https:\\\/\\\/www.lactissima.com\\\/a-tire-d-ailes\\\/tirer-son-lait-le-temoignage-de-marlene\\\/#article\",\"isPartOf\":{\"@id\":\"https:\\\/\\\/www.lactissima.com\\\/a-tire-d-ailes\\\/tirer-son-lait-le-temoignage-de-marlene\\\/\"},\"author\":{\"name\":\"V\u00e9ronique Darmangeat\",\"@id\":\"https:\\\/\\\/www.lactissima.com\\\/a-tire-d-ailes\\\/#\\\/schema\\\/person\\\/8f98d3a89530861bc1240e6d53d44eed\"},\"headline\":\"Tirer son lait : le t\u00e9moignage de Marl\u00e8ne\",\"datePublished\":\"2015-07-03T17:58:29+00:00\",\"mainEntityOfPage\":{\"@id\":\"https:\\\/\\\/www.lactissima.com\\\/a-tire-d-ailes\\\/tirer-son-lait-le-temoignage-de-marlene\\\/\"},\"wordCount\":1072,\"commentCount\":12,\"image\":{\"@id\":\"https:\\\/\\\/www.lactissima.com\\\/a-tire-d-ailes\\\/tirer-son-lait-le-temoignage-de-marlene\\\/#primaryimage\"},\"thumbnailUrl\":\"https:\\\/\\\/www.lactissima.com\\\/a-tire-d-ailes\\\/wp-content\\\/uploads\\\/2015\\\/07\\\/marlene.jpeg\",\"keywords\":[\"tirer son lait\"],\"articleSection\":[\"t\u00e9moignages\"],\"inLanguage\":\"fr-FR\",\"potentialAction\":[{\"@type\":\"CommentAction\",\"name\":\"Comment\",\"target\":[\"https:\\\/\\\/www.lactissima.com\\\/a-tire-d-ailes\\\/tirer-son-lait-le-temoignage-de-marlene\\\/#respond\"]}]},{\"@type\":\"WebPage\",\"@id\":\"https:\\\/\\\/www.lactissima.com\\\/a-tire-d-ailes\\\/tirer-son-lait-le-temoignage-de-marlene\\\/\",\"url\":\"https:\\\/\\\/www.lactissima.com\\\/a-tire-d-ailes\\\/tirer-son-lait-le-temoignage-de-marlene\\\/\",\"name\":\"Tirer son lait : le t\u00e9moignage de Marl\u00e8ne\",\"isPartOf\":{\"@id\":\"https:\\\/\\\/www.lactissima.com\\\/a-tire-d-ailes\\\/#website\"},\"primaryImageOfPage\":{\"@id\":\"https:\\\/\\\/www.lactissima.com\\\/a-tire-d-ailes\\\/tirer-son-lait-le-temoignage-de-marlene\\\/#primaryimage\"},\"image\":{\"@id\":\"https:\\\/\\\/www.lactissima.com\\\/a-tire-d-ailes\\\/tirer-son-lait-le-temoignage-de-marlene\\\/#primaryimage\"},\"thumbnailUrl\":\"https:\\\/\\\/www.lactissima.com\\\/a-tire-d-ailes\\\/wp-content\\\/uploads\\\/2015\\\/07\\\/marlene.jpeg\",\"datePublished\":\"2015-07-03T17:58:29+00:00\",\"author\":{\"@id\":\"https:\\\/\\\/www.lactissima.com\\\/a-tire-d-ailes\\\/#\\\/schema\\\/person\\\/8f98d3a89530861bc1240e6d53d44eed\"},\"description\":\"Marl\u00e8ne a tir\u00e9 son lait pour son b\u00e9b\u00e9 d\u00e8s la maternit\u00e9 car son b\u00e9b\u00e9 a refus\u00e9 de t\u00e9ter, la reprise du travail a \u00e9t\u00e9 une continuit\u00e9 dans le tirage.\",\"breadcrumb\":{\"@id\":\"https:\\\/\\\/www.lactissima.com\\\/a-tire-d-ailes\\\/tirer-son-lait-le-temoignage-de-marlene\\\/#breadcrumb\"},\"inLanguage\":\"fr-FR\",\"potentialAction\":[{\"@type\":\"ReadAction\",\"target\":[\"https:\\\/\\\/www.lactissima.com\\\/a-tire-d-ailes\\\/tirer-son-lait-le-temoignage-de-marlene\\\/\"]}]},{\"@type\":\"ImageObject\",\"inLanguage\":\"fr-FR\",\"@id\":\"https:\\\/\\\/www.lactissima.com\\\/a-tire-d-ailes\\\/tirer-son-lait-le-temoignage-de-marlene\\\/#primaryimage\",\"url\":\"https:\\\/\\\/www.lactissima.com\\\/a-tire-d-ailes\\\/wp-content\\\/uploads\\\/2015\\\/07\\\/marlene.jpeg\",\"contentUrl\":\"https:\\\/\\\/www.lactissima.com\\\/a-tire-d-ailes\\\/wp-content\\\/uploads\\\/2015\\\/07\\\/marlene.jpeg\",\"width\":461,\"height\":309,\"caption\":\"Tirer son lait\"},{\"@type\":\"BreadcrumbList\",\"@id\":\"https:\\\/\\\/www.lactissima.com\\\/a-tire-d-ailes\\\/tirer-son-lait-le-temoignage-de-marlene\\\/#breadcrumb\",\"itemListElement\":[{\"@type\":\"ListItem\",\"position\":1,\"name\":\"Accueil\",\"item\":\"https:\\\/\\\/www.lactissima.com\\\/a-tire-d-ailes\\\/\"},{\"@type\":\"ListItem\",\"position\":2,\"name\":\"Tirer son lait : le t\u00e9moignage de Marl\u00e8ne\"}]},{\"@type\":\"WebSite\",\"@id\":\"https:\\\/\\\/www.lactissima.com\\\/a-tire-d-ailes\\\/#website\",\"url\":\"https:\\\/\\\/www.lactissima.com\\\/a-tire-d-ailes\\\/\",\"name\":\"A tire d&#039;Ailes\",\"description\":\"Le blog des femmes qui allaitent et travaillent.\",\"potentialAction\":[{\"@type\":\"SearchAction\",\"target\":{\"@type\":\"EntryPoint\",\"urlTemplate\":\"https:\\\/\\\/www.lactissima.com\\\/a-tire-d-ailes\\\/?s={search_term_string}\"},\"query-input\":{\"@type\":\"PropertyValueSpecification\",\"valueRequired\":true,\"valueName\":\"search_term_string\"}}],\"inLanguage\":\"fr-FR\"},{\"@type\":\"Person\",\"@id\":\"https:\\\/\\\/www.lactissima.com\\\/a-tire-d-ailes\\\/#\\\/schema\\\/person\\\/8f98d3a89530861bc1240e6d53d44eed\",\"name\":\"V\u00e9ronique Darmangeat\",\"image\":{\"@type\":\"ImageObject\",\"inLanguage\":\"fr-FR\",\"@id\":\"https:\\\/\\\/secure.gravatar.com\\\/avatar\\\/268c99344c89cebfe4f5df5fa8be43068a18884fc76a29f3206fae98465b9cab?s=96&d=identicon&r=g\",\"url\":\"https:\\\/\\\/secure.gravatar.com\\\/avatar\\\/268c99344c89cebfe4f5df5fa8be43068a18884fc76a29f3206fae98465b9cab?s=96&d=identicon&r=g\",\"contentUrl\":\"https:\\\/\\\/secure.gravatar.com\\\/avatar\\\/268c99344c89cebfe4f5df5fa8be43068a18884fc76a29f3206fae98465b9cab?s=96&d=identicon&r=g\",\"caption\":\"V\u00e9ronique Darmangeat\"},\"sameAs\":[\"https:\\\/\\\/www.lactissima.com\\\/a-tire-d-ailes\",\"www.facebook.com\\\/consultante.en.lactation\"]}]}<\/script>\n<!-- \/ Yoast SEO plugin. -->","yoast_head_json":{"title":"Tirer son lait : le t\u00e9moignage de Marl\u00e8ne","description":"Marl\u00e8ne a tir\u00e9 son lait pour son b\u00e9b\u00e9 d\u00e8s la maternit\u00e9 car son b\u00e9b\u00e9 a refus\u00e9 de t\u00e9ter, la reprise du travail a \u00e9t\u00e9 une continuit\u00e9 dans le tirage.","robots":{"index":"index","follow":"follow","max-snippet":"max-snippet:-1","max-image-preview":"max-image-preview:large","max-video-preview":"max-video-preview:-1"},"canonical":"https:\/\/www.lactissima.com\/a-tire-d-ailes\/tirer-son-lait-le-temoignage-de-marlene\/","og_locale":"fr_FR","og_type":"article","og_title":"Tirer son lait : le t\u00e9moignage de Marl\u00e8ne","og_description":"Marl\u00e8ne a tir\u00e9 son lait pour son b\u00e9b\u00e9 d\u00e8s la maternit\u00e9 car son b\u00e9b\u00e9 a refus\u00e9 de t\u00e9ter, la reprise du travail a \u00e9t\u00e9 une continuit\u00e9 dans le tirage.","og_url":"https:\/\/www.lactissima.com\/a-tire-d-ailes\/tirer-son-lait-le-temoignage-de-marlene\/","og_site_name":"A tire d&#039;Ailes","article_publisher":"https:\/\/www.facebook.com\/consultante.en.lactation","article_author":"www.facebook.com\/consultante.en.lactation","article_published_time":"2015-07-03T17:58:29+00:00","og_image":[{"width":461,"height":309,"url":"https:\/\/www.lactissima.com\/a-tire-d-ailes\/wp-content\/uploads\/2015\/07\/marlene.jpeg","type":"image\/jpeg"}],"author":"V\u00e9ronique Darmangeat","twitter_card":"summary_large_image","twitter_creator":"@VeroniqueIBCLC","twitter_site":"@VeroniqueIBCLC","twitter_misc":{"\u00c9crit par":"V\u00e9ronique Darmangeat","Dur\u00e9e de lecture estim\u00e9e":"5 minutes"},"schema":{"@context":"https:\/\/schema.org","@graph":[{"@type":"Article","@id":"https:\/\/www.lactissima.com\/a-tire-d-ailes\/tirer-son-lait-le-temoignage-de-marlene\/#article","isPartOf":{"@id":"https:\/\/www.lactissima.com\/a-tire-d-ailes\/tirer-son-lait-le-temoignage-de-marlene\/"},"author":{"name":"V\u00e9ronique Darmangeat","@id":"https:\/\/www.lactissima.com\/a-tire-d-ailes\/#\/schema\/person\/8f98d3a89530861bc1240e6d53d44eed"},"headline":"Tirer son lait : le t\u00e9moignage de Marl\u00e8ne","datePublished":"2015-07-03T17:58:29+00:00","mainEntityOfPage":{"@id":"https:\/\/www.lactissima.com\/a-tire-d-ailes\/tirer-son-lait-le-temoignage-de-marlene\/"},"wordCount":1072,"commentCount":12,"image":{"@id":"https:\/\/www.lactissima.com\/a-tire-d-ailes\/tirer-son-lait-le-temoignage-de-marlene\/#primaryimage"},"thumbnailUrl":"https:\/\/www.lactissima.com\/a-tire-d-ailes\/wp-content\/uploads\/2015\/07\/marlene.jpeg","keywords":["tirer son lait"],"articleSection":["t\u00e9moignages"],"inLanguage":"fr-FR","potentialAction":[{"@type":"CommentAction","name":"Comment","target":["https:\/\/www.lactissima.com\/a-tire-d-ailes\/tirer-son-lait-le-temoignage-de-marlene\/#respond"]}]},{"@type":"WebPage","@id":"https:\/\/www.lactissima.com\/a-tire-d-ailes\/tirer-son-lait-le-temoignage-de-marlene\/","url":"https:\/\/www.lactissima.com\/a-tire-d-ailes\/tirer-son-lait-le-temoignage-de-marlene\/","name":"Tirer son lait : le t\u00e9moignage de Marl\u00e8ne","isPartOf":{"@id":"https:\/\/www.lactissima.com\/a-tire-d-ailes\/#website"},"primaryImageOfPage":{"@id":"https:\/\/www.lactissima.com\/a-tire-d-ailes\/tirer-son-lait-le-temoignage-de-marlene\/#primaryimage"},"image":{"@id":"https:\/\/www.lactissima.com\/a-tire-d-ailes\/tirer-son-lait-le-temoignage-de-marlene\/#primaryimage"},"thumbnailUrl":"https:\/\/www.lactissima.com\/a-tire-d-ailes\/wp-content\/uploads\/2015\/07\/marlene.jpeg","datePublished":"2015-07-03T17:58:29+00:00","author":{"@id":"https:\/\/www.lactissima.com\/a-tire-d-ailes\/#\/schema\/person\/8f98d3a89530861bc1240e6d53d44eed"},"description":"Marl\u00e8ne a tir\u00e9 son lait pour son b\u00e9b\u00e9 d\u00e8s la maternit\u00e9 car son b\u00e9b\u00e9 a refus\u00e9 de t\u00e9ter, la reprise du travail a \u00e9t\u00e9 une continuit\u00e9 dans le tirage.","breadcrumb":{"@id":"https:\/\/www.lactissima.com\/a-tire-d-ailes\/tirer-son-lait-le-temoignage-de-marlene\/#breadcrumb"},"inLanguage":"fr-FR","potentialAction":[{"@type":"ReadAction","target":["https:\/\/www.lactissima.com\/a-tire-d-ailes\/tirer-son-lait-le-temoignage-de-marlene\/"]}]},{"@type":"ImageObject","inLanguage":"fr-FR","@id":"https:\/\/www.lactissima.com\/a-tire-d-ailes\/tirer-son-lait-le-temoignage-de-marlene\/#primaryimage","url":"https:\/\/www.lactissima.com\/a-tire-d-ailes\/wp-content\/uploads\/2015\/07\/marlene.jpeg","contentUrl":"https:\/\/www.lactissima.com\/a-tire-d-ailes\/wp-content\/uploads\/2015\/07\/marlene.jpeg","width":461,"height":309,"caption":"Tirer son lait"},{"@type":"BreadcrumbList","@id":"https:\/\/www.lactissima.com\/a-tire-d-ailes\/tirer-son-lait-le-temoignage-de-marlene\/#breadcrumb","itemListElement":[{"@type":"ListItem","position":1,"name":"Accueil","item":"https:\/\/www.lactissima.com\/a-tire-d-ailes\/"},{"@type":"ListItem","position":2,"name":"Tirer son lait : le t\u00e9moignage de Marl\u00e8ne"}]},{"@type":"WebSite","@id":"https:\/\/www.lactissima.com\/a-tire-d-ailes\/#website","url":"https:\/\/www.lactissima.com\/a-tire-d-ailes\/","name":"A tire d&#039;Ailes","description":"Le blog des femmes qui allaitent et travaillent.","potentialAction":[{"@type":"SearchAction","target":{"@type":"EntryPoint","urlTemplate":"https:\/\/www.lactissima.com\/a-tire-d-ailes\/?s={search_term_string}"},"query-input":{"@type":"PropertyValueSpecification","valueRequired":true,"valueName":"search_term_string"}}],"inLanguage":"fr-FR"},{"@type":"Person","@id":"https:\/\/www.lactissima.com\/a-tire-d-ailes\/#\/schema\/person\/8f98d3a89530861bc1240e6d53d44eed","name":"V\u00e9ronique Darmangeat","image":{"@type":"ImageObject","inLanguage":"fr-FR","@id":"https:\/\/secure.gravatar.com\/avatar\/268c99344c89cebfe4f5df5fa8be43068a18884fc76a29f3206fae98465b9cab?s=96&d=identicon&r=g","url":"https:\/\/secure.gravatar.com\/avatar\/268c99344c89cebfe4f5df5fa8be43068a18884fc76a29f3206fae98465b9cab?s=96&d=identicon&r=g","contentUrl":"https:\/\/secure.gravatar.com\/avatar\/268c99344c89cebfe4f5df5fa8be43068a18884fc76a29f3206fae98465b9cab?s=96&d=identicon&r=g","caption":"V\u00e9ronique Darmangeat"},"sameAs":["https:\/\/www.lactissima.com\/a-tire-d-ailes","www.facebook.com\/consultante.en.lactation"]}]}},"_links":{"self":[{"href":"https:\/\/www.lactissima.com\/a-tire-d-ailes\/wp-json\/wp\/v2\/posts\/6343","targetHints":{"allow":["GET"]}}],"collection":[{"href":"https:\/\/www.lactissima.com\/a-tire-d-ailes\/wp-json\/wp\/v2\/posts"}],"about":[{"href":"https:\/\/www.lactissima.com\/a-tire-d-ailes\/wp-json\/wp\/v2\/types\/post"}],"author":[{"embeddable":true,"href":"https:\/\/www.lactissima.com\/a-tire-d-ailes\/wp-json\/wp\/v2\/users\/170"}],"replies":[{"embeddable":true,"href":"https:\/\/www.lactissima.com\/a-tire-d-ailes\/wp-json\/wp\/v2\/comments?post=6343"}],"version-history":[{"count":3,"href":"https:\/\/www.lactissima.com\/a-tire-d-ailes\/wp-json\/wp\/v2\/posts\/6343\/revisions"}],"predecessor-version":[{"id":6347,"href":"https:\/\/www.lactissima.com\/a-tire-d-ailes\/wp-json\/wp\/v2\/posts\/6343\/revisions\/6347"}],"wp:featuredmedia":[{"embeddable":true,"href":"https:\/\/www.lactissima.com\/a-tire-d-ailes\/wp-json\/wp\/v2\/media\/6344"}],"wp:attachment":[{"href":"https:\/\/www.lactissima.com\/a-tire-d-ailes\/wp-json\/wp\/v2\/media?parent=6343"}],"wp:term":[{"taxonomy":"category","embeddable":true,"href":"https:\/\/www.lactissima.com\/a-tire-d-ailes\/wp-json\/wp\/v2\/categories?post=6343"},{"taxonomy":"post_tag","embeddable":true,"href":"https:\/\/www.lactissima.com\/a-tire-d-ailes\/wp-json\/wp\/v2\/tags?post=6343"}],"curies":[{"name":"wp","href":"https:\/\/api.w.org\/{rel}","templated":true}]}}