{"id":6317,"date":"2015-06-18T09:41:02","date_gmt":"2015-06-18T07:41:02","guid":{"rendered":"https:\/\/www.lactissima.com\/a-tire-d-ailes\/?p=6317"},"modified":"2015-06-18T09:42:26","modified_gmt":"2015-06-18T07:42:26","slug":"sevrages-le-temoignage-damelie","status":"publish","type":"post","link":"https:\/\/www.lactissima.com\/a-tire-d-ailes\/sevrages-le-temoignage-damelie\/","title":{"rendered":"Sevrages : le t\u00e9moignage d&rsquo;Am\u00e9lie"},"content":{"rendered":"<div dir=\"ltr\">\n<div dir=\"ltr\">\n<div dir=\"ltr\">\n<div dir=\"ltr\">\n<div dir=\"ltr\">\n<div style=\"text-align: justify;\"><strong><img loading=\"lazy\" decoding=\"async\" class=\"alignright size-full wp-image-6318\" src=\"https:\/\/www.lactissima.com\/a-tire-d-ailes\/wp-content\/uploads\/2015\/06\/am\u00e9lie.jpg\" alt=\"sevrage\" width=\"260\" height=\"347\" srcset=\"https:\/\/www.lactissima.com\/a-tire-d-ailes\/wp-content\/uploads\/2015\/06\/am\u00e9lie.jpg 260w, https:\/\/www.lactissima.com\/a-tire-d-ailes\/wp-content\/uploads\/2015\/06\/am\u00e9lie-225x300.jpg 225w\" sizes=\"(max-width: 260px) 100vw, 260px\" \/>A quel moment avez-vous d\u00e9cid\u00e9 de sevrer votre b\u00e9b\u00e9 ?<\/strong><\/div>\n<div style=\"text-align: justify;\"><span style=\"color: #ffffff;\">.. <\/span><\/div>\n<div style=\"text-align: justify;\">J&rsquo;ai repris le travail (de nuit) quand Lilou avait 4 mois. Je tirais donc mon lait pour le lui donner lorsqu&rsquo;elle \u00e9tait \u00e0 la cr\u00e8che. On a fonctionn\u00e9 ainsi jusqu&rsquo;\u00e0 mes premiers cong\u00e9s (elle avait alors 5 mois 1\/2).<\/div>\n<div style=\"text-align: justify;\">Mais plus le temps passait, plus tirer mon lait devenait une contrainte. Je subissais ce c\u00f4t\u00e9 de l&rsquo;allaitement et le faisais uniquement parce que c&rsquo;\u00e9tait b\u00e9n\u00e9fique \u00e0 ma fille.<\/div>\n<div style=\"text-align: justify;\">Mon principal probl\u00e8me est que j&rsquo;ai un rythme totalement diff\u00e9rent les jours travaill\u00e9s des jours de repos. Et je n&rsquo;ai jamais su avoir le m\u00eame rythme. Donc, mes seins ne savaient plus trop \u00e0 quel rythme se fier, quand devaient-ils se mettre au repos, quand devaient-ils produire ??? Et cette \u00ab\u00a0confusion\u00a0\u00bb entrainait chez moi une obligation de tirer mon lait pour me soulager et \u00e9viter les engorgements. Seulement, plus on tire, plus on produit&#8230; Bref, les vacances arrivant en m\u00eame temps que les 6 mois de Lilou, j&rsquo;ai voulu passer \u00e0 un allaitement mixte.<\/div>\n<div style=\"text-align: justify;\">\n<p><strong>Comment vous y \u00eates-vous prise ?<br \/>\n<span style=\"color: #ffffff;\">..<\/span><br \/>\n<\/strong>Ayant d\u00e9j\u00e0 commenc\u00e9 la diversification d\u00e8s 4 mois, elle ne prenait plus qu&rsquo;une t\u00e9t\u00e9e le matin, une au go\u00fbter et une le soir. Elle a fait ses nuits d\u00e8s ses 3 mois. Avec mes horaires, j&rsquo;\u00e9tais toujours pr\u00e9sente \u00e0 la maison pour la t\u00e9t\u00e9e du matin et celle du soir. Il ne manquait que la t\u00e9t\u00e9e du go\u00fbter, que je voulais donc remplacer par mes r\u00e9serves de lait congel\u00e9 dans un premier temps, une pr\u00e9paration pour nourrisson par la suite.<\/p>\n<\/div>\n<div style=\"text-align: justify;\">J&rsquo;ai toujours eu beaucoup de lait (d\u00e8s mon 5\u00e8me mois de grossesse). Je me suis donc imagin\u00e9 que les deux t\u00e9t\u00e9es suffiraient pour maintenir ma lactation.<\/div>\n<div style=\"text-align: justify;\">On a fonctionn\u00e9 comme \u00e7a pendant 15 jours puis je me suis rendue compte que ma lactation n&rsquo;\u00e9tait plus suffisante non plus pour le matin. Je compl\u00e9tais donc par un biberon de lait maternel congel\u00e9.<\/div>\n<div style=\"text-align: justify;\">Et puis, Lilou a commenc\u00e9 a refuser de t\u00e9ter le soir aussi (trop d&rsquo;effort pour si peu de lait ?). Progressivement, elle n&rsquo;a plus voulu de mon sein. On a continuer le lait maternel pendant 1 mois, le temps d&rsquo;\u00e9couler les stocks du cong\u00e9lateur. Puis, on a introduit la pr\u00e9paration pour nourrisson au go\u00fbter, puis le matin et puis le soir. Le sevrage s&rsquo;est fait de fa\u00e7on assez progressive.<\/div>\n<div style=\"text-align: justify;\"><span style=\"color: #ffffff;\"> ..<\/span><\/div>\n<div style=\"text-align: justify;\"><strong>Etes-vous satisfaite de ce sevrage ?<\/strong><\/div>\n<div style=\"text-align: justify;\"><span style=\"color: #ffffff;\"> ..<\/span><\/div>\n<div style=\"text-align: justify;\">Oui et non&#8230; Oui car il s&rsquo;est fait progressivement, parce que j&rsquo;avais choisi de ne plus tirer mon lait. Non car j&rsquo;aurais aim\u00e9 maintenir deux t\u00e9t\u00e9es pendant plus longtemps, jusqu&rsquo;\u00e0 ses 9 mois&#8230;<\/div>\n<div style=\"text-align: justify;\">J&rsquo;aurais d\u00fb mieux me renseigner car j&rsquo;ai ensuite trouv\u00e9 l&rsquo;info sur ce site, 3 t\u00e9t\u00e9es minimum pour un allaitement mixte&#8230;.Le plus dur pour moi a \u00e9t\u00e9 cette pens\u00e9e : \u00ab\u00a0\u00c3\u2021a y est, ma fille n&rsquo;a plus besoin de moi pour manger&#8230; \u00ab\u00a0<\/div>\n<div style=\"text-align: justify;\">Mais je ne veux pas avoir de regrets. Mon allaitement \u00e9tait une des plus belles p\u00e9riodes de ma vie. Il m&rsquo;a permis un \u00e9panouissement total.<\/div>\n<div style=\"text-align: justify;\">Et puis, il faut que j&rsquo;avoue que je m&rsquo;\u00e9tais fix\u00e9 une limite de 10 mois (allez savoir pourquoi, je ne le sais pas moi m\u00eame). Pas de regret non plus car je sais que Lilou aura un petit fr\u00e8re ou une petite soeur un jour et que cet enfant sera allait\u00e9&#8230; plus longtemps !<\/div>\n<div style=\"text-align: justify;\"><span style=\"color: #ffffff;\"> ..<\/span><\/div>\n<div style=\"text-align: justify;\"><strong>Qu&rsquo;aimeriez-vous dire aux femmes qui souhaitent sevrer leur b\u00e9b\u00e9 ?<\/strong><\/div>\n<div style=\"text-align: justify;\"><span style=\"color: #ffffff;\"> ..<\/span><\/div>\n<div style=\"text-align: justify;\">Ce que m&rsquo;a dit ma m\u00e8re lorsque j&rsquo;ai eu un moral en berne apr\u00e8s le sevrage : \u00ab\u00a0Ne pas regretter, tu as fait ce que tu as pu et elle a d\u00e9j\u00e0 re\u00e7u 7 mois pleins de ton lait, c&rsquo;est d\u00e9j\u00e0 une grande chance pour elle\u00a0\u00bb. Avoir confiance, en soi, en son b\u00e9b\u00e9 est le plus important pour ne pas douter !<\/div>\n<\/div>\n<\/div>\n<\/div>\n<\/div>\n<\/div>\n<div style=\"text-align: justify;\"><\/div>\n<div style=\"text-align: justify;\">\n<p><strong>Articles en rapport :<\/strong><\/p>\n<ul>\n<li>Voir l&rsquo;onglet <a href=\"https:\/\/www.lactissima.com\/a-tire-d-ailes\/temoignages-travail-et-allaitement\/\" target=\"_blank\">t\u00e9moignages<\/a><\/li>\n<\/ul>\n<div class='et-box et-shadow'>\n\t\t\t\t\t<div class='et-box-content'>Lire des articles ou poser des questions en commentaire ne suffit pas \u00e0 r\u00e9soudre votre probl\u00e8me ?\nSavez-vous que vous pouvez prendre RDV pour une <span style=\"text-decoration: underline;\"><a href=\"http:\/\/www.allaiteraparis.fr\/aide-allaitement\/\" target=\"_blank\">consultation<\/a><\/span> avec moi ?\nN&rsquo;h\u00e9sitez pas \u00e0 me <span style=\"text-decoration: underline;\"><a href=\"http:\/\/www.allaiteraparis.fr\/contacter-une-consultante-en-lactation\/\" target=\"_blank\">contacter<\/a><\/span> !<\/div><\/div>\n<p>&nbsp;<\/p>\n<\/div>\n","protected":false},"excerpt":{"rendered":"<p>A quel moment avez-vous d\u00e9cid\u00e9 de sevrer votre b\u00e9b\u00e9 ? .. J&rsquo;ai repris le travail (de nuit) quand Lilou avait 4 mois. Je tirais donc mon lait pour le lui donner lorsqu&rsquo;elle \u00e9tait \u00e0 la cr\u00e8che. On a fonctionn\u00e9 ainsi jusqu&rsquo;\u00e0 mes premiers cong\u00e9s (elle avait alors 5 mois 1\/2). Mais plus le temps passait, [&hellip;]<\/p>\n","protected":false},"author":170,"featured_media":6318,"comment_status":"open","ping_status":"open","sticky":false,"template":"","format":"standard","meta":{"_et_pb_use_builder":"","_et_pb_old_content":"","_et_gb_content_width":"","footnotes":""},"categories":[665],"tags":[56],"class_list":["post-6317","post","type-post","status-publish","format-standard","has-post-thumbnail","hentry","category-sevrage","tag-sevrage"],"yoast_head":"<!-- This site is optimized with the Yoast SEO plugin v27.4 - https:\/\/yoast.com\/product\/yoast-seo-wordpress\/ -->\n<title>Sevrages : le t\u00e9moignage d&#039;Am\u00e9lie<\/title>\n<meta name=\"description\" content=\"Le sevrage de Lilou n&#039;a pas \u00e9t\u00e9 celui souhait\u00e9 par sa m\u00e8re mais elle reste satisfaite de la mani\u00e8re dont \u00e7a s&#039;est pass\u00e9.\" \/>\n<meta name=\"robots\" content=\"index, follow, max-snippet:-1, max-image-preview:large, max-video-preview:-1\" \/>\n<link rel=\"canonical\" href=\"https:\/\/www.lactissima.com\/a-tire-d-ailes\/sevrages-le-temoignage-damelie\/\" \/>\n<meta property=\"og:locale\" content=\"fr_FR\" \/>\n<meta property=\"og:type\" content=\"article\" \/>\n<meta property=\"og:title\" content=\"Sevrages : le t\u00e9moignage d&#039;Am\u00e9lie\" \/>\n<meta property=\"og:description\" content=\"Le sevrage de Lilou n&#039;a pas \u00e9t\u00e9 celui souhait\u00e9 par sa m\u00e8re mais elle reste satisfaite de la mani\u00e8re dont \u00e7a s&#039;est pass\u00e9.\" \/>\n<meta property=\"og:url\" content=\"https:\/\/www.lactissima.com\/a-tire-d-ailes\/sevrages-le-temoignage-damelie\/\" \/>\n<meta property=\"og:site_name\" content=\"A tire d&#039;Ailes\" \/>\n<meta property=\"article:publisher\" content=\"https:\/\/www.facebook.com\/consultante.en.lactation\" \/>\n<meta property=\"article:author\" content=\"www.facebook.com\/consultante.en.lactation\" \/>\n<meta property=\"article:published_time\" content=\"2015-06-18T07:41:02+00:00\" \/>\n<meta property=\"article:modified_time\" content=\"2015-06-18T07:42:26+00:00\" \/>\n<meta property=\"og:image\" content=\"https:\/\/www.lactissima.com\/a-tire-d-ailes\/wp-content\/uploads\/2015\/06\/am\u00e9lie.jpg\" \/>\n\t<meta property=\"og:image:width\" content=\"260\" \/>\n\t<meta property=\"og:image:height\" content=\"347\" \/>\n\t<meta property=\"og:image:type\" content=\"image\/jpeg\" \/>\n<meta name=\"author\" content=\"V\u00e9ronique Darmangeat\" \/>\n<meta name=\"twitter:card\" content=\"summary_large_image\" \/>\n<meta name=\"twitter:creator\" content=\"@VeroniqueIBCLC\" \/>\n<meta name=\"twitter:site\" content=\"@VeroniqueIBCLC\" \/>\n<meta name=\"twitter:label1\" content=\"\u00c9crit par\" \/>\n\t<meta name=\"twitter:data1\" content=\"V\u00e9ronique Darmangeat\" \/>\n\t<meta name=\"twitter:label2\" content=\"Dur\u00e9e de lecture estim\u00e9e\" \/>\n\t<meta name=\"twitter:data2\" content=\"3 minutes\" \/>\n<script type=\"application\/ld+json\" class=\"yoast-schema-graph\">{\"@context\":\"https:\\\/\\\/schema.org\",\"@graph\":[{\"@type\":\"Article\",\"@id\":\"https:\\\/\\\/www.lactissima.com\\\/a-tire-d-ailes\\\/sevrages-le-temoignage-damelie\\\/#article\",\"isPartOf\":{\"@id\":\"https:\\\/\\\/www.lactissima.com\\\/a-tire-d-ailes\\\/sevrages-le-temoignage-damelie\\\/\"},\"author\":{\"name\":\"V\u00e9ronique Darmangeat\",\"@id\":\"https:\\\/\\\/www.lactissima.com\\\/a-tire-d-ailes\\\/#\\\/schema\\\/person\\\/8f98d3a89530861bc1240e6d53d44eed\"},\"headline\":\"Sevrages : le t\u00e9moignage d&rsquo;Am\u00e9lie\",\"datePublished\":\"2015-06-18T07:41:02+00:00\",\"dateModified\":\"2015-06-18T07:42:26+00:00\",\"mainEntityOfPage\":{\"@id\":\"https:\\\/\\\/www.lactissima.com\\\/a-tire-d-ailes\\\/sevrages-le-temoignage-damelie\\\/\"},\"wordCount\":724,\"commentCount\":0,\"image\":{\"@id\":\"https:\\\/\\\/www.lactissima.com\\\/a-tire-d-ailes\\\/sevrages-le-temoignage-damelie\\\/#primaryimage\"},\"thumbnailUrl\":\"https:\\\/\\\/www.lactissima.com\\\/a-tire-d-ailes\\\/wp-content\\\/uploads\\\/2015\\\/06\\\/am\u00e9lie.jpg\",\"keywords\":[\"Sevrage\"],\"articleSection\":[\"Sevrage\"],\"inLanguage\":\"fr-FR\",\"potentialAction\":[{\"@type\":\"CommentAction\",\"name\":\"Comment\",\"target\":[\"https:\\\/\\\/www.lactissima.com\\\/a-tire-d-ailes\\\/sevrages-le-temoignage-damelie\\\/#respond\"]}]},{\"@type\":\"WebPage\",\"@id\":\"https:\\\/\\\/www.lactissima.com\\\/a-tire-d-ailes\\\/sevrages-le-temoignage-damelie\\\/\",\"url\":\"https:\\\/\\\/www.lactissima.com\\\/a-tire-d-ailes\\\/sevrages-le-temoignage-damelie\\\/\",\"name\":\"Sevrages : le t\u00e9moignage d'Am\u00e9lie\",\"isPartOf\":{\"@id\":\"https:\\\/\\\/www.lactissima.com\\\/a-tire-d-ailes\\\/#website\"},\"primaryImageOfPage\":{\"@id\":\"https:\\\/\\\/www.lactissima.com\\\/a-tire-d-ailes\\\/sevrages-le-temoignage-damelie\\\/#primaryimage\"},\"image\":{\"@id\":\"https:\\\/\\\/www.lactissima.com\\\/a-tire-d-ailes\\\/sevrages-le-temoignage-damelie\\\/#primaryimage\"},\"thumbnailUrl\":\"https:\\\/\\\/www.lactissima.com\\\/a-tire-d-ailes\\\/wp-content\\\/uploads\\\/2015\\\/06\\\/am\u00e9lie.jpg\",\"datePublished\":\"2015-06-18T07:41:02+00:00\",\"dateModified\":\"2015-06-18T07:42:26+00:00\",\"author\":{\"@id\":\"https:\\\/\\\/www.lactissima.com\\\/a-tire-d-ailes\\\/#\\\/schema\\\/person\\\/8f98d3a89530861bc1240e6d53d44eed\"},\"description\":\"Le sevrage de Lilou n'a pas \u00e9t\u00e9 celui souhait\u00e9 par sa m\u00e8re mais elle reste satisfaite de la mani\u00e8re dont \u00e7a s'est pass\u00e9.\",\"breadcrumb\":{\"@id\":\"https:\\\/\\\/www.lactissima.com\\\/a-tire-d-ailes\\\/sevrages-le-temoignage-damelie\\\/#breadcrumb\"},\"inLanguage\":\"fr-FR\",\"potentialAction\":[{\"@type\":\"ReadAction\",\"target\":[\"https:\\\/\\\/www.lactissima.com\\\/a-tire-d-ailes\\\/sevrages-le-temoignage-damelie\\\/\"]}]},{\"@type\":\"ImageObject\",\"inLanguage\":\"fr-FR\",\"@id\":\"https:\\\/\\\/www.lactissima.com\\\/a-tire-d-ailes\\\/sevrages-le-temoignage-damelie\\\/#primaryimage\",\"url\":\"https:\\\/\\\/www.lactissima.com\\\/a-tire-d-ailes\\\/wp-content\\\/uploads\\\/2015\\\/06\\\/am\u00e9lie.jpg\",\"contentUrl\":\"https:\\\/\\\/www.lactissima.com\\\/a-tire-d-ailes\\\/wp-content\\\/uploads\\\/2015\\\/06\\\/am\u00e9lie.jpg\",\"width\":260,\"height\":347,\"caption\":\"sevrage\"},{\"@type\":\"BreadcrumbList\",\"@id\":\"https:\\\/\\\/www.lactissima.com\\\/a-tire-d-ailes\\\/sevrages-le-temoignage-damelie\\\/#breadcrumb\",\"itemListElement\":[{\"@type\":\"ListItem\",\"position\":1,\"name\":\"Accueil\",\"item\":\"https:\\\/\\\/www.lactissima.com\\\/a-tire-d-ailes\\\/\"},{\"@type\":\"ListItem\",\"position\":2,\"name\":\"Sevrages : le t\u00e9moignage d&rsquo;Am\u00e9lie\"}]},{\"@type\":\"WebSite\",\"@id\":\"https:\\\/\\\/www.lactissima.com\\\/a-tire-d-ailes\\\/#website\",\"url\":\"https:\\\/\\\/www.lactissima.com\\\/a-tire-d-ailes\\\/\",\"name\":\"A tire d&#039;Ailes\",\"description\":\"Le blog des femmes qui allaitent et travaillent.\",\"potentialAction\":[{\"@type\":\"SearchAction\",\"target\":{\"@type\":\"EntryPoint\",\"urlTemplate\":\"https:\\\/\\\/www.lactissima.com\\\/a-tire-d-ailes\\\/?s={search_term_string}\"},\"query-input\":{\"@type\":\"PropertyValueSpecification\",\"valueRequired\":true,\"valueName\":\"search_term_string\"}}],\"inLanguage\":\"fr-FR\"},{\"@type\":\"Person\",\"@id\":\"https:\\\/\\\/www.lactissima.com\\\/a-tire-d-ailes\\\/#\\\/schema\\\/person\\\/8f98d3a89530861bc1240e6d53d44eed\",\"name\":\"V\u00e9ronique Darmangeat\",\"image\":{\"@type\":\"ImageObject\",\"inLanguage\":\"fr-FR\",\"@id\":\"https:\\\/\\\/secure.gravatar.com\\\/avatar\\\/268c99344c89cebfe4f5df5fa8be43068a18884fc76a29f3206fae98465b9cab?s=96&d=identicon&r=g\",\"url\":\"https:\\\/\\\/secure.gravatar.com\\\/avatar\\\/268c99344c89cebfe4f5df5fa8be43068a18884fc76a29f3206fae98465b9cab?s=96&d=identicon&r=g\",\"contentUrl\":\"https:\\\/\\\/secure.gravatar.com\\\/avatar\\\/268c99344c89cebfe4f5df5fa8be43068a18884fc76a29f3206fae98465b9cab?s=96&d=identicon&r=g\",\"caption\":\"V\u00e9ronique Darmangeat\"},\"sameAs\":[\"https:\\\/\\\/www.lactissima.com\\\/a-tire-d-ailes\",\"www.facebook.com\\\/consultante.en.lactation\"]}]}<\/script>\n<!-- \/ Yoast SEO plugin. -->","yoast_head_json":{"title":"Sevrages : le t\u00e9moignage d'Am\u00e9lie","description":"Le sevrage de Lilou n'a pas \u00e9t\u00e9 celui souhait\u00e9 par sa m\u00e8re mais elle reste satisfaite de la mani\u00e8re dont \u00e7a s'est pass\u00e9.","robots":{"index":"index","follow":"follow","max-snippet":"max-snippet:-1","max-image-preview":"max-image-preview:large","max-video-preview":"max-video-preview:-1"},"canonical":"https:\/\/www.lactissima.com\/a-tire-d-ailes\/sevrages-le-temoignage-damelie\/","og_locale":"fr_FR","og_type":"article","og_title":"Sevrages : le t\u00e9moignage d'Am\u00e9lie","og_description":"Le sevrage de Lilou n'a pas \u00e9t\u00e9 celui souhait\u00e9 par sa m\u00e8re mais elle reste satisfaite de la mani\u00e8re dont \u00e7a s'est pass\u00e9.","og_url":"https:\/\/www.lactissima.com\/a-tire-d-ailes\/sevrages-le-temoignage-damelie\/","og_site_name":"A tire d&#039;Ailes","article_publisher":"https:\/\/www.facebook.com\/consultante.en.lactation","article_author":"www.facebook.com\/consultante.en.lactation","article_published_time":"2015-06-18T07:41:02+00:00","article_modified_time":"2015-06-18T07:42:26+00:00","og_image":[{"width":260,"height":347,"url":"https:\/\/www.lactissima.com\/a-tire-d-ailes\/wp-content\/uploads\/2015\/06\/am\u00e9lie.jpg","type":"image\/jpeg"}],"author":"V\u00e9ronique Darmangeat","twitter_card":"summary_large_image","twitter_creator":"@VeroniqueIBCLC","twitter_site":"@VeroniqueIBCLC","twitter_misc":{"\u00c9crit par":"V\u00e9ronique Darmangeat","Dur\u00e9e de lecture estim\u00e9e":"3 minutes"},"schema":{"@context":"https:\/\/schema.org","@graph":[{"@type":"Article","@id":"https:\/\/www.lactissima.com\/a-tire-d-ailes\/sevrages-le-temoignage-damelie\/#article","isPartOf":{"@id":"https:\/\/www.lactissima.com\/a-tire-d-ailes\/sevrages-le-temoignage-damelie\/"},"author":{"name":"V\u00e9ronique Darmangeat","@id":"https:\/\/www.lactissima.com\/a-tire-d-ailes\/#\/schema\/person\/8f98d3a89530861bc1240e6d53d44eed"},"headline":"Sevrages : le t\u00e9moignage d&rsquo;Am\u00e9lie","datePublished":"2015-06-18T07:41:02+00:00","dateModified":"2015-06-18T07:42:26+00:00","mainEntityOfPage":{"@id":"https:\/\/www.lactissima.com\/a-tire-d-ailes\/sevrages-le-temoignage-damelie\/"},"wordCount":724,"commentCount":0,"image":{"@id":"https:\/\/www.lactissima.com\/a-tire-d-ailes\/sevrages-le-temoignage-damelie\/#primaryimage"},"thumbnailUrl":"https:\/\/www.lactissima.com\/a-tire-d-ailes\/wp-content\/uploads\/2015\/06\/am\u00e9lie.jpg","keywords":["Sevrage"],"articleSection":["Sevrage"],"inLanguage":"fr-FR","potentialAction":[{"@type":"CommentAction","name":"Comment","target":["https:\/\/www.lactissima.com\/a-tire-d-ailes\/sevrages-le-temoignage-damelie\/#respond"]}]},{"@type":"WebPage","@id":"https:\/\/www.lactissima.com\/a-tire-d-ailes\/sevrages-le-temoignage-damelie\/","url":"https:\/\/www.lactissima.com\/a-tire-d-ailes\/sevrages-le-temoignage-damelie\/","name":"Sevrages : le t\u00e9moignage d'Am\u00e9lie","isPartOf":{"@id":"https:\/\/www.lactissima.com\/a-tire-d-ailes\/#website"},"primaryImageOfPage":{"@id":"https:\/\/www.lactissima.com\/a-tire-d-ailes\/sevrages-le-temoignage-damelie\/#primaryimage"},"image":{"@id":"https:\/\/www.lactissima.com\/a-tire-d-ailes\/sevrages-le-temoignage-damelie\/#primaryimage"},"thumbnailUrl":"https:\/\/www.lactissima.com\/a-tire-d-ailes\/wp-content\/uploads\/2015\/06\/am\u00e9lie.jpg","datePublished":"2015-06-18T07:41:02+00:00","dateModified":"2015-06-18T07:42:26+00:00","author":{"@id":"https:\/\/www.lactissima.com\/a-tire-d-ailes\/#\/schema\/person\/8f98d3a89530861bc1240e6d53d44eed"},"description":"Le sevrage de Lilou n'a pas \u00e9t\u00e9 celui souhait\u00e9 par sa m\u00e8re mais elle reste satisfaite de la mani\u00e8re dont \u00e7a s'est pass\u00e9.","breadcrumb":{"@id":"https:\/\/www.lactissima.com\/a-tire-d-ailes\/sevrages-le-temoignage-damelie\/#breadcrumb"},"inLanguage":"fr-FR","potentialAction":[{"@type":"ReadAction","target":["https:\/\/www.lactissima.com\/a-tire-d-ailes\/sevrages-le-temoignage-damelie\/"]}]},{"@type":"ImageObject","inLanguage":"fr-FR","@id":"https:\/\/www.lactissima.com\/a-tire-d-ailes\/sevrages-le-temoignage-damelie\/#primaryimage","url":"https:\/\/www.lactissima.com\/a-tire-d-ailes\/wp-content\/uploads\/2015\/06\/am\u00e9lie.jpg","contentUrl":"https:\/\/www.lactissima.com\/a-tire-d-ailes\/wp-content\/uploads\/2015\/06\/am\u00e9lie.jpg","width":260,"height":347,"caption":"sevrage"},{"@type":"BreadcrumbList","@id":"https:\/\/www.lactissima.com\/a-tire-d-ailes\/sevrages-le-temoignage-damelie\/#breadcrumb","itemListElement":[{"@type":"ListItem","position":1,"name":"Accueil","item":"https:\/\/www.lactissima.com\/a-tire-d-ailes\/"},{"@type":"ListItem","position":2,"name":"Sevrages : le t\u00e9moignage d&rsquo;Am\u00e9lie"}]},{"@type":"WebSite","@id":"https:\/\/www.lactissima.com\/a-tire-d-ailes\/#website","url":"https:\/\/www.lactissima.com\/a-tire-d-ailes\/","name":"A tire d&#039;Ailes","description":"Le blog des femmes qui allaitent et travaillent.","potentialAction":[{"@type":"SearchAction","target":{"@type":"EntryPoint","urlTemplate":"https:\/\/www.lactissima.com\/a-tire-d-ailes\/?s={search_term_string}"},"query-input":{"@type":"PropertyValueSpecification","valueRequired":true,"valueName":"search_term_string"}}],"inLanguage":"fr-FR"},{"@type":"Person","@id":"https:\/\/www.lactissima.com\/a-tire-d-ailes\/#\/schema\/person\/8f98d3a89530861bc1240e6d53d44eed","name":"V\u00e9ronique Darmangeat","image":{"@type":"ImageObject","inLanguage":"fr-FR","@id":"https:\/\/secure.gravatar.com\/avatar\/268c99344c89cebfe4f5df5fa8be43068a18884fc76a29f3206fae98465b9cab?s=96&d=identicon&r=g","url":"https:\/\/secure.gravatar.com\/avatar\/268c99344c89cebfe4f5df5fa8be43068a18884fc76a29f3206fae98465b9cab?s=96&d=identicon&r=g","contentUrl":"https:\/\/secure.gravatar.com\/avatar\/268c99344c89cebfe4f5df5fa8be43068a18884fc76a29f3206fae98465b9cab?s=96&d=identicon&r=g","caption":"V\u00e9ronique Darmangeat"},"sameAs":["https:\/\/www.lactissima.com\/a-tire-d-ailes","www.facebook.com\/consultante.en.lactation"]}]}},"_links":{"self":[{"href":"https:\/\/www.lactissima.com\/a-tire-d-ailes\/wp-json\/wp\/v2\/posts\/6317","targetHints":{"allow":["GET"]}}],"collection":[{"href":"https:\/\/www.lactissima.com\/a-tire-d-ailes\/wp-json\/wp\/v2\/posts"}],"about":[{"href":"https:\/\/www.lactissima.com\/a-tire-d-ailes\/wp-json\/wp\/v2\/types\/post"}],"author":[{"embeddable":true,"href":"https:\/\/www.lactissima.com\/a-tire-d-ailes\/wp-json\/wp\/v2\/users\/170"}],"replies":[{"embeddable":true,"href":"https:\/\/www.lactissima.com\/a-tire-d-ailes\/wp-json\/wp\/v2\/comments?post=6317"}],"version-history":[{"count":3,"href":"https:\/\/www.lactissima.com\/a-tire-d-ailes\/wp-json\/wp\/v2\/posts\/6317\/revisions"}],"predecessor-version":[{"id":6321,"href":"https:\/\/www.lactissima.com\/a-tire-d-ailes\/wp-json\/wp\/v2\/posts\/6317\/revisions\/6321"}],"wp:featuredmedia":[{"embeddable":true,"href":"https:\/\/www.lactissima.com\/a-tire-d-ailes\/wp-json\/wp\/v2\/media\/6318"}],"wp:attachment":[{"href":"https:\/\/www.lactissima.com\/a-tire-d-ailes\/wp-json\/wp\/v2\/media?parent=6317"}],"wp:term":[{"taxonomy":"category","embeddable":true,"href":"https:\/\/www.lactissima.com\/a-tire-d-ailes\/wp-json\/wp\/v2\/categories?post=6317"},{"taxonomy":"post_tag","embeddable":true,"href":"https:\/\/www.lactissima.com\/a-tire-d-ailes\/wp-json\/wp\/v2\/tags?post=6317"}],"curies":[{"name":"wp","href":"https:\/\/api.w.org\/{rel}","templated":true}]}}