{"id":627,"date":"2009-09-19T12:37:20","date_gmt":"2009-09-19T10:37:20","guid":{"rendered":"https:\/\/www.lactissima.com\/a-tire-d-ailes\/?p=627"},"modified":"2017-08-21T14:29:49","modified_gmt":"2017-08-21T12:29:49","slug":"allaitement-et-deplacements-professionnels","status":"publish","type":"post","link":"https:\/\/www.lactissima.com\/a-tire-d-ailes\/allaitement-et-deplacements-professionnels\/","title":{"rendered":"Allaitement et d\u00e9placements professionnels"},"content":{"rendered":"<p style=\"text-align: justify;\"><a href=\"https:\/\/www.lactissima.com\/a-tire-d-ailes\/wp-content\/uploads\/2009\/09\/avion.jpg\"><img loading=\"lazy\" decoding=\"async\" class=\"alignright size-full wp-image-4568\" title=\"allaitement et d\u00e9placements professionnels\" alt=\"allaitement et d\u00e9placements professionnels\" src=\"https:\/\/www.lactissima.com\/a-tire-d-ailes\/wp-content\/uploads\/2009\/09\/avion.jpg\" width=\"298\" height=\"271\" \/><\/a>Votre <strong>patron<\/strong> vous a annonc\u00e9 hier, tout content, que c&rsquo;est vous qui \u00e9tiez choisie pour repr\u00e9senter la soci\u00e9t\u00e9 aupr\u00e8s des nouveaux clients chinois, en Chine, la semaine prochaine pendant trois jours&#8230;<br \/>\n<strong>Bonne nouvelle<\/strong> : votre patron consid\u00e8re, malgr\u00e9 votre r\u00e9cente maternit\u00e9, que vous \u00eates la meilleure et digne de confiance \ud83d\ude42 .<br \/>\n<strong>Mauvaise nouvelle<\/strong> : votre b\u00e9b\u00e9 a trois mois, vous n&rsquo;avez aucune envie de le laisser trois jours d&rsquo;affil\u00e9e et vous commencez \u00e0 angoisser pour votre <strong>allaitement<\/strong>.<br \/>\nPas de panique, voyons ensemble comment vous y prendre.<\/p>\n<p style=\"text-align: justify;\">Tout d&rsquo;abord, si vous \u00eates au travail, c&rsquo;est que vous avez d\u00e9j\u00e0 mis en place une <strong>strat\u00e9gie <\/strong>pour poursuivre votre allaitement (ou bien vous avez d\u00e9j\u00e0 sevr\u00e9 et la question ne se pose pas). Il va juste falloir <strong>adapter <\/strong>cette strat\u00e9gie \u00e0 cette situation <strong>particuli\u00e8re<\/strong>.<\/p>\n<p style=\"text-align: justify;\">Si vous \u00eates de celles qui <strong>ne tirent pas<\/strong> leur lait au travail et qui poursuivent l&rsquo;allaitement lorsqu&rsquo;elles sont avec leur enfant, vous allez devoir apprendre \u00e0 utiliser un <strong>tire-lait<\/strong>, ne serait-ce que pour g\u00e9rer les possibles <strong>engorgements<\/strong>. Dans ce cas, vous pouvez prendre un petit tire-lait <strong>manuel <\/strong>ou <strong>\u00e9lectrique<\/strong>. Voir cet <a href=\"https:\/\/www.lactissima.com\/a-tire-d-ailes\/?p=56\">article<\/a>.<br \/>\nVous tirerez le lait matin et soir jusqu&rsquo;\u00e0 avoir les seins <strong>confortables<\/strong>. Vous n&rsquo;\u00eates pas oblig\u00e9e de conserver le lait et vous reprendrez votre allaitement <strong>habituel <\/strong>de retour \u00e0 la maison.<\/p>\n<p style=\"text-align: justify;\">Si vous \u00eates de celles qui <strong>tirent leur lait<\/strong> au travail, il va falloir songer \u00e0 tirer votre lait matin et soir en <strong>plus <\/strong>des tirages habituels. Souvenez-vous que la lactation est <strong>adaptable <\/strong>et que si vous ne tirez pas aux horaires habituels, ce n&rsquo;est <strong>pas grave<\/strong>. Vous devez juste faire attention \u00e0 <strong>\u00e9viter les engorgements<\/strong>.<br \/>\nSi vous souhaitez <strong>conserver <\/strong>votre lait pendant plusieurs jours, vous devez avoir obligatoirement acc\u00e8s \u00e0 un <strong>r\u00e9frig\u00e9rateur <\/strong>mais il vous suffira d&rsquo;une <strong>glaci\u00e8re<\/strong> munie de freezpack pour le trajet du <strong>retour<\/strong>. Attention cependant, le lait maternel est g\u00e9n\u00e9ralement <strong>refus\u00e9 <\/strong>en cabine en avion \ud83d\ude41 .<br \/>\nSi vous souhaitez que votre b\u00e9b\u00e9 n&rsquo;ai que votre lait durant votre absence, vous aurez besoin de faire du <strong>stock <\/strong>avant de partir et faire du stock pour trois jours alors que l&rsquo;on tire d\u00e9j\u00e0 quotidiennement, ce n&rsquo;est <strong>pas facile<\/strong> ! Pensez \u00e0 exploiter les <strong>week-end et les soir\u00e9es <\/strong>pour tirer du lait suppl\u00e9mentaire.<br \/>\nSi vous savez \u00e0 l&rsquo;<strong>avance <\/strong>que vous aurez des d\u00e9placements professionnels, pensez \u00e0 faire du stock au cong\u00e9lateur pendant votre <strong>cong\u00e9 maternit\u00e9<\/strong>. Cela facilite la logistique.<\/p>\n<p style=\"text-align: justify;\">Les petits <strong>trucs <\/strong>en plus :<\/p>\n<ul style=\"text-align: justify;\">\n<li>les lilypadz pour \u00e9viter les <strong>fuites <\/strong>devant les clients chinois.<\/li>\n<li>la glaci\u00e8re <strong>souple <\/strong>qui se range dans la valise au d\u00e9part.<\/li>\n<li>les pots de conservation qui ferment <strong>herm\u00e9tiquement <\/strong>pour ne pas retrouver une valise mouill\u00e9e au lait maternel \u00e0 la descente du train.<\/li>\n<li>le tire-lait \u00e9lectrique qui fonctionne sur <strong>batterie <\/strong>(que vous aurez recharg\u00e9e) car les prises \u00e9lectriques \u00e0 l&rsquo;\u00e9tranger ne sont pas toujours compatibles avec les appareils fran\u00e7ais.<\/li>\n<li>le <strong>savon <\/strong>liquide et le <strong>torchon <\/strong>propre pour nettoyer son mat\u00e9riel.<\/li>\n<\/ul>\n<p style=\"text-align: justify;\">Et <strong>vous <\/strong>quels sont <strong>vos trucs<\/strong> pour concilier <a title=\"allaitement et d\u00e9placements professionnels\" href=\"https:\/\/www.lactissima.com\/a-tire-d-ailes\/allaitement-et-deplacements-professionnels\">allaitement et d\u00e9placements professionnels<\/a> ?<\/p>\n<p style=\"text-align: justify;\"><strong>Articles en rapport<\/strong> :<\/p>\n<ul>\n<li style=\"text-align: justify;\"><a href=\"https:\/\/www.lactissima.com\/a-tire-d-ailes\/?p=548\">Comment choisir ses coussinets d&rsquo;allaitement ?<\/a><\/li>\n<li style=\"text-align: justify;\"><a href=\"https:\/\/www.lactissima.com\/a-tire-d-ailes\/?p=519\">Comment transporter son lait ?<\/a><\/li>\n<li style=\"text-align: justify;\"><a href=\"https:\/\/www.lactissima.com\/a-tire-d-ailes\/?p=291\">La conservation du lait maternel<\/a><\/li>\n<li style=\"text-align: justify;\"><a href=\"https:\/\/www.lactissima.com\/a-tire-d-ailes\/?p=56\">Le point sur les tire-lait<\/a><\/li>\n<\/ul>\n<p>&nbsp;<\/p>\n","protected":false},"excerpt":{"rendered":"<p>Votre patron vous a annonc\u00e9 hier, tout content, que c&rsquo;est vous qui \u00e9tiez choisie pour repr\u00e9senter la soci\u00e9t\u00e9 aupr\u00e8s des nouveaux clients chinois, en Chine, la semaine prochaine pendant trois jours&#8230; Pas de panique, voyons ensemble comment vous y prendre.<\/p>\n","protected":false},"author":170,"featured_media":4568,"comment_status":"open","ping_status":"open","sticky":false,"template":"","format":"standard","meta":{"_et_pb_use_builder":"","_et_pb_old_content":"","_et_gb_content_width":"","footnotes":""},"categories":[35,36,37,39,43],"tags":[533,307],"class_list":["post-627","post","type-post","status-publish","format-standard","has-post-thumbnail","hentry","category-allaitement","category-allaitement-et-travail","category-articulation-vie-professionnelle-vie-famille","category-difficultes","category-materiel","tag-allaitement-et-deplacements-professionnels","tag-lilypadz"],"yoast_head":"<!-- This site is optimized with the Yoast SEO plugin v27.4 - https:\/\/yoast.com\/product\/yoast-seo-wordpress\/ -->\n<title>allaitement et d\u00e9placements professionnels<\/title>\n<meta name=\"description\" content=\"Il est tout \u00e0 fait possible d&#039;adapter allaitement et d\u00e9placements professionnels, il suffit pour cela d&#039;une bonne organisation et du bon mat\u00e9riel.\" \/>\n<meta name=\"robots\" content=\"index, follow, max-snippet:-1, max-image-preview:large, max-video-preview:-1\" \/>\n<link rel=\"canonical\" href=\"https:\/\/www.lactissima.com\/a-tire-d-ailes\/allaitement-et-deplacements-professionnels\/\" \/>\n<meta property=\"og:locale\" content=\"fr_FR\" \/>\n<meta property=\"og:type\" content=\"article\" \/>\n<meta property=\"og:title\" content=\"allaitement et d\u00e9placements professionnels\" \/>\n<meta property=\"og:description\" content=\"Il est tout \u00e0 fait possible d&#039;adapter allaitement et d\u00e9placements professionnels, il suffit pour cela d&#039;une bonne organisation et du bon mat\u00e9riel.\" \/>\n<meta property=\"og:url\" content=\"https:\/\/www.lactissima.com\/a-tire-d-ailes\/allaitement-et-deplacements-professionnels\/\" \/>\n<meta property=\"og:site_name\" content=\"A tire d&#039;Ailes\" \/>\n<meta property=\"article:publisher\" content=\"https:\/\/www.facebook.com\/consultante.en.lactation\" \/>\n<meta property=\"article:author\" content=\"www.facebook.com\/consultante.en.lactation\" \/>\n<meta property=\"article:published_time\" content=\"2009-09-19T10:37:20+00:00\" \/>\n<meta property=\"article:modified_time\" content=\"2017-08-21T12:29:49+00:00\" \/>\n<meta property=\"og:image\" content=\"https:\/\/www.lactissima.com\/a-tire-d-ailes\/wp-content\/uploads\/2009\/09\/avion.jpg\" \/>\n\t<meta property=\"og:image:width\" content=\"298\" \/>\n\t<meta property=\"og:image:height\" content=\"271\" \/>\n\t<meta property=\"og:image:type\" content=\"image\/jpeg\" \/>\n<meta name=\"author\" content=\"V\u00e9ronique Darmangeat\" \/>\n<meta name=\"twitter:card\" content=\"summary_large_image\" \/>\n<meta name=\"twitter:creator\" content=\"@VeroniqueIBCLC\" \/>\n<meta name=\"twitter:site\" content=\"@VeroniqueIBCLC\" \/>\n<meta name=\"twitter:label1\" content=\"\u00c9crit par\" \/>\n\t<meta name=\"twitter:data1\" content=\"V\u00e9ronique Darmangeat\" \/>\n\t<meta name=\"twitter:label2\" content=\"Dur\u00e9e de lecture estim\u00e9e\" \/>\n\t<meta name=\"twitter:data2\" content=\"3 minutes\" \/>\n<script type=\"application\/ld+json\" class=\"yoast-schema-graph\">{\"@context\":\"https:\\\/\\\/schema.org\",\"@graph\":[{\"@type\":\"Article\",\"@id\":\"https:\\\/\\\/www.lactissima.com\\\/a-tire-d-ailes\\\/allaitement-et-deplacements-professionnels\\\/#article\",\"isPartOf\":{\"@id\":\"https:\\\/\\\/www.lactissima.com\\\/a-tire-d-ailes\\\/allaitement-et-deplacements-professionnels\\\/\"},\"author\":{\"name\":\"V\u00e9ronique Darmangeat\",\"@id\":\"https:\\\/\\\/www.lactissima.com\\\/a-tire-d-ailes\\\/#\\\/schema\\\/person\\\/8f98d3a89530861bc1240e6d53d44eed\"},\"headline\":\"Allaitement et d\u00e9placements professionnels\",\"datePublished\":\"2009-09-19T10:37:20+00:00\",\"dateModified\":\"2017-08-21T12:29:49+00:00\",\"mainEntityOfPage\":{\"@id\":\"https:\\\/\\\/www.lactissima.com\\\/a-tire-d-ailes\\\/allaitement-et-deplacements-professionnels\\\/\"},\"wordCount\":555,\"commentCount\":183,\"image\":{\"@id\":\"https:\\\/\\\/www.lactissima.com\\\/a-tire-d-ailes\\\/allaitement-et-deplacements-professionnels\\\/#primaryimage\"},\"thumbnailUrl\":\"https:\\\/\\\/www.lactissima.com\\\/a-tire-d-ailes\\\/wp-content\\\/uploads\\\/2009\\\/09\\\/avion.jpg\",\"keywords\":[\"allaitement et d\u00e9placements professionnels\",\"LilyPadz\"],\"articleSection\":[\"Allaitement\",\"Allaitement et Travail\",\"Articulation Vie Professionnelle Vie Famille\",\"Difficult\u00e9s\",\"Mat\u00e9riel\"],\"inLanguage\":\"fr-FR\",\"potentialAction\":[{\"@type\":\"CommentAction\",\"name\":\"Comment\",\"target\":[\"https:\\\/\\\/www.lactissima.com\\\/a-tire-d-ailes\\\/allaitement-et-deplacements-professionnels\\\/#respond\"]}]},{\"@type\":\"WebPage\",\"@id\":\"https:\\\/\\\/www.lactissima.com\\\/a-tire-d-ailes\\\/allaitement-et-deplacements-professionnels\\\/\",\"url\":\"https:\\\/\\\/www.lactissima.com\\\/a-tire-d-ailes\\\/allaitement-et-deplacements-professionnels\\\/\",\"name\":\"allaitement et d\u00e9placements professionnels\",\"isPartOf\":{\"@id\":\"https:\\\/\\\/www.lactissima.com\\\/a-tire-d-ailes\\\/#website\"},\"primaryImageOfPage\":{\"@id\":\"https:\\\/\\\/www.lactissima.com\\\/a-tire-d-ailes\\\/allaitement-et-deplacements-professionnels\\\/#primaryimage\"},\"image\":{\"@id\":\"https:\\\/\\\/www.lactissima.com\\\/a-tire-d-ailes\\\/allaitement-et-deplacements-professionnels\\\/#primaryimage\"},\"thumbnailUrl\":\"https:\\\/\\\/www.lactissima.com\\\/a-tire-d-ailes\\\/wp-content\\\/uploads\\\/2009\\\/09\\\/avion.jpg\",\"datePublished\":\"2009-09-19T10:37:20+00:00\",\"dateModified\":\"2017-08-21T12:29:49+00:00\",\"author\":{\"@id\":\"https:\\\/\\\/www.lactissima.com\\\/a-tire-d-ailes\\\/#\\\/schema\\\/person\\\/8f98d3a89530861bc1240e6d53d44eed\"},\"description\":\"Il est tout \u00e0 fait possible d'adapter allaitement et d\u00e9placements professionnels, il suffit pour cela d'une bonne organisation et du bon mat\u00e9riel.\",\"breadcrumb\":{\"@id\":\"https:\\\/\\\/www.lactissima.com\\\/a-tire-d-ailes\\\/allaitement-et-deplacements-professionnels\\\/#breadcrumb\"},\"inLanguage\":\"fr-FR\",\"potentialAction\":[{\"@type\":\"ReadAction\",\"target\":[\"https:\\\/\\\/www.lactissima.com\\\/a-tire-d-ailes\\\/allaitement-et-deplacements-professionnels\\\/\"]}]},{\"@type\":\"ImageObject\",\"inLanguage\":\"fr-FR\",\"@id\":\"https:\\\/\\\/www.lactissima.com\\\/a-tire-d-ailes\\\/allaitement-et-deplacements-professionnels\\\/#primaryimage\",\"url\":\"https:\\\/\\\/www.lactissima.com\\\/a-tire-d-ailes\\\/wp-content\\\/uploads\\\/2009\\\/09\\\/avion.jpg\",\"contentUrl\":\"https:\\\/\\\/www.lactissima.com\\\/a-tire-d-ailes\\\/wp-content\\\/uploads\\\/2009\\\/09\\\/avion.jpg\",\"width\":298,\"height\":271},{\"@type\":\"BreadcrumbList\",\"@id\":\"https:\\\/\\\/www.lactissima.com\\\/a-tire-d-ailes\\\/allaitement-et-deplacements-professionnels\\\/#breadcrumb\",\"itemListElement\":[{\"@type\":\"ListItem\",\"position\":1,\"name\":\"Accueil\",\"item\":\"https:\\\/\\\/www.lactissima.com\\\/a-tire-d-ailes\\\/\"},{\"@type\":\"ListItem\",\"position\":2,\"name\":\"Allaitement et d\u00e9placements professionnels\"}]},{\"@type\":\"WebSite\",\"@id\":\"https:\\\/\\\/www.lactissima.com\\\/a-tire-d-ailes\\\/#website\",\"url\":\"https:\\\/\\\/www.lactissima.com\\\/a-tire-d-ailes\\\/\",\"name\":\"A tire d&#039;Ailes\",\"description\":\"Le blog des femmes qui allaitent et travaillent.\",\"potentialAction\":[{\"@type\":\"SearchAction\",\"target\":{\"@type\":\"EntryPoint\",\"urlTemplate\":\"https:\\\/\\\/www.lactissima.com\\\/a-tire-d-ailes\\\/?s={search_term_string}\"},\"query-input\":{\"@type\":\"PropertyValueSpecification\",\"valueRequired\":true,\"valueName\":\"search_term_string\"}}],\"inLanguage\":\"fr-FR\"},{\"@type\":\"Person\",\"@id\":\"https:\\\/\\\/www.lactissima.com\\\/a-tire-d-ailes\\\/#\\\/schema\\\/person\\\/8f98d3a89530861bc1240e6d53d44eed\",\"name\":\"V\u00e9ronique Darmangeat\",\"image\":{\"@type\":\"ImageObject\",\"inLanguage\":\"fr-FR\",\"@id\":\"https:\\\/\\\/secure.gravatar.com\\\/avatar\\\/268c99344c89cebfe4f5df5fa8be43068a18884fc76a29f3206fae98465b9cab?s=96&d=identicon&r=g\",\"url\":\"https:\\\/\\\/secure.gravatar.com\\\/avatar\\\/268c99344c89cebfe4f5df5fa8be43068a18884fc76a29f3206fae98465b9cab?s=96&d=identicon&r=g\",\"contentUrl\":\"https:\\\/\\\/secure.gravatar.com\\\/avatar\\\/268c99344c89cebfe4f5df5fa8be43068a18884fc76a29f3206fae98465b9cab?s=96&d=identicon&r=g\",\"caption\":\"V\u00e9ronique Darmangeat\"},\"sameAs\":[\"https:\\\/\\\/www.lactissima.com\\\/a-tire-d-ailes\",\"www.facebook.com\\\/consultante.en.lactation\"]}]}<\/script>\n<!-- \/ Yoast SEO plugin. -->","yoast_head_json":{"title":"allaitement et d\u00e9placements professionnels","description":"Il est tout \u00e0 fait possible d'adapter allaitement et d\u00e9placements professionnels, il suffit pour cela d'une bonne organisation et du bon mat\u00e9riel.","robots":{"index":"index","follow":"follow","max-snippet":"max-snippet:-1","max-image-preview":"max-image-preview:large","max-video-preview":"max-video-preview:-1"},"canonical":"https:\/\/www.lactissima.com\/a-tire-d-ailes\/allaitement-et-deplacements-professionnels\/","og_locale":"fr_FR","og_type":"article","og_title":"allaitement et d\u00e9placements professionnels","og_description":"Il est tout \u00e0 fait possible d'adapter allaitement et d\u00e9placements professionnels, il suffit pour cela d'une bonne organisation et du bon mat\u00e9riel.","og_url":"https:\/\/www.lactissima.com\/a-tire-d-ailes\/allaitement-et-deplacements-professionnels\/","og_site_name":"A tire d&#039;Ailes","article_publisher":"https:\/\/www.facebook.com\/consultante.en.lactation","article_author":"www.facebook.com\/consultante.en.lactation","article_published_time":"2009-09-19T10:37:20+00:00","article_modified_time":"2017-08-21T12:29:49+00:00","og_image":[{"width":298,"height":271,"url":"https:\/\/www.lactissima.com\/a-tire-d-ailes\/wp-content\/uploads\/2009\/09\/avion.jpg","type":"image\/jpeg"}],"author":"V\u00e9ronique Darmangeat","twitter_card":"summary_large_image","twitter_creator":"@VeroniqueIBCLC","twitter_site":"@VeroniqueIBCLC","twitter_misc":{"\u00c9crit par":"V\u00e9ronique Darmangeat","Dur\u00e9e de lecture estim\u00e9e":"3 minutes"},"schema":{"@context":"https:\/\/schema.org","@graph":[{"@type":"Article","@id":"https:\/\/www.lactissima.com\/a-tire-d-ailes\/allaitement-et-deplacements-professionnels\/#article","isPartOf":{"@id":"https:\/\/www.lactissima.com\/a-tire-d-ailes\/allaitement-et-deplacements-professionnels\/"},"author":{"name":"V\u00e9ronique Darmangeat","@id":"https:\/\/www.lactissima.com\/a-tire-d-ailes\/#\/schema\/person\/8f98d3a89530861bc1240e6d53d44eed"},"headline":"Allaitement et d\u00e9placements professionnels","datePublished":"2009-09-19T10:37:20+00:00","dateModified":"2017-08-21T12:29:49+00:00","mainEntityOfPage":{"@id":"https:\/\/www.lactissima.com\/a-tire-d-ailes\/allaitement-et-deplacements-professionnels\/"},"wordCount":555,"commentCount":183,"image":{"@id":"https:\/\/www.lactissima.com\/a-tire-d-ailes\/allaitement-et-deplacements-professionnels\/#primaryimage"},"thumbnailUrl":"https:\/\/www.lactissima.com\/a-tire-d-ailes\/wp-content\/uploads\/2009\/09\/avion.jpg","keywords":["allaitement et d\u00e9placements professionnels","LilyPadz"],"articleSection":["Allaitement","Allaitement et Travail","Articulation Vie Professionnelle Vie Famille","Difficult\u00e9s","Mat\u00e9riel"],"inLanguage":"fr-FR","potentialAction":[{"@type":"CommentAction","name":"Comment","target":["https:\/\/www.lactissima.com\/a-tire-d-ailes\/allaitement-et-deplacements-professionnels\/#respond"]}]},{"@type":"WebPage","@id":"https:\/\/www.lactissima.com\/a-tire-d-ailes\/allaitement-et-deplacements-professionnels\/","url":"https:\/\/www.lactissima.com\/a-tire-d-ailes\/allaitement-et-deplacements-professionnels\/","name":"allaitement et d\u00e9placements professionnels","isPartOf":{"@id":"https:\/\/www.lactissima.com\/a-tire-d-ailes\/#website"},"primaryImageOfPage":{"@id":"https:\/\/www.lactissima.com\/a-tire-d-ailes\/allaitement-et-deplacements-professionnels\/#primaryimage"},"image":{"@id":"https:\/\/www.lactissima.com\/a-tire-d-ailes\/allaitement-et-deplacements-professionnels\/#primaryimage"},"thumbnailUrl":"https:\/\/www.lactissima.com\/a-tire-d-ailes\/wp-content\/uploads\/2009\/09\/avion.jpg","datePublished":"2009-09-19T10:37:20+00:00","dateModified":"2017-08-21T12:29:49+00:00","author":{"@id":"https:\/\/www.lactissima.com\/a-tire-d-ailes\/#\/schema\/person\/8f98d3a89530861bc1240e6d53d44eed"},"description":"Il est tout \u00e0 fait possible d'adapter allaitement et d\u00e9placements professionnels, il suffit pour cela d'une bonne organisation et du bon mat\u00e9riel.","breadcrumb":{"@id":"https:\/\/www.lactissima.com\/a-tire-d-ailes\/allaitement-et-deplacements-professionnels\/#breadcrumb"},"inLanguage":"fr-FR","potentialAction":[{"@type":"ReadAction","target":["https:\/\/www.lactissima.com\/a-tire-d-ailes\/allaitement-et-deplacements-professionnels\/"]}]},{"@type":"ImageObject","inLanguage":"fr-FR","@id":"https:\/\/www.lactissima.com\/a-tire-d-ailes\/allaitement-et-deplacements-professionnels\/#primaryimage","url":"https:\/\/www.lactissima.com\/a-tire-d-ailes\/wp-content\/uploads\/2009\/09\/avion.jpg","contentUrl":"https:\/\/www.lactissima.com\/a-tire-d-ailes\/wp-content\/uploads\/2009\/09\/avion.jpg","width":298,"height":271},{"@type":"BreadcrumbList","@id":"https:\/\/www.lactissima.com\/a-tire-d-ailes\/allaitement-et-deplacements-professionnels\/#breadcrumb","itemListElement":[{"@type":"ListItem","position":1,"name":"Accueil","item":"https:\/\/www.lactissima.com\/a-tire-d-ailes\/"},{"@type":"ListItem","position":2,"name":"Allaitement et d\u00e9placements professionnels"}]},{"@type":"WebSite","@id":"https:\/\/www.lactissima.com\/a-tire-d-ailes\/#website","url":"https:\/\/www.lactissima.com\/a-tire-d-ailes\/","name":"A tire d&#039;Ailes","description":"Le blog des femmes qui allaitent et travaillent.","potentialAction":[{"@type":"SearchAction","target":{"@type":"EntryPoint","urlTemplate":"https:\/\/www.lactissima.com\/a-tire-d-ailes\/?s={search_term_string}"},"query-input":{"@type":"PropertyValueSpecification","valueRequired":true,"valueName":"search_term_string"}}],"inLanguage":"fr-FR"},{"@type":"Person","@id":"https:\/\/www.lactissima.com\/a-tire-d-ailes\/#\/schema\/person\/8f98d3a89530861bc1240e6d53d44eed","name":"V\u00e9ronique Darmangeat","image":{"@type":"ImageObject","inLanguage":"fr-FR","@id":"https:\/\/secure.gravatar.com\/avatar\/268c99344c89cebfe4f5df5fa8be43068a18884fc76a29f3206fae98465b9cab?s=96&d=identicon&r=g","url":"https:\/\/secure.gravatar.com\/avatar\/268c99344c89cebfe4f5df5fa8be43068a18884fc76a29f3206fae98465b9cab?s=96&d=identicon&r=g","contentUrl":"https:\/\/secure.gravatar.com\/avatar\/268c99344c89cebfe4f5df5fa8be43068a18884fc76a29f3206fae98465b9cab?s=96&d=identicon&r=g","caption":"V\u00e9ronique Darmangeat"},"sameAs":["https:\/\/www.lactissima.com\/a-tire-d-ailes","www.facebook.com\/consultante.en.lactation"]}]}},"_links":{"self":[{"href":"https:\/\/www.lactissima.com\/a-tire-d-ailes\/wp-json\/wp\/v2\/posts\/627","targetHints":{"allow":["GET"]}}],"collection":[{"href":"https:\/\/www.lactissima.com\/a-tire-d-ailes\/wp-json\/wp\/v2\/posts"}],"about":[{"href":"https:\/\/www.lactissima.com\/a-tire-d-ailes\/wp-json\/wp\/v2\/types\/post"}],"author":[{"embeddable":true,"href":"https:\/\/www.lactissima.com\/a-tire-d-ailes\/wp-json\/wp\/v2\/users\/170"}],"replies":[{"embeddable":true,"href":"https:\/\/www.lactissima.com\/a-tire-d-ailes\/wp-json\/wp\/v2\/comments?post=627"}],"version-history":[{"count":25,"href":"https:\/\/www.lactissima.com\/a-tire-d-ailes\/wp-json\/wp\/v2\/posts\/627\/revisions"}],"predecessor-version":[{"id":7279,"href":"https:\/\/www.lactissima.com\/a-tire-d-ailes\/wp-json\/wp\/v2\/posts\/627\/revisions\/7279"}],"wp:featuredmedia":[{"embeddable":true,"href":"https:\/\/www.lactissima.com\/a-tire-d-ailes\/wp-json\/wp\/v2\/media\/4568"}],"wp:attachment":[{"href":"https:\/\/www.lactissima.com\/a-tire-d-ailes\/wp-json\/wp\/v2\/media?parent=627"}],"wp:term":[{"taxonomy":"category","embeddable":true,"href":"https:\/\/www.lactissima.com\/a-tire-d-ailes\/wp-json\/wp\/v2\/categories?post=627"},{"taxonomy":"post_tag","embeddable":true,"href":"https:\/\/www.lactissima.com\/a-tire-d-ailes\/wp-json\/wp\/v2\/tags?post=627"}],"curies":[{"name":"wp","href":"https:\/\/api.w.org\/{rel}","templated":true}]}}