{"id":6251,"date":"2015-05-07T17:59:38","date_gmt":"2015-05-07T15:59:38","guid":{"rendered":"https:\/\/www.lactissima.com\/a-tire-d-ailes\/?p=6251"},"modified":"2021-12-17T16:25:18","modified_gmt":"2021-12-17T15:25:18","slug":"co-allaitement-et-reprise-du-travail","status":"publish","type":"post","link":"https:\/\/www.lactissima.com\/a-tire-d-ailes\/co-allaitement-et-reprise-du-travail\/","title":{"rendered":"Co-allaitement et reprise du travail"},"content":{"rendered":"<p style=\"text-align: justify;\"><img loading=\"lazy\" decoding=\"async\" class=\"alignright wp-image-6253 size-full\" src=\"https:\/\/www.lactissima.com\/a-tire-d-ailes\/wp-content\/uploads\/2015\/05\/co-allaitement.jpg\" alt=\"co-allaitement\" width=\"331\" height=\"331\" srcset=\"https:\/\/www.lactissima.com\/a-tire-d-ailes\/wp-content\/uploads\/2015\/05\/co-allaitement.jpg 331w, https:\/\/www.lactissima.com\/a-tire-d-ailes\/wp-content\/uploads\/2015\/05\/co-allaitement-150x150.jpg 150w, https:\/\/www.lactissima.com\/a-tire-d-ailes\/wp-content\/uploads\/2015\/05\/co-allaitement-300x300.jpg 300w, https:\/\/www.lactissima.com\/a-tire-d-ailes\/wp-content\/uploads\/2015\/05\/co-allaitement-182x182.jpg 182w, https:\/\/www.lactissima.com\/a-tire-d-ailes\/wp-content\/uploads\/2015\/05\/co-allaitement-83x83.jpg 83w, https:\/\/www.lactissima.com\/a-tire-d-ailes\/wp-content\/uploads\/2015\/05\/co-allaitement-184x184.jpg 184w\" sizes=\"(max-width: 331px) 100vw, 331px\" \/>Aujourd&rsquo;hui je vous propose un th\u00e8me que plusieurs personnes m&rsquo;ont demand\u00e9 de traiter, celui du <strong>co-allaitement<\/strong>.<\/p>\n<p style=\"text-align: justify;\">Pour celles qui ne connaissent pas le co-allaitement, c&rsquo;est le fait d&rsquo;allaiter deux enfants d&rsquo;\u00e2ges diff\u00e9rents. Cela se produit lorsqu&rsquo;un enfant est toujours allait\u00e9 \u00e0 la naissance de sa petite s\u00c5\u201cur ou de son petit fr\u00e8re. La m\u00e8re poursuit l&rsquo;allaitement de son a\u00een\u00e9(e) et allaite son nouveau b\u00e9b\u00e9.<br \/>\nDans ce cas, la composition du lait maternel s&rsquo;adapte toujours au b\u00e9b\u00e9 le <strong>plus jeune<\/strong> et la lactation s&rsquo;adapte pour pouvoir nourrir deux enfants.<\/p>\n<p style=\"text-align: justify;\">Lorsqu&rsquo;une m\u00e8re co-allaite ses enfants et qu&rsquo;elle <strong>reprend le travail<\/strong>, de nouvelles questions se posent : comment la lactation va t-elle s&rsquo;adapter pendant les heures de travail, doit-elle tirer son lait, pour un ou deux enfants, comment le vivent les enfants, et la m\u00e8re,&#8230; ?<\/p>\n<p style=\"text-align: justify;\">En cas de co-allaitement, les choix \u00e0 la reprise du travail sont les m\u00eames que pour un allaitement classique : faire un allaitement mixte, tirer son lait, au travail ou \u00e0 la maison, ou bien sevrer. Mais ces choix vont n\u00e9cessiter des <strong>adaptations<\/strong>.<\/p>\n<p style=\"text-align: justify;\">Si vous choisissez de <strong>tirer<\/strong> votre lait au travail, vous allez le faire uniquement pour le b\u00e9b\u00e9 le plus jeune car le plus \u00e2g\u00e9 est en g\u00e9n\u00e9ral \u00e2g\u00e9 de plus d&rsquo;un an et peut se contenter des t\u00e9t\u00e9es quand vous \u00eates \u00e0 la maison. Comme la lactation est doublement stimul\u00e9e \u00e0 la maison, le tirage est en g\u00e9n\u00e9ral plus facile au travail.<\/p>\n<p style=\"text-align: justify;\">Si vous choisissez de ne pas tirer le lait au travail mais de <a href=\"https:\/\/www.lactissima.com\/a-tire-d-ailes\/5-facons-de-conjuguer-allaitement-et-reprise-du-travail\/\" target=\"_blank\" rel=\"noopener\">tirer \u00e0 la maison<\/a>, cela risque d&rsquo;\u00eatre <strong>compliqu\u00e9<\/strong> car c&rsquo;est difficile de trouver un moment pour tirer son lait \u00e0 la maison lorsque deux enfants demandent r\u00e9guli\u00e8rement \u00e0 t\u00e9ter. C&rsquo;est donc un choix qui risque de ne pas fonctionner.<\/p>\n<p style=\"text-align: justify;\">Si vous choisissez de faire un <a href=\"https:\/\/www.lactissima.com\/a-tire-d-ailes\/allaitement-mixte\/\" target=\"_blank\" rel=\"noopener\">allaitement mixte<\/a> et de ne pas tirer votre lait au travail, vous devrez faire attention \u00e0 ne pas faire d&rsquo;<a href=\"https:\/\/www.lactissima.com\/a-tire-d-ailes\/engorgement\/\" target=\"_blank\" rel=\"noopener\">engorgement<\/a> la journ\u00e9e car avec une double stimulation \u00e0 la maison, vos seins risquent de se remplir rapidement au travail. Si jamais vous faites des <strong>engorgements<\/strong> \u00e0 r\u00e9p\u00e9tition, je vous sugg\u00e8re de suivre les m\u00eames conseils que pour une <a href=\"https:\/\/www.lactissima.com\/a-tire-d-ailes\/trop-de-lait\/\" target=\"_blank\" rel=\"noopener\">lactation importante<\/a>. Par contre l&rsquo;avantage du co-allaitement dans ce cas, c&rsquo;est que c&rsquo;est beaucoup plus facile de maintenir une lactation suffisante.<\/p>\n<p style=\"text-align: justify;\">Le co-allaitement permet \u00e0 l&rsquo;a\u00een\u00e9 de b\u00e9n\u00e9ficier \u00e9galement des <a href=\"https:\/\/www.lactissima.com\/a-tire-d-ailes\/tetee-de-retrouvailles\/\" target=\"_blank\" rel=\"noopener\">t\u00e9t\u00e9es de retrouvailles<\/a> et c&rsquo;est en g\u00e9n\u00e9ral quelque-chose qu&rsquo;il appr\u00e9cie beaucoup.<\/p>\n<p style=\"text-align: justify;\">Certaines femmes <strong>vivent mal<\/strong> le co-allaitement et les demandes de l&rsquo;a\u00een\u00e9, surtout lorsque celui-ci est \u00ab\u00a0accro\u00a0\u00bb au sein. Ce n&rsquo;est pas toujours facile \u00e0 vivre et si vous \u00eates dans ce cas, n&rsquo;h\u00e9sitez pas \u00e0 prendre RDV avec une consultante en lactation.<\/p>\n<p style=\"text-align: justify;\">Et <strong>vous<\/strong>, avez-vous repris le travail en co-allaitement ? Comment cela s&rsquo;est-il pass\u00e9 ?<\/p>\n<p style=\"text-align: justify;\"><strong>Articles en rapport :<\/strong><\/p>\n<ul>\n<li style=\"text-align: justify;\"><a href=\"https:\/\/www.lactissima.com\/a-tire-d-ailes\/5-facons-de-conjuguer-allaitement-et-reprise-du-travail\/\" target=\"_blank\" rel=\"noopener\">5 fa\u00e7ons de conjuguer allaitement et reprise du travail<\/a>.<\/li>\n<li style=\"text-align: justify;\"><a href=\"https:\/\/www.lactissima.com\/a-tire-d-ailes\/allaitement-mixte\/\" target=\"_blank\" rel=\"noopener\">Reprise du travail en allaitement mixte<\/a><\/li>\n<li style=\"text-align: justify;\"><a href=\"https:\/\/www.lactissima.com\/a-tire-d-ailes\/engorgement\/\" target=\"_blank\" rel=\"noopener\">L&rsquo;engorgement<\/a><\/li>\n<li style=\"text-align: justify;\"><a href=\"https:\/\/www.lactissima.com\/a-tire-d-ailes\/trop-de-lait\/\" target=\"_blank\" rel=\"noopener\">Lactation trop abondante \u00e0 la reprise du travail<\/a><\/li>\n<li style=\"text-align: justify;\"><a href=\"https:\/\/www.lactissima.com\/a-tire-d-ailes\/tetee-de-retrouvailles\/\" target=\"_blank\" rel=\"noopener\">T\u00e9t\u00e9e de retrouvailles<\/a><\/li>\n<\/ul>\n<p>&nbsp;<\/p>\n","protected":false},"excerpt":{"rendered":"<p>Aujourd&rsquo;hui je vous propose un th\u00e8me que plusieurs personnes m&rsquo;ont demand\u00e9 de traiter, celui du co-allaitement. Pour celles qui ne connaissent pas le co-allaitement, c&rsquo;est le fait d&rsquo;allaiter deux enfants d&rsquo;\u00e2ges diff\u00e9rents. Cela se produit lorsqu&rsquo;un enfant est toujours allait\u00e9 \u00e0 la naissance de sa petite s\u00c5\u201cur ou de son petit fr\u00e8re. La m\u00e8re poursuit [&hellip;]<\/p>\n","protected":false},"author":170,"featured_media":6253,"comment_status":"open","ping_status":"open","sticky":false,"template":"","format":"standard","meta":{"_et_pb_use_builder":"","_et_pb_old_content":"","_et_gb_content_width":"","footnotes":""},"categories":[35,36],"tags":[89,291,92,672,277,671],"class_list":["post-6251","post","type-post","status-publish","format-standard","has-post-thumbnail","hentry","category-allaitement","category-allaitement-et-travail","tag-allaitement-mixte","tag-co-allaitement","tag-engorgement","tag-lactation-importante","tag-tetees-de-retrouvailles","tag-tirer-a-la-maison"],"yoast_head":"<!-- This site is optimized with the Yoast SEO plugin v27.4 - https:\/\/yoast.com\/product\/yoast-seo-wordpress\/ -->\n<title>Co-allaitement et reprise du travail<\/title>\n<meta name=\"description\" content=\"Reprendre le travail quand on fait un co-allaitement pose certaines questions mais c&#039;est tout \u00e0 fait possible avec quelques ajustements.\" \/>\n<meta name=\"robots\" content=\"index, follow, max-snippet:-1, max-image-preview:large, max-video-preview:-1\" \/>\n<link rel=\"canonical\" href=\"https:\/\/www.lactissima.com\/a-tire-d-ailes\/co-allaitement-et-reprise-du-travail\/\" \/>\n<meta property=\"og:locale\" content=\"fr_FR\" \/>\n<meta property=\"og:type\" content=\"article\" \/>\n<meta property=\"og:title\" content=\"Co-allaitement et reprise du travail\" \/>\n<meta property=\"og:description\" content=\"Reprendre le travail quand on fait un co-allaitement pose certaines questions mais c&#039;est tout \u00e0 fait possible avec quelques ajustements.\" \/>\n<meta property=\"og:url\" content=\"https:\/\/www.lactissima.com\/a-tire-d-ailes\/co-allaitement-et-reprise-du-travail\/\" \/>\n<meta property=\"og:site_name\" content=\"A tire d&#039;Ailes\" \/>\n<meta property=\"article:publisher\" content=\"https:\/\/www.facebook.com\/consultante.en.lactation\" \/>\n<meta property=\"article:author\" content=\"www.facebook.com\/consultante.en.lactation\" \/>\n<meta property=\"article:published_time\" content=\"2015-05-07T15:59:38+00:00\" \/>\n<meta property=\"article:modified_time\" content=\"2021-12-17T15:25:18+00:00\" \/>\n<meta property=\"og:image\" content=\"https:\/\/www.lactissima.com\/a-tire-d-ailes\/wp-content\/uploads\/2015\/05\/co-allaitement.jpg\" \/>\n\t<meta property=\"og:image:width\" content=\"331\" \/>\n\t<meta property=\"og:image:height\" content=\"331\" \/>\n\t<meta property=\"og:image:type\" content=\"image\/jpeg\" \/>\n<meta name=\"author\" content=\"V\u00e9ronique Darmangeat\" \/>\n<meta name=\"twitter:card\" content=\"summary_large_image\" \/>\n<meta name=\"twitter:creator\" content=\"@VeroniqueIBCLC\" \/>\n<meta name=\"twitter:site\" content=\"@VeroniqueIBCLC\" \/>\n<meta name=\"twitter:label1\" content=\"\u00c9crit par\" \/>\n\t<meta name=\"twitter:data1\" content=\"V\u00e9ronique Darmangeat\" \/>\n\t<meta name=\"twitter:label2\" content=\"Dur\u00e9e de lecture estim\u00e9e\" \/>\n\t<meta name=\"twitter:data2\" content=\"3 minutes\" \/>\n<script type=\"application\/ld+json\" class=\"yoast-schema-graph\">{\"@context\":\"https:\\\/\\\/schema.org\",\"@graph\":[{\"@type\":\"Article\",\"@id\":\"https:\\\/\\\/www.lactissima.com\\\/a-tire-d-ailes\\\/co-allaitement-et-reprise-du-travail\\\/#article\",\"isPartOf\":{\"@id\":\"https:\\\/\\\/www.lactissima.com\\\/a-tire-d-ailes\\\/co-allaitement-et-reprise-du-travail\\\/\"},\"author\":{\"name\":\"V\u00e9ronique Darmangeat\",\"@id\":\"https:\\\/\\\/www.lactissima.com\\\/a-tire-d-ailes\\\/#\\\/schema\\\/person\\\/8f98d3a89530861bc1240e6d53d44eed\"},\"headline\":\"Co-allaitement et reprise du travail\",\"datePublished\":\"2015-05-07T15:59:38+00:00\",\"dateModified\":\"2021-12-17T15:25:18+00:00\",\"mainEntityOfPage\":{\"@id\":\"https:\\\/\\\/www.lactissima.com\\\/a-tire-d-ailes\\\/co-allaitement-et-reprise-du-travail\\\/\"},\"wordCount\":536,\"commentCount\":4,\"image\":{\"@id\":\"https:\\\/\\\/www.lactissima.com\\\/a-tire-d-ailes\\\/co-allaitement-et-reprise-du-travail\\\/#primaryimage\"},\"thumbnailUrl\":\"https:\\\/\\\/www.lactissima.com\\\/a-tire-d-ailes\\\/wp-content\\\/uploads\\\/2015\\\/05\\\/co-allaitement.jpg\",\"keywords\":[\"allaitement mixte\",\"co-allaitement\",\"engorgement\",\"lactation importante\",\"t\u00e9t\u00e9es de retrouvailles\",\"tirer \u00e0 la maison\"],\"articleSection\":[\"Allaitement\",\"Allaitement et Travail\"],\"inLanguage\":\"fr-FR\",\"potentialAction\":[{\"@type\":\"CommentAction\",\"name\":\"Comment\",\"target\":[\"https:\\\/\\\/www.lactissima.com\\\/a-tire-d-ailes\\\/co-allaitement-et-reprise-du-travail\\\/#respond\"]}]},{\"@type\":\"WebPage\",\"@id\":\"https:\\\/\\\/www.lactissima.com\\\/a-tire-d-ailes\\\/co-allaitement-et-reprise-du-travail\\\/\",\"url\":\"https:\\\/\\\/www.lactissima.com\\\/a-tire-d-ailes\\\/co-allaitement-et-reprise-du-travail\\\/\",\"name\":\"Co-allaitement et reprise du travail\",\"isPartOf\":{\"@id\":\"https:\\\/\\\/www.lactissima.com\\\/a-tire-d-ailes\\\/#website\"},\"primaryImageOfPage\":{\"@id\":\"https:\\\/\\\/www.lactissima.com\\\/a-tire-d-ailes\\\/co-allaitement-et-reprise-du-travail\\\/#primaryimage\"},\"image\":{\"@id\":\"https:\\\/\\\/www.lactissima.com\\\/a-tire-d-ailes\\\/co-allaitement-et-reprise-du-travail\\\/#primaryimage\"},\"thumbnailUrl\":\"https:\\\/\\\/www.lactissima.com\\\/a-tire-d-ailes\\\/wp-content\\\/uploads\\\/2015\\\/05\\\/co-allaitement.jpg\",\"datePublished\":\"2015-05-07T15:59:38+00:00\",\"dateModified\":\"2021-12-17T15:25:18+00:00\",\"author\":{\"@id\":\"https:\\\/\\\/www.lactissima.com\\\/a-tire-d-ailes\\\/#\\\/schema\\\/person\\\/8f98d3a89530861bc1240e6d53d44eed\"},\"description\":\"Reprendre le travail quand on fait un co-allaitement pose certaines questions mais c'est tout \u00e0 fait possible avec quelques ajustements.\",\"breadcrumb\":{\"@id\":\"https:\\\/\\\/www.lactissima.com\\\/a-tire-d-ailes\\\/co-allaitement-et-reprise-du-travail\\\/#breadcrumb\"},\"inLanguage\":\"fr-FR\",\"potentialAction\":[{\"@type\":\"ReadAction\",\"target\":[\"https:\\\/\\\/www.lactissima.com\\\/a-tire-d-ailes\\\/co-allaitement-et-reprise-du-travail\\\/\"]}]},{\"@type\":\"ImageObject\",\"inLanguage\":\"fr-FR\",\"@id\":\"https:\\\/\\\/www.lactissima.com\\\/a-tire-d-ailes\\\/co-allaitement-et-reprise-du-travail\\\/#primaryimage\",\"url\":\"https:\\\/\\\/www.lactissima.com\\\/a-tire-d-ailes\\\/wp-content\\\/uploads\\\/2015\\\/05\\\/co-allaitement.jpg\",\"contentUrl\":\"https:\\\/\\\/www.lactissima.com\\\/a-tire-d-ailes\\\/wp-content\\\/uploads\\\/2015\\\/05\\\/co-allaitement.jpg\",\"width\":331,\"height\":331,\"caption\":\"co-allaitement\"},{\"@type\":\"BreadcrumbList\",\"@id\":\"https:\\\/\\\/www.lactissima.com\\\/a-tire-d-ailes\\\/co-allaitement-et-reprise-du-travail\\\/#breadcrumb\",\"itemListElement\":[{\"@type\":\"ListItem\",\"position\":1,\"name\":\"Accueil\",\"item\":\"https:\\\/\\\/www.lactissima.com\\\/a-tire-d-ailes\\\/\"},{\"@type\":\"ListItem\",\"position\":2,\"name\":\"Co-allaitement et reprise du travail\"}]},{\"@type\":\"WebSite\",\"@id\":\"https:\\\/\\\/www.lactissima.com\\\/a-tire-d-ailes\\\/#website\",\"url\":\"https:\\\/\\\/www.lactissima.com\\\/a-tire-d-ailes\\\/\",\"name\":\"A tire d&#039;Ailes\",\"description\":\"Le blog des femmes qui allaitent et travaillent.\",\"potentialAction\":[{\"@type\":\"SearchAction\",\"target\":{\"@type\":\"EntryPoint\",\"urlTemplate\":\"https:\\\/\\\/www.lactissima.com\\\/a-tire-d-ailes\\\/?s={search_term_string}\"},\"query-input\":{\"@type\":\"PropertyValueSpecification\",\"valueRequired\":true,\"valueName\":\"search_term_string\"}}],\"inLanguage\":\"fr-FR\"},{\"@type\":\"Person\",\"@id\":\"https:\\\/\\\/www.lactissima.com\\\/a-tire-d-ailes\\\/#\\\/schema\\\/person\\\/8f98d3a89530861bc1240e6d53d44eed\",\"name\":\"V\u00e9ronique Darmangeat\",\"image\":{\"@type\":\"ImageObject\",\"inLanguage\":\"fr-FR\",\"@id\":\"https:\\\/\\\/secure.gravatar.com\\\/avatar\\\/268c99344c89cebfe4f5df5fa8be43068a18884fc76a29f3206fae98465b9cab?s=96&d=identicon&r=g\",\"url\":\"https:\\\/\\\/secure.gravatar.com\\\/avatar\\\/268c99344c89cebfe4f5df5fa8be43068a18884fc76a29f3206fae98465b9cab?s=96&d=identicon&r=g\",\"contentUrl\":\"https:\\\/\\\/secure.gravatar.com\\\/avatar\\\/268c99344c89cebfe4f5df5fa8be43068a18884fc76a29f3206fae98465b9cab?s=96&d=identicon&r=g\",\"caption\":\"V\u00e9ronique Darmangeat\"},\"sameAs\":[\"https:\\\/\\\/www.lactissima.com\\\/a-tire-d-ailes\",\"www.facebook.com\\\/consultante.en.lactation\"]}]}<\/script>\n<!-- \/ Yoast SEO plugin. -->","yoast_head_json":{"title":"Co-allaitement et reprise du travail","description":"Reprendre le travail quand on fait un co-allaitement pose certaines questions mais c'est tout \u00e0 fait possible avec quelques ajustements.","robots":{"index":"index","follow":"follow","max-snippet":"max-snippet:-1","max-image-preview":"max-image-preview:large","max-video-preview":"max-video-preview:-1"},"canonical":"https:\/\/www.lactissima.com\/a-tire-d-ailes\/co-allaitement-et-reprise-du-travail\/","og_locale":"fr_FR","og_type":"article","og_title":"Co-allaitement et reprise du travail","og_description":"Reprendre le travail quand on fait un co-allaitement pose certaines questions mais c'est tout \u00e0 fait possible avec quelques ajustements.","og_url":"https:\/\/www.lactissima.com\/a-tire-d-ailes\/co-allaitement-et-reprise-du-travail\/","og_site_name":"A tire d&#039;Ailes","article_publisher":"https:\/\/www.facebook.com\/consultante.en.lactation","article_author":"www.facebook.com\/consultante.en.lactation","article_published_time":"2015-05-07T15:59:38+00:00","article_modified_time":"2021-12-17T15:25:18+00:00","og_image":[{"width":331,"height":331,"url":"https:\/\/www.lactissima.com\/a-tire-d-ailes\/wp-content\/uploads\/2015\/05\/co-allaitement.jpg","type":"image\/jpeg"}],"author":"V\u00e9ronique Darmangeat","twitter_card":"summary_large_image","twitter_creator":"@VeroniqueIBCLC","twitter_site":"@VeroniqueIBCLC","twitter_misc":{"\u00c9crit par":"V\u00e9ronique Darmangeat","Dur\u00e9e de lecture estim\u00e9e":"3 minutes"},"schema":{"@context":"https:\/\/schema.org","@graph":[{"@type":"Article","@id":"https:\/\/www.lactissima.com\/a-tire-d-ailes\/co-allaitement-et-reprise-du-travail\/#article","isPartOf":{"@id":"https:\/\/www.lactissima.com\/a-tire-d-ailes\/co-allaitement-et-reprise-du-travail\/"},"author":{"name":"V\u00e9ronique Darmangeat","@id":"https:\/\/www.lactissima.com\/a-tire-d-ailes\/#\/schema\/person\/8f98d3a89530861bc1240e6d53d44eed"},"headline":"Co-allaitement et reprise du travail","datePublished":"2015-05-07T15:59:38+00:00","dateModified":"2021-12-17T15:25:18+00:00","mainEntityOfPage":{"@id":"https:\/\/www.lactissima.com\/a-tire-d-ailes\/co-allaitement-et-reprise-du-travail\/"},"wordCount":536,"commentCount":4,"image":{"@id":"https:\/\/www.lactissima.com\/a-tire-d-ailes\/co-allaitement-et-reprise-du-travail\/#primaryimage"},"thumbnailUrl":"https:\/\/www.lactissima.com\/a-tire-d-ailes\/wp-content\/uploads\/2015\/05\/co-allaitement.jpg","keywords":["allaitement mixte","co-allaitement","engorgement","lactation importante","t\u00e9t\u00e9es de retrouvailles","tirer \u00e0 la maison"],"articleSection":["Allaitement","Allaitement et Travail"],"inLanguage":"fr-FR","potentialAction":[{"@type":"CommentAction","name":"Comment","target":["https:\/\/www.lactissima.com\/a-tire-d-ailes\/co-allaitement-et-reprise-du-travail\/#respond"]}]},{"@type":"WebPage","@id":"https:\/\/www.lactissima.com\/a-tire-d-ailes\/co-allaitement-et-reprise-du-travail\/","url":"https:\/\/www.lactissima.com\/a-tire-d-ailes\/co-allaitement-et-reprise-du-travail\/","name":"Co-allaitement et reprise du travail","isPartOf":{"@id":"https:\/\/www.lactissima.com\/a-tire-d-ailes\/#website"},"primaryImageOfPage":{"@id":"https:\/\/www.lactissima.com\/a-tire-d-ailes\/co-allaitement-et-reprise-du-travail\/#primaryimage"},"image":{"@id":"https:\/\/www.lactissima.com\/a-tire-d-ailes\/co-allaitement-et-reprise-du-travail\/#primaryimage"},"thumbnailUrl":"https:\/\/www.lactissima.com\/a-tire-d-ailes\/wp-content\/uploads\/2015\/05\/co-allaitement.jpg","datePublished":"2015-05-07T15:59:38+00:00","dateModified":"2021-12-17T15:25:18+00:00","author":{"@id":"https:\/\/www.lactissima.com\/a-tire-d-ailes\/#\/schema\/person\/8f98d3a89530861bc1240e6d53d44eed"},"description":"Reprendre le travail quand on fait un co-allaitement pose certaines questions mais c'est tout \u00e0 fait possible avec quelques ajustements.","breadcrumb":{"@id":"https:\/\/www.lactissima.com\/a-tire-d-ailes\/co-allaitement-et-reprise-du-travail\/#breadcrumb"},"inLanguage":"fr-FR","potentialAction":[{"@type":"ReadAction","target":["https:\/\/www.lactissima.com\/a-tire-d-ailes\/co-allaitement-et-reprise-du-travail\/"]}]},{"@type":"ImageObject","inLanguage":"fr-FR","@id":"https:\/\/www.lactissima.com\/a-tire-d-ailes\/co-allaitement-et-reprise-du-travail\/#primaryimage","url":"https:\/\/www.lactissima.com\/a-tire-d-ailes\/wp-content\/uploads\/2015\/05\/co-allaitement.jpg","contentUrl":"https:\/\/www.lactissima.com\/a-tire-d-ailes\/wp-content\/uploads\/2015\/05\/co-allaitement.jpg","width":331,"height":331,"caption":"co-allaitement"},{"@type":"BreadcrumbList","@id":"https:\/\/www.lactissima.com\/a-tire-d-ailes\/co-allaitement-et-reprise-du-travail\/#breadcrumb","itemListElement":[{"@type":"ListItem","position":1,"name":"Accueil","item":"https:\/\/www.lactissima.com\/a-tire-d-ailes\/"},{"@type":"ListItem","position":2,"name":"Co-allaitement et reprise du travail"}]},{"@type":"WebSite","@id":"https:\/\/www.lactissima.com\/a-tire-d-ailes\/#website","url":"https:\/\/www.lactissima.com\/a-tire-d-ailes\/","name":"A tire d&#039;Ailes","description":"Le blog des femmes qui allaitent et travaillent.","potentialAction":[{"@type":"SearchAction","target":{"@type":"EntryPoint","urlTemplate":"https:\/\/www.lactissima.com\/a-tire-d-ailes\/?s={search_term_string}"},"query-input":{"@type":"PropertyValueSpecification","valueRequired":true,"valueName":"search_term_string"}}],"inLanguage":"fr-FR"},{"@type":"Person","@id":"https:\/\/www.lactissima.com\/a-tire-d-ailes\/#\/schema\/person\/8f98d3a89530861bc1240e6d53d44eed","name":"V\u00e9ronique Darmangeat","image":{"@type":"ImageObject","inLanguage":"fr-FR","@id":"https:\/\/secure.gravatar.com\/avatar\/268c99344c89cebfe4f5df5fa8be43068a18884fc76a29f3206fae98465b9cab?s=96&d=identicon&r=g","url":"https:\/\/secure.gravatar.com\/avatar\/268c99344c89cebfe4f5df5fa8be43068a18884fc76a29f3206fae98465b9cab?s=96&d=identicon&r=g","contentUrl":"https:\/\/secure.gravatar.com\/avatar\/268c99344c89cebfe4f5df5fa8be43068a18884fc76a29f3206fae98465b9cab?s=96&d=identicon&r=g","caption":"V\u00e9ronique Darmangeat"},"sameAs":["https:\/\/www.lactissima.com\/a-tire-d-ailes","www.facebook.com\/consultante.en.lactation"]}]}},"_links":{"self":[{"href":"https:\/\/www.lactissima.com\/a-tire-d-ailes\/wp-json\/wp\/v2\/posts\/6251","targetHints":{"allow":["GET"]}}],"collection":[{"href":"https:\/\/www.lactissima.com\/a-tire-d-ailes\/wp-json\/wp\/v2\/posts"}],"about":[{"href":"https:\/\/www.lactissima.com\/a-tire-d-ailes\/wp-json\/wp\/v2\/types\/post"}],"author":[{"embeddable":true,"href":"https:\/\/www.lactissima.com\/a-tire-d-ailes\/wp-json\/wp\/v2\/users\/170"}],"replies":[{"embeddable":true,"href":"https:\/\/www.lactissima.com\/a-tire-d-ailes\/wp-json\/wp\/v2\/comments?post=6251"}],"version-history":[{"count":6,"href":"https:\/\/www.lactissima.com\/a-tire-d-ailes\/wp-json\/wp\/v2\/posts\/6251\/revisions"}],"predecessor-version":[{"id":8612,"href":"https:\/\/www.lactissima.com\/a-tire-d-ailes\/wp-json\/wp\/v2\/posts\/6251\/revisions\/8612"}],"wp:featuredmedia":[{"embeddable":true,"href":"https:\/\/www.lactissima.com\/a-tire-d-ailes\/wp-json\/wp\/v2\/media\/6253"}],"wp:attachment":[{"href":"https:\/\/www.lactissima.com\/a-tire-d-ailes\/wp-json\/wp\/v2\/media?parent=6251"}],"wp:term":[{"taxonomy":"category","embeddable":true,"href":"https:\/\/www.lactissima.com\/a-tire-d-ailes\/wp-json\/wp\/v2\/categories?post=6251"},{"taxonomy":"post_tag","embeddable":true,"href":"https:\/\/www.lactissima.com\/a-tire-d-ailes\/wp-json\/wp\/v2\/tags?post=6251"}],"curies":[{"name":"wp","href":"https:\/\/api.w.org\/{rel}","templated":true}]}}