{"id":6242,"date":"2015-04-23T19:46:35","date_gmt":"2015-04-23T17:46:35","guid":{"rendered":"https:\/\/www.lactissima.com\/a-tire-d-ailes\/?p=6242"},"modified":"2015-04-23T19:46:35","modified_gmt":"2015-04-23T17:46:35","slug":"allaiter-et-travailler-le-temoignage-de-lola","status":"publish","type":"post","link":"https:\/\/www.lactissima.com\/a-tire-d-ailes\/allaiter-et-travailler-le-temoignage-de-lola\/","title":{"rendered":"Allaiter et travailler : le t\u00e9moignage de Lola"},"content":{"rendered":"<ul>\n<li style=\"text-align: justify;\"><strong><img loading=\"lazy\" decoding=\"async\" class=\"alignright size-full wp-image-6243\" src=\"https:\/\/www.lactissima.com\/a-tire-d-ailes\/wp-content\/uploads\/2015\/04\/lola.jpg\" alt=\"allaitement et travail\" width=\"320\" height=\"240\" srcset=\"https:\/\/www.lactissima.com\/a-tire-d-ailes\/wp-content\/uploads\/2015\/04\/lola.jpg 320w, https:\/\/www.lactissima.com\/a-tire-d-ailes\/wp-content\/uploads\/2015\/04\/lola-300x225.jpg 300w\" sizes=\"(max-width: 320px) 100vw, 320px\" \/><\/strong><strong>Quel choix avez-vous fait au moment de la reprise du travail : sevrage ou poursuite de l&rsquo;allaitement ? Pourquoi ?<\/strong><\/li>\n<\/ul>\n<p style=\"text-align: justify;\">Avant toute chose, je pr\u00e9cise que je suis une fran\u00e7aise expatri\u00e9e en Belgique, par cons\u00e9quent il y a certaines petites diff\u00e9rences avec la France.<\/p>\n<p style=\"text-align: justify;\">Pour des raisons assez particuli\u00e8res (nouveau travail), j&rsquo;ai du retourner travailler bien trop t\u00f4t \u00e0 mon go\u00fbt; lorsque mon petit n&rsquo;avait pas encore tout \u00e0 fait 2 mois et demi. Je n&rsquo;avais pas la possibilit\u00e9 de prendre un cong\u00e9 d&rsquo;allaitement.<br \/>\nIl ne m&rsquo;est m\u00eame pas venu \u00e0 l&rsquo;id\u00e9e de le sevrer, sachant qu&rsquo;en plus mon p\u00e9diatre recommande l&rsquo;allaitement jusqu&rsquo;au 6 mois du b\u00e9b\u00e9.<\/p>\n<p style=\"text-align: justify;\">J&rsquo;adore allaiter et j&rsquo;avais \u00e9norm\u00e9ment de lait, j&rsquo;aurais trouv\u00e9 dommage de la g\u00e2cher, cependant, n&rsquo;ayant pas de cong\u00e9lateur, je n&rsquo;ai pas pu faire un \u00e9norme stock avant la reprise (de quoi tenir une grosse semaine).<br \/>\nJ&rsquo;ai donc d\u00e9cid\u00e9 de tirer mon lait sur mon lieu de travail, sans m\u00eame savoir si cela serait possible, mais en ayant textes de loi et conventions collectives de travail sous la main pour prouver mon bon droit. Etant employ\u00e9e dans un h\u00f4pital, je me suis dit que cela ne poserait pas trop de difficult\u00e9.<br \/>\nDe plus, en pr\u00e9vision de la reprise, et comme j&rsquo;ai du faire des entretiens d&#8217;embauche pendant mon cong\u00e9 maternit\u00e9, le petit avait d\u00e9j\u00e0 l&rsquo;habitude du biberon.<\/p>\n<ul style=\"text-align: justify;\">\n<li><strong>Comment vous \u00eates-vous organis\u00e9e ?<\/strong><\/li>\n<\/ul>\n<p style=\"text-align: justify;\">J&rsquo;ai lou\u00e9 aupr\u00e8s de ma mutuelle un tire-lait double Ameda lactaline et me suis pr\u00e9sent\u00e9e au travail avec.<br \/>\nPremi\u00e8re bonne surprise, ma cheffe \u00e9tant elle-m\u00eame jeune maman s&rsquo;est montr\u00e9e tr\u00e8s compr\u00e9hensive; j&rsquo;ai donc une cuisine avec frigo et un fauteuil \u00e0 ma disposition pour tirer mon lait.<br \/>\nNous avons pr\u00e9venu les coll\u00e8gues afin que personne n&rsquo;entre quand la porte est ferm\u00e9e et que l&rsquo;\u00e9crito est en place.<br \/>\nJe tire deux \u00e0 trois fois par jour, par session de 10 \u00e0 20 minutes selon la n\u00e9cessit\u00e9.<br \/>\nAu d\u00e9but, je trimbalais le tire-lait matin et soir dans un sac \u00e0 dos, mais avec le b\u00e9b\u00e9 port\u00e9 en \u00e9charpe dans les transports en commun, cela commen\u00e7ait \u00e0 s&rsquo;av\u00e9rer vraiment trop p\u00e9nible; je laisse donc le tire-lait au boulot et je ram\u00e8ne mes petits-pots le soir dans mon sac.<br \/>\nJ&rsquo;ai l&rsquo;avantage de pouvoir laver les embouts sur place, mais je dois avouer que la vaisselle \u00e0 chaque fois c&rsquo;est bien la partie la plus p\u00e9nible.<\/p>\n<ul style=\"text-align: justify;\">\n<li><strong>Quelles ont \u00e9t\u00e9 vos principales difficult\u00e9s ?<\/strong><\/li>\n<\/ul>\n<p style=\"text-align: justify;\">J&rsquo;ai pu maintenir l&rsquo;allaitement exclusif pendant deux semaines apr\u00e8s la reprise; mais au d\u00e9but \u00e7a s&rsquo;est mal pass\u00e9 avec la cr\u00e8che: aucun probl\u00e8me \u00e0 utiliser du lait maternel, mais en une semaine, le petit s&rsquo;est mis \u00e0 r\u00e9clamer plus, et ayant \u00e9t\u00e9 malade + le manque de sommeil, j&rsquo;ai eu deux journ\u00e9es de production moindre.<br \/>\nOn m&rsquo;a demand\u00e9 d&rsquo;amener de la poudre pour compl\u00e9ter.<br \/>\nMon petiot qui ne buvait que 90\/120 la premi\u00e8re semaine de cr\u00e8che est pass\u00e9 \u00e0 150\/180 une semaine apr\u00e8s.<\/p>\n<p style=\"text-align: justify;\">Le jour o\u00f9 j&rsquo;ai du demander \u00e0 mon compagnon d&rsquo;aller acheter du lait en poudre, je me rappelle avoir pleur\u00e9 toutes les larmes de mon corps, comme si j&rsquo;\u00e9tais une mauvaise m\u00e8re de ne plus pouvoir assurer enti\u00e8rement l&rsquo;alimentation de mon tout petit.<br \/>\nJ&rsquo;avais peur de ne plus pouvoir continuer \u00e0 allaiter et de perdre ces moments \u00ab\u00a0c\u00e2lins\u00a0\u00bb avec mon b\u00e9b\u00e9.<br \/>\nJ&rsquo;\u00e9tais \u00e9galement tr\u00e8s en col\u00e8re de devoir donner de la poudre, alors que j&rsquo;avais l&rsquo;impression que si j&rsquo;\u00e9tais rest\u00e9e davantage avec mon b\u00e9b\u00e9, je n&rsquo;en aurai pas eu besoin.<\/p>\n<p style=\"text-align: justify;\">C&rsquo;est ma belle-m\u00e8re qui s&rsquo;est charg\u00e9e de tester le biberon de poudre et Minipouce l&rsquo;a tr\u00e8s bien accept\u00e9.<br \/>\nAvec le recul, je me rends compte que je me suis \u00e9norm\u00e9ment focalis\u00e9e sur le fait de l&rsquo;allaiter exclusivement car cela me permettait de moins culpabiliser d&rsquo;avoir du retourner au travail aussi t\u00f4t.<\/p>\n<p style=\"text-align: justify;\">Finalement, il n&rsquo;y a eu aucun probl\u00e8me, le petit continue de t\u00e9ter, j&rsquo;ai toujours beaucoup de lait et les jours o\u00f9 je ne travaille pas, on continue en exclusif. Il ne prend donc des biberons de lait maternis\u00e9 que les apr\u00e8s-midi en semaine et jusqu&rsquo;ici tout se passe tr\u00e8s bien.<\/p>\n<ul style=\"text-align: justify;\">\n<li><strong>Ce serait \u00e0 refaire, vous referiez le m\u00eame choix ? Que changeriez-vous ?<\/strong><\/li>\n<\/ul>\n<p style=\"text-align: justify;\">Pour n\u00c2\u00b02, 3 etc&#8230; je prendrai un cong\u00e9 d&rsquo;allaitement, et je tenterai de faire davantage de stock avant la reprise, mais ce qui est s\u00fbr, c&rsquo;est que je ne me ferai plus un telle montagne de l&rsquo;allaitement exclusif: la poudre permet de pallier \u00e0 d&rsquo;\u00e9ventuels manques sans que je ne m&rsquo;inqui\u00e8te, mon petiot est toujours en bonne sant\u00e9 et j&rsquo;ai conserv\u00e9 tous nos moments privil\u00e9gi\u00e9s.<\/p>\n<p style=\"text-align: justify;\">Petit bonus: ces derniers jours, j&rsquo;ai m\u00eame pu tirer assez de lait pour ne pas avoir \u00e0 lui donner de la poudre.<br \/>\nBref, pour nous trois, tout se passe tr\u00e8s bien.<\/p>\n<p><strong>Articles en rapport :<\/strong><\/p>\n<ul>\n<li>Voir l&rsquo;onglet <a title=\"T\u00e9moignages\" href=\"https:\/\/www.lactissima.com\/a-tire-d-ailes\/temoignages-travail-et-allaitement\/\" target=\"_blank\">t\u00e9moignages<\/a><\/li>\n<\/ul>\n<p>&nbsp;<\/p>\n","protected":false},"excerpt":{"rendered":"<p>Quel choix avez-vous fait au moment de la reprise du travail : sevrage ou poursuite de l&rsquo;allaitement ? Pourquoi ? Avant toute chose, je pr\u00e9cise que je suis une fran\u00e7aise expatri\u00e9e en Belgique, par cons\u00e9quent il y a certaines petites diff\u00e9rences avec la France. Pour des raisons assez particuli\u00e8res (nouveau travail), j&rsquo;ai du retourner travailler [&hellip;]<\/p>\n","protected":false},"author":170,"featured_media":6243,"comment_status":"open","ping_status":"open","sticky":false,"template":"","format":"standard","meta":{"_et_pb_use_builder":"","_et_pb_old_content":"","_et_gb_content_width":"","footnotes":""},"categories":[150],"tags":[],"class_list":["post-6242","post","type-post","status-publish","format-standard","has-post-thumbnail","hentry","category-temoignages"],"yoast_head":"<!-- This site is optimized with the Yoast SEO plugin v27.4 - https:\/\/yoast.com\/product\/yoast-seo-wordpress\/ -->\n<title>Allaiter et travailler : le t\u00e9moignage de Lola<\/title>\n<meta name=\"description\" content=\"Lola voulait une reprise de travail en allaitement exclusif, elle fait finalement du mixte et en est satisfaite.\" \/>\n<meta name=\"robots\" content=\"index, follow, max-snippet:-1, max-image-preview:large, max-video-preview:-1\" \/>\n<link rel=\"canonical\" href=\"https:\/\/www.lactissima.com\/a-tire-d-ailes\/allaiter-et-travailler-le-temoignage-de-lola\/\" \/>\n<meta property=\"og:locale\" content=\"fr_FR\" \/>\n<meta property=\"og:type\" content=\"article\" \/>\n<meta property=\"og:title\" content=\"Allaiter et travailler : le t\u00e9moignage de Lola\" \/>\n<meta property=\"og:description\" content=\"Lola voulait une reprise de travail en allaitement exclusif, elle fait finalement du mixte et en est satisfaite.\" \/>\n<meta property=\"og:url\" content=\"https:\/\/www.lactissima.com\/a-tire-d-ailes\/allaiter-et-travailler-le-temoignage-de-lola\/\" \/>\n<meta property=\"og:site_name\" content=\"A tire d&#039;Ailes\" \/>\n<meta property=\"article:publisher\" content=\"https:\/\/www.facebook.com\/consultante.en.lactation\" \/>\n<meta property=\"article:author\" content=\"www.facebook.com\/consultante.en.lactation\" \/>\n<meta property=\"article:published_time\" content=\"2015-04-23T17:46:35+00:00\" \/>\n<meta property=\"og:image\" content=\"https:\/\/www.lactissima.com\/a-tire-d-ailes\/wp-content\/uploads\/2015\/04\/lola.jpg\" \/>\n\t<meta property=\"og:image:width\" content=\"320\" \/>\n\t<meta property=\"og:image:height\" content=\"240\" \/>\n\t<meta property=\"og:image:type\" content=\"image\/jpeg\" \/>\n<meta name=\"author\" content=\"V\u00e9ronique Darmangeat\" \/>\n<meta name=\"twitter:card\" content=\"summary_large_image\" \/>\n<meta name=\"twitter:creator\" content=\"@VeroniqueIBCLC\" \/>\n<meta name=\"twitter:site\" content=\"@VeroniqueIBCLC\" \/>\n<meta name=\"twitter:label1\" content=\"\u00c9crit par\" \/>\n\t<meta name=\"twitter:data1\" content=\"V\u00e9ronique Darmangeat\" \/>\n\t<meta name=\"twitter:label2\" content=\"Dur\u00e9e de lecture estim\u00e9e\" \/>\n\t<meta name=\"twitter:data2\" content=\"4 minutes\" \/>\n<script type=\"application\/ld+json\" class=\"yoast-schema-graph\">{\"@context\":\"https:\\\/\\\/schema.org\",\"@graph\":[{\"@type\":\"Article\",\"@id\":\"https:\\\/\\\/www.lactissima.com\\\/a-tire-d-ailes\\\/allaiter-et-travailler-le-temoignage-de-lola\\\/#article\",\"isPartOf\":{\"@id\":\"https:\\\/\\\/www.lactissima.com\\\/a-tire-d-ailes\\\/allaiter-et-travailler-le-temoignage-de-lola\\\/\"},\"author\":{\"name\":\"V\u00e9ronique Darmangeat\",\"@id\":\"https:\\\/\\\/www.lactissima.com\\\/a-tire-d-ailes\\\/#\\\/schema\\\/person\\\/8f98d3a89530861bc1240e6d53d44eed\"},\"headline\":\"Allaiter et travailler : le t\u00e9moignage de Lola\",\"datePublished\":\"2015-04-23T17:46:35+00:00\",\"mainEntityOfPage\":{\"@id\":\"https:\\\/\\\/www.lactissima.com\\\/a-tire-d-ailes\\\/allaiter-et-travailler-le-temoignage-de-lola\\\/\"},\"wordCount\":901,\"commentCount\":0,\"image\":{\"@id\":\"https:\\\/\\\/www.lactissima.com\\\/a-tire-d-ailes\\\/allaiter-et-travailler-le-temoignage-de-lola\\\/#primaryimage\"},\"thumbnailUrl\":\"https:\\\/\\\/www.lactissima.com\\\/a-tire-d-ailes\\\/wp-content\\\/uploads\\\/2015\\\/04\\\/lola.jpg\",\"articleSection\":[\"t\u00e9moignages\"],\"inLanguage\":\"fr-FR\",\"potentialAction\":[{\"@type\":\"CommentAction\",\"name\":\"Comment\",\"target\":[\"https:\\\/\\\/www.lactissima.com\\\/a-tire-d-ailes\\\/allaiter-et-travailler-le-temoignage-de-lola\\\/#respond\"]}]},{\"@type\":\"WebPage\",\"@id\":\"https:\\\/\\\/www.lactissima.com\\\/a-tire-d-ailes\\\/allaiter-et-travailler-le-temoignage-de-lola\\\/\",\"url\":\"https:\\\/\\\/www.lactissima.com\\\/a-tire-d-ailes\\\/allaiter-et-travailler-le-temoignage-de-lola\\\/\",\"name\":\"Allaiter et travailler : le t\u00e9moignage de Lola\",\"isPartOf\":{\"@id\":\"https:\\\/\\\/www.lactissima.com\\\/a-tire-d-ailes\\\/#website\"},\"primaryImageOfPage\":{\"@id\":\"https:\\\/\\\/www.lactissima.com\\\/a-tire-d-ailes\\\/allaiter-et-travailler-le-temoignage-de-lola\\\/#primaryimage\"},\"image\":{\"@id\":\"https:\\\/\\\/www.lactissima.com\\\/a-tire-d-ailes\\\/allaiter-et-travailler-le-temoignage-de-lola\\\/#primaryimage\"},\"thumbnailUrl\":\"https:\\\/\\\/www.lactissima.com\\\/a-tire-d-ailes\\\/wp-content\\\/uploads\\\/2015\\\/04\\\/lola.jpg\",\"datePublished\":\"2015-04-23T17:46:35+00:00\",\"author\":{\"@id\":\"https:\\\/\\\/www.lactissima.com\\\/a-tire-d-ailes\\\/#\\\/schema\\\/person\\\/8f98d3a89530861bc1240e6d53d44eed\"},\"description\":\"Lola voulait une reprise de travail en allaitement exclusif, elle fait finalement du mixte et en est satisfaite.\",\"breadcrumb\":{\"@id\":\"https:\\\/\\\/www.lactissima.com\\\/a-tire-d-ailes\\\/allaiter-et-travailler-le-temoignage-de-lola\\\/#breadcrumb\"},\"inLanguage\":\"fr-FR\",\"potentialAction\":[{\"@type\":\"ReadAction\",\"target\":[\"https:\\\/\\\/www.lactissima.com\\\/a-tire-d-ailes\\\/allaiter-et-travailler-le-temoignage-de-lola\\\/\"]}]},{\"@type\":\"ImageObject\",\"inLanguage\":\"fr-FR\",\"@id\":\"https:\\\/\\\/www.lactissima.com\\\/a-tire-d-ailes\\\/allaiter-et-travailler-le-temoignage-de-lola\\\/#primaryimage\",\"url\":\"https:\\\/\\\/www.lactissima.com\\\/a-tire-d-ailes\\\/wp-content\\\/uploads\\\/2015\\\/04\\\/lola.jpg\",\"contentUrl\":\"https:\\\/\\\/www.lactissima.com\\\/a-tire-d-ailes\\\/wp-content\\\/uploads\\\/2015\\\/04\\\/lola.jpg\",\"width\":320,\"height\":240,\"caption\":\"allaitement et travail\"},{\"@type\":\"BreadcrumbList\",\"@id\":\"https:\\\/\\\/www.lactissima.com\\\/a-tire-d-ailes\\\/allaiter-et-travailler-le-temoignage-de-lola\\\/#breadcrumb\",\"itemListElement\":[{\"@type\":\"ListItem\",\"position\":1,\"name\":\"Accueil\",\"item\":\"https:\\\/\\\/www.lactissima.com\\\/a-tire-d-ailes\\\/\"},{\"@type\":\"ListItem\",\"position\":2,\"name\":\"Allaiter et travailler : le t\u00e9moignage de Lola\"}]},{\"@type\":\"WebSite\",\"@id\":\"https:\\\/\\\/www.lactissima.com\\\/a-tire-d-ailes\\\/#website\",\"url\":\"https:\\\/\\\/www.lactissima.com\\\/a-tire-d-ailes\\\/\",\"name\":\"A tire d&#039;Ailes\",\"description\":\"Le blog des femmes qui allaitent et travaillent.\",\"potentialAction\":[{\"@type\":\"SearchAction\",\"target\":{\"@type\":\"EntryPoint\",\"urlTemplate\":\"https:\\\/\\\/www.lactissima.com\\\/a-tire-d-ailes\\\/?s={search_term_string}\"},\"query-input\":{\"@type\":\"PropertyValueSpecification\",\"valueRequired\":true,\"valueName\":\"search_term_string\"}}],\"inLanguage\":\"fr-FR\"},{\"@type\":\"Person\",\"@id\":\"https:\\\/\\\/www.lactissima.com\\\/a-tire-d-ailes\\\/#\\\/schema\\\/person\\\/8f98d3a89530861bc1240e6d53d44eed\",\"name\":\"V\u00e9ronique Darmangeat\",\"image\":{\"@type\":\"ImageObject\",\"inLanguage\":\"fr-FR\",\"@id\":\"https:\\\/\\\/secure.gravatar.com\\\/avatar\\\/268c99344c89cebfe4f5df5fa8be43068a18884fc76a29f3206fae98465b9cab?s=96&d=identicon&r=g\",\"url\":\"https:\\\/\\\/secure.gravatar.com\\\/avatar\\\/268c99344c89cebfe4f5df5fa8be43068a18884fc76a29f3206fae98465b9cab?s=96&d=identicon&r=g\",\"contentUrl\":\"https:\\\/\\\/secure.gravatar.com\\\/avatar\\\/268c99344c89cebfe4f5df5fa8be43068a18884fc76a29f3206fae98465b9cab?s=96&d=identicon&r=g\",\"caption\":\"V\u00e9ronique Darmangeat\"},\"sameAs\":[\"https:\\\/\\\/www.lactissima.com\\\/a-tire-d-ailes\",\"www.facebook.com\\\/consultante.en.lactation\"]}]}<\/script>\n<!-- \/ Yoast SEO plugin. -->","yoast_head_json":{"title":"Allaiter et travailler : le t\u00e9moignage de Lola","description":"Lola voulait une reprise de travail en allaitement exclusif, elle fait finalement du mixte et en est satisfaite.","robots":{"index":"index","follow":"follow","max-snippet":"max-snippet:-1","max-image-preview":"max-image-preview:large","max-video-preview":"max-video-preview:-1"},"canonical":"https:\/\/www.lactissima.com\/a-tire-d-ailes\/allaiter-et-travailler-le-temoignage-de-lola\/","og_locale":"fr_FR","og_type":"article","og_title":"Allaiter et travailler : le t\u00e9moignage de Lola","og_description":"Lola voulait une reprise de travail en allaitement exclusif, elle fait finalement du mixte et en est satisfaite.","og_url":"https:\/\/www.lactissima.com\/a-tire-d-ailes\/allaiter-et-travailler-le-temoignage-de-lola\/","og_site_name":"A tire d&#039;Ailes","article_publisher":"https:\/\/www.facebook.com\/consultante.en.lactation","article_author":"www.facebook.com\/consultante.en.lactation","article_published_time":"2015-04-23T17:46:35+00:00","og_image":[{"width":320,"height":240,"url":"https:\/\/www.lactissima.com\/a-tire-d-ailes\/wp-content\/uploads\/2015\/04\/lola.jpg","type":"image\/jpeg"}],"author":"V\u00e9ronique Darmangeat","twitter_card":"summary_large_image","twitter_creator":"@VeroniqueIBCLC","twitter_site":"@VeroniqueIBCLC","twitter_misc":{"\u00c9crit par":"V\u00e9ronique Darmangeat","Dur\u00e9e de lecture estim\u00e9e":"4 minutes"},"schema":{"@context":"https:\/\/schema.org","@graph":[{"@type":"Article","@id":"https:\/\/www.lactissima.com\/a-tire-d-ailes\/allaiter-et-travailler-le-temoignage-de-lola\/#article","isPartOf":{"@id":"https:\/\/www.lactissima.com\/a-tire-d-ailes\/allaiter-et-travailler-le-temoignage-de-lola\/"},"author":{"name":"V\u00e9ronique Darmangeat","@id":"https:\/\/www.lactissima.com\/a-tire-d-ailes\/#\/schema\/person\/8f98d3a89530861bc1240e6d53d44eed"},"headline":"Allaiter et travailler : le t\u00e9moignage de Lola","datePublished":"2015-04-23T17:46:35+00:00","mainEntityOfPage":{"@id":"https:\/\/www.lactissima.com\/a-tire-d-ailes\/allaiter-et-travailler-le-temoignage-de-lola\/"},"wordCount":901,"commentCount":0,"image":{"@id":"https:\/\/www.lactissima.com\/a-tire-d-ailes\/allaiter-et-travailler-le-temoignage-de-lola\/#primaryimage"},"thumbnailUrl":"https:\/\/www.lactissima.com\/a-tire-d-ailes\/wp-content\/uploads\/2015\/04\/lola.jpg","articleSection":["t\u00e9moignages"],"inLanguage":"fr-FR","potentialAction":[{"@type":"CommentAction","name":"Comment","target":["https:\/\/www.lactissima.com\/a-tire-d-ailes\/allaiter-et-travailler-le-temoignage-de-lola\/#respond"]}]},{"@type":"WebPage","@id":"https:\/\/www.lactissima.com\/a-tire-d-ailes\/allaiter-et-travailler-le-temoignage-de-lola\/","url":"https:\/\/www.lactissima.com\/a-tire-d-ailes\/allaiter-et-travailler-le-temoignage-de-lola\/","name":"Allaiter et travailler : le t\u00e9moignage de Lola","isPartOf":{"@id":"https:\/\/www.lactissima.com\/a-tire-d-ailes\/#website"},"primaryImageOfPage":{"@id":"https:\/\/www.lactissima.com\/a-tire-d-ailes\/allaiter-et-travailler-le-temoignage-de-lola\/#primaryimage"},"image":{"@id":"https:\/\/www.lactissima.com\/a-tire-d-ailes\/allaiter-et-travailler-le-temoignage-de-lola\/#primaryimage"},"thumbnailUrl":"https:\/\/www.lactissima.com\/a-tire-d-ailes\/wp-content\/uploads\/2015\/04\/lola.jpg","datePublished":"2015-04-23T17:46:35+00:00","author":{"@id":"https:\/\/www.lactissima.com\/a-tire-d-ailes\/#\/schema\/person\/8f98d3a89530861bc1240e6d53d44eed"},"description":"Lola voulait une reprise de travail en allaitement exclusif, elle fait finalement du mixte et en est satisfaite.","breadcrumb":{"@id":"https:\/\/www.lactissima.com\/a-tire-d-ailes\/allaiter-et-travailler-le-temoignage-de-lola\/#breadcrumb"},"inLanguage":"fr-FR","potentialAction":[{"@type":"ReadAction","target":["https:\/\/www.lactissima.com\/a-tire-d-ailes\/allaiter-et-travailler-le-temoignage-de-lola\/"]}]},{"@type":"ImageObject","inLanguage":"fr-FR","@id":"https:\/\/www.lactissima.com\/a-tire-d-ailes\/allaiter-et-travailler-le-temoignage-de-lola\/#primaryimage","url":"https:\/\/www.lactissima.com\/a-tire-d-ailes\/wp-content\/uploads\/2015\/04\/lola.jpg","contentUrl":"https:\/\/www.lactissima.com\/a-tire-d-ailes\/wp-content\/uploads\/2015\/04\/lola.jpg","width":320,"height":240,"caption":"allaitement et travail"},{"@type":"BreadcrumbList","@id":"https:\/\/www.lactissima.com\/a-tire-d-ailes\/allaiter-et-travailler-le-temoignage-de-lola\/#breadcrumb","itemListElement":[{"@type":"ListItem","position":1,"name":"Accueil","item":"https:\/\/www.lactissima.com\/a-tire-d-ailes\/"},{"@type":"ListItem","position":2,"name":"Allaiter et travailler : le t\u00e9moignage de Lola"}]},{"@type":"WebSite","@id":"https:\/\/www.lactissima.com\/a-tire-d-ailes\/#website","url":"https:\/\/www.lactissima.com\/a-tire-d-ailes\/","name":"A tire d&#039;Ailes","description":"Le blog des femmes qui allaitent et travaillent.","potentialAction":[{"@type":"SearchAction","target":{"@type":"EntryPoint","urlTemplate":"https:\/\/www.lactissima.com\/a-tire-d-ailes\/?s={search_term_string}"},"query-input":{"@type":"PropertyValueSpecification","valueRequired":true,"valueName":"search_term_string"}}],"inLanguage":"fr-FR"},{"@type":"Person","@id":"https:\/\/www.lactissima.com\/a-tire-d-ailes\/#\/schema\/person\/8f98d3a89530861bc1240e6d53d44eed","name":"V\u00e9ronique Darmangeat","image":{"@type":"ImageObject","inLanguage":"fr-FR","@id":"https:\/\/secure.gravatar.com\/avatar\/268c99344c89cebfe4f5df5fa8be43068a18884fc76a29f3206fae98465b9cab?s=96&d=identicon&r=g","url":"https:\/\/secure.gravatar.com\/avatar\/268c99344c89cebfe4f5df5fa8be43068a18884fc76a29f3206fae98465b9cab?s=96&d=identicon&r=g","contentUrl":"https:\/\/secure.gravatar.com\/avatar\/268c99344c89cebfe4f5df5fa8be43068a18884fc76a29f3206fae98465b9cab?s=96&d=identicon&r=g","caption":"V\u00e9ronique Darmangeat"},"sameAs":["https:\/\/www.lactissima.com\/a-tire-d-ailes","www.facebook.com\/consultante.en.lactation"]}]}},"_links":{"self":[{"href":"https:\/\/www.lactissima.com\/a-tire-d-ailes\/wp-json\/wp\/v2\/posts\/6242","targetHints":{"allow":["GET"]}}],"collection":[{"href":"https:\/\/www.lactissima.com\/a-tire-d-ailes\/wp-json\/wp\/v2\/posts"}],"about":[{"href":"https:\/\/www.lactissima.com\/a-tire-d-ailes\/wp-json\/wp\/v2\/types\/post"}],"author":[{"embeddable":true,"href":"https:\/\/www.lactissima.com\/a-tire-d-ailes\/wp-json\/wp\/v2\/users\/170"}],"replies":[{"embeddable":true,"href":"https:\/\/www.lactissima.com\/a-tire-d-ailes\/wp-json\/wp\/v2\/comments?post=6242"}],"version-history":[{"count":3,"href":"https:\/\/www.lactissima.com\/a-tire-d-ailes\/wp-json\/wp\/v2\/posts\/6242\/revisions"}],"predecessor-version":[{"id":6246,"href":"https:\/\/www.lactissima.com\/a-tire-d-ailes\/wp-json\/wp\/v2\/posts\/6242\/revisions\/6246"}],"wp:featuredmedia":[{"embeddable":true,"href":"https:\/\/www.lactissima.com\/a-tire-d-ailes\/wp-json\/wp\/v2\/media\/6243"}],"wp:attachment":[{"href":"https:\/\/www.lactissima.com\/a-tire-d-ailes\/wp-json\/wp\/v2\/media?parent=6242"}],"wp:term":[{"taxonomy":"category","embeddable":true,"href":"https:\/\/www.lactissima.com\/a-tire-d-ailes\/wp-json\/wp\/v2\/categories?post=6242"},{"taxonomy":"post_tag","embeddable":true,"href":"https:\/\/www.lactissima.com\/a-tire-d-ailes\/wp-json\/wp\/v2\/tags?post=6242"}],"curies":[{"name":"wp","href":"https:\/\/api.w.org\/{rel}","templated":true}]}}