{"id":6233,"date":"2015-04-16T09:17:56","date_gmt":"2015-04-16T07:17:56","guid":{"rendered":"https:\/\/www.lactissima.com\/a-tire-d-ailes\/?p=6233"},"modified":"2015-04-16T09:18:42","modified_gmt":"2015-04-16T07:18:42","slug":"sevrages-le-temoignage-daurore","status":"publish","type":"post","link":"https:\/\/www.lactissima.com\/a-tire-d-ailes\/sevrages-le-temoignage-daurore\/","title":{"rendered":"Sevrages : le t\u00e9moignage d&rsquo;Aurore"},"content":{"rendered":"<div dir=\"ltr\" style=\"text-align: justify;\"><img loading=\"lazy\" decoding=\"async\" class=\"alignright size-full wp-image-6234\" src=\"https:\/\/www.lactissima.com\/a-tire-d-ailes\/wp-content\/uploads\/2015\/04\/aurore.jpg\" alt=\"sevrage\" width=\"286\" height=\"286\" srcset=\"https:\/\/www.lactissima.com\/a-tire-d-ailes\/wp-content\/uploads\/2015\/04\/aurore.jpg 286w, https:\/\/www.lactissima.com\/a-tire-d-ailes\/wp-content\/uploads\/2015\/04\/aurore-150x150.jpg 150w, https:\/\/www.lactissima.com\/a-tire-d-ailes\/wp-content\/uploads\/2015\/04\/aurore-182x182.jpg 182w, https:\/\/www.lactissima.com\/a-tire-d-ailes\/wp-content\/uploads\/2015\/04\/aurore-83x83.jpg 83w, https:\/\/www.lactissima.com\/a-tire-d-ailes\/wp-content\/uploads\/2015\/04\/aurore-184x184.jpg 184w\" sizes=\"(max-width: 286px) 100vw, 286px\" \/>Je m&rsquo;appelle Aurore, j&rsquo;ai 28 ans et ma fille vient d&rsquo;avoir <strong>8 mois<\/strong>. J&rsquo;avais pris la d\u00e9cision d&rsquo;allaiter exclusivement ma fille jusqu&rsquo;\u00e0 ses 3 mois (ma reprise du travail) et de la sevrer partiellement (garder t\u00e9t\u00e9es matin et soir) \u00e0 ce moment l\u00e0 . A 1 mois j&rsquo;ai fait le test de lui donner tr\u00e8s ponctuellement des biberons de mon lait pour v\u00e9rifier que le biberon ne lui posait pas de probl\u00e8me. Par ailleurs je ne suis pas fan de l&rsquo;allaitement en public. Tout s&rsquo;est tr\u00e8s bien pass\u00e9 \u00e0 ce niveau l\u00e0 .Quelques semaines avant ma reprise, j&rsquo;ai essay\u00e9 de lui donner du lait artificiel. Durant une semaine j&rsquo;ai remplac\u00e9 une t\u00e9t\u00e9e par un biberon. Sauf que reprendre le travail \u00e9tait mon choix et je me sentais mal d&rsquo;imposer le sevrage \u00e0 ma fille. Du coup j&rsquo;ai d\u00e9cid\u00e9 de <strong>ne pas la sevrer<\/strong> et de tirer du lait 4 fois par jour pour que la nounou puisse lui donner mon lait. C&rsquo;est l\u00e0 que j&rsquo;ai d\u00e9couvert votre blog et les t\u00e9moignages qui m&rsquo;ont convaincus d&rsquo;essayer. \u00c3\u2021a a \u00e9t\u00e9 dur : b\u00e9b\u00e9 t\u00e9tait \u00e0 4h, tire-lait \u00e0 7h, tire-lait \u00e0 11h dans les toilettes du bureau (je travaille dans un grand groupe qui pr\u00f4ne l&rsquo;\u00e9galit\u00e9 homme-femme et la conciliation vie perso-pro &#8230;), tire-lait encore \u00e0 16h, t\u00e9t\u00e9e \u00e0 19h et tire-lait \u00e0 23h.<\/p>\n<\/div>\n<div dir=\"ltr\" style=\"text-align: justify;\">Ma vie tournait un peu autour de \u00e7a mais je me suis accroch\u00e9e jusqu&rsquo;aux f\u00eates de fin d&rsquo;ann\u00e9e et les 7 mois de ma fille.<br \/>\nC&rsquo;est l\u00e0 que j&rsquo;ai arr\u00eat\u00e9 de tirer du lait. J&rsquo;ai liquid\u00e9 le stock de lait congel\u00e9 qui restait et qui diminuait inexorablement car je n&rsquo;arrivait plus \u00e0 tirer suffisamment pour les biberons de la journ\u00e9e. Le lait artificiel a pris le relais en douceur durant la journ\u00e9e et <strong>j&rsquo;ai conserv\u00e9 les t\u00e9t\u00e9es matin et soir<\/strong>.Depuis cette semaine et sa premi\u00e8re dent, le <strong>sevrage complet<\/strong> est enclench\u00e9. En effet, elle joue avec le sein, le mordille (ouch !) mais ne t\u00e8te plus vraiment alors qu&rsquo;avec le biberon oui. La t\u00e9t\u00e9e du soir a donc disparu au profit d&rsquo;un biberon c\u00e2lin. La t\u00e9t\u00e9e du matin a encore lieu avec un b\u00e9b\u00e9 endormi donc qui ne tire presque pas. Je me demande si ce n&rsquo;est pas plus pour moi, pour ce moment de partage et de c\u00e2lin avec mon b\u00e9b\u00e9, que je conserve cette t\u00e9t\u00e9e. Je ne la sortirais pas de son lit pour juste un c\u00e2lin mais l\u00e0 j&rsquo;ai le pr\u00e9texte t\u00e9t\u00e9e \ud83d\ude42 .<\/p>\n<p>Au final, ce sevrage s&rsquo;est fait plus \u00e0 la demande de b\u00e9b\u00e9 qu&rsquo;\u00e0 la mienne mais je l&rsquo;ai tr\u00e8s bien v\u00e9cu. J&rsquo;ai le sentiment d&rsquo;avoir \u00e9t\u00e9 plus loin que ce que je m&rsquo;\u00e9tais fix\u00e9 initialement tout en sachant \u00e9couter les envies de mon b\u00e9b\u00e9. Le fait de l&rsquo;avoir sevr\u00e9e <strong>progressivement<\/strong> m&rsquo;a \u00e9vit\u00e9 les engorgements et autres d\u00e9sagr\u00e9ments li\u00e9s au sevrage.<\/p>\n<p>J&rsquo;aurais plusieurs conseils pour les mamans qui veulent sevrer leur b\u00e9b\u00e9.<br \/>\nD&rsquo;abord de s&rsquo;assurer qu&rsquo;on est s\u00fbre de ce choix. Je pense que si j&rsquo;avais sevr\u00e9 ma fille \u00e0 3 mois comme je pensais devoir le faire \u00e0 cause du retour au travail, je l&rsquo;aurais vraiment regrett\u00e9.<br \/>\nEnsuite, de le faire progressivement et autant que possible, en suivant les demandes de b\u00e9b\u00e9.<br \/>\nEt enfin (et surtout !), de ne pas culpabiliser ! Le sevrage n&rsquo;est pas un \u00e9chec ! On n&rsquo;en est pas moins une bonne maman !<\/p>\n<\/div>\n<div dir=\"ltr\" style=\"text-align: justify;\"><\/div>\n<div dir=\"ltr\" style=\"text-align: justify;\">\n<div>\n<p><strong>Articles en rapport :<\/strong><\/p>\n<\/div>\n<div>\n<ul>\n<li>Voir l&rsquo;onglet <a title=\"T\u00e9moignages\" href=\"https:\/\/www.lactissima.com\/a-tire-d-ailes\/temoignages-travail-et-allaitement\/\" target=\"_blank\">t\u00e9moignages<\/a><\/li>\n<\/ul>\n<\/div>\n<\/div>\n<div dir=\"ltr\" style=\"text-align: justify;\"><\/div>\n<div dir=\"ltr\" style=\"text-align: justify;\"><span style=\"color: #ffffff;\">..<\/span><\/div>\n","protected":false},"excerpt":{"rendered":"<p>Je m&rsquo;appelle Aurore, j&rsquo;ai 28 ans et ma fille vient d&rsquo;avoir 8 mois. J&rsquo;avais pris la d\u00e9cision d&rsquo;allaiter exclusivement ma fille jusqu&rsquo;\u00e0 ses 3 mois (ma reprise du travail) et de la sevrer partiellement (garder t\u00e9t\u00e9es matin et soir) \u00e0 ce moment l\u00e0 . A 1 mois j&rsquo;ai fait le test de lui donner tr\u00e8s [&hellip;]<\/p>\n","protected":false},"author":170,"featured_media":6234,"comment_status":"open","ping_status":"open","sticky":false,"template":"","format":"standard","meta":{"_et_pb_use_builder":"","_et_pb_old_content":"","_et_gb_content_width":"","footnotes":""},"categories":[665],"tags":[],"class_list":["post-6233","post","type-post","status-publish","format-standard","has-post-thumbnail","hentry","category-sevrage"],"yoast_head":"<!-- This site is optimized with the Yoast SEO plugin v27.4 - https:\/\/yoast.com\/product\/yoast-seo-wordpress\/ -->\n<title>Sevrages : le t\u00e9moignage d&#039;Aurore<\/title>\n<meta name=\"description\" content=\"Aurore a retard\u00e9 le sevrage de sa fille initialement pr\u00e9vu \u00e0 3 mois. Le sevrage s&#039;est finalement fait \u00e0 8 mois.\" \/>\n<meta name=\"robots\" content=\"index, follow, max-snippet:-1, max-image-preview:large, max-video-preview:-1\" \/>\n<link rel=\"canonical\" href=\"https:\/\/www.lactissima.com\/a-tire-d-ailes\/sevrages-le-temoignage-daurore\/\" \/>\n<meta property=\"og:locale\" content=\"fr_FR\" \/>\n<meta property=\"og:type\" content=\"article\" \/>\n<meta property=\"og:title\" content=\"Sevrages : le t\u00e9moignage d&#039;Aurore\" \/>\n<meta property=\"og:description\" content=\"Aurore a retard\u00e9 le sevrage de sa fille initialement pr\u00e9vu \u00e0 3 mois. Le sevrage s&#039;est finalement fait \u00e0 8 mois.\" \/>\n<meta property=\"og:url\" content=\"https:\/\/www.lactissima.com\/a-tire-d-ailes\/sevrages-le-temoignage-daurore\/\" \/>\n<meta property=\"og:site_name\" content=\"A tire d&#039;Ailes\" \/>\n<meta property=\"article:publisher\" content=\"https:\/\/www.facebook.com\/consultante.en.lactation\" \/>\n<meta property=\"article:author\" content=\"www.facebook.com\/consultante.en.lactation\" \/>\n<meta property=\"article:published_time\" content=\"2015-04-16T07:17:56+00:00\" \/>\n<meta property=\"article:modified_time\" content=\"2015-04-16T07:18:42+00:00\" \/>\n<meta property=\"og:image\" content=\"https:\/\/www.lactissima.com\/a-tire-d-ailes\/wp-content\/uploads\/2015\/04\/aurore.jpg\" \/>\n\t<meta property=\"og:image:width\" content=\"286\" \/>\n\t<meta property=\"og:image:height\" content=\"286\" \/>\n\t<meta property=\"og:image:type\" content=\"image\/jpeg\" \/>\n<meta name=\"author\" content=\"V\u00e9ronique Darmangeat\" \/>\n<meta name=\"twitter:card\" content=\"summary_large_image\" \/>\n<meta name=\"twitter:creator\" content=\"@VeroniqueIBCLC\" \/>\n<meta name=\"twitter:site\" content=\"@VeroniqueIBCLC\" \/>\n<meta name=\"twitter:label1\" content=\"\u00c9crit par\" \/>\n\t<meta name=\"twitter:data1\" content=\"V\u00e9ronique Darmangeat\" \/>\n\t<meta name=\"twitter:label2\" content=\"Dur\u00e9e de lecture estim\u00e9e\" \/>\n\t<meta name=\"twitter:data2\" content=\"3 minutes\" \/>\n<script type=\"application\/ld+json\" class=\"yoast-schema-graph\">{\"@context\":\"https:\\\/\\\/schema.org\",\"@graph\":[{\"@type\":\"Article\",\"@id\":\"https:\\\/\\\/www.lactissima.com\\\/a-tire-d-ailes\\\/sevrages-le-temoignage-daurore\\\/#article\",\"isPartOf\":{\"@id\":\"https:\\\/\\\/www.lactissima.com\\\/a-tire-d-ailes\\\/sevrages-le-temoignage-daurore\\\/\"},\"author\":{\"name\":\"V\u00e9ronique Darmangeat\",\"@id\":\"https:\\\/\\\/www.lactissima.com\\\/a-tire-d-ailes\\\/#\\\/schema\\\/person\\\/8f98d3a89530861bc1240e6d53d44eed\"},\"headline\":\"Sevrages : le t\u00e9moignage d&rsquo;Aurore\",\"datePublished\":\"2015-04-16T07:17:56+00:00\",\"dateModified\":\"2015-04-16T07:18:42+00:00\",\"mainEntityOfPage\":{\"@id\":\"https:\\\/\\\/www.lactissima.com\\\/a-tire-d-ailes\\\/sevrages-le-temoignage-daurore\\\/\"},\"wordCount\":638,\"commentCount\":15,\"image\":{\"@id\":\"https:\\\/\\\/www.lactissima.com\\\/a-tire-d-ailes\\\/sevrages-le-temoignage-daurore\\\/#primaryimage\"},\"thumbnailUrl\":\"https:\\\/\\\/www.lactissima.com\\\/a-tire-d-ailes\\\/wp-content\\\/uploads\\\/2015\\\/04\\\/aurore.jpg\",\"articleSection\":[\"Sevrage\"],\"inLanguage\":\"fr-FR\",\"potentialAction\":[{\"@type\":\"CommentAction\",\"name\":\"Comment\",\"target\":[\"https:\\\/\\\/www.lactissima.com\\\/a-tire-d-ailes\\\/sevrages-le-temoignage-daurore\\\/#respond\"]}]},{\"@type\":\"WebPage\",\"@id\":\"https:\\\/\\\/www.lactissima.com\\\/a-tire-d-ailes\\\/sevrages-le-temoignage-daurore\\\/\",\"url\":\"https:\\\/\\\/www.lactissima.com\\\/a-tire-d-ailes\\\/sevrages-le-temoignage-daurore\\\/\",\"name\":\"Sevrages : le t\u00e9moignage d'Aurore\",\"isPartOf\":{\"@id\":\"https:\\\/\\\/www.lactissima.com\\\/a-tire-d-ailes\\\/#website\"},\"primaryImageOfPage\":{\"@id\":\"https:\\\/\\\/www.lactissima.com\\\/a-tire-d-ailes\\\/sevrages-le-temoignage-daurore\\\/#primaryimage\"},\"image\":{\"@id\":\"https:\\\/\\\/www.lactissima.com\\\/a-tire-d-ailes\\\/sevrages-le-temoignage-daurore\\\/#primaryimage\"},\"thumbnailUrl\":\"https:\\\/\\\/www.lactissima.com\\\/a-tire-d-ailes\\\/wp-content\\\/uploads\\\/2015\\\/04\\\/aurore.jpg\",\"datePublished\":\"2015-04-16T07:17:56+00:00\",\"dateModified\":\"2015-04-16T07:18:42+00:00\",\"author\":{\"@id\":\"https:\\\/\\\/www.lactissima.com\\\/a-tire-d-ailes\\\/#\\\/schema\\\/person\\\/8f98d3a89530861bc1240e6d53d44eed\"},\"description\":\"Aurore a retard\u00e9 le sevrage de sa fille initialement pr\u00e9vu \u00e0 3 mois. Le sevrage s'est finalement fait \u00e0 8 mois.\",\"breadcrumb\":{\"@id\":\"https:\\\/\\\/www.lactissima.com\\\/a-tire-d-ailes\\\/sevrages-le-temoignage-daurore\\\/#breadcrumb\"},\"inLanguage\":\"fr-FR\",\"potentialAction\":[{\"@type\":\"ReadAction\",\"target\":[\"https:\\\/\\\/www.lactissima.com\\\/a-tire-d-ailes\\\/sevrages-le-temoignage-daurore\\\/\"]}]},{\"@type\":\"ImageObject\",\"inLanguage\":\"fr-FR\",\"@id\":\"https:\\\/\\\/www.lactissima.com\\\/a-tire-d-ailes\\\/sevrages-le-temoignage-daurore\\\/#primaryimage\",\"url\":\"https:\\\/\\\/www.lactissima.com\\\/a-tire-d-ailes\\\/wp-content\\\/uploads\\\/2015\\\/04\\\/aurore.jpg\",\"contentUrl\":\"https:\\\/\\\/www.lactissima.com\\\/a-tire-d-ailes\\\/wp-content\\\/uploads\\\/2015\\\/04\\\/aurore.jpg\",\"width\":286,\"height\":286,\"caption\":\"sevrage\"},{\"@type\":\"BreadcrumbList\",\"@id\":\"https:\\\/\\\/www.lactissima.com\\\/a-tire-d-ailes\\\/sevrages-le-temoignage-daurore\\\/#breadcrumb\",\"itemListElement\":[{\"@type\":\"ListItem\",\"position\":1,\"name\":\"Accueil\",\"item\":\"https:\\\/\\\/www.lactissima.com\\\/a-tire-d-ailes\\\/\"},{\"@type\":\"ListItem\",\"position\":2,\"name\":\"Sevrages : le t\u00e9moignage d&rsquo;Aurore\"}]},{\"@type\":\"WebSite\",\"@id\":\"https:\\\/\\\/www.lactissima.com\\\/a-tire-d-ailes\\\/#website\",\"url\":\"https:\\\/\\\/www.lactissima.com\\\/a-tire-d-ailes\\\/\",\"name\":\"A tire d&#039;Ailes\",\"description\":\"Le blog des femmes qui allaitent et travaillent.\",\"potentialAction\":[{\"@type\":\"SearchAction\",\"target\":{\"@type\":\"EntryPoint\",\"urlTemplate\":\"https:\\\/\\\/www.lactissima.com\\\/a-tire-d-ailes\\\/?s={search_term_string}\"},\"query-input\":{\"@type\":\"PropertyValueSpecification\",\"valueRequired\":true,\"valueName\":\"search_term_string\"}}],\"inLanguage\":\"fr-FR\"},{\"@type\":\"Person\",\"@id\":\"https:\\\/\\\/www.lactissima.com\\\/a-tire-d-ailes\\\/#\\\/schema\\\/person\\\/8f98d3a89530861bc1240e6d53d44eed\",\"name\":\"V\u00e9ronique Darmangeat\",\"image\":{\"@type\":\"ImageObject\",\"inLanguage\":\"fr-FR\",\"@id\":\"https:\\\/\\\/secure.gravatar.com\\\/avatar\\\/268c99344c89cebfe4f5df5fa8be43068a18884fc76a29f3206fae98465b9cab?s=96&d=identicon&r=g\",\"url\":\"https:\\\/\\\/secure.gravatar.com\\\/avatar\\\/268c99344c89cebfe4f5df5fa8be43068a18884fc76a29f3206fae98465b9cab?s=96&d=identicon&r=g\",\"contentUrl\":\"https:\\\/\\\/secure.gravatar.com\\\/avatar\\\/268c99344c89cebfe4f5df5fa8be43068a18884fc76a29f3206fae98465b9cab?s=96&d=identicon&r=g\",\"caption\":\"V\u00e9ronique Darmangeat\"},\"sameAs\":[\"https:\\\/\\\/www.lactissima.com\\\/a-tire-d-ailes\",\"www.facebook.com\\\/consultante.en.lactation\"]}]}<\/script>\n<!-- \/ Yoast SEO plugin. -->","yoast_head_json":{"title":"Sevrages : le t\u00e9moignage d'Aurore","description":"Aurore a retard\u00e9 le sevrage de sa fille initialement pr\u00e9vu \u00e0 3 mois. Le sevrage s'est finalement fait \u00e0 8 mois.","robots":{"index":"index","follow":"follow","max-snippet":"max-snippet:-1","max-image-preview":"max-image-preview:large","max-video-preview":"max-video-preview:-1"},"canonical":"https:\/\/www.lactissima.com\/a-tire-d-ailes\/sevrages-le-temoignage-daurore\/","og_locale":"fr_FR","og_type":"article","og_title":"Sevrages : le t\u00e9moignage d'Aurore","og_description":"Aurore a retard\u00e9 le sevrage de sa fille initialement pr\u00e9vu \u00e0 3 mois. Le sevrage s'est finalement fait \u00e0 8 mois.","og_url":"https:\/\/www.lactissima.com\/a-tire-d-ailes\/sevrages-le-temoignage-daurore\/","og_site_name":"A tire d&#039;Ailes","article_publisher":"https:\/\/www.facebook.com\/consultante.en.lactation","article_author":"www.facebook.com\/consultante.en.lactation","article_published_time":"2015-04-16T07:17:56+00:00","article_modified_time":"2015-04-16T07:18:42+00:00","og_image":[{"width":286,"height":286,"url":"https:\/\/www.lactissima.com\/a-tire-d-ailes\/wp-content\/uploads\/2015\/04\/aurore.jpg","type":"image\/jpeg"}],"author":"V\u00e9ronique Darmangeat","twitter_card":"summary_large_image","twitter_creator":"@VeroniqueIBCLC","twitter_site":"@VeroniqueIBCLC","twitter_misc":{"\u00c9crit par":"V\u00e9ronique Darmangeat","Dur\u00e9e de lecture estim\u00e9e":"3 minutes"},"schema":{"@context":"https:\/\/schema.org","@graph":[{"@type":"Article","@id":"https:\/\/www.lactissima.com\/a-tire-d-ailes\/sevrages-le-temoignage-daurore\/#article","isPartOf":{"@id":"https:\/\/www.lactissima.com\/a-tire-d-ailes\/sevrages-le-temoignage-daurore\/"},"author":{"name":"V\u00e9ronique Darmangeat","@id":"https:\/\/www.lactissima.com\/a-tire-d-ailes\/#\/schema\/person\/8f98d3a89530861bc1240e6d53d44eed"},"headline":"Sevrages : le t\u00e9moignage d&rsquo;Aurore","datePublished":"2015-04-16T07:17:56+00:00","dateModified":"2015-04-16T07:18:42+00:00","mainEntityOfPage":{"@id":"https:\/\/www.lactissima.com\/a-tire-d-ailes\/sevrages-le-temoignage-daurore\/"},"wordCount":638,"commentCount":15,"image":{"@id":"https:\/\/www.lactissima.com\/a-tire-d-ailes\/sevrages-le-temoignage-daurore\/#primaryimage"},"thumbnailUrl":"https:\/\/www.lactissima.com\/a-tire-d-ailes\/wp-content\/uploads\/2015\/04\/aurore.jpg","articleSection":["Sevrage"],"inLanguage":"fr-FR","potentialAction":[{"@type":"CommentAction","name":"Comment","target":["https:\/\/www.lactissima.com\/a-tire-d-ailes\/sevrages-le-temoignage-daurore\/#respond"]}]},{"@type":"WebPage","@id":"https:\/\/www.lactissima.com\/a-tire-d-ailes\/sevrages-le-temoignage-daurore\/","url":"https:\/\/www.lactissima.com\/a-tire-d-ailes\/sevrages-le-temoignage-daurore\/","name":"Sevrages : le t\u00e9moignage d'Aurore","isPartOf":{"@id":"https:\/\/www.lactissima.com\/a-tire-d-ailes\/#website"},"primaryImageOfPage":{"@id":"https:\/\/www.lactissima.com\/a-tire-d-ailes\/sevrages-le-temoignage-daurore\/#primaryimage"},"image":{"@id":"https:\/\/www.lactissima.com\/a-tire-d-ailes\/sevrages-le-temoignage-daurore\/#primaryimage"},"thumbnailUrl":"https:\/\/www.lactissima.com\/a-tire-d-ailes\/wp-content\/uploads\/2015\/04\/aurore.jpg","datePublished":"2015-04-16T07:17:56+00:00","dateModified":"2015-04-16T07:18:42+00:00","author":{"@id":"https:\/\/www.lactissima.com\/a-tire-d-ailes\/#\/schema\/person\/8f98d3a89530861bc1240e6d53d44eed"},"description":"Aurore a retard\u00e9 le sevrage de sa fille initialement pr\u00e9vu \u00e0 3 mois. Le sevrage s'est finalement fait \u00e0 8 mois.","breadcrumb":{"@id":"https:\/\/www.lactissima.com\/a-tire-d-ailes\/sevrages-le-temoignage-daurore\/#breadcrumb"},"inLanguage":"fr-FR","potentialAction":[{"@type":"ReadAction","target":["https:\/\/www.lactissima.com\/a-tire-d-ailes\/sevrages-le-temoignage-daurore\/"]}]},{"@type":"ImageObject","inLanguage":"fr-FR","@id":"https:\/\/www.lactissima.com\/a-tire-d-ailes\/sevrages-le-temoignage-daurore\/#primaryimage","url":"https:\/\/www.lactissima.com\/a-tire-d-ailes\/wp-content\/uploads\/2015\/04\/aurore.jpg","contentUrl":"https:\/\/www.lactissima.com\/a-tire-d-ailes\/wp-content\/uploads\/2015\/04\/aurore.jpg","width":286,"height":286,"caption":"sevrage"},{"@type":"BreadcrumbList","@id":"https:\/\/www.lactissima.com\/a-tire-d-ailes\/sevrages-le-temoignage-daurore\/#breadcrumb","itemListElement":[{"@type":"ListItem","position":1,"name":"Accueil","item":"https:\/\/www.lactissima.com\/a-tire-d-ailes\/"},{"@type":"ListItem","position":2,"name":"Sevrages : le t\u00e9moignage d&rsquo;Aurore"}]},{"@type":"WebSite","@id":"https:\/\/www.lactissima.com\/a-tire-d-ailes\/#website","url":"https:\/\/www.lactissima.com\/a-tire-d-ailes\/","name":"A tire d&#039;Ailes","description":"Le blog des femmes qui allaitent et travaillent.","potentialAction":[{"@type":"SearchAction","target":{"@type":"EntryPoint","urlTemplate":"https:\/\/www.lactissima.com\/a-tire-d-ailes\/?s={search_term_string}"},"query-input":{"@type":"PropertyValueSpecification","valueRequired":true,"valueName":"search_term_string"}}],"inLanguage":"fr-FR"},{"@type":"Person","@id":"https:\/\/www.lactissima.com\/a-tire-d-ailes\/#\/schema\/person\/8f98d3a89530861bc1240e6d53d44eed","name":"V\u00e9ronique Darmangeat","image":{"@type":"ImageObject","inLanguage":"fr-FR","@id":"https:\/\/secure.gravatar.com\/avatar\/268c99344c89cebfe4f5df5fa8be43068a18884fc76a29f3206fae98465b9cab?s=96&d=identicon&r=g","url":"https:\/\/secure.gravatar.com\/avatar\/268c99344c89cebfe4f5df5fa8be43068a18884fc76a29f3206fae98465b9cab?s=96&d=identicon&r=g","contentUrl":"https:\/\/secure.gravatar.com\/avatar\/268c99344c89cebfe4f5df5fa8be43068a18884fc76a29f3206fae98465b9cab?s=96&d=identicon&r=g","caption":"V\u00e9ronique Darmangeat"},"sameAs":["https:\/\/www.lactissima.com\/a-tire-d-ailes","www.facebook.com\/consultante.en.lactation"]}]}},"_links":{"self":[{"href":"https:\/\/www.lactissima.com\/a-tire-d-ailes\/wp-json\/wp\/v2\/posts\/6233","targetHints":{"allow":["GET"]}}],"collection":[{"href":"https:\/\/www.lactissima.com\/a-tire-d-ailes\/wp-json\/wp\/v2\/posts"}],"about":[{"href":"https:\/\/www.lactissima.com\/a-tire-d-ailes\/wp-json\/wp\/v2\/types\/post"}],"author":[{"embeddable":true,"href":"https:\/\/www.lactissima.com\/a-tire-d-ailes\/wp-json\/wp\/v2\/users\/170"}],"replies":[{"embeddable":true,"href":"https:\/\/www.lactissima.com\/a-tire-d-ailes\/wp-json\/wp\/v2\/comments?post=6233"}],"version-history":[{"count":4,"href":"https:\/\/www.lactissima.com\/a-tire-d-ailes\/wp-json\/wp\/v2\/posts\/6233\/revisions"}],"predecessor-version":[{"id":6238,"href":"https:\/\/www.lactissima.com\/a-tire-d-ailes\/wp-json\/wp\/v2\/posts\/6233\/revisions\/6238"}],"wp:featuredmedia":[{"embeddable":true,"href":"https:\/\/www.lactissima.com\/a-tire-d-ailes\/wp-json\/wp\/v2\/media\/6234"}],"wp:attachment":[{"href":"https:\/\/www.lactissima.com\/a-tire-d-ailes\/wp-json\/wp\/v2\/media?parent=6233"}],"wp:term":[{"taxonomy":"category","embeddable":true,"href":"https:\/\/www.lactissima.com\/a-tire-d-ailes\/wp-json\/wp\/v2\/categories?post=6233"},{"taxonomy":"post_tag","embeddable":true,"href":"https:\/\/www.lactissima.com\/a-tire-d-ailes\/wp-json\/wp\/v2\/tags?post=6233"}],"curies":[{"name":"wp","href":"https:\/\/api.w.org\/{rel}","templated":true}]}}