{"id":6199,"date":"2015-03-18T18:40:49","date_gmt":"2015-03-18T17:40:49","guid":{"rendered":"https:\/\/www.lactissima.com\/a-tire-d-ailes\/?p=6199"},"modified":"2015-03-18T18:43:56","modified_gmt":"2015-03-18T17:43:56","slug":"sevrages-le-temoignage-de-severine","status":"publish","type":"post","link":"https:\/\/www.lactissima.com\/a-tire-d-ailes\/sevrages-le-temoignage-de-severine\/","title":{"rendered":"Sevrages : le t\u00e9moignage de S\u00e9verine"},"content":{"rendered":"<div dir=\"ltr\">\n<div>\n<div>\n<div>\n<div>\n<div>\n<div>\n<div style=\"text-align: justify;\"><img loading=\"lazy\" decoding=\"async\" class=\"alignright size-full wp-image-6200\" src=\"https:\/\/www.lactissima.com\/a-tire-d-ailes\/wp-content\/uploads\/2015\/03\/S\u00e9verine.jpg\" alt=\"sevrage\" width=\"358\" height=\"260\" srcset=\"https:\/\/www.lactissima.com\/a-tire-d-ailes\/wp-content\/uploads\/2015\/03\/S\u00e9verine.jpg 358w, https:\/\/www.lactissima.com\/a-tire-d-ailes\/wp-content\/uploads\/2015\/03\/S\u00e9verine-300x218.jpg 300w\" sizes=\"(max-width: 358px) 100vw, 358px\" \/>Nous poursuivons la s\u00e9rie de t\u00e9moignages sur les sevrages avec un t\u00e9moignage sur le <strong>sevrage naturel<\/strong> : et oui, c&rsquo;est aussi un sevrage !<\/div>\n<div style=\"text-align: justify;\"><span style=\"color: #ffffff;\">.<\/span><\/div>\n<div style=\"text-align: justify;\">\u00ab\u00a0J&rsquo;ai allait\u00e9 mes deux enfants jusqu&rsquo;au sevrage naturel.<\/div>\n<\/div>\n<p style=\"text-align: justify;\">Je n&rsquo;\u00e9tais pas partie pour \u00e7a \u00e0 la naissance de ma fille, mais finalement cela s&rsquo;est fait tout seul !<\/p>\n<\/div>\n<p style=\"text-align: justify;\">Ma fille est n\u00e9e en novembre 2008 et a \u00e9t\u00e9 allait\u00e9e jusqu&rsquo;en mai 2012 soit <strong>3 ans et demi<\/strong>. Et mon fils est n\u00e9 en juillet 2010 et a t\u00e9t\u00e9 jusqu&rsquo;\u00e0 ses <strong>4 ans<\/strong> soit juillet 2014. J&rsquo;ai donc coallait\u00e9 mes 2 loulous pendant un peu moins de 2 ans.<\/p>\n<\/div>\n<p style=\"text-align: justify;\">Ma fille a cess\u00e9 de t\u00e9ter au retour des vacances, elle ne t\u00e9tait que le soir depuis quelque temps d\u00e9j\u00e0 et pendant les vacances elle a saut\u00e9 des t\u00e9t\u00e9es. Puis au retour elle m&rsquo;a dit qu&rsquo;elle n&rsquo;avait plus de lait, je lui ai expliqu\u00e9 quelle \u00e9tait peut-\u00eatre trop grande&#8230; Elle a redemand\u00e9 le lendemain, mais n&rsquo;a rien bu, et finalement s&rsquo;est dit qu&rsquo;elle \u00e9tait trop grande, et elle n&rsquo;a jamais plus redemand\u00e9.<\/p>\n<\/div>\n<p style=\"text-align: justify;\">Pour mon fils, il a d\u00e9cid\u00e9 \u00e0 ses 4 ans de <strong>cesser de t\u00e9ter du jour au lendemain<\/strong>. (il avait d\u00e9cid\u00e9 \u00e0 3 ans d&rsquo;arr\u00eater les couches, jour et nuit en m\u00eame temps !)<\/p>\n<\/div>\n<p style=\"text-align: justify;\">\u00c3\u2030videmment je suis totalement satisfaite de ces deux sevrages, car ils ont \u00e9t\u00e9 d\u00e9cid\u00e9 par mes enfants !\u00a0\u00bb<\/p>\n<p style=\"text-align: justify;\"><strong>Articles en rapport :<\/strong><\/p>\n<\/div>\n<div style=\"text-align: justify;\">\n<ul>\n<li>Voir l&rsquo;onglet <a title=\"T\u00e9moignages\" href=\"https:\/\/www.lactissima.com\/a-tire-d-ailes\/temoignages-travail-et-allaitement\/\" target=\"_blank\">t\u00e9moignages<\/a><\/li>\n<\/ul>\n<\/div>\n<div><span style=\"color: #ffffff;\">.. <\/span><\/div>\n<\/div>\n","protected":false},"excerpt":{"rendered":"<p>Nous poursuivons la s\u00e9rie de t\u00e9moignages sur les sevrages avec un t\u00e9moignage sur le sevrage naturel : et oui, c&rsquo;est aussi un sevrage ! . \u00ab\u00a0J&rsquo;ai allait\u00e9 mes deux enfants jusqu&rsquo;au sevrage naturel. Je n&rsquo;\u00e9tais pas partie pour \u00e7a \u00e0 la naissance de ma fille, mais finalement cela s&rsquo;est fait tout seul ! Ma fille [&hellip;]<\/p>\n","protected":false},"author":170,"featured_media":6200,"comment_status":"open","ping_status":"open","sticky":false,"template":"","format":"standard","meta":{"_et_pb_use_builder":"","_et_pb_old_content":"","_et_gb_content_width":"","footnotes":""},"categories":[35,665],"tags":[376],"class_list":["post-6199","post","type-post","status-publish","format-standard","has-post-thumbnail","hentry","category-allaitement","category-sevrage","tag-sevrage-naturel"],"yoast_head":"<!-- This site is optimized with the Yoast SEO plugin v27.4 - https:\/\/yoast.com\/product\/yoast-seo-wordpress\/ -->\n<title>Sevrages : le t\u00e9moignage de S\u00e9verine<\/title>\n<meta name=\"description\" content=\"S\u00e9verine a choisi de laisser ses enfants se sevrer quand ils l&#039;ont choisi, il s&#039;agit d&#039;un sevrage naturel.\" \/>\n<meta name=\"robots\" content=\"index, follow, max-snippet:-1, max-image-preview:large, max-video-preview:-1\" \/>\n<link rel=\"canonical\" href=\"https:\/\/www.lactissima.com\/a-tire-d-ailes\/sevrages-le-temoignage-de-severine\/\" \/>\n<meta property=\"og:locale\" content=\"fr_FR\" \/>\n<meta property=\"og:type\" content=\"article\" \/>\n<meta property=\"og:title\" content=\"Sevrages : le t\u00e9moignage de S\u00e9verine\" \/>\n<meta property=\"og:description\" content=\"S\u00e9verine a choisi de laisser ses enfants se sevrer quand ils l&#039;ont choisi, il s&#039;agit d&#039;un sevrage naturel.\" \/>\n<meta property=\"og:url\" content=\"https:\/\/www.lactissima.com\/a-tire-d-ailes\/sevrages-le-temoignage-de-severine\/\" \/>\n<meta property=\"og:site_name\" content=\"A tire d&#039;Ailes\" \/>\n<meta property=\"article:publisher\" content=\"https:\/\/www.facebook.com\/consultante.en.lactation\" \/>\n<meta property=\"article:author\" content=\"www.facebook.com\/consultante.en.lactation\" \/>\n<meta property=\"article:published_time\" content=\"2015-03-18T17:40:49+00:00\" \/>\n<meta property=\"article:modified_time\" content=\"2015-03-18T17:43:56+00:00\" \/>\n<meta property=\"og:image\" content=\"https:\/\/www.lactissima.com\/a-tire-d-ailes\/wp-content\/uploads\/2015\/03\/S\u00e9verine.jpg\" \/>\n\t<meta property=\"og:image:width\" content=\"358\" \/>\n\t<meta property=\"og:image:height\" content=\"260\" \/>\n\t<meta property=\"og:image:type\" content=\"image\/jpeg\" \/>\n<meta name=\"author\" content=\"V\u00e9ronique Darmangeat\" \/>\n<meta name=\"twitter:card\" content=\"summary_large_image\" \/>\n<meta name=\"twitter:creator\" content=\"@VeroniqueIBCLC\" \/>\n<meta name=\"twitter:site\" content=\"@VeroniqueIBCLC\" \/>\n<meta name=\"twitter:label1\" content=\"\u00c9crit par\" \/>\n\t<meta name=\"twitter:data1\" content=\"V\u00e9ronique Darmangeat\" \/>\n\t<meta name=\"twitter:label2\" content=\"Dur\u00e9e de lecture estim\u00e9e\" \/>\n\t<meta name=\"twitter:data2\" content=\"1 minute\" \/>\n<script type=\"application\/ld+json\" class=\"yoast-schema-graph\">{\"@context\":\"https:\\\/\\\/schema.org\",\"@graph\":[{\"@type\":\"Article\",\"@id\":\"https:\\\/\\\/www.lactissima.com\\\/a-tire-d-ailes\\\/sevrages-le-temoignage-de-severine\\\/#article\",\"isPartOf\":{\"@id\":\"https:\\\/\\\/www.lactissima.com\\\/a-tire-d-ailes\\\/sevrages-le-temoignage-de-severine\\\/\"},\"author\":{\"name\":\"V\u00e9ronique Darmangeat\",\"@id\":\"https:\\\/\\\/www.lactissima.com\\\/a-tire-d-ailes\\\/#\\\/schema\\\/person\\\/8f98d3a89530861bc1240e6d53d44eed\"},\"headline\":\"Sevrages : le t\u00e9moignage de S\u00e9verine\",\"datePublished\":\"2015-03-18T17:40:49+00:00\",\"dateModified\":\"2015-03-18T17:43:56+00:00\",\"mainEntityOfPage\":{\"@id\":\"https:\\\/\\\/www.lactissima.com\\\/a-tire-d-ailes\\\/sevrages-le-temoignage-de-severine\\\/\"},\"wordCount\":256,\"commentCount\":6,\"image\":{\"@id\":\"https:\\\/\\\/www.lactissima.com\\\/a-tire-d-ailes\\\/sevrages-le-temoignage-de-severine\\\/#primaryimage\"},\"thumbnailUrl\":\"https:\\\/\\\/www.lactissima.com\\\/a-tire-d-ailes\\\/wp-content\\\/uploads\\\/2015\\\/03\\\/S\u00e9verine.jpg\",\"keywords\":[\"sevrage naturel\"],\"articleSection\":[\"Allaitement\",\"Sevrage\"],\"inLanguage\":\"fr-FR\",\"potentialAction\":[{\"@type\":\"CommentAction\",\"name\":\"Comment\",\"target\":[\"https:\\\/\\\/www.lactissima.com\\\/a-tire-d-ailes\\\/sevrages-le-temoignage-de-severine\\\/#respond\"]}]},{\"@type\":\"WebPage\",\"@id\":\"https:\\\/\\\/www.lactissima.com\\\/a-tire-d-ailes\\\/sevrages-le-temoignage-de-severine\\\/\",\"url\":\"https:\\\/\\\/www.lactissima.com\\\/a-tire-d-ailes\\\/sevrages-le-temoignage-de-severine\\\/\",\"name\":\"Sevrages : le t\u00e9moignage de S\u00e9verine\",\"isPartOf\":{\"@id\":\"https:\\\/\\\/www.lactissima.com\\\/a-tire-d-ailes\\\/#website\"},\"primaryImageOfPage\":{\"@id\":\"https:\\\/\\\/www.lactissima.com\\\/a-tire-d-ailes\\\/sevrages-le-temoignage-de-severine\\\/#primaryimage\"},\"image\":{\"@id\":\"https:\\\/\\\/www.lactissima.com\\\/a-tire-d-ailes\\\/sevrages-le-temoignage-de-severine\\\/#primaryimage\"},\"thumbnailUrl\":\"https:\\\/\\\/www.lactissima.com\\\/a-tire-d-ailes\\\/wp-content\\\/uploads\\\/2015\\\/03\\\/S\u00e9verine.jpg\",\"datePublished\":\"2015-03-18T17:40:49+00:00\",\"dateModified\":\"2015-03-18T17:43:56+00:00\",\"author\":{\"@id\":\"https:\\\/\\\/www.lactissima.com\\\/a-tire-d-ailes\\\/#\\\/schema\\\/person\\\/8f98d3a89530861bc1240e6d53d44eed\"},\"description\":\"S\u00e9verine a choisi de laisser ses enfants se sevrer quand ils l'ont choisi, il s'agit d'un sevrage naturel.\",\"breadcrumb\":{\"@id\":\"https:\\\/\\\/www.lactissima.com\\\/a-tire-d-ailes\\\/sevrages-le-temoignage-de-severine\\\/#breadcrumb\"},\"inLanguage\":\"fr-FR\",\"potentialAction\":[{\"@type\":\"ReadAction\",\"target\":[\"https:\\\/\\\/www.lactissima.com\\\/a-tire-d-ailes\\\/sevrages-le-temoignage-de-severine\\\/\"]}]},{\"@type\":\"ImageObject\",\"inLanguage\":\"fr-FR\",\"@id\":\"https:\\\/\\\/www.lactissima.com\\\/a-tire-d-ailes\\\/sevrages-le-temoignage-de-severine\\\/#primaryimage\",\"url\":\"https:\\\/\\\/www.lactissima.com\\\/a-tire-d-ailes\\\/wp-content\\\/uploads\\\/2015\\\/03\\\/S\u00e9verine.jpg\",\"contentUrl\":\"https:\\\/\\\/www.lactissima.com\\\/a-tire-d-ailes\\\/wp-content\\\/uploads\\\/2015\\\/03\\\/S\u00e9verine.jpg\",\"width\":358,\"height\":260,\"caption\":\"sevrage\"},{\"@type\":\"BreadcrumbList\",\"@id\":\"https:\\\/\\\/www.lactissima.com\\\/a-tire-d-ailes\\\/sevrages-le-temoignage-de-severine\\\/#breadcrumb\",\"itemListElement\":[{\"@type\":\"ListItem\",\"position\":1,\"name\":\"Accueil\",\"item\":\"https:\\\/\\\/www.lactissima.com\\\/a-tire-d-ailes\\\/\"},{\"@type\":\"ListItem\",\"position\":2,\"name\":\"Sevrages : le t\u00e9moignage de S\u00e9verine\"}]},{\"@type\":\"WebSite\",\"@id\":\"https:\\\/\\\/www.lactissima.com\\\/a-tire-d-ailes\\\/#website\",\"url\":\"https:\\\/\\\/www.lactissima.com\\\/a-tire-d-ailes\\\/\",\"name\":\"A tire d&#039;Ailes\",\"description\":\"Le blog des femmes qui allaitent et travaillent.\",\"potentialAction\":[{\"@type\":\"SearchAction\",\"target\":{\"@type\":\"EntryPoint\",\"urlTemplate\":\"https:\\\/\\\/www.lactissima.com\\\/a-tire-d-ailes\\\/?s={search_term_string}\"},\"query-input\":{\"@type\":\"PropertyValueSpecification\",\"valueRequired\":true,\"valueName\":\"search_term_string\"}}],\"inLanguage\":\"fr-FR\"},{\"@type\":\"Person\",\"@id\":\"https:\\\/\\\/www.lactissima.com\\\/a-tire-d-ailes\\\/#\\\/schema\\\/person\\\/8f98d3a89530861bc1240e6d53d44eed\",\"name\":\"V\u00e9ronique Darmangeat\",\"image\":{\"@type\":\"ImageObject\",\"inLanguage\":\"fr-FR\",\"@id\":\"https:\\\/\\\/secure.gravatar.com\\\/avatar\\\/268c99344c89cebfe4f5df5fa8be43068a18884fc76a29f3206fae98465b9cab?s=96&d=identicon&r=g\",\"url\":\"https:\\\/\\\/secure.gravatar.com\\\/avatar\\\/268c99344c89cebfe4f5df5fa8be43068a18884fc76a29f3206fae98465b9cab?s=96&d=identicon&r=g\",\"contentUrl\":\"https:\\\/\\\/secure.gravatar.com\\\/avatar\\\/268c99344c89cebfe4f5df5fa8be43068a18884fc76a29f3206fae98465b9cab?s=96&d=identicon&r=g\",\"caption\":\"V\u00e9ronique Darmangeat\"},\"sameAs\":[\"https:\\\/\\\/www.lactissima.com\\\/a-tire-d-ailes\",\"www.facebook.com\\\/consultante.en.lactation\"]}]}<\/script>\n<!-- \/ Yoast SEO plugin. -->","yoast_head_json":{"title":"Sevrages : le t\u00e9moignage de S\u00e9verine","description":"S\u00e9verine a choisi de laisser ses enfants se sevrer quand ils l'ont choisi, il s'agit d'un sevrage naturel.","robots":{"index":"index","follow":"follow","max-snippet":"max-snippet:-1","max-image-preview":"max-image-preview:large","max-video-preview":"max-video-preview:-1"},"canonical":"https:\/\/www.lactissima.com\/a-tire-d-ailes\/sevrages-le-temoignage-de-severine\/","og_locale":"fr_FR","og_type":"article","og_title":"Sevrages : le t\u00e9moignage de S\u00e9verine","og_description":"S\u00e9verine a choisi de laisser ses enfants se sevrer quand ils l'ont choisi, il s'agit d'un sevrage naturel.","og_url":"https:\/\/www.lactissima.com\/a-tire-d-ailes\/sevrages-le-temoignage-de-severine\/","og_site_name":"A tire d&#039;Ailes","article_publisher":"https:\/\/www.facebook.com\/consultante.en.lactation","article_author":"www.facebook.com\/consultante.en.lactation","article_published_time":"2015-03-18T17:40:49+00:00","article_modified_time":"2015-03-18T17:43:56+00:00","og_image":[{"width":358,"height":260,"url":"https:\/\/www.lactissima.com\/a-tire-d-ailes\/wp-content\/uploads\/2015\/03\/S\u00e9verine.jpg","type":"image\/jpeg"}],"author":"V\u00e9ronique Darmangeat","twitter_card":"summary_large_image","twitter_creator":"@VeroniqueIBCLC","twitter_site":"@VeroniqueIBCLC","twitter_misc":{"\u00c9crit par":"V\u00e9ronique Darmangeat","Dur\u00e9e de lecture estim\u00e9e":"1 minute"},"schema":{"@context":"https:\/\/schema.org","@graph":[{"@type":"Article","@id":"https:\/\/www.lactissima.com\/a-tire-d-ailes\/sevrages-le-temoignage-de-severine\/#article","isPartOf":{"@id":"https:\/\/www.lactissima.com\/a-tire-d-ailes\/sevrages-le-temoignage-de-severine\/"},"author":{"name":"V\u00e9ronique Darmangeat","@id":"https:\/\/www.lactissima.com\/a-tire-d-ailes\/#\/schema\/person\/8f98d3a89530861bc1240e6d53d44eed"},"headline":"Sevrages : le t\u00e9moignage de S\u00e9verine","datePublished":"2015-03-18T17:40:49+00:00","dateModified":"2015-03-18T17:43:56+00:00","mainEntityOfPage":{"@id":"https:\/\/www.lactissima.com\/a-tire-d-ailes\/sevrages-le-temoignage-de-severine\/"},"wordCount":256,"commentCount":6,"image":{"@id":"https:\/\/www.lactissima.com\/a-tire-d-ailes\/sevrages-le-temoignage-de-severine\/#primaryimage"},"thumbnailUrl":"https:\/\/www.lactissima.com\/a-tire-d-ailes\/wp-content\/uploads\/2015\/03\/S\u00e9verine.jpg","keywords":["sevrage naturel"],"articleSection":["Allaitement","Sevrage"],"inLanguage":"fr-FR","potentialAction":[{"@type":"CommentAction","name":"Comment","target":["https:\/\/www.lactissima.com\/a-tire-d-ailes\/sevrages-le-temoignage-de-severine\/#respond"]}]},{"@type":"WebPage","@id":"https:\/\/www.lactissima.com\/a-tire-d-ailes\/sevrages-le-temoignage-de-severine\/","url":"https:\/\/www.lactissima.com\/a-tire-d-ailes\/sevrages-le-temoignage-de-severine\/","name":"Sevrages : le t\u00e9moignage de S\u00e9verine","isPartOf":{"@id":"https:\/\/www.lactissima.com\/a-tire-d-ailes\/#website"},"primaryImageOfPage":{"@id":"https:\/\/www.lactissima.com\/a-tire-d-ailes\/sevrages-le-temoignage-de-severine\/#primaryimage"},"image":{"@id":"https:\/\/www.lactissima.com\/a-tire-d-ailes\/sevrages-le-temoignage-de-severine\/#primaryimage"},"thumbnailUrl":"https:\/\/www.lactissima.com\/a-tire-d-ailes\/wp-content\/uploads\/2015\/03\/S\u00e9verine.jpg","datePublished":"2015-03-18T17:40:49+00:00","dateModified":"2015-03-18T17:43:56+00:00","author":{"@id":"https:\/\/www.lactissima.com\/a-tire-d-ailes\/#\/schema\/person\/8f98d3a89530861bc1240e6d53d44eed"},"description":"S\u00e9verine a choisi de laisser ses enfants se sevrer quand ils l'ont choisi, il s'agit d'un sevrage naturel.","breadcrumb":{"@id":"https:\/\/www.lactissima.com\/a-tire-d-ailes\/sevrages-le-temoignage-de-severine\/#breadcrumb"},"inLanguage":"fr-FR","potentialAction":[{"@type":"ReadAction","target":["https:\/\/www.lactissima.com\/a-tire-d-ailes\/sevrages-le-temoignage-de-severine\/"]}]},{"@type":"ImageObject","inLanguage":"fr-FR","@id":"https:\/\/www.lactissima.com\/a-tire-d-ailes\/sevrages-le-temoignage-de-severine\/#primaryimage","url":"https:\/\/www.lactissima.com\/a-tire-d-ailes\/wp-content\/uploads\/2015\/03\/S\u00e9verine.jpg","contentUrl":"https:\/\/www.lactissima.com\/a-tire-d-ailes\/wp-content\/uploads\/2015\/03\/S\u00e9verine.jpg","width":358,"height":260,"caption":"sevrage"},{"@type":"BreadcrumbList","@id":"https:\/\/www.lactissima.com\/a-tire-d-ailes\/sevrages-le-temoignage-de-severine\/#breadcrumb","itemListElement":[{"@type":"ListItem","position":1,"name":"Accueil","item":"https:\/\/www.lactissima.com\/a-tire-d-ailes\/"},{"@type":"ListItem","position":2,"name":"Sevrages : le t\u00e9moignage de S\u00e9verine"}]},{"@type":"WebSite","@id":"https:\/\/www.lactissima.com\/a-tire-d-ailes\/#website","url":"https:\/\/www.lactissima.com\/a-tire-d-ailes\/","name":"A tire d&#039;Ailes","description":"Le blog des femmes qui allaitent et travaillent.","potentialAction":[{"@type":"SearchAction","target":{"@type":"EntryPoint","urlTemplate":"https:\/\/www.lactissima.com\/a-tire-d-ailes\/?s={search_term_string}"},"query-input":{"@type":"PropertyValueSpecification","valueRequired":true,"valueName":"search_term_string"}}],"inLanguage":"fr-FR"},{"@type":"Person","@id":"https:\/\/www.lactissima.com\/a-tire-d-ailes\/#\/schema\/person\/8f98d3a89530861bc1240e6d53d44eed","name":"V\u00e9ronique Darmangeat","image":{"@type":"ImageObject","inLanguage":"fr-FR","@id":"https:\/\/secure.gravatar.com\/avatar\/268c99344c89cebfe4f5df5fa8be43068a18884fc76a29f3206fae98465b9cab?s=96&d=identicon&r=g","url":"https:\/\/secure.gravatar.com\/avatar\/268c99344c89cebfe4f5df5fa8be43068a18884fc76a29f3206fae98465b9cab?s=96&d=identicon&r=g","contentUrl":"https:\/\/secure.gravatar.com\/avatar\/268c99344c89cebfe4f5df5fa8be43068a18884fc76a29f3206fae98465b9cab?s=96&d=identicon&r=g","caption":"V\u00e9ronique Darmangeat"},"sameAs":["https:\/\/www.lactissima.com\/a-tire-d-ailes","www.facebook.com\/consultante.en.lactation"]}]}},"_links":{"self":[{"href":"https:\/\/www.lactissima.com\/a-tire-d-ailes\/wp-json\/wp\/v2\/posts\/6199","targetHints":{"allow":["GET"]}}],"collection":[{"href":"https:\/\/www.lactissima.com\/a-tire-d-ailes\/wp-json\/wp\/v2\/posts"}],"about":[{"href":"https:\/\/www.lactissima.com\/a-tire-d-ailes\/wp-json\/wp\/v2\/types\/post"}],"author":[{"embeddable":true,"href":"https:\/\/www.lactissima.com\/a-tire-d-ailes\/wp-json\/wp\/v2\/users\/170"}],"replies":[{"embeddable":true,"href":"https:\/\/www.lactissima.com\/a-tire-d-ailes\/wp-json\/wp\/v2\/comments?post=6199"}],"version-history":[{"count":5,"href":"https:\/\/www.lactissima.com\/a-tire-d-ailes\/wp-json\/wp\/v2\/posts\/6199\/revisions"}],"predecessor-version":[{"id":6205,"href":"https:\/\/www.lactissima.com\/a-tire-d-ailes\/wp-json\/wp\/v2\/posts\/6199\/revisions\/6205"}],"wp:featuredmedia":[{"embeddable":true,"href":"https:\/\/www.lactissima.com\/a-tire-d-ailes\/wp-json\/wp\/v2\/media\/6200"}],"wp:attachment":[{"href":"https:\/\/www.lactissima.com\/a-tire-d-ailes\/wp-json\/wp\/v2\/media?parent=6199"}],"wp:term":[{"taxonomy":"category","embeddable":true,"href":"https:\/\/www.lactissima.com\/a-tire-d-ailes\/wp-json\/wp\/v2\/categories?post=6199"},{"taxonomy":"post_tag","embeddable":true,"href":"https:\/\/www.lactissima.com\/a-tire-d-ailes\/wp-json\/wp\/v2\/tags?post=6199"}],"curies":[{"name":"wp","href":"https:\/\/api.w.org\/{rel}","templated":true}]}}