{"id":6156,"date":"2015-02-19T09:34:45","date_gmt":"2015-02-19T08:34:45","guid":{"rendered":"https:\/\/www.lactissima.com\/a-tire-d-ailes\/?p=6156"},"modified":"2015-02-19T09:34:45","modified_gmt":"2015-02-19T08:34:45","slug":"sevrages-le-temoignage-de-jeanne","status":"publish","type":"post","link":"https:\/\/www.lactissima.com\/a-tire-d-ailes\/sevrages-le-temoignage-de-jeanne\/","title":{"rendered":"Sevrages : le t\u00e9moignage de Jeanne"},"content":{"rendered":"<p style=\"text-align: justify;\"><img loading=\"lazy\" decoding=\"async\" class=\"alignright wp-image-6157 size-full\" src=\"https:\/\/www.lactissima.com\/a-tire-d-ailes\/wp-content\/uploads\/2015\/02\/Malo-Venise.jpeg\" alt=\"Sevrages\" width=\"189\" height=\"336\" srcset=\"https:\/\/www.lactissima.com\/a-tire-d-ailes\/wp-content\/uploads\/2015\/02\/Malo-Venise.jpeg 189w, https:\/\/www.lactissima.com\/a-tire-d-ailes\/wp-content\/uploads\/2015\/02\/Malo-Venise-169x300.jpeg 169w\" sizes=\"(max-width: 189px) 100vw, 189px\" \/>J&rsquo;inaugure aujourd&rsquo;hui cette nouvelle rubrique de t\u00e9moignages sur les sevrages avec celui de Jeanne.<\/p>\n<p style=\"text-align: justify;\"><strong>A quel moment avez-vous d\u00e9cid\u00e9 de sevrer votre b\u00e9b\u00e9 ?<\/strong><\/p>\n<p style=\"text-align: justify;\">J&rsquo;ai sevr\u00e9 mon b\u00e9b\u00e9 au bout de 4 mois 1\/2 d allaitement \u00e0 cause de ma reprise de travail.<\/p>\n<p style=\"text-align: justify;\"><strong>Comment vous y \u00eates-vous prise ?<\/strong><\/p>\n<p style=\"text-align: justify;\">J&rsquo;ai d&rsquo;abord re\u00e7u les conseils de Mme Coursaget aux Diaconnesses qui m&rsquo;a toujours \u00e9t\u00e9 d&rsquo;une grande aide durant l&rsquo;allaitement. Je devais m&rsquo;y prendre un mois avant la reprise, en rempla\u00e7ant d&rsquo;abord une t\u00e9t\u00e9e par un biberon, puis deux, trois&#8230;<\/p>\n<p style=\"text-align: justify;\"><strong>Quelles difficult\u00e9s avez-vous rencontr\u00e9 ?<\/strong><\/p>\n<p style=\"text-align: justify;\">Les choses ne se sont pas du tout pass\u00e9es comme pr\u00e9vu ! Mon b\u00e9b\u00e9 a totalement refus\u00e9 de boire avec un biberon. Et cela pendant des semaines, parfois il prenait quelques millilitres au biberon puis s&rsquo;arr\u00eatait. Nous avons tout essay\u00e9, toutes les marques de biberon, de lait, en mettant mon lait dans le biberon, on m&rsquo;a m\u00eame dit de l'\u00a0\u00bbaffamer\u00a0\u00bb car s'\u00a0\u00bbil a vraiment faim, il mangera\u00a0\u00bb ! Et bien c&rsquo;est faux ! Le jour o\u00f9 j ai repris mon travail, mon b\u00e9b\u00e9 n&rsquo;\u00e9tait donc pas vraiment sevr\u00e9 et c&rsquo;\u00e9tait tr\u00e8s dur de laisser comme \u00e7a chez sa nounou. Au bout de quelques jours il a pris plus facilement le biberon.<\/p>\n<p style=\"text-align: justify;\"><strong>Etes-vous satisfaite de ce sevrage ?<\/strong><\/p>\n<p style=\"text-align: justify;\">Pas vraiment ! Je ne m&rsquo;attendais pas \u00e0 ce que mon b\u00e9b\u00e9 refuse \u00e0 ce point la t\u00e9tine. Avec le recul je ne vois pas ce que j&rsquo;aurais pu faire de plus, peut-\u00eatre pr\u00e9voir un mois de plus de pr\u00e9paration au sevrage et ainsi faire les choses plus en douceur&#8230;<\/p>\n<p style=\"text-align: justify;\"><strong>Qu&rsquo;aimeriez-vous dire aux femmes qui souhaitent sevrer leur b\u00e9b\u00e9 ?<\/strong><\/p>\n<p style=\"text-align: justify;\">La cl\u00e9 est l&rsquo;accompagnement. De son conjoint, de sa famille et d&rsquo;une sp\u00e9cialiste en lactation. Si ces trois choses pour moi avaient \u00e9t\u00e9 r\u00e9unies j&rsquo;aurais r\u00e9ussi mon r\u00eave : un allaitement mixte \u00e0 la reprise du travail. Biberon chez la nounou et t\u00e9t\u00e9es \u00e0 volont\u00e9 avec moi. Mais avec le sevrage mon b\u00e9b\u00e9 a commenc\u00e9 \u00e0 ne plus prendre assez de poids et j&rsquo;ai subi beaucoup de pression de mon entourage et de ma p\u00e9diatre pour cesser l&rsquo;allaitement qui \u00e9tait vu comme la cause du ralentissement de croissance de mon b\u00e9b\u00e9 (en tout cas peu d&rsquo;encouragement pour continuer). Je pense qu&rsquo;une sp\u00e9cialiste en lactation \u00e0 l&rsquo;\u00e9poque m&rsquo;aurait \u00e9t\u00e9 d&rsquo;une grande aide. Mais c&rsquo;\u00e9tait l&rsquo;\u00e9t\u00e9, j&rsquo;\u00e9tais en vacances et donc je n&rsquo;ai pas pu en b\u00e9n\u00e9ficier !<\/p>\n<p style=\"text-align: justify;\"><span style=\"color: #ffffff;\">..<\/span><\/p>\n","protected":false},"excerpt":{"rendered":"<p>J&rsquo;inaugure aujourd&rsquo;hui cette nouvelle rubrique de t\u00e9moignages sur les sevrages avec celui de Jeanne. A quel moment avez-vous d\u00e9cid\u00e9 de sevrer votre b\u00e9b\u00e9 ? J&rsquo;ai sevr\u00e9 mon b\u00e9b\u00e9 au bout de 4 mois 1\/2 d allaitement \u00e0 cause de ma reprise de travail. Comment vous y \u00eates-vous prise ? J&rsquo;ai d&rsquo;abord re\u00e7u les conseils de [&hellip;]<\/p>\n","protected":false},"author":170,"featured_media":6157,"comment_status":"open","ping_status":"open","sticky":false,"template":"","format":"standard","meta":{"_et_pb_use_builder":"","_et_pb_old_content":"","_et_gb_content_width":"","footnotes":""},"categories":[665],"tags":[56],"class_list":["post-6156","post","type-post","status-publish","format-standard","has-post-thumbnail","hentry","category-sevrage","tag-sevrage"],"yoast_head":"<!-- This site is optimized with the Yoast SEO plugin v27.4 - https:\/\/yoast.com\/product\/yoast-seo-wordpress\/ -->\n<title>Sevrages : le t\u00e9moignage de Jeanne<\/title>\n<meta name=\"description\" content=\"Jeanne a rencontr\u00e9 des difficult\u00e9s pour sevrer son fils qui refusait le biberon. Les sevrages ne sont pas toujours simples...\" \/>\n<meta name=\"robots\" content=\"index, follow, max-snippet:-1, max-image-preview:large, max-video-preview:-1\" \/>\n<link rel=\"canonical\" href=\"https:\/\/www.lactissima.com\/a-tire-d-ailes\/sevrages-le-temoignage-de-jeanne\/\" \/>\n<meta property=\"og:locale\" content=\"fr_FR\" \/>\n<meta property=\"og:type\" content=\"article\" \/>\n<meta property=\"og:title\" content=\"Sevrages : le t\u00e9moignage de Jeanne\" \/>\n<meta property=\"og:description\" content=\"Jeanne a rencontr\u00e9 des difficult\u00e9s pour sevrer son fils qui refusait le biberon. Les sevrages ne sont pas toujours simples...\" \/>\n<meta property=\"og:url\" content=\"https:\/\/www.lactissima.com\/a-tire-d-ailes\/sevrages-le-temoignage-de-jeanne\/\" \/>\n<meta property=\"og:site_name\" content=\"A tire d&#039;Ailes\" \/>\n<meta property=\"article:publisher\" content=\"https:\/\/www.facebook.com\/consultante.en.lactation\" \/>\n<meta property=\"article:author\" content=\"www.facebook.com\/consultante.en.lactation\" \/>\n<meta property=\"article:published_time\" content=\"2015-02-19T08:34:45+00:00\" \/>\n<meta property=\"og:image\" content=\"https:\/\/www.lactissima.com\/a-tire-d-ailes\/wp-content\/uploads\/2015\/02\/Malo-Venise.jpeg\" \/>\n\t<meta property=\"og:image:width\" content=\"189\" \/>\n\t<meta property=\"og:image:height\" content=\"336\" \/>\n\t<meta property=\"og:image:type\" content=\"image\/jpeg\" \/>\n<meta name=\"author\" content=\"V\u00e9ronique Darmangeat\" \/>\n<meta name=\"twitter:card\" content=\"summary_large_image\" \/>\n<meta name=\"twitter:creator\" content=\"@VeroniqueIBCLC\" \/>\n<meta name=\"twitter:site\" content=\"@VeroniqueIBCLC\" \/>\n<meta name=\"twitter:label1\" content=\"\u00c9crit par\" \/>\n\t<meta name=\"twitter:data1\" content=\"V\u00e9ronique Darmangeat\" \/>\n\t<meta name=\"twitter:label2\" content=\"Dur\u00e9e de lecture estim\u00e9e\" \/>\n\t<meta name=\"twitter:data2\" content=\"2 minutes\" \/>\n<script type=\"application\/ld+json\" class=\"yoast-schema-graph\">{\"@context\":\"https:\\\/\\\/schema.org\",\"@graph\":[{\"@type\":\"Article\",\"@id\":\"https:\\\/\\\/www.lactissima.com\\\/a-tire-d-ailes\\\/sevrages-le-temoignage-de-jeanne\\\/#article\",\"isPartOf\":{\"@id\":\"https:\\\/\\\/www.lactissima.com\\\/a-tire-d-ailes\\\/sevrages-le-temoignage-de-jeanne\\\/\"},\"author\":{\"name\":\"V\u00e9ronique Darmangeat\",\"@id\":\"https:\\\/\\\/www.lactissima.com\\\/a-tire-d-ailes\\\/#\\\/schema\\\/person\\\/8f98d3a89530861bc1240e6d53d44eed\"},\"headline\":\"Sevrages : le t\u00e9moignage de Jeanne\",\"datePublished\":\"2015-02-19T08:34:45+00:00\",\"mainEntityOfPage\":{\"@id\":\"https:\\\/\\\/www.lactissima.com\\\/a-tire-d-ailes\\\/sevrages-le-temoignage-de-jeanne\\\/\"},\"wordCount\":450,\"commentCount\":13,\"image\":{\"@id\":\"https:\\\/\\\/www.lactissima.com\\\/a-tire-d-ailes\\\/sevrages-le-temoignage-de-jeanne\\\/#primaryimage\"},\"thumbnailUrl\":\"https:\\\/\\\/www.lactissima.com\\\/a-tire-d-ailes\\\/wp-content\\\/uploads\\\/2015\\\/02\\\/Malo-Venise.jpeg\",\"keywords\":[\"Sevrage\"],\"articleSection\":[\"Sevrage\"],\"inLanguage\":\"fr-FR\",\"potentialAction\":[{\"@type\":\"CommentAction\",\"name\":\"Comment\",\"target\":[\"https:\\\/\\\/www.lactissima.com\\\/a-tire-d-ailes\\\/sevrages-le-temoignage-de-jeanne\\\/#respond\"]}]},{\"@type\":\"WebPage\",\"@id\":\"https:\\\/\\\/www.lactissima.com\\\/a-tire-d-ailes\\\/sevrages-le-temoignage-de-jeanne\\\/\",\"url\":\"https:\\\/\\\/www.lactissima.com\\\/a-tire-d-ailes\\\/sevrages-le-temoignage-de-jeanne\\\/\",\"name\":\"Sevrages : le t\u00e9moignage de Jeanne\",\"isPartOf\":{\"@id\":\"https:\\\/\\\/www.lactissima.com\\\/a-tire-d-ailes\\\/#website\"},\"primaryImageOfPage\":{\"@id\":\"https:\\\/\\\/www.lactissima.com\\\/a-tire-d-ailes\\\/sevrages-le-temoignage-de-jeanne\\\/#primaryimage\"},\"image\":{\"@id\":\"https:\\\/\\\/www.lactissima.com\\\/a-tire-d-ailes\\\/sevrages-le-temoignage-de-jeanne\\\/#primaryimage\"},\"thumbnailUrl\":\"https:\\\/\\\/www.lactissima.com\\\/a-tire-d-ailes\\\/wp-content\\\/uploads\\\/2015\\\/02\\\/Malo-Venise.jpeg\",\"datePublished\":\"2015-02-19T08:34:45+00:00\",\"author\":{\"@id\":\"https:\\\/\\\/www.lactissima.com\\\/a-tire-d-ailes\\\/#\\\/schema\\\/person\\\/8f98d3a89530861bc1240e6d53d44eed\"},\"description\":\"Jeanne a rencontr\u00e9 des difficult\u00e9s pour sevrer son fils qui refusait le biberon. Les sevrages ne sont pas toujours simples...\",\"breadcrumb\":{\"@id\":\"https:\\\/\\\/www.lactissima.com\\\/a-tire-d-ailes\\\/sevrages-le-temoignage-de-jeanne\\\/#breadcrumb\"},\"inLanguage\":\"fr-FR\",\"potentialAction\":[{\"@type\":\"ReadAction\",\"target\":[\"https:\\\/\\\/www.lactissima.com\\\/a-tire-d-ailes\\\/sevrages-le-temoignage-de-jeanne\\\/\"]}]},{\"@type\":\"ImageObject\",\"inLanguage\":\"fr-FR\",\"@id\":\"https:\\\/\\\/www.lactissima.com\\\/a-tire-d-ailes\\\/sevrages-le-temoignage-de-jeanne\\\/#primaryimage\",\"url\":\"https:\\\/\\\/www.lactissima.com\\\/a-tire-d-ailes\\\/wp-content\\\/uploads\\\/2015\\\/02\\\/Malo-Venise.jpeg\",\"contentUrl\":\"https:\\\/\\\/www.lactissima.com\\\/a-tire-d-ailes\\\/wp-content\\\/uploads\\\/2015\\\/02\\\/Malo-Venise.jpeg\",\"width\":189,\"height\":336,\"caption\":\"Sevrage\"},{\"@type\":\"BreadcrumbList\",\"@id\":\"https:\\\/\\\/www.lactissima.com\\\/a-tire-d-ailes\\\/sevrages-le-temoignage-de-jeanne\\\/#breadcrumb\",\"itemListElement\":[{\"@type\":\"ListItem\",\"position\":1,\"name\":\"Accueil\",\"item\":\"https:\\\/\\\/www.lactissima.com\\\/a-tire-d-ailes\\\/\"},{\"@type\":\"ListItem\",\"position\":2,\"name\":\"Sevrages : le t\u00e9moignage de Jeanne\"}]},{\"@type\":\"WebSite\",\"@id\":\"https:\\\/\\\/www.lactissima.com\\\/a-tire-d-ailes\\\/#website\",\"url\":\"https:\\\/\\\/www.lactissima.com\\\/a-tire-d-ailes\\\/\",\"name\":\"A tire d&#039;Ailes\",\"description\":\"Le blog des femmes qui allaitent et travaillent.\",\"potentialAction\":[{\"@type\":\"SearchAction\",\"target\":{\"@type\":\"EntryPoint\",\"urlTemplate\":\"https:\\\/\\\/www.lactissima.com\\\/a-tire-d-ailes\\\/?s={search_term_string}\"},\"query-input\":{\"@type\":\"PropertyValueSpecification\",\"valueRequired\":true,\"valueName\":\"search_term_string\"}}],\"inLanguage\":\"fr-FR\"},{\"@type\":\"Person\",\"@id\":\"https:\\\/\\\/www.lactissima.com\\\/a-tire-d-ailes\\\/#\\\/schema\\\/person\\\/8f98d3a89530861bc1240e6d53d44eed\",\"name\":\"V\u00e9ronique Darmangeat\",\"image\":{\"@type\":\"ImageObject\",\"inLanguage\":\"fr-FR\",\"@id\":\"https:\\\/\\\/secure.gravatar.com\\\/avatar\\\/268c99344c89cebfe4f5df5fa8be43068a18884fc76a29f3206fae98465b9cab?s=96&d=identicon&r=g\",\"url\":\"https:\\\/\\\/secure.gravatar.com\\\/avatar\\\/268c99344c89cebfe4f5df5fa8be43068a18884fc76a29f3206fae98465b9cab?s=96&d=identicon&r=g\",\"contentUrl\":\"https:\\\/\\\/secure.gravatar.com\\\/avatar\\\/268c99344c89cebfe4f5df5fa8be43068a18884fc76a29f3206fae98465b9cab?s=96&d=identicon&r=g\",\"caption\":\"V\u00e9ronique Darmangeat\"},\"sameAs\":[\"https:\\\/\\\/www.lactissima.com\\\/a-tire-d-ailes\",\"www.facebook.com\\\/consultante.en.lactation\"]}]}<\/script>\n<!-- \/ Yoast SEO plugin. -->","yoast_head_json":{"title":"Sevrages : le t\u00e9moignage de Jeanne","description":"Jeanne a rencontr\u00e9 des difficult\u00e9s pour sevrer son fils qui refusait le biberon. Les sevrages ne sont pas toujours simples...","robots":{"index":"index","follow":"follow","max-snippet":"max-snippet:-1","max-image-preview":"max-image-preview:large","max-video-preview":"max-video-preview:-1"},"canonical":"https:\/\/www.lactissima.com\/a-tire-d-ailes\/sevrages-le-temoignage-de-jeanne\/","og_locale":"fr_FR","og_type":"article","og_title":"Sevrages : le t\u00e9moignage de Jeanne","og_description":"Jeanne a rencontr\u00e9 des difficult\u00e9s pour sevrer son fils qui refusait le biberon. Les sevrages ne sont pas toujours simples...","og_url":"https:\/\/www.lactissima.com\/a-tire-d-ailes\/sevrages-le-temoignage-de-jeanne\/","og_site_name":"A tire d&#039;Ailes","article_publisher":"https:\/\/www.facebook.com\/consultante.en.lactation","article_author":"www.facebook.com\/consultante.en.lactation","article_published_time":"2015-02-19T08:34:45+00:00","og_image":[{"width":189,"height":336,"url":"https:\/\/www.lactissima.com\/a-tire-d-ailes\/wp-content\/uploads\/2015\/02\/Malo-Venise.jpeg","type":"image\/jpeg"}],"author":"V\u00e9ronique Darmangeat","twitter_card":"summary_large_image","twitter_creator":"@VeroniqueIBCLC","twitter_site":"@VeroniqueIBCLC","twitter_misc":{"\u00c9crit par":"V\u00e9ronique Darmangeat","Dur\u00e9e de lecture estim\u00e9e":"2 minutes"},"schema":{"@context":"https:\/\/schema.org","@graph":[{"@type":"Article","@id":"https:\/\/www.lactissima.com\/a-tire-d-ailes\/sevrages-le-temoignage-de-jeanne\/#article","isPartOf":{"@id":"https:\/\/www.lactissima.com\/a-tire-d-ailes\/sevrages-le-temoignage-de-jeanne\/"},"author":{"name":"V\u00e9ronique Darmangeat","@id":"https:\/\/www.lactissima.com\/a-tire-d-ailes\/#\/schema\/person\/8f98d3a89530861bc1240e6d53d44eed"},"headline":"Sevrages : le t\u00e9moignage de Jeanne","datePublished":"2015-02-19T08:34:45+00:00","mainEntityOfPage":{"@id":"https:\/\/www.lactissima.com\/a-tire-d-ailes\/sevrages-le-temoignage-de-jeanne\/"},"wordCount":450,"commentCount":13,"image":{"@id":"https:\/\/www.lactissima.com\/a-tire-d-ailes\/sevrages-le-temoignage-de-jeanne\/#primaryimage"},"thumbnailUrl":"https:\/\/www.lactissima.com\/a-tire-d-ailes\/wp-content\/uploads\/2015\/02\/Malo-Venise.jpeg","keywords":["Sevrage"],"articleSection":["Sevrage"],"inLanguage":"fr-FR","potentialAction":[{"@type":"CommentAction","name":"Comment","target":["https:\/\/www.lactissima.com\/a-tire-d-ailes\/sevrages-le-temoignage-de-jeanne\/#respond"]}]},{"@type":"WebPage","@id":"https:\/\/www.lactissima.com\/a-tire-d-ailes\/sevrages-le-temoignage-de-jeanne\/","url":"https:\/\/www.lactissima.com\/a-tire-d-ailes\/sevrages-le-temoignage-de-jeanne\/","name":"Sevrages : le t\u00e9moignage de Jeanne","isPartOf":{"@id":"https:\/\/www.lactissima.com\/a-tire-d-ailes\/#website"},"primaryImageOfPage":{"@id":"https:\/\/www.lactissima.com\/a-tire-d-ailes\/sevrages-le-temoignage-de-jeanne\/#primaryimage"},"image":{"@id":"https:\/\/www.lactissima.com\/a-tire-d-ailes\/sevrages-le-temoignage-de-jeanne\/#primaryimage"},"thumbnailUrl":"https:\/\/www.lactissima.com\/a-tire-d-ailes\/wp-content\/uploads\/2015\/02\/Malo-Venise.jpeg","datePublished":"2015-02-19T08:34:45+00:00","author":{"@id":"https:\/\/www.lactissima.com\/a-tire-d-ailes\/#\/schema\/person\/8f98d3a89530861bc1240e6d53d44eed"},"description":"Jeanne a rencontr\u00e9 des difficult\u00e9s pour sevrer son fils qui refusait le biberon. Les sevrages ne sont pas toujours simples...","breadcrumb":{"@id":"https:\/\/www.lactissima.com\/a-tire-d-ailes\/sevrages-le-temoignage-de-jeanne\/#breadcrumb"},"inLanguage":"fr-FR","potentialAction":[{"@type":"ReadAction","target":["https:\/\/www.lactissima.com\/a-tire-d-ailes\/sevrages-le-temoignage-de-jeanne\/"]}]},{"@type":"ImageObject","inLanguage":"fr-FR","@id":"https:\/\/www.lactissima.com\/a-tire-d-ailes\/sevrages-le-temoignage-de-jeanne\/#primaryimage","url":"https:\/\/www.lactissima.com\/a-tire-d-ailes\/wp-content\/uploads\/2015\/02\/Malo-Venise.jpeg","contentUrl":"https:\/\/www.lactissima.com\/a-tire-d-ailes\/wp-content\/uploads\/2015\/02\/Malo-Venise.jpeg","width":189,"height":336,"caption":"Sevrage"},{"@type":"BreadcrumbList","@id":"https:\/\/www.lactissima.com\/a-tire-d-ailes\/sevrages-le-temoignage-de-jeanne\/#breadcrumb","itemListElement":[{"@type":"ListItem","position":1,"name":"Accueil","item":"https:\/\/www.lactissima.com\/a-tire-d-ailes\/"},{"@type":"ListItem","position":2,"name":"Sevrages : le t\u00e9moignage de Jeanne"}]},{"@type":"WebSite","@id":"https:\/\/www.lactissima.com\/a-tire-d-ailes\/#website","url":"https:\/\/www.lactissima.com\/a-tire-d-ailes\/","name":"A tire d&#039;Ailes","description":"Le blog des femmes qui allaitent et travaillent.","potentialAction":[{"@type":"SearchAction","target":{"@type":"EntryPoint","urlTemplate":"https:\/\/www.lactissima.com\/a-tire-d-ailes\/?s={search_term_string}"},"query-input":{"@type":"PropertyValueSpecification","valueRequired":true,"valueName":"search_term_string"}}],"inLanguage":"fr-FR"},{"@type":"Person","@id":"https:\/\/www.lactissima.com\/a-tire-d-ailes\/#\/schema\/person\/8f98d3a89530861bc1240e6d53d44eed","name":"V\u00e9ronique Darmangeat","image":{"@type":"ImageObject","inLanguage":"fr-FR","@id":"https:\/\/secure.gravatar.com\/avatar\/268c99344c89cebfe4f5df5fa8be43068a18884fc76a29f3206fae98465b9cab?s=96&d=identicon&r=g","url":"https:\/\/secure.gravatar.com\/avatar\/268c99344c89cebfe4f5df5fa8be43068a18884fc76a29f3206fae98465b9cab?s=96&d=identicon&r=g","contentUrl":"https:\/\/secure.gravatar.com\/avatar\/268c99344c89cebfe4f5df5fa8be43068a18884fc76a29f3206fae98465b9cab?s=96&d=identicon&r=g","caption":"V\u00e9ronique Darmangeat"},"sameAs":["https:\/\/www.lactissima.com\/a-tire-d-ailes","www.facebook.com\/consultante.en.lactation"]}]}},"_links":{"self":[{"href":"https:\/\/www.lactissima.com\/a-tire-d-ailes\/wp-json\/wp\/v2\/posts\/6156","targetHints":{"allow":["GET"]}}],"collection":[{"href":"https:\/\/www.lactissima.com\/a-tire-d-ailes\/wp-json\/wp\/v2\/posts"}],"about":[{"href":"https:\/\/www.lactissima.com\/a-tire-d-ailes\/wp-json\/wp\/v2\/types\/post"}],"author":[{"embeddable":true,"href":"https:\/\/www.lactissima.com\/a-tire-d-ailes\/wp-json\/wp\/v2\/users\/170"}],"replies":[{"embeddable":true,"href":"https:\/\/www.lactissima.com\/a-tire-d-ailes\/wp-json\/wp\/v2\/comments?post=6156"}],"version-history":[{"count":4,"href":"https:\/\/www.lactissima.com\/a-tire-d-ailes\/wp-json\/wp\/v2\/posts\/6156\/revisions"}],"predecessor-version":[{"id":6161,"href":"https:\/\/www.lactissima.com\/a-tire-d-ailes\/wp-json\/wp\/v2\/posts\/6156\/revisions\/6161"}],"wp:featuredmedia":[{"embeddable":true,"href":"https:\/\/www.lactissima.com\/a-tire-d-ailes\/wp-json\/wp\/v2\/media\/6157"}],"wp:attachment":[{"href":"https:\/\/www.lactissima.com\/a-tire-d-ailes\/wp-json\/wp\/v2\/media?parent=6156"}],"wp:term":[{"taxonomy":"category","embeddable":true,"href":"https:\/\/www.lactissima.com\/a-tire-d-ailes\/wp-json\/wp\/v2\/categories?post=6156"},{"taxonomy":"post_tag","embeddable":true,"href":"https:\/\/www.lactissima.com\/a-tire-d-ailes\/wp-json\/wp\/v2\/tags?post=6156"}],"curies":[{"name":"wp","href":"https:\/\/api.w.org\/{rel}","templated":true}]}}