{"id":614,"date":"2009-09-12T14:56:29","date_gmt":"2009-09-12T12:56:29","guid":{"rendered":"https:\/\/www.lactissima.com\/a-tire-d-ailes\/?p=614"},"modified":"2016-08-03T19:24:48","modified_gmt":"2016-08-03T17:24:48","slug":"anticiper-le-retour-au-travail","status":"publish","type":"post","link":"https:\/\/www.lactissima.com\/a-tire-d-ailes\/anticiper-le-retour-au-travail\/","title":{"rendered":"Faut-il anticiper son retour au travail ?"},"content":{"rendered":"<p style=\"text-align: justify;\"><img loading=\"lazy\" decoding=\"async\" class=\"alignleft size-full wp-image-618\" title=\"anticiper le retour au travail\" src=\"https:\/\/www.lactissima.com\/a-tire-d-ailes\/wp-content\/uploads\/IMG_4170.JPG\" alt=\"anticiper le retour au travail\" width=\"349\" height=\"259\" srcset=\"https:\/\/www.lactissima.com\/a-tire-d-ailes\/wp-content\/uploads\/IMG_4170.JPG 448w, https:\/\/www.lactissima.com\/a-tire-d-ailes\/wp-content\/uploads\/IMG_4170-300x222.jpg 300w\" sizes=\"(max-width: 349px) 100vw, 349px\" \/>Lorsqu&rsquo;on <strong>allaite<\/strong> son enfant, on a envie de rester dans cette bulle intime, et songer \u00e0 la <strong>reprise du travail <\/strong>n&rsquo;est pas une partie de plaisir. Pourtant, plus l&rsquo;\u00e9ch\u00e9ance approche, plus la <strong>question<\/strong> se pose : que vais-je faire de mon allaitement ?<\/p>\n<p style=\"text-align: justify;\">La plupart des m\u00e8res souhaitent que <strong>tout se passe au mieux<\/strong> lors de cette premi\u00e8re s\u00e9paration d&rsquo;avec leur b\u00e9b\u00e9. Elles souhaitent alors<strong> pr\u00e9parer<\/strong> au maximum pour \u00eatre<strong> s\u00fbre<\/strong> que tout se passera bien.<br \/>\nPour autant, faut-il et<strong> peut-on <a title=\"anticiper le retour au travail\" href=\"https:\/\/www.lactissima.com\/a-tire-d-ailes\/anticiper-le-retour-au-travail\/\">anticiper<\/a><\/strong><a title=\"anticiper le retour au travail\" href=\"https:\/\/www.lactissima.com\/a-tire-d-ailes\/anticiper-le-retour-au-travail\/\"> le retour au travail<\/a> ?<\/p>\n<p style=\"text-align: justify;\">Bien s\u00fbr, il est important de savoir si l&rsquo;on souhaite sevrer compl\u00e8tement son b\u00e9b\u00e9 ou bien continuer l&rsquo;allaitement. Cependant, une telle <strong>d\u00e9cision<\/strong> prise un mois avant la reprise du travail peut tr\u00e8s bien ne plus convenir trois jours avant l&rsquo;\u00e9ch\u00e9ance. Alors,<strong> comment faire ?<\/strong><\/p>\n<p style=\"text-align: justify;\">Tout d&rsquo;abord, <strong>profiter pleinement de son allaitement<\/strong> sans se g\u00e2cher le plaisir \u00e0 l&rsquo;id\u00e9e de la reprise du travail. Un mois avant le reprise du travail, <strong>se renseigner <\/strong>sur les diff\u00e9rentes options possibles, quelles sont celles <strong>compatibles<\/strong> avec sa situation. Puis prendre une d\u00e9cision environ trois semaines avant la reprise en gardant \u00e0 l&rsquo;esprit que l&rsquo;on peut <strong>changer d&rsquo;avis<\/strong> en cours de route.<\/p>\n<p style=\"text-align: justify;\">Si l&rsquo;on souhaite un <strong>sevrage complet<\/strong> avant la reprise, il vaut mieux le d\u00e9cider au plus tard trois semaines avant la reprise pour avoir le temps de le mener en<strong> douceur<\/strong>. Il faut alors commencer \u00e0 supprimer une t\u00e9t\u00e9e \u00e0 la fois, et surveiller la r\u00e9action de ses seins. Voir cet <a href=\"https:\/\/www.lactissima.com\/a-tire-d-ailes\/?p=216\">article<\/a>.<\/p>\n<p style=\"text-align: justify;\">Si l&rsquo;on souhaite continuer un<strong> allaitement complet<\/strong>, il faut se renseigner sur la possibilit\u00e9 mat\u00e9rielle de tirer son lait sur son <strong>lieu de travail<\/strong> et sur le <strong>mat\u00e9riel<\/strong> \u00e0 pr\u00e9voir. Puis prendre le temps de se procurer ce mat\u00e9riel (tire-lait, sachet de conservation, glaci\u00e8re \u00e9ventuelle, biberons, &#8230;). On peut pr\u00e9voir d&rsquo;<strong>essayer <\/strong>le tire-lait tranquillement \u00e0 la maison et de faire un peu de <strong>stock <\/strong>de lait au cong\u00e9lateur en pr\u00e9vision des jours possibles o\u00f9 l&rsquo;on ne tirera pas assez de lait pour le lendemain. Cela permet de reprendre le travail plus <strong>tranquillement<\/strong>.<br \/>\nSi l&rsquo;on souhaite garder un <strong>allaitement partiel<\/strong>, il faut juste pr\u00e9voir d&rsquo;acheter du lait en poudre et de quoi le donner au b\u00e9b\u00e9 (biberon, tasse,&#8230;).<br \/>\nDans ces deux derniers cas, il n&rsquo;est <strong>pas indispensable<\/strong> de pr\u00e9parer son enfant au biberon. Voir cet <a href=\"https:\/\/www.lactissima.com\/a-tire-d-ailes\/?p=563\">article<\/a>.<\/p>\n<p style=\"text-align: justify;\">Dans tous les cas de figure, il vaut mieux essayer de pr\u00e9parer cette reprise le plus <strong>sereinement<\/strong> possible. En effet, si votre b\u00e9b\u00e9 sent de la <strong>tension <\/strong>chez vous, l&rsquo;<strong>urgence <\/strong>qu&rsquo;il accepte le biberon par exemple, il y a de fortes chances qu&rsquo;il <strong>refuse <\/strong>et se braque.<br \/>\nGardez \u00e0 l&rsquo;esprit que c&rsquo;est un moment de <strong>transition<\/strong>, que <strong>tous les b\u00e9b\u00e9s <\/strong>s&rsquo;adaptent \u00e0 la nouvelle situation et que plus on est <strong>zen<\/strong>, mieux cela se passe. Il faut laisser \u00e0 votre b\u00e9b\u00e9 le droit d&rsquo;exprimer son <strong>m\u00e9contentement <\/strong>et la possibilit\u00e9 de s&rsquo;adapter \u00e0 <strong>sa mani\u00e8re<\/strong> (qui n&rsquo;est pas forc\u00e9ment celle que vous aviez imagin\u00e9e).<\/p>\n<p style=\"text-align: justify;\">Et <strong>vous<\/strong>, comment avez-vous pr\u00e9par\u00e9 votre reprise du travail ?<\/p>\n<p style=\"text-align: justify;\"><strong>Articles en rapport :<\/strong><\/p>\n<ul>\n<li style=\"text-align: justify;\"><a href=\"https:\/\/www.lactissima.com\/a-tire-d-ailes\/?p=596\">Comment passer du sein au biberon ?<\/a><\/li>\n<li style=\"text-align: justify;\"><a href=\"https:\/\/www.lactissima.com\/a-tire-d-ailes\/?p=563\">Comment faire pour habituer mon b\u00e9b\u00e9 au biberon ?<\/a><\/li>\n<li style=\"text-align: justify;\"><a href=\"https:\/\/www.lactissima.com\/a-tire-d-ailes\/?p=415\">Donner son lait autrement&#8230;qu&rsquo;au biberon<\/a><\/li>\n<li style=\"text-align: justify;\"><a href=\"https:\/\/www.lactissima.com\/a-tire-d-ailes\/?p=216\">Et le sevrage ?<\/a><\/li>\n<li style=\"text-align: justify;\"><a href=\"https:\/\/www.lactissima.com\/a-tire-d-ailes\/?p=398\">Reprise du travail en allaitement mixte<\/a><strong><br \/>\n<\/strong><\/li>\n<\/ul>\n<p>&nbsp;<\/p>\n","protected":false},"excerpt":{"rendered":"<p>La plupart des m\u00e8res souhaitent que tout se passe au mieux lors de le reprise du travail. Elles souhaitent alors pr\u00e9parer au maximum pour \u00eatre s\u00fbre que tout se passera bien.<br \/>\nPour autant, faut-il et peut-on tout anticiper concernant l&rsquo;allaitement ?<\/p>\n","protected":false},"author":170,"featured_media":618,"comment_status":"open","ping_status":"open","sticky":false,"template":"","format":"standard","meta":{"_et_pb_use_builder":"","_et_pb_old_content":"","_et_gb_content_width":"","footnotes":""},"categories":[35,36,37,43,711,665,46],"tags":[534],"class_list":["post-614","post","type-post","status-publish","format-standard","has-post-thumbnail","hentry","category-allaitement","category-allaitement-et-travail","category-articulation-vie-professionnelle-vie-famille","category-materiel","category-passage-au-biberon","category-sevrage","category-vie-de-famille","tag-anticiper-le-retour-au-travail"],"yoast_head":"<!-- This site is optimized with the Yoast SEO plugin v27.4 - https:\/\/yoast.com\/product\/yoast-seo-wordpress\/ -->\n<title>anticiper le retour au travail<\/title>\n<meta name=\"description\" content=\"La plupart des m\u00e8res souhaitent que tout se passe au mieux lors de la reprise du travail. Elles souhaitent alors se pr\u00e9parer au maximum. Faut-il anticiper le retour au travail ?\" \/>\n<meta name=\"robots\" content=\"index, follow, max-snippet:-1, max-image-preview:large, max-video-preview:-1\" \/>\n<link rel=\"canonical\" href=\"https:\/\/www.lactissima.com\/a-tire-d-ailes\/anticiper-le-retour-au-travail\/\" \/>\n<meta property=\"og:locale\" content=\"fr_FR\" \/>\n<meta property=\"og:type\" content=\"article\" \/>\n<meta property=\"og:title\" content=\"anticiper le retour au travail\" \/>\n<meta property=\"og:description\" content=\"La plupart des m\u00e8res souhaitent que tout se passe au mieux lors de la reprise du travail. Elles souhaitent alors se pr\u00e9parer au maximum. Faut-il anticiper le retour au travail ?\" \/>\n<meta property=\"og:url\" content=\"https:\/\/www.lactissima.com\/a-tire-d-ailes\/anticiper-le-retour-au-travail\/\" \/>\n<meta property=\"og:site_name\" content=\"A tire d&#039;Ailes\" \/>\n<meta property=\"article:publisher\" content=\"https:\/\/www.facebook.com\/consultante.en.lactation\" \/>\n<meta property=\"article:author\" content=\"www.facebook.com\/consultante.en.lactation\" \/>\n<meta property=\"article:published_time\" content=\"2009-09-12T12:56:29+00:00\" \/>\n<meta property=\"article:modified_time\" content=\"2016-08-03T17:24:48+00:00\" \/>\n<meta property=\"og:image\" content=\"https:\/\/www.lactissima.com\/a-tire-d-ailes\/wp-content\/uploads\/IMG_4170.JPG\" \/>\n\t<meta property=\"og:image:width\" content=\"448\" \/>\n\t<meta property=\"og:image:height\" content=\"333\" \/>\n\t<meta property=\"og:image:type\" content=\"image\/jpeg\" \/>\n<meta name=\"author\" content=\"V\u00e9ronique Darmangeat\" \/>\n<meta name=\"twitter:card\" content=\"summary_large_image\" \/>\n<meta name=\"twitter:creator\" content=\"@VeroniqueIBCLC\" \/>\n<meta name=\"twitter:site\" content=\"@VeroniqueIBCLC\" \/>\n<meta name=\"twitter:label1\" content=\"\u00c9crit par\" \/>\n\t<meta name=\"twitter:data1\" content=\"V\u00e9ronique Darmangeat\" \/>\n\t<meta name=\"twitter:label2\" content=\"Dur\u00e9e de lecture estim\u00e9e\" \/>\n\t<meta name=\"twitter:data2\" content=\"3 minutes\" \/>\n<script type=\"application\/ld+json\" class=\"yoast-schema-graph\">{\"@context\":\"https:\\\/\\\/schema.org\",\"@graph\":[{\"@type\":\"Article\",\"@id\":\"https:\\\/\\\/www.lactissima.com\\\/a-tire-d-ailes\\\/anticiper-le-retour-au-travail\\\/#article\",\"isPartOf\":{\"@id\":\"https:\\\/\\\/www.lactissima.com\\\/a-tire-d-ailes\\\/anticiper-le-retour-au-travail\\\/\"},\"author\":{\"name\":\"V\u00e9ronique Darmangeat\",\"@id\":\"https:\\\/\\\/www.lactissima.com\\\/a-tire-d-ailes\\\/#\\\/schema\\\/person\\\/8f98d3a89530861bc1240e6d53d44eed\"},\"headline\":\"Faut-il anticiper son retour au travail ?\",\"datePublished\":\"2009-09-12T12:56:29+00:00\",\"dateModified\":\"2016-08-03T17:24:48+00:00\",\"mainEntityOfPage\":{\"@id\":\"https:\\\/\\\/www.lactissima.com\\\/a-tire-d-ailes\\\/anticiper-le-retour-au-travail\\\/\"},\"wordCount\":588,\"commentCount\":9,\"image\":{\"@id\":\"https:\\\/\\\/www.lactissima.com\\\/a-tire-d-ailes\\\/anticiper-le-retour-au-travail\\\/#primaryimage\"},\"thumbnailUrl\":\"https:\\\/\\\/www.lactissima.com\\\/a-tire-d-ailes\\\/wp-content\\\/uploads\\\/IMG_4170.JPG\",\"keywords\":[\"anticiper le retour au travail\"],\"articleSection\":[\"Allaitement\",\"Allaitement et Travail\",\"Articulation Vie Professionnelle Vie Famille\",\"Mat\u00e9riel\",\"Passage au biberon\",\"Sevrage\",\"Vie de famille\"],\"inLanguage\":\"fr-FR\",\"potentialAction\":[{\"@type\":\"CommentAction\",\"name\":\"Comment\",\"target\":[\"https:\\\/\\\/www.lactissima.com\\\/a-tire-d-ailes\\\/anticiper-le-retour-au-travail\\\/#respond\"]}]},{\"@type\":\"WebPage\",\"@id\":\"https:\\\/\\\/www.lactissima.com\\\/a-tire-d-ailes\\\/anticiper-le-retour-au-travail\\\/\",\"url\":\"https:\\\/\\\/www.lactissima.com\\\/a-tire-d-ailes\\\/anticiper-le-retour-au-travail\\\/\",\"name\":\"anticiper le retour au travail\",\"isPartOf\":{\"@id\":\"https:\\\/\\\/www.lactissima.com\\\/a-tire-d-ailes\\\/#website\"},\"primaryImageOfPage\":{\"@id\":\"https:\\\/\\\/www.lactissima.com\\\/a-tire-d-ailes\\\/anticiper-le-retour-au-travail\\\/#primaryimage\"},\"image\":{\"@id\":\"https:\\\/\\\/www.lactissima.com\\\/a-tire-d-ailes\\\/anticiper-le-retour-au-travail\\\/#primaryimage\"},\"thumbnailUrl\":\"https:\\\/\\\/www.lactissima.com\\\/a-tire-d-ailes\\\/wp-content\\\/uploads\\\/IMG_4170.JPG\",\"datePublished\":\"2009-09-12T12:56:29+00:00\",\"dateModified\":\"2016-08-03T17:24:48+00:00\",\"author\":{\"@id\":\"https:\\\/\\\/www.lactissima.com\\\/a-tire-d-ailes\\\/#\\\/schema\\\/person\\\/8f98d3a89530861bc1240e6d53d44eed\"},\"description\":\"La plupart des m\u00e8res souhaitent que tout se passe au mieux lors de la reprise du travail. Elles souhaitent alors se pr\u00e9parer au maximum. Faut-il anticiper le retour au travail ?\",\"breadcrumb\":{\"@id\":\"https:\\\/\\\/www.lactissima.com\\\/a-tire-d-ailes\\\/anticiper-le-retour-au-travail\\\/#breadcrumb\"},\"inLanguage\":\"fr-FR\",\"potentialAction\":[{\"@type\":\"ReadAction\",\"target\":[\"https:\\\/\\\/www.lactissima.com\\\/a-tire-d-ailes\\\/anticiper-le-retour-au-travail\\\/\"]}]},{\"@type\":\"ImageObject\",\"inLanguage\":\"fr-FR\",\"@id\":\"https:\\\/\\\/www.lactissima.com\\\/a-tire-d-ailes\\\/anticiper-le-retour-au-travail\\\/#primaryimage\",\"url\":\"https:\\\/\\\/www.lactissima.com\\\/a-tire-d-ailes\\\/wp-content\\\/uploads\\\/IMG_4170.JPG\",\"contentUrl\":\"https:\\\/\\\/www.lactissima.com\\\/a-tire-d-ailes\\\/wp-content\\\/uploads\\\/IMG_4170.JPG\",\"width\":\"448\",\"height\":\"333\"},{\"@type\":\"BreadcrumbList\",\"@id\":\"https:\\\/\\\/www.lactissima.com\\\/a-tire-d-ailes\\\/anticiper-le-retour-au-travail\\\/#breadcrumb\",\"itemListElement\":[{\"@type\":\"ListItem\",\"position\":1,\"name\":\"Accueil\",\"item\":\"https:\\\/\\\/www.lactissima.com\\\/a-tire-d-ailes\\\/\"},{\"@type\":\"ListItem\",\"position\":2,\"name\":\"Faut-il anticiper son retour au travail ?\"}]},{\"@type\":\"WebSite\",\"@id\":\"https:\\\/\\\/www.lactissima.com\\\/a-tire-d-ailes\\\/#website\",\"url\":\"https:\\\/\\\/www.lactissima.com\\\/a-tire-d-ailes\\\/\",\"name\":\"A tire d&#039;Ailes\",\"description\":\"Le blog des femmes qui allaitent et travaillent.\",\"potentialAction\":[{\"@type\":\"SearchAction\",\"target\":{\"@type\":\"EntryPoint\",\"urlTemplate\":\"https:\\\/\\\/www.lactissima.com\\\/a-tire-d-ailes\\\/?s={search_term_string}\"},\"query-input\":{\"@type\":\"PropertyValueSpecification\",\"valueRequired\":true,\"valueName\":\"search_term_string\"}}],\"inLanguage\":\"fr-FR\"},{\"@type\":\"Person\",\"@id\":\"https:\\\/\\\/www.lactissima.com\\\/a-tire-d-ailes\\\/#\\\/schema\\\/person\\\/8f98d3a89530861bc1240e6d53d44eed\",\"name\":\"V\u00e9ronique Darmangeat\",\"image\":{\"@type\":\"ImageObject\",\"inLanguage\":\"fr-FR\",\"@id\":\"https:\\\/\\\/secure.gravatar.com\\\/avatar\\\/268c99344c89cebfe4f5df5fa8be43068a18884fc76a29f3206fae98465b9cab?s=96&d=identicon&r=g\",\"url\":\"https:\\\/\\\/secure.gravatar.com\\\/avatar\\\/268c99344c89cebfe4f5df5fa8be43068a18884fc76a29f3206fae98465b9cab?s=96&d=identicon&r=g\",\"contentUrl\":\"https:\\\/\\\/secure.gravatar.com\\\/avatar\\\/268c99344c89cebfe4f5df5fa8be43068a18884fc76a29f3206fae98465b9cab?s=96&d=identicon&r=g\",\"caption\":\"V\u00e9ronique Darmangeat\"},\"sameAs\":[\"https:\\\/\\\/www.lactissima.com\\\/a-tire-d-ailes\",\"www.facebook.com\\\/consultante.en.lactation\"]}]}<\/script>\n<!-- \/ Yoast SEO plugin. -->","yoast_head_json":{"title":"anticiper le retour au travail","description":"La plupart des m\u00e8res souhaitent que tout se passe au mieux lors de la reprise du travail. Elles souhaitent alors se pr\u00e9parer au maximum. Faut-il anticiper le retour au travail ?","robots":{"index":"index","follow":"follow","max-snippet":"max-snippet:-1","max-image-preview":"max-image-preview:large","max-video-preview":"max-video-preview:-1"},"canonical":"https:\/\/www.lactissima.com\/a-tire-d-ailes\/anticiper-le-retour-au-travail\/","og_locale":"fr_FR","og_type":"article","og_title":"anticiper le retour au travail","og_description":"La plupart des m\u00e8res souhaitent que tout se passe au mieux lors de la reprise du travail. Elles souhaitent alors se pr\u00e9parer au maximum. Faut-il anticiper le retour au travail ?","og_url":"https:\/\/www.lactissima.com\/a-tire-d-ailes\/anticiper-le-retour-au-travail\/","og_site_name":"A tire d&#039;Ailes","article_publisher":"https:\/\/www.facebook.com\/consultante.en.lactation","article_author":"www.facebook.com\/consultante.en.lactation","article_published_time":"2009-09-12T12:56:29+00:00","article_modified_time":"2016-08-03T17:24:48+00:00","og_image":[{"width":448,"height":333,"url":"https:\/\/www.lactissima.com\/a-tire-d-ailes\/wp-content\/uploads\/IMG_4170.JPG","type":"image\/jpeg"}],"author":"V\u00e9ronique Darmangeat","twitter_card":"summary_large_image","twitter_creator":"@VeroniqueIBCLC","twitter_site":"@VeroniqueIBCLC","twitter_misc":{"\u00c9crit par":"V\u00e9ronique Darmangeat","Dur\u00e9e de lecture estim\u00e9e":"3 minutes"},"schema":{"@context":"https:\/\/schema.org","@graph":[{"@type":"Article","@id":"https:\/\/www.lactissima.com\/a-tire-d-ailes\/anticiper-le-retour-au-travail\/#article","isPartOf":{"@id":"https:\/\/www.lactissima.com\/a-tire-d-ailes\/anticiper-le-retour-au-travail\/"},"author":{"name":"V\u00e9ronique Darmangeat","@id":"https:\/\/www.lactissima.com\/a-tire-d-ailes\/#\/schema\/person\/8f98d3a89530861bc1240e6d53d44eed"},"headline":"Faut-il anticiper son retour au travail ?","datePublished":"2009-09-12T12:56:29+00:00","dateModified":"2016-08-03T17:24:48+00:00","mainEntityOfPage":{"@id":"https:\/\/www.lactissima.com\/a-tire-d-ailes\/anticiper-le-retour-au-travail\/"},"wordCount":588,"commentCount":9,"image":{"@id":"https:\/\/www.lactissima.com\/a-tire-d-ailes\/anticiper-le-retour-au-travail\/#primaryimage"},"thumbnailUrl":"https:\/\/www.lactissima.com\/a-tire-d-ailes\/wp-content\/uploads\/IMG_4170.JPG","keywords":["anticiper le retour au travail"],"articleSection":["Allaitement","Allaitement et Travail","Articulation Vie Professionnelle Vie Famille","Mat\u00e9riel","Passage au biberon","Sevrage","Vie de famille"],"inLanguage":"fr-FR","potentialAction":[{"@type":"CommentAction","name":"Comment","target":["https:\/\/www.lactissima.com\/a-tire-d-ailes\/anticiper-le-retour-au-travail\/#respond"]}]},{"@type":"WebPage","@id":"https:\/\/www.lactissima.com\/a-tire-d-ailes\/anticiper-le-retour-au-travail\/","url":"https:\/\/www.lactissima.com\/a-tire-d-ailes\/anticiper-le-retour-au-travail\/","name":"anticiper le retour au travail","isPartOf":{"@id":"https:\/\/www.lactissima.com\/a-tire-d-ailes\/#website"},"primaryImageOfPage":{"@id":"https:\/\/www.lactissima.com\/a-tire-d-ailes\/anticiper-le-retour-au-travail\/#primaryimage"},"image":{"@id":"https:\/\/www.lactissima.com\/a-tire-d-ailes\/anticiper-le-retour-au-travail\/#primaryimage"},"thumbnailUrl":"https:\/\/www.lactissima.com\/a-tire-d-ailes\/wp-content\/uploads\/IMG_4170.JPG","datePublished":"2009-09-12T12:56:29+00:00","dateModified":"2016-08-03T17:24:48+00:00","author":{"@id":"https:\/\/www.lactissima.com\/a-tire-d-ailes\/#\/schema\/person\/8f98d3a89530861bc1240e6d53d44eed"},"description":"La plupart des m\u00e8res souhaitent que tout se passe au mieux lors de la reprise du travail. Elles souhaitent alors se pr\u00e9parer au maximum. Faut-il anticiper le retour au travail ?","breadcrumb":{"@id":"https:\/\/www.lactissima.com\/a-tire-d-ailes\/anticiper-le-retour-au-travail\/#breadcrumb"},"inLanguage":"fr-FR","potentialAction":[{"@type":"ReadAction","target":["https:\/\/www.lactissima.com\/a-tire-d-ailes\/anticiper-le-retour-au-travail\/"]}]},{"@type":"ImageObject","inLanguage":"fr-FR","@id":"https:\/\/www.lactissima.com\/a-tire-d-ailes\/anticiper-le-retour-au-travail\/#primaryimage","url":"https:\/\/www.lactissima.com\/a-tire-d-ailes\/wp-content\/uploads\/IMG_4170.JPG","contentUrl":"https:\/\/www.lactissima.com\/a-tire-d-ailes\/wp-content\/uploads\/IMG_4170.JPG","width":"448","height":"333"},{"@type":"BreadcrumbList","@id":"https:\/\/www.lactissima.com\/a-tire-d-ailes\/anticiper-le-retour-au-travail\/#breadcrumb","itemListElement":[{"@type":"ListItem","position":1,"name":"Accueil","item":"https:\/\/www.lactissima.com\/a-tire-d-ailes\/"},{"@type":"ListItem","position":2,"name":"Faut-il anticiper son retour au travail ?"}]},{"@type":"WebSite","@id":"https:\/\/www.lactissima.com\/a-tire-d-ailes\/#website","url":"https:\/\/www.lactissima.com\/a-tire-d-ailes\/","name":"A tire d&#039;Ailes","description":"Le blog des femmes qui allaitent et travaillent.","potentialAction":[{"@type":"SearchAction","target":{"@type":"EntryPoint","urlTemplate":"https:\/\/www.lactissima.com\/a-tire-d-ailes\/?s={search_term_string}"},"query-input":{"@type":"PropertyValueSpecification","valueRequired":true,"valueName":"search_term_string"}}],"inLanguage":"fr-FR"},{"@type":"Person","@id":"https:\/\/www.lactissima.com\/a-tire-d-ailes\/#\/schema\/person\/8f98d3a89530861bc1240e6d53d44eed","name":"V\u00e9ronique Darmangeat","image":{"@type":"ImageObject","inLanguage":"fr-FR","@id":"https:\/\/secure.gravatar.com\/avatar\/268c99344c89cebfe4f5df5fa8be43068a18884fc76a29f3206fae98465b9cab?s=96&d=identicon&r=g","url":"https:\/\/secure.gravatar.com\/avatar\/268c99344c89cebfe4f5df5fa8be43068a18884fc76a29f3206fae98465b9cab?s=96&d=identicon&r=g","contentUrl":"https:\/\/secure.gravatar.com\/avatar\/268c99344c89cebfe4f5df5fa8be43068a18884fc76a29f3206fae98465b9cab?s=96&d=identicon&r=g","caption":"V\u00e9ronique Darmangeat"},"sameAs":["https:\/\/www.lactissima.com\/a-tire-d-ailes","www.facebook.com\/consultante.en.lactation"]}]}},"_links":{"self":[{"href":"https:\/\/www.lactissima.com\/a-tire-d-ailes\/wp-json\/wp\/v2\/posts\/614","targetHints":{"allow":["GET"]}}],"collection":[{"href":"https:\/\/www.lactissima.com\/a-tire-d-ailes\/wp-json\/wp\/v2\/posts"}],"about":[{"href":"https:\/\/www.lactissima.com\/a-tire-d-ailes\/wp-json\/wp\/v2\/types\/post"}],"author":[{"embeddable":true,"href":"https:\/\/www.lactissima.com\/a-tire-d-ailes\/wp-json\/wp\/v2\/users\/170"}],"replies":[{"embeddable":true,"href":"https:\/\/www.lactissima.com\/a-tire-d-ailes\/wp-json\/wp\/v2\/comments?post=614"}],"version-history":[{"count":21,"href":"https:\/\/www.lactissima.com\/a-tire-d-ailes\/wp-json\/wp\/v2\/posts\/614\/revisions"}],"predecessor-version":[{"id":6842,"href":"https:\/\/www.lactissima.com\/a-tire-d-ailes\/wp-json\/wp\/v2\/posts\/614\/revisions\/6842"}],"wp:featuredmedia":[{"embeddable":true,"href":"https:\/\/www.lactissima.com\/a-tire-d-ailes\/wp-json\/wp\/v2\/media\/618"}],"wp:attachment":[{"href":"https:\/\/www.lactissima.com\/a-tire-d-ailes\/wp-json\/wp\/v2\/media?parent=614"}],"wp:term":[{"taxonomy":"category","embeddable":true,"href":"https:\/\/www.lactissima.com\/a-tire-d-ailes\/wp-json\/wp\/v2\/categories?post=614"},{"taxonomy":"post_tag","embeddable":true,"href":"https:\/\/www.lactissima.com\/a-tire-d-ailes\/wp-json\/wp\/v2\/tags?post=614"}],"curies":[{"name":"wp","href":"https:\/\/api.w.org\/{rel}","templated":true}]}}