{"id":6121,"date":"2015-01-22T14:51:41","date_gmt":"2015-01-22T13:51:41","guid":{"rendered":"https:\/\/www.lactissima.com\/a-tire-d-ailes\/?p=6121"},"modified":"2015-01-22T14:51:41","modified_gmt":"2015-01-22T13:51:41","slug":"allaiter-et-travailler-le-temoignage-danne-2","status":"publish","type":"post","link":"https:\/\/www.lactissima.com\/a-tire-d-ailes\/allaiter-et-travailler-le-temoignage-danne-2\/","title":{"rendered":"Allaiter et travailler : le t\u00e9moignage d&rsquo;Anne"},"content":{"rendered":"<div style=\"text-align: justify;\"><img loading=\"lazy\" decoding=\"async\" class=\"alignright size-full wp-image-6123\" src=\"https:\/\/www.lactissima.com\/a-tire-d-ailes\/wp-content\/uploads\/2015\/01\/anne.jpg\" alt=\"allaitement et travail\" width=\"240\" height=\"374\" srcset=\"https:\/\/www.lactissima.com\/a-tire-d-ailes\/wp-content\/uploads\/2015\/01\/anne.jpg 240w, https:\/\/www.lactissima.com\/a-tire-d-ailes\/wp-content\/uploads\/2015\/01\/anne-193x300.jpg 193w\" sizes=\"(max-width: 240px) 100vw, 240px\" \/>J&rsquo;ai 40 ans et je suis maman de deux enfants, deux gar\u00e7ons de 6 ans et 15 mois.<\/div>\n<div style=\"text-align: justify;\">Je suis aussi m\u00e9decin g\u00e9n\u00e9raliste install\u00e9e en lib\u00e9ral depuis 2002, autant dire que pour moi les cong\u00e9s de maternit\u00e9s \u00c2\u00ab l\u00e9gaux \u00c2\u00bb sont un doux r\u00eave <\/div>\n<div style=\"text-align: justify;\"><span style=\"color: #ffffff;\">..<\/span><\/div>\n<div style=\"text-align: justify;\"><strong>Quel choix avez-vous fait au moment de la reprise du travail : sevrage ou poursuite de l&rsquo;allaitement ? Pourquoi ?<\/strong><\/div>\n<div style=\"text-align: justify;\"><span style=\"color: #ffffff;\"> ..<\/span><\/div>\n<div style=\"text-align: justify;\">J&rsquo;ai accouch\u00e9 \u00e0 terme de mon premier en f\u00e9vrier 2008, et j&rsquo;ai travaill\u00e9 encore la veille de mon accouchement. L&rsquo;allaitement \u00e9tait pour moi une \u00e9vidence, aussi je ne me suis pos\u00e9 aucune question et j&rsquo;ai d\u00e9but\u00e9 mon allaitement d\u00e8s la salle d&rsquo;accouchement. Les d\u00e9buts ont \u00e9t\u00e9 tr\u00e8s difficiles, il n&rsquo;arrivait pas \u00e0 t\u00e9ter mon sein (j&rsquo;ai compris bien plus tard que le probl\u00e8me venait du compl\u00e9ment de pr\u00e9paration pour nourrisson donn\u00e9 au biberon que la puer lui avait spontan\u00e9ment donn\u00e9 en salle d&rsquo;accouchement) et cela a dur\u00e9 24h.<br \/>\nJe n&rsquo;ai pas c\u00e9d\u00e9 aux pressions des diff\u00e9rentes pu\u00e9ricultrices, exig\u00e9 un tire-lait (on m&rsquo;a apport\u00e9 une antiquit\u00e9 des ann\u00e9es 50 mais qui fonctionnait encore tant bien que mal), donn\u00e9 mon lait \u00e0 la seringue et \u00e0 la cuill\u00e8re. Le lendemain il a fini par r\u00e9ussir \u00e0 prendre mon sein, et tout s&rsquo;est mis en route.<br \/>\nSauf que, l\u00e0 encore mal entour\u00e9e, personne n&rsquo;avait d\u00e9tect\u00e9 un frein de langue trop court, et les crevasses se sont invit\u00e9es rapidement l\u00e0 encore ma motivation a pris le dessus et j&rsquo;ai persist\u00e9 malgr\u00e9 les douleurs.<br \/>\nEtant compl\u00e8tement novice et d\u00e9sinform\u00e9e dans le domaine de l&rsquo;allaitement, \u00e7a a mis 5 mois pour qu&rsquo;une connaissance remarque un jour par hasard ce probl\u00e8me de langue chez mon b\u00e9b\u00e9. Ca a pris 10 jours pour cicatriser une fois le frein sectionn\u00e9 <\/div>\n<div style=\"text-align: justify;\">Et mon travail dans tout \u00e7a ??<\/div>\n<div style=\"text-align: justify;\"><span style=\"color: #ffffff;\"> ..<\/span><\/div>\n<div style=\"text-align: justify;\"><strong>Comment vous \u00eates-vous organis\u00e9e ?<\/strong><\/div>\n<div style=\"text-align: justify;\"><span style=\"color: #ffffff;\"> ..<\/span><\/div>\n<div style=\"text-align: justify;\">Et bien j&rsquo;ai repris mon activit\u00e9 \u00e0 temps plein 5 semaines apr\u00e8s avoir accouch\u00e9. J&rsquo;ai la chance d&rsquo;habiter au dessus de mon cabinet m\u00e9dical, et j&rsquo;ai donc mobilis\u00e9 papa, mamie et nounou pour garder mon petit bout chez moi. Pendant 2 mois on me l&rsquo;a amen\u00e9 au cabinet d\u00e8s qu&rsquo;il avait faim, je l&rsquo;ai donc allait\u00e9 dans mon bureau la journ\u00e9e, le reste du temps chez moi, je n&rsquo;avais pas besoin de tirer mon lait.<\/div>\n<div style=\"text-align: justify;\">Ayant \u00e0 l&rsquo;\u00e9poque en plus une activit\u00e9 salari\u00e9e dans un service d&rsquo;urgences, j&rsquo;ai du y reprendre mon travail 10 semaines apr\u00e8s mon accouchement, et par contre l\u00e0 je tirais mon lait 2 fois pendant la journ\u00e9e, je stockais le lait au r\u00e9frig\u00e9rateur du service et parfois mon homme me ramenait le b\u00e9b\u00e9 pour que je puisse directement lui donner le sein dans une chambre de garde, ou \u00e0 l&rsquo;office. Je n&rsquo;ai pas demand\u00e9 l&rsquo;accord de quiconque, et personne n&rsquo;est venu me reprocher quoi que ce soit au service, au contraire, tout le monde \u00e9tait admiratif.<\/div>\n<div style=\"text-align: justify;\">J&rsquo;ai allait\u00e9 exclusivement 6 mois, puis au moment de la diversification j&rsquo;ai introduit un lait artificiel et n&rsquo;ai gard\u00e9 que les t\u00e9t\u00e9es du matin et du soir pendant 4 mois, puis uniquement la t\u00e9t\u00e9e du soir. J&rsquo;ai allait\u00e9 mon premier au final 14 mois.<\/div>\n<div style=\"text-align: justify;\"><span style=\"color: #ffffff;\"> ..<\/span><\/div>\n<div style=\"text-align: justify;\">Pour mon deuxi\u00e8me, j&rsquo;ai pris les devants. J&rsquo;ai r\u00e9ussi \u00e0 trouver des rempla\u00e7ants pour une dur\u00e9e totale de 11 semaines. J&rsquo;ai accouch\u00e9 en septembre 2013 et j&rsquo;ai donc pu avoir 8 semaines de cong\u00e9 post-natal. L&rsquo;allaitement s&rsquo;est tr\u00e8s bien mis en place (malgr\u00e9 une absence totale d&rsquo;int\u00e9r\u00eat des pu\u00e9ricultrices au service de maternit\u00e9), les notions de base sont vite revenues, et je me suis beaucoup inform\u00e9e sur les diff\u00e9rents sites internet et blogs que j&rsquo;ai pu trouver.<\/div>\n<div style=\"text-align: justify;\">J&rsquo;avais entre temps chang\u00e9 de poste salari\u00e9 et pris un poste de m\u00e9decin coordonnateur dans une maison de retraite, \u00e0 la place de mon poste aux urgences. La directrice de cet EHPAD \u00e9tant tr\u00e8s compr\u00e9hensive et ancienne maman allaitante, elle m&rsquo;a permis de continuer mon allaitement sur place (j&#8217;emmenais b\u00e9b\u00e9 2 \u00e0 la maison de retraite toute la journ\u00e9e!!! ). J&rsquo;ai refais comme avec mon premier pendant mon travail au cabinet. On me l&rsquo;amenait au bureau. J&rsquo;ai commenc\u00e9 \u00e0 tirer mon lait apr\u00e8s 3 mois, car ce syst\u00e8me de garde \u00e0 domicile n&rsquo;\u00e9tait plus possible plus longtemps et j\u00e2\u20ac\u02dcai du le mettre chez une nourrice la journ\u00e9e.<\/div>\n<div style=\"text-align: justify;\"><span style=\"color: #ffffff;\"> ..<\/span><\/div>\n<div style=\"text-align: justify;\">Je tirais sur un sein le matin, en l&rsquo;allaitant de l&rsquo;autre c\u00f4t\u00e9 simultan\u00e9ment. Je tirais ensuite \u00e0 midi, \u00e0 16h et lui donnait le sein le soir. Le seul souci que j&rsquo;ai rencontr\u00e9 est qu&rsquo;il a refus\u00e9 le biberon pendant 15 jours. Il n&rsquo;a pris mon lait d&rsquo;aucune mani\u00e8re. Il a fini par accepter apr\u00e8s moultes essais de biberons, t\u00e9tines, soft cup, cuill\u00e8res, pipettes .<\/div>\n<div style=\"text-align: justify;\">Il a pris ensuite sans souci au biberon pendant plusieurs mois, pour ensuite le refuser \u00e0 nouveau d&rsquo;un coup quand il a eu 9 mois. Et depuis plus moyen de lui donner du lait. J&rsquo;ai donc arr\u00eat\u00e9 de tirer, j&rsquo;ai \u00c2\u00ab cuisin\u00e9 \u00c2\u00bb  le lait que j&rsquo;avais mis au cong\u00e9lateur, sous forme de cr\u00e8mes desserts. D\u00e9sormais je ne tire que lorsque je dois passer plus de 48h \u00e9loign\u00e9e de mon fils, et je lui ach\u00e8te des yaourts au lait artificiel pour compl\u00e9ter.<\/div>\n<div style=\"text-align: justify;\">Il a 15 mois, et continue \u00e0 t\u00e9ter matin et soir. Je n&rsquo;ai pas encore d&rsquo;envie de sevrage.<\/div>\n<div style=\"text-align: justify;\"><span style=\"color: #ffffff;\"> ..<\/span><\/div>\n<div style=\"text-align: justify;\">Malgr\u00e9 une charge de travail au cabinet tr\u00e8s importante (mon associ\u00e9 est parti en retraite d\u00e9but 2014), mon travail de salari\u00e9e \u00e0 l&rsquo;EHPAD et tous les autres imp\u00e9ratifs communs \u00e0 toutes les mamans de plusieurs enfants, je ne regrette absolument pas mon choix d&rsquo;allaiter.<\/div>\n<div style=\"text-align: justify;\">Je pense que l&rsquo;allaitement maternel est la chose la meilleure qui soit pour un b\u00e9b\u00e9. En dehors du fait qu&rsquo;il apporte exactement ce dont un nouveau-n\u00e9 a besoin, de tous les b\u00e9n\u00e9fices m\u00e9dicaux connus et encore \u00e0 d\u00e9couvrir, l&rsquo;allaitement maternel cr\u00e9e des liens et une interaction diff\u00e9rents de ceux cr\u00e9\u00e9s dans l&rsquo;allaitement artificiel, enfin c&rsquo;est mon point de vue.<\/div>\n<div style=\"text-align: justify;\"><span style=\"color: #ffffff;\"> ..<\/span><\/div>\n<div style=\"text-align: justify;\"><strong>Qu&rsquo;est-ce que vous souhaiteriez dire aux mamans qui doivent faire un choix dans les semaines \u00e0 venir ?<\/strong><\/div>\n<div style=\"text-align: justify;\"><span style=\"color: #ffffff;\"> ..<\/span><\/div>\n<div style=\"text-align: justify;\">Je pense que tout est possible, si on est vraiment motiv\u00e9e et soutenue par son entourage. Il ne faut pas h\u00e9siter \u00e0 demander de l&rsquo;aide si on rencontre des difficult\u00e9s. J&rsquo;ai \u00e9t\u00e9 voir une consultante en lactation pour mon deuxi\u00e8me, et gr\u00e2ce \u00e0 ses conseils j&rsquo;ai pu venir \u00e0 bout d&rsquo;une crevasse irr\u00e9ductible (et cette fois il n&rsquo;y avait pas de souci de frein de langue !)<\/div>\n<div style=\"text-align: justify;\"><span style=\"color: #ffffff;\"> ..<\/span><\/div>\n<div style=\"text-align: justify;\"><strong>Ce serait \u00e0 refaire, vous referiez le m\u00eame choix ? Que changeriez-vous ?<\/strong><\/div>\n<div style=\"text-align: justify;\"><span style=\"color: #ffffff;\"> ..<\/span><\/div>\n<div style=\"text-align: justify;\">Si c&rsquo;\u00e9tait \u00e0 refaire, je referais exactement la m\u00eame chose que pour mon deuxi\u00e8me. Je regrette juste de ne pas avoir allait\u00e9 mon premier plus longtemps, m\u00eame si 14 mois c&rsquo;\u00e9tait d\u00e9j\u00e0 pas mal \ud83d\ude42<\/div>\n<div style=\"text-align: justify;\"><span style=\"color: #ffffff;\">  ..<\/span><\/div>\n<div style=\"text-align: justify;\">\n<p><strong>Articles en rapport :<\/strong><\/p>\n<ul>\n<li>Voir l&rsquo;onglet <a title=\"T\u00e9moignages\" href=\"https:\/\/www.lactissima.com\/a-tire-d-ailes\/temoignages-travail-et-allaitement\/\" target=\"_blank\">t\u00e9moignages<\/a><\/li>\n<\/ul>\n<p><span style=\"color: #ffffff;\"> ..<\/span><\/p>\n<\/div>\n","protected":false},"excerpt":{"rendered":"<p>J&rsquo;ai 40 ans et je suis maman de deux enfants, deux gar\u00e7ons de 6 ans et 15 mois. Je suis aussi m\u00e9decin g\u00e9n\u00e9raliste install\u00e9e en lib\u00e9ral depuis 2002, autant dire que pour moi les cong\u00e9s de maternit\u00e9s \u00c2\u00ab l\u00e9gaux \u00c2\u00bb sont un doux r\u00eave .. Quel choix avez-vous fait au moment de la reprise du [&hellip;]<\/p>\n","protected":false},"author":170,"featured_media":6123,"comment_status":"open","ping_status":"open","sticky":false,"template":"","format":"standard","meta":{"_et_pb_use_builder":"","_et_pb_old_content":"","_et_gb_content_width":"","footnotes":""},"categories":[150],"tags":[681],"class_list":["post-6121","post","type-post","status-publish","format-standard","has-post-thumbnail","hentry","category-temoignages","tag-allaitement-et-travail"],"yoast_head":"<!-- This site is optimized with the Yoast SEO plugin v27.4 - https:\/\/yoast.com\/product\/yoast-seo-wordpress\/ -->\n<title>Allaiter et travailler : le t\u00e9moignage d&#039;Anne<\/title>\n<meta name=\"description\" content=\"Anne est m\u00e9decin g\u00e9n\u00e9raliste. Elle a poursuivi l&#039;allaitement \u00e0 la reprise du travail pour ses deux enfants selon des modalit\u00e9s variables.\" \/>\n<meta name=\"robots\" content=\"index, follow, max-snippet:-1, max-image-preview:large, max-video-preview:-1\" \/>\n<link rel=\"canonical\" href=\"https:\/\/www.lactissima.com\/a-tire-d-ailes\/allaiter-et-travailler-le-temoignage-danne-2\/\" \/>\n<meta property=\"og:locale\" content=\"fr_FR\" \/>\n<meta property=\"og:type\" content=\"article\" \/>\n<meta property=\"og:title\" content=\"Allaiter et travailler : le t\u00e9moignage d&#039;Anne\" \/>\n<meta property=\"og:description\" content=\"Anne est m\u00e9decin g\u00e9n\u00e9raliste. Elle a poursuivi l&#039;allaitement \u00e0 la reprise du travail pour ses deux enfants selon des modalit\u00e9s variables.\" \/>\n<meta property=\"og:url\" content=\"https:\/\/www.lactissima.com\/a-tire-d-ailes\/allaiter-et-travailler-le-temoignage-danne-2\/\" \/>\n<meta property=\"og:site_name\" content=\"A tire d&#039;Ailes\" \/>\n<meta property=\"article:publisher\" content=\"https:\/\/www.facebook.com\/consultante.en.lactation\" \/>\n<meta property=\"article:author\" content=\"www.facebook.com\/consultante.en.lactation\" \/>\n<meta property=\"article:published_time\" content=\"2015-01-22T13:51:41+00:00\" \/>\n<meta property=\"og:image\" content=\"https:\/\/www.lactissima.com\/a-tire-d-ailes\/wp-content\/uploads\/2015\/01\/anne.jpg\" \/>\n\t<meta property=\"og:image:width\" content=\"240\" \/>\n\t<meta property=\"og:image:height\" content=\"374\" \/>\n\t<meta property=\"og:image:type\" content=\"image\/jpeg\" \/>\n<meta name=\"author\" content=\"V\u00e9ronique Darmangeat\" \/>\n<meta name=\"twitter:card\" content=\"summary_large_image\" \/>\n<meta name=\"twitter:creator\" content=\"@VeroniqueIBCLC\" \/>\n<meta name=\"twitter:site\" content=\"@VeroniqueIBCLC\" \/>\n<meta name=\"twitter:label1\" content=\"\u00c9crit par\" \/>\n\t<meta name=\"twitter:data1\" content=\"V\u00e9ronique Darmangeat\" \/>\n\t<meta name=\"twitter:label2\" content=\"Dur\u00e9e de lecture estim\u00e9e\" \/>\n\t<meta name=\"twitter:data2\" content=\"6 minutes\" \/>\n<script type=\"application\/ld+json\" class=\"yoast-schema-graph\">{\"@context\":\"https:\\\/\\\/schema.org\",\"@graph\":[{\"@type\":\"Article\",\"@id\":\"https:\\\/\\\/www.lactissima.com\\\/a-tire-d-ailes\\\/allaiter-et-travailler-le-temoignage-danne-2\\\/#article\",\"isPartOf\":{\"@id\":\"https:\\\/\\\/www.lactissima.com\\\/a-tire-d-ailes\\\/allaiter-et-travailler-le-temoignage-danne-2\\\/\"},\"author\":{\"name\":\"V\u00e9ronique Darmangeat\",\"@id\":\"https:\\\/\\\/www.lactissima.com\\\/a-tire-d-ailes\\\/#\\\/schema\\\/person\\\/8f98d3a89530861bc1240e6d53d44eed\"},\"headline\":\"Allaiter et travailler : le t\u00e9moignage d&rsquo;Anne\",\"datePublished\":\"2015-01-22T13:51:41+00:00\",\"mainEntityOfPage\":{\"@id\":\"https:\\\/\\\/www.lactissima.com\\\/a-tire-d-ailes\\\/allaiter-et-travailler-le-temoignage-danne-2\\\/\"},\"wordCount\":1229,\"commentCount\":10,\"image\":{\"@id\":\"https:\\\/\\\/www.lactissima.com\\\/a-tire-d-ailes\\\/allaiter-et-travailler-le-temoignage-danne-2\\\/#primaryimage\"},\"thumbnailUrl\":\"https:\\\/\\\/www.lactissima.com\\\/a-tire-d-ailes\\\/wp-content\\\/uploads\\\/2015\\\/01\\\/anne.jpg\",\"keywords\":[\"Allaitement et Travail\"],\"articleSection\":[\"t\u00e9moignages\"],\"inLanguage\":\"fr-FR\",\"potentialAction\":[{\"@type\":\"CommentAction\",\"name\":\"Comment\",\"target\":[\"https:\\\/\\\/www.lactissima.com\\\/a-tire-d-ailes\\\/allaiter-et-travailler-le-temoignage-danne-2\\\/#respond\"]}]},{\"@type\":\"WebPage\",\"@id\":\"https:\\\/\\\/www.lactissima.com\\\/a-tire-d-ailes\\\/allaiter-et-travailler-le-temoignage-danne-2\\\/\",\"url\":\"https:\\\/\\\/www.lactissima.com\\\/a-tire-d-ailes\\\/allaiter-et-travailler-le-temoignage-danne-2\\\/\",\"name\":\"Allaiter et travailler : le t\u00e9moignage d'Anne\",\"isPartOf\":{\"@id\":\"https:\\\/\\\/www.lactissima.com\\\/a-tire-d-ailes\\\/#website\"},\"primaryImageOfPage\":{\"@id\":\"https:\\\/\\\/www.lactissima.com\\\/a-tire-d-ailes\\\/allaiter-et-travailler-le-temoignage-danne-2\\\/#primaryimage\"},\"image\":{\"@id\":\"https:\\\/\\\/www.lactissima.com\\\/a-tire-d-ailes\\\/allaiter-et-travailler-le-temoignage-danne-2\\\/#primaryimage\"},\"thumbnailUrl\":\"https:\\\/\\\/www.lactissima.com\\\/a-tire-d-ailes\\\/wp-content\\\/uploads\\\/2015\\\/01\\\/anne.jpg\",\"datePublished\":\"2015-01-22T13:51:41+00:00\",\"author\":{\"@id\":\"https:\\\/\\\/www.lactissima.com\\\/a-tire-d-ailes\\\/#\\\/schema\\\/person\\\/8f98d3a89530861bc1240e6d53d44eed\"},\"description\":\"Anne est m\u00e9decin g\u00e9n\u00e9raliste. Elle a poursuivi l'allaitement \u00e0 la reprise du travail pour ses deux enfants selon des modalit\u00e9s variables.\",\"breadcrumb\":{\"@id\":\"https:\\\/\\\/www.lactissima.com\\\/a-tire-d-ailes\\\/allaiter-et-travailler-le-temoignage-danne-2\\\/#breadcrumb\"},\"inLanguage\":\"fr-FR\",\"potentialAction\":[{\"@type\":\"ReadAction\",\"target\":[\"https:\\\/\\\/www.lactissima.com\\\/a-tire-d-ailes\\\/allaiter-et-travailler-le-temoignage-danne-2\\\/\"]}]},{\"@type\":\"ImageObject\",\"inLanguage\":\"fr-FR\",\"@id\":\"https:\\\/\\\/www.lactissima.com\\\/a-tire-d-ailes\\\/allaiter-et-travailler-le-temoignage-danne-2\\\/#primaryimage\",\"url\":\"https:\\\/\\\/www.lactissima.com\\\/a-tire-d-ailes\\\/wp-content\\\/uploads\\\/2015\\\/01\\\/anne.jpg\",\"contentUrl\":\"https:\\\/\\\/www.lactissima.com\\\/a-tire-d-ailes\\\/wp-content\\\/uploads\\\/2015\\\/01\\\/anne.jpg\",\"width\":240,\"height\":374,\"caption\":\"allaitement et travail\"},{\"@type\":\"BreadcrumbList\",\"@id\":\"https:\\\/\\\/www.lactissima.com\\\/a-tire-d-ailes\\\/allaiter-et-travailler-le-temoignage-danne-2\\\/#breadcrumb\",\"itemListElement\":[{\"@type\":\"ListItem\",\"position\":1,\"name\":\"Accueil\",\"item\":\"https:\\\/\\\/www.lactissima.com\\\/a-tire-d-ailes\\\/\"},{\"@type\":\"ListItem\",\"position\":2,\"name\":\"Allaiter et travailler : le t\u00e9moignage d&rsquo;Anne\"}]},{\"@type\":\"WebSite\",\"@id\":\"https:\\\/\\\/www.lactissima.com\\\/a-tire-d-ailes\\\/#website\",\"url\":\"https:\\\/\\\/www.lactissima.com\\\/a-tire-d-ailes\\\/\",\"name\":\"A tire d&#039;Ailes\",\"description\":\"Le blog des femmes qui allaitent et travaillent.\",\"potentialAction\":[{\"@type\":\"SearchAction\",\"target\":{\"@type\":\"EntryPoint\",\"urlTemplate\":\"https:\\\/\\\/www.lactissima.com\\\/a-tire-d-ailes\\\/?s={search_term_string}\"},\"query-input\":{\"@type\":\"PropertyValueSpecification\",\"valueRequired\":true,\"valueName\":\"search_term_string\"}}],\"inLanguage\":\"fr-FR\"},{\"@type\":\"Person\",\"@id\":\"https:\\\/\\\/www.lactissima.com\\\/a-tire-d-ailes\\\/#\\\/schema\\\/person\\\/8f98d3a89530861bc1240e6d53d44eed\",\"name\":\"V\u00e9ronique Darmangeat\",\"image\":{\"@type\":\"ImageObject\",\"inLanguage\":\"fr-FR\",\"@id\":\"https:\\\/\\\/secure.gravatar.com\\\/avatar\\\/268c99344c89cebfe4f5df5fa8be43068a18884fc76a29f3206fae98465b9cab?s=96&d=identicon&r=g\",\"url\":\"https:\\\/\\\/secure.gravatar.com\\\/avatar\\\/268c99344c89cebfe4f5df5fa8be43068a18884fc76a29f3206fae98465b9cab?s=96&d=identicon&r=g\",\"contentUrl\":\"https:\\\/\\\/secure.gravatar.com\\\/avatar\\\/268c99344c89cebfe4f5df5fa8be43068a18884fc76a29f3206fae98465b9cab?s=96&d=identicon&r=g\",\"caption\":\"V\u00e9ronique Darmangeat\"},\"sameAs\":[\"https:\\\/\\\/www.lactissima.com\\\/a-tire-d-ailes\",\"www.facebook.com\\\/consultante.en.lactation\"]}]}<\/script>\n<!-- \/ Yoast SEO plugin. -->","yoast_head_json":{"title":"Allaiter et travailler : le t\u00e9moignage d'Anne","description":"Anne est m\u00e9decin g\u00e9n\u00e9raliste. Elle a poursuivi l'allaitement \u00e0 la reprise du travail pour ses deux enfants selon des modalit\u00e9s variables.","robots":{"index":"index","follow":"follow","max-snippet":"max-snippet:-1","max-image-preview":"max-image-preview:large","max-video-preview":"max-video-preview:-1"},"canonical":"https:\/\/www.lactissima.com\/a-tire-d-ailes\/allaiter-et-travailler-le-temoignage-danne-2\/","og_locale":"fr_FR","og_type":"article","og_title":"Allaiter et travailler : le t\u00e9moignage d'Anne","og_description":"Anne est m\u00e9decin g\u00e9n\u00e9raliste. Elle a poursuivi l'allaitement \u00e0 la reprise du travail pour ses deux enfants selon des modalit\u00e9s variables.","og_url":"https:\/\/www.lactissima.com\/a-tire-d-ailes\/allaiter-et-travailler-le-temoignage-danne-2\/","og_site_name":"A tire d&#039;Ailes","article_publisher":"https:\/\/www.facebook.com\/consultante.en.lactation","article_author":"www.facebook.com\/consultante.en.lactation","article_published_time":"2015-01-22T13:51:41+00:00","og_image":[{"width":240,"height":374,"url":"https:\/\/www.lactissima.com\/a-tire-d-ailes\/wp-content\/uploads\/2015\/01\/anne.jpg","type":"image\/jpeg"}],"author":"V\u00e9ronique Darmangeat","twitter_card":"summary_large_image","twitter_creator":"@VeroniqueIBCLC","twitter_site":"@VeroniqueIBCLC","twitter_misc":{"\u00c9crit par":"V\u00e9ronique Darmangeat","Dur\u00e9e de lecture estim\u00e9e":"6 minutes"},"schema":{"@context":"https:\/\/schema.org","@graph":[{"@type":"Article","@id":"https:\/\/www.lactissima.com\/a-tire-d-ailes\/allaiter-et-travailler-le-temoignage-danne-2\/#article","isPartOf":{"@id":"https:\/\/www.lactissima.com\/a-tire-d-ailes\/allaiter-et-travailler-le-temoignage-danne-2\/"},"author":{"name":"V\u00e9ronique Darmangeat","@id":"https:\/\/www.lactissima.com\/a-tire-d-ailes\/#\/schema\/person\/8f98d3a89530861bc1240e6d53d44eed"},"headline":"Allaiter et travailler : le t\u00e9moignage d&rsquo;Anne","datePublished":"2015-01-22T13:51:41+00:00","mainEntityOfPage":{"@id":"https:\/\/www.lactissima.com\/a-tire-d-ailes\/allaiter-et-travailler-le-temoignage-danne-2\/"},"wordCount":1229,"commentCount":10,"image":{"@id":"https:\/\/www.lactissima.com\/a-tire-d-ailes\/allaiter-et-travailler-le-temoignage-danne-2\/#primaryimage"},"thumbnailUrl":"https:\/\/www.lactissima.com\/a-tire-d-ailes\/wp-content\/uploads\/2015\/01\/anne.jpg","keywords":["Allaitement et Travail"],"articleSection":["t\u00e9moignages"],"inLanguage":"fr-FR","potentialAction":[{"@type":"CommentAction","name":"Comment","target":["https:\/\/www.lactissima.com\/a-tire-d-ailes\/allaiter-et-travailler-le-temoignage-danne-2\/#respond"]}]},{"@type":"WebPage","@id":"https:\/\/www.lactissima.com\/a-tire-d-ailes\/allaiter-et-travailler-le-temoignage-danne-2\/","url":"https:\/\/www.lactissima.com\/a-tire-d-ailes\/allaiter-et-travailler-le-temoignage-danne-2\/","name":"Allaiter et travailler : le t\u00e9moignage d'Anne","isPartOf":{"@id":"https:\/\/www.lactissima.com\/a-tire-d-ailes\/#website"},"primaryImageOfPage":{"@id":"https:\/\/www.lactissima.com\/a-tire-d-ailes\/allaiter-et-travailler-le-temoignage-danne-2\/#primaryimage"},"image":{"@id":"https:\/\/www.lactissima.com\/a-tire-d-ailes\/allaiter-et-travailler-le-temoignage-danne-2\/#primaryimage"},"thumbnailUrl":"https:\/\/www.lactissima.com\/a-tire-d-ailes\/wp-content\/uploads\/2015\/01\/anne.jpg","datePublished":"2015-01-22T13:51:41+00:00","author":{"@id":"https:\/\/www.lactissima.com\/a-tire-d-ailes\/#\/schema\/person\/8f98d3a89530861bc1240e6d53d44eed"},"description":"Anne est m\u00e9decin g\u00e9n\u00e9raliste. Elle a poursuivi l'allaitement \u00e0 la reprise du travail pour ses deux enfants selon des modalit\u00e9s variables.","breadcrumb":{"@id":"https:\/\/www.lactissima.com\/a-tire-d-ailes\/allaiter-et-travailler-le-temoignage-danne-2\/#breadcrumb"},"inLanguage":"fr-FR","potentialAction":[{"@type":"ReadAction","target":["https:\/\/www.lactissima.com\/a-tire-d-ailes\/allaiter-et-travailler-le-temoignage-danne-2\/"]}]},{"@type":"ImageObject","inLanguage":"fr-FR","@id":"https:\/\/www.lactissima.com\/a-tire-d-ailes\/allaiter-et-travailler-le-temoignage-danne-2\/#primaryimage","url":"https:\/\/www.lactissima.com\/a-tire-d-ailes\/wp-content\/uploads\/2015\/01\/anne.jpg","contentUrl":"https:\/\/www.lactissima.com\/a-tire-d-ailes\/wp-content\/uploads\/2015\/01\/anne.jpg","width":240,"height":374,"caption":"allaitement et travail"},{"@type":"BreadcrumbList","@id":"https:\/\/www.lactissima.com\/a-tire-d-ailes\/allaiter-et-travailler-le-temoignage-danne-2\/#breadcrumb","itemListElement":[{"@type":"ListItem","position":1,"name":"Accueil","item":"https:\/\/www.lactissima.com\/a-tire-d-ailes\/"},{"@type":"ListItem","position":2,"name":"Allaiter et travailler : le t\u00e9moignage d&rsquo;Anne"}]},{"@type":"WebSite","@id":"https:\/\/www.lactissima.com\/a-tire-d-ailes\/#website","url":"https:\/\/www.lactissima.com\/a-tire-d-ailes\/","name":"A tire d&#039;Ailes","description":"Le blog des femmes qui allaitent et travaillent.","potentialAction":[{"@type":"SearchAction","target":{"@type":"EntryPoint","urlTemplate":"https:\/\/www.lactissima.com\/a-tire-d-ailes\/?s={search_term_string}"},"query-input":{"@type":"PropertyValueSpecification","valueRequired":true,"valueName":"search_term_string"}}],"inLanguage":"fr-FR"},{"@type":"Person","@id":"https:\/\/www.lactissima.com\/a-tire-d-ailes\/#\/schema\/person\/8f98d3a89530861bc1240e6d53d44eed","name":"V\u00e9ronique Darmangeat","image":{"@type":"ImageObject","inLanguage":"fr-FR","@id":"https:\/\/secure.gravatar.com\/avatar\/268c99344c89cebfe4f5df5fa8be43068a18884fc76a29f3206fae98465b9cab?s=96&d=identicon&r=g","url":"https:\/\/secure.gravatar.com\/avatar\/268c99344c89cebfe4f5df5fa8be43068a18884fc76a29f3206fae98465b9cab?s=96&d=identicon&r=g","contentUrl":"https:\/\/secure.gravatar.com\/avatar\/268c99344c89cebfe4f5df5fa8be43068a18884fc76a29f3206fae98465b9cab?s=96&d=identicon&r=g","caption":"V\u00e9ronique Darmangeat"},"sameAs":["https:\/\/www.lactissima.com\/a-tire-d-ailes","www.facebook.com\/consultante.en.lactation"]}]}},"_links":{"self":[{"href":"https:\/\/www.lactissima.com\/a-tire-d-ailes\/wp-json\/wp\/v2\/posts\/6121","targetHints":{"allow":["GET"]}}],"collection":[{"href":"https:\/\/www.lactissima.com\/a-tire-d-ailes\/wp-json\/wp\/v2\/posts"}],"about":[{"href":"https:\/\/www.lactissima.com\/a-tire-d-ailes\/wp-json\/wp\/v2\/types\/post"}],"author":[{"embeddable":true,"href":"https:\/\/www.lactissima.com\/a-tire-d-ailes\/wp-json\/wp\/v2\/users\/170"}],"replies":[{"embeddable":true,"href":"https:\/\/www.lactissima.com\/a-tire-d-ailes\/wp-json\/wp\/v2\/comments?post=6121"}],"version-history":[{"count":3,"href":"https:\/\/www.lactissima.com\/a-tire-d-ailes\/wp-json\/wp\/v2\/posts\/6121\/revisions"}],"predecessor-version":[{"id":6125,"href":"https:\/\/www.lactissima.com\/a-tire-d-ailes\/wp-json\/wp\/v2\/posts\/6121\/revisions\/6125"}],"wp:featuredmedia":[{"embeddable":true,"href":"https:\/\/www.lactissima.com\/a-tire-d-ailes\/wp-json\/wp\/v2\/media\/6123"}],"wp:attachment":[{"href":"https:\/\/www.lactissima.com\/a-tire-d-ailes\/wp-json\/wp\/v2\/media?parent=6121"}],"wp:term":[{"taxonomy":"category","embeddable":true,"href":"https:\/\/www.lactissima.com\/a-tire-d-ailes\/wp-json\/wp\/v2\/categories?post=6121"},{"taxonomy":"post_tag","embeddable":true,"href":"https:\/\/www.lactissima.com\/a-tire-d-ailes\/wp-json\/wp\/v2\/tags?post=6121"}],"curies":[{"name":"wp","href":"https:\/\/api.w.org\/{rel}","templated":true}]}}