{"id":5998,"date":"2014-11-13T08:47:48","date_gmt":"2014-11-13T07:47:48","guid":{"rendered":"https:\/\/www.lactissima.com\/a-tire-d-ailes\/?p=5998"},"modified":"2024-11-26T09:14:48","modified_gmt":"2024-11-26T08:14:48","slug":"revue-presse-da-tire-dailes-45","status":"publish","type":"post","link":"https:\/\/www.lactissima.com\/a-tire-d-ailes\/revue-presse-da-tire-dailes-45\/","title":{"rendered":"La revue de presse d&rsquo;A tire d&rsquo;Ailes (45)"},"content":{"rendered":"<p style=\"text-align: justify;\"><img loading=\"lazy\" decoding=\"async\" class=\"alignright size-full wp-image-3670\" src=\"https:\/\/www.lactissima.com\/a-tire-d-ailes\/wp-content\/uploads\/journal1.jpg\" alt=\"revues de presse allaitement\" width=\"231\" height=\"300\" \/>Voici l&rsquo;<strong>actualit\u00e9<\/strong> que j&rsquo;ai rep\u00e9r\u00e9e pour vous depuis un mois :<\/p>\n<p style=\"text-align: justify;\">&#8211; Sur le th\u00e8me <strong>allaitement et travail<\/strong> :<\/p>\n<ul style=\"text-align: justify;\">\n<li>Une bonne \u00e9mission des Maternelles sur France 5, le 31 octobre sur la <a href=\"http:\/\/www.france5.fr\/emissions\/les-maternelles\/videos\/NI_28117?onglet=tous&amp;page=1\" target=\"_blank\" rel=\"noopener noreferrer\">poursuite de l&rsquo;allaitement \u00e0 la reprise du travail<\/a>.<\/li>\n<li>Une enqu\u00eate de la COFAM \u00e0 laquelle je vous invite \u00e0 r\u00e9pondre, sur la conciliation entre allaitement et travail.<\/li>\n<\/ul>\n<p style=\"text-align: justify;\">&#8211; La th\u00e8se d&rsquo;un <strong>m\u00e9decin g\u00e9n\u00e9raliste<\/strong> sur les difficult\u00e9s rencontr\u00e9es lors de l&rsquo;allaitement, le soutien re\u00e7u et le r\u00f4le du m\u00e9decin g\u00e9n\u00e9raliste.<\/p>\n<p style=\"text-align: justify;\">&#8211; Les recommandations \u00e0 suivre pour l&rsquo;<a href=\"http:\/\/lactationmatters.org\/current-global-recommendations-regarding-breastfeeding-with-ebola-virus-for-mothers-and-infants\/\" target=\"_blank\" rel=\"noopener noreferrer\">allaitement lors de l&rsquo;\u00e9pid\u00e9mie d&rsquo;Ebola<\/a> (en anglais).<\/p>\n<p style=\"text-align: justify;\">&#8211; Une \u00e9tude sur les <a href=\"http:\/\/www.ncbi.nlm.nih.gov\/pubmed\/25381293\" target=\"_blank\" rel=\"noopener noreferrer\">freins de langue<\/a> chez les b\u00e9b\u00e9s allait\u00e9s (en anglais).<\/p>\n<p style=\"text-align: justify;\">&#8211; Un bon article d&rsquo;une coll\u00e8gue sur la <a href=\"http:\/\/www.milkandbaby.com\/blogs\/milk-baby\/18032527-is-nipple-confusion-real\" target=\"_blank\" rel=\"noopener noreferrer\">confusion sein-t\u00e9tine<\/a> (en anglais).<\/p>\n<p style=\"text-align: justify;\">&#8211; Un magnifique article sur la <strong>premi\u00e8re heure d&rsquo;un b\u00e9b\u00e9<\/strong> et le r\u00f4le de la premi\u00e8re t\u00e9t\u00e9e (en anglais).<\/p>\n<p style=\"text-align: justify;\">&#8211; Le coup de pouce d&rsquo;une consultante en lactation am\u00e9ricaine, v\u00e9t\u00e9ran d&rsquo;Afghanistan qui a poursuivi son allaitement m\u00eame en mission en guerre (en anglais).<\/p>\n<p style=\"text-align: justify;\">&#8211; Une \u00e9tude qui montre que l&rsquo;enfant acquiert son <strong>horloge biologique<\/strong> gr\u00e2ce \u00e0 l&rsquo;alimentation maternelle pendant la p\u00e9riode p\u00e9rinatale et au moment de l&rsquo;<a href=\"https:\/\/destinationsante.com\/notre-horloge-biologie-se-met-lheure-des-la-naissance.html?utm_medium=email&amp;utm_campaign=Destinationsantecom+31102014&amp;utm_content=Destinationsantecom+31102014+CID_dcfe43c724e0ac1ba368e7219d634c13&amp;utm_source=Emailing\" target=\"_blank\" rel=\"noopener noreferrer\">allaitement<\/a>.<\/p>\n<p style=\"text-align: justify;\"><strong>Rappel<\/strong> : vous pouvez traduire toutes les publications en anglais gr\u00e2ce \u00e0 Google et donc les lire \u00e0 peu pr\u00e8s correctement en fran\u00e7ais !<\/p>\n<p style=\"text-align: justify;\">Bonne <strong>lecture<\/strong> ! Et surtout, n&rsquo;h\u00e9sitez pas \u00e0 nous faire <strong>partager<\/strong> vos d\u00e9couvertes <\/p>\n<p style=\"text-align: justify;\"><strong>Articles en rapport : <\/strong><\/p>\n<p style=\"text-align: justify;\">Voir l&rsquo;onglet <a title=\"Revues de presse\" href=\"https:\/\/www.lactissima.com\/a-tire-d-ailes\/revues-de-presse\/\" target=\"_blank\" rel=\"noopener noreferrer\">Revues de presse<\/a>.<\/p>\n<p>&nbsp;<\/p>\n","protected":false},"excerpt":{"rendered":"<p>Voici l&rsquo;actualit\u00e9 que j&rsquo;ai rep\u00e9r\u00e9e pour vous depuis un mois : &#8211; Sur le th\u00e8me allaitement et travail : Une bonne \u00e9mission des Maternelles sur France 5, le 31 octobre sur la poursuite de l&rsquo;allaitement \u00e0 la reprise du travail. Une enqu\u00eate de la COFAM \u00e0 laquelle je vous invite \u00e0 r\u00e9pondre, sur la conciliation [&hellip;]<\/p>\n","protected":false},"author":170,"featured_media":3670,"comment_status":"open","ping_status":"open","sticky":false,"template":"","format":"standard","meta":{"_et_pb_use_builder":"","_et_pb_old_content":"","_et_gb_content_width":"","footnotes":""},"categories":[242],"tags":[680,644,645,642,195,643,646,641],"class_list":["post-5998","post","type-post","status-publish","format-standard","has-post-thumbnail","hentry","category-revue-de-presse","tag-allaitement","tag-allaitement-lors-de-lepidemie-debola","tag-conciliation-entre-allaitement-et-travail","tag-confusion-sein-tetine","tag-consultante-en-lactation","tag-freins-de-langue","tag-poursuite-de-lallaitement-a-la-reprise-du-travail","tag-premiere-tetee"],"yoast_head":"<!-- This site is optimized with the Yoast SEO plugin v27.4 - https:\/\/yoast.com\/product\/yoast-seo-wordpress\/ -->\n<title>La revue de presse d&#039;A tire d&#039;Ailes (45)<\/title>\n<meta name=\"description\" content=\"Une revue de presse vari\u00e9e avec des actualit\u00e9s sur allaitement et travail.\" \/>\n<meta name=\"robots\" content=\"index, follow, max-snippet:-1, max-image-preview:large, max-video-preview:-1\" \/>\n<link rel=\"canonical\" href=\"https:\/\/www.lactissima.com\/a-tire-d-ailes\/revue-presse-da-tire-dailes-45\/\" \/>\n<meta property=\"og:locale\" content=\"fr_FR\" \/>\n<meta property=\"og:type\" content=\"article\" \/>\n<meta property=\"og:title\" content=\"La revue de presse d&#039;A tire d&#039;Ailes (45)\" \/>\n<meta property=\"og:description\" content=\"Une revue de presse vari\u00e9e avec des actualit\u00e9s sur allaitement et travail.\" \/>\n<meta property=\"og:url\" content=\"https:\/\/www.lactissima.com\/a-tire-d-ailes\/revue-presse-da-tire-dailes-45\/\" \/>\n<meta property=\"og:site_name\" content=\"A tire d&#039;Ailes\" \/>\n<meta property=\"article:publisher\" content=\"https:\/\/www.facebook.com\/consultante.en.lactation\" \/>\n<meta property=\"article:author\" content=\"www.facebook.com\/consultante.en.lactation\" \/>\n<meta property=\"article:published_time\" content=\"2014-11-13T07:47:48+00:00\" \/>\n<meta property=\"article:modified_time\" content=\"2024-11-26T08:14:48+00:00\" \/>\n<meta property=\"og:image\" content=\"https:\/\/www.lactissima.com\/a-tire-d-ailes\/wp-content\/uploads\/journal1.jpg\" \/>\n\t<meta property=\"og:image:width\" content=\"231\" \/>\n\t<meta property=\"og:image:height\" content=\"300\" \/>\n\t<meta property=\"og:image:type\" content=\"image\/jpeg\" \/>\n<meta name=\"author\" content=\"V\u00e9ronique Darmangeat\" \/>\n<meta name=\"twitter:card\" content=\"summary_large_image\" \/>\n<meta name=\"twitter:creator\" content=\"@VeroniqueIBCLC\" \/>\n<meta name=\"twitter:site\" content=\"@VeroniqueIBCLC\" \/>\n<meta name=\"twitter:label1\" content=\"\u00c9crit par\" \/>\n\t<meta name=\"twitter:data1\" content=\"V\u00e9ronique Darmangeat\" \/>\n\t<meta name=\"twitter:label2\" content=\"Dur\u00e9e de lecture estim\u00e9e\" \/>\n\t<meta name=\"twitter:data2\" content=\"1 minute\" \/>\n<script type=\"application\/ld+json\" class=\"yoast-schema-graph\">{\"@context\":\"https:\\\/\\\/schema.org\",\"@graph\":[{\"@type\":\"Article\",\"@id\":\"https:\\\/\\\/www.lactissima.com\\\/a-tire-d-ailes\\\/revue-presse-da-tire-dailes-45\\\/#article\",\"isPartOf\":{\"@id\":\"https:\\\/\\\/www.lactissima.com\\\/a-tire-d-ailes\\\/revue-presse-da-tire-dailes-45\\\/\"},\"author\":{\"name\":\"V\u00e9ronique Darmangeat\",\"@id\":\"https:\\\/\\\/www.lactissima.com\\\/a-tire-d-ailes\\\/#\\\/schema\\\/person\\\/8f98d3a89530861bc1240e6d53d44eed\"},\"headline\":\"La revue de presse d&rsquo;A tire d&rsquo;Ailes (45)\",\"datePublished\":\"2014-11-13T07:47:48+00:00\",\"dateModified\":\"2024-11-26T08:14:48+00:00\",\"mainEntityOfPage\":{\"@id\":\"https:\\\/\\\/www.lactissima.com\\\/a-tire-d-ailes\\\/revue-presse-da-tire-dailes-45\\\/\"},\"wordCount\":284,\"commentCount\":12,\"image\":{\"@id\":\"https:\\\/\\\/www.lactissima.com\\\/a-tire-d-ailes\\\/revue-presse-da-tire-dailes-45\\\/#primaryimage\"},\"thumbnailUrl\":\"https:\\\/\\\/www.lactissima.com\\\/a-tire-d-ailes\\\/wp-content\\\/uploads\\\/journal1.jpg\",\"keywords\":[\"Allaitement\",\"allaitement lors de l'\u00e9pid\u00e9mie d'Ebola\",\"conciliation entre allaitement et travail\",\"confusion sein-t\u00e9tine\",\"consultante en lactation\",\"freins de langue\",\"poursuite de l'allaitement \u00e0 la reprise du travail\",\"premi\u00e8re t\u00e9t\u00e9e\"],\"articleSection\":[\"Revue de presse\"],\"inLanguage\":\"fr-FR\",\"potentialAction\":[{\"@type\":\"CommentAction\",\"name\":\"Comment\",\"target\":[\"https:\\\/\\\/www.lactissima.com\\\/a-tire-d-ailes\\\/revue-presse-da-tire-dailes-45\\\/#respond\"]}]},{\"@type\":\"WebPage\",\"@id\":\"https:\\\/\\\/www.lactissima.com\\\/a-tire-d-ailes\\\/revue-presse-da-tire-dailes-45\\\/\",\"url\":\"https:\\\/\\\/www.lactissima.com\\\/a-tire-d-ailes\\\/revue-presse-da-tire-dailes-45\\\/\",\"name\":\"La revue de presse d'A tire d'Ailes (45)\",\"isPartOf\":{\"@id\":\"https:\\\/\\\/www.lactissima.com\\\/a-tire-d-ailes\\\/#website\"},\"primaryImageOfPage\":{\"@id\":\"https:\\\/\\\/www.lactissima.com\\\/a-tire-d-ailes\\\/revue-presse-da-tire-dailes-45\\\/#primaryimage\"},\"image\":{\"@id\":\"https:\\\/\\\/www.lactissima.com\\\/a-tire-d-ailes\\\/revue-presse-da-tire-dailes-45\\\/#primaryimage\"},\"thumbnailUrl\":\"https:\\\/\\\/www.lactissima.com\\\/a-tire-d-ailes\\\/wp-content\\\/uploads\\\/journal1.jpg\",\"datePublished\":\"2014-11-13T07:47:48+00:00\",\"dateModified\":\"2024-11-26T08:14:48+00:00\",\"author\":{\"@id\":\"https:\\\/\\\/www.lactissima.com\\\/a-tire-d-ailes\\\/#\\\/schema\\\/person\\\/8f98d3a89530861bc1240e6d53d44eed\"},\"description\":\"Une revue de presse vari\u00e9e avec des actualit\u00e9s sur allaitement et travail.\",\"breadcrumb\":{\"@id\":\"https:\\\/\\\/www.lactissima.com\\\/a-tire-d-ailes\\\/revue-presse-da-tire-dailes-45\\\/#breadcrumb\"},\"inLanguage\":\"fr-FR\",\"potentialAction\":[{\"@type\":\"ReadAction\",\"target\":[\"https:\\\/\\\/www.lactissima.com\\\/a-tire-d-ailes\\\/revue-presse-da-tire-dailes-45\\\/\"]}]},{\"@type\":\"ImageObject\",\"inLanguage\":\"fr-FR\",\"@id\":\"https:\\\/\\\/www.lactissima.com\\\/a-tire-d-ailes\\\/revue-presse-da-tire-dailes-45\\\/#primaryimage\",\"url\":\"https:\\\/\\\/www.lactissima.com\\\/a-tire-d-ailes\\\/wp-content\\\/uploads\\\/journal1.jpg\",\"contentUrl\":\"https:\\\/\\\/www.lactissima.com\\\/a-tire-d-ailes\\\/wp-content\\\/uploads\\\/journal1.jpg\",\"width\":\"231\",\"height\":\"300\",\"caption\":\"revues de presse allaitement\"},{\"@type\":\"BreadcrumbList\",\"@id\":\"https:\\\/\\\/www.lactissima.com\\\/a-tire-d-ailes\\\/revue-presse-da-tire-dailes-45\\\/#breadcrumb\",\"itemListElement\":[{\"@type\":\"ListItem\",\"position\":1,\"name\":\"Accueil\",\"item\":\"https:\\\/\\\/www.lactissima.com\\\/a-tire-d-ailes\\\/\"},{\"@type\":\"ListItem\",\"position\":2,\"name\":\"La revue de presse d&rsquo;A tire d&rsquo;Ailes (45)\"}]},{\"@type\":\"WebSite\",\"@id\":\"https:\\\/\\\/www.lactissima.com\\\/a-tire-d-ailes\\\/#website\",\"url\":\"https:\\\/\\\/www.lactissima.com\\\/a-tire-d-ailes\\\/\",\"name\":\"A tire d&#039;Ailes\",\"description\":\"Le blog des femmes qui allaitent et travaillent.\",\"potentialAction\":[{\"@type\":\"SearchAction\",\"target\":{\"@type\":\"EntryPoint\",\"urlTemplate\":\"https:\\\/\\\/www.lactissima.com\\\/a-tire-d-ailes\\\/?s={search_term_string}\"},\"query-input\":{\"@type\":\"PropertyValueSpecification\",\"valueRequired\":true,\"valueName\":\"search_term_string\"}}],\"inLanguage\":\"fr-FR\"},{\"@type\":\"Person\",\"@id\":\"https:\\\/\\\/www.lactissima.com\\\/a-tire-d-ailes\\\/#\\\/schema\\\/person\\\/8f98d3a89530861bc1240e6d53d44eed\",\"name\":\"V\u00e9ronique Darmangeat\",\"image\":{\"@type\":\"ImageObject\",\"inLanguage\":\"fr-FR\",\"@id\":\"https:\\\/\\\/secure.gravatar.com\\\/avatar\\\/268c99344c89cebfe4f5df5fa8be43068a18884fc76a29f3206fae98465b9cab?s=96&d=identicon&r=g\",\"url\":\"https:\\\/\\\/secure.gravatar.com\\\/avatar\\\/268c99344c89cebfe4f5df5fa8be43068a18884fc76a29f3206fae98465b9cab?s=96&d=identicon&r=g\",\"contentUrl\":\"https:\\\/\\\/secure.gravatar.com\\\/avatar\\\/268c99344c89cebfe4f5df5fa8be43068a18884fc76a29f3206fae98465b9cab?s=96&d=identicon&r=g\",\"caption\":\"V\u00e9ronique Darmangeat\"},\"sameAs\":[\"https:\\\/\\\/www.lactissima.com\\\/a-tire-d-ailes\",\"www.facebook.com\\\/consultante.en.lactation\"]}]}<\/script>\n<!-- \/ Yoast SEO plugin. -->","yoast_head_json":{"title":"La revue de presse d'A tire d'Ailes (45)","description":"Une revue de presse vari\u00e9e avec des actualit\u00e9s sur allaitement et travail.","robots":{"index":"index","follow":"follow","max-snippet":"max-snippet:-1","max-image-preview":"max-image-preview:large","max-video-preview":"max-video-preview:-1"},"canonical":"https:\/\/www.lactissima.com\/a-tire-d-ailes\/revue-presse-da-tire-dailes-45\/","og_locale":"fr_FR","og_type":"article","og_title":"La revue de presse d'A tire d'Ailes (45)","og_description":"Une revue de presse vari\u00e9e avec des actualit\u00e9s sur allaitement et travail.","og_url":"https:\/\/www.lactissima.com\/a-tire-d-ailes\/revue-presse-da-tire-dailes-45\/","og_site_name":"A tire d&#039;Ailes","article_publisher":"https:\/\/www.facebook.com\/consultante.en.lactation","article_author":"www.facebook.com\/consultante.en.lactation","article_published_time":"2014-11-13T07:47:48+00:00","article_modified_time":"2024-11-26T08:14:48+00:00","og_image":[{"width":231,"height":300,"url":"https:\/\/www.lactissima.com\/a-tire-d-ailes\/wp-content\/uploads\/journal1.jpg","type":"image\/jpeg"}],"author":"V\u00e9ronique Darmangeat","twitter_card":"summary_large_image","twitter_creator":"@VeroniqueIBCLC","twitter_site":"@VeroniqueIBCLC","twitter_misc":{"\u00c9crit par":"V\u00e9ronique Darmangeat","Dur\u00e9e de lecture estim\u00e9e":"1 minute"},"schema":{"@context":"https:\/\/schema.org","@graph":[{"@type":"Article","@id":"https:\/\/www.lactissima.com\/a-tire-d-ailes\/revue-presse-da-tire-dailes-45\/#article","isPartOf":{"@id":"https:\/\/www.lactissima.com\/a-tire-d-ailes\/revue-presse-da-tire-dailes-45\/"},"author":{"name":"V\u00e9ronique Darmangeat","@id":"https:\/\/www.lactissima.com\/a-tire-d-ailes\/#\/schema\/person\/8f98d3a89530861bc1240e6d53d44eed"},"headline":"La revue de presse d&rsquo;A tire d&rsquo;Ailes (45)","datePublished":"2014-11-13T07:47:48+00:00","dateModified":"2024-11-26T08:14:48+00:00","mainEntityOfPage":{"@id":"https:\/\/www.lactissima.com\/a-tire-d-ailes\/revue-presse-da-tire-dailes-45\/"},"wordCount":284,"commentCount":12,"image":{"@id":"https:\/\/www.lactissima.com\/a-tire-d-ailes\/revue-presse-da-tire-dailes-45\/#primaryimage"},"thumbnailUrl":"https:\/\/www.lactissima.com\/a-tire-d-ailes\/wp-content\/uploads\/journal1.jpg","keywords":["Allaitement","allaitement lors de l'\u00e9pid\u00e9mie d'Ebola","conciliation entre allaitement et travail","confusion sein-t\u00e9tine","consultante en lactation","freins de langue","poursuite de l'allaitement \u00e0 la reprise du travail","premi\u00e8re t\u00e9t\u00e9e"],"articleSection":["Revue de presse"],"inLanguage":"fr-FR","potentialAction":[{"@type":"CommentAction","name":"Comment","target":["https:\/\/www.lactissima.com\/a-tire-d-ailes\/revue-presse-da-tire-dailes-45\/#respond"]}]},{"@type":"WebPage","@id":"https:\/\/www.lactissima.com\/a-tire-d-ailes\/revue-presse-da-tire-dailes-45\/","url":"https:\/\/www.lactissima.com\/a-tire-d-ailes\/revue-presse-da-tire-dailes-45\/","name":"La revue de presse d'A tire d'Ailes (45)","isPartOf":{"@id":"https:\/\/www.lactissima.com\/a-tire-d-ailes\/#website"},"primaryImageOfPage":{"@id":"https:\/\/www.lactissima.com\/a-tire-d-ailes\/revue-presse-da-tire-dailes-45\/#primaryimage"},"image":{"@id":"https:\/\/www.lactissima.com\/a-tire-d-ailes\/revue-presse-da-tire-dailes-45\/#primaryimage"},"thumbnailUrl":"https:\/\/www.lactissima.com\/a-tire-d-ailes\/wp-content\/uploads\/journal1.jpg","datePublished":"2014-11-13T07:47:48+00:00","dateModified":"2024-11-26T08:14:48+00:00","author":{"@id":"https:\/\/www.lactissima.com\/a-tire-d-ailes\/#\/schema\/person\/8f98d3a89530861bc1240e6d53d44eed"},"description":"Une revue de presse vari\u00e9e avec des actualit\u00e9s sur allaitement et travail.","breadcrumb":{"@id":"https:\/\/www.lactissima.com\/a-tire-d-ailes\/revue-presse-da-tire-dailes-45\/#breadcrumb"},"inLanguage":"fr-FR","potentialAction":[{"@type":"ReadAction","target":["https:\/\/www.lactissima.com\/a-tire-d-ailes\/revue-presse-da-tire-dailes-45\/"]}]},{"@type":"ImageObject","inLanguage":"fr-FR","@id":"https:\/\/www.lactissima.com\/a-tire-d-ailes\/revue-presse-da-tire-dailes-45\/#primaryimage","url":"https:\/\/www.lactissima.com\/a-tire-d-ailes\/wp-content\/uploads\/journal1.jpg","contentUrl":"https:\/\/www.lactissima.com\/a-tire-d-ailes\/wp-content\/uploads\/journal1.jpg","width":"231","height":"300","caption":"revues de presse allaitement"},{"@type":"BreadcrumbList","@id":"https:\/\/www.lactissima.com\/a-tire-d-ailes\/revue-presse-da-tire-dailes-45\/#breadcrumb","itemListElement":[{"@type":"ListItem","position":1,"name":"Accueil","item":"https:\/\/www.lactissima.com\/a-tire-d-ailes\/"},{"@type":"ListItem","position":2,"name":"La revue de presse d&rsquo;A tire d&rsquo;Ailes (45)"}]},{"@type":"WebSite","@id":"https:\/\/www.lactissima.com\/a-tire-d-ailes\/#website","url":"https:\/\/www.lactissima.com\/a-tire-d-ailes\/","name":"A tire d&#039;Ailes","description":"Le blog des femmes qui allaitent et travaillent.","potentialAction":[{"@type":"SearchAction","target":{"@type":"EntryPoint","urlTemplate":"https:\/\/www.lactissima.com\/a-tire-d-ailes\/?s={search_term_string}"},"query-input":{"@type":"PropertyValueSpecification","valueRequired":true,"valueName":"search_term_string"}}],"inLanguage":"fr-FR"},{"@type":"Person","@id":"https:\/\/www.lactissima.com\/a-tire-d-ailes\/#\/schema\/person\/8f98d3a89530861bc1240e6d53d44eed","name":"V\u00e9ronique Darmangeat","image":{"@type":"ImageObject","inLanguage":"fr-FR","@id":"https:\/\/secure.gravatar.com\/avatar\/268c99344c89cebfe4f5df5fa8be43068a18884fc76a29f3206fae98465b9cab?s=96&d=identicon&r=g","url":"https:\/\/secure.gravatar.com\/avatar\/268c99344c89cebfe4f5df5fa8be43068a18884fc76a29f3206fae98465b9cab?s=96&d=identicon&r=g","contentUrl":"https:\/\/secure.gravatar.com\/avatar\/268c99344c89cebfe4f5df5fa8be43068a18884fc76a29f3206fae98465b9cab?s=96&d=identicon&r=g","caption":"V\u00e9ronique Darmangeat"},"sameAs":["https:\/\/www.lactissima.com\/a-tire-d-ailes","www.facebook.com\/consultante.en.lactation"]}]}},"_links":{"self":[{"href":"https:\/\/www.lactissima.com\/a-tire-d-ailes\/wp-json\/wp\/v2\/posts\/5998","targetHints":{"allow":["GET"]}}],"collection":[{"href":"https:\/\/www.lactissima.com\/a-tire-d-ailes\/wp-json\/wp\/v2\/posts"}],"about":[{"href":"https:\/\/www.lactissima.com\/a-tire-d-ailes\/wp-json\/wp\/v2\/types\/post"}],"author":[{"embeddable":true,"href":"https:\/\/www.lactissima.com\/a-tire-d-ailes\/wp-json\/wp\/v2\/users\/170"}],"replies":[{"embeddable":true,"href":"https:\/\/www.lactissima.com\/a-tire-d-ailes\/wp-json\/wp\/v2\/comments?post=5998"}],"version-history":[{"count":6,"href":"https:\/\/www.lactissima.com\/a-tire-d-ailes\/wp-json\/wp\/v2\/posts\/5998\/revisions"}],"predecessor-version":[{"id":9620,"href":"https:\/\/www.lactissima.com\/a-tire-d-ailes\/wp-json\/wp\/v2\/posts\/5998\/revisions\/9620"}],"wp:featuredmedia":[{"embeddable":true,"href":"https:\/\/www.lactissima.com\/a-tire-d-ailes\/wp-json\/wp\/v2\/media\/3670"}],"wp:attachment":[{"href":"https:\/\/www.lactissima.com\/a-tire-d-ailes\/wp-json\/wp\/v2\/media?parent=5998"}],"wp:term":[{"taxonomy":"category","embeddable":true,"href":"https:\/\/www.lactissima.com\/a-tire-d-ailes\/wp-json\/wp\/v2\/categories?post=5998"},{"taxonomy":"post_tag","embeddable":true,"href":"https:\/\/www.lactissima.com\/a-tire-d-ailes\/wp-json\/wp\/v2\/tags?post=5998"}],"curies":[{"name":"wp","href":"https:\/\/api.w.org\/{rel}","templated":true}]}}